{"id":6516,"date":"2021-03-15T11:30:51","date_gmt":"2021-03-15T11:30:51","guid":{"rendered":"http:\/\/www.canariasviaja.com\/viajaresvivir\/?p=6516"},"modified":"2022-09-12T08:35:34","modified_gmt":"2022-09-12T08:35:34","slug":"gijon-un-paseo-al-compas-del-cantabrico","status":"publish","type":"post","link":"https:\/\/www.canariasviaja.com\/viajaresvivir\/gijon-un-paseo-al-compas-del-cantabrico\/","title":{"rendered":"Gij\u00f3n, un paseo al comp\u00e1s del Cant\u00e1brico"},"content":{"rendered":"\n<p><strong>Gij\u00f3n<\/strong> es mi debilidad, lo reconozco. <a href=\"https:\/\/www.canariasviaja.com\/viajaresvivir\/oviedo-una-ciudad-deliciosa\/\"><strong>Oviedo<\/strong><\/a> (con su catedral, sus callejuelas) y <strong>Avil\u00e9s<\/strong> (con su espectacular casco urbano) me encantan, me seducen\u2026 pero no hay caso, Gij\u00f3n tiene ese <em>algo <\/em>que la hace estar un paso por delante en mis preferencias.<\/p>\n\n\n\n<figure class=\"wp-block-image size-large\"><img loading=\"lazy\" decoding=\"async\" width=\"1000\" height=\"667\" src=\"http:\/\/www.canariasviaja.com\/viajaresvivir\/wp-content\/uploads\/2021\/03\/Gijo\u0301n-modernista.jpg\" alt=\"\" class=\"wp-image-6522\" srcset=\"https:\/\/www.canariasviaja.com\/viajaresvivir\/wp-content\/uploads\/2021\/03\/Gijo\u0301n-modernista.jpg 1000w, https:\/\/www.canariasviaja.com\/viajaresvivir\/wp-content\/uploads\/2021\/03\/Gijo\u0301n-modernista-300x200.jpg 300w, https:\/\/www.canariasviaja.com\/viajaresvivir\/wp-content\/uploads\/2021\/03\/Gijo\u0301n-modernista-768x512.jpg 768w\" sizes=\"(max-width: 1000px) 100vw, 1000px\" \/><figcaption>Gij\u00f3n modernista<\/figcaption><\/figure>\n\n\n\n<p>Como soy consciente de que el t\u00e9rmino <em>algo <\/em>es bastante ambiguo, voy a tratar de mostrar aquellos rasgos que hacen de esta ciudad costera de Asturias un sitio tan especial. Lo vamos a hacer a ritmo de<em> fl\u00e2neur<\/em>, de ese paseante urbano que <em>\u00abest\u00e1 como en su casa entre fachadas\u00bb<\/em>, como escribi\u00f3 Walter Benjamin en sus <em>Iluminaciones.<\/em><\/p>\n\n\n\n<div style=\"height:100px\" aria-hidden=\"true\" class=\"wp-block-spacer\"><\/div>\n\n\n\n<h3 class=\"wp-block-heading\"><strong>Un paseo por Gij\u00f3n<\/strong><\/h3>\n\n\n\n<figure class=\"wp-block-image size-large\"><img loading=\"lazy\" decoding=\"async\" width=\"1000\" height=\"667\" src=\"https:\/\/www.canariasviaja.com\/viajaresvivir\/wp-content\/uploads\/2021\/03\/Playa-de-San-Lorenzo.jpg\" alt=\"\" class=\"wp-image-6517\" srcset=\"https:\/\/www.canariasviaja.com\/viajaresvivir\/wp-content\/uploads\/2021\/03\/Playa-de-San-Lorenzo.jpg 1000w, https:\/\/www.canariasviaja.com\/viajaresvivir\/wp-content\/uploads\/2021\/03\/Playa-de-San-Lorenzo-300x200.jpg 300w, https:\/\/www.canariasviaja.com\/viajaresvivir\/wp-content\/uploads\/2021\/03\/Playa-de-San-Lorenzo-768x512.jpg 768w\" sizes=\"(max-width: 1000px) 100vw, 1000px\" \/><figcaption>Playa de San Lorenzo<\/figcaption><\/figure>\n\n\n\n<p>Caminar por Gij\u00f3n es como bailar un vals con el Cant\u00e1brico. El causante de este ritmo es un espacio que es, a la vez, escape y epicentro de la ciudad: la <strong>playa de San Lorenzo<\/strong>.<\/p>\n\n\n\n<p>La playa de San Lorenzo no ocupa el centro geogr\u00e1fico de Gij\u00f3n (este podr\u00eda ser, quiz\u00e1, el barrio de Cimavilla, del que hablar\u00e9 despu\u00e9s, o el <strong>teatro de Jovellanos<\/strong>, junto al luminoso Paseo de Bego\u00f1a) pero, es sin duda, la flauta de Hamelin que embruja a todos por igual, tanto locales como visitantes.<\/p>\n\n\n\n<figure class=\"wp-block-image size-large\"><img loading=\"lazy\" decoding=\"async\" width=\"1000\" height=\"667\" src=\"http:\/\/www.canariasviaja.com\/viajaresvivir\/wp-content\/uploads\/2021\/03\/Paseo-mari\u0301timo-de-Gijo\u0301n.jpg\" alt=\"Paseo mar\u00edtimo de Gij\u00f3n\" class=\"wp-image-6524\" srcset=\"https:\/\/www.canariasviaja.com\/viajaresvivir\/wp-content\/uploads\/2021\/03\/Paseo-mari\u0301timo-de-Gijo\u0301n.jpg 1000w, https:\/\/www.canariasviaja.com\/viajaresvivir\/wp-content\/uploads\/2021\/03\/Paseo-mari\u0301timo-de-Gijo\u0301n-300x200.jpg 300w, https:\/\/www.canariasviaja.com\/viajaresvivir\/wp-content\/uploads\/2021\/03\/Paseo-mari\u0301timo-de-Gijo\u0301n-768x512.jpg 768w\" sizes=\"(max-width: 1000px) 100vw, 1000px\" \/><figcaption>Paseo Mar\u00edtimo de Gij\u00f3n<\/figcaption><\/figure>\n\n\n\n<p>Con forma de media luna y un arenal que, en marea baja, se llena de paseantes y surferos, la playa de San Lorenzo es el eje de movimiento de todo el que quiera hacer una exploraci\u00f3n urbana de Gij\u00f3n. Si tomamos como origen de coordenadas <strong>La Escalerona<\/strong>, la m\u00e1s famosa de todas las escaleras que dan acceso a la playa y uno de los s\u00edmbolos de la ciudad, podremos tomar varias direcciones: hacia el este, el paseo mar\u00edtimo y la desembocadura del r\u00edo Piles; hacia el sur, el entramado del <strong>Gij\u00f3n m\u00e1s modernista<\/strong>; y hacia el oeste, el pasado m\u00e1s vetusto de la ciudad, el <strong>barrio de Cimavilla<\/strong>, nuestra siguiente parada.<\/p>\n\n\n\n<figure class=\"wp-block-image size-large\"><img loading=\"lazy\" decoding=\"async\" width=\"1000\" height=\"667\" src=\"http:\/\/www.canariasviaja.com\/viajaresvivir\/wp-content\/uploads\/2021\/03\/Barrio-de-Cimavilla-.jpg\" alt=\"Barrio de Cimavilla en Gij\u00f3n\" class=\"wp-image-6518\" srcset=\"https:\/\/www.canariasviaja.com\/viajaresvivir\/wp-content\/uploads\/2021\/03\/Barrio-de-Cimavilla-.jpg 1000w, https:\/\/www.canariasviaja.com\/viajaresvivir\/wp-content\/uploads\/2021\/03\/Barrio-de-Cimavilla--300x200.jpg 300w, https:\/\/www.canariasviaja.com\/viajaresvivir\/wp-content\/uploads\/2021\/03\/Barrio-de-Cimavilla--768x512.jpg 768w\" sizes=\"(max-width: 1000px) 100vw, 1000px\" \/><figcaption>Barrio de Cimavilla<\/figcaption><\/figure>\n\n\n\n<p>La peque\u00f1a pen\u00ednsula donde se ubica <strong>Cimavilla<\/strong> es la semilla de Gij\u00f3n. Aqu\u00ed es donde estuvo Gegionem, el asentamiento romano que tuvo lugar en esta zona en el I d.C.&nbsp;Los restos visibles de este pasado los encontramos en dos localizaciones: las <strong><a href=\"https:\/\/www.gijon.es\/es\/directorio\/museo-termas-romanas-de-campo-valdes\" target=\"_blank\" rel=\"noreferrer noopener\">Termas Romanas de Campo Vald\u00e9s<\/a><\/strong> y los peque\u00f1os <strong>restos de muralla<\/strong> que a\u00fan permanecen en pie junto a la <strong>Torre del Reloj<\/strong>. Tras su ocupaci\u00f3n romana, el espacio se fue transformando con el paso de los siglos: primero en residencia de marineros, pescaderas y cigarreras y, despu\u00e9s, a d\u00eda de hoy, en uno de los epicentros tur\u00edsticos y punto con m\u00e1s ambiente para salir de <strong>bares <\/strong>en la ciudad (de esto hablar\u00e9 luego).<\/p>\n\n\n\n<figure class=\"wp-block-image size-large\"><img loading=\"lazy\" decoding=\"async\" width=\"1000\" height=\"667\" src=\"http:\/\/www.canariasviaja.com\/viajaresvivir\/wp-content\/uploads\/2021\/03\/Termas-Romanas-de-Campo-Valde\u0301s.jpg\" alt=\"Termas Romanas de Campo Vald\u00e9s en Gij\u00f3n\" class=\"wp-image-6528\" srcset=\"https:\/\/www.canariasviaja.com\/viajaresvivir\/wp-content\/uploads\/2021\/03\/Termas-Romanas-de-Campo-Valde\u0301s.jpg 1000w, https:\/\/www.canariasviaja.com\/viajaresvivir\/wp-content\/uploads\/2021\/03\/Termas-Romanas-de-Campo-Valde\u0301s-300x200.jpg 300w, https:\/\/www.canariasviaja.com\/viajaresvivir\/wp-content\/uploads\/2021\/03\/Termas-Romanas-de-Campo-Valde\u0301s-768x512.jpg 768w\" sizes=\"(max-width: 1000px) 100vw, 1000px\" \/><figcaption>Termas Romanas de Campo Vald\u00e9s<\/figcaption><\/figure>\n\n\n\n<p>Si nos centramos en la arquitectura del barrio, encontramos lugares de gran inter\u00e9s como la <strong>Plaza Mayor<\/strong> y el edificio de la <strong>Antigua Pescader\u00eda<\/strong>; la <strong>iglesia de San Pedro<\/strong>, construida a mediados del siglo XX en estilo seudoprerrom\u00e1nico; la <strong><a href=\"https:\/\/www.gijon.es\/es\/directorio\/museo-casa-natal-de-jovellanos\" target=\"_blank\" rel=\"noreferrer noopener\">casa museo de Jovellanos<\/a><\/strong>; el deslumbrante <strong>palacio de Revillagigiedo<\/strong> o el conjunto urbano que se observa a lo largo de la calle Atocha y la plaza de la Soledad, donde se ubica la denominada <strong><a href=\"https:\/\/www2.gijon.es\/es\/directorio\/casa-del-chino\" target=\"_blank\" rel=\"noreferrer noopener\">Casa del Chino<\/a><\/strong>. Esta Casa es una de las grandes historias populares de Cimavilla: se trata de la antigua propiedad de un inmigrante chino que se hizo famoso por poner un taller de farolillos de papel y un bar donde serv\u00eda leche de pantera (leche con ginebra y sake).<\/p>\n\n\n\n<p>En lo alto de Cimavilla destaca un gran espacio verde, el <strong>cerro de Santa Catalina<\/strong>, donde se encuentra la <strong>bater\u00eda de Santa Catalina<\/strong>, un antiguo complejo militar artillero del siglo XVII. Al borde del cerro, gritando al mar con su enorme boca de cemento, se encuentra el que es, quiz\u00e1, el mayor s\u00edmbolo de la ciudad: el <a href=\"https:\/\/www.gijon.es\/es\/directorio\/elogio-del-horizonte\" target=\"_blank\" rel=\"noreferrer noopener\"><strong>Elogio del Horizonte<\/strong>,<\/a> la inmensa escultura de Eduardo Chillida, una ventana, un eco; un canto dedicado al mar, al infinito y al viento.<\/p>\n\n\n\n<figure class=\"wp-block-image size-large\"><img loading=\"lazy\" decoding=\"async\" width=\"1000\" height=\"667\" src=\"http:\/\/www.canariasviaja.com\/viajaresvivir\/wp-content\/uploads\/2021\/03\/Elogio-del-Horizonte.jpg\" alt=\"Elogio del horizonte de Eduardo Chillida en Gij\u00f3n\" class=\"wp-image-6519\" srcset=\"https:\/\/www.canariasviaja.com\/viajaresvivir\/wp-content\/uploads\/2021\/03\/Elogio-del-Horizonte.jpg 1000w, https:\/\/www.canariasviaja.com\/viajaresvivir\/wp-content\/uploads\/2021\/03\/Elogio-del-Horizonte-300x200.jpg 300w, https:\/\/www.canariasviaja.com\/viajaresvivir\/wp-content\/uploads\/2021\/03\/Elogio-del-Horizonte-768x512.jpg 768w\" sizes=\"(max-width: 1000px) 100vw, 1000px\" \/><figcaption>Elogio del Horizonte de Eduardo Chillida<\/figcaption><\/figure>\n\n\n\n<p>Si salimos del barrio por el pliegue contrario al que entramos a esta peque\u00f1a pen\u00ednsula, encontramos el <strong>N\u00e1utico<\/strong>, el puerto deportivo de la ciudad, donde se localizan tres <em>puntos Instagram<\/em>: el <strong>\u00c1rbol de la Sidra<\/strong>, una enorme escultura creada con botellas vac\u00edas; la <strong>Escalera del Rock<\/strong>, una escalera decorada al modo \u201cValpara\u00edso\u201d, y las famosas <strong>Letronas<\/strong>, las letras que forman el nombre de Gij\u00f3n.<\/p>\n\n\n\n<p>El paseo contin\u00faa y toca internarse en el laberinto urbano de Gij\u00f3n, donde centellean distintos <strong>estilos arquitect\u00f3nicos<\/strong> entre los que predomina el elegante corte <strong>modernista<\/strong>. As\u00ed encontramos fachadas que son aut\u00e9nticas virguer\u00edas estil\u00edsticas construidas a comienzos del siglo XX con el noble fin de convertir Gij\u00f3n en una de las villas m\u00e1s bonitas del Principado. Parece que el objetivo se consigui\u00f3 y con creces.<\/p>\n\n\n\n<figure class=\"wp-block-image size-large\"><img loading=\"lazy\" decoding=\"async\" width=\"1000\" height=\"667\" src=\"http:\/\/www.canariasviaja.com\/viajaresvivir\/wp-content\/uploads\/2021\/03\/Gijo\u0301n-modernista-2.jpg\" alt=\"\" class=\"wp-image-6521\" srcset=\"https:\/\/www.canariasviaja.com\/viajaresvivir\/wp-content\/uploads\/2021\/03\/Gijo\u0301n-modernista-2.jpg 1000w, https:\/\/www.canariasviaja.com\/viajaresvivir\/wp-content\/uploads\/2021\/03\/Gijo\u0301n-modernista-2-300x200.jpg 300w, https:\/\/www.canariasviaja.com\/viajaresvivir\/wp-content\/uploads\/2021\/03\/Gijo\u0301n-modernista-2-768x512.jpg 768w\" sizes=\"(max-width: 1000px) 100vw, 1000px\" \/><figcaption>Gij\u00f3n modernista<\/figcaption><\/figure>\n\n\n\n<div style=\"height:100px\" aria-hidden=\"true\" class=\"wp-block-spacer\"><\/div>\n\n\n\n<h3 class=\"wp-block-heading\"><strong>Comer en Gij\u00f3n<\/strong><\/h3>\n\n\n\n<p>Caminar cansa, y m\u00e1s a\u00fan cuando se realiza con la atenci\u00f3n constante que requieren ciudades como <strong>Gij\u00f3n<\/strong>, as\u00ed que es necesario recargar energ\u00edas. Y en eso, Gij\u00f3n (Asturias en general) va m\u00e1s que sobrada. Si se busca una <strong>sidrer\u00eda<\/strong>, ah\u00ed destacan cl\u00e1sicos como el <strong><a href=\"https:\/\/www.sidreriaelrequexu.es\/carta\" target=\"_blank\" rel=\"noreferrer noopener\">Requexu<\/a><\/strong>, <strong><a href=\"http:\/\/www.tierra-astur.com\/sidrerias-restaurantes-asturias\/oviedo-gijon-aviles\/inicio_10_1_ap.html\" target=\"_blank\" rel=\"noreferrer noopener\">Terra Astur<\/a><\/strong> (que se puede encontrar en otras localidades asturianas) o la peque\u00f1a y casera <strong><a href=\"https:\/\/www.tripadvisor.es\/Restaurant_Review-g187451-d10642715-Reviews-Sidreria_Canteli-Gijon_Asturias.html\" target=\"_blank\" rel=\"noreferrer noopener\">sidrer\u00eda Canteli<\/a><\/strong>, donde el pastel de cabracho, las croquetas, las fabes o los quesos (Asturias cuenta con \u00a142 variedades!) son los reyes de la fiesta.<\/p>\n\n\n\n<figure class=\"wp-block-image size-large\"><img loading=\"lazy\" decoding=\"async\" width=\"1000\" height=\"667\" src=\"http:\/\/www.canariasviaja.com\/viajaresvivir\/wp-content\/uploads\/2021\/03\/Restaurante-Ciudadela.jpg\" alt=\"Interior del restaurante La ciudadela en Gij\u00f3n\" class=\"wp-image-6527\" srcset=\"https:\/\/www.canariasviaja.com\/viajaresvivir\/wp-content\/uploads\/2021\/03\/Restaurante-Ciudadela.jpg 1000w, https:\/\/www.canariasviaja.com\/viajaresvivir\/wp-content\/uploads\/2021\/03\/Restaurante-Ciudadela-300x200.jpg 300w, https:\/\/www.canariasviaja.com\/viajaresvivir\/wp-content\/uploads\/2021\/03\/Restaurante-Ciudadela-768x512.jpg 768w\" sizes=\"(max-width: 1000px) 100vw, 1000px\" \/><figcaption>Interior del restaurante La Ciudadela<\/figcaption><\/figure>\n\n\n\n<p>Si se opta por una <strong>cocina m\u00e1s de vanguardia<\/strong>, para un momento especial, rom\u00e1ntico o, simplemente, para darse un homenaje, Gij\u00f3n cuenta tambi\u00e9n con restaurantes de gran nivel. Ah\u00ed destacan sus tres <strong>Estrellas Michel\u00edn<\/strong>, los restaurantes <strong><a href=\"https:\/\/restauranteauga.com\/\" target=\"_blank\" rel=\"noreferrer noopener\">Auga<\/a><\/strong>, <strong><a href=\"https:\/\/lasalgar.com\/\" target=\"_blank\" rel=\"noreferrer noopener\">La Salgar<\/a><\/strong> y <strong><a href=\"https:\/\/www.restaurantecasagerardo.es\/\" target=\"_blank\" rel=\"noreferrer noopener\">Casa Gerardo<\/a><\/strong>. Sin ser Estrella Michel\u00edn pero con un nivel de cocina que los har\u00eda merecedores de entrar en la famosa gu\u00eda culinaria, se encuentran el <strong><a href=\"https:\/\/www.zascandilgijon.es\/\" target=\"_blank\" rel=\"noreferrer noopener\">Zascandil<\/a><\/strong> y el <strong><a href=\"https:\/\/restauranteciudadela.com\/\" target=\"_blank\" rel=\"noreferrer noopener\">Ciudadela<\/a><\/strong> (con su espectacular interior en forma de cueva). Si se quiere probar algo totalmente distinto, uno de mis preferidos es el <strong><a href=\"https:\/\/www.tripadvisor.es\/Restaurant_Review-g187451-d15677462-Reviews-Okaeri-Gijon_Asturias.html\" target=\"_blank\" rel=\"noreferrer noopener\">Okaeri.<\/a><\/strong> Bajo la etiqueta de local <em>tea-food<\/em>, el Okaeri es un espacio donde se puede experimentar la ceremonia del t\u00e9 (realizada y explicada de forma exquisita por Cruz Navarro) y el maridaje de esta bebida con comida vegetariana.<\/p>\n\n\n\n<p>Tras este desfile de opciones culinarias es m\u00e1s que posible que se haya aniquilado cualquier signo de apetito. No obstante, si a\u00fan queda espacio, Gij\u00f3n guarda una \u00faltima sorpresa para los m\u00e1s golosos: <strong>sus pasteler\u00edas.<\/strong> Yo, ser lameruzo donde los haya, lo ignoraba totalmente cuando fui por primera vez, pero Gij\u00f3n tiene una <strong>gran tradici\u00f3n de producci\u00f3n pastelera<\/strong>. Sacando provecho de este potencial, la Oficina de Turismo de Gij\u00f3n sac\u00f3 un programa llamado <strong><a href=\"https:\/\/www.gijon.es\/es\/turismo\/gijon-goloso\" target=\"_blank\" rel=\"noreferrer noopener\">Gij\u00f3n Goloso<\/a><\/strong>, un bono con el que se pueden probar hasta 16 especialidades de 16 establecimientos de Gij\u00f3n entre confiter\u00edas y helader\u00edas (aqu\u00ed me permito una recomendaci\u00f3n: la hist\u00f3rica <strong><a href=\"https:\/\/www.tripadvisor.es\/Restaurant_Review-g187451-d10626471-Reviews-Heladeria_Islandia-Gijon_Asturias.html\" target=\"_blank\" rel=\"noreferrer noopener\">helader\u00eda Islandia<\/a><\/strong>, famosa por sus helados de sabores peculiares, como queso cabrales o sidra).<\/p>\n\n\n\n<figure class=\"wp-block-image size-large\"><img loading=\"lazy\" decoding=\"async\" width=\"1000\" height=\"667\" src=\"http:\/\/www.canariasviaja.com\/viajaresvivir\/wp-content\/uploads\/2021\/03\/Heladeri\u0301a-Islandia.jpg\" alt=\"Gij\u00f3n Modernista\" class=\"wp-image-6523\" srcset=\"https:\/\/www.canariasviaja.com\/viajaresvivir\/wp-content\/uploads\/2021\/03\/Heladeri\u0301a-Islandia.jpg 1000w, https:\/\/www.canariasviaja.com\/viajaresvivir\/wp-content\/uploads\/2021\/03\/Heladeri\u0301a-Islandia-300x200.jpg 300w, https:\/\/www.canariasviaja.com\/viajaresvivir\/wp-content\/uploads\/2021\/03\/Heladeri\u0301a-Islandia-768x512.jpg 768w\" sizes=\"(max-width: 1000px) 100vw, 1000px\" \/><figcaption>Helader\u00eda Islandia<\/figcaption><\/figure>\n\n\n\n<p>El paseo termina y, tras este deambular de m\u00e1s de mil palabras, solo puedo reafirmarme en lo que dije al principio: <strong>Gij\u00f3n es mi debilidad<\/strong> y, muy pronto, tambi\u00e9n ser\u00e1 la vuestra.<\/p>\n\n\n\n<div class=\"wp-block-buttons is-content-justification-center is-layout-flex wp-container-core-buttons-is-layout-1 wp-block-buttons-is-layout-flex\">\n<div class=\"wp-block-button\"><a class=\"wp-block-button__link\" href=\"https:\/\/bit.ly\/3sTlBfk\">\u00a1Descubre Gij\u00f3n!<\/a><\/div>\n<\/div>\n\n\n\n<div style=\"height:100px\" aria-hidden=\"true\" class=\"wp-block-spacer\"><\/div>\n\n\n\n<hr class=\"wp-block-separator has-css-opacity\"\/>\n\n\n\n<p>Dani Keral es un fisioterapeuta reconvertido a blogger, fotovide\u00f3grafo y escritor trashumante en 2015. Creador del proyecto de arte, viajes y creatividad&nbsp;<a href=\"http:\/\/unviajecreativo.com\" target=\"_blank\" rel=\"noreferrer noopener\">unviajecreativo.com<\/a> y colaborador en diversos medios como&nbsp;Cond\u00e9 Nast Traveler, Yorokobu y Revista Salvaje. Culo inquieto.<\/p>\n\n\n\n<div class=\"wp-block-buttons is-layout-flex wp-block-buttons-is-layout-flex\"><\/div>\n","protected":false},"excerpt":{"rendered":"<p>Gij\u00f3n es mi debilidad, lo reconozco. Oviedo (con su catedral, sus callejuelas) y Avil\u00e9s (con su espectacular casco urbano) me encantan, me seducen\u2026 pero no hay caso, Gij\u00f3n tiene ese algo que la hace estar un paso por delante en mis preferencias. Como soy consciente de que el t\u00e9rmino algo es bastante ambiguo, voy a tratar de mostrar aquellos rasgos &hellip;<\/p>\n","protected":false},"author":60,"featured_media":6530,"comment_status":"open","ping_status":"open","sticky":false,"template":"","format":"standard","meta":{"_acf_changed":false,"sfsi_plus_gutenberg_text_before_share":"","sfsi_plus_gutenberg_show_text_before_share":"","sfsi_plus_gutenberg_icon_type":"","sfsi_plus_gutenberg_icon_alignemt":"","sfsi_plus_gutenburg_max_per_row":"","footnotes":""},"categories":[626,124,123,10,100,11,126],"tags":[112,648,603,263,703,239,704],"class_list":["post-6516","post","type-post","status-publish","format-standard","has-post-thumbnail","hentry","category-asturias","category-descubre","category-explora","category-historias-viajeras","category-peninsulaybaleares","category-postales","category-saborea","tag-arqueologia","tag-arquitectura","tag-escapada-gastronomica","tag-escapada-urbana","tag-gijon","tag-playa","tag-romanos"],"acf":[],"yoast_head":"<!-- This site is optimized with the Yoast SEO plugin v24.1 - https:\/\/yoast.com\/wordpress\/plugins\/seo\/ -->\n<title>Gij\u00f3n, un paseo al comp\u00e1s del Cant\u00e1brico - Viajar es vivir<\/title>\n<meta name=\"description\" content=\"Gij\u00f3n es el rinc\u00f3n favorito de Asturias del bloguero de viajes Dani Keral. Hoy descubrimos esta ciudad de su mano.\" \/>\n<meta name=\"robots\" content=\"index, follow, max-snippet:-1, max-image-preview:large, max-video-preview:-1\" \/>\n<link rel=\"canonical\" href=\"https:\/\/www.canariasviaja.com\/viajaresvivir\/gijon-un-paseo-al-compas-del-cantabrico\/\" \/>\n<meta property=\"og:locale\" content=\"es_ES\" \/>\n<meta property=\"og:type\" content=\"article\" \/>\n<meta property=\"og:title\" content=\"Gij\u00f3n, un paseo al comp\u00e1s del Cant\u00e1brico - Viajar es vivir\" \/>\n<meta property=\"og:description\" content=\"Gij\u00f3n es el rinc\u00f3n favorito de Asturias del bloguero de viajes Dani Keral. Hoy descubrimos esta ciudad de su mano.\" \/>\n<meta property=\"og:url\" content=\"https:\/\/www.canariasviaja.com\/viajaresvivir\/gijon-un-paseo-al-compas-del-cantabrico\/\" \/>\n<meta property=\"og:site_name\" content=\"Viajar es vivir\" \/>\n<meta property=\"article:published_time\" content=\"2021-03-15T11:30:51+00:00\" \/>\n<meta property=\"article:modified_time\" content=\"2022-09-12T08:35:34+00:00\" \/>\n<meta property=\"og:image\" content=\"http:\/\/www.canariasviaja.com\/viajaresvivir\/wp-content\/uploads\/2021\/03\/Gijo\u0301n-amanecer-portada.jpg\" \/>\n\t<meta property=\"og:image:width\" content=\"1999\" \/>\n\t<meta property=\"og:image:height\" content=\"1333\" \/>\n\t<meta property=\"og:image:type\" content=\"image\/jpeg\" \/>\n<meta name=\"author\" content=\"Dani Keral\" \/>\n<meta name=\"twitter:card\" content=\"summary_large_image\" \/>\n<meta name=\"twitter:label1\" content=\"Escrito por\" \/>\n\t<meta name=\"twitter:data1\" content=\"Dani Keral\" \/>\n\t<meta name=\"twitter:label2\" content=\"Tiempo de lectura\" \/>\n\t<meta name=\"twitter:data2\" content=\"8 minutos\" \/>\n<script type=\"application\/ld+json\" class=\"yoast-schema-graph\">{\"@context\":\"https:\/\/schema.org\",\"@graph\":[{\"@type\":\"WebPage\",\"@id\":\"https:\/\/www.canariasviaja.com\/viajaresvivir\/gijon-un-paseo-al-compas-del-cantabrico\/\",\"url\":\"https:\/\/www.canariasviaja.com\/viajaresvivir\/gijon-un-paseo-al-compas-del-cantabrico\/\",\"name\":\"Gij\u00f3n, un paseo al comp\u00e1s del Cant\u00e1brico - Viajar es vivir\",\"isPartOf\":{\"@id\":\"https:\/\/www.canariasviaja.com\/viajaresvivir\/#website\"},\"primaryImageOfPage\":{\"@id\":\"https:\/\/www.canariasviaja.com\/viajaresvivir\/gijon-un-paseo-al-compas-del-cantabrico\/#primaryimage\"},\"image\":{\"@id\":\"https:\/\/www.canariasviaja.com\/viajaresvivir\/gijon-un-paseo-al-compas-del-cantabrico\/#primaryimage\"},\"thumbnailUrl\":\"https:\/\/www.canariasviaja.com\/viajaresvivir\/wp-content\/uploads\/2021\/03\/Gijo\u0301n-amanecer-portada.jpg\",\"datePublished\":\"2021-03-15T11:30:51+00:00\",\"dateModified\":\"2022-09-12T08:35:34+00:00\",\"author\":{\"@id\":\"https:\/\/www.canariasviaja.com\/viajaresvivir\/#\/schema\/person\/89d3cfc628b53c93d0afa067852066d0\"},\"description\":\"Gij\u00f3n es el rinc\u00f3n favorito de Asturias del bloguero de viajes Dani Keral. Hoy descubrimos esta ciudad de su mano.\",\"breadcrumb\":{\"@id\":\"https:\/\/www.canariasviaja.com\/viajaresvivir\/gijon-un-paseo-al-compas-del-cantabrico\/#breadcrumb\"},\"inLanguage\":\"es\",\"potentialAction\":[{\"@type\":\"ReadAction\",\"target\":[\"https:\/\/www.canariasviaja.com\/viajaresvivir\/gijon-un-paseo-al-compas-del-cantabrico\/\"]}]},{\"@type\":\"ImageObject\",\"inLanguage\":\"es\",\"@id\":\"https:\/\/www.canariasviaja.com\/viajaresvivir\/gijon-un-paseo-al-compas-del-cantabrico\/#primaryimage\",\"url\":\"https:\/\/www.canariasviaja.com\/viajaresvivir\/wp-content\/uploads\/2021\/03\/Gijo\u0301n-amanecer-portada.jpg\",\"contentUrl\":\"https:\/\/www.canariasviaja.com\/viajaresvivir\/wp-content\/uploads\/2021\/03\/Gijo\u0301n-amanecer-portada.jpg\",\"width\":1999,\"height\":1333,\"caption\":\"Gij\u00f3n al amanecer\"},{\"@type\":\"BreadcrumbList\",\"@id\":\"https:\/\/www.canariasviaja.com\/viajaresvivir\/gijon-un-paseo-al-compas-del-cantabrico\/#breadcrumb\",\"itemListElement\":[{\"@type\":\"ListItem\",\"position\":1,\"name\":\"Portada\",\"item\":\"https:\/\/www.canariasviaja.com\/viajaresvivir\/\"},{\"@type\":\"ListItem\",\"position\":2,\"name\":\"Gij\u00f3n, un paseo al comp\u00e1s del Cant\u00e1brico\"}]},{\"@type\":\"WebSite\",\"@id\":\"https:\/\/www.canariasviaja.com\/viajaresvivir\/#website\",\"url\":\"https:\/\/www.canariasviaja.com\/viajaresvivir\/\",\"name\":\"Viajar es vivir\",\"description\":\"El blog de viajes y estilo de vida de CanariasViaja\",\"potentialAction\":[{\"@type\":\"SearchAction\",\"target\":{\"@type\":\"EntryPoint\",\"urlTemplate\":\"https:\/\/www.canariasviaja.com\/viajaresvivir\/?s={search_term_string}\"},\"query-input\":{\"@type\":\"PropertyValueSpecification\",\"valueRequired\":true,\"valueName\":\"search_term_string\"}}],\"inLanguage\":\"es\"},{\"@type\":\"Person\",\"@id\":\"https:\/\/www.canariasviaja.com\/viajaresvivir\/#\/schema\/person\/89d3cfc628b53c93d0afa067852066d0\",\"name\":\"Dani Keral\",\"image\":{\"@type\":\"ImageObject\",\"inLanguage\":\"es\",\"@id\":\"https:\/\/www.canariasviaja.com\/viajaresvivir\/#\/schema\/person\/image\/\",\"url\":\"https:\/\/secure.gravatar.com\/avatar\/019f7ffc02ec3152d10a3ee2a6fdada6?s=96&d=mm&r=g\",\"contentUrl\":\"https:\/\/secure.gravatar.com\/avatar\/019f7ffc02ec3152d10a3ee2a6fdada6?s=96&d=mm&r=g\",\"caption\":\"Dani Keral\"},\"url\":\"https:\/\/www.canariasviaja.com\/viajaresvivir\/author\/dani-keral\/\"}]}<\/script>\n<!-- \/ Yoast SEO plugin. -->","yoast_head_json":{"title":"Gij\u00f3n, un paseo al comp\u00e1s del Cant\u00e1brico - Viajar es vivir","description":"Gij\u00f3n es el rinc\u00f3n favorito de Asturias del bloguero de viajes Dani Keral. Hoy descubrimos esta ciudad de su mano.","robots":{"index":"index","follow":"follow","max-snippet":"max-snippet:-1","max-image-preview":"max-image-preview:large","max-video-preview":"max-video-preview:-1"},"canonical":"https:\/\/www.canariasviaja.com\/viajaresvivir\/gijon-un-paseo-al-compas-del-cantabrico\/","og_locale":"es_ES","og_type":"article","og_title":"Gij\u00f3n, un paseo al comp\u00e1s del Cant\u00e1brico - Viajar es vivir","og_description":"Gij\u00f3n es el rinc\u00f3n favorito de Asturias del bloguero de viajes Dani Keral. Hoy descubrimos esta ciudad de su mano.","og_url":"https:\/\/www.canariasviaja.com\/viajaresvivir\/gijon-un-paseo-al-compas-del-cantabrico\/","og_site_name":"Viajar es vivir","article_published_time":"2021-03-15T11:30:51+00:00","article_modified_time":"2022-09-12T08:35:34+00:00","og_image":[{"width":1999,"height":1333,"url":"http:\/\/www.canariasviaja.com\/viajaresvivir\/wp-content\/uploads\/2021\/03\/Gijo\u0301n-amanecer-portada.jpg","type":"image\/jpeg"}],"author":"Dani Keral","twitter_card":"summary_large_image","twitter_misc":{"Escrito por":"Dani Keral","Tiempo de lectura":"8 minutos"},"schema":{"@context":"https:\/\/schema.org","@graph":[{"@type":"WebPage","@id":"https:\/\/www.canariasviaja.com\/viajaresvivir\/gijon-un-paseo-al-compas-del-cantabrico\/","url":"https:\/\/www.canariasviaja.com\/viajaresvivir\/gijon-un-paseo-al-compas-del-cantabrico\/","name":"Gij\u00f3n, un paseo al comp\u00e1s del Cant\u00e1brico - Viajar es vivir","isPartOf":{"@id":"https:\/\/www.canariasviaja.com\/viajaresvivir\/#website"},"primaryImageOfPage":{"@id":"https:\/\/www.canariasviaja.com\/viajaresvivir\/gijon-un-paseo-al-compas-del-cantabrico\/#primaryimage"},"image":{"@id":"https:\/\/www.canariasviaja.com\/viajaresvivir\/gijon-un-paseo-al-compas-del-cantabrico\/#primaryimage"},"thumbnailUrl":"https:\/\/www.canariasviaja.com\/viajaresvivir\/wp-content\/uploads\/2021\/03\/Gijo\u0301n-amanecer-portada.jpg","datePublished":"2021-03-15T11:30:51+00:00","dateModified":"2022-09-12T08:35:34+00:00","author":{"@id":"https:\/\/www.canariasviaja.com\/viajaresvivir\/#\/schema\/person\/89d3cfc628b53c93d0afa067852066d0"},"description":"Gij\u00f3n es el rinc\u00f3n favorito de Asturias del bloguero de viajes Dani Keral. Hoy descubrimos esta ciudad de su mano.","breadcrumb":{"@id":"https:\/\/www.canariasviaja.com\/viajaresvivir\/gijon-un-paseo-al-compas-del-cantabrico\/#breadcrumb"},"inLanguage":"es","potentialAction":[{"@type":"ReadAction","target":["https:\/\/www.canariasviaja.com\/viajaresvivir\/gijon-un-paseo-al-compas-del-cantabrico\/"]}]},{"@type":"ImageObject","inLanguage":"es","@id":"https:\/\/www.canariasviaja.com\/viajaresvivir\/gijon-un-paseo-al-compas-del-cantabrico\/#primaryimage","url":"https:\/\/www.canariasviaja.com\/viajaresvivir\/wp-content\/uploads\/2021\/03\/Gijo\u0301n-amanecer-portada.jpg","contentUrl":"https:\/\/www.canariasviaja.com\/viajaresvivir\/wp-content\/uploads\/2021\/03\/Gijo\u0301n-amanecer-portada.jpg","width":1999,"height":1333,"caption":"Gij\u00f3n al amanecer"},{"@type":"BreadcrumbList","@id":"https:\/\/www.canariasviaja.com\/viajaresvivir\/gijon-un-paseo-al-compas-del-cantabrico\/#breadcrumb","itemListElement":[{"@type":"ListItem","position":1,"name":"Portada","item":"https:\/\/www.canariasviaja.com\/viajaresvivir\/"},{"@type":"ListItem","position":2,"name":"Gij\u00f3n, un paseo al comp\u00e1s del Cant\u00e1brico"}]},{"@type":"WebSite","@id":"https:\/\/www.canariasviaja.com\/viajaresvivir\/#website","url":"https:\/\/www.canariasviaja.com\/viajaresvivir\/","name":"Viajar es vivir","description":"El blog de viajes y estilo de vida de CanariasViaja","potentialAction":[{"@type":"SearchAction","target":{"@type":"EntryPoint","urlTemplate":"https:\/\/www.canariasviaja.com\/viajaresvivir\/?s={search_term_string}"},"query-input":{"@type":"PropertyValueSpecification","valueRequired":true,"valueName":"search_term_string"}}],"inLanguage":"es"},{"@type":"Person","@id":"https:\/\/www.canariasviaja.com\/viajaresvivir\/#\/schema\/person\/89d3cfc628b53c93d0afa067852066d0","name":"Dani Keral","image":{"@type":"ImageObject","inLanguage":"es","@id":"https:\/\/www.canariasviaja.com\/viajaresvivir\/#\/schema\/person\/image\/","url":"https:\/\/secure.gravatar.com\/avatar\/019f7ffc02ec3152d10a3ee2a6fdada6?s=96&d=mm&r=g","contentUrl":"https:\/\/secure.gravatar.com\/avatar\/019f7ffc02ec3152d10a3ee2a6fdada6?s=96&d=mm&r=g","caption":"Dani Keral"},"url":"https:\/\/www.canariasviaja.com\/viajaresvivir\/author\/dani-keral\/"}]}},"_links":{"self":[{"href":"https:\/\/www.canariasviaja.com\/viajaresvivir\/wp-json\/wp\/v2\/posts\/6516"}],"collection":[{"href":"https:\/\/www.canariasviaja.com\/viajaresvivir\/wp-json\/wp\/v2\/posts"}],"about":[{"href":"https:\/\/www.canariasviaja.com\/viajaresvivir\/wp-json\/wp\/v2\/types\/post"}],"author":[{"embeddable":true,"href":"https:\/\/www.canariasviaja.com\/viajaresvivir\/wp-json\/wp\/v2\/users\/60"}],"replies":[{"embeddable":true,"href":"https:\/\/www.canariasviaja.com\/viajaresvivir\/wp-json\/wp\/v2\/comments?post=6516"}],"version-history":[{"count":8,"href":"https:\/\/www.canariasviaja.com\/viajaresvivir\/wp-json\/wp\/v2\/posts\/6516\/revisions"}],"predecessor-version":[{"id":10479,"href":"https:\/\/www.canariasviaja.com\/viajaresvivir\/wp-json\/wp\/v2\/posts\/6516\/revisions\/10479"}],"wp:featuredmedia":[{"embeddable":true,"href":"https:\/\/www.canariasviaja.com\/viajaresvivir\/wp-json\/wp\/v2\/media\/6530"}],"wp:attachment":[{"href":"https:\/\/www.canariasviaja.com\/viajaresvivir\/wp-json\/wp\/v2\/media?parent=6516"}],"wp:term":[{"taxonomy":"category","embeddable":true,"href":"https:\/\/www.canariasviaja.com\/viajaresvivir\/wp-json\/wp\/v2\/categories?post=6516"},{"taxonomy":"post_tag","embeddable":true,"href":"https:\/\/www.canariasviaja.com\/viajaresvivir\/wp-json\/wp\/v2\/tags?post=6516"}],"curies":[{"name":"wp","href":"https:\/\/api.w.org\/{rel}","templated":true}]}}