{"id":6568,"date":"2023-03-16T12:13:00","date_gmt":"2023-03-16T12:13:00","guid":{"rendered":"http:\/\/www.canariasviaja.com\/viajaresvivir\/?p=6568"},"modified":"2024-03-31T19:33:02","modified_gmt":"2024-03-31T19:33:02","slug":"viajar-con-ninos-en-canarias","status":"publish","type":"post","link":"https:\/\/www.canariasviaja.com\/viajaresvivir\/viajar-con-ninos-en-canarias\/","title":{"rendered":"Planes para viajar con ni\u00f1os en Canarias"},"content":{"rendered":"\n<p><strong>Viajar con tus hijos<\/strong> puede ser una experiencia muy gratificante ya que permite crear recuerdos compartidos, descubrir juntos cosas nuevas, tener tiempo para escucharles y conocerles mejor, sorprenderles con nuevos sabores, acercarles a otras realidades, estar m\u00e1s presentes\u2026 &nbsp;<\/p>\n\n\n\n<p>Ya sean <strong>ni\u00f1os o adolescentes,<\/strong> compartir momentos fuera de casa con ellos les har\u00e1 sentirse m\u00e1s c\u00f3mplices.<\/p>\n\n\n\n<div style=\"height:100px\" aria-hidden=\"true\" class=\"wp-block-spacer\"><\/div>\n\n\n\n<h3 class=\"wp-block-heading\"><strong>Beneficios de viajar con ni\u00f1os<\/strong><\/h3>\n\n\n\n<p><strong>Viajar <\/strong>es una actividad enriquecedora para los m\u00e1s peque\u00f1os de la casa. No s\u00f3lo por el hecho de compartir tiempo de calidad con sus padres, sino por todo lo que les aporta salir de su entorno habitual y tener que adaptarse a situaciones o lugares desconocidos.<\/p>\n\n\n\n<p>Pasar unos d\u00edas juntos fuera de casa, en otro entorno,&nbsp; tiene muchos <strong>beneficios:<\/strong><\/p>\n\n\n\n<ul class=\"wp-block-list\">\n<li>Les hace <strong>m\u00e1s tolerantes<\/strong> ante otras formas de vida.<\/li>\n<\/ul>\n\n\n\n<ul class=\"wp-block-list\">\n<li>Aprenden a ser <strong>m\u00e1s flexibles<\/strong> y a adaptarse a&nbsp; los cambios.<\/li>\n<\/ul>\n\n\n\n<ul class=\"wp-block-list\">\n<li>Les ense\u00f1a a <strong>disfrutar de los peque\u00f1os placeres de la vida<\/strong>: un amanecer, contemplar un paisaje, una buena comida\u2026<\/li>\n<\/ul>\n\n\n\n<ul class=\"wp-block-list\">\n<li>Est\u00e1n <strong>m\u00e1s receptivos<\/strong> a probar nuevos sabores.<\/li>\n<\/ul>\n\n\n\n<ul class=\"wp-block-list\">\n<li>Les ayuda a apreciar que <strong>hay vida m\u00e1s all\u00e1 de las pantallas<\/strong>.<\/li>\n<\/ul>\n\n\n\n<ul class=\"wp-block-list\">\n<li>Adquieren y consolidan <strong>conocimientos.<\/strong><\/li>\n<\/ul>\n\n\n\n<ul class=\"wp-block-list\">\n<li>Se vuelven <strong>m\u00e1s aut\u00f3nomos<\/strong>.<\/li>\n<\/ul>\n\n\n\n<ul class=\"wp-block-list\">\n<li>Cogen <strong>perspectiva.<\/strong><\/li>\n<\/ul>\n\n\n\n<ul class=\"wp-block-list\">\n<li>Se atreven a <strong>salir de su zona de confort<\/strong>.<\/li>\n<\/ul>\n\n\n\n<ul class=\"wp-block-list\">\n<li>Aprenden a vivir con <strong>m\u00e1s presencia<\/strong>.<\/li>\n<\/ul>\n\n\n\n<ul class=\"wp-block-list\">\n<li>Fortalece las <strong>relaciones familiares.<\/strong><\/li>\n<\/ul>\n\n\n\n<div style=\"height:100px\" aria-hidden=\"true\" class=\"wp-block-spacer\"><\/div>\n\n\n\n<h3 class=\"wp-block-heading\"><strong>El mejor regalo, tiempo juntos<\/strong><\/h3>\n\n\n\n<figure class=\"wp-block-image size-large\"><img loading=\"lazy\" decoding=\"async\" width=\"1024\" height=\"684\" src=\"https:\/\/www.canariasviaja.com\/viajaresvivir\/wp-content\/uploads\/2021\/03\/Famara-verano-2018-2-de-21.jpg\" alt=\"\" class=\"wp-image-6569\" srcset=\"https:\/\/www.canariasviaja.com\/viajaresvivir\/wp-content\/uploads\/2021\/03\/Famara-verano-2018-2-de-21.jpg 1024w, https:\/\/www.canariasviaja.com\/viajaresvivir\/wp-content\/uploads\/2021\/03\/Famara-verano-2018-2-de-21-300x200.jpg 300w, https:\/\/www.canariasviaja.com\/viajaresvivir\/wp-content\/uploads\/2021\/03\/Famara-verano-2018-2-de-21-768x513.jpg 768w\" sizes=\"(max-width: 1024px) 100vw, 1024px\" \/><figcaption class=\"wp-element-caption\">Playa de Famara. Foto: Patri C\u00e1mpora<\/figcaption><\/figure>\n\n\n\n<p>Muy cerca de casa, <strong>en nuestras islas,<\/strong> tienes un mont\u00f3n de <strong>planes para escaparte con ellos<\/strong> y disfrutar de estos beneficios.<\/p>\n\n\n\n<p>No es necesario volar muy lejos para ponerse en <em>\u201cmodo viaje\u201d<\/em>. Tan solo hay que hacer las maletas, dormir fuera de casa y cambiar de aires, ya sea en tu propia isla o en otra.<\/p>\n\n\n\n<div style=\"height:100px\" aria-hidden=\"true\" class=\"wp-block-spacer\"><\/div>\n\n\n\n<h3 class=\"wp-block-heading\"><strong>Ideas para viajar con ni\u00f1os en Canarias<\/strong><\/h3>\n\n\n\n<p>Te proponemos <strong>ideas para todos los bolsillos <\/strong>para padres que quieren sorprender a sus hijos con el mejor regalo: <strong>pasar tiempo juntos.<\/strong><\/p>\n\n\n\n<h2 class=\"wp-block-heading\"><strong> Descubrir nuestros or\u00edgenes: &nbsp;<\/strong><\/h2>\n\n\n\n<figure class=\"wp-block-image size-large\"><img loading=\"lazy\" decoding=\"async\" width=\"1024\" height=\"684\" src=\"https:\/\/www.canariasviaja.com\/viajaresvivir\/wp-content\/uploads\/2021\/03\/Cenobio-de-valeron.jpg\" alt=\"\" class=\"wp-image-6573\" srcset=\"https:\/\/www.canariasviaja.com\/viajaresvivir\/wp-content\/uploads\/2021\/03\/Cenobio-de-valeron.jpg 1024w, https:\/\/www.canariasviaja.com\/viajaresvivir\/wp-content\/uploads\/2021\/03\/Cenobio-de-valeron-300x200.jpg 300w, https:\/\/www.canariasviaja.com\/viajaresvivir\/wp-content\/uploads\/2021\/03\/Cenobio-de-valeron-768x513.jpg 768w\" sizes=\"(max-width: 1024px) 100vw, 1024px\" \/><figcaption class=\"wp-element-caption\">Ni\u00f1os en Cenobio de Valer\u00f3n  (Gran Canaria) Foto: Patri C\u00e1mpora<\/figcaption><\/figure>\n\n\n\n<p>Ens\u00e9\u00f1ales a tus hijos de d\u00f3nde venimos, qui\u00e9nes habitaron nuestras islas antes que nosotros, c\u00f3mo viv\u00edan, cu\u00e1les eran sus creencias\u2026<\/p>\n\n\n\n<p>El mundo <strong>aborigen <\/strong>de las islas es apasionante. \u00a0<strong><a href=\"http:\/\/Ruta cultural por Gran Canaria: tras las huellas de los antiguos canarios\">Gran Canaria<\/a><\/strong> es un buen destino para introducirlos en la vida de los antiguos pobladores de nuestro archipi\u00e9lago. Desc\u00fabrelo contemplando el sagrado paisaje cultural del <a href=\"https:\/\/riscocaido.grancanaria.com\/es\" target=\"_blank\" rel=\"noreferrer noopener\"><strong>Risco Ca\u00eddo<\/strong> y las <strong>monta\u00f1as sagradas de Gran Canaria<\/strong><\/a><strong>,<\/strong> Patrimonio de la Humanidad por la Unesco. Recorre el <strong>Cenobio de Valer\u00f3n<\/strong>, para aprender c\u00f3mo almacenaban sus alimentos y  el <strong><a href=\"https:\/\/www.grancanaria.com\/turismo\/es\/cultura\/espacios-arqueologicos\/parque-arqueologico-maipes-de-agaete\/\" target=\"_blank\" rel=\"noreferrer noopener\">Parque Arqueol\u00f3gico Maip\u00e9s<\/a><\/strong>, un imponente espacio funerario situado en Agaete. Termina la  visita en el <strong><a href=\"http:\/\/www.cuevapintada.com\/es\" target=\"_blank\" rel=\"noreferrer noopener\">Museo y Parque Arqueol\u00f3gico de la Cueva Pintada de G\u00e1ldar<\/a><\/strong>, para entender c\u00f3mo viv\u00edan.<\/p>\n\n\n\n<p>Tambi\u00e9n puedes programar una visita al<a href=\"https:\/\/www.elmuseocanario.com\/\" target=\"_blank\" rel=\"noreferrer noopener\"> <strong>Museo Canario<\/strong><\/a> en Las Palmas de Gran Canaria o al <strong><a href=\"https:\/\/www.museosdetenerife.org\/muna-museo-de-naturaleza-y-arqueologia\/\" target=\"_blank\" rel=\"noreferrer noopener\">Museo de la Naturaleza y Arqueolog\u00eda<\/a> <\/strong>en Santa Cruz de Tenerife, donde se conservan las impresionantes momias guanches. \u00a1Se sentir\u00e1n como en una pel\u00edcula de Tadeo Jones!<\/p>\n\n\n\n<p>Si est\u00e1n por La Palma, en el <strong><a href=\"https:\/\/lapalmabiosfera.es\/comunidad\/museo-arqueologico-benahoarita-mab\/\" target=\"_blank\" rel=\"noreferrer noopener\">Museo Arqueol\u00f3gico Benehaorita<\/a><\/strong> (MAB) de Los Llanos de Aridane podr\u00e1n conocer la historia y la forma de vida de sus antiguos habitantes, los benehaor\u00edtas.<\/p>\n\n\n\n<p>En Fuerteventura, contemplar la belleza de la <strong>monta\u00f1a de Tindaya<\/strong> al atardecer les conectar\u00e1 con este lugar sagrado para los majos, los antiguos pobladores de esta isla.<\/p>\n\n\n\n<p>Descubran juntos nuestra historia. \u00a1Hazles part\u00edcipes de la riqueza cultural de Canarias!<\/p>\n\n\n\n<div style=\"height:100px\" aria-hidden=\"true\" class=\"wp-block-spacer\"><\/div>\n\n\n\n<h2 class=\"wp-block-heading\"><strong>Disfrutar de la vida sencilla<\/strong><\/h2>\n\n\n\n<figure class=\"wp-block-image size-large\"><img loading=\"lazy\" decoding=\"async\" width=\"2000\" height=\"1333\" src=\"http:\/\/www.canariasviaja.com\/viajaresvivir\/wp-content\/uploads\/2021\/03\/Di\u0301a-del-padres.jpg\" alt=\"Padres viajeros con ni\u00f1os\" class=\"wp-image-6571\" srcset=\"https:\/\/www.canariasviaja.com\/viajaresvivir\/wp-content\/uploads\/2021\/03\/Di\u0301a-del-padres.jpg 2000w, https:\/\/www.canariasviaja.com\/viajaresvivir\/wp-content\/uploads\/2021\/03\/Di\u0301a-del-padres-300x200.jpg 300w, https:\/\/www.canariasviaja.com\/viajaresvivir\/wp-content\/uploads\/2021\/03\/Di\u0301a-del-padres-768x512.jpg 768w, https:\/\/www.canariasviaja.com\/viajaresvivir\/wp-content\/uploads\/2021\/03\/Di\u0301a-del-padres-1536x1024.jpg 1536w, https:\/\/www.canariasviaja.com\/viajaresvivir\/wp-content\/uploads\/2021\/03\/Di\u0301a-del-padres-1200x800.jpg 1200w, https:\/\/www.canariasviaja.com\/viajaresvivir\/wp-content\/uploads\/2021\/03\/Di\u0301a-del-padres-1620x1080.jpg 1620w\" sizes=\"(max-width: 2000px) 100vw, 2000px\" \/><figcaption class=\"wp-element-caption\">Foto: Promotur<\/figcaption><\/figure>\n\n\n\n<p>\u00a1Qu\u00e9 poco que necesitamos para ser felices! Este es uno de los grandes <strong>aprendizajes de la vida<\/strong>.<\/p>\n\n\n\n<p>Comparte unos d\u00edas con tus hijos en<a href=\"https:\/\/www.canariasviaja.com\/viajaresvivir\/un-dia-en-la-graciosa\/\"> <strong>La Graciosa<\/strong><\/a> haciendo castillos de arena, montando en bici, disfrutando de la playa y coleccionando atardeceres. Ver\u00e1s que no necesitas mucho m\u00e1s.<\/p>\n\n\n\n<p>\u00bfQu\u00e9 te parece ense\u00f1arles a valorar de d\u00f3nde viene lo que comen? <strong>Visitar una <a href=\"https:\/\/www.canariasviaja.com\/viajaresvivir\/ruta-del-queso-majorero-para-cheese-lovers\/\">queser\u00eda<\/a><\/strong>, una bodega o una <strong><a href=\"https:\/\/www.canariasviaja.com\/viajaresvivir\/valle-de-agaete-regreso-al-eden-con-victor-lugo\/\">plantaci\u00f3n de caf\u00e9<\/a><\/strong>, o sentirse<a href=\"https:\/\/www.canariasviaja.com\/viajaresvivir\/la-abejera-de-ecoalpispa-la-magia-de-las-abejas-en-icod\/\"> <strong>apicultor<\/strong><\/a> o <strong>granjero<\/strong> por un d\u00eda les ense\u00f1ar\u00e1 a descubrir el origen de los productos que consumen y todo el trabajo que hay detr\u00e1s.<\/p>\n\n\n\n<div style=\"height:100px\" aria-hidden=\"true\" class=\"wp-block-spacer\"><\/div>\n\n\n\n<h2 class=\"wp-block-heading\"><strong>Experiencias volc\u00e1nicas<\/strong><\/h2>\n\n\n\n<figure class=\"wp-block-image size-large\"><img loading=\"lazy\" decoding=\"async\" width=\"1024\" height=\"684\" src=\"https:\/\/www.canariasviaja.com\/viajaresvivir\/wp-content\/uploads\/2021\/03\/Irene-6-an\u0303os-142.jpg\" alt=\"\" class=\"wp-image-6570\" srcset=\"https:\/\/www.canariasviaja.com\/viajaresvivir\/wp-content\/uploads\/2021\/03\/Irene-6-an\u0303os-142.jpg 1024w, https:\/\/www.canariasviaja.com\/viajaresvivir\/wp-content\/uploads\/2021\/03\/Irene-6-an\u0303os-142-300x200.jpg 300w, https:\/\/www.canariasviaja.com\/viajaresvivir\/wp-content\/uploads\/2021\/03\/Irene-6-an\u0303os-142-768x513.jpg 768w\" sizes=\"(max-width: 1024px) 100vw, 1024px\" \/><\/figure>\n\n\n\n<p>Ay\u00fadales a <strong>aprender a trav\u00e9s de la experiencia<\/strong>. Deja que tus hijos conozcan la&nbsp; naturaleza volc\u00e1nica de nuestras islas descubri\u00e9ndola de cerca.<\/p>\n\n\n\n<p>\u00a1<strong>Lanzarote <\/strong>es la tierra de fuego! Ll\u00e9vales a ver c\u00f3mo el calor sale a la superficie de la tierra en <strong>Timanfaya<\/strong>. Ad\u00e9ntrate con ellos en el <strong>Volc\u00e1n del Cuervo<\/strong>, un plan perfecto para ir con ni\u00f1os peque\u00f1os. O, si tus hijos son adolescentes, r\u00e9tales a subir la <strong><a href=\"https:\/\/www.canariasviaja.com\/viajaresvivir\/volcan-caldera-blanca-el-crater-perfecto\/\">Caldera Blanca<\/a><\/strong> para sacar las mejores fotos de Timanfaya.<\/p>\n\n\n\n<p>Disfruten de una clase de geolog\u00eda en directo visitando en nuevo <strong>volc\u00e1n de La Palma, Tajogaite<\/strong>, y  observando c\u00f3mo la reciente erupci\u00f3n ha transformado todo el Valle de Aridane transformando su paisaje y orograf\u00eda.<\/p>\n\n\n\n<div style=\"height:100px\" aria-hidden=\"true\" class=\"wp-block-spacer\"><\/div>\n\n\n\n<h2 class=\"wp-block-heading\"><strong>Aventura en alta mar<\/strong><\/h2>\n\n\n\n<figure class=\"wp-block-image size-large\"><img loading=\"lazy\" decoding=\"async\" width=\"1024\" height=\"703\" src=\"http:\/\/www.canariasviaja.com\/viajaresvivir\/wp-content\/uploads\/2020\/06\/Cetaceos-en-canarias8.jpg\" alt=\"Observaci\u00f3n de cet\u00e1ceos en Canarias\" class=\"wp-image-4050\" srcset=\"https:\/\/www.canariasviaja.com\/viajaresvivir\/wp-content\/uploads\/2020\/06\/Cetaceos-en-canarias8.jpg 1024w, https:\/\/www.canariasviaja.com\/viajaresvivir\/wp-content\/uploads\/2020\/06\/Cetaceos-en-canarias8-300x206.jpg 300w, https:\/\/www.canariasviaja.com\/viajaresvivir\/wp-content\/uploads\/2020\/06\/Cetaceos-en-canarias8-768x527.jpg 768w\" sizes=\"(max-width: 1024px) 100vw, 1024px\" \/><figcaption class=\"wp-element-caption\">Foto: Adriana Ram\u00edrez<\/figcaption><\/figure>\n\n\n\n<p>Canarias es un para\u00edso mundial para la <strong><a href=\"https:\/\/www.canariasviaja.com\/viajaresvivir\/cetaceos-en-canarias-4\/\">observaci\u00f3n de cet\u00e1ceos<\/a><\/strong>. A poca distancia de la costa podemos disfrutar de colonias permanentes de <strong>calderones y delfines<\/strong> y de muchos otras especies que est\u00e1n de paso por nuestras islas.<\/p>\n\n\n\n<p>Invita a tus hijos a sumergirse en una clase de naturales en directo. Aprender\u00e1n a valorar nuestra<strong> biodiversidad<\/strong> y a respetar nuestros mares.<\/p>\n\n\n\n<div style=\"height:100px\" aria-hidden=\"true\" class=\"wp-block-spacer\"><\/div>\n\n\n\n<h2 class=\"wp-block-heading\"><strong>Aficiones compartidas:<\/strong><\/h2>\n\n\n\n<figure class=\"wp-block-image size-large\"><img loading=\"lazy\" decoding=\"async\" width=\"1024\" height=\"662\" src=\"http:\/\/www.canariasviaja.com\/viajaresvivir\/wp-content\/uploads\/2020\/06\/nin\u0303a-haciendo-surf-en-Lanzarote.jpg\" alt=\"Viajar con ni\u00f1os en Canarias\" class=\"wp-image-4120\" srcset=\"https:\/\/www.canariasviaja.com\/viajaresvivir\/wp-content\/uploads\/2020\/06\/nin\u0303a-haciendo-surf-en-Lanzarote.jpg 1024w, https:\/\/www.canariasviaja.com\/viajaresvivir\/wp-content\/uploads\/2020\/06\/nin\u0303a-haciendo-surf-en-Lanzarote-300x194.jpg 300w, https:\/\/www.canariasviaja.com\/viajaresvivir\/wp-content\/uploads\/2020\/06\/nin\u0303a-haciendo-surf-en-Lanzarote-768x497.jpg 768w\" sizes=\"(max-width: 1024px) 100vw, 1024px\" \/><figcaption class=\"wp-element-caption\">Foto: Franito Surf Home<\/figcaption><\/figure>\n\n\n\n<p>Practicar <a href=\"https:\/\/www.canariasviaja.com\/viajaresvivir\/surf-en-lanzarote-cuando-la-pasion-se-comparte\/\"><strong>surf<\/strong> <\/a>juntos en Lanzarote, hacer un bautizo de <strong><a href=\"https:\/\/www.canariasviaja.com\/viajaresvivir\/buceo-en-el-hierro-descubre-la-calma\/\">buceo<\/a><\/strong> en El Hierro, realizar <a href=\"https:\/\/www.canariasviaja.com\/viajaresvivir\/el-bosque-de-la-niebla-parque-nacional-de-garajonay\/\"><strong>senderismo<\/strong><\/a> por el Garajonay, hacer <a href=\"https:\/\/www.canariasviaja.com\/viajaresvivir\/rapel-en-el-barranco-de-los-arcos\/\"><strong>rapel<\/strong> <\/a> o <strong><a href=\"https:\/\/www.canariasviaja.com\/viajaresvivir\/kayak-en-los-gigantes-deporte-en-la-naturaleza\/\">kayak <\/a><\/strong>en Tenerife, <strong><a href=\"https:\/\/www.canariasviaja.com\/viajaresvivir\/islote-de-lobos-un-dia-en-el-paraiso\/\">navegar<\/a><\/strong> por la Isla de Lobos&#8230; planes que se pueden convertir en aficiones compartidas con tus hijos.<\/p>\n\n\n\n<p><strong>La Palma <\/strong>es un buen lugar para comenzar a disfrutar juntos del <strong>senderismo<\/strong>, con una amplia <strong><a href=\"https:\/\/www.canariasviaja.com\/viajaresvivir\/senderismo-en-la-palma-la-isla-bonita-a-pie\/\">red de senderos<\/a><\/strong> adaptados  a todos los niveles y dificultades. <\/p>\n\n\n\n<p>El <strong><a href=\"https:\/\/www.canariasviaja.com\/viajaresvivir\/descubre-el-sendero-de-los-sentidos-en-anaga\/\">Sendero de los Sentidos<\/a><\/strong> en Anaga (Tenerife), es un recorrido perfecto para hacer con ni\u00f1os, en el que interactuar con la naturaleza a trav\u00e9s de los sentidos.<\/p>\n\n\n\n<div style=\"height:100px\" aria-hidden=\"true\" class=\"wp-block-spacer\"><\/div>\n\n\n\n<h2 class=\"wp-block-heading\"><strong>Una tierra de contrastes:<\/strong><\/h2>\n\n\n\n<figure class=\"wp-block-image size-large\"><img loading=\"lazy\" decoding=\"async\" width=\"1024\" height=\"576\" src=\"http:\/\/www.canariasviaja.com\/viajaresvivir\/wp-content\/uploads\/2021\/03\/Cueva-del-viento.jpg\" alt=\"Viajar con ni\u00f1os en Canarias\" class=\"wp-image-6572\" srcset=\"https:\/\/www.canariasviaja.com\/viajaresvivir\/wp-content\/uploads\/2021\/03\/Cueva-del-viento.jpg 1024w, https:\/\/www.canariasviaja.com\/viajaresvivir\/wp-content\/uploads\/2021\/03\/Cueva-del-viento-300x169.jpg 300w, https:\/\/www.canariasviaja.com\/viajaresvivir\/wp-content\/uploads\/2021\/03\/Cueva-del-viento-768x432.jpg 768w, https:\/\/www.canariasviaja.com\/viajaresvivir\/wp-content\/uploads\/2021\/03\/Cueva-del-viento-960x540.jpg 960w\" sizes=\"(max-width: 1024px) 100vw, 1024px\" \/><figcaption class=\"wp-element-caption\">Interior Cueva del Viento en Icod de Los Vinos (Tenerife) Foto: Patri C\u00e1mpora<\/figcaption><\/figure>\n\n\n\n<p>Nuestras islas nos ofrecen m\u00faltiples oportunidades de vivir <strong>aventuras en  su naturaleza <\/strong>privilegiada y llena de contrastes.<\/p>\n\n\n\n<p>En Tenerife, una visita a la <strong>Cueva del Viento<\/strong> en Tenerife nos adentrar\u00e1&nbsp; en las entra\u00f1as de la tierra.&nbsp; Y un viaje en el <strong>telef\u00e9rico del Teide<\/strong> nos har\u00e1 rozar las nubes.&nbsp; Un paseo por <strong>Teno y Masca<\/strong> nos har\u00e1 viajar en el tiempo. Desc\u00fabreles la riqueza de los contrastes que nos rodean.<\/p>\n\n\n\n<div style=\"height:100px\" aria-hidden=\"true\" class=\"wp-block-spacer\"><\/div>\n\n\n\n<h2 class=\"wp-block-heading\"><strong>Descanso y diversi\u00f3n para todo<\/strong>s<\/h2>\n\n\n\n<figure class=\"wp-block-image size-large\"><img loading=\"lazy\" decoding=\"async\" width=\"835\" height=\"398\" src=\"http:\/\/www.canariasviaja.com\/viajaresvivir\/wp-content\/uploads\/2021\/03\/multi_15460.jpg\" alt=\"Viajar con ni\u00f1os en canarias\" class=\"wp-image-6579\" srcset=\"https:\/\/www.canariasviaja.com\/viajaresvivir\/wp-content\/uploads\/2021\/03\/multi_15460.jpg 835w, https:\/\/www.canariasviaja.com\/viajaresvivir\/wp-content\/uploads\/2021\/03\/multi_15460-300x143.jpg 300w, https:\/\/www.canariasviaja.com\/viajaresvivir\/wp-content\/uploads\/2021\/03\/multi_15460-768x366.jpg 768w\" sizes=\"(max-width: 835px) 100vw, 835px\" \/><figcaption class=\"wp-element-caption\">Piscina infantil del Melia Palacio de Isora, en Tenerife<\/figcaption><\/figure>\n\n\n\n<p>Si lo que te apetece es descansar y no hacer nada, esc\u00e1pate con tus hijos a un <strong>hotel  para familias<\/strong> y deja que ellos disfruten de las actividades pensadas para los ni\u00f1os mientras te relajas en tu hamaca.<\/p>\n\n\n\n<p>Los d\u00edas fuera de casa son muy largos y habr\u00e1 tiempo para todo y para todos. \u00a1Aprov\u00e9chalos en la mejor compa\u00f1\u00eda, tus hijos!<\/p>\n\n\n\n<div class=\"wp-block-buttons is-content-justification-center is-layout-flex wp-container-core-buttons-is-layout-1 wp-block-buttons-is-layout-flex\">\n<div class=\"wp-block-button\"><a class=\"wp-block-button__link wp-element-button\" href=\"https:\/\/bit.ly\/40bMmMN\" target=\"_blank\" rel=\"noreferrer noopener\">\u00a1Comienza a disfrutar en familia!<\/a><\/div>\n<\/div>\n","protected":false},"excerpt":{"rendered":"<p>Viajar con tus hijos puede ser una experiencia muy gratificante ya que permite crear recuerdos compartidos, descubrir juntos cosas nuevas, tener tiempo para escucharles y conocerles mejor, sorprenderles con nuevos sabores, acercarles a otras realidades, estar m\u00e1s presentes\u2026 &nbsp; Ya sean ni\u00f1os o adolescentes, compartir momentos fuera de casa con ellos les har\u00e1 sentirse m\u00e1s c\u00f3mplices. Beneficios de viajar con &hellip;<\/p>\n","protected":false},"author":2,"featured_media":6571,"comment_status":"open","ping_status":"open","sticky":false,"template":"","format":"standard","meta":{"_acf_changed":false,"sfsi_plus_gutenberg_text_before_share":"","sfsi_plus_gutenberg_show_text_before_share":"","sfsi_plus_gutenberg_icon_type":"","sfsi_plus_gutenberg_icon_alignemt":"","sfsi_plus_gutenburg_max_per_row":"","footnotes":""},"categories":[9,574,124,123,10,127],"tags":[640,705,336],"class_list":["post-6568","post","type-post","status-publish","format-standard","has-post-thumbnail","hentry","category-canarias","category-consejos-viajeros","category-descubre","category-explora","category-historias-viajeras","category-relajate","tag-canarias","tag-escapadas-con-ninos","tag-viajes-para-familias"],"acf":[],"yoast_head":"<!-- This site is optimized with the Yoast SEO plugin v24.1 - https:\/\/yoast.com\/wordpress\/plugins\/seo\/ -->\n<title>Planes para viajar con ni\u00f1os en Canarias - Viajar es vivir<\/title>\n<meta name=\"description\" content=\"Viajar con ni\u00f1os en Canarias es una gran idea. Te traemos planes para que disfrutes de todas las ventajas que les aporta viajar.\" \/>\n<meta name=\"robots\" content=\"index, follow, max-snippet:-1, max-image-preview:large, max-video-preview:-1\" \/>\n<link rel=\"canonical\" href=\"https:\/\/www.canariasviaja.com\/viajaresvivir\/viajar-con-ninos-en-canarias\/\" \/>\n<meta property=\"og:locale\" content=\"es_ES\" \/>\n<meta property=\"og:type\" content=\"article\" \/>\n<meta property=\"og:title\" content=\"Planes para viajar con ni\u00f1os en Canarias - Viajar es vivir\" \/>\n<meta property=\"og:description\" content=\"Viajar con ni\u00f1os en Canarias es una gran idea. Te traemos planes para que disfrutes de todas las ventajas que les aporta viajar.\" \/>\n<meta property=\"og:url\" content=\"https:\/\/www.canariasviaja.com\/viajaresvivir\/viajar-con-ninos-en-canarias\/\" \/>\n<meta property=\"og:site_name\" content=\"Viajar es vivir\" \/>\n<meta property=\"article:published_time\" content=\"2023-03-16T12:13:00+00:00\" \/>\n<meta property=\"article:modified_time\" content=\"2024-03-31T19:33:02+00:00\" \/>\n<meta property=\"og:image\" content=\"http:\/\/www.canariasviaja.com\/viajaresvivir\/wp-content\/uploads\/2021\/03\/Di\u0301a-del-padres.jpg\" \/>\n\t<meta property=\"og:image:width\" content=\"2000\" \/>\n\t<meta property=\"og:image:height\" content=\"1333\" \/>\n\t<meta property=\"og:image:type\" content=\"image\/jpeg\" \/>\n<meta name=\"author\" content=\"Patri C\u00e1mpora\" \/>\n<meta name=\"twitter:card\" content=\"summary_large_image\" \/>\n<meta name=\"twitter:label1\" content=\"Escrito por\" \/>\n\t<meta name=\"twitter:data1\" content=\"Patri C\u00e1mpora\" \/>\n\t<meta name=\"twitter:label2\" content=\"Tiempo de lectura\" \/>\n\t<meta name=\"twitter:data2\" content=\"7 minutos\" \/>\n<script type=\"application\/ld+json\" class=\"yoast-schema-graph\">{\"@context\":\"https:\/\/schema.org\",\"@graph\":[{\"@type\":\"WebPage\",\"@id\":\"https:\/\/www.canariasviaja.com\/viajaresvivir\/viajar-con-ninos-en-canarias\/\",\"url\":\"https:\/\/www.canariasviaja.com\/viajaresvivir\/viajar-con-ninos-en-canarias\/\",\"name\":\"Planes para viajar con ni\u00f1os en Canarias - Viajar es vivir\",\"isPartOf\":{\"@id\":\"https:\/\/www.canariasviaja.com\/viajaresvivir\/#website\"},\"primaryImageOfPage\":{\"@id\":\"https:\/\/www.canariasviaja.com\/viajaresvivir\/viajar-con-ninos-en-canarias\/#primaryimage\"},\"image\":{\"@id\":\"https:\/\/www.canariasviaja.com\/viajaresvivir\/viajar-con-ninos-en-canarias\/#primaryimage\"},\"thumbnailUrl\":\"https:\/\/www.canariasviaja.com\/viajaresvivir\/wp-content\/uploads\/2021\/03\/Di\u0301a-del-padres.jpg\",\"datePublished\":\"2023-03-16T12:13:00+00:00\",\"dateModified\":\"2024-03-31T19:33:02+00:00\",\"author\":{\"@id\":\"https:\/\/www.canariasviaja.com\/viajaresvivir\/#\/schema\/person\/085949651001325f1244a8bc1b34709c\"},\"description\":\"Viajar con ni\u00f1os en Canarias es una gran idea. Te traemos planes para que disfrutes de todas las ventajas que les aporta viajar.\",\"breadcrumb\":{\"@id\":\"https:\/\/www.canariasviaja.com\/viajaresvivir\/viajar-con-ninos-en-canarias\/#breadcrumb\"},\"inLanguage\":\"es\",\"potentialAction\":[{\"@type\":\"ReadAction\",\"target\":[\"https:\/\/www.canariasviaja.com\/viajaresvivir\/viajar-con-ninos-en-canarias\/\"]}]},{\"@type\":\"ImageObject\",\"inLanguage\":\"es\",\"@id\":\"https:\/\/www.canariasviaja.com\/viajaresvivir\/viajar-con-ninos-en-canarias\/#primaryimage\",\"url\":\"https:\/\/www.canariasviaja.com\/viajaresvivir\/wp-content\/uploads\/2021\/03\/Di\u0301a-del-padres.jpg\",\"contentUrl\":\"https:\/\/www.canariasviaja.com\/viajaresvivir\/wp-content\/uploads\/2021\/03\/Di\u0301a-del-padres.jpg\",\"width\":2000,\"height\":1333,\"caption\":\"Padres viajeros con ni\u00f1os\"},{\"@type\":\"BreadcrumbList\",\"@id\":\"https:\/\/www.canariasviaja.com\/viajaresvivir\/viajar-con-ninos-en-canarias\/#breadcrumb\",\"itemListElement\":[{\"@type\":\"ListItem\",\"position\":1,\"name\":\"Portada\",\"item\":\"https:\/\/www.canariasviaja.com\/viajaresvivir\/\"},{\"@type\":\"ListItem\",\"position\":2,\"name\":\"Planes para viajar con ni\u00f1os en Canarias\"}]},{\"@type\":\"WebSite\",\"@id\":\"https:\/\/www.canariasviaja.com\/viajaresvivir\/#website\",\"url\":\"https:\/\/www.canariasviaja.com\/viajaresvivir\/\",\"name\":\"Viajar es vivir\",\"description\":\"El blog de viajes y estilo de vida de CanariasViaja\",\"potentialAction\":[{\"@type\":\"SearchAction\",\"target\":{\"@type\":\"EntryPoint\",\"urlTemplate\":\"https:\/\/www.canariasviaja.com\/viajaresvivir\/?s={search_term_string}\"},\"query-input\":{\"@type\":\"PropertyValueSpecification\",\"valueRequired\":true,\"valueName\":\"search_term_string\"}}],\"inLanguage\":\"es\"},{\"@type\":\"Person\",\"@id\":\"https:\/\/www.canariasviaja.com\/viajaresvivir\/#\/schema\/person\/085949651001325f1244a8bc1b34709c\",\"name\":\"Patri C\u00e1mpora\",\"image\":{\"@type\":\"ImageObject\",\"inLanguage\":\"es\",\"@id\":\"https:\/\/www.canariasviaja.com\/viajaresvivir\/#\/schema\/person\/image\/\",\"url\":\"https:\/\/secure.gravatar.com\/avatar\/b2ce2c4086a5776e5310f57c1a2e5b4e?s=96&d=mm&r=g\",\"contentUrl\":\"https:\/\/secure.gravatar.com\/avatar\/b2ce2c4086a5776e5310f57c1a2e5b4e?s=96&d=mm&r=g\",\"caption\":\"Patri C\u00e1mpora\"},\"url\":\"https:\/\/www.canariasviaja.com\/viajaresvivir\/author\/patri\/\"}]}<\/script>\n<!-- \/ Yoast SEO plugin. -->","yoast_head_json":{"title":"Planes para viajar con ni\u00f1os en Canarias - Viajar es vivir","description":"Viajar con ni\u00f1os en Canarias es una gran idea. Te traemos planes para que disfrutes de todas las ventajas que les aporta viajar.","robots":{"index":"index","follow":"follow","max-snippet":"max-snippet:-1","max-image-preview":"max-image-preview:large","max-video-preview":"max-video-preview:-1"},"canonical":"https:\/\/www.canariasviaja.com\/viajaresvivir\/viajar-con-ninos-en-canarias\/","og_locale":"es_ES","og_type":"article","og_title":"Planes para viajar con ni\u00f1os en Canarias - Viajar es vivir","og_description":"Viajar con ni\u00f1os en Canarias es una gran idea. Te traemos planes para que disfrutes de todas las ventajas que les aporta viajar.","og_url":"https:\/\/www.canariasviaja.com\/viajaresvivir\/viajar-con-ninos-en-canarias\/","og_site_name":"Viajar es vivir","article_published_time":"2023-03-16T12:13:00+00:00","article_modified_time":"2024-03-31T19:33:02+00:00","og_image":[{"width":2000,"height":1333,"url":"http:\/\/www.canariasviaja.com\/viajaresvivir\/wp-content\/uploads\/2021\/03\/Di\u0301a-del-padres.jpg","type":"image\/jpeg"}],"author":"Patri C\u00e1mpora","twitter_card":"summary_large_image","twitter_misc":{"Escrito por":"Patri C\u00e1mpora","Tiempo de lectura":"7 minutos"},"schema":{"@context":"https:\/\/schema.org","@graph":[{"@type":"WebPage","@id":"https:\/\/www.canariasviaja.com\/viajaresvivir\/viajar-con-ninos-en-canarias\/","url":"https:\/\/www.canariasviaja.com\/viajaresvivir\/viajar-con-ninos-en-canarias\/","name":"Planes para viajar con ni\u00f1os en Canarias - Viajar es vivir","isPartOf":{"@id":"https:\/\/www.canariasviaja.com\/viajaresvivir\/#website"},"primaryImageOfPage":{"@id":"https:\/\/www.canariasviaja.com\/viajaresvivir\/viajar-con-ninos-en-canarias\/#primaryimage"},"image":{"@id":"https:\/\/www.canariasviaja.com\/viajaresvivir\/viajar-con-ninos-en-canarias\/#primaryimage"},"thumbnailUrl":"https:\/\/www.canariasviaja.com\/viajaresvivir\/wp-content\/uploads\/2021\/03\/Di\u0301a-del-padres.jpg","datePublished":"2023-03-16T12:13:00+00:00","dateModified":"2024-03-31T19:33:02+00:00","author":{"@id":"https:\/\/www.canariasviaja.com\/viajaresvivir\/#\/schema\/person\/085949651001325f1244a8bc1b34709c"},"description":"Viajar con ni\u00f1os en Canarias es una gran idea. Te traemos planes para que disfrutes de todas las ventajas que les aporta viajar.","breadcrumb":{"@id":"https:\/\/www.canariasviaja.com\/viajaresvivir\/viajar-con-ninos-en-canarias\/#breadcrumb"},"inLanguage":"es","potentialAction":[{"@type":"ReadAction","target":["https:\/\/www.canariasviaja.com\/viajaresvivir\/viajar-con-ninos-en-canarias\/"]}]},{"@type":"ImageObject","inLanguage":"es","@id":"https:\/\/www.canariasviaja.com\/viajaresvivir\/viajar-con-ninos-en-canarias\/#primaryimage","url":"https:\/\/www.canariasviaja.com\/viajaresvivir\/wp-content\/uploads\/2021\/03\/Di\u0301a-del-padres.jpg","contentUrl":"https:\/\/www.canariasviaja.com\/viajaresvivir\/wp-content\/uploads\/2021\/03\/Di\u0301a-del-padres.jpg","width":2000,"height":1333,"caption":"Padres viajeros con ni\u00f1os"},{"@type":"BreadcrumbList","@id":"https:\/\/www.canariasviaja.com\/viajaresvivir\/viajar-con-ninos-en-canarias\/#breadcrumb","itemListElement":[{"@type":"ListItem","position":1,"name":"Portada","item":"https:\/\/www.canariasviaja.com\/viajaresvivir\/"},{"@type":"ListItem","position":2,"name":"Planes para viajar con ni\u00f1os en Canarias"}]},{"@type":"WebSite","@id":"https:\/\/www.canariasviaja.com\/viajaresvivir\/#website","url":"https:\/\/www.canariasviaja.com\/viajaresvivir\/","name":"Viajar es vivir","description":"El blog de viajes y estilo de vida de CanariasViaja","potentialAction":[{"@type":"SearchAction","target":{"@type":"EntryPoint","urlTemplate":"https:\/\/www.canariasviaja.com\/viajaresvivir\/?s={search_term_string}"},"query-input":{"@type":"PropertyValueSpecification","valueRequired":true,"valueName":"search_term_string"}}],"inLanguage":"es"},{"@type":"Person","@id":"https:\/\/www.canariasviaja.com\/viajaresvivir\/#\/schema\/person\/085949651001325f1244a8bc1b34709c","name":"Patri C\u00e1mpora","image":{"@type":"ImageObject","inLanguage":"es","@id":"https:\/\/www.canariasviaja.com\/viajaresvivir\/#\/schema\/person\/image\/","url":"https:\/\/secure.gravatar.com\/avatar\/b2ce2c4086a5776e5310f57c1a2e5b4e?s=96&d=mm&r=g","contentUrl":"https:\/\/secure.gravatar.com\/avatar\/b2ce2c4086a5776e5310f57c1a2e5b4e?s=96&d=mm&r=g","caption":"Patri C\u00e1mpora"},"url":"https:\/\/www.canariasviaja.com\/viajaresvivir\/author\/patri\/"}]}},"_links":{"self":[{"href":"https:\/\/www.canariasviaja.com\/viajaresvivir\/wp-json\/wp\/v2\/posts\/6568"}],"collection":[{"href":"https:\/\/www.canariasviaja.com\/viajaresvivir\/wp-json\/wp\/v2\/posts"}],"about":[{"href":"https:\/\/www.canariasviaja.com\/viajaresvivir\/wp-json\/wp\/v2\/types\/post"}],"author":[{"embeddable":true,"href":"https:\/\/www.canariasviaja.com\/viajaresvivir\/wp-json\/wp\/v2\/users\/2"}],"replies":[{"embeddable":true,"href":"https:\/\/www.canariasviaja.com\/viajaresvivir\/wp-json\/wp\/v2\/comments?post=6568"}],"version-history":[{"count":9,"href":"https:\/\/www.canariasviaja.com\/viajaresvivir\/wp-json\/wp\/v2\/posts\/6568\/revisions"}],"predecessor-version":[{"id":11342,"href":"https:\/\/www.canariasviaja.com\/viajaresvivir\/wp-json\/wp\/v2\/posts\/6568\/revisions\/11342"}],"wp:featuredmedia":[{"embeddable":true,"href":"https:\/\/www.canariasviaja.com\/viajaresvivir\/wp-json\/wp\/v2\/media\/6571"}],"wp:attachment":[{"href":"https:\/\/www.canariasviaja.com\/viajaresvivir\/wp-json\/wp\/v2\/media?parent=6568"}],"wp:term":[{"taxonomy":"category","embeddable":true,"href":"https:\/\/www.canariasviaja.com\/viajaresvivir\/wp-json\/wp\/v2\/categories?post=6568"},{"taxonomy":"post_tag","embeddable":true,"href":"https:\/\/www.canariasviaja.com\/viajaresvivir\/wp-json\/wp\/v2\/tags?post=6568"}],"curies":[{"name":"wp","href":"https:\/\/api.w.org\/{rel}","templated":true}]}}