{"id":7304,"date":"2021-05-31T11:43:32","date_gmt":"2021-05-31T11:43:32","guid":{"rendered":"https:\/\/www.canariasviaja.com\/viajaresvivir\/?p=7304"},"modified":"2023-01-30T21:02:35","modified_gmt":"2023-01-30T21:02:35","slug":"las-palmas-de-gran-canaria-con-alexis-ravelo","status":"publish","type":"post","link":"https:\/\/www.canariasviaja.com\/viajaresvivir\/las-palmas-de-gran-canaria-con-alexis-ravelo\/","title":{"rendered":"Un paseo por Las Palmas de Gran Canaria con Alexis Ravelo"},"content":{"rendered":"\n<blockquote class=\"wp-block-quote is-layout-flow wp-block-quote-is-layout-flow\"><p><strong>\u201cLas ciudades est\u00e1n para vivirlas, no para mirarlas\u201d. <\/strong><\/p><cite>Alexis Ravelo<\/cite><\/blockquote>\n\n\n\n<figure class=\"wp-block-image size-large\"><img loading=\"lazy\" decoding=\"async\" width=\"2000\" height=\"1331\" src=\"http:\/\/www.canariasviaja.com\/viajaresvivir\/wp-content\/uploads\/2021\/05\/Plano-general-Playa-de-Las-Canteras.jpg\" alt=\"Playa de las canteras Alexis Ravelo\" class=\"wp-image-7318\" srcset=\"https:\/\/www.canariasviaja.com\/viajaresvivir\/wp-content\/uploads\/2021\/05\/Plano-general-Playa-de-Las-Canteras.jpg 2000w, https:\/\/www.canariasviaja.com\/viajaresvivir\/wp-content\/uploads\/2021\/05\/Plano-general-Playa-de-Las-Canteras-300x200.jpg 300w, https:\/\/www.canariasviaja.com\/viajaresvivir\/wp-content\/uploads\/2021\/05\/Plano-general-Playa-de-Las-Canteras-768x511.jpg 768w, https:\/\/www.canariasviaja.com\/viajaresvivir\/wp-content\/uploads\/2021\/05\/Plano-general-Playa-de-Las-Canteras-1536x1022.jpg 1536w, https:\/\/www.canariasviaja.com\/viajaresvivir\/wp-content\/uploads\/2021\/05\/Plano-general-Playa-de-Las-Canteras-1200x799.jpg 1200w, https:\/\/www.canariasviaja.com\/viajaresvivir\/wp-content\/uploads\/2021\/05\/Plano-general-Playa-de-Las-Canteras-1623x1080.jpg 1623w\" sizes=\"(max-width: 2000px) 100vw, 2000px\" \/><\/figure>\n\n\n\n<p><strong>La serie de novelas de Eladio Monroy del escritor canario invitan al lector a callejear por Las Palmas solucionando misterios e impartiendo justicia al latir de la urbe marina, colorida y atl\u00e1ntica.&nbsp;<\/strong><\/p>\n\n\n\n<p><em>\u00abLas ciudades son los libros que se leen con los pies\u00bb<\/em> cantaba Quint\u00edn Cabrera y <strong>Alexis Ravelo<\/strong> lo rememoraba en uno de los talleres de escritura que imparte. Viajar est\u00e1 siempre a la vuelta de la esquina. Cualquier espacio, por cerca que est\u00e9, es <em>viajable <\/em>si lo sabemos ver. <\/p>\n\n\n\n<div style=\"height:100px\" aria-hidden=\"true\" class=\"wp-block-spacer\"><\/div>\n\n\n\n<h3 class=\"wp-block-heading\">Las Palmas, ciudad <em>noir<\/em><\/h3>\n\n\n\n<figure class=\"wp-block-image size-large\"><img loading=\"lazy\" decoding=\"async\" width=\"1024\" height=\"768\" src=\"http:\/\/www.canariasviaja.com\/viajaresvivir\/wp-content\/uploads\/2021\/05\/Edificiuo-Elder-Parque-Santa-Catalina.jpg\" alt=\"Parque Santa Catalina de noche Alexis Ravelo\" class=\"wp-image-7313\" srcset=\"https:\/\/www.canariasviaja.com\/viajaresvivir\/wp-content\/uploads\/2021\/05\/Edificiuo-Elder-Parque-Santa-Catalina.jpg 1024w, https:\/\/www.canariasviaja.com\/viajaresvivir\/wp-content\/uploads\/2021\/05\/Edificiuo-Elder-Parque-Santa-Catalina-300x225.jpg 300w, https:\/\/www.canariasviaja.com\/viajaresvivir\/wp-content\/uploads\/2021\/05\/Edificiuo-Elder-Parque-Santa-Catalina-768x576.jpg 768w, https:\/\/www.canariasviaja.com\/viajaresvivir\/wp-content\/uploads\/2021\/05\/Edificiuo-Elder-Parque-Santa-Catalina-800x600.jpg 800w\" sizes=\"(max-width: 1024px) 100vw, 1024px\" \/><figcaption>Foto: Julia Garc\u00eda<\/figcaption><\/figure>\n\n\n\n<p>Las urbes son semilleros de historias policiacas, intriga y misterio, la gran herramienta de inspiraci\u00f3n en el <em>noir<\/em>. Estocolmo, Venecia, Atenas o Sicilia estar\u00e1n ligadas por siempre al imaginario colectivo como los escenarios del <em>hard-boiled <\/em>o novela negra, dotados de atm\u00f3sferas y detalles que har\u00e1n sentir al lector incluso la humedad que se respira en ellas. \u00bfQui\u00e9n no se acuerda del olor a gambas de Madrid en las novelas de V\u00e1zquez Montalb\u00e1n o el malec\u00f3n de La Habana visto como la <em>\u201cserpiente p\u00e9trea\u201d<\/em> que describ\u00eda Leonardo Padura? <\/p>\n\n\n\n<p><strong>Las Palmas de Gran Canaria <\/strong>se suma a la lista negra de ciudades <em>hervidas hasta endurecer<\/em>. Sus calles ahora no solo huelen a salitre sino tambi\u00e9n a cortados de caf\u00e9, a carne fiesta, a socarroner\u00eda. En Gran Canaria transcurren la mayor\u00eda de las novelas de Alexis Ravelo, escritor de cuentos, narrativa fant\u00e1stica, libros infantiles, juveniles y novela negra. Avezado y celebrado en cualquier g\u00e9nero que se proponga, es uno de los grandes escritores espa\u00f1oles del momento. De prosa salvaje y sin pelos en la lengua. Las novelas de Ravelo son un golpetazo sobre la mesa, activismo pol\u00edtico. Retratan, con inteligencia y sensibilidad, la s\u00f3rdida realidad del mundo y las peque\u00f1as buenas cosas que lo hacen habitable. Repartiendo humor y cr\u00edtica: agudo, l\u00facido y muy canario.&nbsp;<\/p>\n\n\n\n<div style=\"height:100px\" aria-hidden=\"true\" class=\"wp-block-spacer\"><\/div>\n\n\n\n<h3 class=\"wp-block-heading\">Leyendo Las Palmas con los pies<\/h3>\n\n\n\n<figure class=\"wp-block-image size-large\"><img loading=\"lazy\" decoding=\"async\" width=\"2000\" height=\"1125\" src=\"http:\/\/www.canariasviaja.com\/viajaresvivir\/wp-content\/uploads\/2021\/05\/Playa-de-las-canteras-hamacas.jpg\" alt=\"Playa de las canteras\" class=\"wp-image-7321\" srcset=\"https:\/\/www.canariasviaja.com\/viajaresvivir\/wp-content\/uploads\/2021\/05\/Playa-de-las-canteras-hamacas.jpg 2000w, https:\/\/www.canariasviaja.com\/viajaresvivir\/wp-content\/uploads\/2021\/05\/Playa-de-las-canteras-hamacas-300x169.jpg 300w, https:\/\/www.canariasviaja.com\/viajaresvivir\/wp-content\/uploads\/2021\/05\/Playa-de-las-canteras-hamacas-768x432.jpg 768w, https:\/\/www.canariasviaja.com\/viajaresvivir\/wp-content\/uploads\/2021\/05\/Playa-de-las-canteras-hamacas-1536x864.jpg 1536w, https:\/\/www.canariasviaja.com\/viajaresvivir\/wp-content\/uploads\/2021\/05\/Playa-de-las-canteras-hamacas-1200x675.jpg 1200w, https:\/\/www.canariasviaja.com\/viajaresvivir\/wp-content\/uploads\/2021\/05\/Playa-de-las-canteras-hamacas-1920x1080.jpg 1920w, https:\/\/www.canariasviaja.com\/viajaresvivir\/wp-content\/uploads\/2021\/05\/Playa-de-las-canteras-hamacas-960x540.jpg 960w\" sizes=\"(max-width: 2000px) 100vw, 2000px\" \/><figcaption>Playa de Las Canteras<\/figcaption><\/figure>\n\n\n\n<p>Realizamos un <strong>paseo ficcionado con el autor<\/strong>\u2014la entrevista fue a trav\u00e9s de correo electr\u00f3nico\u2014 por los sitios frecuentados por sus personajes en Las Palmas. Comenzamos por l<strong>a playa de Las Canteras<\/strong>, tres kil\u00f3metros de arena que recorre el lado de poniente del istmo de Guanarteme hasta La Isleta. Esta es una playa de las m\u00e1s valoradas de Espa\u00f1a y de las urbanas mejores del mundo. Le preguntamos al autor por sus escritores referentes en cuanto a creaci\u00f3n de espacios literarios. <em>\u00abSoy de los que picotean aqu\u00ed y all\u00e1 entre los maestros. Me fijo en lo que hacen uno u otro dependiendo de lo que deba hacer para contar mi historia. Pero hay algunas br\u00fajulas fiables. Gald\u00f3s y tambi\u00e9n Gonz\u00e1lez Ledesma, que tiene hermos\u00edsimas descripciones, llenas de melancol\u00eda y sordidez. Tambi\u00e9n me fascinan los creadores de ambientes opresivos, como Juan Carlos Onetti o Luis Mart\u00edn Santos. Pero soy canario, as\u00ed que en la reflexi\u00f3n sobre el espacio no puedo olvidar las aportaciones de Pedro Garc\u00eda Cabrera o de Agust\u00edn Espinosa, aquello de buscar lo integral, de crear una atm\u00f3sfera po\u00e9tica, un mito conductor para contarlo\u00bb.&nbsp;<\/em><\/p>\n\n\n\n<figure class=\"wp-block-image size-large\"><img loading=\"lazy\" decoding=\"async\" width=\"2000\" height=\"1244\" src=\"http:\/\/www.canariasviaja.com\/viajaresvivir\/wp-content\/uploads\/2021\/05\/Playa-de-Las-Canteras.jpg\" alt=\"Playa de las canteras\" class=\"wp-image-7322\" srcset=\"https:\/\/www.canariasviaja.com\/viajaresvivir\/wp-content\/uploads\/2021\/05\/Playa-de-Las-Canteras.jpg 2000w, https:\/\/www.canariasviaja.com\/viajaresvivir\/wp-content\/uploads\/2021\/05\/Playa-de-Las-Canteras-300x187.jpg 300w, https:\/\/www.canariasviaja.com\/viajaresvivir\/wp-content\/uploads\/2021\/05\/Playa-de-Las-Canteras-768x478.jpg 768w, https:\/\/www.canariasviaja.com\/viajaresvivir\/wp-content\/uploads\/2021\/05\/Playa-de-Las-Canteras-1536x955.jpg 1536w, https:\/\/www.canariasviaja.com\/viajaresvivir\/wp-content\/uploads\/2021\/05\/Playa-de-Las-Canteras-1200x746.jpg 1200w, https:\/\/www.canariasviaja.com\/viajaresvivir\/wp-content\/uploads\/2021\/05\/Playa-de-Las-Canteras-1736x1080.jpg 1736w\" sizes=\"(max-width: 2000px) 100vw, 2000px\" \/><figcaption>Playa de las Canteras al atardecer<\/figcaption><\/figure>\n\n\n\n<p>Su primer libro, <strong><a href=\"https:\/\/alreveseditorial.com\/libros\/tres-funerales-para-eladio-monroy\" target=\"_blank\" rel=\"noreferrer noopener\">Tres funerales para Eladio Monroy<\/a><\/strong><em> <\/em>(2006)<em> <\/em>fue el que comenz\u00f3 una serie \u2014cuya sexta entrega se titula <strong><em>Si no hubiera ma\u00f1ana<\/em> <\/strong>y se publica el pr\u00f3ximo mes de julio\u2014 y su protagonista, Eladio Monroy, es un pensionista de la marina tambi\u00e9n conocido como el Mike Hammer de la calle Murga. Socarr\u00f3n, viajado y le\u00eddo. Una especie de tipo duro pero tierno y de gran coraz\u00f3n que resuelve distintos casos, para complementar su pensi\u00f3n, un tanto complicados, de forma libre y a su manera. Los d\u00edas que no est\u00e1 metido en alg\u00fan l\u00edo suele pasarlos tomando caf\u00e9 y leyendo el peri\u00f3dico en el <strong>bar Casablanca<\/strong> de su amigo el tuerto Casimiro, molestando al Chapi y a Dud\u00fa del taller mec\u00e1nico y a su vecino Mat\u00edas; cocina algo rico y sale a tomar unas cervezas al anochecer, en la terraza del <strong>Hotel Madrid<\/strong> o cualquiera del <strong>barrio de Vegueta<\/strong> con Gloria, su pareja, y su hija Paula. Leer uno de estos libros es <strong>pisar Las Palmas<\/strong>, conocerla y pasearla agradablemente acompa\u00f1ando al protagonista en sus correr\u00edas. Cada libro de la serie rescata temas candentes de la Espa\u00f1a contempor\u00e1nea: violencia machista, corrupci\u00f3n urban\u00edstica, mafia en la industria farmac\u00e9utica, abuso de poder pol\u00edtico y empresarial, narcotr\u00e1fico, secuestros, homicidios y trata de blancas&#8230;&nbsp;<\/p>\n\n\n\n<div style=\"height:100px\" aria-hidden=\"true\" class=\"wp-block-spacer\"><\/div>\n\n\n\n<h3 class=\"wp-block-heading\">El barrio de Eladio Monroy<\/h3>\n\n\n\n<figure class=\"wp-block-image size-large\"><img loading=\"lazy\" decoding=\"async\" width=\"1024\" height=\"543\" src=\"http:\/\/www.canariasviaja.com\/viajaresvivir\/wp-content\/uploads\/2021\/05\/Plaza-Santa-Catalina-panoramica.jpg\" alt=\"Parque Santa Catalina Foto: Ju\u00f1ia Garc\u00eda\" class=\"wp-image-7324\" srcset=\"https:\/\/www.canariasviaja.com\/viajaresvivir\/wp-content\/uploads\/2021\/05\/Plaza-Santa-Catalina-panoramica.jpg 1024w, https:\/\/www.canariasviaja.com\/viajaresvivir\/wp-content\/uploads\/2021\/05\/Plaza-Santa-Catalina-panoramica-300x159.jpg 300w, https:\/\/www.canariasviaja.com\/viajaresvivir\/wp-content\/uploads\/2021\/05\/Plaza-Santa-Catalina-panoramica-768x407.jpg 768w\" sizes=\"(max-width: 1024px) 100vw, 1024px\" \/><figcaption>Parque Santa Catalina. Foto: Julia Garc\u00eda<\/figcaption><\/figure>\n\n\n\n<p>Caminamos junto al autor por el <strong>parque de Santa Catalina<\/strong>, dejando atr\u00e1s a Lolita Pluma y sus gatos petrificados. Uno de los puntos de encuentro m\u00e1s emblem\u00e1ticos de la ciudad, plaza sombreada con vistas al puerto, con hoteles, tiendas y arquitectura que mezcla de forma extra\u00f1a pero arm\u00f3nica el pasar del tiempo. Hacia el sur, pasamos por la calle <strong>Le\u00f3n y Castillo<\/strong>, donde en las novelas est\u00e1 el bar Casablanca \u2014basado en un bar de similares caracter\u00edsticas llamado <strong>Uni\u00f3n Arenales <\/strong>pero que ya no existe\u2014. Recorremos toda la Le\u00f3n y Castillo hasta la <strong>calle Murga<\/strong> n\u00famero 15, el hogar de Monroy.&nbsp;<\/p>\n\n\n\n<p>Es habitual, entre los lectores de Alexis Ravelo, comentar que sonr\u00eden por dentro al reconocer los lugares de los libros mientras caminan por esta ciudad. Como Carmen Quintana, lectora de Las Palmas, que pasa por la calle de Eladio Monroy&nbsp; habitualmente. <em>\u00abLeer sus libros me hace querer m\u00e1s mi ciudad, marinera y de gente humilde. Los personajes que crea son absolutamente cre\u00edbles, te los podr\u00edas encontrar en cualquier bar de la ciudad\u00bb.&nbsp;<\/em><\/p>\n\n\n\n<figure class=\"wp-block-gallery has-nested-images columns-default is-cropped wp-block-gallery-1 is-layout-flex wp-block-gallery-is-layout-flex\">\n<figure class=\"wp-block-image size-large\"><img loading=\"lazy\" decoding=\"async\" width=\"934\" height=\"700\" data-id=\"7315\" src=\"http:\/\/www.canariasviaja.com\/viajaresvivir\/wp-content\/uploads\/2021\/05\/Parque-Santa-catalina.jpg\" alt=\"\" class=\"wp-image-7315\" srcset=\"https:\/\/www.canariasviaja.com\/viajaresvivir\/wp-content\/uploads\/2021\/05\/Parque-Santa-catalina.jpg 934w, https:\/\/www.canariasviaja.com\/viajaresvivir\/wp-content\/uploads\/2021\/05\/Parque-Santa-catalina-300x225.jpg 300w, https:\/\/www.canariasviaja.com\/viajaresvivir\/wp-content\/uploads\/2021\/05\/Parque-Santa-catalina-768x576.jpg 768w, https:\/\/www.canariasviaja.com\/viajaresvivir\/wp-content\/uploads\/2021\/05\/Parque-Santa-catalina-800x600.jpg 800w\" sizes=\"(max-width: 934px) 100vw, 934px\" \/><\/figure>\n\n\n\n<figure class=\"wp-block-image size-large\"><img loading=\"lazy\" decoding=\"async\" width=\"1009\" height=\"757\" data-id=\"7309\" src=\"http:\/\/www.canariasviaja.com\/viajaresvivir\/wp-content\/uploads\/2021\/05\/Casa-del-Turismo-Parque-Santa-Catalina.jpg\" alt=\"\" class=\"wp-image-7309\" srcset=\"https:\/\/www.canariasviaja.com\/viajaresvivir\/wp-content\/uploads\/2021\/05\/Casa-del-Turismo-Parque-Santa-Catalina.jpg 1009w, https:\/\/www.canariasviaja.com\/viajaresvivir\/wp-content\/uploads\/2021\/05\/Casa-del-Turismo-Parque-Santa-Catalina-300x225.jpg 300w, https:\/\/www.canariasviaja.com\/viajaresvivir\/wp-content\/uploads\/2021\/05\/Casa-del-Turismo-Parque-Santa-Catalina-768x576.jpg 768w, https:\/\/www.canariasviaja.com\/viajaresvivir\/wp-content\/uploads\/2021\/05\/Casa-del-Turismo-Parque-Santa-Catalina-800x600.jpg 800w\" sizes=\"(max-width: 1009px) 100vw, 1009px\" \/><figcaption>Parque Santa Catalina. Foto: Julia Garc\u00eda<\/figcaption><\/figure>\n\n\n\n<figure class=\"wp-block-image size-large\"><img loading=\"lazy\" decoding=\"async\" width=\"934\" height=\"700\" data-id=\"7314\" src=\"http:\/\/www.canariasviaja.com\/viajaresvivir\/wp-content\/uploads\/2021\/05\/Paque-Santa-Catalina-bar.jpg\" alt=\"Parque Santa Catalina\" class=\"wp-image-7314\" srcset=\"https:\/\/www.canariasviaja.com\/viajaresvivir\/wp-content\/uploads\/2021\/05\/Paque-Santa-Catalina-bar.jpg 934w, https:\/\/www.canariasviaja.com\/viajaresvivir\/wp-content\/uploads\/2021\/05\/Paque-Santa-Catalina-bar-300x225.jpg 300w, https:\/\/www.canariasviaja.com\/viajaresvivir\/wp-content\/uploads\/2021\/05\/Paque-Santa-Catalina-bar-768x576.jpg 768w, https:\/\/www.canariasviaja.com\/viajaresvivir\/wp-content\/uploads\/2021\/05\/Paque-Santa-Catalina-bar-800x600.jpg 800w\" sizes=\"(max-width: 934px) 100vw, 934px\" \/><\/figure>\n<\/figure>\n\n\n\n<p>\u00bfEn qu\u00e9 forma Las Palmas de Gran Canaria se corresponde con el interior del personaje de Eladio Monroy? Alexis contesta: <em>\u00abNo es que se corresponda: para m\u00ed, Eladio Monroy es Las Palmas de Gran Canaria. Al crearlo, yo entend\u00ed que \u00e9l, con sus contradicciones, representaba mejor la ciudad que ninguna descripci\u00f3n. Al menos, esa ciudad que iba muriendo con su generaci\u00f3n, esa ciudad cambullonera y pachorrienta, provinciana y cosmopolita a la que ha ido devorando la globalizaci\u00f3n\u00bb.&nbsp;<\/em><\/p>\n\n\n\n<blockquote class=\"wp-block-quote is-layout-flow wp-block-quote-is-layout-flow\"><p>\u00abEl lunes, un burro obeso, calentorro y fofo le tom\u00f3 querencia a la ciudad y se ech\u00f3 a dormir la siesta sobre ella, ocultando el cielo con su panza. La can\u00edcula, unida a su mala gana habitual, hab\u00eda puesto a Monroy de un particular mal yogur, porque, para m\u00e1s inri, despu\u00e9s de dejar a Naranjito en el local del Chapi, no le estaba resultando f\u00e1cil dar con el Ministro\u00bb. <\/p><cite>Los tipos duros no leen poes\u00eda, tercera de la serie de Eladio Monroy, Alexis Ravelo.<\/cite><\/blockquote>\n\n\n\n<div style=\"height:100px\" aria-hidden=\"true\" class=\"wp-block-spacer\"><\/div>\n\n\n\n<h3 class=\"wp-block-heading\">Jugando con la realidad en Triana <\/h3>\n\n\n\n<figure class=\"wp-block-image size-large\"><img loading=\"lazy\" decoding=\"async\" width=\"1024\" height=\"683\" src=\"http:\/\/www.canariasviaja.com\/viajaresvivir\/wp-content\/uploads\/2021\/05\/Calle-Triana.jpg\" alt=\"Calle Triana\" class=\"wp-image-7306\" srcset=\"https:\/\/www.canariasviaja.com\/viajaresvivir\/wp-content\/uploads\/2021\/05\/Calle-Triana.jpg 1024w, https:\/\/www.canariasviaja.com\/viajaresvivir\/wp-content\/uploads\/2021\/05\/Calle-Triana-300x200.jpg 300w, https:\/\/www.canariasviaja.com\/viajaresvivir\/wp-content\/uploads\/2021\/05\/Calle-Triana-768x512.jpg 768w\" sizes=\"(max-width: 1024px) 100vw, 1024px\" \/><figcaption>Calle Triana<\/figcaption><\/figure>\n\n\n\n<p>Caminar hacia el sur es como ir atr\u00e1s en el tiempo. Los edificios de la peatonal <strong>calle Triana<\/strong> \u2014llamada as\u00ed en sus inicios por su parecido con el barrio sevillano\u2014 nos ofrecen colores y comercios, la vida de sus caminantes. Cerca de aqu\u00ed est\u00e1n el <strong>Teatro P\u00e9rez Gald\u00f3s<\/strong> donde bulle la vida cultural de la isla, de estilo neocl\u00e1sico \u201ca la italiana\u201d; el <strong>Gabinete Literario<\/strong>, una joya arquitect\u00f3nica de influencias modernistas, y la <strong>Iglesia de San Francisco<\/strong>, con la portada de estilo barroco y de piedra. Atravesamos el <strong>Parque de San Telmo<\/strong> con su quiosco, ya estamos casi en el barrio de Vegueta.<\/p>\n\n\n\n<p>\u00bfCu\u00e1nto hay de ficci\u00f3n y de realidad sobre esta ciudad en las novelas de Alexis Ravelo? <em>\u00abEsta cuesti\u00f3n es m\u00e1s complicada de lo que parece\u00bb<\/em>, responde. \u00ab<em>En mis novelas todo es ficci\u00f3n. Una novela es, para m\u00ed, una imagen especular del mundo. Y pienso que cada autor, al escribir, crea los espacios que necesita para contar sus historias. Cuando ese espacio tiene un referente real, re-inventa ese espacio, convierte en paisaje una geograf\u00eda. En el caso de las ficciones que ambiento en las Palmas de Gran Canaria, no ocurren en la ciudad real, sino en la que yo me he inventado, aunque me la he inventado porque mi intenci\u00f3n es captar el esp\u00edritu de la ciudad, si es que tiene alguno, antes que su apariencia. As\u00ed que, en muchas ocasiones, traiciono la supuesta disposici\u00f3n objetiva del espacio, eso que te podr\u00eda mostrar una fotograf\u00eda, para intentar acercarme, a trav\u00e9s de la mentira, a lo que hay en el fondo de la realidad\u00bb.&nbsp;<\/em><\/p>\n\n\n\n<figure class=\"wp-block-image size-large\"><img loading=\"lazy\" decoding=\"async\" width=\"2000\" height=\"1333\" src=\"http:\/\/www.canariasviaja.com\/viajaresvivir\/wp-content\/uploads\/2021\/05\/Zona-Triana-Vegueta-2000x1333.jpg\" alt=\"Zona de Triana Vegueta. Alexis Ravelo\" class=\"wp-image-7329\" srcset=\"https:\/\/www.canariasviaja.com\/viajaresvivir\/wp-content\/uploads\/2021\/05\/Zona-Triana-Vegueta-2000x1333.jpg 2000w, https:\/\/www.canariasviaja.com\/viajaresvivir\/wp-content\/uploads\/2021\/05\/Zona-Triana-Vegueta-300x200.jpg 300w, https:\/\/www.canariasviaja.com\/viajaresvivir\/wp-content\/uploads\/2021\/05\/Zona-Triana-Vegueta-768x512.jpg 768w, https:\/\/www.canariasviaja.com\/viajaresvivir\/wp-content\/uploads\/2021\/05\/Zona-Triana-Vegueta-1536x1024.jpg 1536w, https:\/\/www.canariasviaja.com\/viajaresvivir\/wp-content\/uploads\/2021\/05\/Zona-Triana-Vegueta-2048x1365.jpg 2048w, https:\/\/www.canariasviaja.com\/viajaresvivir\/wp-content\/uploads\/2021\/05\/Zona-Triana-Vegueta-1200x800.jpg 1200w, https:\/\/www.canariasviaja.com\/viajaresvivir\/wp-content\/uploads\/2021\/05\/Zona-Triana-Vegueta-1620x1080.jpg 1620w\" sizes=\"(max-width: 2000px) 100vw, 2000px\" \/><\/figure>\n\n\n\n<blockquote class=\"wp-block-quote is-layout-flow wp-block-quote-is-layout-flow\"><p><strong>\u00abLa ciudad de paso de la que los viajeros no se van jam\u00e1s. La ciudad de los \u00e1ngeles en ch\u00e1ndal y las ratas con corbata. La ciudad de la luz y los despojos. Ah\u00ed, tendida junto al mar, est\u00e1 la ciudad que fund\u00f3 Juan Rej\u00f3n y que luego se fue alzando sobre el sudor y la sangre, una ramera haciendo la siesta, una apuesta contra el tiempo, una pregunta balbuceante. Trescientas ochenta mil almas viviendo y muriendo entre los riscos y La Isleta, entre los suburbios que llegan m\u00e1s all\u00e1 de San Lorenzo y las colmenas de la supervivencia que lindan con Telde\u00bb. <\/strong><\/p><cite><strong>El peor de los tiempos, quinta de la serie de Eladio Monroy, Alexis Ravelo.&nbsp;<\/strong><\/cite><\/blockquote>\n\n\n\n<div style=\"height:100px\" aria-hidden=\"true\" class=\"wp-block-spacer\"><\/div>\n\n\n\n<h3 class=\"wp-block-heading\">Rincones literarios<\/h3>\n\n\n\n<p>Cada lector guarda dentro de s\u00ed un sitio al que anhelamos regresar tras sentirlo en las palabras de un libro. Encontrarse, quiz\u00e1, con los personajes, como si hubieran saltado de las p\u00e1ginas y vivieran en el libre albedr\u00edo del mundo real, cual Augusto P\u00e9rez en <em>Niebla, <\/em>de Unamuno. Alexis Ravelo tambi\u00e9n tiene sus rincones literarios. <em>\u00abMadrid, por supuesto, con Gald\u00f3s. Cuando voy para all\u00e1, tengo la costumbre de subir Atocha hasta la iglesia de San Sebasti\u00e1n, que \u00e9l describe en Misericordia. Ya no es como la describe, la llamaba ejemplo de caricatura monumental y mamarracho, pero sigue siendo fe\u00edsima. Y, sin embargo, decidi\u00f3 fijarse en ella. Creo que \u00e9l sab\u00eda que el esp\u00edritu de las ciudades no est\u00e1 en sus lugares m\u00e1s bellos y emblem\u00e1ticos, sino all\u00e1 donde la ciudad bulle. Tambi\u00e9n he recordado a Gald\u00f3s al visitar el barrio de La Vi\u00f1a en C\u00e1diz, donde naci\u00f3 Gabriel de Araceli. En Barcelona me suelen acompa\u00f1ar mucho las lecturas que he hecho de Gonz\u00e1lez Ledesma, de Andreu Mart\u00edn y de V\u00e1zquez Montalb\u00e1n pero, en los \u00faltimos a\u00f1os, me ocurre al rev\u00e9s: leo libros que me mencionan sitios que conozco bien y s\u00e9 que sus autores han respirado esos sitios y eso me hermana con ellos. Me ocurre, en Barcelona, con novelas de Rosa Ribas, Carlos Zan\u00f3n o Carlos Bassas del Rey; en Madrid con las de Paco G\u00f3mez Escribano; en Bilbao con las de Jon Arretxe o Jos\u00e9 Javier Abasolo\u00bb.&nbsp;<\/em><\/p>\n\n\n\n<div style=\"height:100px\" aria-hidden=\"true\" class=\"wp-block-spacer\"><\/div>\n\n\n\n<h3 class=\"wp-block-heading\">Ravelo y Las Palmas<\/h3>\n\n\n\n<figure class=\"wp-block-image size-large\"><img loading=\"lazy\" decoding=\"async\" width=\"1024\" height=\"672\" src=\"http:\/\/www.canariasviaja.com\/viajaresvivir\/wp-content\/uploads\/2021\/05\/Calle-Peregrina-Vegueta.jpg\" alt=\"Calles de Vegueta\" class=\"wp-image-7305\" srcset=\"https:\/\/www.canariasviaja.com\/viajaresvivir\/wp-content\/uploads\/2021\/05\/Calle-Peregrina-Vegueta.jpg 1024w, https:\/\/www.canariasviaja.com\/viajaresvivir\/wp-content\/uploads\/2021\/05\/Calle-Peregrina-Vegueta-300x197.jpg 300w, https:\/\/www.canariasviaja.com\/viajaresvivir\/wp-content\/uploads\/2021\/05\/Calle-Peregrina-Vegueta-768x504.jpg 768w\" sizes=\"(max-width: 1024px) 100vw, 1024px\" \/><figcaption>Calle Peregrina, Vegueta<\/figcaption><\/figure>\n\n\n\n<p>Las Palmas mostrada no como lugar id\u00edlico donde pasar unas enso\u00f1adas vacaciones sino como lugar \u00fanico perteneciente al mundo: con su belleza y sus bajos fondos. Alexis Ravelo traza su propio estilo <em>archipiel\u00e1gico<\/em>, influido por la esencia de las Islas Canarias: un cruce de caminos, sabores que vienen de Am\u00e9rica, \u00c1frica y Europa. <em>\u00abYo me cri\u00e9 en una ciudad portuaria, con influencias de muchos sitios, con el mar imponiendo el ritmo y mirando al horizonte, de donde han de venir todos los Evangelios, como dec\u00eda Garc\u00eda Cabrera, mientras, a la espalda, ten\u00eda un paisaje de riscos y barrancos, de senderos innumerables. No s\u00e9 si habr\u00eda sido escritor de haber vivido en otro sitio, pero s\u00ed estoy seguro de que habr\u00eda sido un escritor muy diferente\u00bb.<\/em><\/p>\n\n\n\n<blockquote class=\"wp-block-quote is-layout-flow wp-block-quote-is-layout-flow\"><p>\u00abEn otras estancias en la isla, el hombre grande hab\u00eda dispuesto de algunos d\u00edas libres que hab\u00eda aprovechado para hacer turismo y hab\u00eda visto paisajes que le hab\u00edan dejado sin habla: en las cumbres del centro, en las median\u00edas del norte, en los barrancos del sur. Y, en la propia capital, prefer\u00eda la zona de la ciudad antigua, Vegueta, o la de la playa de Las Canteras a esa calle bulliciosa y anodina dominada por la presencia de los comercios\u00bb. <\/p><cite><strong>Los tipos duros no leen poes\u00eda, tercero de la serie de Eladio Monroy.&nbsp;<\/strong><\/cite><\/blockquote>\n\n\n\n<figure class=\"wp-block-image size-large\"><img loading=\"lazy\" decoding=\"async\" width=\"1024\" height=\"681\" src=\"http:\/\/www.canariasviaja.com\/viajaresvivir\/wp-content\/uploads\/2021\/05\/Plazoleta-de-Cairasco.jpg\" alt=\"Plaza de Cairasco. Hotel Madrid localizaci\u00f3n de las novelas de Alexis Ravelo.\" class=\"wp-image-7325\" srcset=\"https:\/\/www.canariasviaja.com\/viajaresvivir\/wp-content\/uploads\/2021\/05\/Plazoleta-de-Cairasco.jpg 1024w, https:\/\/www.canariasviaja.com\/viajaresvivir\/wp-content\/uploads\/2021\/05\/Plazoleta-de-Cairasco-300x200.jpg 300w, https:\/\/www.canariasviaja.com\/viajaresvivir\/wp-content\/uploads\/2021\/05\/Plazoleta-de-Cairasco-768x511.jpg 768w\" sizes=\"(max-width: 1024px) 100vw, 1024px\" \/><figcaption>Gabinete Literario y Hotel Madrid<\/figcaption><\/figure>\n\n\n\n<p>Pero, \u00bfc\u00f3mo es la relaci\u00f3n del autor con la ciudad de Las Palmas? <em>\u00abDe viejos amantes. Le soporto las neuras y los achaques y, a veces, me exaspera, pero no quiero abandonarla. Me gustaba m\u00e1s cuando era m\u00e1s sucia, alocada y desordenada. Ahora se las da de europea, se ha ido aburguesando, tiene demasiadas normas. Digamos que se las da de fina, cuando, en realidad, no lo es. Por suerte, quedan rincones (en Vegueta, en Guanarteme, en La Isleta) que siguen mostrando lo que es realmente\u00bb.&nbsp;<\/em><\/p>\n\n\n\n<blockquote class=\"wp-block-quote is-layout-flow wp-block-quote-is-layout-flow\"><p>\u00abLa calle peatonal, el hipermercado y el centro comercial hab\u00edan ido dando pu\u00f1alada tras pu\u00f1alada a aquella ciudad portuaria, sucia y colorista. La de ahora era m\u00e1s amplia, m\u00e1s limpia, mejor edificada y, decididamente, m\u00e1s aburrida\u00bb. <\/p><cite><strong>Los tipos duros no leen poes\u00eda<\/strong>, <strong>tercero de la serie de Eladio Monroy.&nbsp;<\/strong><\/cite><\/blockquote>\n\n\n\n<div style=\"height:100px\" aria-hidden=\"true\" class=\"wp-block-spacer\"><\/div>\n\n\n\n<h3 class=\"wp-block-heading\">Vegueta<\/h3>\n\n\n\n<figure class=\"wp-block-image size-large\"><img loading=\"lazy\" decoding=\"async\" width=\"1024\" height=\"678\" src=\"http:\/\/www.canariasviaja.com\/viajaresvivir\/wp-content\/uploads\/2021\/05\/Casa-de-Colon-Vegueta.jpg\" alt=\"Plaza del Pilar Nuevo, Vegueta. Alexis Ravelo\" class=\"wp-image-7308\" srcset=\"https:\/\/www.canariasviaja.com\/viajaresvivir\/wp-content\/uploads\/2021\/05\/Casa-de-Colon-Vegueta.jpg 1024w, https:\/\/www.canariasviaja.com\/viajaresvivir\/wp-content\/uploads\/2021\/05\/Casa-de-Colon-Vegueta-300x199.jpg 300w, https:\/\/www.canariasviaja.com\/viajaresvivir\/wp-content\/uploads\/2021\/05\/Casa-de-Colon-Vegueta-768x509.jpg 768w\" sizes=\"(max-width: 1024px) 100vw, 1024px\" \/><figcaption>Casa de Col\u00f3n en Vegueta<\/figcaption><\/figure>\n\n\n\n<p>Llegamos a <strong><a href=\"https:\/\/www.canariasviaja.com\/viajaresvivir\/vegueta-la-bella\/\">Vegueta<\/a><\/strong>, el lugar donde se fund\u00f3 la ciudad de Las Palmas en 1478. Sus calles coloniales empedradas, casas, plazas, museos y palacios de colores c\u00e1lidos contrastan con la piedra volc\u00e1nica de los marcos de sus puertas y balcones de madera. Es la <strong>puerta de Am\u00e9rica y Europa<\/strong>. Aqu\u00ed se encuentran algunos de los <strong>edificios hist\u00f3ricos m\u00e1s importantes del archipi\u00e9lago<\/strong>. Uno de los barrios m\u00e1s bellos y agradables de Espa\u00f1a para pasear, para quedarse, por su ambiente cercano, de barrio, de pueblo.&nbsp;<\/p>\n\n\n\n<figure class=\"wp-block-gallery has-nested-images columns-default is-cropped wp-block-gallery-2 is-layout-flex wp-block-gallery-is-layout-flex\">\n<figure class=\"wp-block-image size-large\"><img loading=\"lazy\" decoding=\"async\" width=\"1024\" height=\"683\" data-id=\"7310\" src=\"http:\/\/www.canariasviaja.com\/viajaresvivir\/wp-content\/uploads\/2021\/05\/Catedral-de-Santa-Ana-Vegueta.jpg\" alt=\"\" class=\"wp-image-7310\" srcset=\"https:\/\/www.canariasviaja.com\/viajaresvivir\/wp-content\/uploads\/2021\/05\/Catedral-de-Santa-Ana-Vegueta.jpg 1024w, https:\/\/www.canariasviaja.com\/viajaresvivir\/wp-content\/uploads\/2021\/05\/Catedral-de-Santa-Ana-Vegueta-300x200.jpg 300w, https:\/\/www.canariasviaja.com\/viajaresvivir\/wp-content\/uploads\/2021\/05\/Catedral-de-Santa-Ana-Vegueta-768x512.jpg 768w\" sizes=\"(max-width: 1024px) 100vw, 1024px\" \/><\/figure>\n\n\n\n<figure class=\"wp-block-image size-large\"><img loading=\"lazy\" decoding=\"async\" width=\"934\" height=\"700\" data-id=\"7317\" src=\"http:\/\/www.canariasviaja.com\/viajaresvivir\/wp-content\/uploads\/2021\/05\/Perro-plaza-de-Santa-AnaJulia-Garci\u0301a.jpg\" alt=\"\" class=\"wp-image-7317\" srcset=\"https:\/\/www.canariasviaja.com\/viajaresvivir\/wp-content\/uploads\/2021\/05\/Perro-plaza-de-Santa-AnaJulia-Garci\u0301a.jpg 934w, https:\/\/www.canariasviaja.com\/viajaresvivir\/wp-content\/uploads\/2021\/05\/Perro-plaza-de-Santa-AnaJulia-Garci\u0301a-300x225.jpg 300w, https:\/\/www.canariasviaja.com\/viajaresvivir\/wp-content\/uploads\/2021\/05\/Perro-plaza-de-Santa-AnaJulia-Garci\u0301a-768x576.jpg 768w, https:\/\/www.canariasviaja.com\/viajaresvivir\/wp-content\/uploads\/2021\/05\/Perro-plaza-de-Santa-AnaJulia-Garci\u0301a-800x600.jpg 800w\" sizes=\"(max-width: 934px) 100vw, 934px\" \/><\/figure>\n\n\n\n<figure class=\"wp-block-image size-large\"><img loading=\"lazy\" decoding=\"async\" width=\"1024\" height=\"683\" data-id=\"7311\" src=\"http:\/\/www.canariasviaja.com\/viajaresvivir\/wp-content\/uploads\/2021\/05\/Detalle-Casa-Colon.jpg\" alt=\"\" class=\"wp-image-7311\" srcset=\"https:\/\/www.canariasviaja.com\/viajaresvivir\/wp-content\/uploads\/2021\/05\/Detalle-Casa-Colon.jpg 1024w, https:\/\/www.canariasviaja.com\/viajaresvivir\/wp-content\/uploads\/2021\/05\/Detalle-Casa-Colon-300x200.jpg 300w, https:\/\/www.canariasviaja.com\/viajaresvivir\/wp-content\/uploads\/2021\/05\/Detalle-Casa-Colon-768x512.jpg 768w\" sizes=\"(max-width: 1024px) 100vw, 1024px\" \/><\/figure>\n\n\n\n<figure class=\"wp-block-image size-large\"><img loading=\"lazy\" decoding=\"async\" width=\"1024\" height=\"683\" data-id=\"7316\" src=\"http:\/\/www.canariasviaja.com\/viajaresvivir\/wp-content\/uploads\/2021\/05\/Patio-Vegueta.jpg\" alt=\"Vegueta\" class=\"wp-image-7316\" srcset=\"https:\/\/www.canariasviaja.com\/viajaresvivir\/wp-content\/uploads\/2021\/05\/Patio-Vegueta.jpg 1024w, https:\/\/www.canariasviaja.com\/viajaresvivir\/wp-content\/uploads\/2021\/05\/Patio-Vegueta-300x200.jpg 300w, https:\/\/www.canariasviaja.com\/viajaresvivir\/wp-content\/uploads\/2021\/05\/Patio-Vegueta-768x512.jpg 768w\" sizes=\"(max-width: 1024px) 100vw, 1024px\" \/><\/figure>\n<figcaption class=\"blocks-gallery-caption\">Rincones de Vegueta<\/figcaption><\/figure>\n\n\n\n<p>Le pido a Alexis Ravelo que me cuente cu\u00e1l es su rinc\u00f3n m\u00e1s especial de esta ciudad y por qu\u00e9. <em>\u00abPuede parecer un topicazo y contradice lo que te dec\u00eda al hablar de las elecciones de Gald\u00f3s, sin embargo, elegir\u00eda la plaza de Santa Ana. Esa catedral construida a tropezones a lo largo de los siglos, esos perros tan canarios que son ingleses, ese lugar donde se mezclan turistas y mendigos, con las palomas dej\u00e1ndose asustar por los ni\u00f1os y que puede albergar tanto un acto de post\u00edn como una verbena o un concierto de jazz o el final de una manifestaci\u00f3n, me parece que representa muy bien lo que es esta ciudad. Adem\u00e1s, tengo muchos recuerdos personales de ese lugar, tanto gratos como desagradables. Cuando vienen amigos de fuera, siempre los llevo a la plaza de Santa Ana, indicio para m\u00ed de la posici\u00f3n de Canarias como puente desde Europa a Am\u00e9rica (ese modelo de disposici\u00f3n del espacio ser\u00eda reproducido luego en muchas colonias americanas) y les digo que si no tienes una foto montado a caballo encima de uno de los perros de la plaza, no has estado en Las Palmas. Ya s\u00e9 que ahora estar\u00e1 prohibido, porque, como te dec\u00eda, la ciudad hoy se las da de fina, y se\u00f1ores aburridos que impongan normas nunca faltan. Pero las ciudades est\u00e1n para vivirlas, no para mirarlas\u00bb.&nbsp;<\/em><\/p>\n\n\n\n<figure class=\"wp-block-image size-large\"><img loading=\"lazy\" decoding=\"async\" width=\"1024\" height=\"683\" src=\"http:\/\/www.canariasviaja.com\/viajaresvivir\/wp-content\/uploads\/2021\/05\/Plaza-de-Santa-Ana-con-catedral.jpg\" alt=\"Plaza de Santa Ana. El rinc\u00f3n favorito de Las Palmas de Alexis Ravelo\" class=\"wp-image-7323\" srcset=\"https:\/\/www.canariasviaja.com\/viajaresvivir\/wp-content\/uploads\/2021\/05\/Plaza-de-Santa-Ana-con-catedral.jpg 1024w, https:\/\/www.canariasviaja.com\/viajaresvivir\/wp-content\/uploads\/2021\/05\/Plaza-de-Santa-Ana-con-catedral-300x200.jpg 300w, https:\/\/www.canariasviaja.com\/viajaresvivir\/wp-content\/uploads\/2021\/05\/Plaza-de-Santa-Ana-con-catedral-768x512.jpg 768w\" sizes=\"(max-width: 1024px) 100vw, 1024px\" \/><figcaption>Plaza de Santa Ana, Vegueta<\/figcaption><\/figure>\n\n\n\n<div class=\"wp-block-buttons is-horizontal is-content-justification-center is-layout-flex wp-container-core-buttons-is-layout-1 wp-block-buttons-is-layout-flex\">\n<div class=\"wp-block-button\"><a class=\"wp-block-button__link\" href=\"https:\/\/bit.ly\/2Tqmnnz\">\u00a1Colecciona momentos!<\/a><\/div>\n<\/div>\n","protected":false},"excerpt":{"rendered":"<p>Las Palmas de Gran Canaria es el escenario en el que se mueve como pez en el agua Eladio Monroy, el protagonista de las novelas negras del escritor grancanario Alexis Ravelo. La redescubrimos a trav\u00e9s de sus ojos.<\/p>\n","protected":false},"author":38,"featured_media":7321,"comment_status":"open","ping_status":"open","sticky":false,"template":"","format":"standard","meta":{"_acf_changed":false,"sfsi_plus_gutenberg_text_before_share":"","sfsi_plus_gutenberg_show_text_before_share":"","sfsi_plus_gutenberg_icon_type":"","sfsi_plus_gutenberg_icon_alignemt":"","sfsi_plus_gutenburg_max_per_row":"","footnotes":""},"categories":[9,124,123,10,11],"tags":[747,325,604,746,745],"class_list":["post-7304","post","type-post","status-publish","format-standard","has-post-thumbnail","hentry","category-canarias","category-descubre","category-explora","category-historias-viajeras","category-postales","tag-alexis-ravelo","tag-gran-canaria","tag-las-palmas-de-gran-canaria","tag-paseo-literario","tag-rutas-literarias"],"acf":[],"yoast_head":"<!-- This site is optimized with the Yoast SEO plugin v24.1 - https:\/\/yoast.com\/wordpress\/plugins\/seo\/ -->\n<title>Un paseo por Las Palmas de Gran Canaria con Alexis Ravelo - Viajar es vivir<\/title>\n<meta name=\"description\" content=\"El escritor Alexis Ravelo nos gu\u00eda por los rincones de la ciudad de Las Palmas de Gran Canaria, escenario de las novelas de Eladio Monroy.\" \/>\n<meta name=\"robots\" content=\"index, follow, max-snippet:-1, max-image-preview:large, max-video-preview:-1\" \/>\n<link rel=\"canonical\" href=\"https:\/\/www.canariasviaja.com\/viajaresvivir\/las-palmas-de-gran-canaria-con-alexis-ravelo\/\" \/>\n<meta property=\"og:locale\" content=\"es_ES\" \/>\n<meta property=\"og:type\" content=\"article\" \/>\n<meta property=\"og:title\" content=\"Un paseo por Las Palmas de Gran Canaria con Alexis Ravelo - Viajar es vivir\" \/>\n<meta property=\"og:description\" content=\"El escritor Alexis Ravelo nos gu\u00eda por los rincones de la ciudad de Las Palmas de Gran Canaria, escenario de las novelas de Eladio Monroy.\" \/>\n<meta property=\"og:url\" content=\"https:\/\/www.canariasviaja.com\/viajaresvivir\/las-palmas-de-gran-canaria-con-alexis-ravelo\/\" \/>\n<meta property=\"og:site_name\" content=\"Viajar es vivir\" \/>\n<meta property=\"article:published_time\" content=\"2021-05-31T11:43:32+00:00\" \/>\n<meta property=\"article:modified_time\" content=\"2023-01-30T21:02:35+00:00\" \/>\n<meta property=\"og:image\" content=\"http:\/\/www.canariasviaja.com\/viajaresvivir\/wp-content\/uploads\/2021\/05\/Playa-de-las-canteras-hamacas.jpg\" \/>\n\t<meta property=\"og:image:width\" content=\"2000\" \/>\n\t<meta property=\"og:image:height\" content=\"1125\" \/>\n\t<meta property=\"og:image:type\" content=\"image\/jpeg\" \/>\n<meta name=\"author\" content=\"Alba Cant\u00f3n\" \/>\n<meta name=\"twitter:card\" content=\"summary_large_image\" \/>\n<meta name=\"twitter:label1\" content=\"Escrito por\" \/>\n\t<meta name=\"twitter:data1\" content=\"Alba Cant\u00f3n\" \/>\n\t<meta name=\"twitter:label2\" content=\"Tiempo de lectura\" \/>\n\t<meta name=\"twitter:data2\" content=\"15 minutos\" \/>\n<script type=\"application\/ld+json\" class=\"yoast-schema-graph\">{\"@context\":\"https:\/\/schema.org\",\"@graph\":[{\"@type\":\"WebPage\",\"@id\":\"https:\/\/www.canariasviaja.com\/viajaresvivir\/las-palmas-de-gran-canaria-con-alexis-ravelo\/\",\"url\":\"https:\/\/www.canariasviaja.com\/viajaresvivir\/las-palmas-de-gran-canaria-con-alexis-ravelo\/\",\"name\":\"Un paseo por Las Palmas de Gran Canaria con Alexis Ravelo - Viajar es vivir\",\"isPartOf\":{\"@id\":\"https:\/\/www.canariasviaja.com\/viajaresvivir\/#website\"},\"primaryImageOfPage\":{\"@id\":\"https:\/\/www.canariasviaja.com\/viajaresvivir\/las-palmas-de-gran-canaria-con-alexis-ravelo\/#primaryimage\"},\"image\":{\"@id\":\"https:\/\/www.canariasviaja.com\/viajaresvivir\/las-palmas-de-gran-canaria-con-alexis-ravelo\/#primaryimage\"},\"thumbnailUrl\":\"https:\/\/www.canariasviaja.com\/viajaresvivir\/wp-content\/uploads\/2021\/05\/Playa-de-las-canteras-hamacas.jpg\",\"datePublished\":\"2021-05-31T11:43:32+00:00\",\"dateModified\":\"2023-01-30T21:02:35+00:00\",\"author\":{\"@id\":\"https:\/\/www.canariasviaja.com\/viajaresvivir\/#\/schema\/person\/e71208076e46c0a631075a4bc2a3463d\"},\"description\":\"El escritor Alexis Ravelo nos gu\u00eda por los rincones de la ciudad de Las Palmas de Gran Canaria, escenario de las novelas de Eladio Monroy.\",\"breadcrumb\":{\"@id\":\"https:\/\/www.canariasviaja.com\/viajaresvivir\/las-palmas-de-gran-canaria-con-alexis-ravelo\/#breadcrumb\"},\"inLanguage\":\"es\",\"potentialAction\":[{\"@type\":\"ReadAction\",\"target\":[\"https:\/\/www.canariasviaja.com\/viajaresvivir\/las-palmas-de-gran-canaria-con-alexis-ravelo\/\"]}]},{\"@type\":\"ImageObject\",\"inLanguage\":\"es\",\"@id\":\"https:\/\/www.canariasviaja.com\/viajaresvivir\/las-palmas-de-gran-canaria-con-alexis-ravelo\/#primaryimage\",\"url\":\"https:\/\/www.canariasviaja.com\/viajaresvivir\/wp-content\/uploads\/2021\/05\/Playa-de-las-canteras-hamacas.jpg\",\"contentUrl\":\"https:\/\/www.canariasviaja.com\/viajaresvivir\/wp-content\/uploads\/2021\/05\/Playa-de-las-canteras-hamacas.jpg\",\"width\":2000,\"height\":1125,\"caption\":\"Playa de las canteras\"},{\"@type\":\"BreadcrumbList\",\"@id\":\"https:\/\/www.canariasviaja.com\/viajaresvivir\/las-palmas-de-gran-canaria-con-alexis-ravelo\/#breadcrumb\",\"itemListElement\":[{\"@type\":\"ListItem\",\"position\":1,\"name\":\"Portada\",\"item\":\"https:\/\/www.canariasviaja.com\/viajaresvivir\/\"},{\"@type\":\"ListItem\",\"position\":2,\"name\":\"Un paseo por Las Palmas de Gran Canaria con Alexis Ravelo\"}]},{\"@type\":\"WebSite\",\"@id\":\"https:\/\/www.canariasviaja.com\/viajaresvivir\/#website\",\"url\":\"https:\/\/www.canariasviaja.com\/viajaresvivir\/\",\"name\":\"Viajar es vivir\",\"description\":\"El blog de viajes y estilo de vida de CanariasViaja\",\"potentialAction\":[{\"@type\":\"SearchAction\",\"target\":{\"@type\":\"EntryPoint\",\"urlTemplate\":\"https:\/\/www.canariasviaja.com\/viajaresvivir\/?s={search_term_string}\"},\"query-input\":{\"@type\":\"PropertyValueSpecification\",\"valueRequired\":true,\"valueName\":\"search_term_string\"}}],\"inLanguage\":\"es\"},{\"@type\":\"Person\",\"@id\":\"https:\/\/www.canariasviaja.com\/viajaresvivir\/#\/schema\/person\/e71208076e46c0a631075a4bc2a3463d\",\"name\":\"Alba Cant\u00f3n\",\"image\":{\"@type\":\"ImageObject\",\"inLanguage\":\"es\",\"@id\":\"https:\/\/www.canariasviaja.com\/viajaresvivir\/#\/schema\/person\/image\/\",\"url\":\"https:\/\/secure.gravatar.com\/avatar\/82b7fe55855e5fe27a60abd52f57807a?s=96&d=mm&r=g\",\"contentUrl\":\"https:\/\/secure.gravatar.com\/avatar\/82b7fe55855e5fe27a60abd52f57807a?s=96&d=mm&r=g\",\"caption\":\"Alba Cant\u00f3n\"},\"url\":\"https:\/\/www.canariasviaja.com\/viajaresvivir\/author\/alba-canton\/\"}]}<\/script>\n<!-- \/ Yoast SEO plugin. -->","yoast_head_json":{"title":"Un paseo por Las Palmas de Gran Canaria con Alexis Ravelo - Viajar es vivir","description":"El escritor Alexis Ravelo nos gu\u00eda por los rincones de la ciudad de Las Palmas de Gran Canaria, escenario de las novelas de Eladio Monroy.","robots":{"index":"index","follow":"follow","max-snippet":"max-snippet:-1","max-image-preview":"max-image-preview:large","max-video-preview":"max-video-preview:-1"},"canonical":"https:\/\/www.canariasviaja.com\/viajaresvivir\/las-palmas-de-gran-canaria-con-alexis-ravelo\/","og_locale":"es_ES","og_type":"article","og_title":"Un paseo por Las Palmas de Gran Canaria con Alexis Ravelo - Viajar es vivir","og_description":"El escritor Alexis Ravelo nos gu\u00eda por los rincones de la ciudad de Las Palmas de Gran Canaria, escenario de las novelas de Eladio Monroy.","og_url":"https:\/\/www.canariasviaja.com\/viajaresvivir\/las-palmas-de-gran-canaria-con-alexis-ravelo\/","og_site_name":"Viajar es vivir","article_published_time":"2021-05-31T11:43:32+00:00","article_modified_time":"2023-01-30T21:02:35+00:00","og_image":[{"width":2000,"height":1125,"url":"http:\/\/www.canariasviaja.com\/viajaresvivir\/wp-content\/uploads\/2021\/05\/Playa-de-las-canteras-hamacas.jpg","type":"image\/jpeg"}],"author":"Alba Cant\u00f3n","twitter_card":"summary_large_image","twitter_misc":{"Escrito por":"Alba Cant\u00f3n","Tiempo de lectura":"15 minutos"},"schema":{"@context":"https:\/\/schema.org","@graph":[{"@type":"WebPage","@id":"https:\/\/www.canariasviaja.com\/viajaresvivir\/las-palmas-de-gran-canaria-con-alexis-ravelo\/","url":"https:\/\/www.canariasviaja.com\/viajaresvivir\/las-palmas-de-gran-canaria-con-alexis-ravelo\/","name":"Un paseo por Las Palmas de Gran Canaria con Alexis Ravelo - Viajar es vivir","isPartOf":{"@id":"https:\/\/www.canariasviaja.com\/viajaresvivir\/#website"},"primaryImageOfPage":{"@id":"https:\/\/www.canariasviaja.com\/viajaresvivir\/las-palmas-de-gran-canaria-con-alexis-ravelo\/#primaryimage"},"image":{"@id":"https:\/\/www.canariasviaja.com\/viajaresvivir\/las-palmas-de-gran-canaria-con-alexis-ravelo\/#primaryimage"},"thumbnailUrl":"https:\/\/www.canariasviaja.com\/viajaresvivir\/wp-content\/uploads\/2021\/05\/Playa-de-las-canteras-hamacas.jpg","datePublished":"2021-05-31T11:43:32+00:00","dateModified":"2023-01-30T21:02:35+00:00","author":{"@id":"https:\/\/www.canariasviaja.com\/viajaresvivir\/#\/schema\/person\/e71208076e46c0a631075a4bc2a3463d"},"description":"El escritor Alexis Ravelo nos gu\u00eda por los rincones de la ciudad de Las Palmas de Gran Canaria, escenario de las novelas de Eladio Monroy.","breadcrumb":{"@id":"https:\/\/www.canariasviaja.com\/viajaresvivir\/las-palmas-de-gran-canaria-con-alexis-ravelo\/#breadcrumb"},"inLanguage":"es","potentialAction":[{"@type":"ReadAction","target":["https:\/\/www.canariasviaja.com\/viajaresvivir\/las-palmas-de-gran-canaria-con-alexis-ravelo\/"]}]},{"@type":"ImageObject","inLanguage":"es","@id":"https:\/\/www.canariasviaja.com\/viajaresvivir\/las-palmas-de-gran-canaria-con-alexis-ravelo\/#primaryimage","url":"https:\/\/www.canariasviaja.com\/viajaresvivir\/wp-content\/uploads\/2021\/05\/Playa-de-las-canteras-hamacas.jpg","contentUrl":"https:\/\/www.canariasviaja.com\/viajaresvivir\/wp-content\/uploads\/2021\/05\/Playa-de-las-canteras-hamacas.jpg","width":2000,"height":1125,"caption":"Playa de las canteras"},{"@type":"BreadcrumbList","@id":"https:\/\/www.canariasviaja.com\/viajaresvivir\/las-palmas-de-gran-canaria-con-alexis-ravelo\/#breadcrumb","itemListElement":[{"@type":"ListItem","position":1,"name":"Portada","item":"https:\/\/www.canariasviaja.com\/viajaresvivir\/"},{"@type":"ListItem","position":2,"name":"Un paseo por Las Palmas de Gran Canaria con Alexis Ravelo"}]},{"@type":"WebSite","@id":"https:\/\/www.canariasviaja.com\/viajaresvivir\/#website","url":"https:\/\/www.canariasviaja.com\/viajaresvivir\/","name":"Viajar es vivir","description":"El blog de viajes y estilo de vida de CanariasViaja","potentialAction":[{"@type":"SearchAction","target":{"@type":"EntryPoint","urlTemplate":"https:\/\/www.canariasviaja.com\/viajaresvivir\/?s={search_term_string}"},"query-input":{"@type":"PropertyValueSpecification","valueRequired":true,"valueName":"search_term_string"}}],"inLanguage":"es"},{"@type":"Person","@id":"https:\/\/www.canariasviaja.com\/viajaresvivir\/#\/schema\/person\/e71208076e46c0a631075a4bc2a3463d","name":"Alba Cant\u00f3n","image":{"@type":"ImageObject","inLanguage":"es","@id":"https:\/\/www.canariasviaja.com\/viajaresvivir\/#\/schema\/person\/image\/","url":"https:\/\/secure.gravatar.com\/avatar\/82b7fe55855e5fe27a60abd52f57807a?s=96&d=mm&r=g","contentUrl":"https:\/\/secure.gravatar.com\/avatar\/82b7fe55855e5fe27a60abd52f57807a?s=96&d=mm&r=g","caption":"Alba Cant\u00f3n"},"url":"https:\/\/www.canariasviaja.com\/viajaresvivir\/author\/alba-canton\/"}]}},"_links":{"self":[{"href":"https:\/\/www.canariasviaja.com\/viajaresvivir\/wp-json\/wp\/v2\/posts\/7304"}],"collection":[{"href":"https:\/\/www.canariasviaja.com\/viajaresvivir\/wp-json\/wp\/v2\/posts"}],"about":[{"href":"https:\/\/www.canariasviaja.com\/viajaresvivir\/wp-json\/wp\/v2\/types\/post"}],"author":[{"embeddable":true,"href":"https:\/\/www.canariasviaja.com\/viajaresvivir\/wp-json\/wp\/v2\/users\/38"}],"replies":[{"embeddable":true,"href":"https:\/\/www.canariasviaja.com\/viajaresvivir\/wp-json\/wp\/v2\/comments?post=7304"}],"version-history":[{"count":7,"href":"https:\/\/www.canariasviaja.com\/viajaresvivir\/wp-json\/wp\/v2\/posts\/7304\/revisions"}],"predecessor-version":[{"id":10040,"href":"https:\/\/www.canariasviaja.com\/viajaresvivir\/wp-json\/wp\/v2\/posts\/7304\/revisions\/10040"}],"wp:featuredmedia":[{"embeddable":true,"href":"https:\/\/www.canariasviaja.com\/viajaresvivir\/wp-json\/wp\/v2\/media\/7321"}],"wp:attachment":[{"href":"https:\/\/www.canariasviaja.com\/viajaresvivir\/wp-json\/wp\/v2\/media?parent=7304"}],"wp:term":[{"taxonomy":"category","embeddable":true,"href":"https:\/\/www.canariasviaja.com\/viajaresvivir\/wp-json\/wp\/v2\/categories?post=7304"},{"taxonomy":"post_tag","embeddable":true,"href":"https:\/\/www.canariasviaja.com\/viajaresvivir\/wp-json\/wp\/v2\/tags?post=7304"}],"curies":[{"name":"wp","href":"https:\/\/api.w.org\/{rel}","templated":true}]}}