{"id":7337,"date":"2021-06-08T14:45:58","date_gmt":"2021-06-08T14:45:58","guid":{"rendered":"https:\/\/www.canariasviaja.com\/viajaresvivir\/?p=7337"},"modified":"2021-06-11T09:55:28","modified_gmt":"2021-06-11T09:55:28","slug":"vibra-con-la-musica-en-el-tarragona-music-festival","status":"publish","type":"post","link":"https:\/\/www.canariasviaja.com\/viajaresvivir\/vibra-con-la-musica-en-el-tarragona-music-festival\/","title":{"rendered":"Vibra con la m\u00fasica en el Tarragona Music Festival"},"content":{"rendered":"\n<p>Este verano volveremos a disfrutar de la m\u00fasica en directo. Festivales como el <strong>Tarragona Music Festival<\/strong> se han empe\u00f1ado en hacernos vibrar con la m\u00fasica en vivo con seguridad. Con los <strong>vuelos directos desde Canarias<\/strong> a Reus, Tarragona est\u00e1 muy cerca y podemos vivir un verano de m\u00fasica al borde del Mediterr\u00e1neo. Unas vacaciones en las que combinar noches de <strong>m\u00fasica en directo<\/strong>, con d\u00edas de playa, historia, gastronom\u00eda y diversi\u00f3n en <strong>PortAventura World.<\/strong><\/p>\n\n\n\n<p>Desde el 30 de Julio al 8 de Agosto el <strong>Tarraco Arena<\/strong>, situado en el centro de la ciudad de Tarragona, acoger\u00e1 9 conciertos de artistas nacionales e internacionales para todos los p\u00fablicos y estilos. Artistas como <strong>Rozal\u00e9n, Antonio Jos\u00e9, Pablo L\u00f3pez o Vanessa Mart\u00edn<\/strong> recalar\u00e1n en su escenario para presentarnos sus \u00faltimos trabajos bajo la c\u00fapula de esta antigua plaza de toros.<\/p>\n\n\n\n<figure class=\"wp-block-image size-large\"><img loading=\"lazy\" decoding=\"async\" width=\"806\" height=\"1024\" src=\"http:\/\/www.canariasviaja.com\/viajaresvivir\/wp-content\/uploads\/2021\/06\/ROZALEN-imagen.jpg\" alt=\"Rozalen\" class=\"wp-image-7346\" srcset=\"https:\/\/www.canariasviaja.com\/viajaresvivir\/wp-content\/uploads\/2021\/06\/ROZALEN-imagen.jpg 806w, https:\/\/www.canariasviaja.com\/viajaresvivir\/wp-content\/uploads\/2021\/06\/ROZALEN-imagen-236x300.jpg 236w, https:\/\/www.canariasviaja.com\/viajaresvivir\/wp-content\/uploads\/2021\/06\/ROZALEN-imagen-768x976.jpg 768w\" sizes=\"(max-width: 806px) 100vw, 806px\" \/><figcaption>Rozal\u00e9n<\/figcaption><\/figure>\n\n\n\n<p>La antigua plaza de toros, construida a finales del siglo XIX,&nbsp; es uno de las primeras construcciones del Nuevo Modernismo en la comarca de Tarragona. En sus instalaciones han tenido lugar corridas de toros, conciertos, espect\u00e1culos, sardanas y cabezudos, circo, teatro y muchos otros eventos. Una instalaci\u00f3n con historia y personalidad para vivir noches m\u00e1gicas.<\/p>\n\n\n\n<div style=\"height:100px\" aria-hidden=\"true\" class=\"wp-block-spacer\"><\/div>\n\n\n\n<h3 class=\"wp-block-heading\"><strong>Trap y Rap en Julio<\/strong><\/h3>\n\n\n\n<p>El <strong>Tarragona Music Festival <\/strong>ofrece un cartel variado, dirigido a todos los p\u00fablicos, que nos invita a volver a disfrutar de la cultura de forma segura.<\/p>\n\n\n\n<p>El 30 de julio <strong><a href=\"https:\/\/youtu.be\/796YqsAuzkM\" target=\"_blank\" rel=\"noreferrer noopener nofollow\">Duki<\/a><\/strong>, artista argentino referente de trap latino, abrir\u00e1 el festival con su \u00faltimo disco <strong>\u201cDesde el fin del mundo\u201d<\/strong>. Duki ha ofrecido conciertos alrededor de todo el mundo con entradas agotadas en recintos de Espa\u00f1a, M\u00e9xico, Usa y Argentina, y ha obtenido varias nominaciones a los <strong>Latin Grammys<\/strong>.<\/p>\n\n\n\n<figure class=\"wp-block-image size-large\"><img loading=\"lazy\" decoding=\"async\" width=\"1024\" height=\"1205\" src=\"http:\/\/www.canariasviaja.com\/viajaresvivir\/wp-content\/uploads\/2021\/06\/duki-standard-x2.jpg\" alt=\"Duki Tarragona Music festival\" class=\"wp-image-7340\" srcset=\"https:\/\/www.canariasviaja.com\/viajaresvivir\/wp-content\/uploads\/2021\/06\/duki-standard-x2.jpg 1024w, https:\/\/www.canariasviaja.com\/viajaresvivir\/wp-content\/uploads\/2021\/06\/duki-standard-x2-255x300.jpg 255w, https:\/\/www.canariasviaja.com\/viajaresvivir\/wp-content\/uploads\/2021\/06\/duki-standard-x2-768x904.jpg 768w, https:\/\/www.canariasviaja.com\/viajaresvivir\/wp-content\/uploads\/2021\/06\/duki-standard-x2-918x1080.jpg 918w\" sizes=\"(max-width: 1024px) 100vw, 1024px\" \/><figcaption>El artista argentino Duki<\/figcaption><\/figure>\n\n\n\n<p>Un d\u00eda despu\u00e9s, el 31 de Julio, el rapero argentino <strong><a href=\"https:\/\/www.youtube.com\/watch?v=HATW-_xOwdg\" target=\"_blank\" rel=\"noreferrer noopener nofollow\">Trueno<\/a>, <\/strong>especializado en freestyle, nos sumergir\u00e1 en su <em>flow<\/em>, improvisando toda su actuaci\u00f3n.<\/p>\n\n\n\n<div style=\"height:100px\" aria-hidden=\"true\" class=\"wp-block-spacer\"><\/div>\n\n\n\n<h3 class=\"wp-block-heading\"><strong>Pop en Agosto<\/strong><\/h3>\n\n\n\n<p>Agosto arranca con un plato fuerte: el piano de <strong><a href=\"https:\/\/www.youtube.com\/watch?v=ZAIcLqAYi_k\" target=\"_blank\" rel=\"noreferrer noopener nofollow\">Pablo L\u00f3pez<\/a><\/strong> en llamas sobre el escenario. Un concierto inolvidable, concebido en dos partes, como si fuera el gui\u00f3n de una pel\u00edcula, <strong>\u201cMayday\u201d <\/strong>y<strong> \u201cStay<\/strong>\u201d.<\/p>\n\n\n\n<figure class=\"wp-block-image size-large\"><img loading=\"lazy\" decoding=\"async\" width=\"1024\" height=\"952\" src=\"http:\/\/www.canariasviaja.com\/viajaresvivir\/wp-content\/uploads\/2021\/06\/Imagen-Pablo-Lopez.jpg\" alt=\"Pablo L\u00f3pez Tarragona Music Festival\" class=\"wp-image-7343\" srcset=\"https:\/\/www.canariasviaja.com\/viajaresvivir\/wp-content\/uploads\/2021\/06\/Imagen-Pablo-Lopez.jpg 1024w, https:\/\/www.canariasviaja.com\/viajaresvivir\/wp-content\/uploads\/2021\/06\/Imagen-Pablo-Lopez-300x279.jpg 300w, https:\/\/www.canariasviaja.com\/viajaresvivir\/wp-content\/uploads\/2021\/06\/Imagen-Pablo-Lopez-768x714.jpg 768w\" sizes=\"(max-width: 1024px) 100vw, 1024px\" \/><figcaption>Pablo L\u00f3pez<\/figcaption><\/figure>\n\n\n\n<p>Con el coraz\u00f3n a\u00fan en un pu\u00f1o, el d\u00eda 3 de agosto <strong><a href=\"https:\/\/youtu.be\/D6ImKSWZb4A\" target=\"_blank\" rel=\"noreferrer noopener nofollow\">Rozal\u00e9n<\/a><\/strong>, considerada uno de los principales referentes en el g\u00e9nero de la canci\u00f3n pop y de autor, tomar\u00e1 el relevo para presentar su cuarto disco, <strong>\u2018El \u00e1rbol y el bosque\u2019,<\/strong> aclamado por p\u00fablico y cr\u00edtica a partes iguales, el trabajo m\u00e1s introspectivo de la cantautora.<\/p>\n\n\n\n<p>El 4 de agosto, la buena energ\u00eda, el optimismo y la vitalidad de <strong><a href=\"https:\/\/youtu.be\/SUPA5XeHxyE\" target=\"_blank\" rel=\"noreferrer noopener nofollow\">Nil Moliner<\/a><\/strong> invadir\u00e1 el escenario con el pop fresco y pegadizo de este m\u00fasico y cantautor.<\/p>\n\n\n\n<p>El conjunto catal\u00e1n <a href=\"https:\/\/youtu.be\/72p1AdzrSs8\" target=\"_blank\" rel=\"noreferrer noopener nofollow\"><strong>Damaris Gelabert<\/strong> <\/a>ofrecer\u00e1 el d\u00eda 5 un espect\u00e1culo para toda la familia en el que el baile y la diversi\u00f3n est\u00e1 asegurado.<\/p>\n\n\n\n<p>El 6 de agosto <a href=\"https:\/\/youtu.be\/KOe6unRBTW8\" target=\"_blank\" rel=\"noreferrer noopener nofollow\"><strong>Antonio Jos\u00e9<\/strong> <\/a>llega a Tarraco Arena con su gira \u201c<strong>Ant\u00eddoto\u00bb<\/strong>.&nbsp; Tras proclamarse ganador en 2015 del talent show La Voz, Antonio Jos\u00e9 ha desarrollado una exitosa carrera musical, publicando tres discos y un libro.<\/p>\n\n\n\n<p>Otro de los platos fuertes del festival llegar\u00e1 el 7 de agosto con <strong><a href=\"https:\/\/www.youtube.com\/watch?v=2uOYg5wr1Jg&amp;feature=youtu.be\" target=\"_blank\" rel=\"noreferrer noopener nofollow\">Vanessa Mart\u00edn<\/a><\/strong>, que viene a presentar su \u00faltimo disco de estudio <strong>\u201cSiete veces s\u00ed\u201d<\/strong>, en el que ampl\u00eda su registro, ofreciendo las baladas emocionantes a las que nos tiene acostumbrados y otras canciones m\u00e1s r\u00edtmicas con sonidos actuales.<\/p>\n\n\n\n<figure class=\"wp-block-image size-large\"><img loading=\"lazy\" decoding=\"async\" width=\"1024\" height=\"683\" src=\"http:\/\/www.canariasviaja.com\/viajaresvivir\/wp-content\/uploads\/2021\/06\/Vanessa-Martin.jpg\" alt=\"Tarragona Music Festival\" class=\"wp-image-7348\" srcset=\"https:\/\/www.canariasviaja.com\/viajaresvivir\/wp-content\/uploads\/2021\/06\/Vanessa-Martin.jpg 1024w, https:\/\/www.canariasviaja.com\/viajaresvivir\/wp-content\/uploads\/2021\/06\/Vanessa-Martin-300x200.jpg 300w, https:\/\/www.canariasviaja.com\/viajaresvivir\/wp-content\/uploads\/2021\/06\/Vanessa-Martin-768x512.jpg 768w\" sizes=\"(max-width: 1024px) 100vw, 1024px\" \/><\/figure>\n\n\n\n<p>El grupo catal\u00e1n <strong><a href=\"https:\/\/youtu.be\/fuUFgKyr5A8\" target=\"_blank\" rel=\"noreferrer noopener nofollow\">Oques Grasses<\/a><\/strong> ser\u00e1 el encargado de poner el broche final a este festival. La banda es una de las m\u00e1s escuchadas dentro del pop festivo actual y presentar\u00e1 en este escenario su nuevo disco que presenta en mayo.<\/p>\n\n\n\n<p>\u00a1<strong>As\u00f3mate al Mediterr\u00e1neo con la mejor m\u00fasica este verano<\/strong>!<\/p>\n\n\n\n<div class=\"wp-block-buttons is-content-justification-center is-layout-flex wp-block-buttons-is-layout-flex\">\n<div class=\"wp-block-button\"><a class=\"wp-block-button__link\" href=\"https:\/\/bit.ly\/3pUt7Xj\">\u00a1Colecciona momentos!<\/a><\/div>\n<\/div>\n\n\n\n<p><\/p>\n","protected":false},"excerpt":{"rendered":"<p>Este verano volveremos a disfrutar de la m\u00fasica en directo en el Tarragona Music Festival.<\/p>\n","protected":false},"author":2,"featured_media":7347,"comment_status":"open","ping_status":"open","sticky":false,"template":"","format":"standard","meta":{"_acf_changed":false,"sfsi_plus_gutenberg_text_before_share":"","sfsi_plus_gutenberg_show_text_before_share":"","sfsi_plus_gutenberg_icon_type":"","sfsi_plus_gutenberg_icon_alignemt":"","sfsi_plus_gutenburg_max_per_row":"","footnotes":""},"categories":[574,124,123,10,749],"tags":[751,752,661,271,750],"class_list":["post-7337","post","type-post","status-publish","format-standard","has-post-thumbnail","hentry","category-consejos-viajeros","category-descubre","category-explora","category-historias-viajeras","category-tarragona-peninsulaybaleares","tag-cataluna","tag-conciertos","tag-escapada-cultural","tag-musica","tag-tarragona"],"acf":[],"yoast_head":"<!-- This site is optimized with the Yoast SEO plugin v24.1 - https:\/\/yoast.com\/wordpress\/plugins\/seo\/ -->\n<title>Vibra con la m\u00fasica en el Tarragona Music Festival - Viajar es vivir<\/title>\n<meta name=\"description\" content=\"Este verano algunos de los mejores artistas nacionales e internacionales actuar\u00e1n en el Tarragona Music Festival.\" \/>\n<meta name=\"robots\" content=\"index, follow, max-snippet:-1, max-image-preview:large, max-video-preview:-1\" \/>\n<link rel=\"canonical\" href=\"https:\/\/www.canariasviaja.com\/viajaresvivir\/vibra-con-la-musica-en-el-tarragona-music-festival\/\" \/>\n<meta property=\"og:locale\" content=\"es_ES\" \/>\n<meta property=\"og:type\" content=\"article\" \/>\n<meta property=\"og:title\" content=\"Vibra con la m\u00fasica en el Tarragona Music Festival - Viajar es vivir\" \/>\n<meta property=\"og:description\" content=\"Este verano algunos de los mejores artistas nacionales e internacionales actuar\u00e1n en el Tarragona Music Festival.\" \/>\n<meta property=\"og:url\" content=\"https:\/\/www.canariasviaja.com\/viajaresvivir\/vibra-con-la-musica-en-el-tarragona-music-festival\/\" \/>\n<meta property=\"og:site_name\" content=\"Viajar es vivir\" \/>\n<meta property=\"article:published_time\" content=\"2021-06-08T14:45:58+00:00\" \/>\n<meta property=\"article:modified_time\" content=\"2021-06-11T09:55:28+00:00\" \/>\n<meta property=\"og:image\" content=\"https:\/\/www.canariasviaja.com\/viajaresvivir\/wp-content\/uploads\/2021\/06\/Tarragona-Music-Festival.jpg\" \/>\n\t<meta property=\"og:image:width\" content=\"1280\" \/>\n\t<meta property=\"og:image:height\" content=\"853\" \/>\n\t<meta property=\"og:image:type\" content=\"image\/jpeg\" \/>\n<meta name=\"author\" content=\"Patri C\u00e1mpora\" \/>\n<meta name=\"twitter:card\" content=\"summary_large_image\" \/>\n<meta name=\"twitter:label1\" content=\"Escrito por\" \/>\n\t<meta name=\"twitter:data1\" content=\"Patri C\u00e1mpora\" \/>\n\t<meta name=\"twitter:label2\" content=\"Tiempo de lectura\" \/>\n\t<meta name=\"twitter:data2\" content=\"4 minutos\" \/>\n<script type=\"application\/ld+json\" class=\"yoast-schema-graph\">{\"@context\":\"https:\/\/schema.org\",\"@graph\":[{\"@type\":\"WebPage\",\"@id\":\"https:\/\/www.canariasviaja.com\/viajaresvivir\/vibra-con-la-musica-en-el-tarragona-music-festival\/\",\"url\":\"https:\/\/www.canariasviaja.com\/viajaresvivir\/vibra-con-la-musica-en-el-tarragona-music-festival\/\",\"name\":\"Vibra con la m\u00fasica en el Tarragona Music Festival - Viajar es vivir\",\"isPartOf\":{\"@id\":\"https:\/\/www.canariasviaja.com\/viajaresvivir\/#website\"},\"primaryImageOfPage\":{\"@id\":\"https:\/\/www.canariasviaja.com\/viajaresvivir\/vibra-con-la-musica-en-el-tarragona-music-festival\/#primaryimage\"},\"image\":{\"@id\":\"https:\/\/www.canariasviaja.com\/viajaresvivir\/vibra-con-la-musica-en-el-tarragona-music-festival\/#primaryimage\"},\"thumbnailUrl\":\"https:\/\/www.canariasviaja.com\/viajaresvivir\/wp-content\/uploads\/2021\/06\/Tarragona-Music-Festival.jpg\",\"datePublished\":\"2021-06-08T14:45:58+00:00\",\"dateModified\":\"2021-06-11T09:55:28+00:00\",\"author\":{\"@id\":\"https:\/\/www.canariasviaja.com\/viajaresvivir\/#\/schema\/person\/085949651001325f1244a8bc1b34709c\"},\"description\":\"Este verano algunos de los mejores artistas nacionales e internacionales actuar\u00e1n en el Tarragona Music Festival.\",\"breadcrumb\":{\"@id\":\"https:\/\/www.canariasviaja.com\/viajaresvivir\/vibra-con-la-musica-en-el-tarragona-music-festival\/#breadcrumb\"},\"inLanguage\":\"es\",\"potentialAction\":[{\"@type\":\"ReadAction\",\"target\":[\"https:\/\/www.canariasviaja.com\/viajaresvivir\/vibra-con-la-musica-en-el-tarragona-music-festival\/\"]}]},{\"@type\":\"ImageObject\",\"inLanguage\":\"es\",\"@id\":\"https:\/\/www.canariasviaja.com\/viajaresvivir\/vibra-con-la-musica-en-el-tarragona-music-festival\/#primaryimage\",\"url\":\"https:\/\/www.canariasviaja.com\/viajaresvivir\/wp-content\/uploads\/2021\/06\/Tarragona-Music-Festival.jpg\",\"contentUrl\":\"https:\/\/www.canariasviaja.com\/viajaresvivir\/wp-content\/uploads\/2021\/06\/Tarragona-Music-Festival.jpg\",\"width\":1280,\"height\":853,\"caption\":\"Tarragona Music Festival\"},{\"@type\":\"BreadcrumbList\",\"@id\":\"https:\/\/www.canariasviaja.com\/viajaresvivir\/vibra-con-la-musica-en-el-tarragona-music-festival\/#breadcrumb\",\"itemListElement\":[{\"@type\":\"ListItem\",\"position\":1,\"name\":\"Portada\",\"item\":\"https:\/\/www.canariasviaja.com\/viajaresvivir\/\"},{\"@type\":\"ListItem\",\"position\":2,\"name\":\"Vibra con la m\u00fasica en el Tarragona Music Festival\"}]},{\"@type\":\"WebSite\",\"@id\":\"https:\/\/www.canariasviaja.com\/viajaresvivir\/#website\",\"url\":\"https:\/\/www.canariasviaja.com\/viajaresvivir\/\",\"name\":\"Viajar es vivir\",\"description\":\"El blog de viajes y estilo de vida de CanariasViaja\",\"potentialAction\":[{\"@type\":\"SearchAction\",\"target\":{\"@type\":\"EntryPoint\",\"urlTemplate\":\"https:\/\/www.canariasviaja.com\/viajaresvivir\/?s={search_term_string}\"},\"query-input\":{\"@type\":\"PropertyValueSpecification\",\"valueRequired\":true,\"valueName\":\"search_term_string\"}}],\"inLanguage\":\"es\"},{\"@type\":\"Person\",\"@id\":\"https:\/\/www.canariasviaja.com\/viajaresvivir\/#\/schema\/person\/085949651001325f1244a8bc1b34709c\",\"name\":\"Patri C\u00e1mpora\",\"image\":{\"@type\":\"ImageObject\",\"inLanguage\":\"es\",\"@id\":\"https:\/\/www.canariasviaja.com\/viajaresvivir\/#\/schema\/person\/image\/\",\"url\":\"https:\/\/secure.gravatar.com\/avatar\/b2ce2c4086a5776e5310f57c1a2e5b4e?s=96&d=mm&r=g\",\"contentUrl\":\"https:\/\/secure.gravatar.com\/avatar\/b2ce2c4086a5776e5310f57c1a2e5b4e?s=96&d=mm&r=g\",\"caption\":\"Patri C\u00e1mpora\"},\"url\":\"https:\/\/www.canariasviaja.com\/viajaresvivir\/author\/patri\/\"}]}<\/script>\n<!-- \/ Yoast SEO plugin. -->","yoast_head_json":{"title":"Vibra con la m\u00fasica en el Tarragona Music Festival - Viajar es vivir","description":"Este verano algunos de los mejores artistas nacionales e internacionales actuar\u00e1n en el Tarragona Music Festival.","robots":{"index":"index","follow":"follow","max-snippet":"max-snippet:-1","max-image-preview":"max-image-preview:large","max-video-preview":"max-video-preview:-1"},"canonical":"https:\/\/www.canariasviaja.com\/viajaresvivir\/vibra-con-la-musica-en-el-tarragona-music-festival\/","og_locale":"es_ES","og_type":"article","og_title":"Vibra con la m\u00fasica en el Tarragona Music Festival - Viajar es vivir","og_description":"Este verano algunos de los mejores artistas nacionales e internacionales actuar\u00e1n en el Tarragona Music Festival.","og_url":"https:\/\/www.canariasviaja.com\/viajaresvivir\/vibra-con-la-musica-en-el-tarragona-music-festival\/","og_site_name":"Viajar es vivir","article_published_time":"2021-06-08T14:45:58+00:00","article_modified_time":"2021-06-11T09:55:28+00:00","og_image":[{"width":1280,"height":853,"url":"https:\/\/www.canariasviaja.com\/viajaresvivir\/wp-content\/uploads\/2021\/06\/Tarragona-Music-Festival.jpg","type":"image\/jpeg"}],"author":"Patri C\u00e1mpora","twitter_card":"summary_large_image","twitter_misc":{"Escrito por":"Patri C\u00e1mpora","Tiempo de lectura":"4 minutos"},"schema":{"@context":"https:\/\/schema.org","@graph":[{"@type":"WebPage","@id":"https:\/\/www.canariasviaja.com\/viajaresvivir\/vibra-con-la-musica-en-el-tarragona-music-festival\/","url":"https:\/\/www.canariasviaja.com\/viajaresvivir\/vibra-con-la-musica-en-el-tarragona-music-festival\/","name":"Vibra con la m\u00fasica en el Tarragona Music Festival - Viajar es vivir","isPartOf":{"@id":"https:\/\/www.canariasviaja.com\/viajaresvivir\/#website"},"primaryImageOfPage":{"@id":"https:\/\/www.canariasviaja.com\/viajaresvivir\/vibra-con-la-musica-en-el-tarragona-music-festival\/#primaryimage"},"image":{"@id":"https:\/\/www.canariasviaja.com\/viajaresvivir\/vibra-con-la-musica-en-el-tarragona-music-festival\/#primaryimage"},"thumbnailUrl":"https:\/\/www.canariasviaja.com\/viajaresvivir\/wp-content\/uploads\/2021\/06\/Tarragona-Music-Festival.jpg","datePublished":"2021-06-08T14:45:58+00:00","dateModified":"2021-06-11T09:55:28+00:00","author":{"@id":"https:\/\/www.canariasviaja.com\/viajaresvivir\/#\/schema\/person\/085949651001325f1244a8bc1b34709c"},"description":"Este verano algunos de los mejores artistas nacionales e internacionales actuar\u00e1n en el Tarragona Music Festival.","breadcrumb":{"@id":"https:\/\/www.canariasviaja.com\/viajaresvivir\/vibra-con-la-musica-en-el-tarragona-music-festival\/#breadcrumb"},"inLanguage":"es","potentialAction":[{"@type":"ReadAction","target":["https:\/\/www.canariasviaja.com\/viajaresvivir\/vibra-con-la-musica-en-el-tarragona-music-festival\/"]}]},{"@type":"ImageObject","inLanguage":"es","@id":"https:\/\/www.canariasviaja.com\/viajaresvivir\/vibra-con-la-musica-en-el-tarragona-music-festival\/#primaryimage","url":"https:\/\/www.canariasviaja.com\/viajaresvivir\/wp-content\/uploads\/2021\/06\/Tarragona-Music-Festival.jpg","contentUrl":"https:\/\/www.canariasviaja.com\/viajaresvivir\/wp-content\/uploads\/2021\/06\/Tarragona-Music-Festival.jpg","width":1280,"height":853,"caption":"Tarragona Music Festival"},{"@type":"BreadcrumbList","@id":"https:\/\/www.canariasviaja.com\/viajaresvivir\/vibra-con-la-musica-en-el-tarragona-music-festival\/#breadcrumb","itemListElement":[{"@type":"ListItem","position":1,"name":"Portada","item":"https:\/\/www.canariasviaja.com\/viajaresvivir\/"},{"@type":"ListItem","position":2,"name":"Vibra con la m\u00fasica en el Tarragona Music Festival"}]},{"@type":"WebSite","@id":"https:\/\/www.canariasviaja.com\/viajaresvivir\/#website","url":"https:\/\/www.canariasviaja.com\/viajaresvivir\/","name":"Viajar es vivir","description":"El blog de viajes y estilo de vida de CanariasViaja","potentialAction":[{"@type":"SearchAction","target":{"@type":"EntryPoint","urlTemplate":"https:\/\/www.canariasviaja.com\/viajaresvivir\/?s={search_term_string}"},"query-input":{"@type":"PropertyValueSpecification","valueRequired":true,"valueName":"search_term_string"}}],"inLanguage":"es"},{"@type":"Person","@id":"https:\/\/www.canariasviaja.com\/viajaresvivir\/#\/schema\/person\/085949651001325f1244a8bc1b34709c","name":"Patri C\u00e1mpora","image":{"@type":"ImageObject","inLanguage":"es","@id":"https:\/\/www.canariasviaja.com\/viajaresvivir\/#\/schema\/person\/image\/","url":"https:\/\/secure.gravatar.com\/avatar\/b2ce2c4086a5776e5310f57c1a2e5b4e?s=96&d=mm&r=g","contentUrl":"https:\/\/secure.gravatar.com\/avatar\/b2ce2c4086a5776e5310f57c1a2e5b4e?s=96&d=mm&r=g","caption":"Patri C\u00e1mpora"},"url":"https:\/\/www.canariasviaja.com\/viajaresvivir\/author\/patri\/"}]}},"_links":{"self":[{"href":"https:\/\/www.canariasviaja.com\/viajaresvivir\/wp-json\/wp\/v2\/posts\/7337"}],"collection":[{"href":"https:\/\/www.canariasviaja.com\/viajaresvivir\/wp-json\/wp\/v2\/posts"}],"about":[{"href":"https:\/\/www.canariasviaja.com\/viajaresvivir\/wp-json\/wp\/v2\/types\/post"}],"author":[{"embeddable":true,"href":"https:\/\/www.canariasviaja.com\/viajaresvivir\/wp-json\/wp\/v2\/users\/2"}],"replies":[{"embeddable":true,"href":"https:\/\/www.canariasviaja.com\/viajaresvivir\/wp-json\/wp\/v2\/comments?post=7337"}],"version-history":[{"count":8,"href":"https:\/\/www.canariasviaja.com\/viajaresvivir\/wp-json\/wp\/v2\/posts\/7337\/revisions"}],"predecessor-version":[{"id":7356,"href":"https:\/\/www.canariasviaja.com\/viajaresvivir\/wp-json\/wp\/v2\/posts\/7337\/revisions\/7356"}],"wp:featuredmedia":[{"embeddable":true,"href":"https:\/\/www.canariasviaja.com\/viajaresvivir\/wp-json\/wp\/v2\/media\/7347"}],"wp:attachment":[{"href":"https:\/\/www.canariasviaja.com\/viajaresvivir\/wp-json\/wp\/v2\/media?parent=7337"}],"wp:term":[{"taxonomy":"category","embeddable":true,"href":"https:\/\/www.canariasviaja.com\/viajaresvivir\/wp-json\/wp\/v2\/categories?post=7337"},{"taxonomy":"post_tag","embeddable":true,"href":"https:\/\/www.canariasviaja.com\/viajaresvivir\/wp-json\/wp\/v2\/tags?post=7337"}],"curies":[{"name":"wp","href":"https:\/\/api.w.org\/{rel}","templated":true}]}}