{"id":7463,"date":"2021-07-22T13:39:23","date_gmt":"2021-07-22T13:39:23","guid":{"rendered":"https:\/\/www.canariasviaja.com\/viajaresvivir\/?p=7463"},"modified":"2024-06-05T10:33:27","modified_gmt":"2024-06-05T10:33:27","slug":"playas-de-fuerteventura","status":"publish","type":"post","link":"https:\/\/www.canariasviaja.com\/viajaresvivir\/playas-de-fuerteventura\/","title":{"rendered":"Las playas m\u00e1s especiales de Fuerteventura"},"content":{"rendered":"\n<p>De arena blanca y fina o de intenso negro volc\u00e1nico, <strong>las playas de Fuerteventura son elegidas por los que buscan sumergirse en aguas cristalinas<\/strong> que nada tienen que envidiar a cualquier destino tropical y por intr\u00e9pidos windsurfistas y kitesurfistas, que cabalgan sobre sus imponentes olas.<\/p>\n\n\n\n<p>Seas quien seas, y si no terminas de decidirte por alguna, es comprensible. Al fin y al cabo elegir la ideal en una isla que cuenta con 150 kil\u00f3metros de playas en su costa puede ser complicado\u2026 Nosotros <strong>queremos hacerte una selecci\u00f3n de nuestras favoritas<\/strong>, las playas m\u00e1s especiales de Fuerteventura,  a la que llaman esmeralda del Atl\u00e1ntico. \u00bfNos acompa\u00f1as?<\/p>\n\n\n\n<div style=\"height:100px\" aria-hidden=\"true\" class=\"wp-block-spacer\"><\/div>\n\n\n\n<h3 class=\"wp-block-heading\">Sotavento<\/h3>\n\n\n\n<figure class=\"wp-block-image size-full\"><img loading=\"lazy\" decoding=\"async\" width=\"1600\" height=\"1067\" src=\"http:\/\/www.canariasviaja.com\/viajaresvivir\/wp-content\/uploads\/2021\/07\/Fuerteventura-Sotavento.jpg\" alt=\"Playa de fuerteventura sotavento\" class=\"wp-image-8301\" srcset=\"https:\/\/www.canariasviaja.com\/viajaresvivir\/wp-content\/uploads\/2021\/07\/Fuerteventura-Sotavento.jpg 1600w, https:\/\/www.canariasviaja.com\/viajaresvivir\/wp-content\/uploads\/2021\/07\/Fuerteventura-Sotavento-300x200.jpg 300w, https:\/\/www.canariasviaja.com\/viajaresvivir\/wp-content\/uploads\/2021\/07\/Fuerteventura-Sotavento-768x512.jpg 768w, https:\/\/www.canariasviaja.com\/viajaresvivir\/wp-content\/uploads\/2021\/07\/Fuerteventura-Sotavento-1536x1024.jpg 1536w, https:\/\/www.canariasviaja.com\/viajaresvivir\/wp-content\/uploads\/2021\/07\/Fuerteventura-Sotavento-1200x800.jpg 1200w\" sizes=\"(max-width: 1600px) 100vw, 1600px\" \/><\/figure>\n\n\n\n<p>Cierra los ojos e <strong>imagina un para\u00edso virgen<\/strong> donde las dunas son ba\u00f1adas por aguas inalterables. \u00c1brelos: est\u00e1s en Sotavento, una de las playas m\u00e1s espectaculares de Fuerteventura.<\/p>\n\n\n\n<p>En el sur de la Isla, en la pen\u00ednsula de Jand\u00eda, nos espera la<strong> belleza salvaje de esta playa<\/strong> que en realidad est\u00e1 formada por cinco (La Barca, Risco del Paso, Mirador, Mal Nombre y Los Canarios) y pueden ser recorridas en su totalidad cuando la marea baja acompa\u00f1a. Casi diez kil\u00f3metros en uno de los paseos m\u00e1s espectaculares que puedes hacer en Fuerteventura.<\/p>\n\n\n\n<div class=\"wp-block-columns is-layout-flex wp-container-core-columns-is-layout-1 wp-block-columns-is-layout-flex\">\n<div class=\"wp-block-column is-layout-flow wp-block-column-is-layout-flow\" style=\"flex-basis:100%\">\n<figure class=\"wp-block-gallery has-nested-images columns-default is-cropped wp-block-gallery-1 is-layout-flex wp-block-gallery-is-layout-flex\">\n<figure class=\"wp-block-image size-large\"><img loading=\"lazy\" decoding=\"async\" width=\"1024\" height=\"1536\" src=\"https:\/\/www.canariasviaja.com\/viajaresvivir\/wp-content\/uploads\/2021\/08\/Sotavento-1-1.jpg\" alt=\"\" class=\"wp-image-7480\" srcset=\"https:\/\/www.canariasviaja.com\/viajaresvivir\/wp-content\/uploads\/2021\/08\/Sotavento-1-1.jpg 1024w, https:\/\/www.canariasviaja.com\/viajaresvivir\/wp-content\/uploads\/2021\/08\/Sotavento-1-1-200x300.jpg 200w, https:\/\/www.canariasviaja.com\/viajaresvivir\/wp-content\/uploads\/2021\/08\/Sotavento-1-1-768x1152.jpg 768w, https:\/\/www.canariasviaja.com\/viajaresvivir\/wp-content\/uploads\/2021\/08\/Sotavento-1-1-720x1080.jpg 720w\" sizes=\"(max-width: 1024px) 100vw, 1024px\" \/><\/figure>\n\n\n\n<figure class=\"wp-block-image size-large\"><img loading=\"lazy\" decoding=\"async\" width=\"1024\" height=\"1536\" src=\"https:\/\/www.canariasviaja.com\/viajaresvivir\/wp-content\/uploads\/2021\/08\/Sotavento-2-1.jpg\" alt=\"\" class=\"wp-image-7481\" srcset=\"https:\/\/www.canariasviaja.com\/viajaresvivir\/wp-content\/uploads\/2021\/08\/Sotavento-2-1.jpg 1024w, https:\/\/www.canariasviaja.com\/viajaresvivir\/wp-content\/uploads\/2021\/08\/Sotavento-2-1-200x300.jpg 200w, https:\/\/www.canariasviaja.com\/viajaresvivir\/wp-content\/uploads\/2021\/08\/Sotavento-2-1-768x1152.jpg 768w, https:\/\/www.canariasviaja.com\/viajaresvivir\/wp-content\/uploads\/2021\/08\/Sotavento-2-1-720x1080.jpg 720w\" sizes=\"(max-width: 1024px) 100vw, 1024px\" \/><\/figure>\n<\/figure>\n<\/div>\n<\/div>\n\n\n\n<p>Un lugar azotado por el viento con arena fina y blanca y aguas cristalinas de <strong>un turquesa cegador<\/strong> que se regala a quienes buscan un entorno tranquilo y sin masificar donde <a href=\"https:\/\/www.canariasviaja.com\/viajaresvivir\/category\/explora\/relajate\/\">relajarse<\/a> y disfrutar de la naturaleza en su estado m\u00e1s puro.<\/p>\n\n\n\n<p>Y <strong>es el viento lo que atrae a quienes quieren domarlo sobre el agua<\/strong> practicando windsurf y kitesurf (al fin y al cabo cada a\u00f1o se celebra aqu\u00ed el campeonato mundial de estas disciplinas). Y su laguna, que surge cuando la marea sube y queda atrapada por el banco de arena que flanquea Sotavento y que con sus cuatro kil\u00f3metros de longitud y 200 metros de ancho es el lugar ideal para iniciarse en ambas.<\/p>\n\n\n\n<p>Muchos dicen que la laguna de Sotavento es un espect\u00e1culo para la vista, y quienes frecuentan esta zona de la Isla a\u00fan se sorprenden al verla aparecer y desaparecer al antojo de la influencia de las mareas.<\/p>\n\n\n\n<div style=\"height:100px\" aria-hidden=\"true\" class=\"wp-block-spacer\"><\/div>\n\n\n\n<h3 class=\"wp-block-heading\">Cofete<\/h3>\n\n\n\n<figure class=\"wp-block-image size-large\"><img loading=\"lazy\" decoding=\"async\" width=\"2000\" height=\"1333\" src=\"https:\/\/www.canariasviaja.com\/viajaresvivir\/wp-content\/uploads\/2021\/08\/Cofete-1-2000x1333.jpg\" alt=\"\" class=\"wp-image-7475\" srcset=\"https:\/\/www.canariasviaja.com\/viajaresvivir\/wp-content\/uploads\/2021\/08\/Cofete-1-2000x1333.jpg 2000w, https:\/\/www.canariasviaja.com\/viajaresvivir\/wp-content\/uploads\/2021\/08\/Cofete-1-300x200.jpg 300w, https:\/\/www.canariasviaja.com\/viajaresvivir\/wp-content\/uploads\/2021\/08\/Cofete-1-768x512.jpg 768w, https:\/\/www.canariasviaja.com\/viajaresvivir\/wp-content\/uploads\/2021\/08\/Cofete-1-1536x1024.jpg 1536w, https:\/\/www.canariasviaja.com\/viajaresvivir\/wp-content\/uploads\/2021\/08\/Cofete-1-2048x1365.jpg 2048w, https:\/\/www.canariasviaja.com\/viajaresvivir\/wp-content\/uploads\/2021\/08\/Cofete-1-1200x800.jpg 1200w, https:\/\/www.canariasviaja.com\/viajaresvivir\/wp-content\/uploads\/2021\/08\/Cofete-1-1620x1080.jpg 1620w\" sizes=\"(max-width: 2000px) 100vw, 2000px\" \/><\/figure>\n\n\n\n<p>Existe un lugar en Fuerteventura donde es posible pasear sin m\u00e1s compa\u00f1\u00eda que el Atl\u00e1ntico, un kilom\u00e9trico arenal donde la mano del hombre a\u00fan no ha hecho estragos y donde perderse y encontrarse a uno mismo es obligatorio.<\/p>\n\n\n\n<p>En el Parque Natural de Jand\u00eda y con casi 13 kil\u00f3metros de extensi\u00f3n, <strong>la soledad es lo que define a este imponente lugar<\/strong>, <a href=\"https:\/\/www.canariasviaja.com\/viajaresvivir\/category\/historias-viajeras\/rincones-por-descubrir\/\">un rinc\u00f3n por descubri<\/a>r solo perturbado por la mirada desafiante de Villa Winter, un enigm\u00e1tico caser\u00f3n flanqueado por un torre\u00f3n que observa impasible desde la monta\u00f1a. <strong>Dicen las leyendas majoreras que esta casa fue un d\u00eda refugio de nazis<\/strong>, quienes encontraban en este reducto de paz un lugar donde esconderse durante la Segunda Guerra Mundial.<\/p>\n\n\n\n<figure class=\"wp-block-image size-large\"><img loading=\"lazy\" decoding=\"async\" width=\"1024\" height=\"683\" src=\"https:\/\/www.canariasviaja.com\/viajaresvivir\/wp-content\/uploads\/2021\/08\/cofete-1-1.jpg\" alt=\"\" class=\"wp-image-7482\" srcset=\"https:\/\/www.canariasviaja.com\/viajaresvivir\/wp-content\/uploads\/2021\/08\/cofete-1-1.jpg 1024w, https:\/\/www.canariasviaja.com\/viajaresvivir\/wp-content\/uploads\/2021\/08\/cofete-1-1-300x200.jpg 300w, https:\/\/www.canariasviaja.com\/viajaresvivir\/wp-content\/uploads\/2021\/08\/cofete-1-1-768x512.jpg 768w\" sizes=\"(max-width: 1024px) 100vw, 1024px\" \/><figcaption class=\"wp-element-caption\">Cofete: una de las playas de Fuerteventura m\u00e1s enigm\u00e1ticas.<\/figcaption><\/figure>\n\n\n\n<p>En estas creencias y otras (como la de que la playa de Cofete alberga una base secreta de submarinos nazis que se comunica con la casa a trav\u00e9s de una intrincada red de t\u00faneles), se inspir\u00f3 el aclamado novelista Alberto V\u00e1zquez Figueroa para escribir su enigm\u00e1tica novela <em>Fuerteventura<\/em>.<\/p>\n\n\n\n<p>Cierto o no, lo que est\u00e1 claro es que <strong>el enigma impregna este paisaje extremo<\/strong>, siendo quiz\u00e1, uno de los secretos de su encanto.<\/p>\n\n\n\n<div style=\"height:100px\" aria-hidden=\"true\" class=\"wp-block-spacer\"><\/div>\n\n\n\n<h3 class=\"wp-block-heading\">La Concha y el Puertito<\/h3>\n\n\n\n<figure class=\"wp-block-image size-large\"><img loading=\"lazy\" decoding=\"async\" width=\"1024\" height=\"685\" src=\"https:\/\/www.canariasviaja.com\/viajaresvivir\/wp-content\/uploads\/2021\/08\/Lobos-ok.jpg\" alt=\"\" class=\"wp-image-7476\" srcset=\"https:\/\/www.canariasviaja.com\/viajaresvivir\/wp-content\/uploads\/2021\/08\/Lobos-ok.jpg 1024w, https:\/\/www.canariasviaja.com\/viajaresvivir\/wp-content\/uploads\/2021\/08\/Lobos-ok-300x201.jpg 300w, https:\/\/www.canariasviaja.com\/viajaresvivir\/wp-content\/uploads\/2021\/08\/Lobos-ok-768x514.jpg 768w\" sizes=\"(max-width: 1024px) 100vw, 1024px\" \/><\/figure>\n\n\n\n<p>Oteando el horizonte desde las playas de Corralejo y separada por tan solo dos kil\u00f3metros de la costa majorera en el Estrecho de la Bocaina, descansa tranquila una aut\u00e9ntica joya de la naturaleza en medio del Atl\u00e1ntico: la <a href=\"https:\/\/www.canariasviaja.com\/viajaresvivir\/islote-de-lobos-un-dia-en-el-paraiso\/\">isla de Lobos<\/a>.<\/p>\n\n\n\n<p>Este peque\u00f1o islote de apenas cinco kil\u00f3metros cuadrados <strong>fue en su d\u00eda hogar de cientos de lobos marinos<\/strong>, de ah\u00ed su nombre, y hoy est\u00e1 protegido en su totalidad con la categor\u00eda de Parque Natural por su enorme valor natural y paisaj\u00edstico y ser refugio de numerosas especies vegetales y animales.<\/p>\n\n\n\n<p>Al llegar al islote nos espera el Puertito, donde un sencillo pantal\u00e1n atraviesa las aguas transparentes, peque\u00f1as barquillas fondean tranquilas sobre un <strong>fondo turquesa lleno de peces<\/strong>, y rocas volc\u00e1nicas que forman charcos y lagunas y peque\u00f1as casitas de piedra completan la estampa. Aqu\u00ed no se necesita m\u00e1s: tan solo sumergirse en el agua y disfrutar de la experiencia \u00fanica de ba\u00f1arse en este lugar donde parece haberse detenido el tiempo.<\/p>\n\n\n\n<figure class=\"wp-block-gallery has-nested-images columns-default is-cropped wp-block-gallery-2 is-layout-flex wp-block-gallery-is-layout-flex\">\n<figure class=\"wp-block-image size-large\"><img loading=\"lazy\" decoding=\"async\" width=\"1024\" height=\"683\" data-id=\"7483\" src=\"https:\/\/www.canariasviaja.com\/viajaresvivir\/wp-content\/uploads\/2021\/08\/Lobos1.jpg\" alt=\"\" class=\"wp-image-7483\" srcset=\"https:\/\/www.canariasviaja.com\/viajaresvivir\/wp-content\/uploads\/2021\/08\/Lobos1.jpg 1024w, https:\/\/www.canariasviaja.com\/viajaresvivir\/wp-content\/uploads\/2021\/08\/Lobos1-300x200.jpg 300w, https:\/\/www.canariasviaja.com\/viajaresvivir\/wp-content\/uploads\/2021\/08\/Lobos1-768x512.jpg 768w\" sizes=\"(max-width: 1024px) 100vw, 1024px\" \/><\/figure>\n<\/figure>\n\n\n\n<p>En la zona sur de Lobos aguarda la playa m\u00e1s grande del islote: La Concha. Una medialuna perfecta de fin\u00edsima arena con vistas a Fuerteventura, que regala al visitante <strong>la mejor perspectiva del Parque Natural de las dunas de Corralejo<\/strong>. Aqu\u00ed, se han encontrado vestigios de lo que se cree fue el primer asentamiento romano en<a href=\"https:\/\/www.canariasviaja.com\/viajaresvivir\/destination\/redescubre-canarias\/\"> Canarias<\/a>: un taller dedicado a la extracci\u00f3n de un tipo de molusco sumamente apreciado en la \u00e9poca por ser la materia prima que te\u00f1\u00eda de color p\u00farpura las t\u00fanicas de las clases m\u00e1s pudientes.<\/p>\n\n\n\n<div style=\"height:100px\" aria-hidden=\"true\" class=\"wp-block-spacer\"><\/div>\n\n\n\n<h3 class=\"wp-block-heading\">Playa de Gran Tarajal<\/h3>\n\n\n\n<figure class=\"wp-block-image size-large\"><img loading=\"lazy\" decoding=\"async\" width=\"1024\" height=\"683\" src=\"https:\/\/www.canariasviaja.com\/viajaresvivir\/wp-content\/uploads\/2021\/08\/Gran-Tarajal.jpg\" alt=\"\" class=\"wp-image-7477\" srcset=\"https:\/\/www.canariasviaja.com\/viajaresvivir\/wp-content\/uploads\/2021\/08\/Gran-Tarajal.jpg 1024w, https:\/\/www.canariasviaja.com\/viajaresvivir\/wp-content\/uploads\/2021\/08\/Gran-Tarajal-300x200.jpg 300w, https:\/\/www.canariasviaja.com\/viajaresvivir\/wp-content\/uploads\/2021\/08\/Gran-Tarajal-768x512.jpg 768w\" sizes=\"(max-width: 1024px) 100vw, 1024px\" \/><\/figure>\n\n\n\n<p>Este pedacito de para\u00edso de arena negra orgullosa de su origen volc\u00e1nico est\u00e1 situado en el municipio de Tuineje, el territorio canario m\u00e1s cercano al continente africano (apenas 100 kil\u00f3metros lo separan de \u00e9l).<\/p>\n\n\n\n<p>Punto de encuentro de pescadores y vecinos de la zona, <strong>es una de las pocas playas de arena negra de Fuerteventura <\/strong>y una de las menos tur\u00edsticas de la Isla, y quiz\u00e1 sea precisamente ese el secreto de su encanto.<\/p>\n\n\n\n<p>A un lado la flanquea la monta\u00f1a Punta del Camellito, y a otro el espig\u00f3n del puerto mar\u00edtimo y sus 800 metros de oscura arena est\u00e1n ba\u00f1ados por limpias y tranquilas aguas. A pesar de ser una playa urbana, no est\u00e1 masificada, y <strong>cuenta con toda la esencia que tienen esos lugares de toda la vida<\/strong>, donde los vecinos se conocen y los ni\u00f1os juegan juntos durante horas, sin importar que el tiempo pase.&nbsp;<\/p>\n\n\n\n<div style=\"height:100px\" aria-hidden=\"true\" class=\"wp-block-spacer\"><\/div>\n\n\n\n<h3 class=\"wp-block-heading\">Garcey<\/h3>\n\n\n\n<figure class=\"wp-block-image size-large\"><img loading=\"lazy\" decoding=\"async\" width=\"1024\" height=\"769\" src=\"https:\/\/www.canariasviaja.com\/viajaresvivir\/wp-content\/uploads\/2021\/08\/799px-American_Star_EM1B0161-1_25838661337.jpg\" alt=\"\" class=\"wp-image-7486\" srcset=\"https:\/\/www.canariasviaja.com\/viajaresvivir\/wp-content\/uploads\/2021\/08\/799px-American_Star_EM1B0161-1_25838661337.jpg 1024w, https:\/\/www.canariasviaja.com\/viajaresvivir\/wp-content\/uploads\/2021\/08\/799px-American_Star_EM1B0161-1_25838661337-300x225.jpg 300w, https:\/\/www.canariasviaja.com\/viajaresvivir\/wp-content\/uploads\/2021\/08\/799px-American_Star_EM1B0161-1_25838661337-768x577.jpg 768w, https:\/\/www.canariasviaja.com\/viajaresvivir\/wp-content\/uploads\/2021\/08\/799px-American_Star_EM1B0161-1_25838661337-800x600.jpg 800w\" sizes=\"(max-width: 1024px) 100vw, 1024px\" \/><figcaption class=\"wp-element-caption\">Foto: <a href=\"https:\/\/www.flickr.com\/photos\/bnsd\/25838661337\/\">Bengt Nyman<\/a><\/figcaption><\/figure>\n\n\n\n<p>Con 500 metros de una mezcla de arena blanca, negra y piedras y en un entorno pr\u00e1cticamente virgen en la costa oeste de la Isla, en el municipio de P\u00e1jara, la playa de Garcey se ha ganado, y con raz\u00f3n, el atributo de ser <strong>una de las playas m\u00e1s bellas de Fuerteventura.<\/strong><\/p>\n\n\n\n<p>Aqu\u00ed el oleaje rompe con fuerza por el viento que azota esta zona de la Isla, y <strong>en sus aguas descansa para siempre el esqueleto del American Star<\/strong>, un lujoso crucero que encall\u00f3 en esta costa en 1994 y es ahora un barco fantasma, parte indiscutible del paisaje de Garcey.<\/p>\n\n\n\n<p>Engullido cada vez m\u00e1s por la arena y el agua, hoy en d\u00eda solo es visible cuando la marea baja, dejando una estampa casi irreal que representa <strong>el poder de la fuerza de la naturaleza sobre la creaci\u00f3n del hombre<\/strong>.<\/p>\n\n\n\n<div class=\"wp-block-buttons is-horizontal is-content-justification-center is-layout-flex wp-container-core-buttons-is-layout-1 wp-block-buttons-is-layout-flex\">\n<div class=\"wp-block-button\"><a class=\"wp-block-button__link wp-element-button\" href=\"https:\/\/bit.ly\/3zXCGIA\">\u00a1Sum\u00e9rgete en Fuerteventura!<\/a><\/div>\n<\/div>\n","protected":false},"excerpt":{"rendered":"<p>Fuerteventura cuenta con 150 kil\u00f3metros de playas para todos los gustos.<br \/>\nSi eres amante del windsurf y el kitsurf, o simplemente quieres desconectar y relajarte disfrutando de la naturaleza, en la isla tienes tu playa.<br \/>\nDe arena rubia o de intenso negro volc\u00e1nico y con aguas de cegador turquesa, en ellas recordar\u00e1s por qu\u00e9 a esta isla la llaman la esmeralda del Atl\u00e1ntico. <\/p>\n","protected":false},"author":28,"featured_media":7485,"comment_status":"open","ping_status":"open","sticky":false,"template":"","format":"standard","meta":{"_acf_changed":false,"sfsi_plus_gutenberg_text_before_share":"","sfsi_plus_gutenberg_show_text_before_share":"","sfsi_plus_gutenberg_icon_type":"","sfsi_plus_gutenberg_icon_alignemt":"","sfsi_plus_gutenburg_max_per_row":"","footnotes":""},"categories":[9,123,10,127,197],"tags":[767,773,775,378,770,122,772,774,771,768],"class_list":["post-7463","post","type-post","status-publish","format-standard","has-post-thumbnail","hentry","category-canarias","category-explora","category-historias-viajeras","category-relajate","category-rincones-por-descubrir","tag-arena","tag-cofete","tag-corralejo","tag-fuerteventura","tag-kitesurf","tag-playas","tag-sotavento","tag-turquesa","tag-viento","tag-windsurf"],"acf":[],"yoast_head":"<!-- This site is optimized with the Yoast SEO plugin v24.1 - https:\/\/yoast.com\/wordpress\/plugins\/seo\/ -->\n<title>Las playas m\u00e1s especiales de Fuerteventura - Viajar es vivir<\/title>\n<meta name=\"description\" content=\"Fuerteventura tiene 150 kil\u00f3metros de playas para todos los gustos, \u00bfquieres saber cu\u00e1les son las m\u00e1s especiales? Descubre nuestra selecci\u00f3n.\" \/>\n<meta name=\"robots\" content=\"index, follow, max-snippet:-1, max-image-preview:large, max-video-preview:-1\" \/>\n<link rel=\"canonical\" href=\"https:\/\/www.canariasviaja.com\/viajaresvivir\/playas-de-fuerteventura\/\" \/>\n<meta property=\"og:locale\" content=\"es_ES\" \/>\n<meta property=\"og:type\" content=\"article\" \/>\n<meta property=\"og:title\" content=\"Las playas m\u00e1s especiales de Fuerteventura - Viajar es vivir\" \/>\n<meta property=\"og:description\" content=\"Fuerteventura tiene 150 kil\u00f3metros de playas para todos los gustos, \u00bfquieres saber cu\u00e1les son las m\u00e1s especiales? Descubre nuestra selecci\u00f3n.\" \/>\n<meta property=\"og:url\" content=\"https:\/\/www.canariasviaja.com\/viajaresvivir\/playas-de-fuerteventura\/\" \/>\n<meta property=\"og:site_name\" content=\"Viajar es vivir\" \/>\n<meta property=\"article:published_time\" content=\"2021-07-22T13:39:23+00:00\" \/>\n<meta property=\"article:modified_time\" content=\"2024-06-05T10:33:27+00:00\" \/>\n<meta property=\"og:image\" content=\"http:\/\/www.canariasviaja.com\/viajaresvivir\/wp-content\/uploads\/2021\/07\/POrtada.jpg\" \/>\n\t<meta property=\"og:image:width\" content=\"2000\" \/>\n\t<meta property=\"og:image:height\" content=\"1333\" \/>\n\t<meta property=\"og:image:type\" content=\"image\/jpeg\" \/>\n<meta name=\"author\" content=\"Viajar es Vivir\" \/>\n<meta name=\"twitter:card\" content=\"summary_large_image\" \/>\n<meta name=\"twitter:label1\" content=\"Escrito por\" \/>\n\t<meta name=\"twitter:data1\" content=\"Viajar es Vivir\" \/>\n\t<meta name=\"twitter:label2\" content=\"Tiempo de lectura\" \/>\n\t<meta name=\"twitter:data2\" content=\"7 minutos\" \/>\n<script type=\"application\/ld+json\" class=\"yoast-schema-graph\">{\"@context\":\"https:\/\/schema.org\",\"@graph\":[{\"@type\":\"WebPage\",\"@id\":\"https:\/\/www.canariasviaja.com\/viajaresvivir\/playas-de-fuerteventura\/\",\"url\":\"https:\/\/www.canariasviaja.com\/viajaresvivir\/playas-de-fuerteventura\/\",\"name\":\"Las playas m\u00e1s especiales de Fuerteventura - Viajar es vivir\",\"isPartOf\":{\"@id\":\"https:\/\/www.canariasviaja.com\/viajaresvivir\/#website\"},\"primaryImageOfPage\":{\"@id\":\"https:\/\/www.canariasviaja.com\/viajaresvivir\/playas-de-fuerteventura\/#primaryimage\"},\"image\":{\"@id\":\"https:\/\/www.canariasviaja.com\/viajaresvivir\/playas-de-fuerteventura\/#primaryimage\"},\"thumbnailUrl\":\"https:\/\/www.canariasviaja.com\/viajaresvivir\/wp-content\/uploads\/2021\/07\/POrtada.jpg\",\"datePublished\":\"2021-07-22T13:39:23+00:00\",\"dateModified\":\"2024-06-05T10:33:27+00:00\",\"author\":{\"@id\":\"https:\/\/www.canariasviaja.com\/viajaresvivir\/#\/schema\/person\/1497315b1e14838a1b33eddfe8b7d768\"},\"description\":\"Fuerteventura tiene 150 kil\u00f3metros de playas para todos los gustos, \u00bfquieres saber cu\u00e1les son las m\u00e1s especiales? Descubre nuestra selecci\u00f3n.\",\"breadcrumb\":{\"@id\":\"https:\/\/www.canariasviaja.com\/viajaresvivir\/playas-de-fuerteventura\/#breadcrumb\"},\"inLanguage\":\"es\",\"potentialAction\":[{\"@type\":\"ReadAction\",\"target\":[\"https:\/\/www.canariasviaja.com\/viajaresvivir\/playas-de-fuerteventura\/\"]}]},{\"@type\":\"ImageObject\",\"inLanguage\":\"es\",\"@id\":\"https:\/\/www.canariasviaja.com\/viajaresvivir\/playas-de-fuerteventura\/#primaryimage\",\"url\":\"https:\/\/www.canariasviaja.com\/viajaresvivir\/wp-content\/uploads\/2021\/07\/POrtada.jpg\",\"contentUrl\":\"https:\/\/www.canariasviaja.com\/viajaresvivir\/wp-content\/uploads\/2021\/07\/POrtada.jpg\",\"width\":2000,\"height\":1333},{\"@type\":\"BreadcrumbList\",\"@id\":\"https:\/\/www.canariasviaja.com\/viajaresvivir\/playas-de-fuerteventura\/#breadcrumb\",\"itemListElement\":[{\"@type\":\"ListItem\",\"position\":1,\"name\":\"Portada\",\"item\":\"https:\/\/www.canariasviaja.com\/viajaresvivir\/\"},{\"@type\":\"ListItem\",\"position\":2,\"name\":\"Las playas m\u00e1s especiales de Fuerteventura\"}]},{\"@type\":\"WebSite\",\"@id\":\"https:\/\/www.canariasviaja.com\/viajaresvivir\/#website\",\"url\":\"https:\/\/www.canariasviaja.com\/viajaresvivir\/\",\"name\":\"Viajar es vivir\",\"description\":\"El blog de viajes y estilo de vida de CanariasViaja\",\"potentialAction\":[{\"@type\":\"SearchAction\",\"target\":{\"@type\":\"EntryPoint\",\"urlTemplate\":\"https:\/\/www.canariasviaja.com\/viajaresvivir\/?s={search_term_string}\"},\"query-input\":{\"@type\":\"PropertyValueSpecification\",\"valueRequired\":true,\"valueName\":\"search_term_string\"}}],\"inLanguage\":\"es\"},{\"@type\":\"Person\",\"@id\":\"https:\/\/www.canariasviaja.com\/viajaresvivir\/#\/schema\/person\/1497315b1e14838a1b33eddfe8b7d768\",\"name\":\"Viajar es Vivir\",\"image\":{\"@type\":\"ImageObject\",\"inLanguage\":\"es\",\"@id\":\"https:\/\/www.canariasviaja.com\/viajaresvivir\/#\/schema\/person\/image\/\",\"url\":\"https:\/\/secure.gravatar.com\/avatar\/8cc9bb623d9fbf0ad9780734c6f2ded9?s=96&d=mm&r=g\",\"contentUrl\":\"https:\/\/secure.gravatar.com\/avatar\/8cc9bb623d9fbf0ad9780734c6f2ded9?s=96&d=mm&r=g\",\"caption\":\"Viajar es Vivir\"},\"url\":\"https:\/\/www.canariasviaja.com\/viajaresvivir\/author\/viajar-es-vivir\/\"}]}<\/script>\n<!-- \/ Yoast SEO plugin. -->","yoast_head_json":{"title":"Las playas m\u00e1s especiales de Fuerteventura - Viajar es vivir","description":"Fuerteventura tiene 150 kil\u00f3metros de playas para todos los gustos, \u00bfquieres saber cu\u00e1les son las m\u00e1s especiales? Descubre nuestra selecci\u00f3n.","robots":{"index":"index","follow":"follow","max-snippet":"max-snippet:-1","max-image-preview":"max-image-preview:large","max-video-preview":"max-video-preview:-1"},"canonical":"https:\/\/www.canariasviaja.com\/viajaresvivir\/playas-de-fuerteventura\/","og_locale":"es_ES","og_type":"article","og_title":"Las playas m\u00e1s especiales de Fuerteventura - Viajar es vivir","og_description":"Fuerteventura tiene 150 kil\u00f3metros de playas para todos los gustos, \u00bfquieres saber cu\u00e1les son las m\u00e1s especiales? Descubre nuestra selecci\u00f3n.","og_url":"https:\/\/www.canariasviaja.com\/viajaresvivir\/playas-de-fuerteventura\/","og_site_name":"Viajar es vivir","article_published_time":"2021-07-22T13:39:23+00:00","article_modified_time":"2024-06-05T10:33:27+00:00","og_image":[{"width":2000,"height":1333,"url":"http:\/\/www.canariasviaja.com\/viajaresvivir\/wp-content\/uploads\/2021\/07\/POrtada.jpg","type":"image\/jpeg"}],"author":"Viajar es Vivir","twitter_card":"summary_large_image","twitter_misc":{"Escrito por":"Viajar es Vivir","Tiempo de lectura":"7 minutos"},"schema":{"@context":"https:\/\/schema.org","@graph":[{"@type":"WebPage","@id":"https:\/\/www.canariasviaja.com\/viajaresvivir\/playas-de-fuerteventura\/","url":"https:\/\/www.canariasviaja.com\/viajaresvivir\/playas-de-fuerteventura\/","name":"Las playas m\u00e1s especiales de Fuerteventura - Viajar es vivir","isPartOf":{"@id":"https:\/\/www.canariasviaja.com\/viajaresvivir\/#website"},"primaryImageOfPage":{"@id":"https:\/\/www.canariasviaja.com\/viajaresvivir\/playas-de-fuerteventura\/#primaryimage"},"image":{"@id":"https:\/\/www.canariasviaja.com\/viajaresvivir\/playas-de-fuerteventura\/#primaryimage"},"thumbnailUrl":"https:\/\/www.canariasviaja.com\/viajaresvivir\/wp-content\/uploads\/2021\/07\/POrtada.jpg","datePublished":"2021-07-22T13:39:23+00:00","dateModified":"2024-06-05T10:33:27+00:00","author":{"@id":"https:\/\/www.canariasviaja.com\/viajaresvivir\/#\/schema\/person\/1497315b1e14838a1b33eddfe8b7d768"},"description":"Fuerteventura tiene 150 kil\u00f3metros de playas para todos los gustos, \u00bfquieres saber cu\u00e1les son las m\u00e1s especiales? Descubre nuestra selecci\u00f3n.","breadcrumb":{"@id":"https:\/\/www.canariasviaja.com\/viajaresvivir\/playas-de-fuerteventura\/#breadcrumb"},"inLanguage":"es","potentialAction":[{"@type":"ReadAction","target":["https:\/\/www.canariasviaja.com\/viajaresvivir\/playas-de-fuerteventura\/"]}]},{"@type":"ImageObject","inLanguage":"es","@id":"https:\/\/www.canariasviaja.com\/viajaresvivir\/playas-de-fuerteventura\/#primaryimage","url":"https:\/\/www.canariasviaja.com\/viajaresvivir\/wp-content\/uploads\/2021\/07\/POrtada.jpg","contentUrl":"https:\/\/www.canariasviaja.com\/viajaresvivir\/wp-content\/uploads\/2021\/07\/POrtada.jpg","width":2000,"height":1333},{"@type":"BreadcrumbList","@id":"https:\/\/www.canariasviaja.com\/viajaresvivir\/playas-de-fuerteventura\/#breadcrumb","itemListElement":[{"@type":"ListItem","position":1,"name":"Portada","item":"https:\/\/www.canariasviaja.com\/viajaresvivir\/"},{"@type":"ListItem","position":2,"name":"Las playas m\u00e1s especiales de Fuerteventura"}]},{"@type":"WebSite","@id":"https:\/\/www.canariasviaja.com\/viajaresvivir\/#website","url":"https:\/\/www.canariasviaja.com\/viajaresvivir\/","name":"Viajar es vivir","description":"El blog de viajes y estilo de vida de CanariasViaja","potentialAction":[{"@type":"SearchAction","target":{"@type":"EntryPoint","urlTemplate":"https:\/\/www.canariasviaja.com\/viajaresvivir\/?s={search_term_string}"},"query-input":{"@type":"PropertyValueSpecification","valueRequired":true,"valueName":"search_term_string"}}],"inLanguage":"es"},{"@type":"Person","@id":"https:\/\/www.canariasviaja.com\/viajaresvivir\/#\/schema\/person\/1497315b1e14838a1b33eddfe8b7d768","name":"Viajar es Vivir","image":{"@type":"ImageObject","inLanguage":"es","@id":"https:\/\/www.canariasviaja.com\/viajaresvivir\/#\/schema\/person\/image\/","url":"https:\/\/secure.gravatar.com\/avatar\/8cc9bb623d9fbf0ad9780734c6f2ded9?s=96&d=mm&r=g","contentUrl":"https:\/\/secure.gravatar.com\/avatar\/8cc9bb623d9fbf0ad9780734c6f2ded9?s=96&d=mm&r=g","caption":"Viajar es Vivir"},"url":"https:\/\/www.canariasviaja.com\/viajaresvivir\/author\/viajar-es-vivir\/"}]}},"_links":{"self":[{"href":"https:\/\/www.canariasviaja.com\/viajaresvivir\/wp-json\/wp\/v2\/posts\/7463"}],"collection":[{"href":"https:\/\/www.canariasviaja.com\/viajaresvivir\/wp-json\/wp\/v2\/posts"}],"about":[{"href":"https:\/\/www.canariasviaja.com\/viajaresvivir\/wp-json\/wp\/v2\/types\/post"}],"author":[{"embeddable":true,"href":"https:\/\/www.canariasviaja.com\/viajaresvivir\/wp-json\/wp\/v2\/users\/28"}],"replies":[{"embeddable":true,"href":"https:\/\/www.canariasviaja.com\/viajaresvivir\/wp-json\/wp\/v2\/comments?post=7463"}],"version-history":[{"count":9,"href":"https:\/\/www.canariasviaja.com\/viajaresvivir\/wp-json\/wp\/v2\/posts\/7463\/revisions"}],"predecessor-version":[{"id":11514,"href":"https:\/\/www.canariasviaja.com\/viajaresvivir\/wp-json\/wp\/v2\/posts\/7463\/revisions\/11514"}],"wp:featuredmedia":[{"embeddable":true,"href":"https:\/\/www.canariasviaja.com\/viajaresvivir\/wp-json\/wp\/v2\/media\/7485"}],"wp:attachment":[{"href":"https:\/\/www.canariasviaja.com\/viajaresvivir\/wp-json\/wp\/v2\/media?parent=7463"}],"wp:term":[{"taxonomy":"category","embeddable":true,"href":"https:\/\/www.canariasviaja.com\/viajaresvivir\/wp-json\/wp\/v2\/categories?post=7463"},{"taxonomy":"post_tag","embeddable":true,"href":"https:\/\/www.canariasviaja.com\/viajaresvivir\/wp-json\/wp\/v2\/tags?post=7463"}],"curies":[{"name":"wp","href":"https:\/\/api.w.org\/{rel}","templated":true}]}}