{"id":7627,"date":"2021-09-16T16:41:46","date_gmt":"2021-09-16T16:41:46","guid":{"rendered":"https:\/\/www.canariasviaja.com\/viajaresvivir\/?p=7627"},"modified":"2021-09-20T09:33:18","modified_gmt":"2021-09-20T09:33:18","slug":"gastronomia-tarragona","status":"publish","type":"post","link":"https:\/\/www.canariasviaja.com\/viajaresvivir\/gastronomia-tarragona\/","title":{"rendered":"Paseo gastron\u00f3mico por la provincia de Tarragona"},"content":{"rendered":"\n<p>Nos adentramos en <strong>Tarragona<\/strong>, una de las provincias catalanas m\u00e1s desconocidas y con m\u00e1s riqueza cultural y gastron\u00f3mica, de la mano de <a href=\"https:\/\/lolaruiz-consulting.blogspot.com\/\" target=\"_blank\" rel=\"noreferrer noopener\">Lola Ruiz<\/a>. Lola es consultora experta en restaurantes, a los que ayuda en la gesti\u00f3n y en conseguir mejorar su rentabilidad. Nacida en el pueblo costero de Cambrils, adora la gastronom\u00eda, su tierra y compartir con otros sus lugares favoritos.<\/p>\n\n\n\n<div style=\"height:100px\" aria-hidden=\"true\" class=\"wp-block-spacer\"><\/div>\n\n\n\n<h3 class=\"wp-block-heading\">La gastronom\u00eda en Tarragona<\/h3>\n\n\n\n<p>La provincia de Tarragona tiene costa, f\u00e9rtiles campos y monta\u00f1as de donde obtiene productos de alta calidad. El <strong>pescado azul reconocido con marca Q de calidad alimentaria<\/strong>, las gambas rojas, las galeras, las navajas, el pulpo; \u00a0el arroz bomba, las ostras y los c\u00edtricos del Delta del Ebro; las avellanas y almendras, el aceite, las hortalizas, las carnes y huevos del Camp de Tarragona; las setas, las casta\u00f1as y patatas de las monta\u00f1as\u2026 son algunos de los frutos de la tierra y el mar que conforman la base de la <strong>exquisita gastronom\u00eda de <a href=\"https:\/\/www.tarragonaturisme.cat\/es\" target=\"_blank\" rel=\"noreferrer noopener\">Tarragona<\/a>.<\/strong><\/p>\n\n\n\n<figure class=\"wp-block-image size-large\"><img loading=\"lazy\" decoding=\"async\" width=\"1024\" height=\"683\" src=\"https:\/\/www.canariasviaja.com\/viajaresvivir\/wp-content\/uploads\/2021\/09\/06-TARRAGONA-Xaloc-romesco.jpg\" alt=\"\" class=\"wp-image-7637\" srcset=\"https:\/\/www.canariasviaja.com\/viajaresvivir\/wp-content\/uploads\/2021\/09\/06-TARRAGONA-Xaloc-romesco.jpg 1024w, https:\/\/www.canariasviaja.com\/viajaresvivir\/wp-content\/uploads\/2021\/09\/06-TARRAGONA-Xaloc-romesco-300x200.jpg 300w, https:\/\/www.canariasviaja.com\/viajaresvivir\/wp-content\/uploads\/2021\/09\/06-TARRAGONA-Xaloc-romesco-768x512.jpg 768w\" sizes=\"(max-width: 1024px) 100vw, 1024px\" \/><figcaption>Cazuela de Romesco.<a href=\"Foto: \u00a9 Manel Antol\u00ed (RV Edipress)\npara Tarragona Turismo\"> <\/a>Foto: \u00a9 Manel Antol\u00ed (RV Edipress) para Tarragona Turismo<\/figcaption><\/figure>\n\n\n\n<p>En la mesa estos ingredientes se presentan convertidos en exquisitas <strong>cazuelas de romesco, paella marinera, <em>arrossejat<\/em>, <em>fideus rossejats<\/em>, arroz negro, pescados fritos o a la plancha, cal\u00e7ots asados con salsa romesco<\/strong> \u2026 Manjares que reflejan la identidad de este lugar con historia.<\/p>\n\n\n\n<p>No hay que olvidarse de sus vinos, con tres denominaciones de origen que incluyen las prestigiosas <strong><a href=\"https:\/\/www.doqpriorat.org\/es\/\" target=\"_blank\" rel=\"noreferrer noopener\">D.O. Priorat<\/a> y <a href=\"https:\/\/www.domontsant.com\/es\/\" target=\"_blank\" rel=\"noreferrer noopener\">D.O Montsant<\/a>.<\/strong><\/p>\n\n\n\n<div style=\"height:100px\" aria-hidden=\"true\" class=\"wp-block-spacer\"><\/div>\n\n\n\n<h3 class=\"wp-block-heading\">Los sabores de Tarraco<\/h3>\n\n\n\n<p>Tarraco fue el primer asentamiento de la <strong>Hispania<\/strong> romana hace ya m\u00e1s de 2000 a\u00f1os. La ciudad de Tarragona rezuma historia. Una <strong>historia que est\u00e1 muy viva<\/strong>.<\/p>\n\n\n\n<figure class=\"wp-block-image size-large\"><img loading=\"lazy\" decoding=\"async\" width=\"2000\" height=\"1333\" src=\"https:\/\/www.canariasviaja.com\/viajaresvivir\/wp-content\/uploads\/2021\/09\/04-tarragona_-_anfiteatro1.jpg\" alt=\"\" class=\"wp-image-7638\" srcset=\"https:\/\/www.canariasviaja.com\/viajaresvivir\/wp-content\/uploads\/2021\/09\/04-tarragona_-_anfiteatro1.jpg 2000w, https:\/\/www.canariasviaja.com\/viajaresvivir\/wp-content\/uploads\/2021\/09\/04-tarragona_-_anfiteatro1-300x200.jpg 300w, https:\/\/www.canariasviaja.com\/viajaresvivir\/wp-content\/uploads\/2021\/09\/04-tarragona_-_anfiteatro1-768x512.jpg 768w, https:\/\/www.canariasviaja.com\/viajaresvivir\/wp-content\/uploads\/2021\/09\/04-tarragona_-_anfiteatro1-1536x1024.jpg 1536w, https:\/\/www.canariasviaja.com\/viajaresvivir\/wp-content\/uploads\/2021\/09\/04-tarragona_-_anfiteatro1-1200x800.jpg 1200w, https:\/\/www.canariasviaja.com\/viajaresvivir\/wp-content\/uploads\/2021\/09\/04-tarragona_-_anfiteatro1-1620x1080.jpg 1620w\" sizes=\"(max-width: 2000px) 100vw, 2000px\" \/><figcaption>Anfiteatro de Tarragona. Foto: \u00a9 Manel Antol\u00ed (RV Edipress) para Tarragona Turismo<\/figcaption><\/figure>\n\n\n\n<p>Admirar el <strong>anfiteatro romano<\/strong> situado frente al mar e imaginar las luchas de los gladiadores que all\u00ed tuvieron lugar, recorrer los pasillos de su <strong>circo romano<\/strong>, observar la maqueta que nos muestra c\u00f3mo era la ciudad en el siglo II, son algunas de las cosas que debemos hacer para descubrir la <strong>apasionante historia de la ciudad<\/strong>.<\/p>\n\n\n\n<p>Pero si queremos descubrir <strong>como se vive <\/strong>hoy en Tarragona debemos de tomar un <strong>vermut <\/strong>en una de las terrazas de la parte alta junto a la <strong>Catedral<\/strong>, pasear por los puestos del edificio modernista del <strong>Mercado Central<\/strong>, asomarnos a la <strong>lonja de pescadores<\/strong>  o degustar una <strong>cazuela de romesco<\/strong> en uno de los restaurantes con vistas al puerto en el <strong>barrio del Serrallo<\/strong>.<\/p>\n\n\n\n<figure class=\"wp-block-gallery columns-2 is-cropped wp-block-gallery-1 is-layout-flex wp-block-gallery-is-layout-flex\"><ul class=\"blocks-gallery-grid\"><li class=\"blocks-gallery-item\"><figure><img loading=\"lazy\" decoding=\"async\" width=\"1024\" height=\"683\" src=\"https:\/\/www.canariasviaja.com\/viajaresvivir\/wp-content\/uploads\/2021\/09\/14-TARRAGONA-Mercat-Central.jpg\" alt=\"\" data-id=\"7639\" data-link=\"https:\/\/www.canariasviaja.com\/viajaresvivir\/?attachment_id=7639#main\" class=\"wp-image-7639\" srcset=\"https:\/\/www.canariasviaja.com\/viajaresvivir\/wp-content\/uploads\/2021\/09\/14-TARRAGONA-Mercat-Central.jpg 1024w, https:\/\/www.canariasviaja.com\/viajaresvivir\/wp-content\/uploads\/2021\/09\/14-TARRAGONA-Mercat-Central-300x200.jpg 300w, https:\/\/www.canariasviaja.com\/viajaresvivir\/wp-content\/uploads\/2021\/09\/14-TARRAGONA-Mercat-Central-768x512.jpg 768w\" sizes=\"(max-width: 1024px) 100vw, 1024px\" \/><\/figure><\/li><li class=\"blocks-gallery-item\"><figure><img loading=\"lazy\" decoding=\"async\" width=\"1024\" height=\"683\" src=\"https:\/\/www.canariasviaja.com\/viajaresvivir\/wp-content\/uploads\/2021\/09\/43_tgn_15052010_alb.jpg\" alt=\"\" data-id=\"7640\" data-full-url=\"https:\/\/www.canariasviaja.com\/viajaresvivir\/wp-content\/uploads\/2021\/09\/43_tgn_15052010_alb.jpg\" data-link=\"https:\/\/www.canariasviaja.com\/viajaresvivir\/?attachment_id=7640#main\" class=\"wp-image-7640\" srcset=\"https:\/\/www.canariasviaja.com\/viajaresvivir\/wp-content\/uploads\/2021\/09\/43_tgn_15052010_alb.jpg 1024w, https:\/\/www.canariasviaja.com\/viajaresvivir\/wp-content\/uploads\/2021\/09\/43_tgn_15052010_alb-300x200.jpg 300w, https:\/\/www.canariasviaja.com\/viajaresvivir\/wp-content\/uploads\/2021\/09\/43_tgn_15052010_alb-768x512.jpg 768w\" sizes=\"(max-width: 1024px) 100vw, 1024px\" \/><\/figure><\/li><\/ul><\/figure>\n\n\n\n<figure class=\"wp-block-image size-large\"><img loading=\"lazy\" decoding=\"async\" width=\"2000\" height=\"1377\" src=\"https:\/\/www.canariasviaja.com\/viajaresvivir\/wp-content\/uploads\/2021\/09\/10-tarragona_-_port_esportiu_club_nautico.jpg\" alt=\"\" class=\"wp-image-7641\" srcset=\"https:\/\/www.canariasviaja.com\/viajaresvivir\/wp-content\/uploads\/2021\/09\/10-tarragona_-_port_esportiu_club_nautico.jpg 2000w, https:\/\/www.canariasviaja.com\/viajaresvivir\/wp-content\/uploads\/2021\/09\/10-tarragona_-_port_esportiu_club_nautico-300x207.jpg 300w, https:\/\/www.canariasviaja.com\/viajaresvivir\/wp-content\/uploads\/2021\/09\/10-tarragona_-_port_esportiu_club_nautico-768x529.jpg 768w, https:\/\/www.canariasviaja.com\/viajaresvivir\/wp-content\/uploads\/2021\/09\/10-tarragona_-_port_esportiu_club_nautico-1536x1058.jpg 1536w, https:\/\/www.canariasviaja.com\/viajaresvivir\/wp-content\/uploads\/2021\/09\/10-tarragona_-_port_esportiu_club_nautico-1200x826.jpg 1200w, https:\/\/www.canariasviaja.com\/viajaresvivir\/wp-content\/uploads\/2021\/09\/10-tarragona_-_port_esportiu_club_nautico-1569x1080.jpg 1569w\" sizes=\"(max-width: 2000px) 100vw, 2000px\" \/><figcaption>Fotos mercado y Puerto Deportivo: \u00a9 Manel Antol\u00ed (RV Edipress). Foto plaza F\u00f3rum Alberich Fot\u00f2grafs, para Tarragona Turismo<\/figcaption><\/figure>\n\n\n\n<p>Si te gustar\u00eda descubrir y degustar c\u00f3mo se com\u00eda en Tarraco en tiempo de los romanos, tambi\u00e9n lo puedes hacer durante las jornadas <strong>T\u00e0rraco e taula<\/strong>, que se celebran cada a\u00f1o con motivo del festival <strong><a href=\"https:\/\/www.tarracoviva.com\/es\/presentacion\/#\" target=\"_blank\" rel=\"noreferrer noopener\">Tarraco Viva<\/a><\/strong>, que te har\u00e1 viajar en el tiempo a la \u00e9poca de los romanos.<\/p>\n\n\n\n<h2 class=\"wp-block-heading\">Las recomendaciones de Lola en Tarragona<\/h2>\n\n\n\n<p><strong>Zona alta:<\/strong><\/p>\n\n\n\n<ul class=\"wp-block-list\"><li><strong><a href=\"https:\/\/www.tripadvisor.es\/Restaurant_Review-g187503-d10003883-Reviews-Filosofia_Restaurante-Tarragona_Costa_Dorada_Province_of_Tarragona_Catalonia.html\">Filosof\u00eda<\/a>:<\/strong> Un agradable restaurante que cuenta con una carta variada en la que conviven platos de carne con muchas opciones vegetarianas, veganas y sin gluten.<\/li><\/ul>\n\n\n\n<ul class=\"wp-block-list\"><li><strong><a href=\"http:\/\/lolabistro.restaurant\/\" target=\"_blank\" rel=\"noreferrer noopener\">Bistro Lola:<\/a><\/strong> peque\u00f1o y acogedor restaurante basado en la filosof\u00eda de <em>slow food,<\/em> que invita a compartir tapas sin prisas, \u201c<em>para los que les gusta disfrutar en todos los sentidos<\/em>\u201d. Una carta basada en el producto de proximidad y KM 0. <\/li><\/ul>\n\n\n\n<p><strong>Zona centro:<\/strong><\/p>\n\n\n\n<ul class=\"wp-block-list\"><li><strong><a href=\"https:\/\/www.tripadvisor.es\/Restaurant_Review-g187503-d2321366-Reviews-El_Terrat_Restaurant-Tarragona_Costa_Dorada_Province_of_Tarragona_Catalonia.html\" target=\"_blank\" rel=\"noreferrer noopener\">El Terrat:<\/a><\/strong> restaurante de cocina mediterr\u00e1nea creativa propiedad de los productores de la productora audiovisual El Terrat. Est\u00e1 situado en la parte alta de la ciudad, cerca de la Catedral. Cuenta con un plato Michelin.<\/li><\/ul>\n\n\n\n<p><strong>El Serrallo:<\/strong> El barrio pescador de Tarragona<\/p>\n\n\n\n<ul class=\"wp-block-list\"><li><a href=\"https:\/\/www.elposit.com\/es\/restaurantes\/el-posit-del-serrallo\" target=\"_blank\" rel=\"noreferrer noopener\"><strong>El P\u00f2sit<\/strong>:<\/a> cocina marinera sostenible con vistas al puerto. Un lugar para disfrutar del marisco y la cocina catalana. Tienen otro restaurante en Cambrils.<\/li><\/ul>\n\n\n\n<div style=\"height:100px\" aria-hidden=\"true\" class=\"wp-block-spacer\"><\/div>\n\n\n\n<h3 class=\"wp-block-heading\">Reus, vermut y modernismo<\/h3>\n\n\n\n<p>La ciudad natal del famoso arquitecto modernista <strong>Gaud\u00ed <\/strong>cuenta con un casco hist\u00f3rico con numerosas construcciones modernistas, como la <strong>Casa N\u00e0vas, Casa Pi\u00f1ol o Casa Rull<\/strong> y es la cuna del <strong>vermut.<\/strong><\/p>\n\n\n\n<h2 class=\"wp-block-heading\">Las recomendaciones de Lola en Reus<\/h2>\n\n\n\n<p><strong><a href=\"http:\/\/www.museudelvermut.com\/es\/\" target=\"_blank\" rel=\"noreferrer noopener\">Museo del Vermut<\/a><\/strong>, situado en el centro del pueblo en un edificio modernista completamente reformado y que conserva la fachada original de 1918. Acoge la mayor colecci\u00f3n del mundo relacionada con este licor.  En su restaurante encontramos cuatro ambientes diferenciados:  el Espacio Martini y tres espacios dedicados a los vermuts m\u00e1s famosos de Reus: Mir\u00f3, Iris e Yzaguirre. En el se pueden degustar sabores de la cocina mediterr\u00e1nea y catalana y m\u00e1s de 30 vermuts de Reus y del resto del mundo.<\/p>\n\n\n\n<div style=\"height:100px\" aria-hidden=\"true\" class=\"wp-block-spacer\"><\/div>\n\n\n\n<h3 class=\"wp-block-heading\">Cambrils, tradici\u00f3n gastron\u00f3mica<\/h3>\n\n\n\n<p>Una poblaci\u00f3n con una larga tradici\u00f3n gastron\u00f3mica. Antiguamente ten\u00eda los mejores restaurantes de la provincia. Algunos de ellos han dado paso a franquicias tras la jubilaci\u00f3n de sus propietarios, pero la gastronom\u00eda sigue siendo parte de su esencia. Cada a\u00f1o se celebran en Cambrils las <strong><a href=\"https:\/\/cambrils-turisme.com\/es\/jornadas-del-romesco-de-cambrils\/\" target=\"_blank\" rel=\"noreferrer noopener\">Jornadas gastron\u00f3micas del Romesco<\/a> y las <a href=\"https:\/\/costadoradaonline.net\/cambrils\/eventos-cambrils\/jornada-culinaria-galera-cambrils\/\" target=\"_blank\" rel=\"noreferrer noopener\">de la Galera<\/a><\/strong>, sum\u00e1ndose muchos restaurantes de la zona con exquisitas propuestas en sus cartas.<\/p>\n\n\n\n<h2 class=\"wp-block-heading\">Las recomendaciones de Lola en Cambrils<\/h2>\n\n\n\n<figure class=\"wp-block-image size-large\"><img loading=\"lazy\" decoding=\"async\" width=\"1024\" height=\"680\" src=\"https:\/\/www.canariasviaja.com\/viajaresvivir\/wp-content\/uploads\/2021\/09\/Plato-acuamar.jpg\" alt=\"\" class=\"wp-image-7632\" srcset=\"https:\/\/www.canariasviaja.com\/viajaresvivir\/wp-content\/uploads\/2021\/09\/Plato-acuamar.jpg 1024w, https:\/\/www.canariasviaja.com\/viajaresvivir\/wp-content\/uploads\/2021\/09\/Plato-acuamar-300x199.jpg 300w, https:\/\/www.canariasviaja.com\/viajaresvivir\/wp-content\/uploads\/2021\/09\/Plato-acuamar-768x510.jpg 768w\" sizes=\"(max-width: 1024px) 100vw, 1024px\" \/><figcaption>Plato del Restaurante Acuamar (Foto web Acuamar)<\/figcaption><\/figure>\n\n\n\n<ul class=\"wp-block-list\"><li><strong><a href=\"https:\/\/www.acuamar.com\/index.php?lang=es\" target=\"_blank\" rel=\"noreferrer noopener\">Acuamar<\/a><\/strong>: un restaurante situado en un edificio de 1935 con vistas espectaculares al puerto en el que poder disfrutar de las especialidades marineras con la mejor relaci\u00f3n calidad\/ precio. Lola siempre se decanta por las sugerencias del d\u00eda y no deja escapar el postre que seg\u00fan ella <em>\u00abno va al est\u00f3mago, sino directamente al coraz\u00f3n\u00bb.<\/em><\/li><li><a href=\"https:\/\/canbosch.com\/es\/\" target=\"_blank\" rel=\"noreferrer noopener\"><strong>Can Bosch<\/strong><\/a>: Un restaurante familiar con estrella Michelin, en el que la innovaci\u00f3n y la tradici\u00f3n van de la mano y  lo los ingredientes de primera calidad son la base de su cocina. Situado en el interior del pueblo, cuenta con un interior muy cuidado. Imprescindible el arroz negro Can Bosch.<\/li><li><strong><a href=\"https:\/\/www.rincondediego.com\/\" target=\"_blank\" rel=\"noreferrer noopener\">El rinc\u00f3n de Diego:<\/a><\/strong> Restaurante situado cerca del Club N\u00e1utico. Cuenta con una estrella Michelin. Un espacio gastrocreativo en el que innovan con los productos de primera calidad de la zona.<\/li><li><strong><a href=\"https:\/\/www.tripadvisor.es\/Restaurant_Review-g580328-d4155905-Reviews-Mar_de_Tierras-Cambrils_Baix_Camp_Costa_Dorada_Province_of_Tarragona_Catalonia.html\" target=\"_blank\" rel=\"noreferrer noopener\">Mar de Tierra<\/a>:<\/strong> en la tranquila Plaza de la Villa, un lugar tranquilo y perfecto para tomarse un aperitivo en la terraza. El lugar en el que siempre para Lola cuando vuelve a su pueblo.<\/li><\/ul>\n\n\n\n<div style=\"height:100px\" aria-hidden=\"true\" class=\"wp-block-spacer\"><\/div>\n\n\n\n<h3 class=\"wp-block-heading\">Salou<\/h3>\n\n\n\n<p>Un destino tradicionalmente de vacaciones para j\u00f3venes que est\u00e1 girando hacia un destino m\u00e1s familiar.  Tiene una excelente oferta de restauraci\u00f3n.<\/p>\n\n\n\n<h2 class=\"wp-block-heading\">Las recomendaciones de Lola en Cambril<\/h2>\n\n\n\n<p><strong>Restaurantes para vivir experiencias:<\/strong><\/p>\n\n\n\n<ul class=\"wp-block-list\"><li><strong><a href=\"https:\/\/www.restaurantcookandtravel.com\/\" target=\"_blank\" rel=\"noreferrer noopener\">Cook &amp; Travel:<\/a><\/strong> Un restaurante para paladares viajeros. Su <strong>Mind &amp; Travel Room<\/strong> te invita a vivir una experiencia gastron\u00f3mica inmersiva en un comedor privado con  mesa interactiva<\/li><li><strong><a href=\"\" target=\"_blank\" rel=\"noreferrer noopener\">Deliranto:<\/a><\/strong> una experiencia gastron\u00f3mica exclusiva basada en una cocina de sensaciones y recuerdos. Men\u00fas creativos altamente elaborados inspirados en cuentos e historias cl\u00e1sicas como El Principito, Cuento de Navidad, el Mago de Oz\u2026<\/li><\/ul>\n\n\n\n<p><strong>Restaurantes para saborear la gastronom\u00eda local<\/strong><\/p>\n\n\n\n<div class=\"wp-block-image\"><figure class=\"aligncenter size-large is-resized\"><img decoding=\"async\" src=\"https:\/\/www.canariasviaja.com\/viajaresvivir\/wp-content\/uploads\/2021\/09\/Salou12.62734i.jpg\" alt=\"Gastronom\u00eda Tarragona\" class=\"wp-image-7633\" width=\"400\" srcset=\"https:\/\/www.canariasviaja.com\/viajaresvivir\/wp-content\/uploads\/2021\/09\/Salou12.62734i.jpg 1879w, https:\/\/www.canariasviaja.com\/viajaresvivir\/wp-content\/uploads\/2021\/09\/Salou12.62734i-298x300.jpg 298w, https:\/\/www.canariasviaja.com\/viajaresvivir\/wp-content\/uploads\/2021\/09\/Salou12.62734i-150x150.jpg 150w, https:\/\/www.canariasviaja.com\/viajaresvivir\/wp-content\/uploads\/2021\/09\/Salou12.62734i-768x772.jpg 768w, https:\/\/www.canariasviaja.com\/viajaresvivir\/wp-content\/uploads\/2021\/09\/Salou12.62734i-1527x1536.jpg 1527w, https:\/\/www.canariasviaja.com\/viajaresvivir\/wp-content\/uploads\/2021\/09\/Salou12.62734i-1200x1207.jpg 1200w, https:\/\/www.canariasviaja.com\/viajaresvivir\/wp-content\/uploads\/2021\/09\/Salou12.62734i-1074x1080.jpg 1074w\" sizes=\"(max-width: 1879px) 100vw, 1879px\" \/><figcaption>Restaurante La Goleta (Foto: web La Goleta)<\/figcaption><\/figure><\/div>\n\n\n\n<ul class=\"wp-block-list\"><li><strong><a href=\"https:\/\/lagoletasalou.com\/ubicacion\" target=\"_blank\" rel=\"noreferrer noopener\">La Goleta<\/a><\/strong>: Con una privilegiada ubicaci\u00f3n en la Cala des Capellans, un lugar para degustar la exquisitez de sus platos mediterr\u00e1neos.<\/li><li><strong><a href=\"https:\/\/guide.michelin.com\/en\/catalunya\/salou\/restaurant\/la-morera-de-pablo-y-ester\" target=\"_blank\" rel=\"noreferrer noopener\">La Morera de Pablo y Ester:<\/a><\/strong> un restaurante acogedor con un comedor acristalado a la sombra de una morera. Est\u00e1 gestionado por una pareja, Ester en la sala y Pablo en la cocina, que se desviven para ofrecer a sus clientes una experiencia especial.<\/li><li><strong><a href=\"https:\/\/restaurantehollandaluz.eatbu.com\/?lang=es\" target=\"_blank\" rel=\"noreferrer noopener\">Hollandaluz: <\/a><\/strong>un restaurante con un socio holand\u00e9s y otro andaluz que ofrecen una cocina internacional con productos de calidad a un precio razonable y una atenci\u00f3n de 10.<\/li><\/ul>\n\n\n\n<div style=\"height:100px\" aria-hidden=\"true\" class=\"wp-block-spacer\"><\/div>\n\n\n\n<h3 class=\"wp-block-heading\">Priorat, tierra de vinos y aceites<\/h3>\n\n\n\n<figure class=\"wp-block-image size-large\"><img loading=\"lazy\" decoding=\"async\" width=\"1024\" height=\"768\" src=\"https:\/\/www.canariasviaja.com\/viajaresvivir\/wp-content\/uploads\/2021\/09\/ben-steele-zZcvA-y90bY-unsplash.jpg\" alt=\"Gastronom\u00eda de Tarragona. Priorat\" class=\"wp-image-7635\" srcset=\"https:\/\/www.canariasviaja.com\/viajaresvivir\/wp-content\/uploads\/2021\/09\/ben-steele-zZcvA-y90bY-unsplash.jpg 1024w, https:\/\/www.canariasviaja.com\/viajaresvivir\/wp-content\/uploads\/2021\/09\/ben-steele-zZcvA-y90bY-unsplash-300x225.jpg 300w, https:\/\/www.canariasviaja.com\/viajaresvivir\/wp-content\/uploads\/2021\/09\/ben-steele-zZcvA-y90bY-unsplash-768x576.jpg 768w, https:\/\/www.canariasviaja.com\/viajaresvivir\/wp-content\/uploads\/2021\/09\/ben-steele-zZcvA-y90bY-unsplash-800x600.jpg 800w\" sizes=\"(max-width: 1024px) 100vw, 1024px\" \/><figcaption>Priorat. Foto: Ben Steele para Unsplash<\/figcaption><\/figure>\n\n\n\n<p>Hablar del Priorat es hablar de <strong>vinos, de aceites<\/strong>, de tradici\u00f3n e innovaci\u00f3n, de sostenibilidad y de filosof\u00eda Km 0. <\/p>\n\n\n\n<p>En sus cocinas platos tradicionales y humildes, como la <em><strong>Truita amb suc <\/strong><\/em>( tortilla hervida en un caldo caliente que se coc\u00eda en el campo y se com\u00eda en Semana Santa), se convierten en exquisiteces. Degustar este plato es <strong>degustar la historia de la comarca.<\/strong><\/p>\n\n\n\n<p>Una comarca que enamora a los <strong>enoturistas<\/strong> con un paisaje cambiante que se transforma con las estaciones y que hay que descubrir sis prisas.<\/p>\n\n\n\n<h2 class=\"wp-block-heading\">Las recomendaciones de Lola en el Priorat<\/h2>\n\n\n\n<ul class=\"wp-block-list\"><li><strong><a href=\"https:\/\/brotsrestaurant.com\/es\/\">Brots<\/a>: <\/strong>una sorpresa gastron\u00f3mica escondida en el pueblo de <strong>Poboleda<\/strong>, entre monta\u00f1as y rodeado de vi\u00f1edos. Un entorno tranquilo en el que el chef belga Pieter Truyts, formado en restaurantes estrella Michelin en B\u00e9lgica y en Francia,&nbsp; encontr\u00f3 \u201c<em>el lugar perfecto para cocinar desde el coraz\u00f3n<\/em>\u201d. Truyts desarrolla su creatividad con los productos de la tierra. Excelente relaci\u00f3n calidad\/precio. Imprescindible reservar mesa con tiempo.<\/li><li><strong><a href=\"https:\/\/quatremolins.com\/es\/restaurante\">Quatre Molins<\/a> <\/strong>(Cornudella del Montsant): Comandado por Rafel Muria, el chef de la miel, ofrece una cocina contempor\u00e1nea que dibuja los paisajes del Priorat. Pone en valor los productos y variedades aut\u00f3ctonas para actualizar la tradici\u00f3n culinaria a trav\u00e9s de sus men\u00fas degustaci\u00f3n.<\/li><li><strong><a href=\"https:\/\/www.tripadvisor.es\/ShowUserReviews-g1549785-d12030560-r458344439-Restaurant_Porta_del_Priorat-Cornudella_de_Montsant_Province_of_Tarragona_Cata.html\" target=\"_blank\" rel=\"noreferrer noopener\">Porta del Priorat<\/a><\/strong> (Cornudella del Montsant, carretera hacia Poboleda) Un restaurante situado en una mas\u00eda en medio de la naturaleza. Cocina casera con productos de proximidad y mercado. Excelente relaci\u00f3n calidad\/ precio<\/li><\/ul>\n\n\n\n<div style=\"height:100px\" aria-hidden=\"true\" class=\"wp-block-spacer\"><\/div>\n\n\n\n<h3 class=\"wp-block-heading\">Valls, capital del cal\u00e7ot<\/h3>\n\n\n\n<p>En enero y febrero Valls se convierte en la capital de las <em><strong>cal\u00e7otadas<\/strong><\/em>. Un plato popular que se disfruta m\u00e1s al aire libre, en el campo,  sumergiendo los cal\u00e7ots, cebollas tiernas reci\u00e9n asadas sobre una base de sarmiento, en la salsa de romesco. Un plato para chuparse los dedos que tambi\u00e9n se puede comer en los restaurantes.<\/p>\n\n\n\n<div class=\"wp-block-image\"><figure class=\"aligncenter size-large is-resized\"><img decoding=\"async\" src=\"https:\/\/www.canariasviaja.com\/viajaresvivir\/wp-content\/uploads\/2021\/09\/blackieshoot-gRgSIDkR2ho-unsplash-1333x2000.jpg\" alt=\"Cal\u00e7ots. Gastronom\u00eda de Tarragona\n\" class=\"wp-image-7636\" width=\"400\" srcset=\"https:\/\/www.canariasviaja.com\/viajaresvivir\/wp-content\/uploads\/2021\/09\/blackieshoot-gRgSIDkR2ho-unsplash-1333x2000.jpg 1333w, https:\/\/www.canariasviaja.com\/viajaresvivir\/wp-content\/uploads\/2021\/09\/blackieshoot-gRgSIDkR2ho-unsplash-200x300.jpg 200w, https:\/\/www.canariasviaja.com\/viajaresvivir\/wp-content\/uploads\/2021\/09\/blackieshoot-gRgSIDkR2ho-unsplash-768x1152.jpg 768w, https:\/\/www.canariasviaja.com\/viajaresvivir\/wp-content\/uploads\/2021\/09\/blackieshoot-gRgSIDkR2ho-unsplash-1024x1536.jpg 1024w, https:\/\/www.canariasviaja.com\/viajaresvivir\/wp-content\/uploads\/2021\/09\/blackieshoot-gRgSIDkR2ho-unsplash-1365x2048.jpg 1365w, https:\/\/www.canariasviaja.com\/viajaresvivir\/wp-content\/uploads\/2021\/09\/blackieshoot-gRgSIDkR2ho-unsplash-1200x1800.jpg 1200w, https:\/\/www.canariasviaja.com\/viajaresvivir\/wp-content\/uploads\/2021\/09\/blackieshoot-gRgSIDkR2ho-unsplash-720x1080.jpg 720w, https:\/\/www.canariasviaja.com\/viajaresvivir\/wp-content\/uploads\/2021\/09\/blackieshoot-gRgSIDkR2ho-unsplash-scaled.jpg 1707w\" sizes=\"(max-width: 1333px) 100vw, 1333px\" \/><figcaption>Cal\u00e7ots. Foto: Blackieshoot para Unsplash<\/figcaption><\/figure><\/div>\n\n\n\n<h2 class=\"wp-block-heading\">Las recomendaciones de Lola en el Priorat<\/h2>\n\n\n\n<ul class=\"wp-block-list\"><li><strong><a href=\"http:\/\/www.lesespelmes.com\" target=\"_blank\" rel=\"noreferrer noopener\">Les espelmes:<\/a><\/strong> situado en un paraje natural entre Valls y Montblanc. Abierto en 1970 bajo el nombre de Mirador del Alt Camp se especializ\u00f3 en platos platos a la brasa ya que no contaba con electricidad y usaba velas, <em>espelmes<\/em>,  para iluminar el local. Actualmente tan solo el nombre recuerda esos tiempos sin luz. En este lugar, de ubicaci\u00f3n privilegiada, se degustan platos de la cocina tradicional catalana y platos contempor\u00e1neos inspirados en la cocina mediterr\u00e1nea. Y por supuesto la <em>cal\u00e7otada<\/em>, un plato humilde que es ahora el plato estrella de la zona<\/li><li><strong><a href=\"http:\/\/masiafontscaldes.com\/?lang=es\" target=\"_blank\" rel=\"noreferrer noopener\">Restaurante Mas\u00eda Fontscaldes<\/a>: &nbsp;<\/strong> Situado en una bonita mas\u00eda tradicional catalana del siglo XVII adecuada para comidas de grupos. Cuenta con dos tinas, en las que se conservaba la uva, que han sido  adaptadas como comedores para 12 comensales. En el comedor exterior se asan los cal\u00e7ots durante la temporada.<\/li><\/ul>\n\n\n\n<div style=\"height:100px\" aria-hidden=\"true\" class=\"wp-block-spacer\"><\/div>\n\n\n\n<h3 class=\"wp-block-heading\">Delta del Ebro, parajes m\u00e1gicos<\/h3>\n\n\n\n<p>Hablar del <strong>Delta del Ebro<\/strong> es hablar de tranquilidad, naturaleza, experiencias, gastronom\u00eda y playas de ensue\u00f1o. Playas infinitas en las que no ves nada a kil\u00f3metros. Uno de los parajes m\u00e1s m\u00e1gicos de la geograf\u00eda de Catalu\u00f1a que conforma el <strong>Parque Natural y la Reserva de la Biosfera de las Tierras del Ebro.<\/strong> <\/p>\n\n\n\n<figure class=\"wp-block-image size-large\"><img loading=\"lazy\" decoding=\"async\" width=\"1920\" height=\"1280\" src=\"https:\/\/www.canariasviaja.com\/viajaresvivir\/wp-content\/uploads\/2021\/09\/santiago-lacarta-xbRUqMFHlZI-unsplash.jpg\" alt=\"Delta del Ebro. Gastronom\u00eda Tarragona\" class=\"wp-image-7642\" srcset=\"https:\/\/www.canariasviaja.com\/viajaresvivir\/wp-content\/uploads\/2021\/09\/santiago-lacarta-xbRUqMFHlZI-unsplash.jpg 1920w, https:\/\/www.canariasviaja.com\/viajaresvivir\/wp-content\/uploads\/2021\/09\/santiago-lacarta-xbRUqMFHlZI-unsplash-300x200.jpg 300w, https:\/\/www.canariasviaja.com\/viajaresvivir\/wp-content\/uploads\/2021\/09\/santiago-lacarta-xbRUqMFHlZI-unsplash-768x512.jpg 768w, https:\/\/www.canariasviaja.com\/viajaresvivir\/wp-content\/uploads\/2021\/09\/santiago-lacarta-xbRUqMFHlZI-unsplash-1536x1024.jpg 1536w, https:\/\/www.canariasviaja.com\/viajaresvivir\/wp-content\/uploads\/2021\/09\/santiago-lacarta-xbRUqMFHlZI-unsplash-1200x800.jpg 1200w, https:\/\/www.canariasviaja.com\/viajaresvivir\/wp-content\/uploads\/2021\/09\/santiago-lacarta-xbRUqMFHlZI-unsplash-1620x1080.jpg 1620w\" sizes=\"(max-width: 1920px) 100vw, 1920px\" \/><figcaption>Delta del Ebro. Foto: Santiago Lacarta para Unsplash<\/figcaption><\/figure>\n\n\n\n<p>El Parque Natural Delta del Ebro es <strong>el mayor humedal de Catalu\u00f1a<\/strong>, un enclave \u00fanico en el Mediterr\u00e1neo donde podemos apreciar una gran biodiversidad marina, fauna y flora salvaje excepcional.<\/p>\n\n\n\n<h2 class=\"wp-block-heading\">La recomendaciones de Lola en el Delta del Ebro<\/h2>\n\n\n\n<ul class=\"wp-block-list\"><li><a href=\"https:\/\/www.hotelalgadirdelta.com\/restaurante\/\"><strong>L\u00b4 <\/strong><\/a><strong><a href=\"https:\/\/www.hotelalgadirdelta.com\/restaurante\/\">Algadir del Delta<\/a>.<\/strong> Restaurante del primer hotel Ecolabel de Espa\u00f1a. Situado  junto a los arrozales, ofrece una cocina tradicional actualizada y una gran selecci\u00f3n de arroces, que son su especialidad. En su carta encontramos platos tan sugerentes como la ostra braseada, con quinos, anguila ahumada y crema de galera o paella marinera con arroz bomba.<\/li><\/ul>\n\n\n\n<p><\/p>\n\n\n\n<p>La provincia de Tarragona nos sorprender\u00e1 por sus paisajes, su historia y pueblos y por su gastronom\u00eda, que nos dejar\u00e1 muy buen sabor de boca.<\/p>\n\n\n\n<div class=\"wp-block-buttons is-content-justification-center is-layout-flex wp-block-buttons-is-layout-flex\">\n<div class=\"wp-block-button\"><a class=\"wp-block-button__link\" href=\"https:\/\/bit.ly\/3nT8xrl\">Saborea Tarragona<\/a><\/div>\n<\/div>\n\n\n\n<p><\/p>\n","protected":false},"excerpt":{"rendered":"<p>Nos adentramos en Tarragona, una de las provincias catalanas m\u00e1s desconocidas y con m\u00e1s riqueza cultural y gastron\u00f3mica, de la mano de Lola Ruiz. Lola es consultora experta en restaurantes, a los que ayuda en la gesti\u00f3n y en conseguir mejorar su rentabilidad. Nacida en el pueblo costero de Cambrils, adora la gastronom\u00eda, su tierra y compartir con otros sus &hellip;<\/p>\n","protected":false},"author":2,"featured_media":7642,"comment_status":"open","ping_status":"open","sticky":false,"template":"","format":"standard","meta":{"_acf_changed":false,"sfsi_plus_gutenberg_text_before_share":"","sfsi_plus_gutenberg_show_text_before_share":"","sfsi_plus_gutenberg_icon_type":"","sfsi_plus_gutenberg_icon_alignemt":"","sfsi_plus_gutenburg_max_per_row":"","footnotes":""},"categories":[123,10,100,11,126,749],"tags":[110,603,151,750],"class_list":["post-7627","post","type-post","status-publish","format-standard","has-post-thumbnail","hentry","category-explora","category-historias-viajeras","category-peninsulaybaleares","category-postales","category-saborea","category-tarragona-peninsulaybaleares","tag-enoturismo","tag-escapada-gastronomica","tag-gastronomia","tag-tarragona"],"acf":[],"yoast_head":"<!-- This site is optimized with the Yoast SEO plugin v24.1 - https:\/\/yoast.com\/wordpress\/plugins\/seo\/ -->\n<title>Paseo gastron\u00f3mico por la provincia de Tarragona - Viajar es vivir<\/title>\n<meta name=\"description\" content=\"La gastronom\u00eda de Tarragona es una de las m\u00e1s ricas y desconocidas de Catalu\u00f1a. Te invitados a adentrarte con nosotros en su provincia.\" \/>\n<meta name=\"robots\" content=\"index, follow, max-snippet:-1, max-image-preview:large, max-video-preview:-1\" \/>\n<link rel=\"canonical\" href=\"https:\/\/www.canariasviaja.com\/viajaresvivir\/gastronomia-tarragona\/\" \/>\n<meta property=\"og:locale\" content=\"es_ES\" \/>\n<meta property=\"og:type\" content=\"article\" \/>\n<meta property=\"og:title\" content=\"Paseo gastron\u00f3mico por la provincia de Tarragona - Viajar es vivir\" \/>\n<meta property=\"og:description\" content=\"La gastronom\u00eda de Tarragona es una de las m\u00e1s ricas y desconocidas de Catalu\u00f1a. Te invitados a adentrarte con nosotros en su provincia.\" \/>\n<meta property=\"og:url\" content=\"https:\/\/www.canariasviaja.com\/viajaresvivir\/gastronomia-tarragona\/\" \/>\n<meta property=\"og:site_name\" content=\"Viajar es vivir\" \/>\n<meta property=\"article:published_time\" content=\"2021-09-16T16:41:46+00:00\" \/>\n<meta property=\"article:modified_time\" content=\"2021-09-20T09:33:18+00:00\" \/>\n<meta property=\"og:image\" content=\"https:\/\/www.canariasviaja.com\/viajaresvivir\/wp-content\/uploads\/2021\/09\/santiago-lacarta-xbRUqMFHlZI-unsplash.jpg\" \/>\n\t<meta property=\"og:image:width\" content=\"1920\" \/>\n\t<meta property=\"og:image:height\" content=\"1280\" \/>\n\t<meta property=\"og:image:type\" content=\"image\/jpeg\" \/>\n<meta name=\"author\" content=\"Patri C\u00e1mpora\" \/>\n<meta name=\"twitter:card\" content=\"summary_large_image\" \/>\n<meta name=\"twitter:label1\" content=\"Escrito por\" \/>\n\t<meta name=\"twitter:data1\" content=\"Patri C\u00e1mpora\" \/>\n\t<meta name=\"twitter:label2\" content=\"Tiempo de lectura\" \/>\n\t<meta name=\"twitter:data2\" content=\"11 minutos\" \/>\n<script type=\"application\/ld+json\" class=\"yoast-schema-graph\">{\"@context\":\"https:\/\/schema.org\",\"@graph\":[{\"@type\":\"WebPage\",\"@id\":\"https:\/\/www.canariasviaja.com\/viajaresvivir\/gastronomia-tarragona\/\",\"url\":\"https:\/\/www.canariasviaja.com\/viajaresvivir\/gastronomia-tarragona\/\",\"name\":\"Paseo gastron\u00f3mico por la provincia de Tarragona - Viajar es vivir\",\"isPartOf\":{\"@id\":\"https:\/\/www.canariasviaja.com\/viajaresvivir\/#website\"},\"primaryImageOfPage\":{\"@id\":\"https:\/\/www.canariasviaja.com\/viajaresvivir\/gastronomia-tarragona\/#primaryimage\"},\"image\":{\"@id\":\"https:\/\/www.canariasviaja.com\/viajaresvivir\/gastronomia-tarragona\/#primaryimage\"},\"thumbnailUrl\":\"https:\/\/www.canariasviaja.com\/viajaresvivir\/wp-content\/uploads\/2021\/09\/santiago-lacarta-xbRUqMFHlZI-unsplash.jpg\",\"datePublished\":\"2021-09-16T16:41:46+00:00\",\"dateModified\":\"2021-09-20T09:33:18+00:00\",\"author\":{\"@id\":\"https:\/\/www.canariasviaja.com\/viajaresvivir\/#\/schema\/person\/085949651001325f1244a8bc1b34709c\"},\"description\":\"La gastronom\u00eda de Tarragona es una de las m\u00e1s ricas y desconocidas de Catalu\u00f1a. Te invitados a adentrarte con nosotros en su provincia.\",\"breadcrumb\":{\"@id\":\"https:\/\/www.canariasviaja.com\/viajaresvivir\/gastronomia-tarragona\/#breadcrumb\"},\"inLanguage\":\"es\",\"potentialAction\":[{\"@type\":\"ReadAction\",\"target\":[\"https:\/\/www.canariasviaja.com\/viajaresvivir\/gastronomia-tarragona\/\"]}]},{\"@type\":\"ImageObject\",\"inLanguage\":\"es\",\"@id\":\"https:\/\/www.canariasviaja.com\/viajaresvivir\/gastronomia-tarragona\/#primaryimage\",\"url\":\"https:\/\/www.canariasviaja.com\/viajaresvivir\/wp-content\/uploads\/2021\/09\/santiago-lacarta-xbRUqMFHlZI-unsplash.jpg\",\"contentUrl\":\"https:\/\/www.canariasviaja.com\/viajaresvivir\/wp-content\/uploads\/2021\/09\/santiago-lacarta-xbRUqMFHlZI-unsplash.jpg\",\"width\":1920,\"height\":1280,\"caption\":\"Gastronomia Tarragona delta del Ebro\"},{\"@type\":\"BreadcrumbList\",\"@id\":\"https:\/\/www.canariasviaja.com\/viajaresvivir\/gastronomia-tarragona\/#breadcrumb\",\"itemListElement\":[{\"@type\":\"ListItem\",\"position\":1,\"name\":\"Portada\",\"item\":\"https:\/\/www.canariasviaja.com\/viajaresvivir\/\"},{\"@type\":\"ListItem\",\"position\":2,\"name\":\"Paseo gastron\u00f3mico por la provincia de Tarragona\"}]},{\"@type\":\"WebSite\",\"@id\":\"https:\/\/www.canariasviaja.com\/viajaresvivir\/#website\",\"url\":\"https:\/\/www.canariasviaja.com\/viajaresvivir\/\",\"name\":\"Viajar es vivir\",\"description\":\"El blog de viajes y estilo de vida de CanariasViaja\",\"potentialAction\":[{\"@type\":\"SearchAction\",\"target\":{\"@type\":\"EntryPoint\",\"urlTemplate\":\"https:\/\/www.canariasviaja.com\/viajaresvivir\/?s={search_term_string}\"},\"query-input\":{\"@type\":\"PropertyValueSpecification\",\"valueRequired\":true,\"valueName\":\"search_term_string\"}}],\"inLanguage\":\"es\"},{\"@type\":\"Person\",\"@id\":\"https:\/\/www.canariasviaja.com\/viajaresvivir\/#\/schema\/person\/085949651001325f1244a8bc1b34709c\",\"name\":\"Patri C\u00e1mpora\",\"image\":{\"@type\":\"ImageObject\",\"inLanguage\":\"es\",\"@id\":\"https:\/\/www.canariasviaja.com\/viajaresvivir\/#\/schema\/person\/image\/\",\"url\":\"https:\/\/secure.gravatar.com\/avatar\/b2ce2c4086a5776e5310f57c1a2e5b4e?s=96&d=mm&r=g\",\"contentUrl\":\"https:\/\/secure.gravatar.com\/avatar\/b2ce2c4086a5776e5310f57c1a2e5b4e?s=96&d=mm&r=g\",\"caption\":\"Patri C\u00e1mpora\"},\"url\":\"https:\/\/www.canariasviaja.com\/viajaresvivir\/author\/patri\/\"}]}<\/script>\n<!-- \/ Yoast SEO plugin. -->","yoast_head_json":{"title":"Paseo gastron\u00f3mico por la provincia de Tarragona - Viajar es vivir","description":"La gastronom\u00eda de Tarragona es una de las m\u00e1s ricas y desconocidas de Catalu\u00f1a. Te invitados a adentrarte con nosotros en su provincia.","robots":{"index":"index","follow":"follow","max-snippet":"max-snippet:-1","max-image-preview":"max-image-preview:large","max-video-preview":"max-video-preview:-1"},"canonical":"https:\/\/www.canariasviaja.com\/viajaresvivir\/gastronomia-tarragona\/","og_locale":"es_ES","og_type":"article","og_title":"Paseo gastron\u00f3mico por la provincia de Tarragona - Viajar es vivir","og_description":"La gastronom\u00eda de Tarragona es una de las m\u00e1s ricas y desconocidas de Catalu\u00f1a. Te invitados a adentrarte con nosotros en su provincia.","og_url":"https:\/\/www.canariasviaja.com\/viajaresvivir\/gastronomia-tarragona\/","og_site_name":"Viajar es vivir","article_published_time":"2021-09-16T16:41:46+00:00","article_modified_time":"2021-09-20T09:33:18+00:00","og_image":[{"width":1920,"height":1280,"url":"https:\/\/www.canariasviaja.com\/viajaresvivir\/wp-content\/uploads\/2021\/09\/santiago-lacarta-xbRUqMFHlZI-unsplash.jpg","type":"image\/jpeg"}],"author":"Patri C\u00e1mpora","twitter_card":"summary_large_image","twitter_misc":{"Escrito por":"Patri C\u00e1mpora","Tiempo de lectura":"11 minutos"},"schema":{"@context":"https:\/\/schema.org","@graph":[{"@type":"WebPage","@id":"https:\/\/www.canariasviaja.com\/viajaresvivir\/gastronomia-tarragona\/","url":"https:\/\/www.canariasviaja.com\/viajaresvivir\/gastronomia-tarragona\/","name":"Paseo gastron\u00f3mico por la provincia de Tarragona - Viajar es vivir","isPartOf":{"@id":"https:\/\/www.canariasviaja.com\/viajaresvivir\/#website"},"primaryImageOfPage":{"@id":"https:\/\/www.canariasviaja.com\/viajaresvivir\/gastronomia-tarragona\/#primaryimage"},"image":{"@id":"https:\/\/www.canariasviaja.com\/viajaresvivir\/gastronomia-tarragona\/#primaryimage"},"thumbnailUrl":"https:\/\/www.canariasviaja.com\/viajaresvivir\/wp-content\/uploads\/2021\/09\/santiago-lacarta-xbRUqMFHlZI-unsplash.jpg","datePublished":"2021-09-16T16:41:46+00:00","dateModified":"2021-09-20T09:33:18+00:00","author":{"@id":"https:\/\/www.canariasviaja.com\/viajaresvivir\/#\/schema\/person\/085949651001325f1244a8bc1b34709c"},"description":"La gastronom\u00eda de Tarragona es una de las m\u00e1s ricas y desconocidas de Catalu\u00f1a. Te invitados a adentrarte con nosotros en su provincia.","breadcrumb":{"@id":"https:\/\/www.canariasviaja.com\/viajaresvivir\/gastronomia-tarragona\/#breadcrumb"},"inLanguage":"es","potentialAction":[{"@type":"ReadAction","target":["https:\/\/www.canariasviaja.com\/viajaresvivir\/gastronomia-tarragona\/"]}]},{"@type":"ImageObject","inLanguage":"es","@id":"https:\/\/www.canariasviaja.com\/viajaresvivir\/gastronomia-tarragona\/#primaryimage","url":"https:\/\/www.canariasviaja.com\/viajaresvivir\/wp-content\/uploads\/2021\/09\/santiago-lacarta-xbRUqMFHlZI-unsplash.jpg","contentUrl":"https:\/\/www.canariasviaja.com\/viajaresvivir\/wp-content\/uploads\/2021\/09\/santiago-lacarta-xbRUqMFHlZI-unsplash.jpg","width":1920,"height":1280,"caption":"Gastronomia Tarragona delta del Ebro"},{"@type":"BreadcrumbList","@id":"https:\/\/www.canariasviaja.com\/viajaresvivir\/gastronomia-tarragona\/#breadcrumb","itemListElement":[{"@type":"ListItem","position":1,"name":"Portada","item":"https:\/\/www.canariasviaja.com\/viajaresvivir\/"},{"@type":"ListItem","position":2,"name":"Paseo gastron\u00f3mico por la provincia de Tarragona"}]},{"@type":"WebSite","@id":"https:\/\/www.canariasviaja.com\/viajaresvivir\/#website","url":"https:\/\/www.canariasviaja.com\/viajaresvivir\/","name":"Viajar es vivir","description":"El blog de viajes y estilo de vida de CanariasViaja","potentialAction":[{"@type":"SearchAction","target":{"@type":"EntryPoint","urlTemplate":"https:\/\/www.canariasviaja.com\/viajaresvivir\/?s={search_term_string}"},"query-input":{"@type":"PropertyValueSpecification","valueRequired":true,"valueName":"search_term_string"}}],"inLanguage":"es"},{"@type":"Person","@id":"https:\/\/www.canariasviaja.com\/viajaresvivir\/#\/schema\/person\/085949651001325f1244a8bc1b34709c","name":"Patri C\u00e1mpora","image":{"@type":"ImageObject","inLanguage":"es","@id":"https:\/\/www.canariasviaja.com\/viajaresvivir\/#\/schema\/person\/image\/","url":"https:\/\/secure.gravatar.com\/avatar\/b2ce2c4086a5776e5310f57c1a2e5b4e?s=96&d=mm&r=g","contentUrl":"https:\/\/secure.gravatar.com\/avatar\/b2ce2c4086a5776e5310f57c1a2e5b4e?s=96&d=mm&r=g","caption":"Patri C\u00e1mpora"},"url":"https:\/\/www.canariasviaja.com\/viajaresvivir\/author\/patri\/"}]}},"_links":{"self":[{"href":"https:\/\/www.canariasviaja.com\/viajaresvivir\/wp-json\/wp\/v2\/posts\/7627"}],"collection":[{"href":"https:\/\/www.canariasviaja.com\/viajaresvivir\/wp-json\/wp\/v2\/posts"}],"about":[{"href":"https:\/\/www.canariasviaja.com\/viajaresvivir\/wp-json\/wp\/v2\/types\/post"}],"author":[{"embeddable":true,"href":"https:\/\/www.canariasviaja.com\/viajaresvivir\/wp-json\/wp\/v2\/users\/2"}],"replies":[{"embeddable":true,"href":"https:\/\/www.canariasviaja.com\/viajaresvivir\/wp-json\/wp\/v2\/comments?post=7627"}],"version-history":[{"count":10,"href":"https:\/\/www.canariasviaja.com\/viajaresvivir\/wp-json\/wp\/v2\/posts\/7627\/revisions"}],"predecessor-version":[{"id":7658,"href":"https:\/\/www.canariasviaja.com\/viajaresvivir\/wp-json\/wp\/v2\/posts\/7627\/revisions\/7658"}],"wp:featuredmedia":[{"embeddable":true,"href":"https:\/\/www.canariasviaja.com\/viajaresvivir\/wp-json\/wp\/v2\/media\/7642"}],"wp:attachment":[{"href":"https:\/\/www.canariasviaja.com\/viajaresvivir\/wp-json\/wp\/v2\/media?parent=7627"}],"wp:term":[{"taxonomy":"category","embeddable":true,"href":"https:\/\/www.canariasviaja.com\/viajaresvivir\/wp-json\/wp\/v2\/categories?post=7627"},{"taxonomy":"post_tag","embeddable":true,"href":"https:\/\/www.canariasviaja.com\/viajaresvivir\/wp-json\/wp\/v2\/tags?post=7627"}],"curies":[{"name":"wp","href":"https:\/\/api.w.org\/{rel}","templated":true}]}}