{"id":7662,"date":"2021-09-24T15:32:27","date_gmt":"2021-09-24T15:32:27","guid":{"rendered":"https:\/\/www.canariasviaja.com\/viajaresvivir\/?p=7662"},"modified":"2021-09-24T15:38:51","modified_gmt":"2021-09-24T15:38:51","slug":"nace-un-nuevo-volcan-en-la-palma","status":"publish","type":"post","link":"https:\/\/www.canariasviaja.com\/viajaresvivir\/nace-un-nuevo-volcan-en-la-palma\/","title":{"rendered":"Nace un nuevo volc\u00e1n en La Palma: la belleza duele"},"content":{"rendered":"\n<p>50 a\u00f1os de calma regalaron los <strong>volcanes a la Isla Bonita<\/strong>.<\/p>\n\n\n\n<p>A punto de celebrar en el 50\u00aa Aniversario de la <strong>erupci\u00f3n del Teneguia<\/strong>, la tierra volvi\u00f3 a rugir para dar a luz un <strong>nuevo volc\u00e1n <\/strong>que ha venido a cambiar para siempre la morfolog\u00eda de la isla y la vida de los palmeros.<\/p>\n\n\n\n<div style=\"height:100px\" aria-hidden=\"true\" class=\"wp-block-spacer\"><\/div>\n\n\n\n<h3 class=\"wp-block-heading\">Un nuevo volc\u00e1n en la Palma<\/h3>\n\n\n\n<figure class=\"wp-block-image size-large\"><img loading=\"lazy\" decoding=\"async\" width=\"1000\" height=\"668\" src=\"http:\/\/www.canariasviaja.com\/viajaresvivir\/wp-content\/uploads\/2021\/09\/O_193028_imagen-rtve.jpg\" alt=\"Volcan de La Palma\" class=\"wp-image-7666\" srcset=\"https:\/\/www.canariasviaja.com\/viajaresvivir\/wp-content\/uploads\/2021\/09\/O_193028_imagen-rtve.jpg 1000w, https:\/\/www.canariasviaja.com\/viajaresvivir\/wp-content\/uploads\/2021\/09\/O_193028_imagen-rtve-300x200.jpg 300w, https:\/\/www.canariasviaja.com\/viajaresvivir\/wp-content\/uploads\/2021\/09\/O_193028_imagen-rtve-768x513.jpg 768w\" sizes=\"(max-width: 1000px) 100vw, 1000px\" \/><figcaption>Imagen de RVTE<\/figcaption><\/figure>\n\n\n\n<p>El domingo 19 de Septiembre a las 15:12 horas, tras una semana en la que se sucedieron miles de movimientos s\u00edsmicos,&nbsp; la tierra comenz\u00f3 a rugir y a desgarrarse, abriendo el paso a las lenguas de lava que se abrieron camino por la ladera de <strong>Cumbre Vieja<\/strong>. Un volc\u00e1n acababa de nacer en Canarias.<\/p>\n\n\n\n<p>Vivimos en una tierra donde los volcanes duermen, con unos paisajes \u00fanicos que se han creado desgarrando la vida que hab\u00eda antes. <strong>La belleza duele<\/strong>. Ahora lo sabemos.<\/p>\n\n\n\n<div style=\"height:100px\" aria-hidden=\"true\" class=\"wp-block-spacer\"><\/div>\n\n\n\n<h3 class=\"wp-block-heading\">Los hijos del volc\u00e1n<\/h3>\n\n\n\n<p>El nuevo volc\u00e1n de La Palma a\u00fan no tiene nombre, pero ya ser\u00e1 imborrable en la memoria de todas aquellas personas que han sido testigos directos de su nacimiento.&nbsp; Un <strong>momento hist\u00f3rico<\/strong> terrible y tr\u00e1gico para todas aquellas personas que han perdido sus casas, tierras y negocios y que tendr\u00e1n que volver a construir sus vidas desde los cimientos.<\/p>\n\n\n\n<p><strong>Canarias es una tierra resiliente<\/strong>. Una vez el volc\u00e1n vuelva dormir, <strong>La Palma renacer\u00e1<\/strong> y seguir\u00e1 deslumbr\u00e1ndonos con su belleza y con la calidad humana de su gente.<\/p>\n\n\n\n<p>Mientras tanto,  los palmeros no estar\u00e1n solos. El coraz\u00f3n de todos los canarios late al un\u00edsono en La Palma. Todos somos uno,&nbsp; <strong>hijos del volc\u00e1n<\/strong> m\u00e1s que nunca. Para lo bueno y para lo malo.<\/p>\n\n\n\n<div style=\"height:100px\" aria-hidden=\"true\" class=\"wp-block-spacer\"><\/div>\n\n\n\n<div class=\"wp-block-buttons is-content-justification-center is-layout-flex wp-block-buttons-is-layout-flex\">\n<div class=\"wp-block-button\"><a class=\"wp-block-button__link\" href=\"https:\/\/www.youtube.com\/watch?v=0DbYJIC8OWc\" target=\"_blank\" rel=\"noreferrer noopener\">Sigue la erupci\u00f3n en directo<\/a><\/div>\n<\/div>\n","protected":false},"excerpt":{"rendered":"<p>Estamos asistiendo al nacimiento de un nuevo volc\u00e1n en la Isla de La Palma. La fuerza de la naturaleza causando destrucci\u00f3n para volver a crear un nuevo paisaje. La belleza duele.<\/p>\n","protected":false},"author":2,"featured_media":7666,"comment_status":"open","ping_status":"open","sticky":false,"template":"","format":"standard","meta":{"_acf_changed":false,"sfsi_plus_gutenberg_text_before_share":"","sfsi_plus_gutenberg_show_text_before_share":"","sfsi_plus_gutenberg_icon_type":"","sfsi_plus_gutenberg_icon_alignemt":"","sfsi_plus_gutenburg_max_per_row":"","footnotes":""},"categories":[12,9,10],"tags":[796,795,381,423],"class_list":["post-7662","post","type-post","status-publish","format-standard","has-post-thumbnail","hentry","category-aqui-ahora","category-canarias","category-historias-viajeras","tag-cumbre-vieja","tag-erupcion","tag-la-palma","tag-volcan"],"acf":[],"yoast_head":"<!-- This site is optimized with the Yoast SEO plugin v24.1 - https:\/\/yoast.com\/wordpress\/plugins\/seo\/ -->\n<title>Nace un nuevo volc\u00e1n en La Palma: la belleza duele - Viajar es vivir<\/title>\n<meta name=\"description\" content=\"Un nuevo volc\u00e1n est\u00e1 naciendo en La Palma. casi 50 a\u00f1os despu\u00e9s de la erupci\u00f3n de Teneguia los volcanes se han despertado. La belleza duele.\" \/>\n<meta name=\"robots\" content=\"index, follow, max-snippet:-1, max-image-preview:large, max-video-preview:-1\" \/>\n<link rel=\"canonical\" href=\"https:\/\/www.canariasviaja.com\/viajaresvivir\/nace-un-nuevo-volcan-en-la-palma\/\" \/>\n<meta property=\"og:locale\" content=\"es_ES\" \/>\n<meta property=\"og:type\" content=\"article\" \/>\n<meta property=\"og:title\" content=\"Nace un nuevo volc\u00e1n en La Palma: la belleza duele - Viajar es vivir\" \/>\n<meta property=\"og:description\" content=\"Un nuevo volc\u00e1n est\u00e1 naciendo en La Palma. casi 50 a\u00f1os despu\u00e9s de la erupci\u00f3n de Teneguia los volcanes se han despertado. La belleza duele.\" \/>\n<meta property=\"og:url\" content=\"https:\/\/www.canariasviaja.com\/viajaresvivir\/nace-un-nuevo-volcan-en-la-palma\/\" \/>\n<meta property=\"og:site_name\" content=\"Viajar es vivir\" \/>\n<meta property=\"article:published_time\" content=\"2021-09-24T15:32:27+00:00\" \/>\n<meta property=\"article:modified_time\" content=\"2021-09-24T15:38:51+00:00\" \/>\n<meta property=\"og:image\" content=\"https:\/\/www.canariasviaja.com\/viajaresvivir\/wp-content\/uploads\/2021\/09\/O_193028_imagen-rtve.jpg\" \/>\n\t<meta property=\"og:image:width\" content=\"1000\" \/>\n\t<meta property=\"og:image:height\" content=\"668\" \/>\n\t<meta property=\"og:image:type\" content=\"image\/jpeg\" \/>\n<meta name=\"author\" content=\"Patri C\u00e1mpora\" \/>\n<meta name=\"twitter:card\" content=\"summary_large_image\" \/>\n<meta name=\"twitter:label1\" content=\"Escrito por\" \/>\n\t<meta name=\"twitter:data1\" content=\"Patri C\u00e1mpora\" \/>\n\t<meta name=\"twitter:label2\" content=\"Tiempo de lectura\" \/>\n\t<meta name=\"twitter:data2\" content=\"2 minutos\" \/>\n<script type=\"application\/ld+json\" class=\"yoast-schema-graph\">{\"@context\":\"https:\/\/schema.org\",\"@graph\":[{\"@type\":\"WebPage\",\"@id\":\"https:\/\/www.canariasviaja.com\/viajaresvivir\/nace-un-nuevo-volcan-en-la-palma\/\",\"url\":\"https:\/\/www.canariasviaja.com\/viajaresvivir\/nace-un-nuevo-volcan-en-la-palma\/\",\"name\":\"Nace un nuevo volc\u00e1n en La Palma: la belleza duele - Viajar es vivir\",\"isPartOf\":{\"@id\":\"https:\/\/www.canariasviaja.com\/viajaresvivir\/#website\"},\"primaryImageOfPage\":{\"@id\":\"https:\/\/www.canariasviaja.com\/viajaresvivir\/nace-un-nuevo-volcan-en-la-palma\/#primaryimage\"},\"image\":{\"@id\":\"https:\/\/www.canariasviaja.com\/viajaresvivir\/nace-un-nuevo-volcan-en-la-palma\/#primaryimage\"},\"thumbnailUrl\":\"https:\/\/www.canariasviaja.com\/viajaresvivir\/wp-content\/uploads\/2021\/09\/O_193028_imagen-rtve.jpg\",\"datePublished\":\"2021-09-24T15:32:27+00:00\",\"dateModified\":\"2021-09-24T15:38:51+00:00\",\"author\":{\"@id\":\"https:\/\/www.canariasviaja.com\/viajaresvivir\/#\/schema\/person\/085949651001325f1244a8bc1b34709c\"},\"description\":\"Un nuevo volc\u00e1n est\u00e1 naciendo en La Palma. casi 50 a\u00f1os despu\u00e9s de la erupci\u00f3n de Teneguia los volcanes se han despertado. La belleza duele.\",\"breadcrumb\":{\"@id\":\"https:\/\/www.canariasviaja.com\/viajaresvivir\/nace-un-nuevo-volcan-en-la-palma\/#breadcrumb\"},\"inLanguage\":\"es\",\"potentialAction\":[{\"@type\":\"ReadAction\",\"target\":[\"https:\/\/www.canariasviaja.com\/viajaresvivir\/nace-un-nuevo-volcan-en-la-palma\/\"]}]},{\"@type\":\"ImageObject\",\"inLanguage\":\"es\",\"@id\":\"https:\/\/www.canariasviaja.com\/viajaresvivir\/nace-un-nuevo-volcan-en-la-palma\/#primaryimage\",\"url\":\"https:\/\/www.canariasviaja.com\/viajaresvivir\/wp-content\/uploads\/2021\/09\/O_193028_imagen-rtve.jpg\",\"contentUrl\":\"https:\/\/www.canariasviaja.com\/viajaresvivir\/wp-content\/uploads\/2021\/09\/O_193028_imagen-rtve.jpg\",\"width\":1000,\"height\":668,\"caption\":\"Volcan de La Palma\"},{\"@type\":\"BreadcrumbList\",\"@id\":\"https:\/\/www.canariasviaja.com\/viajaresvivir\/nace-un-nuevo-volcan-en-la-palma\/#breadcrumb\",\"itemListElement\":[{\"@type\":\"ListItem\",\"position\":1,\"name\":\"Portada\",\"item\":\"https:\/\/www.canariasviaja.com\/viajaresvivir\/\"},{\"@type\":\"ListItem\",\"position\":2,\"name\":\"Nace un nuevo volc\u00e1n en La Palma: la belleza duele\"}]},{\"@type\":\"WebSite\",\"@id\":\"https:\/\/www.canariasviaja.com\/viajaresvivir\/#website\",\"url\":\"https:\/\/www.canariasviaja.com\/viajaresvivir\/\",\"name\":\"Viajar es vivir\",\"description\":\"El blog de viajes y estilo de vida de CanariasViaja\",\"potentialAction\":[{\"@type\":\"SearchAction\",\"target\":{\"@type\":\"EntryPoint\",\"urlTemplate\":\"https:\/\/www.canariasviaja.com\/viajaresvivir\/?s={search_term_string}\"},\"query-input\":{\"@type\":\"PropertyValueSpecification\",\"valueRequired\":true,\"valueName\":\"search_term_string\"}}],\"inLanguage\":\"es\"},{\"@type\":\"Person\",\"@id\":\"https:\/\/www.canariasviaja.com\/viajaresvivir\/#\/schema\/person\/085949651001325f1244a8bc1b34709c\",\"name\":\"Patri C\u00e1mpora\",\"image\":{\"@type\":\"ImageObject\",\"inLanguage\":\"es\",\"@id\":\"https:\/\/www.canariasviaja.com\/viajaresvivir\/#\/schema\/person\/image\/\",\"url\":\"https:\/\/secure.gravatar.com\/avatar\/b2ce2c4086a5776e5310f57c1a2e5b4e?s=96&d=mm&r=g\",\"contentUrl\":\"https:\/\/secure.gravatar.com\/avatar\/b2ce2c4086a5776e5310f57c1a2e5b4e?s=96&d=mm&r=g\",\"caption\":\"Patri C\u00e1mpora\"},\"url\":\"https:\/\/www.canariasviaja.com\/viajaresvivir\/author\/patri\/\"}]}<\/script>\n<!-- \/ Yoast SEO plugin. -->","yoast_head_json":{"title":"Nace un nuevo volc\u00e1n en La Palma: la belleza duele - Viajar es vivir","description":"Un nuevo volc\u00e1n est\u00e1 naciendo en La Palma. casi 50 a\u00f1os despu\u00e9s de la erupci\u00f3n de Teneguia los volcanes se han despertado. La belleza duele.","robots":{"index":"index","follow":"follow","max-snippet":"max-snippet:-1","max-image-preview":"max-image-preview:large","max-video-preview":"max-video-preview:-1"},"canonical":"https:\/\/www.canariasviaja.com\/viajaresvivir\/nace-un-nuevo-volcan-en-la-palma\/","og_locale":"es_ES","og_type":"article","og_title":"Nace un nuevo volc\u00e1n en La Palma: la belleza duele - Viajar es vivir","og_description":"Un nuevo volc\u00e1n est\u00e1 naciendo en La Palma. casi 50 a\u00f1os despu\u00e9s de la erupci\u00f3n de Teneguia los volcanes se han despertado. La belleza duele.","og_url":"https:\/\/www.canariasviaja.com\/viajaresvivir\/nace-un-nuevo-volcan-en-la-palma\/","og_site_name":"Viajar es vivir","article_published_time":"2021-09-24T15:32:27+00:00","article_modified_time":"2021-09-24T15:38:51+00:00","og_image":[{"width":1000,"height":668,"url":"https:\/\/www.canariasviaja.com\/viajaresvivir\/wp-content\/uploads\/2021\/09\/O_193028_imagen-rtve.jpg","type":"image\/jpeg"}],"author":"Patri C\u00e1mpora","twitter_card":"summary_large_image","twitter_misc":{"Escrito por":"Patri C\u00e1mpora","Tiempo de lectura":"2 minutos"},"schema":{"@context":"https:\/\/schema.org","@graph":[{"@type":"WebPage","@id":"https:\/\/www.canariasviaja.com\/viajaresvivir\/nace-un-nuevo-volcan-en-la-palma\/","url":"https:\/\/www.canariasviaja.com\/viajaresvivir\/nace-un-nuevo-volcan-en-la-palma\/","name":"Nace un nuevo volc\u00e1n en La Palma: la belleza duele - Viajar es vivir","isPartOf":{"@id":"https:\/\/www.canariasviaja.com\/viajaresvivir\/#website"},"primaryImageOfPage":{"@id":"https:\/\/www.canariasviaja.com\/viajaresvivir\/nace-un-nuevo-volcan-en-la-palma\/#primaryimage"},"image":{"@id":"https:\/\/www.canariasviaja.com\/viajaresvivir\/nace-un-nuevo-volcan-en-la-palma\/#primaryimage"},"thumbnailUrl":"https:\/\/www.canariasviaja.com\/viajaresvivir\/wp-content\/uploads\/2021\/09\/O_193028_imagen-rtve.jpg","datePublished":"2021-09-24T15:32:27+00:00","dateModified":"2021-09-24T15:38:51+00:00","author":{"@id":"https:\/\/www.canariasviaja.com\/viajaresvivir\/#\/schema\/person\/085949651001325f1244a8bc1b34709c"},"description":"Un nuevo volc\u00e1n est\u00e1 naciendo en La Palma. casi 50 a\u00f1os despu\u00e9s de la erupci\u00f3n de Teneguia los volcanes se han despertado. La belleza duele.","breadcrumb":{"@id":"https:\/\/www.canariasviaja.com\/viajaresvivir\/nace-un-nuevo-volcan-en-la-palma\/#breadcrumb"},"inLanguage":"es","potentialAction":[{"@type":"ReadAction","target":["https:\/\/www.canariasviaja.com\/viajaresvivir\/nace-un-nuevo-volcan-en-la-palma\/"]}]},{"@type":"ImageObject","inLanguage":"es","@id":"https:\/\/www.canariasviaja.com\/viajaresvivir\/nace-un-nuevo-volcan-en-la-palma\/#primaryimage","url":"https:\/\/www.canariasviaja.com\/viajaresvivir\/wp-content\/uploads\/2021\/09\/O_193028_imagen-rtve.jpg","contentUrl":"https:\/\/www.canariasviaja.com\/viajaresvivir\/wp-content\/uploads\/2021\/09\/O_193028_imagen-rtve.jpg","width":1000,"height":668,"caption":"Volcan de La Palma"},{"@type":"BreadcrumbList","@id":"https:\/\/www.canariasviaja.com\/viajaresvivir\/nace-un-nuevo-volcan-en-la-palma\/#breadcrumb","itemListElement":[{"@type":"ListItem","position":1,"name":"Portada","item":"https:\/\/www.canariasviaja.com\/viajaresvivir\/"},{"@type":"ListItem","position":2,"name":"Nace un nuevo volc\u00e1n en La Palma: la belleza duele"}]},{"@type":"WebSite","@id":"https:\/\/www.canariasviaja.com\/viajaresvivir\/#website","url":"https:\/\/www.canariasviaja.com\/viajaresvivir\/","name":"Viajar es vivir","description":"El blog de viajes y estilo de vida de CanariasViaja","potentialAction":[{"@type":"SearchAction","target":{"@type":"EntryPoint","urlTemplate":"https:\/\/www.canariasviaja.com\/viajaresvivir\/?s={search_term_string}"},"query-input":{"@type":"PropertyValueSpecification","valueRequired":true,"valueName":"search_term_string"}}],"inLanguage":"es"},{"@type":"Person","@id":"https:\/\/www.canariasviaja.com\/viajaresvivir\/#\/schema\/person\/085949651001325f1244a8bc1b34709c","name":"Patri C\u00e1mpora","image":{"@type":"ImageObject","inLanguage":"es","@id":"https:\/\/www.canariasviaja.com\/viajaresvivir\/#\/schema\/person\/image\/","url":"https:\/\/secure.gravatar.com\/avatar\/b2ce2c4086a5776e5310f57c1a2e5b4e?s=96&d=mm&r=g","contentUrl":"https:\/\/secure.gravatar.com\/avatar\/b2ce2c4086a5776e5310f57c1a2e5b4e?s=96&d=mm&r=g","caption":"Patri C\u00e1mpora"},"url":"https:\/\/www.canariasviaja.com\/viajaresvivir\/author\/patri\/"}]}},"_links":{"self":[{"href":"https:\/\/www.canariasviaja.com\/viajaresvivir\/wp-json\/wp\/v2\/posts\/7662"}],"collection":[{"href":"https:\/\/www.canariasviaja.com\/viajaresvivir\/wp-json\/wp\/v2\/posts"}],"about":[{"href":"https:\/\/www.canariasviaja.com\/viajaresvivir\/wp-json\/wp\/v2\/types\/post"}],"author":[{"embeddable":true,"href":"https:\/\/www.canariasviaja.com\/viajaresvivir\/wp-json\/wp\/v2\/users\/2"}],"replies":[{"embeddable":true,"href":"https:\/\/www.canariasviaja.com\/viajaresvivir\/wp-json\/wp\/v2\/comments?post=7662"}],"version-history":[{"count":11,"href":"https:\/\/www.canariasviaja.com\/viajaresvivir\/wp-json\/wp\/v2\/posts\/7662\/revisions"}],"predecessor-version":[{"id":7678,"href":"https:\/\/www.canariasviaja.com\/viajaresvivir\/wp-json\/wp\/v2\/posts\/7662\/revisions\/7678"}],"wp:featuredmedia":[{"embeddable":true,"href":"https:\/\/www.canariasviaja.com\/viajaresvivir\/wp-json\/wp\/v2\/media\/7666"}],"wp:attachment":[{"href":"https:\/\/www.canariasviaja.com\/viajaresvivir\/wp-json\/wp\/v2\/media?parent=7662"}],"wp:term":[{"taxonomy":"category","embeddable":true,"href":"https:\/\/www.canariasviaja.com\/viajaresvivir\/wp-json\/wp\/v2\/categories?post=7662"},{"taxonomy":"post_tag","embeddable":true,"href":"https:\/\/www.canariasviaja.com\/viajaresvivir\/wp-json\/wp\/v2\/tags?post=7662"}],"curies":[{"name":"wp","href":"https:\/\/api.w.org\/{rel}","templated":true}]}}