{"id":7808,"date":"2021-10-28T10:40:19","date_gmt":"2021-10-28T10:40:19","guid":{"rendered":"https:\/\/www.canariasviaja.com\/viajaresvivir\/?p=7808"},"modified":"2022-01-25T17:23:33","modified_gmt":"2022-01-25T17:23:33","slug":"visita-al-volcan-de-la-palma","status":"publish","type":"post","link":"https:\/\/www.canariasviaja.com\/viajaresvivir\/visita-al-volcan-de-la-palma\/","title":{"rendered":"Visita al volc\u00e1n de La Palma, otra forma de abrazar a La Isla Bonita"},"content":{"rendered":"\n<p>El 26 de octubre de 1971 la tierra comenz\u00f3 a rugir en <strong>Cumbre Vieja<\/strong>, inici\u00e1ndose la erupci\u00f3n del <strong>volc\u00e1n<\/strong> <strong>Tenegu\u00eda<\/strong>, la decimosexta erupci\u00f3n hist\u00f3rica de la isla. El episodio eruptivo, que finaliz\u00f3 el 18 de noviembre de 1971, expuls\u00f3 40 millones c\u00fabicos de lava y ampli\u00f3 la superficie de la isla por Fuencaliente. Cincuenta a\u00f1os han pasado desde entonces y el Tenegu\u00eda se ha convertido en una de las principales atracciones tur\u00edsticas de la isla.<\/p>\n\n\n\n<p>Este <strong>aniversario <\/strong>ha quedado eclipsado por la <strong>nueva erupci\u00f3n<\/strong> registrada en Cumbre Vieja el 19 de septiembre de este a\u00f1o, que contin\u00faa activa, con una potencia mucho mayor que la del Tenegu\u00eda, y que sigue causando graves da\u00f1os materiales en el <strong>Valle de Aridane<\/strong>.<\/p>\n\n\n\n<p>A pesar de la fuerza imparable del volc\u00e1n, gracias a la monitorizaci\u00f3n constante que se est\u00e1 llevando a cabo por parte de los equipos cient\u00edficos y a la coordinaci\u00f3n con las autoridades, <strong>La Palma sigue siendo un lugar seguro<\/strong> fuera de las zonas de exclusi\u00f3n.<\/p>\n\n\n\n<p>La isla de La Palma est\u00e1 recibiendo numerosas muestras de <strong>solidaridad.<\/strong> T\u00fa puedes contribuir tambi\u00e9n &nbsp;a que la econom\u00eda de la isla no se apague: volviendo a La Palma.<\/p>\n\n\n\n<div style=\"height:100px\" aria-hidden=\"true\" class=\"wp-block-spacer\"><\/div>\n\n\n\n<h3 class=\"wp-block-heading\"><strong>La Palma necesita de tu abrazo<\/strong><\/h3>\n\n\n\n<figure class=\"wp-block-image size-large\"><img loading=\"lazy\" decoding=\"async\" width=\"2000\" height=\"1335\" src=\"http:\/\/www.canariasviaja.com\/viajaresvivir\/wp-content\/uploads\/2020\/06\/La-Palma.jpg\" alt=\"Salinas de Fuencaliente Patri C\u00e1mpora\" class=\"wp-image-4187\" srcset=\"https:\/\/www.canariasviaja.com\/viajaresvivir\/wp-content\/uploads\/2020\/06\/La-Palma.jpg 2000w, https:\/\/www.canariasviaja.com\/viajaresvivir\/wp-content\/uploads\/2020\/06\/La-Palma-300x200.jpg 300w, https:\/\/www.canariasviaja.com\/viajaresvivir\/wp-content\/uploads\/2020\/06\/La-Palma-768x513.jpg 768w, https:\/\/www.canariasviaja.com\/viajaresvivir\/wp-content\/uploads\/2020\/06\/La-Palma-1536x1025.jpg 1536w, https:\/\/www.canariasviaja.com\/viajaresvivir\/wp-content\/uploads\/2020\/06\/La-Palma-1200x801.jpg 1200w, https:\/\/www.canariasviaja.com\/viajaresvivir\/wp-content\/uploads\/2020\/06\/La-Palma-1618x1080.jpg 1618w\" sizes=\"(max-width: 2000px) 100vw, 2000px\" \/><figcaption>Salinas de Fuencaliente. Foto: Patri C\u00e1mpora<\/figcaption><\/figure>\n\n\n\n<p><strong>La Isla Bonita est\u00e1 abierta para recibirte<\/strong>. Cada viajero que llega a La Palma y se aloja en un hotel, alquila un coche, contrata una excursi\u00f3n o come en un restaurante, est\u00e1 contribuyendo a que la econom\u00eda de la isla no se detenga. Tanto si quieres ser testigo de este momento hist\u00f3rico, como si quieres disfrutar de los bellos parajes de la isla, es un <strong>buen momento para sumar.<\/strong><\/p>\n\n\n\n<p>La Palma, excepto la zona de exclusi\u00f3n, <strong>sigue abierta para los viajeros que quieran visitarla.<\/strong> Hay muchas razones para ir a la isla: visitar el Tenegu\u00eda en su aniversario, ser testigos de la furia del volc\u00e1n en directo, asomarse a la <strong>Caldera de Taburiente<\/strong> desde el <strong>Roque de Los Muchachos<\/strong>, ba\u00f1arse en el <strong>Charco Azul<\/strong>, adentrarse en el <strong>bosque de los Tilos<\/strong>, hacer senderismo en <strong>Marcos y Cordero<\/strong>, perderse por el norte de la isla, fotografiarse en los balcones de <strong>Santa Cruz de La Palma<\/strong>\u2026<\/p>\n\n\n\n<p>Nunca viajar tuvo tanto sentido. <strong>Con tu viaje abrazas a La Palma<\/strong>.<\/p>\n\n\n\n<div style=\"height:100px\" aria-hidden=\"true\" class=\"wp-block-spacer\"><\/div>\n\n\n\n<h3 class=\"wp-block-heading\"><strong>Visita al volc\u00e1n de La Palma, s\u00e9 testigo de la historia<\/strong><\/h3>\n\n\n\n<figure class=\"wp-block-image size-large\"><img loading=\"lazy\" decoding=\"async\" width=\"1800\" height=\"1200\" src=\"http:\/\/www.canariasviaja.com\/viajaresvivir\/wp-content\/uploads\/2021\/10\/Visita-volcan-la-palma.jpg\" alt=\"Visita volc\u00e1n de la Palma\" class=\"wp-image-7811\" srcset=\"https:\/\/www.canariasviaja.com\/viajaresvivir\/wp-content\/uploads\/2021\/10\/Visita-volcan-la-palma.jpg 1800w, https:\/\/www.canariasviaja.com\/viajaresvivir\/wp-content\/uploads\/2021\/10\/Visita-volcan-la-palma-300x200.jpg 300w, https:\/\/www.canariasviaja.com\/viajaresvivir\/wp-content\/uploads\/2021\/10\/Visita-volcan-la-palma-768x512.jpg 768w, https:\/\/www.canariasviaja.com\/viajaresvivir\/wp-content\/uploads\/2021\/10\/Visita-volcan-la-palma-1536x1024.jpg 1536w, https:\/\/www.canariasviaja.com\/viajaresvivir\/wp-content\/uploads\/2021\/10\/Visita-volcan-la-palma-1200x800.jpg 1200w, https:\/\/www.canariasviaja.com\/viajaresvivir\/wp-content\/uploads\/2021\/10\/Visita-volcan-la-palma-1620x1080.jpg 1620w\" sizes=\"(max-width: 1800px) 100vw, 1800px\" \/><figcaption>Erupci\u00f3n del volc\u00e1n de La Palma. Foto: Promotur<\/figcaption><\/figure>\n\n\n\n<p>La erupci\u00f3n volc\u00e1nica est\u00e1 transformado la orograf\u00eda del Valle de Aridane, cubriendo de lava todo lo que encuentra a su paso, destruyendo sue\u00f1os y ampliando la isla hacia el mar con la creaci\u00f3n de una gran fajana. Una dram\u00e1tica narraci\u00f3n en directo que nos muestra como se han formado y transformado nuestras islas a lo largo de la historia a trav\u00e9s de la fuerza imparable de la naturaleza.<\/p>\n\n\n\n<div class=\"wp-block-image\"><figure class=\"aligncenter size-large is-resized\"><img decoding=\"async\" src=\"http:\/\/www.canariasviaja.com\/viajaresvivir\/wp-content\/uploads\/2021\/10\/Erupcio\u0301n-volcan-la-palma.jpg\" alt=\"visita al volc\u00e1n de La Palma\" class=\"wp-image-7812\" width=\"400\" srcset=\"https:\/\/www.canariasviaja.com\/viajaresvivir\/wp-content\/uploads\/2021\/10\/Erupcio\u0301n-volcan-la-palma.jpg 683w, https:\/\/www.canariasviaja.com\/viajaresvivir\/wp-content\/uploads\/2021\/10\/Erupcio\u0301n-volcan-la-palma-200x300.jpg 200w\" sizes=\"(max-width: 683px) 100vw, 683px\" \/><figcaption>Erupci\u00f3n del volc\u00e1n de La Palma. Foto: Promotur<\/figcaption><\/figure><\/div>\n\n\n\n<p>Si quieres ser testigo directo de este momento, puedes realizar una <strong>visita guiada<\/strong> a los diferentes lugares y miradores desde los que se puede observar, con seguridad, el volc\u00e1n y sus diferentes coladas. Comprobar\u00e1s que la realidad supera la ficci\u00f3n y contribuir\u00e1s con tu visita a que los palmeros puedan seguir adelante. Una actividad pensada para peque\u00f1os grupos que transcurre desde las 6 de la tarde hasta las 12 de la noche, para poder observar las hipnotizantes im\u00e1genes de la lava incandescente sobre la oscuridad de la noche.&nbsp;<\/p>\n\n\n\n<div class=\"wp-block-image\"><figure class=\"aligncenter size-large is-resized\"><img decoding=\"async\" src=\"http:\/\/www.canariasviaja.com\/viajaresvivir\/wp-content\/uploads\/2021\/10\/Marcos-y-Cordero.jpg\" alt=\"Visita La Palma\" class=\"wp-image-7813\" width=\"400\" srcset=\"https:\/\/www.canariasviaja.com\/viajaresvivir\/wp-content\/uploads\/2021\/10\/Marcos-y-Cordero.jpg 683w, https:\/\/www.canariasviaja.com\/viajaresvivir\/wp-content\/uploads\/2021\/10\/Marcos-y-Cordero-200x300.jpg 200w\" sizes=\"(max-width: 683px) 100vw, 683px\" \/><figcaption>Manantiales de Marcos y Cordero. Foto: Promotur<\/figcaption><\/figure><\/div>\n\n\n\n<p>Si decides quedarte <strong>unos d\u00edas m\u00e1s en La Palma<\/strong>, te recomendamos que te animes a descubrir de la mano de <strong>gu\u00edas locales <\/strong><a href=\"https:\/\/www.canariasviaja.com\/viajaresvivir\/10-lugares-que-no-puedes-perderte-en-la-palma\/\">algunos de los tesoros de la isla<\/a>, como la <strong>Caldera de Taburiente<\/strong>, los <strong>manantiales de Marcos y Cordero<\/strong> o el bosque encantado de <strong>Cubo de la Galga<\/strong>. Ver\u00e1s que La Palma rebosa vida m\u00e1s all\u00e1 del volc\u00e1n y <strong>ayudar\u00e1s a sembrar esperanza en la isla de La Palma<\/strong>.<\/p>\n\n\n\n<figure class=\"wp-block-image size-full\"><a href=\"https:\/\/www.canariasviaja.com\/vuelo_hotel\/listado?o=16-3&amp;i=&amp;v=&amp;residencia=DC&amp;nH=1&amp;destino=La%2BPalma&amp;d=5-5&amp;tA=&amp;aP=&amp;zT=&amp;random=72&amp;nA0=2&amp;nN0=0&amp;nB0=0&amp;utm_source=OfertaCV&amp;utm_medium=Blog&amp;utm_campaign=SPC&amp;utm_id=Gene\"><img loading=\"lazy\" decoding=\"async\" width=\"600\" height=\"350\" src=\"https:\/\/www.canariasviaja.com\/viajaresvivir\/wp-content\/uploads\/2022\/01\/Banner-Blog-La-Palma.jpg\" alt=\"\" class=\"wp-image-8118\" srcset=\"https:\/\/www.canariasviaja.com\/viajaresvivir\/wp-content\/uploads\/2022\/01\/Banner-Blog-La-Palma.jpg 600w, https:\/\/www.canariasviaja.com\/viajaresvivir\/wp-content\/uploads\/2022\/01\/Banner-Blog-La-Palma-300x175.jpg 300w\" sizes=\"(max-width: 600px) 100vw, 600px\" \/><\/a><\/figure>\n\n\n\n<p>(Puedes consultar la informaci\u00f3n actualizada de la erupci\u00f3n volc\u00e1nica en <a href=\"http:\/\/lapalma.volcan.es\" target=\"_blank\" rel=\"noreferrer noopener\">esta web<\/a>)<\/p>\n\n\n\n<div class=\"wp-block-buttons is-content-justification-center is-layout-flex wp-block-buttons-is-layout-flex\">\n<div class=\"wp-block-button\"><a class=\"wp-block-button__link\" href=\"https:\/\/bit.ly\/2XK2F8U\">Abraza La Palma<\/a><\/div>\n<\/div>\n","protected":false},"excerpt":{"rendered":"<p>La erupci\u00f3n del volc\u00e1n de La Palma ha eclipsado la celebraci\u00f3n del 50 aniversario de la erupci\u00f3n del Tenegu\u00eda. La Palma necesita de tu abrazo. Vuelve a La Palma y ayuda a que la econom\u00eda de la isla siga girando.<\/p>\n","protected":false},"author":2,"featured_media":7811,"comment_status":"open","ping_status":"open","sticky":false,"template":"","format":"standard","meta":{"_acf_changed":false,"sfsi_plus_gutenberg_text_before_share":"","sfsi_plus_gutenberg_show_text_before_share":"","sfsi_plus_gutenberg_icon_type":"","sfsi_plus_gutenberg_icon_alignemt":"","sfsi_plus_gutenburg_max_per_row":"","footnotes":""},"categories":[125,9,124,123,10,197],"tags":[809,489,381,807,808,115],"class_list":["post-7808","post","type-post","status-publish","format-standard","has-post-thumbnail","hentry","category-aventurate","category-canarias","category-descubre","category-explora","category-historias-viajeras","category-rincones-por-descubrir","tag-erupcion-volcanica","tag-escapada-en-la-naturaleza","tag-la-palma","tag-teneguia","tag-volcan-de-la-palma","tag-volcanes"],"acf":[],"yoast_head":"<!-- This site is optimized with the Yoast SEO plugin v24.1 - https:\/\/yoast.com\/wordpress\/plugins\/seo\/ -->\n<title>Visita al volc\u00e1n de La Palma, otra forma de abrazar a La Isla Bonita - Viajar es vivir<\/title>\n<meta name=\"description\" content=\"Visitar el volc\u00e1n de La Palma puede ser una forma de contribuir a que la econom\u00eda de la isla no se detenga y ser testigos de la historia.\" \/>\n<meta name=\"robots\" content=\"index, follow, max-snippet:-1, max-image-preview:large, max-video-preview:-1\" \/>\n<link rel=\"canonical\" href=\"https:\/\/www.canariasviaja.com\/viajaresvivir\/visita-al-volcan-de-la-palma\/\" \/>\n<meta property=\"og:locale\" content=\"es_ES\" \/>\n<meta property=\"og:type\" content=\"article\" \/>\n<meta property=\"og:title\" content=\"Visita al volc\u00e1n de La Palma, otra forma de abrazar a La Isla Bonita - Viajar es vivir\" \/>\n<meta property=\"og:description\" content=\"Visitar el volc\u00e1n de La Palma puede ser una forma de contribuir a que la econom\u00eda de la isla no se detenga y ser testigos de la historia.\" \/>\n<meta property=\"og:url\" content=\"https:\/\/www.canariasviaja.com\/viajaresvivir\/visita-al-volcan-de-la-palma\/\" \/>\n<meta property=\"og:site_name\" content=\"Viajar es vivir\" \/>\n<meta property=\"article:published_time\" content=\"2021-10-28T10:40:19+00:00\" \/>\n<meta property=\"article:modified_time\" content=\"2022-01-25T17:23:33+00:00\" \/>\n<meta property=\"og:image\" content=\"http:\/\/www.canariasviaja.com\/viajaresvivir\/wp-content\/uploads\/2021\/10\/Visita-volcan-la-palma.jpg\" \/>\n\t<meta property=\"og:image:width\" content=\"1800\" \/>\n\t<meta property=\"og:image:height\" content=\"1200\" \/>\n\t<meta property=\"og:image:type\" content=\"image\/jpeg\" \/>\n<meta name=\"author\" content=\"Patri C\u00e1mpora\" \/>\n<meta name=\"twitter:card\" content=\"summary_large_image\" \/>\n<meta name=\"twitter:label1\" content=\"Escrito por\" \/>\n\t<meta name=\"twitter:data1\" content=\"Patri C\u00e1mpora\" \/>\n\t<meta name=\"twitter:label2\" content=\"Tiempo de lectura\" \/>\n\t<meta name=\"twitter:data2\" content=\"4 minutos\" \/>\n<script type=\"application\/ld+json\" class=\"yoast-schema-graph\">{\"@context\":\"https:\/\/schema.org\",\"@graph\":[{\"@type\":\"WebPage\",\"@id\":\"https:\/\/www.canariasviaja.com\/viajaresvivir\/visita-al-volcan-de-la-palma\/\",\"url\":\"https:\/\/www.canariasviaja.com\/viajaresvivir\/visita-al-volcan-de-la-palma\/\",\"name\":\"Visita al volc\u00e1n de La Palma, otra forma de abrazar a La Isla Bonita - Viajar es vivir\",\"isPartOf\":{\"@id\":\"https:\/\/www.canariasviaja.com\/viajaresvivir\/#website\"},\"primaryImageOfPage\":{\"@id\":\"https:\/\/www.canariasviaja.com\/viajaresvivir\/visita-al-volcan-de-la-palma\/#primaryimage\"},\"image\":{\"@id\":\"https:\/\/www.canariasviaja.com\/viajaresvivir\/visita-al-volcan-de-la-palma\/#primaryimage\"},\"thumbnailUrl\":\"https:\/\/www.canariasviaja.com\/viajaresvivir\/wp-content\/uploads\/2021\/10\/Visita-volcan-la-palma.jpg\",\"datePublished\":\"2021-10-28T10:40:19+00:00\",\"dateModified\":\"2022-01-25T17:23:33+00:00\",\"author\":{\"@id\":\"https:\/\/www.canariasviaja.com\/viajaresvivir\/#\/schema\/person\/085949651001325f1244a8bc1b34709c\"},\"description\":\"Visitar el volc\u00e1n de La Palma puede ser una forma de contribuir a que la econom\u00eda de la isla no se detenga y ser testigos de la historia.\",\"breadcrumb\":{\"@id\":\"https:\/\/www.canariasviaja.com\/viajaresvivir\/visita-al-volcan-de-la-palma\/#breadcrumb\"},\"inLanguage\":\"es\",\"potentialAction\":[{\"@type\":\"ReadAction\",\"target\":[\"https:\/\/www.canariasviaja.com\/viajaresvivir\/visita-al-volcan-de-la-palma\/\"]}]},{\"@type\":\"ImageObject\",\"inLanguage\":\"es\",\"@id\":\"https:\/\/www.canariasviaja.com\/viajaresvivir\/visita-al-volcan-de-la-palma\/#primaryimage\",\"url\":\"https:\/\/www.canariasviaja.com\/viajaresvivir\/wp-content\/uploads\/2021\/10\/Visita-volcan-la-palma.jpg\",\"contentUrl\":\"https:\/\/www.canariasviaja.com\/viajaresvivir\/wp-content\/uploads\/2021\/10\/Visita-volcan-la-palma.jpg\",\"width\":1800,\"height\":1200,\"caption\":\"Visita volc\u00e1n de la Palma\"},{\"@type\":\"BreadcrumbList\",\"@id\":\"https:\/\/www.canariasviaja.com\/viajaresvivir\/visita-al-volcan-de-la-palma\/#breadcrumb\",\"itemListElement\":[{\"@type\":\"ListItem\",\"position\":1,\"name\":\"Portada\",\"item\":\"https:\/\/www.canariasviaja.com\/viajaresvivir\/\"},{\"@type\":\"ListItem\",\"position\":2,\"name\":\"Visita al volc\u00e1n de La Palma, otra forma de abrazar a La Isla Bonita\"}]},{\"@type\":\"WebSite\",\"@id\":\"https:\/\/www.canariasviaja.com\/viajaresvivir\/#website\",\"url\":\"https:\/\/www.canariasviaja.com\/viajaresvivir\/\",\"name\":\"Viajar es vivir\",\"description\":\"El blog de viajes y estilo de vida de CanariasViaja\",\"potentialAction\":[{\"@type\":\"SearchAction\",\"target\":{\"@type\":\"EntryPoint\",\"urlTemplate\":\"https:\/\/www.canariasviaja.com\/viajaresvivir\/?s={search_term_string}\"},\"query-input\":{\"@type\":\"PropertyValueSpecification\",\"valueRequired\":true,\"valueName\":\"search_term_string\"}}],\"inLanguage\":\"es\"},{\"@type\":\"Person\",\"@id\":\"https:\/\/www.canariasviaja.com\/viajaresvivir\/#\/schema\/person\/085949651001325f1244a8bc1b34709c\",\"name\":\"Patri C\u00e1mpora\",\"image\":{\"@type\":\"ImageObject\",\"inLanguage\":\"es\",\"@id\":\"https:\/\/www.canariasviaja.com\/viajaresvivir\/#\/schema\/person\/image\/\",\"url\":\"https:\/\/secure.gravatar.com\/avatar\/b2ce2c4086a5776e5310f57c1a2e5b4e?s=96&d=mm&r=g\",\"contentUrl\":\"https:\/\/secure.gravatar.com\/avatar\/b2ce2c4086a5776e5310f57c1a2e5b4e?s=96&d=mm&r=g\",\"caption\":\"Patri C\u00e1mpora\"},\"url\":\"https:\/\/www.canariasviaja.com\/viajaresvivir\/author\/patri\/\"}]}<\/script>\n<!-- \/ Yoast SEO plugin. -->","yoast_head_json":{"title":"Visita al volc\u00e1n de La Palma, otra forma de abrazar a La Isla Bonita - Viajar es vivir","description":"Visitar el volc\u00e1n de La Palma puede ser una forma de contribuir a que la econom\u00eda de la isla no se detenga y ser testigos de la historia.","robots":{"index":"index","follow":"follow","max-snippet":"max-snippet:-1","max-image-preview":"max-image-preview:large","max-video-preview":"max-video-preview:-1"},"canonical":"https:\/\/www.canariasviaja.com\/viajaresvivir\/visita-al-volcan-de-la-palma\/","og_locale":"es_ES","og_type":"article","og_title":"Visita al volc\u00e1n de La Palma, otra forma de abrazar a La Isla Bonita - Viajar es vivir","og_description":"Visitar el volc\u00e1n de La Palma puede ser una forma de contribuir a que la econom\u00eda de la isla no se detenga y ser testigos de la historia.","og_url":"https:\/\/www.canariasviaja.com\/viajaresvivir\/visita-al-volcan-de-la-palma\/","og_site_name":"Viajar es vivir","article_published_time":"2021-10-28T10:40:19+00:00","article_modified_time":"2022-01-25T17:23:33+00:00","og_image":[{"width":1800,"height":1200,"url":"http:\/\/www.canariasviaja.com\/viajaresvivir\/wp-content\/uploads\/2021\/10\/Visita-volcan-la-palma.jpg","type":"image\/jpeg"}],"author":"Patri C\u00e1mpora","twitter_card":"summary_large_image","twitter_misc":{"Escrito por":"Patri C\u00e1mpora","Tiempo de lectura":"4 minutos"},"schema":{"@context":"https:\/\/schema.org","@graph":[{"@type":"WebPage","@id":"https:\/\/www.canariasviaja.com\/viajaresvivir\/visita-al-volcan-de-la-palma\/","url":"https:\/\/www.canariasviaja.com\/viajaresvivir\/visita-al-volcan-de-la-palma\/","name":"Visita al volc\u00e1n de La Palma, otra forma de abrazar a La Isla Bonita - Viajar es vivir","isPartOf":{"@id":"https:\/\/www.canariasviaja.com\/viajaresvivir\/#website"},"primaryImageOfPage":{"@id":"https:\/\/www.canariasviaja.com\/viajaresvivir\/visita-al-volcan-de-la-palma\/#primaryimage"},"image":{"@id":"https:\/\/www.canariasviaja.com\/viajaresvivir\/visita-al-volcan-de-la-palma\/#primaryimage"},"thumbnailUrl":"https:\/\/www.canariasviaja.com\/viajaresvivir\/wp-content\/uploads\/2021\/10\/Visita-volcan-la-palma.jpg","datePublished":"2021-10-28T10:40:19+00:00","dateModified":"2022-01-25T17:23:33+00:00","author":{"@id":"https:\/\/www.canariasviaja.com\/viajaresvivir\/#\/schema\/person\/085949651001325f1244a8bc1b34709c"},"description":"Visitar el volc\u00e1n de La Palma puede ser una forma de contribuir a que la econom\u00eda de la isla no se detenga y ser testigos de la historia.","breadcrumb":{"@id":"https:\/\/www.canariasviaja.com\/viajaresvivir\/visita-al-volcan-de-la-palma\/#breadcrumb"},"inLanguage":"es","potentialAction":[{"@type":"ReadAction","target":["https:\/\/www.canariasviaja.com\/viajaresvivir\/visita-al-volcan-de-la-palma\/"]}]},{"@type":"ImageObject","inLanguage":"es","@id":"https:\/\/www.canariasviaja.com\/viajaresvivir\/visita-al-volcan-de-la-palma\/#primaryimage","url":"https:\/\/www.canariasviaja.com\/viajaresvivir\/wp-content\/uploads\/2021\/10\/Visita-volcan-la-palma.jpg","contentUrl":"https:\/\/www.canariasviaja.com\/viajaresvivir\/wp-content\/uploads\/2021\/10\/Visita-volcan-la-palma.jpg","width":1800,"height":1200,"caption":"Visita volc\u00e1n de la Palma"},{"@type":"BreadcrumbList","@id":"https:\/\/www.canariasviaja.com\/viajaresvivir\/visita-al-volcan-de-la-palma\/#breadcrumb","itemListElement":[{"@type":"ListItem","position":1,"name":"Portada","item":"https:\/\/www.canariasviaja.com\/viajaresvivir\/"},{"@type":"ListItem","position":2,"name":"Visita al volc\u00e1n de La Palma, otra forma de abrazar a La Isla Bonita"}]},{"@type":"WebSite","@id":"https:\/\/www.canariasviaja.com\/viajaresvivir\/#website","url":"https:\/\/www.canariasviaja.com\/viajaresvivir\/","name":"Viajar es vivir","description":"El blog de viajes y estilo de vida de CanariasViaja","potentialAction":[{"@type":"SearchAction","target":{"@type":"EntryPoint","urlTemplate":"https:\/\/www.canariasviaja.com\/viajaresvivir\/?s={search_term_string}"},"query-input":{"@type":"PropertyValueSpecification","valueRequired":true,"valueName":"search_term_string"}}],"inLanguage":"es"},{"@type":"Person","@id":"https:\/\/www.canariasviaja.com\/viajaresvivir\/#\/schema\/person\/085949651001325f1244a8bc1b34709c","name":"Patri C\u00e1mpora","image":{"@type":"ImageObject","inLanguage":"es","@id":"https:\/\/www.canariasviaja.com\/viajaresvivir\/#\/schema\/person\/image\/","url":"https:\/\/secure.gravatar.com\/avatar\/b2ce2c4086a5776e5310f57c1a2e5b4e?s=96&d=mm&r=g","contentUrl":"https:\/\/secure.gravatar.com\/avatar\/b2ce2c4086a5776e5310f57c1a2e5b4e?s=96&d=mm&r=g","caption":"Patri C\u00e1mpora"},"url":"https:\/\/www.canariasviaja.com\/viajaresvivir\/author\/patri\/"}]}},"_links":{"self":[{"href":"https:\/\/www.canariasviaja.com\/viajaresvivir\/wp-json\/wp\/v2\/posts\/7808"}],"collection":[{"href":"https:\/\/www.canariasviaja.com\/viajaresvivir\/wp-json\/wp\/v2\/posts"}],"about":[{"href":"https:\/\/www.canariasviaja.com\/viajaresvivir\/wp-json\/wp\/v2\/types\/post"}],"author":[{"embeddable":true,"href":"https:\/\/www.canariasviaja.com\/viajaresvivir\/wp-json\/wp\/v2\/users\/2"}],"replies":[{"embeddable":true,"href":"https:\/\/www.canariasviaja.com\/viajaresvivir\/wp-json\/wp\/v2\/comments?post=7808"}],"version-history":[{"count":11,"href":"https:\/\/www.canariasviaja.com\/viajaresvivir\/wp-json\/wp\/v2\/posts\/7808\/revisions"}],"predecessor-version":[{"id":8120,"href":"https:\/\/www.canariasviaja.com\/viajaresvivir\/wp-json\/wp\/v2\/posts\/7808\/revisions\/8120"}],"wp:featuredmedia":[{"embeddable":true,"href":"https:\/\/www.canariasviaja.com\/viajaresvivir\/wp-json\/wp\/v2\/media\/7811"}],"wp:attachment":[{"href":"https:\/\/www.canariasviaja.com\/viajaresvivir\/wp-json\/wp\/v2\/media?parent=7808"}],"wp:term":[{"taxonomy":"category","embeddable":true,"href":"https:\/\/www.canariasviaja.com\/viajaresvivir\/wp-json\/wp\/v2\/categories?post=7808"},{"taxonomy":"post_tag","embeddable":true,"href":"https:\/\/www.canariasviaja.com\/viajaresvivir\/wp-json\/wp\/v2\/tags?post=7808"}],"curies":[{"name":"wp","href":"https:\/\/api.w.org\/{rel}","templated":true}]}}