{"id":7827,"date":"2021-11-03T15:04:17","date_gmt":"2021-11-03T15:04:17","guid":{"rendered":"https:\/\/www.canariasviaja.com\/viajaresvivir\/?p=7827"},"modified":"2022-08-31T14:07:34","modified_gmt":"2022-08-31T14:07:34","slug":"cuevas-prehistoricas-de-cantabria","status":"publish","type":"post","link":"https:\/\/www.canariasviaja.com\/viajaresvivir\/cuevas-prehistoricas-de-cantabria\/","title":{"rendered":"Cuevas prehist\u00f3ricas de Cantabria"},"content":{"rendered":"\n<h3 class=\"wp-block-heading\">Conociendo nuestros or\u00edgenes a trav\u00e9s del arte<\/h3>\n\n\n\n<p>Cantabria cuenta con un impresionante <strong>conjunto de <a href=\"https:\/\/cuevas.culturadecantabria.com\/\" target=\"_blank\" rel=\"noreferrer noopener\">cuevas prehist\u00f3ricas<\/a><\/strong> que forman parte del <strong>Patrimonio de la Humanidad de la Unesco.<\/strong><\/p>\n\n\n\n<p>A la famosa <strong>cueva de Altamira<\/strong>, la primera en recibir esta calificaci\u00f3n en 1985, se le unieron en 2008 las cuevas c\u00e1ntabras de Monte Castillo (<strong>El Castillo, Las Monedas, Las Chimeneas y La Pasiega<\/strong>) , <strong>La Garma, Covalanas, El Pendo, Hornos de la Pe\u00f1a y Chuf\u00edn<\/strong>; y algunas cuevas asturianas y vascas. Este conjunto de cavidades juega un papel fundamental para conocer <strong>el arte rupestre paleol\u00edtico en la Cornisa Cant\u00e1brica.<\/strong><\/p>\n\n\n\n<p>El <strong>arte rupestre paleol\u00edtico<\/strong> es una de las manifestaciones culturales m\u00e1s importantes de la Historia de la Humanidad ya que es la primera manifestaci\u00f3n art\u00edstica de la especie humana, con la aparici\u00f3n del Homo Sapiens.<\/p>\n\n\n\n<p>Te invitamos a que descubras algunas de las <strong>cuevas que puedes visitar en Cantabria<\/strong>. Una actividad apasionante para aquellas personas que quieran transportarse al origen del arte admirando las representaciones pict\u00f3ricas m\u00e1s antiguas de la humanidad.<\/p>\n\n\n\n<p>Has de tener en cuenta que, al tratarse de conjuntos muy sensibles, las plazas disponibles son muy escasas por lo que se recomienda <a href=\"https:\/\/cuevas.culturadecantabria.com\/reservas\/\" target=\"_blank\" rel=\"noreferrer noopener\"><strong>reservar anticipadamente<\/strong> <\/a>para garantizar la visita. Para visitarlas recuerda llevar ropa de abrigo y zapatos c\u00f3modos que no resbalen.<\/p>\n\n\n\n<div style=\"height:100px\" aria-hidden=\"true\" class=\"wp-block-spacer\"><\/div>\n\n\n\n<h3 class=\"wp-block-heading\">Altamira<\/h3>\n\n\n\n<figure class=\"wp-block-image size-large\"><img loading=\"lazy\" decoding=\"async\" width=\"1835\" height=\"1181\" src=\"http:\/\/www.canariasviaja.com\/viajaresvivir\/wp-content\/uploads\/2021\/11\/Cantabria-por-La-Casa-de-La-Playa-78.jpg\" alt=\"Cuevas de Cantabria, Altamira\" class=\"wp-image-7833\" srcset=\"https:\/\/www.canariasviaja.com\/viajaresvivir\/wp-content\/uploads\/2021\/11\/Cantabria-por-La-Casa-de-La-Playa-78.jpg 1835w, https:\/\/www.canariasviaja.com\/viajaresvivir\/wp-content\/uploads\/2021\/11\/Cantabria-por-La-Casa-de-La-Playa-78-300x193.jpg 300w, https:\/\/www.canariasviaja.com\/viajaresvivir\/wp-content\/uploads\/2021\/11\/Cantabria-por-La-Casa-de-La-Playa-78-768x494.jpg 768w, https:\/\/www.canariasviaja.com\/viajaresvivir\/wp-content\/uploads\/2021\/11\/Cantabria-por-La-Casa-de-La-Playa-78-1536x989.jpg 1536w, https:\/\/www.canariasviaja.com\/viajaresvivir\/wp-content\/uploads\/2021\/11\/Cantabria-por-La-Casa-de-La-Playa-78-1200x772.jpg 1200w, https:\/\/www.canariasviaja.com\/viajaresvivir\/wp-content\/uploads\/2021\/11\/Cantabria-por-La-Casa-de-La-Playa-78-1678x1080.jpg 1678w\" sizes=\"(max-width: 1835px) 100vw, 1835px\" \/><figcaption>NeoCueva de Altamira. Foto: Patri C\u00e1mpora<\/figcaption><\/figure>\n\n\n\n<h2 class=\"wp-block-heading\">La historia de la Cueva de Altamira<\/h2>\n\n\n\n<p>Altamira fue el primer lugar del mundo en el que se identific\u00f3 la existencia del <strong>Arte Rupestre del Paleol\u00edtico Superior<\/strong>. Un descubrimiento singular debido a la calidad, la magnifica conservaci\u00f3n y la frescura de los pigmentos. Un <strong>importante descubrimiento para la humanidad<\/strong> para el que la sociedad de la \u00e9poca no estaba preparada.<\/p>\n\n\n\n<p>La m\u00e1s conocida de las cuevas prehist\u00f3ricas de Cantabria, y la m\u00e1s famosa del mundo, &nbsp;fue descubierta por un lugare\u00f1o, Modesto Cubillas, en 1868. \u00c9l fue el que acompa\u00f1\u00f3 por primera vez a <strong>Marcelino Sanz de Sautuola <\/strong>&nbsp;a la cueva en 1875, visita en la que este reconoci\u00f3 algunas l\u00edneas que no vincul\u00f3 como obra humana.<\/p>\n\n\n\n<p>En la Exposici\u00f3n Universal de Par\u00eds, Sanz de Sautuola conoci\u00f3 algunos <strong>objetos prehist\u00f3ricos<\/strong> encontrados en cuevas del sur de Francia, que le abrieron la mente para afrontar el estudio de las cuevas c\u00e1ntabras desde una nueva perspectiva.<\/p>\n\n\n\n<p>En 1879 regres\u00f3 a la Cueva de Altamira, junto a su peque\u00f1a hija Mar\u00eda, y fue ella la primera en descubrir las pinturas del techo. En 1880, en sus <em>Breves apuntes sobre algunos objetos prehist\u00f3ricos de la Provincia de Santander, <\/em>atribuy\u00f3 las pinturas al Paleol\u00edtico. Su investigaci\u00f3n, a pesar de estar bien documentada y fundamentada, se encontr\u00f3 con el escepticismo de sus contempor\u00e1neos, y no se valor\u00f3 adecuadamente hasta un cuarto de siglo despu\u00e9s.<\/p>\n\n\n\n<p>En 2016 se estren\u00f3 la pel\u00edcula <strong><a href=\"https:\/\/www.youtube.com\/watch?v=hILaSDxscU8\" target=\"_blank\" rel=\"noreferrer noopener\">Altamira<\/a><\/strong>, protagonizada por Antonio Banderas, en la que se relata estos acontecimientos.<\/p>\n\n\n\n<h2 class=\"wp-block-heading\">La Cueva de Altamira y la NeoCueva<\/h2>\n\n\n\n<figure class=\"wp-block-image size-large\"><img loading=\"lazy\" decoding=\"async\" width=\"1880\" height=\"1189\" src=\"http:\/\/www.canariasviaja.com\/viajaresvivir\/wp-content\/uploads\/2021\/11\/ACueva-de-Altamira.jpg\" alt=\"Cuevas de Cantabria, Altamira\" class=\"wp-image-7832\" srcset=\"https:\/\/www.canariasviaja.com\/viajaresvivir\/wp-content\/uploads\/2021\/11\/ACueva-de-Altamira.jpg 1880w, https:\/\/www.canariasviaja.com\/viajaresvivir\/wp-content\/uploads\/2021\/11\/ACueva-de-Altamira-300x190.jpg 300w, https:\/\/www.canariasviaja.com\/viajaresvivir\/wp-content\/uploads\/2021\/11\/ACueva-de-Altamira-768x486.jpg 768w, https:\/\/www.canariasviaja.com\/viajaresvivir\/wp-content\/uploads\/2021\/11\/ACueva-de-Altamira-1536x971.jpg 1536w, https:\/\/www.canariasviaja.com\/viajaresvivir\/wp-content\/uploads\/2021\/11\/ACueva-de-Altamira-1200x759.jpg 1200w, https:\/\/www.canariasviaja.com\/viajaresvivir\/wp-content\/uploads\/2021\/11\/ACueva-de-Altamira-1708x1080.jpg 1708w\" sizes=\"(max-width: 1880px) 100vw, 1880px\" \/><figcaption>NeoCueva de Altamira. Foto: Patri C\u00e1mpora<\/figcaption><\/figure>\n\n\n\n<p><strong>La cueva de Altamira<\/strong> estuvo abierta al p\u00fablico desde 1917 hasta 2002, cuando se detectaron los problemas de conservaci\u00f3n que estaba sufriendo. Actualmente solo accede un n\u00famero muy restringido de personas, elegidas por sorteo entre las reservas del viernes por la ma\u00f1ana.<\/p>\n\n\n\n<p>En 2001 se inaugur\u00f3 la <strong>NeoCueva de Altamira<\/strong>, una reproducci\u00f3n tridimensional de la original, que representa como era la cueva entre 40.000 y 30.000 a\u00f1os atr\u00e1s, cuando la habitaban grupos de recolectores y cazadores. En ella encontramos una fidedigna reproducci\u00f3n del <strong>Gran Techo o techo de \u201clos pol\u00edcromos\u201d<\/strong> con representaciones de bisontes, caballos, ciervos, cabras y signos, pintados por los maestros de Altamira.<\/p>\n\n\n\n<p>La NeoCueva se encuentra dentro del <a href=\"https:\/\/www.culturaydeporte.gob.es\/mnaltamira\/home.html\" target=\"_blank\" rel=\"noreferrer noopener\"><strong>Museo de Altamira<\/strong>,<\/a> en el que podremos visitar la exposici\u00f3n permanente, <strong>Los Tiempos de Altamira<\/strong>, una valiosa colecci\u00f3n arqueol\u00f3gica del Paleol\u00edtico. El Museo tambi\u00e9n ofrece exposiciones temporales y actividades para conocer como era la vida de quienes pintaron y habitaron la cueva.\u00a0Puedes aprovechar la visita para conocer <a href=\"https:\/\/www.canariasviaja.com\/viajaresvivir\/tag\/santillana-del-mar\/\">Santillana del Mar<\/a>, la villa de las tres mentiras.<\/p>\n\n\n\n<div style=\"height:100px\" aria-hidden=\"true\" class=\"wp-block-spacer\"><\/div>\n\n\n\n<h3 class=\"wp-block-heading\">Cuevas de Monte Castillo:<\/h3>\n\n\n\n<p>El <strong>Monte Castillo<\/strong>, situado cerca de la localidad c\u00e1ntabra de <strong>Puente Viesgo<\/strong>, acoge cuatro de las cuevas declaradas Patrimonio de la Humanidad por la Unesco: <strong>El Castillo, Las Chimeneas, Las Monedas y La Pasiega<\/strong>. Solo est\u00e1n abiertas al p\u00fablico las cuevas de El Castillo y Las Monedas.<\/p>\n\n\n\n<h2 class=\"wp-block-heading\">Cueva de El Castillo<\/h2>\n\n\n\n<p>Hace 150.000 a\u00f1os la cueva de El Castillo ya estaba habitada, lo que supone uno de los niveles de habitaci\u00f3n m\u00e1s antiguos de la Cornisa cant\u00e1brica.<\/p>\n\n\n\n<p>Destacan los niveles relacionados con la desaparici\u00f3n de los Neandertales y la llegada del Homo Sapiens, entre los 41.000 y los 38.000 a\u00f1os de antig\u00fcedad, periodo al que pertenece una de las pinturas.<\/p>\n\n\n<div class=\"wp-block-image\">\n<figure class=\"aligncenter size-large\"><img loading=\"lazy\" decoding=\"async\" width=\"300\" height=\"200\" src=\"http:\/\/www.canariasviaja.com\/viajaresvivir\/wp-content\/uploads\/2021\/11\/Cueva-de-El-castilo.jpg\" alt=\"Cuevas de Cantabria, Cueva de El castillo\" class=\"wp-image-7834\"\/><figcaption>Cueva del castillo<\/figcaption><\/figure><\/div>\n\n\n<p>Los 300 metros lineales de la cueva albergan m\u00e1s de <strong>2.900 graf\u00edas de entre 41.000 y 3.500 a\u00f1os de antig\u00fcedad,<\/strong> que representan 37.500 a\u00f1os del pensamiento simb\u00f3lico de la humanidad, a trav\u00e9s de signos, motivos figurativos, entre los que destacan bisontes, algunos contempor\u00e1neos a los de la Cueva de Altamira, y 78 manos en negativa, que hacen alusi\u00f3n a lo humano.<\/p>\n\n\n\n<p>Para <strong><a href=\"http:\/\/cuevas.culturadecantabria.com\" target=\"_blank\" rel=\"noreferrer noopener\">visitar la cueva<\/a><\/strong> hay que reservar las entradas con antelaci\u00f3n.  <\/p>\n\n\n\n<p>Realiza una <strong><a href=\"http:\/\/Realiza una visita virtual por la cueva del Chuf\u00edn.\" target=\"_blank\" rel=\"noreferrer noopener\">visita virtual <\/a><\/strong>por la cueva de <strong>El castillo<\/strong>.<\/p>\n\n\n\n<h2 class=\"wp-block-heading\">Cueva de Las Monedas<\/h2>\n\n\n\n<p>A 650 metros de la Cueva del Castillo se encuentra esta cueva que recibe su nombre por un lote de 20 monedas de los tiempos de los Reyes Cat\u00f3licos encontradas en ella.<\/p>\n\n\n<div class=\"wp-block-image\">\n<figure class=\"aligncenter size-large\"><img loading=\"lazy\" decoding=\"async\" width=\"300\" height=\"217\" src=\"https:\/\/www.canariasviaja.com\/viajaresvivir\/wp-content\/uploads\/2021\/11\/gran_monedas_056-300x217-1.jpg\" alt=\"Cuevas de Cantabria, cueva de las monedas\" class=\"wp-image-7841\"\/><figcaption>Monedas encontradas en la Cueva de las Monedas. Foto: Cultura de Cantabria<\/figcaption><\/figure><\/div>\n\n\n<p>Esta cueva, adem\u00e1s de sus pinturas rupestres, destaca por su <strong>belleza geol\u00f3gica.<\/strong><\/p>\n\n\n\n<p>La cueva tiene una longitud de 350 m., de los que se visitan los primeros 250.<\/p>\n\n\n\n<p>Los dibujos, realizados con carb\u00f3n, est\u00e1n situadas en una peque\u00f1a sala cerca de la entrada de la cueva y representan animales de climas fr\u00edos, como los renos, poco frecuentes en las representaciones del arte rupestre c\u00e1ntabro, adem\u00e1s de caballos, cabras y un bisonte.<\/p>\n\n\n\n<p>En los 200 primeros metros del recorrido podremos admirar la belleza geol\u00f3gica de la cueva, con amplias salas, coladas, cascadas&nbsp; de colores, columnas, estalactitas y estalagmitas.<\/p>\n\n\n\n<p>Para acceder a la cueva del Castillo y las Monedas hay que retirar la entrada en la boca de esta \u00faltima.<\/p>\n\n\n\n<p>Realiza una <strong><a href=\"https:\/\/cuevas.culturadecantabria.com\/wp-content\/monedas\/index.html\" target=\"_blank\" rel=\"noreferrer noopener\">visita virtual <\/a><\/strong>por la cueva de <strong>Las Monedas.<\/strong><\/p>\n\n\n\n<p>Ver <a href=\"https:\/\/www.facebook.com\/CuevasPrehistoricasCant\/videos\/vb.1404220079809010\/2032119147019097\/?type=2&amp;theater&amp;notif_t=like&amp;notif_id=1513162889803260\" target=\"_blank\" rel=\"noreferrer noopener\">video<\/a> sobre ambas cuevas.<\/p>\n\n\n\n<div style=\"height:100px\" aria-hidden=\"true\" class=\"wp-block-spacer\"><\/div>\n\n\n\n<h3 class=\"wp-block-heading\">Cueva de El Pendo<\/h3>\n\n\n\n<figure class=\"wp-block-gallery has-nested-images columns-default is-cropped wp-block-gallery-1 is-layout-flex wp-block-gallery-is-layout-flex\">\n<figure class=\"wp-block-image size-large\"><img loading=\"lazy\" decoding=\"async\" width=\"300\" height=\"200\" data-id=\"7845\" src=\"http:\/\/www.canariasviaja.com\/viajaresvivir\/wp-content\/uploads\/2021\/11\/gran_pendo_009-300x200-1.jpg\" alt=\"Cueva del Pendo\" class=\"wp-image-7845\"\/><\/figure>\n\n\n\n<figure class=\"wp-block-image size-large\"><img loading=\"lazy\" decoding=\"async\" width=\"300\" height=\"200\" data-id=\"7846\" src=\"http:\/\/www.canariasviaja.com\/viajaresvivir\/wp-content\/uploads\/2021\/11\/gran_pendo_014-300x200-1.jpg\" alt=\"\" class=\"wp-image-7846\"\/><\/figure>\n<figcaption class=\"blocks-gallery-caption\">Cueva de El Pendo. Fotos: Cultura de Cantabria<\/figcaption><\/figure>\n\n\n\n<p>La cueva se sit\u00faa en el Barrio del Churri, en la localidad de <strong>Camargo.<\/strong><\/p>\n\n\n\n<p>Destaca su <strong>impresionante vest\u00edbulo<\/strong> de 45 metros de ancho y 22 de alto. Sus primeros moradores fueron Neardertales, hace al menos 84.000 a\u00f1os. Tras su desaparici\u00f3n, el Homo Sapiens ocupa la cueva entre los 40.000 y 12.000 a\u00f1os de antig\u00fcedad. De esta  \u00e9poca  provienen las numerosas <strong>muestras de arte mueble<\/strong> que se han encontrado, con m\u00e1s de 250 objetos decorados que son clave para entender el uso que tuvo este espacio, un lugar de encuentro entre grupos de poblaci\u00f3n.<\/p>\n\n\n\n<p>En el interior, visible desde el lugar de ocupaci\u00f3n, se encuentra otro de sus tesoros, un <strong>friso de 25 metros de largo <\/strong>que representa una manada de ciervas, una cabra, un caballo, y alg\u00fan s\u00edmbolo pintados en rojo.<\/p>\n\n\n\n<p>Realiza una <strong><a href=\"https:\/\/cuevas.culturadecantabria.com\/wp-content\/pendo\/index.html\" target=\"_blank\" rel=\"noreferrer noopener\">visita virtual<\/a> <\/strong>por la cueva de <strong>El Pendo.<\/strong><\/p>\n\n\n\n<div style=\"height:100px\" aria-hidden=\"true\" class=\"wp-block-spacer\"><\/div>\n\n\n\n<h3 class=\"wp-block-heading\">Cueva de Covalanas<\/h3>\n\n\n\n<figure class=\"wp-block-gallery has-nested-images columns-default is-cropped wp-block-gallery-2 is-layout-flex wp-block-gallery-is-layout-flex\">\n<figure class=\"wp-block-image size-large\"><img loading=\"lazy\" decoding=\"async\" width=\"300\" height=\"200\" data-id=\"7839\" src=\"https:\/\/www.canariasviaja.com\/viajaresvivir\/wp-content\/uploads\/2021\/11\/gran_covalanas_002-300x200-1.jpg\" alt=\"\" class=\"wp-image-7839\"\/><\/figure>\n\n\n\n<figure class=\"wp-block-image size-large\"><img loading=\"lazy\" decoding=\"async\" width=\"300\" height=\"200\" data-id=\"7840\" src=\"https:\/\/www.canariasviaja.com\/viajaresvivir\/wp-content\/uploads\/2021\/11\/gran_covalanas_003-300x200-1.jpg\" alt=\"\" class=\"wp-image-7840\"\/><\/figure>\n<figcaption class=\"blocks-gallery-caption\">Cueva de Covalana. Fotos: Cultura de Cantabria<\/figcaption><\/figure>\n\n\n\n<p>Situada en el municipio de Ramales de la Victoria. Los escasos restos de ocupaci\u00f3n hablan del <strong>uso casi exclusivo como santuario<\/strong> que se le dio a este espacio.<\/p>\n\n\n\n<p>La entrada se realiza a trav\u00e9s de una <strong>estrecha y alta galer\u00eda<\/strong>. En los primeros 65 metros se encuentran la mayor\u00eda de las <strong>pinturas rojas<\/strong>. La homogeneidad del conjunto, tanto t\u00e9cnicamente, como por su reducido n\u00famero de figuras, situa el conjunto entorno a los 20.000 y 25.000 a\u00f1os de antig\u00fcedad.<\/p>\n\n\n\n<p>A tan solo 2 kil\u00f3metros, en plenos casco urbano de Ramales,&nbsp; se encuentra la <strong>Cueva de Cullalvera<\/strong>, la cuarta mayor cueva de Espa\u00f1a, con 12.100 metros de desarrollo.<\/p>\n\n\n<div class=\"wp-block-image\">\n<figure class=\"aligncenter size-large\"><img loading=\"lazy\" decoding=\"async\" width=\"200\" height=\"300\" src=\"https:\/\/www.canariasviaja.com\/viajaresvivir\/wp-content\/uploads\/2021\/11\/gran_cullalvera_013-200x300-1.jpg\" alt=\"\" class=\"wp-image-7849\"\/><figcaption>Cueva de Cullalvera. Foto: Cultura de Cantabria<\/figcaption><\/figure><\/div>\n\n\n<p>La <strong>entrada a la cavidad sorprende<\/strong>&nbsp; con sus 14 metros de ancho y 28 de altura, manteniendo estas dimensiones durante los primeros 1500 metros.<\/p>\n\n\n\n<p>Durante los d\u00edas de lluvia el <strong>rio Calera aflora en su interior.<\/strong> La visita transcurre a lo largo de una pasarela de 400 metros, que permite el <strong>acceso a personas con movilidad reducida<\/strong>. Cerca de la entrada encontramos un dibujo de un caballo de color amarillento. El resto de las pinturas est\u00e1n fuera del recorrido. La cueva de Cullalvera es el <strong>conjunto rupestre a mayor profundidad de la Pen\u00ednsula Ib\u00e9rica<\/strong>.<\/p>\n\n\n\n<p>Realiza una <strong><a href=\"https:\/\/cuevas.culturadecantabria.com\/covalanas-esp\/visita-virtual\/\" target=\"_blank\" rel=\"noreferrer noopener\">visita virtual<\/a> <\/strong>por la cueva de <strong>Covalanas.<\/strong><\/p>\n\n\n\n<div style=\"height:100px\" aria-hidden=\"true\" class=\"wp-block-spacer\"><\/div>\n\n\n\n<h3 class=\"wp-block-heading\">Cueva Hornos de la Pe\u00f1a<\/h3>\n\n\n\n<p>En la localidad de Tarriba, en el municipio de San Felices de Buelna, se encuentra esta peque\u00f1a y estrecha cueva en la que encontramos decoraciones realizadas con la <strong>t\u00e9cnica del grabado inciso y digital,<\/strong> en torno a los 15.500- 13.000 a\u00f1os de antig\u00fcedad, que se alternan con otros m\u00e1s antiguos de al menos 22.000 a\u00f1os.<\/p>\n\n\n<div class=\"wp-block-image\">\n<figure class=\"aligncenter size-large\"><img loading=\"lazy\" decoding=\"async\" width=\"300\" height=\"200\" src=\"https:\/\/www.canariasviaja.com\/viajaresvivir\/wp-content\/uploads\/2021\/11\/gran_hornos_001-300x200-1.jpg\" alt=\"Cuevas de Cantabria\" class=\"wp-image-7838\"\/><figcaption>Grabado en Hornos de la Pe\u00f1a.<br> Foto: Cultura de Cantabria<\/figcaption><\/figure><\/div>\n\n\n<p>El Vest\u00edbulo contiene <strong>grabados paleol\u00edticos<\/strong>, entre los que destaca la imagen de un caballo. En el interior encontramos caballos, bisontes, uros, cabras y ciervos. Y en la parte m\u00e1s profunda de la cueva se grab\u00f3 <strong>una de las pocas representaciones humanas que se conocen en la Cornisa Cant\u00e1brica<\/strong>, similar a los antropomorfos grabados en el techo de Altamira.<\/p>\n\n\n\n<p>Realiza una <strong><a href=\"https:\/\/cuevas.culturadecantabria.com\/wp-content\/hornos\/index.html\" target=\"_blank\" rel=\"noreferrer noopener\">visita virtual<\/a> <\/strong>por la cueva de <strong>Hornos de la Pe\u00f1a.<\/strong><\/p>\n\n\n\n<div style=\"height:100px\" aria-hidden=\"true\" class=\"wp-block-spacer\"><\/div>\n\n\n\n<h3 class=\"wp-block-heading\">Cueva de Chuf\u00edn<\/h3>\n\n\n\n<figure class=\"wp-block-gallery has-nested-images columns-default is-cropped wp-block-gallery-3 is-layout-flex wp-block-gallery-is-layout-flex\">\n<figure class=\"wp-block-image size-large\"><img loading=\"lazy\" decoding=\"async\" width=\"1024\" height=\"683\" data-id=\"7836\" src=\"http:\/\/www.canariasviaja.com\/viajaresvivir\/wp-content\/uploads\/2021\/11\/gran_chufin_018.jpg\" alt=\"Cuevas de Cantabria\" class=\"wp-image-7836\" srcset=\"https:\/\/www.canariasviaja.com\/viajaresvivir\/wp-content\/uploads\/2021\/11\/gran_chufin_018.jpg 1024w, https:\/\/www.canariasviaja.com\/viajaresvivir\/wp-content\/uploads\/2021\/11\/gran_chufin_018-300x200.jpg 300w, https:\/\/www.canariasviaja.com\/viajaresvivir\/wp-content\/uploads\/2021\/11\/gran_chufin_018-768x512.jpg 768w\" sizes=\"(max-width: 1024px) 100vw, 1024px\" \/><\/figure>\n\n\n\n<figure class=\"wp-block-image size-large\"><img loading=\"lazy\" decoding=\"async\" width=\"1024\" height=\"682\" data-id=\"7835\" src=\"http:\/\/www.canariasviaja.com\/viajaresvivir\/wp-content\/uploads\/2021\/11\/gran_chufin_014.jpg\" alt=\"Cueva de El Chuf\u00edn, Cuevas de Cantabria\" class=\"wp-image-7835\" srcset=\"https:\/\/www.canariasviaja.com\/viajaresvivir\/wp-content\/uploads\/2021\/11\/gran_chufin_014.jpg 1024w, https:\/\/www.canariasviaja.com\/viajaresvivir\/wp-content\/uploads\/2021\/11\/gran_chufin_014-300x200.jpg 300w, https:\/\/www.canariasviaja.com\/viajaresvivir\/wp-content\/uploads\/2021\/11\/gran_chufin_014-768x512.jpg 768w\" sizes=\"(max-width: 1024px) 100vw, 1024px\" \/><\/figure>\n<figcaption class=\"blocks-gallery-caption\">Cuevas de El Chuf\u00edn Fotos: Cultura de Cantabria<\/figcaption><\/figure>\n\n\n\n<p>Esta cueva toma su nombre del personaje del Moro Chuf\u00edn, del que se cuenta que escondi\u00f3 un tesoro en ella. Pero esta cueva guarda otros tesoros. Para descubrirlos habr\u00e1 que entrar gateando, para lo que el gu\u00eda nos proveer\u00e1 de chichoneras y rodilleras.<\/p>\n\n\n\n<p>En el vest\u00edbulo, y a plena luz del d\u00eda, encontramos los primeros grabados, en el contexto del \u00e1rea de habitaci\u00f3n. Un claro ejemplo de los <strong>conjuntos exteriores<\/strong> de entre 25.000 y 18.000 a\u00f1os de antig\u00fcedad, con representaciones de la cierva.<\/p>\n\n\n\n<p>En el interior nos sorprender\u00e1 <strong>un lago<\/strong> en torno al que se localizan varias <strong>pinturas rojas<\/strong>, con predominio de lo simb\u00f3lico frente a lo figurativo, con una antig\u00fcedad m\u00ednima de 20.000 y 25.000 a\u00f1os.<\/p>\n\n\n\n<p>Realiza una <strong><a href=\"https:\/\/cuevas.culturadecantabria.com\/\/wp-content\/chufin\/index.html\" target=\"_blank\" rel=\"noreferrer noopener\">visita virtual <\/a><\/strong>por la cueva del Chuf\u00edn.<\/p>\n\n\n\n<p><\/p>\n\n\n\n<div class=\"wp-block-buttons is-horizontal is-content-justification-center is-layout-flex wp-container-core-buttons-is-layout-1 wp-block-buttons-is-layout-flex\">\n<div class=\"wp-block-button\"><a class=\"wp-block-button__link\" href=\"https:\/\/bit.ly\/3obUlrZ\">\u00a1Esc\u00e1pate este oto\u00f1o a Cantabria!<\/a><\/div>\n<\/div>\n\n\n\n<div style=\"height:100px\" aria-hidden=\"true\" class=\"wp-block-spacer\"><\/div>\n","protected":false},"excerpt":{"rendered":"<p>Conociendo nuestros or\u00edgenes a trav\u00e9s del arte Cantabria cuenta con un impresionante conjunto de cuevas prehist\u00f3ricas que forman parte del Patrimonio de la Humanidad de la Unesco. A la famosa cueva de Altamira, la primera en recibir esta calificaci\u00f3n en 1985, se le unieron en 2008 las cuevas c\u00e1ntabras de Monte Castillo (El Castillo, Las Monedas, Las Chimeneas y La &hellip;<\/p>\n","protected":false},"author":2,"featured_media":7833,"comment_status":"open","ping_status":"open","sticky":false,"template":"","format":"standard","meta":{"_acf_changed":false,"sfsi_plus_gutenberg_text_before_share":"","sfsi_plus_gutenberg_show_text_before_share":"","sfsi_plus_gutenberg_icon_type":"","sfsi_plus_gutenberg_icon_alignemt":"","sfsi_plus_gutenburg_max_per_row":"","footnotes":""},"categories":[125,124,123,10,100,197,350],"tags":[580,456,813,812,811],"class_list":["post-7827","post","type-post","status-publish","format-standard","has-post-thumbnail","hentry","category-aventurate","category-descubre","category-explora","category-historias-viajeras","category-peninsulaybaleares","category-rincones-por-descubrir","category-santander-peninsulaybaleares","tag-altamira","tag-cantabria","tag-cuevas","tag-paleolitico","tag-prehistoria"],"acf":[],"yoast_head":"<!-- This site is optimized with the Yoast SEO plugin v24.1 - https:\/\/yoast.com\/wordpress\/plugins\/seo\/ -->\n<title>Cuevas prehist\u00f3ricas de Cantabria - Viajar es vivir<\/title>\n<meta name=\"description\" content=\"Las Cuevas prehist\u00f3ricas de Cantabria son un viaje al origen del arte admirando las representaciones pict\u00f3ricas m\u00e1s antiguas de la humanidad.\" \/>\n<meta name=\"robots\" content=\"index, follow, max-snippet:-1, max-image-preview:large, max-video-preview:-1\" \/>\n<link rel=\"canonical\" href=\"https:\/\/www.canariasviaja.com\/viajaresvivir\/cuevas-prehistoricas-de-cantabria\/\" \/>\n<meta property=\"og:locale\" content=\"es_ES\" \/>\n<meta property=\"og:type\" content=\"article\" \/>\n<meta property=\"og:title\" content=\"Cuevas prehist\u00f3ricas de Cantabria - Viajar es vivir\" \/>\n<meta property=\"og:description\" content=\"Las Cuevas prehist\u00f3ricas de Cantabria son un viaje al origen del arte admirando las representaciones pict\u00f3ricas m\u00e1s antiguas de la humanidad.\" \/>\n<meta property=\"og:url\" content=\"https:\/\/www.canariasviaja.com\/viajaresvivir\/cuevas-prehistoricas-de-cantabria\/\" \/>\n<meta property=\"og:site_name\" content=\"Viajar es vivir\" \/>\n<meta property=\"article:published_time\" content=\"2021-11-03T15:04:17+00:00\" \/>\n<meta property=\"article:modified_time\" content=\"2022-08-31T14:07:34+00:00\" \/>\n<meta property=\"og:image\" content=\"http:\/\/www.canariasviaja.com\/viajaresvivir\/wp-content\/uploads\/2021\/11\/Cantabria-por-La-Casa-de-La-Playa-78.jpg\" \/>\n\t<meta property=\"og:image:width\" content=\"1835\" \/>\n\t<meta property=\"og:image:height\" content=\"1181\" \/>\n\t<meta property=\"og:image:type\" content=\"image\/jpeg\" \/>\n<meta name=\"author\" content=\"Patri C\u00e1mpora\" \/>\n<meta name=\"twitter:card\" content=\"summary_large_image\" \/>\n<meta name=\"twitter:label1\" content=\"Escrito por\" \/>\n\t<meta name=\"twitter:data1\" content=\"Patri C\u00e1mpora\" \/>\n\t<meta name=\"twitter:label2\" content=\"Tiempo de lectura\" \/>\n\t<meta name=\"twitter:data2\" content=\"11 minutos\" \/>\n<script type=\"application\/ld+json\" class=\"yoast-schema-graph\">{\"@context\":\"https:\/\/schema.org\",\"@graph\":[{\"@type\":\"WebPage\",\"@id\":\"https:\/\/www.canariasviaja.com\/viajaresvivir\/cuevas-prehistoricas-de-cantabria\/\",\"url\":\"https:\/\/www.canariasviaja.com\/viajaresvivir\/cuevas-prehistoricas-de-cantabria\/\",\"name\":\"Cuevas prehist\u00f3ricas de Cantabria - Viajar es vivir\",\"isPartOf\":{\"@id\":\"https:\/\/www.canariasviaja.com\/viajaresvivir\/#website\"},\"primaryImageOfPage\":{\"@id\":\"https:\/\/www.canariasviaja.com\/viajaresvivir\/cuevas-prehistoricas-de-cantabria\/#primaryimage\"},\"image\":{\"@id\":\"https:\/\/www.canariasviaja.com\/viajaresvivir\/cuevas-prehistoricas-de-cantabria\/#primaryimage\"},\"thumbnailUrl\":\"https:\/\/www.canariasviaja.com\/viajaresvivir\/wp-content\/uploads\/2021\/11\/Cantabria-por-La-Casa-de-La-Playa-78.jpg\",\"datePublished\":\"2021-11-03T15:04:17+00:00\",\"dateModified\":\"2022-08-31T14:07:34+00:00\",\"author\":{\"@id\":\"https:\/\/www.canariasviaja.com\/viajaresvivir\/#\/schema\/person\/085949651001325f1244a8bc1b34709c\"},\"description\":\"Las Cuevas prehist\u00f3ricas de Cantabria son un viaje al origen del arte admirando las representaciones pict\u00f3ricas m\u00e1s antiguas de la humanidad.\",\"breadcrumb\":{\"@id\":\"https:\/\/www.canariasviaja.com\/viajaresvivir\/cuevas-prehistoricas-de-cantabria\/#breadcrumb\"},\"inLanguage\":\"es\",\"potentialAction\":[{\"@type\":\"ReadAction\",\"target\":[\"https:\/\/www.canariasviaja.com\/viajaresvivir\/cuevas-prehistoricas-de-cantabria\/\"]}]},{\"@type\":\"ImageObject\",\"inLanguage\":\"es\",\"@id\":\"https:\/\/www.canariasviaja.com\/viajaresvivir\/cuevas-prehistoricas-de-cantabria\/#primaryimage\",\"url\":\"https:\/\/www.canariasviaja.com\/viajaresvivir\/wp-content\/uploads\/2021\/11\/Cantabria-por-La-Casa-de-La-Playa-78.jpg\",\"contentUrl\":\"https:\/\/www.canariasviaja.com\/viajaresvivir\/wp-content\/uploads\/2021\/11\/Cantabria-por-La-Casa-de-La-Playa-78.jpg\",\"width\":1835,\"height\":1181,\"caption\":\"Cuevas de Cantabria, Altamira\"},{\"@type\":\"BreadcrumbList\",\"@id\":\"https:\/\/www.canariasviaja.com\/viajaresvivir\/cuevas-prehistoricas-de-cantabria\/#breadcrumb\",\"itemListElement\":[{\"@type\":\"ListItem\",\"position\":1,\"name\":\"Portada\",\"item\":\"https:\/\/www.canariasviaja.com\/viajaresvivir\/\"},{\"@type\":\"ListItem\",\"position\":2,\"name\":\"Cuevas prehist\u00f3ricas de Cantabria\"}]},{\"@type\":\"WebSite\",\"@id\":\"https:\/\/www.canariasviaja.com\/viajaresvivir\/#website\",\"url\":\"https:\/\/www.canariasviaja.com\/viajaresvivir\/\",\"name\":\"Viajar es vivir\",\"description\":\"El blog de viajes y estilo de vida de CanariasViaja\",\"potentialAction\":[{\"@type\":\"SearchAction\",\"target\":{\"@type\":\"EntryPoint\",\"urlTemplate\":\"https:\/\/www.canariasviaja.com\/viajaresvivir\/?s={search_term_string}\"},\"query-input\":{\"@type\":\"PropertyValueSpecification\",\"valueRequired\":true,\"valueName\":\"search_term_string\"}}],\"inLanguage\":\"es\"},{\"@type\":\"Person\",\"@id\":\"https:\/\/www.canariasviaja.com\/viajaresvivir\/#\/schema\/person\/085949651001325f1244a8bc1b34709c\",\"name\":\"Patri C\u00e1mpora\",\"image\":{\"@type\":\"ImageObject\",\"inLanguage\":\"es\",\"@id\":\"https:\/\/www.canariasviaja.com\/viajaresvivir\/#\/schema\/person\/image\/\",\"url\":\"https:\/\/secure.gravatar.com\/avatar\/b2ce2c4086a5776e5310f57c1a2e5b4e?s=96&d=mm&r=g\",\"contentUrl\":\"https:\/\/secure.gravatar.com\/avatar\/b2ce2c4086a5776e5310f57c1a2e5b4e?s=96&d=mm&r=g\",\"caption\":\"Patri C\u00e1mpora\"},\"url\":\"https:\/\/www.canariasviaja.com\/viajaresvivir\/author\/patri\/\"}]}<\/script>\n<!-- \/ Yoast SEO plugin. -->","yoast_head_json":{"title":"Cuevas prehist\u00f3ricas de Cantabria - Viajar es vivir","description":"Las Cuevas prehist\u00f3ricas de Cantabria son un viaje al origen del arte admirando las representaciones pict\u00f3ricas m\u00e1s antiguas de la humanidad.","robots":{"index":"index","follow":"follow","max-snippet":"max-snippet:-1","max-image-preview":"max-image-preview:large","max-video-preview":"max-video-preview:-1"},"canonical":"https:\/\/www.canariasviaja.com\/viajaresvivir\/cuevas-prehistoricas-de-cantabria\/","og_locale":"es_ES","og_type":"article","og_title":"Cuevas prehist\u00f3ricas de Cantabria - Viajar es vivir","og_description":"Las Cuevas prehist\u00f3ricas de Cantabria son un viaje al origen del arte admirando las representaciones pict\u00f3ricas m\u00e1s antiguas de la humanidad.","og_url":"https:\/\/www.canariasviaja.com\/viajaresvivir\/cuevas-prehistoricas-de-cantabria\/","og_site_name":"Viajar es vivir","article_published_time":"2021-11-03T15:04:17+00:00","article_modified_time":"2022-08-31T14:07:34+00:00","og_image":[{"width":1835,"height":1181,"url":"http:\/\/www.canariasviaja.com\/viajaresvivir\/wp-content\/uploads\/2021\/11\/Cantabria-por-La-Casa-de-La-Playa-78.jpg","type":"image\/jpeg"}],"author":"Patri C\u00e1mpora","twitter_card":"summary_large_image","twitter_misc":{"Escrito por":"Patri C\u00e1mpora","Tiempo de lectura":"11 minutos"},"schema":{"@context":"https:\/\/schema.org","@graph":[{"@type":"WebPage","@id":"https:\/\/www.canariasviaja.com\/viajaresvivir\/cuevas-prehistoricas-de-cantabria\/","url":"https:\/\/www.canariasviaja.com\/viajaresvivir\/cuevas-prehistoricas-de-cantabria\/","name":"Cuevas prehist\u00f3ricas de Cantabria - Viajar es vivir","isPartOf":{"@id":"https:\/\/www.canariasviaja.com\/viajaresvivir\/#website"},"primaryImageOfPage":{"@id":"https:\/\/www.canariasviaja.com\/viajaresvivir\/cuevas-prehistoricas-de-cantabria\/#primaryimage"},"image":{"@id":"https:\/\/www.canariasviaja.com\/viajaresvivir\/cuevas-prehistoricas-de-cantabria\/#primaryimage"},"thumbnailUrl":"https:\/\/www.canariasviaja.com\/viajaresvivir\/wp-content\/uploads\/2021\/11\/Cantabria-por-La-Casa-de-La-Playa-78.jpg","datePublished":"2021-11-03T15:04:17+00:00","dateModified":"2022-08-31T14:07:34+00:00","author":{"@id":"https:\/\/www.canariasviaja.com\/viajaresvivir\/#\/schema\/person\/085949651001325f1244a8bc1b34709c"},"description":"Las Cuevas prehist\u00f3ricas de Cantabria son un viaje al origen del arte admirando las representaciones pict\u00f3ricas m\u00e1s antiguas de la humanidad.","breadcrumb":{"@id":"https:\/\/www.canariasviaja.com\/viajaresvivir\/cuevas-prehistoricas-de-cantabria\/#breadcrumb"},"inLanguage":"es","potentialAction":[{"@type":"ReadAction","target":["https:\/\/www.canariasviaja.com\/viajaresvivir\/cuevas-prehistoricas-de-cantabria\/"]}]},{"@type":"ImageObject","inLanguage":"es","@id":"https:\/\/www.canariasviaja.com\/viajaresvivir\/cuevas-prehistoricas-de-cantabria\/#primaryimage","url":"https:\/\/www.canariasviaja.com\/viajaresvivir\/wp-content\/uploads\/2021\/11\/Cantabria-por-La-Casa-de-La-Playa-78.jpg","contentUrl":"https:\/\/www.canariasviaja.com\/viajaresvivir\/wp-content\/uploads\/2021\/11\/Cantabria-por-La-Casa-de-La-Playa-78.jpg","width":1835,"height":1181,"caption":"Cuevas de Cantabria, Altamira"},{"@type":"BreadcrumbList","@id":"https:\/\/www.canariasviaja.com\/viajaresvivir\/cuevas-prehistoricas-de-cantabria\/#breadcrumb","itemListElement":[{"@type":"ListItem","position":1,"name":"Portada","item":"https:\/\/www.canariasviaja.com\/viajaresvivir\/"},{"@type":"ListItem","position":2,"name":"Cuevas prehist\u00f3ricas de Cantabria"}]},{"@type":"WebSite","@id":"https:\/\/www.canariasviaja.com\/viajaresvivir\/#website","url":"https:\/\/www.canariasviaja.com\/viajaresvivir\/","name":"Viajar es vivir","description":"El blog de viajes y estilo de vida de CanariasViaja","potentialAction":[{"@type":"SearchAction","target":{"@type":"EntryPoint","urlTemplate":"https:\/\/www.canariasviaja.com\/viajaresvivir\/?s={search_term_string}"},"query-input":{"@type":"PropertyValueSpecification","valueRequired":true,"valueName":"search_term_string"}}],"inLanguage":"es"},{"@type":"Person","@id":"https:\/\/www.canariasviaja.com\/viajaresvivir\/#\/schema\/person\/085949651001325f1244a8bc1b34709c","name":"Patri C\u00e1mpora","image":{"@type":"ImageObject","inLanguage":"es","@id":"https:\/\/www.canariasviaja.com\/viajaresvivir\/#\/schema\/person\/image\/","url":"https:\/\/secure.gravatar.com\/avatar\/b2ce2c4086a5776e5310f57c1a2e5b4e?s=96&d=mm&r=g","contentUrl":"https:\/\/secure.gravatar.com\/avatar\/b2ce2c4086a5776e5310f57c1a2e5b4e?s=96&d=mm&r=g","caption":"Patri C\u00e1mpora"},"url":"https:\/\/www.canariasviaja.com\/viajaresvivir\/author\/patri\/"}]}},"_links":{"self":[{"href":"https:\/\/www.canariasviaja.com\/viajaresvivir\/wp-json\/wp\/v2\/posts\/7827"}],"collection":[{"href":"https:\/\/www.canariasviaja.com\/viajaresvivir\/wp-json\/wp\/v2\/posts"}],"about":[{"href":"https:\/\/www.canariasviaja.com\/viajaresvivir\/wp-json\/wp\/v2\/types\/post"}],"author":[{"embeddable":true,"href":"https:\/\/www.canariasviaja.com\/viajaresvivir\/wp-json\/wp\/v2\/users\/2"}],"replies":[{"embeddable":true,"href":"https:\/\/www.canariasviaja.com\/viajaresvivir\/wp-json\/wp\/v2\/comments?post=7827"}],"version-history":[{"count":9,"href":"https:\/\/www.canariasviaja.com\/viajaresvivir\/wp-json\/wp\/v2\/posts\/7827\/revisions"}],"predecessor-version":[{"id":9323,"href":"https:\/\/www.canariasviaja.com\/viajaresvivir\/wp-json\/wp\/v2\/posts\/7827\/revisions\/9323"}],"wp:featuredmedia":[{"embeddable":true,"href":"https:\/\/www.canariasviaja.com\/viajaresvivir\/wp-json\/wp\/v2\/media\/7833"}],"wp:attachment":[{"href":"https:\/\/www.canariasviaja.com\/viajaresvivir\/wp-json\/wp\/v2\/media?parent=7827"}],"wp:term":[{"taxonomy":"category","embeddable":true,"href":"https:\/\/www.canariasviaja.com\/viajaresvivir\/wp-json\/wp\/v2\/categories?post=7827"},{"taxonomy":"post_tag","embeddable":true,"href":"https:\/\/www.canariasviaja.com\/viajaresvivir\/wp-json\/wp\/v2\/tags?post=7827"}],"curies":[{"name":"wp","href":"https:\/\/api.w.org\/{rel}","templated":true}]}}