{"id":7858,"date":"2021-11-15T12:40:44","date_gmt":"2021-11-15T12:40:44","guid":{"rendered":"https:\/\/www.canariasviaja.com\/viajaresvivir\/?p=7858"},"modified":"2021-11-17T10:53:19","modified_gmt":"2021-11-17T10:53:19","slug":"el-inexplorado-occidente-astur-con-mar-vidal","status":"publish","type":"post","link":"https:\/\/www.canariasviaja.com\/viajaresvivir\/el-inexplorado-occidente-astur-con-mar-vidal\/","title":{"rendered":"El inexplorado Occidente Astur con Mar Vidal"},"content":{"rendered":"\n<p>Hoy recorremos el occidente de <a href=\"https:\/\/www.canariasviaja.com\/viajaresvivir\/el-viaje-de-anita-barefoot-en-asturias\/\">Asturias<\/a> de la mano de <strong>Mar Vidal<\/strong>, interiorista, organizadora de vidas y hogares, mentora de so\u00f1adoras, bloguera de viajes y estilo de vida, y mujer multipotencial.&nbsp;<\/p>\n\n\n\n<p>La asturiana nos invita a <strong>descubrir la parte m\u00e1s desconocida de Asturias<\/strong>, el oeste. Un lugar que ella conoce muy bien, ya que de all\u00ed vienen los or\u00edgenes de su familia y la de su marido, y es donde pasa parte de su tiempo.<\/p>\n\n\n\n<div class=\"wp-block-image\"><figure class=\"aligncenter size-large is-resized\"><img decoding=\"async\" src=\"http:\/\/www.canariasviaja.com\/viajaresvivir\/wp-content\/uploads\/2021\/11\/mar-vidal-mv-interiorismo-asturias.jpeg\" alt=\"Mar Vidal\" class=\"wp-image-7882\" width=\"400\" srcset=\"https:\/\/www.canariasviaja.com\/viajaresvivir\/wp-content\/uploads\/2021\/11\/mar-vidal-mv-interiorismo-asturias.jpeg 507w, https:\/\/www.canariasviaja.com\/viajaresvivir\/wp-content\/uploads\/2021\/11\/mar-vidal-mv-interiorismo-asturias-237x300.jpeg 237w\" sizes=\"(max-width: 507px) 100vw, 507px\" \/><figcaption> Mar Vidal<\/figcaption><\/figure><\/div>\n\n\n\n<div style=\"height:100px\" aria-hidden=\"true\" class=\"wp-block-spacer\"><\/div>\n\n\n\n<h3 class=\"wp-block-heading\"><strong>Rumbo al inexplorado occidente Astur<\/strong><\/h3>\n\n\n\n<figure class=\"wp-block-image size-large\"><img loading=\"lazy\" decoding=\"async\" width=\"1024\" height=\"706\" src=\"http:\/\/www.canariasviaja.com\/viajaresvivir\/wp-content\/uploads\/2021\/11\/puerto-de-vega-3.jpg\" alt=\"Puerto de Vega\" class=\"wp-image-7886\" srcset=\"https:\/\/www.canariasviaja.com\/viajaresvivir\/wp-content\/uploads\/2021\/11\/puerto-de-vega-3.jpg 1024w, https:\/\/www.canariasviaja.com\/viajaresvivir\/wp-content\/uploads\/2021\/11\/puerto-de-vega-3-300x207.jpg 300w, https:\/\/www.canariasviaja.com\/viajaresvivir\/wp-content\/uploads\/2021\/11\/puerto-de-vega-3-768x530.jpg 768w\" sizes=\"(max-width: 1024px) 100vw, 1024px\" \/><figcaption>Puerto de Vega. Foto: Turismo Asturias- Paco Curr\u00e1s S.L.<\/figcaption><\/figure>\n\n\n\n<p>Tomamos la  A-8 rumbo al oeste. No fue hasta 2014 que se complet\u00f3 la construcci\u00f3n de la <strong>Autov\u00eda del Cant\u00e1brico<\/strong> en el occidente asturiano. Hasta ese momento adentrarse en esta parte de Asturias era toda una aventura. Una tierra a la que solo llegaban algunos turistas que no se achantaban ante la idea de enfrentarse a interminables horas de carretera.&nbsp;La nueva autov\u00eda ha facilitado las comunicaciones y ya es mucho m\u00e1s f\u00e1cil y c\u00f3modo descubrir esta regi\u00f3n, por lo que solo nos queda disfrutar del viaje.<\/p>\n\n\n\n<div style=\"height:100px\" aria-hidden=\"true\" class=\"wp-block-spacer\"><\/div>\n\n\n\n<h3 class=\"wp-block-heading\"><strong>Un paseo por la costa oeste<\/strong><\/h3>\n\n\n\n<p>Nuestro recorrido comienza en Cudillero, un precioso pueblo de pescadores situado a poco m\u00e1s de  30 minutos de Gij\u00f3n. Pero antes de llegar, debemos de detenernos en <strong>El Pito<\/strong> para observar las <strong>casonas de indianos<\/strong> que flanquean la carretera. Estas casas nos cuentan la historia de los <strong>emigrante<\/strong>s que tuvieron que abandonar su tierra, a finales del siglo XIX y principios del siglo XX, rumbo a Am\u00e9rica. Aquellos que hicieron fortuna, construyeron ostentosas viviendas para mostrar su riqueza y en sus jardines plantaron una palmera, como gui\u00f1o a la tierra que les di\u00f3 la prosperidad.<\/p>\n\n\n\n<p>Despu\u00e9s de sacar unas fotos de sus bonitas fachadas, seguimos nuestro trayecto hacia el mar. A ras del Cant\u00e1brico se encuentra&nbsp; <strong>Cudillero<\/strong>, uno de los pueblos m\u00e1s bonitos de Asturias. Sus casas blancas con marcos de colores se trepan por la colina, rodeando la plaza de la Marina, que tiene forma de antiteatro. Para disfrutar de las mejores vistas del pueblo no nos podemos quedar ah\u00ed. Habr\u00e1 que perderse por las callejuelas y subir cuestas y escaleras para asomarse a sus miradores. \u00a1El esfuerzo vale la pena!<\/p>\n\n\n\n<figure class=\"wp-block-image size-large\"><img loading=\"lazy\" decoding=\"async\" width=\"2000\" height=\"1335\" src=\"http:\/\/www.canariasviaja.com\/viajaresvivir\/wp-content\/uploads\/2021\/11\/cudillero.jpg\" alt=\"Cudillero. Foto: Turismo de Asturias\" class=\"wp-image-7871\" srcset=\"https:\/\/www.canariasviaja.com\/viajaresvivir\/wp-content\/uploads\/2021\/11\/cudillero.jpg 2000w, https:\/\/www.canariasviaja.com\/viajaresvivir\/wp-content\/uploads\/2021\/11\/cudillero-300x200.jpg 300w, https:\/\/www.canariasviaja.com\/viajaresvivir\/wp-content\/uploads\/2021\/11\/cudillero-768x513.jpg 768w, https:\/\/www.canariasviaja.com\/viajaresvivir\/wp-content\/uploads\/2021\/11\/cudillero-1536x1025.jpg 1536w, https:\/\/www.canariasviaja.com\/viajaresvivir\/wp-content\/uploads\/2021\/11\/cudillero-1200x801.jpg 1200w, https:\/\/www.canariasviaja.com\/viajaresvivir\/wp-content\/uploads\/2021\/11\/cudillero-1618x1080.jpg 1618w\" sizes=\"(max-width: 2000px) 100vw, 2000px\" \/><figcaption>Cudillero. Foto: Turismo Asturias- Mampiris<\/figcaption><\/figure>\n\n\n\n<p>Desde Cudillero tendremos que ir a visitar una playa que nos dejar\u00e1 sin palabras, la <strong>Playa del Silencio<\/strong>. Una bella cala de rocas y aguas cristalinas perfecta para el buceo.<\/p>\n\n\n\n<figure class=\"wp-block-image size-large\"><img loading=\"lazy\" decoding=\"async\" width=\"1024\" height=\"683\" src=\"http:\/\/www.canariasviaja.com\/viajaresvivir\/wp-content\/uploads\/2021\/11\/playa-del-silencio.jpg\" alt=\"Playa del Silencio\" class=\"wp-image-7881\" srcset=\"https:\/\/www.canariasviaja.com\/viajaresvivir\/wp-content\/uploads\/2021\/11\/playa-del-silencio.jpg 1024w, https:\/\/www.canariasviaja.com\/viajaresvivir\/wp-content\/uploads\/2021\/11\/playa-del-silencio-300x200.jpg 300w, https:\/\/www.canariasviaja.com\/viajaresvivir\/wp-content\/uploads\/2021\/11\/playa-del-silencio-768x512.jpg 768w\" sizes=\"(max-width: 1024px) 100vw, 1024px\" \/><figcaption>Playa del Silencio. Foto: Turismo Asturias-No\u00e9 Baranda<\/figcaption><\/figure>\n\n\n\n<p>Seguimos ruta hacia otro de los pueblos de la costa, <strong>Cadavedo<\/strong>. No es un pueblo bonito, pero tiene algo \u00fanico. En este pueblo se mezclan los tejados rojos que vemos por la zona oriental de Asturias con los negros de pizarra que nos acompa\u00f1ar\u00e1n hasta Galicia.<\/p>\n\n\n\n<p>Continuamos conduciendo 15 minutos m\u00e1s hasta <strong>Luarca<\/strong>, la villa blanca de la costa verde. Esta villa marinera fue un importante puerto pesquero desde la Edad Media y conserva un interesante patrimonio hist\u00f3rico. En Luarca naci\u00f3 el Premio Nobel de Medicina, <strong>Severo Ochoa<\/strong>, y de \u00e9l conservan muchos recuerdos y su tumba.<\/p>\n\n\n\n<figure class=\"wp-block-image size-large\"><img loading=\"lazy\" decoding=\"async\" width=\"2000\" height=\"1099\" src=\"http:\/\/www.canariasviaja.com\/viajaresvivir\/wp-content\/uploads\/2021\/11\/luarca1.jpg\" alt=\"Luarca, foto Turismo de Asturias Mampiris\" class=\"wp-image-7877\" srcset=\"https:\/\/www.canariasviaja.com\/viajaresvivir\/wp-content\/uploads\/2021\/11\/luarca1.jpg 2000w, https:\/\/www.canariasviaja.com\/viajaresvivir\/wp-content\/uploads\/2021\/11\/luarca1-300x165.jpg 300w, https:\/\/www.canariasviaja.com\/viajaresvivir\/wp-content\/uploads\/2021\/11\/luarca1-768x422.jpg 768w, https:\/\/www.canariasviaja.com\/viajaresvivir\/wp-content\/uploads\/2021\/11\/luarca1-1536x844.jpg 1536w, https:\/\/www.canariasviaja.com\/viajaresvivir\/wp-content\/uploads\/2021\/11\/luarca1-1200x659.jpg 1200w, https:\/\/www.canariasviaja.com\/viajaresvivir\/wp-content\/uploads\/2021\/11\/luarca1-1920x1055.jpg 1920w\" sizes=\"(max-width: 2000px) 100vw, 2000px\" \/><figcaption>Panor\u00e1mica de Luarca. Foto: Turismo Asturias-  Mampiris<\/figcaption><\/figure>\n\n\n\n<figure class=\"wp-block-image size-large is-resized\"><img loading=\"lazy\" decoding=\"async\" src=\"http:\/\/www.canariasviaja.com\/viajaresvivir\/wp-content\/uploads\/2021\/11\/Luarca.jpg\" alt=\"Luarca\" class=\"wp-image-7874\" width=\"840\" height=\"559\" srcset=\"https:\/\/www.canariasviaja.com\/viajaresvivir\/wp-content\/uploads\/2021\/11\/Luarca.jpg 2000w, https:\/\/www.canariasviaja.com\/viajaresvivir\/wp-content\/uploads\/2021\/11\/Luarca-300x200.jpg 300w, https:\/\/www.canariasviaja.com\/viajaresvivir\/wp-content\/uploads\/2021\/11\/Luarca-768x512.jpg 768w, https:\/\/www.canariasviaja.com\/viajaresvivir\/wp-content\/uploads\/2021\/11\/Luarca-1536x1024.jpg 1536w, https:\/\/www.canariasviaja.com\/viajaresvivir\/wp-content\/uploads\/2021\/11\/Luarca-1200x800.jpg 1200w, https:\/\/www.canariasviaja.com\/viajaresvivir\/wp-content\/uploads\/2021\/11\/Luarca-1620x1080.jpg 1620w\" sizes=\"(max-width: 840px) 100vw, 840px\" \/><figcaption>Luarca. Foto: Turismo Asturias- Gonzalo Azumendi<\/figcaption><\/figure>\n\n\n\n<p>Luarca est\u00e1 flanqueada por dos miradores y cuenta con el cementerio m\u00e1s bonito de Asturias, situado junto al faro. Adem\u00e1s de por las preciosas vistas, vale la pena visitarlo para observar algunos panteones de estilo modernista y cubista, muestra del arte funerario desarrollado en Asturias a principios del siglo XX.<\/p>\n\n\n\n<figure class=\"wp-block-image size-large\"><img loading=\"lazy\" decoding=\"async\" width=\"1024\" height=\"683\" src=\"http:\/\/www.canariasviaja.com\/viajaresvivir\/wp-content\/uploads\/2021\/11\/faro-luarca.jpg\" alt=\"Faro de luarca\" class=\"wp-image-7876\" srcset=\"https:\/\/www.canariasviaja.com\/viajaresvivir\/wp-content\/uploads\/2021\/11\/faro-luarca.jpg 1024w, https:\/\/www.canariasviaja.com\/viajaresvivir\/wp-content\/uploads\/2021\/11\/faro-luarca-300x200.jpg 300w, https:\/\/www.canariasviaja.com\/viajaresvivir\/wp-content\/uploads\/2021\/11\/faro-luarca-768x512.jpg 768w\" sizes=\"(max-width: 1024px) 100vw, 1024px\" \/><figcaption>Faro de Luarca y cementerio. Foto: Turismo Asturias- Juan de Tury<\/figcaption><\/figure>\n\n\n\n<p>De camino a nuestro pr\u00f3ximo destino vale la pena hacer una parada en una playa salvaje y preciosa, la <strong>playa de Barayo<\/strong>. Sus arenales son unos de los m\u00e1s bonitos de Asturias y cuenta con varias especies animales y vegetales protegidas, por lo que es Reserva Natural.<\/p>\n\n\n\n<figure class=\"wp-block-image size-large\"><img loading=\"lazy\" decoding=\"async\" width=\"1024\" height=\"683\" src=\"http:\/\/www.canariasviaja.com\/viajaresvivir\/wp-content\/uploads\/2021\/11\/playa-de-barayo-2.jpg\" alt=\"Playa de Barayo occidente astur\" class=\"wp-image-7880\" srcset=\"https:\/\/www.canariasviaja.com\/viajaresvivir\/wp-content\/uploads\/2021\/11\/playa-de-barayo-2.jpg 1024w, https:\/\/www.canariasviaja.com\/viajaresvivir\/wp-content\/uploads\/2021\/11\/playa-de-barayo-2-300x200.jpg 300w, https:\/\/www.canariasviaja.com\/viajaresvivir\/wp-content\/uploads\/2021\/11\/playa-de-barayo-2-768x512.jpg 768w\" sizes=\"(max-width: 1024px) 100vw, 1024px\" \/><figcaption>Playa de Barayo. Foto: Turismo Asturias- Mampiris<\/figcaption><\/figure>\n\n\n\n<p>Desde esta playa parte la <strong>senda costera de Navia<\/strong>, que nos llevar\u00e1 hasta la playa de Navia. Es una senda preciosa, muy bien conservada y perfecta para ir con ni\u00f1os que caminen. Iremos pasando por calas espectaculares, disfrutando de las vistas y de los acantilados. Calcula unas tres \u00f3 cuatro horas, para llegar a Navia a la hora de comer. En <strong>la playa de Navia<\/strong> hay un parque infantil con tirolina, que har\u00e1 las delicias de los m\u00e1s peque\u00f1os. Desde all\u00ed parte otro paseo que nos lleva por <strong>la r\u00eda hasta Navia<\/strong> y que es muy recomendable.<\/p>\n\n\n\n<figure class=\"wp-block-image size-large\"><img loading=\"lazy\" decoding=\"async\" width=\"1024\" height=\"366\" src=\"http:\/\/www.canariasviaja.com\/viajaresvivir\/wp-content\/uploads\/2021\/11\/senda-costera-navia.jpg\" alt=\"Senda costera de Navia Occidente astur\" class=\"wp-image-7887\" srcset=\"https:\/\/www.canariasviaja.com\/viajaresvivir\/wp-content\/uploads\/2021\/11\/senda-costera-navia.jpg 1024w, https:\/\/www.canariasviaja.com\/viajaresvivir\/wp-content\/uploads\/2021\/11\/senda-costera-navia-300x107.jpg 300w, https:\/\/www.canariasviaja.com\/viajaresvivir\/wp-content\/uploads\/2021\/11\/senda-costera-navia-768x275.jpg 768w\" sizes=\"(max-width: 1024px) 100vw, 1024px\" \/><figcaption>Senda costera de Navia. Foto: Turismo Asturias<\/figcaption><\/figure>\n\n\n\n<p>En <strong>Navia<\/strong> tenemos que elegir pescado y marisco, la especialidda local, en las cartas de los restaurantes. Y de postre, pasar por la <strong>pasteler\u00eda Santa Mar\u00eda<\/strong> y probar sus espectaculares pastelitos, con los que se presentan cada a\u00f1o al concurso local de pintxos.<\/p>\n\n\n\n<div style=\"height:100px\" aria-hidden=\"true\" class=\"wp-block-spacer\"><\/div>\n\n\n\n<h3 class=\"wp-block-heading\"><strong>Puerto de Vega, cuna y sepulcro de hombres\u2026 y mujeres ilustres<\/strong><\/h3>\n\n\n\n<figure class=\"wp-block-image size-large\"><img loading=\"lazy\" decoding=\"async\" width=\"1024\" height=\"683\" src=\"http:\/\/www.canariasviaja.com\/viajaresvivir\/wp-content\/uploads\/2021\/11\/puerto-de-vega.jpg\" alt=\"Puerto de Vega\" class=\"wp-image-7884\" srcset=\"https:\/\/www.canariasviaja.com\/viajaresvivir\/wp-content\/uploads\/2021\/11\/puerto-de-vega.jpg 1024w, https:\/\/www.canariasviaja.com\/viajaresvivir\/wp-content\/uploads\/2021\/11\/puerto-de-vega-300x200.jpg 300w, https:\/\/www.canariasviaja.com\/viajaresvivir\/wp-content\/uploads\/2021\/11\/puerto-de-vega-768x512.jpg 768w\" sizes=\"(max-width: 1024px) 100vw, 1024px\" \/><figcaption>Puerto de Vega. Foto: Turismo Asturias<\/figcaption><\/figure>\n\n\n\n<p>Dicen que Puerto de Vega es<strong> <\/strong>\u201ccuna y sepulcro de hombre ilustres\u201d, as\u00ed que yo a\u00f1ado \u201cde mujeres\u201d porque los or\u00edgenes de Mar est\u00e1n aqu\u00ed. Frente a sus costas rescataron a <strong>Gaspar Melchor de Jovellanos<\/strong> cuando cay\u00f3 al mar desde un barco debido a una fuerte marejada. Lo acogieron en una de las casonas m\u00e1s ricas del pueblo, la <strong>de Trelles<\/strong>, y all\u00ed falleci\u00f3, traslad\u00e1ndolo posteriormente a <a href=\"https:\/\/www.canariasviaja.com\/viajaresvivir\/gijon-un-paseo-al-compas-del-cantabrico\/\">Gij\u00f3n<\/a>, donde fue enterrado.\u00a0<\/p>\n\n\n\n<p>Mar cree que alguien deber\u00eda de analizar la tierra de este pueblo porque hay un germen art\u00edstico tremendo y sus habitantes tienen talento natural para la m\u00fasica, el deporte\u2026 Pese a ser m\u00e1s ca\u00f3ticos que sus vecinos de <strong>Navia<\/strong>, que se esmeran mucho en todo lo que hacen, los de Puente de Vega no tienen que esforzarse para hacer bien las cosas, les salen de natural. Por eso la gente viene desde Madrid para tatuarse, o las bandas de heavy metal y deaf metal prosperan y triunfan en Europa.&nbsp;<\/p>\n\n\n\n<p>\u00bfQu\u00e9 va a decir Mar del pueblo de sus padres? Pues que es un pueblo muy bonito que vale la pena visitar. De tradici\u00f3n marinera, antiguamente se dedicaban a la caza de ballenas y sal\u00eda todo el pueblo en peque\u00f1as barcas de madera a rodearlas. Ya es tan solo un recuerdo del pasado que se conserva en el <strong><a href=\"https:\/\/www.naviaturismo.com\/museoetnografico\" target=\"_blank\" rel=\"noreferrer noopener\">Museo etnogr\u00e1fico &#8216;Juan P\u00e9rez Villamil&#8217;,<\/a> <\/strong>junto a otros tantos que nos ayudar\u00e1n a conocer mejor la forma de vida de sus habitantes.<\/p>\n\n\n\n<p>Despu\u00e9s de tanto paseo \u00bfnos les va entrando hambre? Vamos a aprovechar las recomendaciones que nos ha hecho para disfrutar del pescado y marisco c\u00e1ntabros. En <strong><a href=\"https:\/\/www.tripadvisor.es\/Restaurant_Review-g2446530-d4079919-Reviews-Restaurante_Sidreria_Jorge-Puerto_de_Vega_Navia_Asturias.html\" target=\"_blank\" rel=\"noreferrer noopener\">El Jorge<\/a><\/strong>, uno de los restaurantes m\u00e1s pintorescos, podemos disfrutar de una parrillada de pescados y mariscos excepcional. Si queremos ir de tapas, <a href=\"https:\/\/www.tripadvisor.es\/LocationPhotoDirectLink-g2446530-i496252617-Puerto_de_Vega_Navia_Asturias.html\"><strong>el Chicote<\/strong> <\/a>es una instituci\u00f3n. Est\u00e1 metido en el puerto y conserva las almenas originales del viejo puerto, que frenaron los embates de la pirater\u00eda.<\/p>\n\n\n\n<figure class=\"wp-block-image size-large\"><img loading=\"lazy\" decoding=\"async\" width=\"1024\" height=\"738\" src=\"http:\/\/www.canariasviaja.com\/viajaresvivir\/wp-content\/uploads\/2021\/11\/puerto-de-vega-2.jpg\" alt=\"PUery de Vega occidente astur\" class=\"wp-image-7883\" srcset=\"https:\/\/www.canariasviaja.com\/viajaresvivir\/wp-content\/uploads\/2021\/11\/puerto-de-vega-2.jpg 1024w, https:\/\/www.canariasviaja.com\/viajaresvivir\/wp-content\/uploads\/2021\/11\/puerto-de-vega-2-300x216.jpg 300w, https:\/\/www.canariasviaja.com\/viajaresvivir\/wp-content\/uploads\/2021\/11\/puerto-de-vega-2-768x554.jpg 768w\" sizes=\"(max-width: 1024px) 100vw, 1024px\" \/><figcaption>Purto de Vega. Foto: Turismo Asturias- Juan de Tury<\/figcaption><\/figure>\n\n\n\n<p>Para bajar la comida podemos apuntarnos a una <strong><a href=\"https:\/\/www.naviaturismo.com\/key\/navia-turismo\/visitas-guiadas-a-la-lonja--subasta-de-pescado-y-el-aula-didactica.-puerto-de-vega_1694_0_0_0_1_946_in.html\" target=\"_blank\" rel=\"noreferrer noopener\">visita tur\u00edstica gratuita<\/a><\/strong> que nos mostrar\u00e1 el pueblo y la rula, la lonja local. El puerto es muy importante y destaca por sus pulpos, percebes y oricios, que se subastan en <strong>la rula<\/strong>.&nbsp;<\/p>\n\n\n\n<p>Podemos acercarnos a visitar la <strong>Iglesia Parroquial de Santa Marina<\/strong>, que guarda el \u00f3rgano m\u00e1s antiguo del norte de la pen\u00ednsula y retablos barrocos y rococ\u00f3s. O subir hasta la <strong>Ermita de la Atalaya<\/strong>. Cuenta la leyenda que unos marineros se estrellaron contra las rocas de la costa y llegaron a tierra abrazados a una imagen de una Virgen. En agradecimiento por haber salvado la vida, decidieron construir una capilla en lo alto del acantilado. Hasta all\u00ed trasladaron los materiales para construirla, pero cada noche estos amanec\u00edan en lo alto de una loma. As\u00ed, d\u00eda tras d\u00eda. Finalmente decidieron construirla en la parte alta de la colina.<\/p>\n\n\n\n<p>La playa que los de Puerto de Vega llaman \u201cnuestra playa\u201d es la <strong>playa de Frejulje<\/strong>, a la que denominan cari\u00f1osamente Fre. Una playa de arena negra, no como las canarias de origen volc\u00e1nico, sino de pizarra, en la que ondea una bandera azul.<\/p>\n\n\n\n<div style=\"height:100px\" aria-hidden=\"true\" class=\"wp-block-spacer\"><\/div>\n\n\n\n<h3 class=\"wp-block-heading\"><strong>Viaje al mundo vaqueiro<\/strong><\/h3>\n\n\n\n<p>Cambiamos de aires y de paisaje abandonando la tierra de los pichotes (la gente del mar) para dirigimos al interior, a tierra de vaqueiros. En el min\u00fasculo pueblo de <strong>Bel\u00e9n de la Monta\u00f1a<\/strong> tenemos que parar para sacar unas fotos y recrearnos con unas vistas impresionantes de la costa de Navia y Luarca. Y es que esta es una de las cosas que hace \u00fanica a Asturias, la proximidad del mar y las monta\u00f1as y la posibilidad de disfrutar de estas perspectivas que nos dejan mudos.<\/p>\n\n\n\n<p>Si seguimos por esta carretera llegaremos a Tineo, en el centro oriente astur, pero antes tenemos otra cita con la buena mesa. Pararemos en <strong>Paredes<\/strong>, un pueblo muy peque\u00f1ito, para comer en <strong><a href=\"https:\/\/www.tripadvisor.es\/Restaurant_Review-g5556323-d5494779-Reviews-Casa_del_Obispo-Paredes_Valdes_Municipality_Asturias.html\" target=\"_blank\" rel=\"noreferrer noopener\">Casa El Obispo<\/a><\/strong>, donde nos van a servir lo que \u201cpinte\u201d, es decir lo que toque ese d\u00eda: garbanzos, fabada o potaje asturiano de primero y de segundo <strong>chosco de Tineo<\/strong>, un embutido de cerdo ahumado con indicaci\u00f3n geogr\u00e1fica protegida. Pero espera, como dice el marido de Mar, \u201chay que ganarse la comida\u201d, as\u00ed que deber\u00edamos recorrer la <strong>senda circular,<\/strong> que sale desde Paredes y que nos llevar\u00e1 cerca del r\u00edo, para abrir boca.<br>Despu\u00e9s de reposar el almuerzo seguimos nuestra ruta hacia <strong>Alto Arist\u00e9bano,<\/strong> en donde se celebra un evento muy especial, <strong><a href=\"https:\/\/www.tineo.es\/la-boda-vaqueira\" target=\"_blank\" rel=\"noreferrer noopener\">la boda vaqueira<\/a><\/strong>. El \u00faltimo fin de semana de julio una pareja se casa en esta ceremonia tradicional reservada para aquellos que tengan apellido vaqueiro, de las monta\u00f1as. Los novios suben montados en mula, vestidos con los trajes tradicionales y rodeados de gente ataviada, entre c\u00e1nticos, vacas con carros que llevan el ajuar y olor a multitudes.&nbsp;Una ceremonia con gran valor antropol\u00f3gico que es fiesta de inter\u00e9s tur\u00edstico nacional.<\/p>\n\n\n\n<figure class=\"wp-block-image size-large\"><img loading=\"lazy\" decoding=\"async\" width=\"1024\" height=\"683\" src=\"http:\/\/www.canariasviaja.com\/viajaresvivir\/wp-content\/uploads\/2021\/11\/boda-vaqueira-1.jpg\" alt=\"Boda vaqueira\" class=\"wp-image-7872\" srcset=\"https:\/\/www.canariasviaja.com\/viajaresvivir\/wp-content\/uploads\/2021\/11\/boda-vaqueira-1.jpg 1024w, https:\/\/www.canariasviaja.com\/viajaresvivir\/wp-content\/uploads\/2021\/11\/boda-vaqueira-1-300x200.jpg 300w, https:\/\/www.canariasviaja.com\/viajaresvivir\/wp-content\/uploads\/2021\/11\/boda-vaqueira-1-768x512.jpg 768w\" sizes=\"(max-width: 1024px) 100vw, 1024px\" \/><figcaption>Boda vaqueira. Foto: Turismo Asturias- Camilo Alonso<\/figcaption><\/figure>\n\n\n\n<p>Seguimos la ruta hacia <strong>Navelgas<\/strong>. Un pueblo muy desconocido pero muy importante, ya que es la <strong>cuna mundial del bateo de oro.<\/strong> En su r\u00edo, si tienes ma\u00f1a, puedes encontrarte con pepitas de este preciado metal. Cada agosto se celebra un <strong><a href=\"https:\/\/navelgasoro.com\/campeonato\/\" target=\"_blank\" rel=\"noreferrer noopener\">campeonato de bateo<\/a><\/strong> al que acuden gentes de todo el mundo. Pero hay otra fecha que hay que apuntar en nuestro calendario: el segundo s\u00e1bado de noviembre tiene lugar <strong><a href=\"https:\/\/www.turismoasturias.es\/descubre\/fiestas-de-interes-turistico\/noche-magica-y-festival-del-esfoyon-y-amaguestu\" target=\"_blank\" rel=\"noreferrer noopener\">La Noche M\u00e1gica<\/a><\/strong>. El pueblo de Navelgas viaja en el tiempo para recrear los usos y costumbres de la \u00e9poca. Las calles se llenan de viejecitas que hilan, se\u00f1oras que asan casta\u00f1as, hombres que hacen sidra dulce, mujeres que preparan friguelos\u2026 y podemos visitar una escuela de la \u00e9poca. Una experiencia llena de magia en la que podremos saborear el pasado.&nbsp;<\/p>\n\n\n\n<figure class=\"wp-block-gallery columns-2 is-cropped wp-block-gallery-1 is-layout-flex wp-block-gallery-is-layout-flex\"><ul class=\"blocks-gallery-grid\"><li class=\"blocks-gallery-item\"><figure><img loading=\"lazy\" decoding=\"async\" width=\"1024\" height=\"683\" src=\"https:\/\/www.canariasviaja.com\/viajaresvivir\/wp-content\/uploads\/2021\/11\/noche-magica-y-festival-esfoyon-y-amaguestu-1.jpg\" alt=\"\" data-id=\"7878\" data-full-url=\"https:\/\/www.canariasviaja.com\/viajaresvivir\/wp-content\/uploads\/2021\/11\/noche-magica-y-festival-esfoyon-y-amaguestu-1.jpg\" data-link=\"https:\/\/www.canariasviaja.com\/viajaresvivir\/?attachment_id=7878#main\" class=\"wp-image-7878\" srcset=\"https:\/\/www.canariasviaja.com\/viajaresvivir\/wp-content\/uploads\/2021\/11\/noche-magica-y-festival-esfoyon-y-amaguestu-1.jpg 1024w, https:\/\/www.canariasviaja.com\/viajaresvivir\/wp-content\/uploads\/2021\/11\/noche-magica-y-festival-esfoyon-y-amaguestu-1-300x200.jpg 300w, https:\/\/www.canariasviaja.com\/viajaresvivir\/wp-content\/uploads\/2021\/11\/noche-magica-y-festival-esfoyon-y-amaguestu-1-768x512.jpg 768w\" sizes=\"(max-width: 1024px) 100vw, 1024px\" \/><\/figure><\/li><li class=\"blocks-gallery-item\"><figure><img loading=\"lazy\" decoding=\"async\" width=\"1024\" height=\"683\" src=\"https:\/\/www.canariasviaja.com\/viajaresvivir\/wp-content\/uploads\/2021\/11\/noche-magica-y-festival-esfoyon-y-amaguestu-2.jpg\" alt=\"\" data-id=\"7879\" data-full-url=\"https:\/\/www.canariasviaja.com\/viajaresvivir\/wp-content\/uploads\/2021\/11\/noche-magica-y-festival-esfoyon-y-amaguestu-2.jpg\" data-link=\"https:\/\/www.canariasviaja.com\/viajaresvivir\/?attachment_id=7879#main\" class=\"wp-image-7879\" srcset=\"https:\/\/www.canariasviaja.com\/viajaresvivir\/wp-content\/uploads\/2021\/11\/noche-magica-y-festival-esfoyon-y-amaguestu-2.jpg 1024w, https:\/\/www.canariasviaja.com\/viajaresvivir\/wp-content\/uploads\/2021\/11\/noche-magica-y-festival-esfoyon-y-amaguestu-2-300x200.jpg 300w, https:\/\/www.canariasviaja.com\/viajaresvivir\/wp-content\/uploads\/2021\/11\/noche-magica-y-festival-esfoyon-y-amaguestu-2-768x512.jpg 768w\" sizes=\"(max-width: 1024px) 100vw, 1024px\" \/><\/figure><\/li><\/ul><figcaption class=\"blocks-gallery-caption\">Noche m\u00e1gica en Navelgas. Fotos: Turismo Asturias- Camilo Alonso<\/figcaption><\/figure>\n\n\n\n<figure class=\"wp-block-image size-large\"><img loading=\"lazy\" decoding=\"async\" width=\"2000\" height=\"1500\" src=\"http:\/\/www.canariasviaja.com\/viajaresvivir\/wp-content\/uploads\/2021\/11\/navelgas.jpeg\" alt=\"Escuela de Navelgas Noche M\u00e1gica\" class=\"wp-image-7860\" srcset=\"https:\/\/www.canariasviaja.com\/viajaresvivir\/wp-content\/uploads\/2021\/11\/navelgas.jpeg 2000w, https:\/\/www.canariasviaja.com\/viajaresvivir\/wp-content\/uploads\/2021\/11\/navelgas-300x225.jpeg 300w, https:\/\/www.canariasviaja.com\/viajaresvivir\/wp-content\/uploads\/2021\/11\/navelgas-768x576.jpeg 768w, https:\/\/www.canariasviaja.com\/viajaresvivir\/wp-content\/uploads\/2021\/11\/navelgas-1536x1152.jpeg 1536w, https:\/\/www.canariasviaja.com\/viajaresvivir\/wp-content\/uploads\/2021\/11\/navelgas-1200x900.jpeg 1200w, https:\/\/www.canariasviaja.com\/viajaresvivir\/wp-content\/uploads\/2021\/11\/navelgas-800x600.jpeg 800w, https:\/\/www.canariasviaja.com\/viajaresvivir\/wp-content\/uploads\/2021\/11\/navelgas-1440x1080.jpeg 1440w\" sizes=\"(max-width: 2000px) 100vw, 2000px\" \/><figcaption>Antigua escuela de Navelgas en la Noche M\u00e1gica. Foto: Mar Vidal<\/figcaption><\/figure>\n\n\n\n<div style=\"height:100px\" aria-hidden=\"true\" class=\"wp-block-spacer\"><\/div>\n\n\n\n<h3 class=\"wp-block-heading\"><strong>Taramundi, tierra de molinos y cuchillos<\/strong><\/h3>\n\n\n\n<p>No podemos dejar el Occidente asturiano sin llegar hasta <strong>Taramundi<\/strong>, cerca de la frontera con Galicia.&nbsp;<\/p>\n\n\n\n<p>El largo viaje en coche nos recompensar\u00e1, porque el camino te sorprender\u00e1 con preciosos pueblos de monta\u00f1a, como <strong>Boal<\/strong>, el pueblo de la miel. Durante el Puente de todos los Santos, se celebra all\u00ed la <a href=\"https:\/\/www.boal.es\/feria-de-la-miel-de-boal\"><strong>Feria de la Miel<\/strong>,<\/a> en donde podr\u00e1s catar las mejores mieles artesanas y descubrir productos hechos a mano fabricados con <a href=\"https:\/\/www.artesaniadeasturias.es\/Anno-Albert--artesano-Quiastolita-\" target=\"_blank\" rel=\"noreferrer noopener\">quiastolita<\/a>, una piedra que solo se encuentra en esta zona, a la que se le atribuyen propiedades protectoras,  y con la que se fabrican bonitos collares y pulseras.<\/p>\n\n\n\n<figure class=\"wp-block-image size-large\"><img loading=\"lazy\" decoding=\"async\" width=\"1024\" height=\"690\" src=\"http:\/\/www.canariasviaja.com\/viajaresvivir\/wp-content\/uploads\/2021\/11\/taramundi.jpg\" alt=\"Occidente asturias\" class=\"wp-image-7888\" srcset=\"https:\/\/www.canariasviaja.com\/viajaresvivir\/wp-content\/uploads\/2021\/11\/taramundi.jpg 1024w, https:\/\/www.canariasviaja.com\/viajaresvivir\/wp-content\/uploads\/2021\/11\/taramundi-300x202.jpg 300w, https:\/\/www.canariasviaja.com\/viajaresvivir\/wp-content\/uploads\/2021\/11\/taramundi-768x518.jpg 768w\" sizes=\"(max-width: 1024px) 100vw, 1024px\" \/><figcaption>Taramundi. Foto: Turismo Asturias- Pablo L\u00f3pez<\/figcaption><\/figure>\n\n\n\n<p>&nbsp;Pero sigamos hasta Taramundi, que hay mucho que ver. Las <strong>navajas de Taramundi <\/strong>son garant\u00eda de calidad as\u00ed que, si viajas con maleta facturada, ll\u00e9vate unas cuantas de regalo. Pero este precioso pueblo de monta\u00f1a tiene mucho m\u00e1s: un <strong><a href=\"https:\/\/www.mazonovo.es\/\" target=\"_blank\" rel=\"noreferrer noopener\">museo del molino<\/a><\/strong> con 19 molinos, un <strong>castro<\/strong> que nos traslada a la Edad de Bronce, un <strong><a href=\"https:\/\/www.taramundi.es\/museo-de-la-cuchilleria\" target=\"_blank\" rel=\"noreferrer noopener\">museo de la cuchiller\u00eda tradicional<\/a><\/strong>, y aldeas detenidas en el tiempo en donde se respira paz y tranquilidad.<\/p>\n\n\n\n<figure class=\"wp-block-gallery columns-2 is-cropped wp-block-gallery-2 is-layout-flex wp-block-gallery-is-layout-flex\"><ul class=\"blocks-gallery-grid\"><li class=\"blocks-gallery-item\"><figure><img loading=\"lazy\" decoding=\"async\" width=\"1024\" height=\"768\" src=\"http:\/\/www.canariasviaja.com\/viajaresvivir\/wp-content\/uploads\/2021\/11\/museo-cuchilleria.jpg\" alt=\"\" data-id=\"7889\" data-full-url=\"http:\/\/www.canariasviaja.com\/viajaresvivir\/wp-content\/uploads\/2021\/11\/museo-cuchilleria.jpg\" data-link=\"https:\/\/www.canariasviaja.com\/viajaresvivir\/?attachment_id=7889#main\" class=\"wp-image-7889\" srcset=\"https:\/\/www.canariasviaja.com\/viajaresvivir\/wp-content\/uploads\/2021\/11\/museo-cuchilleria.jpg 1024w, https:\/\/www.canariasviaja.com\/viajaresvivir\/wp-content\/uploads\/2021\/11\/museo-cuchilleria-300x225.jpg 300w, https:\/\/www.canariasviaja.com\/viajaresvivir\/wp-content\/uploads\/2021\/11\/museo-cuchilleria-768x576.jpg 768w, https:\/\/www.canariasviaja.com\/viajaresvivir\/wp-content\/uploads\/2021\/11\/museo-cuchilleria-800x600.jpg 800w\" sizes=\"(max-width: 1024px) 100vw, 1024px\" \/><figcaption class=\"blocks-gallery-item__caption\">Museo de la cuchiller\u00eda<\/figcaption><\/figure><\/li><li class=\"blocks-gallery-item\"><figure><img loading=\"lazy\" decoding=\"async\" width=\"1024\" height=\"621\" src=\"http:\/\/www.canariasviaja.com\/viajaresvivir\/wp-content\/uploads\/2021\/11\/museo-molinos.jpg\" alt=\"\" data-id=\"7890\" data-full-url=\"http:\/\/www.canariasviaja.com\/viajaresvivir\/wp-content\/uploads\/2021\/11\/museo-molinos.jpg\" data-link=\"https:\/\/www.canariasviaja.com\/viajaresvivir\/?attachment_id=7890#main\" class=\"wp-image-7890\" srcset=\"https:\/\/www.canariasviaja.com\/viajaresvivir\/wp-content\/uploads\/2021\/11\/museo-molinos.jpg 1024w, https:\/\/www.canariasviaja.com\/viajaresvivir\/wp-content\/uploads\/2021\/11\/museo-molinos-300x182.jpg 300w, https:\/\/www.canariasviaja.com\/viajaresvivir\/wp-content\/uploads\/2021\/11\/museo-molinos-768x466.jpg 768w\" sizes=\"(max-width: 1024px) 100vw, 1024px\" \/><figcaption class=\"blocks-gallery-item__caption\">Museo de los molinos<\/figcaption><\/figure><\/li><\/ul><figcaption class=\"blocks-gallery-caption\">Fotos: Turismo Asturias- Juanjo Arrojo<\/figcaption><\/figure>\n\n\n\n<p>Ha valido la pena el viaje. La esencia de Asturias estaba aqu\u00ed, en el Occidente. \u00a1Gracias <strong>Mar Vida<\/strong>l por tus recomendaciones!<\/p>\n\n\n\n<div class=\"wp-block-buttons is-content-justification-center is-layout-flex wp-block-buttons-is-layout-flex\">\n<div class=\"wp-block-button\"><a class=\"wp-block-button__link\" href=\"https:\/\/bit.ly\/3kDsorV\">\u00a1Pon rumbo a Asturias!<\/a><\/div>\n<\/div>\n\n\n\n<p><\/p>\n\n\n\n<p><\/p>\n\n\n\n<p>Sigue descubriendo el Occidente Astur en el <strong>Blog de Mar Vidal:<\/strong><\/p>\n\n\n\n<ul class=\"wp-block-list\"><li><a href=\"https:\/\/marvidal.com\/10-restaurantes-asturianos-que-no-te-puedes-perder\/\" target=\"_blank\" rel=\"noreferrer noopener\">10 restaurantes asturianos que no te puedes perder<\/a><\/li><li><a href=\"https:\/\/marvidal.com\/donde-nacen-los-percebes-puerto-de-vega\/\" target=\"_blank\" rel=\"noreferrer noopener\">Donde naces los percebes: Puerto de Vega<\/a><\/li><li><a href=\"https:\/\/marvidal.com\/viaje-al-pasado-de-navia-a-grandas-de-salime\/\">Viaje al pasado: De Navia a Grandas de Salime<\/a><\/li><\/ul>\n","protected":false},"excerpt":{"rendered":"<p>Hoy recorremos el occidente de Asturias de la mano de Mar Vidal, interiorista, organizadora de vidas y hogares, mentora de so\u00f1adoras, bloguera de viajes y estilo de vida, y mujer multipotencial.&nbsp; La asturiana nos invita a descubrir la parte m\u00e1s desconocida de Asturias, el oeste. Un lugar que ella conoce muy bien, ya que de all\u00ed vienen los or\u00edgenes de &hellip;<\/p>\n","protected":false},"author":2,"featured_media":7877,"comment_status":"open","ping_status":"open","sticky":false,"template":"","format":"standard","meta":{"_acf_changed":false,"sfsi_plus_gutenberg_text_before_share":"","sfsi_plus_gutenberg_show_text_before_share":"","sfsi_plus_gutenberg_icon_type":"","sfsi_plus_gutenberg_icon_alignemt":"","sfsi_plus_gutenburg_max_per_row":"","footnotes":""},"categories":[626,125,124,123,10,100,11,126],"tags":[821,820,822,815,819,818,814,817],"class_list":["post-7858","post","type-post","status-publish","format-standard","has-post-thumbnail","hentry","category-asturias","category-aventurate","category-descubre","category-explora","category-historias-viajeras","category-peninsulaybaleares","category-postales","category-saborea","tag-cudillero","tag-indianos","tag-luarca","tag-mar-vida","tag-navelgas","tag-noche-magica","tag-occidente-astur","tag-taramundi"],"acf":[],"yoast_head":"<!-- This site is optimized with the Yoast SEO plugin v24.1 - https:\/\/yoast.com\/wordpress\/plugins\/seo\/ -->\n<title>El inexplorado Occidente Astur con Mar Vidal - Viajar es vivir<\/title>\n<meta name=\"description\" content=\"El occidente astur ha sido el gran desconocido de Asturias. La interiorista y bloguera Mar Vidal nos lleva de la mano para descubrirlo.\" \/>\n<meta name=\"robots\" content=\"index, follow, max-snippet:-1, max-image-preview:large, max-video-preview:-1\" \/>\n<link rel=\"canonical\" href=\"https:\/\/www.canariasviaja.com\/viajaresvivir\/el-inexplorado-occidente-astur-con-mar-vidal\/\" \/>\n<meta property=\"og:locale\" content=\"es_ES\" \/>\n<meta property=\"og:type\" content=\"article\" \/>\n<meta property=\"og:title\" content=\"El inexplorado Occidente Astur con Mar Vidal - Viajar es vivir\" \/>\n<meta property=\"og:description\" content=\"El occidente astur ha sido el gran desconocido de Asturias. La interiorista y bloguera Mar Vidal nos lleva de la mano para descubrirlo.\" \/>\n<meta property=\"og:url\" content=\"https:\/\/www.canariasviaja.com\/viajaresvivir\/el-inexplorado-occidente-astur-con-mar-vidal\/\" \/>\n<meta property=\"og:site_name\" content=\"Viajar es vivir\" \/>\n<meta property=\"article:published_time\" content=\"2021-11-15T12:40:44+00:00\" \/>\n<meta property=\"article:modified_time\" content=\"2021-11-17T10:53:19+00:00\" \/>\n<meta property=\"og:image\" content=\"https:\/\/www.canariasviaja.com\/viajaresvivir\/wp-content\/uploads\/2021\/11\/luarca1.jpg\" \/>\n\t<meta property=\"og:image:width\" content=\"2000\" \/>\n\t<meta property=\"og:image:height\" content=\"1099\" \/>\n\t<meta property=\"og:image:type\" content=\"image\/jpeg\" \/>\n<meta name=\"author\" content=\"Patri C\u00e1mpora\" \/>\n<meta name=\"twitter:card\" content=\"summary_large_image\" \/>\n<meta name=\"twitter:label1\" content=\"Escrito por\" \/>\n\t<meta name=\"twitter:data1\" content=\"Patri C\u00e1mpora\" \/>\n\t<meta name=\"twitter:label2\" content=\"Tiempo de lectura\" \/>\n\t<meta name=\"twitter:data2\" content=\"13 minutos\" \/>\n<script type=\"application\/ld+json\" class=\"yoast-schema-graph\">{\"@context\":\"https:\/\/schema.org\",\"@graph\":[{\"@type\":\"WebPage\",\"@id\":\"https:\/\/www.canariasviaja.com\/viajaresvivir\/el-inexplorado-occidente-astur-con-mar-vidal\/\",\"url\":\"https:\/\/www.canariasviaja.com\/viajaresvivir\/el-inexplorado-occidente-astur-con-mar-vidal\/\",\"name\":\"El inexplorado Occidente Astur con Mar Vidal - Viajar es vivir\",\"isPartOf\":{\"@id\":\"https:\/\/www.canariasviaja.com\/viajaresvivir\/#website\"},\"primaryImageOfPage\":{\"@id\":\"https:\/\/www.canariasviaja.com\/viajaresvivir\/el-inexplorado-occidente-astur-con-mar-vidal\/#primaryimage\"},\"image\":{\"@id\":\"https:\/\/www.canariasviaja.com\/viajaresvivir\/el-inexplorado-occidente-astur-con-mar-vidal\/#primaryimage\"},\"thumbnailUrl\":\"https:\/\/www.canariasviaja.com\/viajaresvivir\/wp-content\/uploads\/2021\/11\/luarca1.jpg\",\"datePublished\":\"2021-11-15T12:40:44+00:00\",\"dateModified\":\"2021-11-17T10:53:19+00:00\",\"author\":{\"@id\":\"https:\/\/www.canariasviaja.com\/viajaresvivir\/#\/schema\/person\/085949651001325f1244a8bc1b34709c\"},\"description\":\"El occidente astur ha sido el gran desconocido de Asturias. La interiorista y bloguera Mar Vidal nos lleva de la mano para descubrirlo.\",\"breadcrumb\":{\"@id\":\"https:\/\/www.canariasviaja.com\/viajaresvivir\/el-inexplorado-occidente-astur-con-mar-vidal\/#breadcrumb\"},\"inLanguage\":\"es\",\"potentialAction\":[{\"@type\":\"ReadAction\",\"target\":[\"https:\/\/www.canariasviaja.com\/viajaresvivir\/el-inexplorado-occidente-astur-con-mar-vidal\/\"]}]},{\"@type\":\"ImageObject\",\"inLanguage\":\"es\",\"@id\":\"https:\/\/www.canariasviaja.com\/viajaresvivir\/el-inexplorado-occidente-astur-con-mar-vidal\/#primaryimage\",\"url\":\"https:\/\/www.canariasviaja.com\/viajaresvivir\/wp-content\/uploads\/2021\/11\/luarca1.jpg\",\"contentUrl\":\"https:\/\/www.canariasviaja.com\/viajaresvivir\/wp-content\/uploads\/2021\/11\/luarca1.jpg\",\"width\":2000,\"height\":1099,\"caption\":\"Luarca, foto Turismo de Asturias Mampiris\"},{\"@type\":\"BreadcrumbList\",\"@id\":\"https:\/\/www.canariasviaja.com\/viajaresvivir\/el-inexplorado-occidente-astur-con-mar-vidal\/#breadcrumb\",\"itemListElement\":[{\"@type\":\"ListItem\",\"position\":1,\"name\":\"Portada\",\"item\":\"https:\/\/www.canariasviaja.com\/viajaresvivir\/\"},{\"@type\":\"ListItem\",\"position\":2,\"name\":\"El inexplorado Occidente Astur con Mar Vidal\"}]},{\"@type\":\"WebSite\",\"@id\":\"https:\/\/www.canariasviaja.com\/viajaresvivir\/#website\",\"url\":\"https:\/\/www.canariasviaja.com\/viajaresvivir\/\",\"name\":\"Viajar es vivir\",\"description\":\"El blog de viajes y estilo de vida de CanariasViaja\",\"potentialAction\":[{\"@type\":\"SearchAction\",\"target\":{\"@type\":\"EntryPoint\",\"urlTemplate\":\"https:\/\/www.canariasviaja.com\/viajaresvivir\/?s={search_term_string}\"},\"query-input\":{\"@type\":\"PropertyValueSpecification\",\"valueRequired\":true,\"valueName\":\"search_term_string\"}}],\"inLanguage\":\"es\"},{\"@type\":\"Person\",\"@id\":\"https:\/\/www.canariasviaja.com\/viajaresvivir\/#\/schema\/person\/085949651001325f1244a8bc1b34709c\",\"name\":\"Patri C\u00e1mpora\",\"image\":{\"@type\":\"ImageObject\",\"inLanguage\":\"es\",\"@id\":\"https:\/\/www.canariasviaja.com\/viajaresvivir\/#\/schema\/person\/image\/\",\"url\":\"https:\/\/secure.gravatar.com\/avatar\/b2ce2c4086a5776e5310f57c1a2e5b4e?s=96&d=mm&r=g\",\"contentUrl\":\"https:\/\/secure.gravatar.com\/avatar\/b2ce2c4086a5776e5310f57c1a2e5b4e?s=96&d=mm&r=g\",\"caption\":\"Patri C\u00e1mpora\"},\"url\":\"https:\/\/www.canariasviaja.com\/viajaresvivir\/author\/patri\/\"}]}<\/script>\n<!-- \/ Yoast SEO plugin. -->","yoast_head_json":{"title":"El inexplorado Occidente Astur con Mar Vidal - Viajar es vivir","description":"El occidente astur ha sido el gran desconocido de Asturias. La interiorista y bloguera Mar Vidal nos lleva de la mano para descubrirlo.","robots":{"index":"index","follow":"follow","max-snippet":"max-snippet:-1","max-image-preview":"max-image-preview:large","max-video-preview":"max-video-preview:-1"},"canonical":"https:\/\/www.canariasviaja.com\/viajaresvivir\/el-inexplorado-occidente-astur-con-mar-vidal\/","og_locale":"es_ES","og_type":"article","og_title":"El inexplorado Occidente Astur con Mar Vidal - Viajar es vivir","og_description":"El occidente astur ha sido el gran desconocido de Asturias. La interiorista y bloguera Mar Vidal nos lleva de la mano para descubrirlo.","og_url":"https:\/\/www.canariasviaja.com\/viajaresvivir\/el-inexplorado-occidente-astur-con-mar-vidal\/","og_site_name":"Viajar es vivir","article_published_time":"2021-11-15T12:40:44+00:00","article_modified_time":"2021-11-17T10:53:19+00:00","og_image":[{"width":2000,"height":1099,"url":"https:\/\/www.canariasviaja.com\/viajaresvivir\/wp-content\/uploads\/2021\/11\/luarca1.jpg","type":"image\/jpeg"}],"author":"Patri C\u00e1mpora","twitter_card":"summary_large_image","twitter_misc":{"Escrito por":"Patri C\u00e1mpora","Tiempo de lectura":"13 minutos"},"schema":{"@context":"https:\/\/schema.org","@graph":[{"@type":"WebPage","@id":"https:\/\/www.canariasviaja.com\/viajaresvivir\/el-inexplorado-occidente-astur-con-mar-vidal\/","url":"https:\/\/www.canariasviaja.com\/viajaresvivir\/el-inexplorado-occidente-astur-con-mar-vidal\/","name":"El inexplorado Occidente Astur con Mar Vidal - Viajar es vivir","isPartOf":{"@id":"https:\/\/www.canariasviaja.com\/viajaresvivir\/#website"},"primaryImageOfPage":{"@id":"https:\/\/www.canariasviaja.com\/viajaresvivir\/el-inexplorado-occidente-astur-con-mar-vidal\/#primaryimage"},"image":{"@id":"https:\/\/www.canariasviaja.com\/viajaresvivir\/el-inexplorado-occidente-astur-con-mar-vidal\/#primaryimage"},"thumbnailUrl":"https:\/\/www.canariasviaja.com\/viajaresvivir\/wp-content\/uploads\/2021\/11\/luarca1.jpg","datePublished":"2021-11-15T12:40:44+00:00","dateModified":"2021-11-17T10:53:19+00:00","author":{"@id":"https:\/\/www.canariasviaja.com\/viajaresvivir\/#\/schema\/person\/085949651001325f1244a8bc1b34709c"},"description":"El occidente astur ha sido el gran desconocido de Asturias. La interiorista y bloguera Mar Vidal nos lleva de la mano para descubrirlo.","breadcrumb":{"@id":"https:\/\/www.canariasviaja.com\/viajaresvivir\/el-inexplorado-occidente-astur-con-mar-vidal\/#breadcrumb"},"inLanguage":"es","potentialAction":[{"@type":"ReadAction","target":["https:\/\/www.canariasviaja.com\/viajaresvivir\/el-inexplorado-occidente-astur-con-mar-vidal\/"]}]},{"@type":"ImageObject","inLanguage":"es","@id":"https:\/\/www.canariasviaja.com\/viajaresvivir\/el-inexplorado-occidente-astur-con-mar-vidal\/#primaryimage","url":"https:\/\/www.canariasviaja.com\/viajaresvivir\/wp-content\/uploads\/2021\/11\/luarca1.jpg","contentUrl":"https:\/\/www.canariasviaja.com\/viajaresvivir\/wp-content\/uploads\/2021\/11\/luarca1.jpg","width":2000,"height":1099,"caption":"Luarca, foto Turismo de Asturias Mampiris"},{"@type":"BreadcrumbList","@id":"https:\/\/www.canariasviaja.com\/viajaresvivir\/el-inexplorado-occidente-astur-con-mar-vidal\/#breadcrumb","itemListElement":[{"@type":"ListItem","position":1,"name":"Portada","item":"https:\/\/www.canariasviaja.com\/viajaresvivir\/"},{"@type":"ListItem","position":2,"name":"El inexplorado Occidente Astur con Mar Vidal"}]},{"@type":"WebSite","@id":"https:\/\/www.canariasviaja.com\/viajaresvivir\/#website","url":"https:\/\/www.canariasviaja.com\/viajaresvivir\/","name":"Viajar es vivir","description":"El blog de viajes y estilo de vida de CanariasViaja","potentialAction":[{"@type":"SearchAction","target":{"@type":"EntryPoint","urlTemplate":"https:\/\/www.canariasviaja.com\/viajaresvivir\/?s={search_term_string}"},"query-input":{"@type":"PropertyValueSpecification","valueRequired":true,"valueName":"search_term_string"}}],"inLanguage":"es"},{"@type":"Person","@id":"https:\/\/www.canariasviaja.com\/viajaresvivir\/#\/schema\/person\/085949651001325f1244a8bc1b34709c","name":"Patri C\u00e1mpora","image":{"@type":"ImageObject","inLanguage":"es","@id":"https:\/\/www.canariasviaja.com\/viajaresvivir\/#\/schema\/person\/image\/","url":"https:\/\/secure.gravatar.com\/avatar\/b2ce2c4086a5776e5310f57c1a2e5b4e?s=96&d=mm&r=g","contentUrl":"https:\/\/secure.gravatar.com\/avatar\/b2ce2c4086a5776e5310f57c1a2e5b4e?s=96&d=mm&r=g","caption":"Patri C\u00e1mpora"},"url":"https:\/\/www.canariasviaja.com\/viajaresvivir\/author\/patri\/"}]}},"_links":{"self":[{"href":"https:\/\/www.canariasviaja.com\/viajaresvivir\/wp-json\/wp\/v2\/posts\/7858"}],"collection":[{"href":"https:\/\/www.canariasviaja.com\/viajaresvivir\/wp-json\/wp\/v2\/posts"}],"about":[{"href":"https:\/\/www.canariasviaja.com\/viajaresvivir\/wp-json\/wp\/v2\/types\/post"}],"author":[{"embeddable":true,"href":"https:\/\/www.canariasviaja.com\/viajaresvivir\/wp-json\/wp\/v2\/users\/2"}],"replies":[{"embeddable":true,"href":"https:\/\/www.canariasviaja.com\/viajaresvivir\/wp-json\/wp\/v2\/comments?post=7858"}],"version-history":[{"count":9,"href":"https:\/\/www.canariasviaja.com\/viajaresvivir\/wp-json\/wp\/v2\/posts\/7858\/revisions"}],"predecessor-version":[{"id":7905,"href":"https:\/\/www.canariasviaja.com\/viajaresvivir\/wp-json\/wp\/v2\/posts\/7858\/revisions\/7905"}],"wp:featuredmedia":[{"embeddable":true,"href":"https:\/\/www.canariasviaja.com\/viajaresvivir\/wp-json\/wp\/v2\/media\/7877"}],"wp:attachment":[{"href":"https:\/\/www.canariasviaja.com\/viajaresvivir\/wp-json\/wp\/v2\/media?parent=7858"}],"wp:term":[{"taxonomy":"category","embeddable":true,"href":"https:\/\/www.canariasviaja.com\/viajaresvivir\/wp-json\/wp\/v2\/categories?post=7858"},{"taxonomy":"post_tag","embeddable":true,"href":"https:\/\/www.canariasviaja.com\/viajaresvivir\/wp-json\/wp\/v2\/tags?post=7858"}],"curies":[{"name":"wp","href":"https:\/\/api.w.org\/{rel}","templated":true}]}}