{"id":7935,"date":"2021-11-25T17:37:38","date_gmt":"2021-11-25T17:37:38","guid":{"rendered":"https:\/\/www.canariasviaja.com\/viajaresvivir\/?p=7935"},"modified":"2024-06-10T14:20:46","modified_gmt":"2024-06-10T14:20:46","slug":"de-tapas-por-cadiz-a-poquito-a-poco","status":"publish","type":"post","link":"https:\/\/www.canariasviaja.com\/viajaresvivir\/de-tapas-por-cadiz-a-poquito-a-poco\/","title":{"rendered":"De tapas por C\u00e1diz, a \u00abpoquito\u00bb a poco"},"content":{"rendered":"\n<p>Te invitamos a pasear por las calles de C\u00e1diz descubriendo todo su sabor, a \u00abpoquito\u00bb a poco.<\/p>\n\n\n\n<p>A solo media hora del aeropuerto de Jerez nos espera <em>La Tacita de Plata<\/em>. Una ciudad que invita a caminarla, de barra en barra, de tapa en tapa. En C\u00e1diz se come a \u201cpoquito\u201d, un poquito de esto un poquito de aquello. \u00a1Vamos a devorarla!<\/p>\n\n\n\n<figure class=\"wp-block-image size-full\"><img loading=\"lazy\" decoding=\"async\" width=\"1024\" height=\"683\" src=\"http:\/\/www.canariasviaja.com\/viajaresvivir\/wp-content\/uploads\/2021\/11\/jorge-fernandez-salas-bVCo8RNvxKI-unsplash.jpg\" alt=\"Playa de la caleta\" class=\"wp-image-7942\" srcset=\"https:\/\/www.canariasviaja.com\/viajaresvivir\/wp-content\/uploads\/2021\/11\/jorge-fernandez-salas-bVCo8RNvxKI-unsplash.jpg 1024w, https:\/\/www.canariasviaja.com\/viajaresvivir\/wp-content\/uploads\/2021\/11\/jorge-fernandez-salas-bVCo8RNvxKI-unsplash-300x200.jpg 300w, https:\/\/www.canariasviaja.com\/viajaresvivir\/wp-content\/uploads\/2021\/11\/jorge-fernandez-salas-bVCo8RNvxKI-unsplash-768x512.jpg 768w\" sizes=\"(max-width: 1024px) 100vw, 1024px\" \/><figcaption class=\"wp-element-caption\">Playa de La Caleta. Foto: Jorge Fern\u00e1ndez Salas\/ Unsplash<\/figcaption><\/figure>\n\n\n\n<div style=\"height:100px\" aria-hidden=\"true\" class=\"wp-block-spacer\"><\/div>\n\n\n\n<h2 class=\"wp-block-heading\">De tapas por C\u00e1diz<\/h2>\n\n\n\n<p>Comenzamos nuestra ruta en la <strong>calle Plocia<\/strong>, frente al puerto de C\u00e1diz, uno de los <strong>centros del tapeo de la ciudad<\/strong>. Podemos ir haciendo paradas en el <strong><a href=\"https:\/\/www.tripadvisor.es\/Restaurant_Review-g187432-d3696268-Reviews-Garum-Cadiz_Costa_de_la_Luz_Andalucia.html\" target=\"_blank\" rel=\"noreferrer noopener\">Garum<\/a><\/strong>, donde nos sorprender\u00e1n con una mezcla de tapas cl\u00e1sicas y modernas. Seguimos y nos detenemos en la <strong><a href=\"https:\/\/www.tripadvisor.es\/Restaurant_Review-g187432-d8428231-Reviews-La_Bodeguita_de_Plocia-Cadiz_Costa_de_la_Luz_Andalucia.html\" target=\"_blank\" rel=\"noreferrer noopener\">Bodeguita de Plocia<\/a><\/strong>, donde disfrutaremos de tapas muy cuidadas.<\/p>\n\n\n\n<p><\/p>\n\n\n\n<h2 class=\"wp-block-heading\">Zona centro<\/h2>\n\n\n<div class=\"wp-block-image\">\n<figure class=\"aligncenter size-full is-resized\"><img decoding=\"async\" src=\"https:\/\/www.canariasviaja.com\/viajaresvivir\/wp-content\/uploads\/2021\/11\/jordi-vich-navarro-fMiMvU4ITPc-unsplash.jpg\" alt=\"\" class=\"wp-image-7938\" width=\"400\" srcset=\"https:\/\/www.canariasviaja.com\/viajaresvivir\/wp-content\/uploads\/2021\/11\/jordi-vich-navarro-fMiMvU4ITPc-unsplash.jpg 683w, https:\/\/www.canariasviaja.com\/viajaresvivir\/wp-content\/uploads\/2021\/11\/jordi-vich-navarro-fMiMvU4ITPc-unsplash-200x300.jpg 200w\" sizes=\"(max-width: 683px) 100vw, 683px\" \/><figcaption class=\"wp-element-caption\">Calle de C\u00e1diz. Foto: Jordi Vich Navarro\/Unsplash<\/figcaption><\/figure><\/div>\n\n\n<p>En la <strong>calle Zorilla<\/strong>, la cosa se va a animando. Un marisquito en la <strong><a href=\"https:\/\/www.tripadvisor.es\/Restaurant_Review-g187432-d2567210-Reviews-Aurelio-Cadiz_Costa_de_la_Luz_Andalucia.html\" target=\"_blank\" rel=\"noreferrer noopener\">Cervecer\u00eda Aurelio<\/a><\/strong>, un bocadillo de jam\u00f3n en el <strong><a href=\"https:\/\/www.tripadvisor.es\/Restaurant_Review-g187432-d1888117-Reviews-Meson_Cumbres_Mayores-Cadiz_Costa_de_la_Luz_Andalucia.html\" target=\"_blank\" rel=\"noreferrer noopener\">Cumbres Mayores<\/a> <\/strong>o unas tapas de guisoteo en la terraza de la <strong><a href=\"https:\/\/www.tripadvisor.es\/Restaurant_Review-g187432-d6638636-Reviews-La_taberna_del_anteojo-Cadiz_Costa_de_la_Luz_Andalucia.html\" target=\"_blank\" rel=\"noreferrer noopener\">Taberna del Anteojo<\/a><\/strong>. A poquito a poquito vamos abriendo el apetito.<\/p>\n\n\n\n<p>\u00bfTe huele a frito? Est\u00e1s cerca de un freidor donde preparan delicias locales que te entregan en un cartucho de papel. An\u00f3tate estos nombres:<strong> <a href=\"https:\/\/www.tripadvisor.es\/Restaurant_Review-g187432-d1716297-Reviews-Freiduria_Las_Flores-Cadiz_Costa_de_la_Luz_Andalucia.html\" target=\"_blank\" rel=\"noreferrer noopener\">Las Flores<\/a><\/strong> y <strong><a href=\"https:\/\/www.tripadvisor.es\/Restaurant_Review-g187432-d1005018-Reviews-Freiduria_Europa-Cadiz_Costa_de_la_Luz_Andalucia.html\" target=\"_blank\" rel=\"noreferrer noopener\">Cervecer\u00eda Europa<\/a><\/strong>. Elige entre adobo, gambas fritas, chocos y puntillitas. \u00a1Para chuparse los dedos!<\/p>\n\n\n<div class=\"wp-block-image\">\n<figure class=\"aligncenter size-full\"><img loading=\"lazy\" decoding=\"async\" width=\"1024\" height=\"709\" src=\"https:\/\/www.canariasviaja.com\/viajaresvivir\/wp-content\/uploads\/2021\/12\/Cadiz_0782-opt.jpg\" alt=\"\" class=\"wp-image-7961\" srcset=\"https:\/\/www.canariasviaja.com\/viajaresvivir\/wp-content\/uploads\/2021\/12\/Cadiz_0782-opt.jpg 1024w, https:\/\/www.canariasviaja.com\/viajaresvivir\/wp-content\/uploads\/2021\/12\/Cadiz_0782-opt-300x208.jpg 300w, https:\/\/www.canariasviaja.com\/viajaresvivir\/wp-content\/uploads\/2021\/12\/Cadiz_0782-opt-768x532.jpg 768w\" sizes=\"(max-width: 1024px) 100vw, 1024px\" \/><figcaption class=\"wp-element-caption\">Fritura variada. Foto: Cadiz Turismo<\/figcaption><\/figure><\/div>\n\n\n<p>\u00bfCambiamos de tercio? Nos atrevemos con algunas tapas innovadoras. Nuestra primera parada ser\u00e1 en <strong><a href=\"https:\/\/www.tripadvisor.es\/Restaurant_Review-g187432-d4071583-Reviews-Codigo_de_Barra-Cadiz_Costa_de_la_Luz_Andalucia.html\" target=\"_blank\" rel=\"noreferrer noopener\">C\u00f3digo de Barra<\/a>,<\/strong> en la plaza de la Candelaria, un lugar en el que nada es lo que parece y que nos arrancar\u00e1 una sonrisa. Seguimos recorrido en <strong><a href=\"https:\/\/www.tripadvisor.es\/Restaurant_Review-g187432-d4174049-Reviews-La_Candela-Cadiz_Costa_de_la_Luz_Andalucia.html\" target=\"_blank\" rel=\"noreferrer noopener\">La Candela<\/a><\/strong>, en la calle Feduchy, en donde nos sorprender\u00e1n con producto gaditano con influencias de otras culturas.<\/p>\n\n\n\n<p><\/p>\n\n\n\n<h2 class=\"wp-block-heading\">Barrio de la Vi\u00f1a<\/h2>\n\n\n\n<figure class=\"wp-block-gallery aligncenter has-nested-images columns-default is-cropped wp-block-gallery-1 is-layout-flex wp-block-gallery-is-layout-flex\">\n<figure class=\"wp-block-image size-large\"><img loading=\"lazy\" decoding=\"async\" width=\"450\" height=\"600\" data-id=\"7963\" src=\"https:\/\/www.canariasviaja.com\/viajaresvivir\/wp-content\/uploads\/2021\/12\/Taberna_Casa_Manteca_Ca\u0301diz_0001-opt.jpg\" alt=\"\" class=\"wp-image-7963\" srcset=\"https:\/\/www.canariasviaja.com\/viajaresvivir\/wp-content\/uploads\/2021\/12\/Taberna_Casa_Manteca_Ca\u0301diz_0001-opt.jpg 450w, https:\/\/www.canariasviaja.com\/viajaresvivir\/wp-content\/uploads\/2021\/12\/Taberna_Casa_Manteca_Ca\u0301diz_0001-opt-225x300.jpg 225w\" sizes=\"(max-width: 450px) 100vw, 450px\" \/><\/figure>\n\n\n\n<figure class=\"wp-block-image size-large\"><img loading=\"lazy\" decoding=\"async\" width=\"450\" height=\"600\" data-id=\"7964\" src=\"https:\/\/www.canariasviaja.com\/viajaresvivir\/wp-content\/uploads\/2021\/12\/Taberna_Casa_Manteca_Ca\u0301diz_0002-opt.jpg\" alt=\"\" class=\"wp-image-7964\" srcset=\"https:\/\/www.canariasviaja.com\/viajaresvivir\/wp-content\/uploads\/2021\/12\/Taberna_Casa_Manteca_Ca\u0301diz_0002-opt.jpg 450w, https:\/\/www.canariasviaja.com\/viajaresvivir\/wp-content\/uploads\/2021\/12\/Taberna_Casa_Manteca_Ca\u0301diz_0002-opt-225x300.jpg 225w\" sizes=\"(max-width: 450px) 100vw, 450px\" \/><\/figure>\n<figcaption class=\"blocks-gallery-caption wp-element-caption\">Taberna Casa Manteca. Foto: C\u00e1diz Turismo<\/figcaption><\/figure>\n\n\n\n<p>\u00bfQuieres algo con m\u00e1s solera? Pues vamos a la <a href=\"https:\/\/www.tripadvisor.es\/Restaurant_Review-g187432-d984261-Reviews-Casa_Manteca-Cadiz_Costa_de_la_Luz_Andalucia.html\" target=\"_blank\" rel=\"noreferrer noopener\"><strong>Taberna El Manteca<\/strong> <\/a>(calle Corral\u00f3n de los Carros), una antigua tienda de barrio reconvertida en taberna. Imprescindibles sus chicharrones. <\/p>\n\n\n\n<p>A estas alturas del tapeo a\u00fan no hemos probado dos de las tapas imprescindibles: la tortillita de camar\u00f3n y la morena en adobo. Tranquilo, todo tiene soluci\u00f3n. En el barrio de la Vi\u00f1a, en el <a href=\"https:\/\/www.tripadvisor.es\/Restaurant_Review-g187432-d816883-Reviews-Restaurante_El_Faro_de_Cadiz-Cadiz_Costa_de_la_Luz_Andalucia.html\" target=\"_blank\" rel=\"noreferrer noopener\"><strong>bar El Faro<\/strong><\/a>, probar\u00e1s unas tortillas de camar\u00f3n que quitan el sentido. Y en la <strong><a href=\"https:\/\/www.tripadvisor.es\/Restaurant_Review-g187432-d4584493-Reviews-Bodeguita_El_Adobo-Cadiz_Costa_de_la_Luz_Andalucia.html\" target=\"_blank\" rel=\"noreferrer noopener\">Bodeguita El Adobo<\/a><\/strong>, en la calle Rosario, nos ofrecer\u00e1n una deliciosa y crujiente morena frita.<\/p>\n\n\n\n<p><\/p>\n\n\n\n<h2 class=\"wp-block-heading\">Con vistas a  la Catedral<\/h2>\n\n\n<div class=\"wp-block-image\">\n<figure class=\"aligncenter size-full is-resized\"><img decoding=\"async\" src=\"https:\/\/www.canariasviaja.com\/viajaresvivir\/wp-content\/uploads\/2021\/11\/alberto-frias-Cadiz-tapas.jpg\" alt=\"Torre de la Catedral de C\u00e1diz\" class=\"wp-image-7936\" width=\"400\" srcset=\"https:\/\/www.canariasviaja.com\/viajaresvivir\/wp-content\/uploads\/2021\/11\/alberto-frias-Cadiz-tapas.jpg 683w, https:\/\/www.canariasviaja.com\/viajaresvivir\/wp-content\/uploads\/2021\/11\/alberto-frias-Cadiz-tapas-200x300.jpg 200w\" sizes=\"(max-width: 683px) 100vw, 683px\" \/><figcaption class=\"wp-element-caption\">Foto: Alberto Frias\/ Unsplash<\/figcaption><\/figure><\/div>\n\n\n<p>\u00bfC\u00f3mo vas? \u00bfTienes hueco para alg\u00fan \u201cpoquito\u201d m\u00e1s? Vamos a sentarnos en una terracita a disfrutar de las vistas.  En el <a href=\"https:\/\/www.tripadvisor.es\/Restaurant_Review-g187432-d2181808-Reviews-Terraza-Cadiz_Costa_de_la_Luz_Andalucia.html\" target=\"_blank\" rel=\"noreferrer noopener\"><strong>Bar Terraza<\/strong> <\/a>puedes disfrutar de una papas ali\u00f1adas, gallo rebozado o menudo, mientras contemplas las  hermosas torres de la Catedral. <\/p>\n\n\n\n<p><\/p>\n\n\n\n<h2 class=\"wp-block-heading\">Paseo cerca del mar<\/h2>\n\n\n\n<p>\u00bfTe apetece estirar las piernas cerca del mar? Vamos a pasear por el Paseo Mar\u00edtimo &nbsp;disfrutando de las vistas de la <strong>Playa de la Victoria<\/strong>. Primera parada, <strong><a href=\"https:\/\/www.tripadvisor.es\/Restaurant_Review-g187432-d1005027-Reviews-La_Marea-Cadiz_Costa_de_la_Luz_Andalucia.html\" target=\"_blank\" rel=\"noreferrer noopener\">La Marea<\/a><\/strong>. Abrimos boca con unos ostiones (ostras de C\u00e1diz). Seguimos hacia la calle Fern\u00e1ndez Ballesteros, donde nos esperan las originales tapas de <strong><a href=\"https:\/\/www.tripadvisor.es\/Restaurant_Review-g187432-d7003822-Reviews-Vinos_y_Tapas_Sur-Cadiz_Costa_de_la_Luz_Andalucia.html\" target=\"_blank\" rel=\"noreferrer noopener\">Vinos y Tapas Sur<\/a>.<\/strong> Casi al lado, la innovadora cocina de <a href=\"https:\/\/www.tripadvisor.es\/Restaurant_Review-g187432-d11734411-Reviews-A_Plomo_Cadiz-Cadiz_Costa_de_la_Luz_Andalucia.html\" target=\"_blank\" rel=\"noreferrer noopener\"><strong>A plomo<\/strong><\/a>, con platos a compartir.&nbsp; Siguiendo el paseo llegamos a <strong><a href=\"https:\/\/www.tripadvisor.es\/Restaurant_Review-g187432-d2325663-Reviews-Arsenio_Manila-Cadiz_Costa_de_la_Luz_Andalucia.html\" target=\"_blank\" rel=\"noreferrer noopener\">Arsenio Manila<\/a><\/strong>, con sus platos saludables.<\/p>\n\n\n\n<p>A poquito a poquito hemos ido descubriendo el sabor de C\u00e1diz. <\/p>\n\n\n\n<iframe loading=\"lazy\" src=\"https:\/\/www.google.com\/maps\/d\/embed?mid=1ywAzcE2rSx0_onDhypuQc_oKSWxRVvcR&amp;hl=es\" width=\"640\" height=\"480\"><\/iframe>\n\n\n\n<div class=\"wp-block-buttons is-horizontal is-content-justification-center is-layout-flex wp-container-core-buttons-is-layout-1 wp-block-buttons-is-layout-flex\">\n<div class=\"wp-block-button\"><a class=\"wp-block-button__link wp-element-button\" href=\"https:\/\/bit.ly\/3r9u5Bn\">\u00a1Saborea C\u00e1diz!<\/a><\/div>\n<\/div>\n\n\n\n<p>&nbsp;Te invitamos a que descubras a que sabe C\u00e1diz y su provincia, descarg\u00e1ndote la <strong><a href=\"https:\/\/issuu.com\/cadizturismo\/docs\/guia_gastronomia_2017_esp_web_actua\/1?ff\" target=\"_blank\" rel=\"noreferrer noopener\">gu\u00eda gastron\u00f3mica<\/a><\/strong> del Patronato Provincial de Turismo de la Diputaci\u00f3n de C\u00e1diz.<\/p>\n","protected":false},"excerpt":{"rendered":"<p>Te invitamos a pasear por las calles de C\u00e1diz descubriendo todo su sabor, a \u00abpoquito\u00bb a poco. A solo media hora del aeropuerto de Jerez nos espera La Tacita de Plata. Una ciudad que invita a caminarla, de barra en barra, de tapa en tapa. En C\u00e1diz se come a \u201cpoquito\u201d, un poquito de esto un poquito de aquello. \u00a1Vamos &hellip;<\/p>\n","protected":false},"author":2,"featured_media":7937,"comment_status":"open","ping_status":"open","sticky":false,"template":"","format":"standard","meta":{"_acf_changed":false,"sfsi_plus_gutenberg_text_before_share":"","sfsi_plus_gutenberg_show_text_before_share":"","sfsi_plus_gutenberg_icon_type":"","sfsi_plus_gutenberg_icon_alignemt":"","sfsi_plus_gutenburg_max_per_row":"","footnotes":""},"categories":[574,123,10,618,100,126,1],"tags":[619,826,603,151],"class_list":["post-7935","post","type-post","status-publish","format-standard","has-post-thumbnail","hentry","category-consejos-viajeros","category-explora","category-historias-viajeras","category-jerez-de-la-frontera","category-peninsulaybaleares","category-saborea","category-sin-categoria","tag-andalucia","tag-cadiz","tag-escapada-gastronomica","tag-gastronomia"],"acf":[],"yoast_head":"<!-- This site is optimized with the Yoast SEO plugin v24.1 - https:\/\/yoast.com\/wordpress\/plugins\/seo\/ -->\n<title>De tapas por C\u00e1diz, a &quot;poquito&quot; a poco - Viajar es vivir<\/title>\n<meta name=\"description\" content=\"De tapas por C\u00e1diz. Te invitamos a que descubras La Tacita de Plata a &quot;poquito&quot; a poco, de barra en barra, descubriendo su sabor.\" \/>\n<meta name=\"robots\" content=\"index, follow, max-snippet:-1, max-image-preview:large, max-video-preview:-1\" \/>\n<link rel=\"canonical\" href=\"https:\/\/www.canariasviaja.com\/viajaresvivir\/de-tapas-por-cadiz-a-poquito-a-poco\/\" \/>\n<meta property=\"og:locale\" content=\"es_ES\" \/>\n<meta property=\"og:type\" content=\"article\" \/>\n<meta property=\"og:title\" content=\"De tapas por C\u00e1diz, a &quot;poquito&quot; a poco - Viajar es vivir\" \/>\n<meta property=\"og:description\" content=\"De tapas por C\u00e1diz. Te invitamos a que descubras La Tacita de Plata a &quot;poquito&quot; a poco, de barra en barra, descubriendo su sabor.\" \/>\n<meta property=\"og:url\" content=\"https:\/\/www.canariasviaja.com\/viajaresvivir\/de-tapas-por-cadiz-a-poquito-a-poco\/\" \/>\n<meta property=\"og:site_name\" content=\"Viajar es vivir\" \/>\n<meta property=\"article:published_time\" content=\"2021-11-25T17:37:38+00:00\" \/>\n<meta property=\"article:modified_time\" content=\"2024-06-10T14:20:46+00:00\" \/>\n<meta property=\"og:image\" content=\"http:\/\/www.canariasviaja.com\/viajaresvivir\/wp-content\/uploads\/2021\/11\/anastasia-saldatava-Cadiz-de-tapas.jpg\" \/>\n\t<meta property=\"og:image:width\" content=\"2000\" \/>\n\t<meta property=\"og:image:height\" content=\"1335\" \/>\n\t<meta property=\"og:image:type\" content=\"image\/jpeg\" \/>\n<meta name=\"author\" content=\"Patri C\u00e1mpora\" \/>\n<meta name=\"twitter:card\" content=\"summary_large_image\" \/>\n<meta name=\"twitter:label1\" content=\"Escrito por\" \/>\n\t<meta name=\"twitter:data1\" content=\"Patri C\u00e1mpora\" \/>\n\t<meta name=\"twitter:label2\" content=\"Tiempo de lectura\" \/>\n\t<meta name=\"twitter:data2\" content=\"4 minutos\" \/>\n<script type=\"application\/ld+json\" class=\"yoast-schema-graph\">{\"@context\":\"https:\/\/schema.org\",\"@graph\":[{\"@type\":\"WebPage\",\"@id\":\"https:\/\/www.canariasviaja.com\/viajaresvivir\/de-tapas-por-cadiz-a-poquito-a-poco\/\",\"url\":\"https:\/\/www.canariasviaja.com\/viajaresvivir\/de-tapas-por-cadiz-a-poquito-a-poco\/\",\"name\":\"De tapas por C\u00e1diz, a \\\"poquito\\\" a poco - Viajar es vivir\",\"isPartOf\":{\"@id\":\"https:\/\/www.canariasviaja.com\/viajaresvivir\/#website\"},\"primaryImageOfPage\":{\"@id\":\"https:\/\/www.canariasviaja.com\/viajaresvivir\/de-tapas-por-cadiz-a-poquito-a-poco\/#primaryimage\"},\"image\":{\"@id\":\"https:\/\/www.canariasviaja.com\/viajaresvivir\/de-tapas-por-cadiz-a-poquito-a-poco\/#primaryimage\"},\"thumbnailUrl\":\"https:\/\/www.canariasviaja.com\/viajaresvivir\/wp-content\/uploads\/2021\/11\/anastasia-saldatava-Cadiz-de-tapas.jpg\",\"datePublished\":\"2021-11-25T17:37:38+00:00\",\"dateModified\":\"2024-06-10T14:20:46+00:00\",\"author\":{\"@id\":\"https:\/\/www.canariasviaja.com\/viajaresvivir\/#\/schema\/person\/085949651001325f1244a8bc1b34709c\"},\"description\":\"De tapas por C\u00e1diz. Te invitamos a que descubras La Tacita de Plata a \\\"poquito\\\" a poco, de barra en barra, descubriendo su sabor.\",\"breadcrumb\":{\"@id\":\"https:\/\/www.canariasviaja.com\/viajaresvivir\/de-tapas-por-cadiz-a-poquito-a-poco\/#breadcrumb\"},\"inLanguage\":\"es\",\"potentialAction\":[{\"@type\":\"ReadAction\",\"target\":[\"https:\/\/www.canariasviaja.com\/viajaresvivir\/de-tapas-por-cadiz-a-poquito-a-poco\/\"]}]},{\"@type\":\"ImageObject\",\"inLanguage\":\"es\",\"@id\":\"https:\/\/www.canariasviaja.com\/viajaresvivir\/de-tapas-por-cadiz-a-poquito-a-poco\/#primaryimage\",\"url\":\"https:\/\/www.canariasviaja.com\/viajaresvivir\/wp-content\/uploads\/2021\/11\/anastasia-saldatava-Cadiz-de-tapas.jpg\",\"contentUrl\":\"https:\/\/www.canariasviaja.com\/viajaresvivir\/wp-content\/uploads\/2021\/11\/anastasia-saldatava-Cadiz-de-tapas.jpg\",\"width\":2000,\"height\":1335,\"caption\":\"Cadiz de tapas\"},{\"@type\":\"BreadcrumbList\",\"@id\":\"https:\/\/www.canariasviaja.com\/viajaresvivir\/de-tapas-por-cadiz-a-poquito-a-poco\/#breadcrumb\",\"itemListElement\":[{\"@type\":\"ListItem\",\"position\":1,\"name\":\"Portada\",\"item\":\"https:\/\/www.canariasviaja.com\/viajaresvivir\/\"},{\"@type\":\"ListItem\",\"position\":2,\"name\":\"De tapas por C\u00e1diz, a \u00abpoquito\u00bb a poco\"}]},{\"@type\":\"WebSite\",\"@id\":\"https:\/\/www.canariasviaja.com\/viajaresvivir\/#website\",\"url\":\"https:\/\/www.canariasviaja.com\/viajaresvivir\/\",\"name\":\"Viajar es vivir\",\"description\":\"El blog de viajes y estilo de vida de CanariasViaja\",\"potentialAction\":[{\"@type\":\"SearchAction\",\"target\":{\"@type\":\"EntryPoint\",\"urlTemplate\":\"https:\/\/www.canariasviaja.com\/viajaresvivir\/?s={search_term_string}\"},\"query-input\":{\"@type\":\"PropertyValueSpecification\",\"valueRequired\":true,\"valueName\":\"search_term_string\"}}],\"inLanguage\":\"es\"},{\"@type\":\"Person\",\"@id\":\"https:\/\/www.canariasviaja.com\/viajaresvivir\/#\/schema\/person\/085949651001325f1244a8bc1b34709c\",\"name\":\"Patri C\u00e1mpora\",\"image\":{\"@type\":\"ImageObject\",\"inLanguage\":\"es\",\"@id\":\"https:\/\/www.canariasviaja.com\/viajaresvivir\/#\/schema\/person\/image\/\",\"url\":\"https:\/\/secure.gravatar.com\/avatar\/b2ce2c4086a5776e5310f57c1a2e5b4e?s=96&d=mm&r=g\",\"contentUrl\":\"https:\/\/secure.gravatar.com\/avatar\/b2ce2c4086a5776e5310f57c1a2e5b4e?s=96&d=mm&r=g\",\"caption\":\"Patri C\u00e1mpora\"},\"url\":\"https:\/\/www.canariasviaja.com\/viajaresvivir\/author\/patri\/\"}]}<\/script>\n<!-- \/ Yoast SEO plugin. -->","yoast_head_json":{"title":"De tapas por C\u00e1diz, a \"poquito\" a poco - Viajar es vivir","description":"De tapas por C\u00e1diz. Te invitamos a que descubras La Tacita de Plata a \"poquito\" a poco, de barra en barra, descubriendo su sabor.","robots":{"index":"index","follow":"follow","max-snippet":"max-snippet:-1","max-image-preview":"max-image-preview:large","max-video-preview":"max-video-preview:-1"},"canonical":"https:\/\/www.canariasviaja.com\/viajaresvivir\/de-tapas-por-cadiz-a-poquito-a-poco\/","og_locale":"es_ES","og_type":"article","og_title":"De tapas por C\u00e1diz, a \"poquito\" a poco - Viajar es vivir","og_description":"De tapas por C\u00e1diz. Te invitamos a que descubras La Tacita de Plata a \"poquito\" a poco, de barra en barra, descubriendo su sabor.","og_url":"https:\/\/www.canariasviaja.com\/viajaresvivir\/de-tapas-por-cadiz-a-poquito-a-poco\/","og_site_name":"Viajar es vivir","article_published_time":"2021-11-25T17:37:38+00:00","article_modified_time":"2024-06-10T14:20:46+00:00","og_image":[{"width":2000,"height":1335,"url":"http:\/\/www.canariasviaja.com\/viajaresvivir\/wp-content\/uploads\/2021\/11\/anastasia-saldatava-Cadiz-de-tapas.jpg","type":"image\/jpeg"}],"author":"Patri C\u00e1mpora","twitter_card":"summary_large_image","twitter_misc":{"Escrito por":"Patri C\u00e1mpora","Tiempo de lectura":"4 minutos"},"schema":{"@context":"https:\/\/schema.org","@graph":[{"@type":"WebPage","@id":"https:\/\/www.canariasviaja.com\/viajaresvivir\/de-tapas-por-cadiz-a-poquito-a-poco\/","url":"https:\/\/www.canariasviaja.com\/viajaresvivir\/de-tapas-por-cadiz-a-poquito-a-poco\/","name":"De tapas por C\u00e1diz, a \"poquito\" a poco - Viajar es vivir","isPartOf":{"@id":"https:\/\/www.canariasviaja.com\/viajaresvivir\/#website"},"primaryImageOfPage":{"@id":"https:\/\/www.canariasviaja.com\/viajaresvivir\/de-tapas-por-cadiz-a-poquito-a-poco\/#primaryimage"},"image":{"@id":"https:\/\/www.canariasviaja.com\/viajaresvivir\/de-tapas-por-cadiz-a-poquito-a-poco\/#primaryimage"},"thumbnailUrl":"https:\/\/www.canariasviaja.com\/viajaresvivir\/wp-content\/uploads\/2021\/11\/anastasia-saldatava-Cadiz-de-tapas.jpg","datePublished":"2021-11-25T17:37:38+00:00","dateModified":"2024-06-10T14:20:46+00:00","author":{"@id":"https:\/\/www.canariasviaja.com\/viajaresvivir\/#\/schema\/person\/085949651001325f1244a8bc1b34709c"},"description":"De tapas por C\u00e1diz. Te invitamos a que descubras La Tacita de Plata a \"poquito\" a poco, de barra en barra, descubriendo su sabor.","breadcrumb":{"@id":"https:\/\/www.canariasviaja.com\/viajaresvivir\/de-tapas-por-cadiz-a-poquito-a-poco\/#breadcrumb"},"inLanguage":"es","potentialAction":[{"@type":"ReadAction","target":["https:\/\/www.canariasviaja.com\/viajaresvivir\/de-tapas-por-cadiz-a-poquito-a-poco\/"]}]},{"@type":"ImageObject","inLanguage":"es","@id":"https:\/\/www.canariasviaja.com\/viajaresvivir\/de-tapas-por-cadiz-a-poquito-a-poco\/#primaryimage","url":"https:\/\/www.canariasviaja.com\/viajaresvivir\/wp-content\/uploads\/2021\/11\/anastasia-saldatava-Cadiz-de-tapas.jpg","contentUrl":"https:\/\/www.canariasviaja.com\/viajaresvivir\/wp-content\/uploads\/2021\/11\/anastasia-saldatava-Cadiz-de-tapas.jpg","width":2000,"height":1335,"caption":"Cadiz de tapas"},{"@type":"BreadcrumbList","@id":"https:\/\/www.canariasviaja.com\/viajaresvivir\/de-tapas-por-cadiz-a-poquito-a-poco\/#breadcrumb","itemListElement":[{"@type":"ListItem","position":1,"name":"Portada","item":"https:\/\/www.canariasviaja.com\/viajaresvivir\/"},{"@type":"ListItem","position":2,"name":"De tapas por C\u00e1diz, a \u00abpoquito\u00bb a poco"}]},{"@type":"WebSite","@id":"https:\/\/www.canariasviaja.com\/viajaresvivir\/#website","url":"https:\/\/www.canariasviaja.com\/viajaresvivir\/","name":"Viajar es vivir","description":"El blog de viajes y estilo de vida de CanariasViaja","potentialAction":[{"@type":"SearchAction","target":{"@type":"EntryPoint","urlTemplate":"https:\/\/www.canariasviaja.com\/viajaresvivir\/?s={search_term_string}"},"query-input":{"@type":"PropertyValueSpecification","valueRequired":true,"valueName":"search_term_string"}}],"inLanguage":"es"},{"@type":"Person","@id":"https:\/\/www.canariasviaja.com\/viajaresvivir\/#\/schema\/person\/085949651001325f1244a8bc1b34709c","name":"Patri C\u00e1mpora","image":{"@type":"ImageObject","inLanguage":"es","@id":"https:\/\/www.canariasviaja.com\/viajaresvivir\/#\/schema\/person\/image\/","url":"https:\/\/secure.gravatar.com\/avatar\/b2ce2c4086a5776e5310f57c1a2e5b4e?s=96&d=mm&r=g","contentUrl":"https:\/\/secure.gravatar.com\/avatar\/b2ce2c4086a5776e5310f57c1a2e5b4e?s=96&d=mm&r=g","caption":"Patri C\u00e1mpora"},"url":"https:\/\/www.canariasviaja.com\/viajaresvivir\/author\/patri\/"}]}},"_links":{"self":[{"href":"https:\/\/www.canariasviaja.com\/viajaresvivir\/wp-json\/wp\/v2\/posts\/7935"}],"collection":[{"href":"https:\/\/www.canariasviaja.com\/viajaresvivir\/wp-json\/wp\/v2\/posts"}],"about":[{"href":"https:\/\/www.canariasviaja.com\/viajaresvivir\/wp-json\/wp\/v2\/types\/post"}],"author":[{"embeddable":true,"href":"https:\/\/www.canariasviaja.com\/viajaresvivir\/wp-json\/wp\/v2\/users\/2"}],"replies":[{"embeddable":true,"href":"https:\/\/www.canariasviaja.com\/viajaresvivir\/wp-json\/wp\/v2\/comments?post=7935"}],"version-history":[{"count":5,"href":"https:\/\/www.canariasviaja.com\/viajaresvivir\/wp-json\/wp\/v2\/posts\/7935\/revisions"}],"predecessor-version":[{"id":10566,"href":"https:\/\/www.canariasviaja.com\/viajaresvivir\/wp-json\/wp\/v2\/posts\/7935\/revisions\/10566"}],"wp:featuredmedia":[{"embeddable":true,"href":"https:\/\/www.canariasviaja.com\/viajaresvivir\/wp-json\/wp\/v2\/media\/7937"}],"wp:attachment":[{"href":"https:\/\/www.canariasviaja.com\/viajaresvivir\/wp-json\/wp\/v2\/media?parent=7935"}],"wp:term":[{"taxonomy":"category","embeddable":true,"href":"https:\/\/www.canariasviaja.com\/viajaresvivir\/wp-json\/wp\/v2\/categories?post=7935"},{"taxonomy":"post_tag","embeddable":true,"href":"https:\/\/www.canariasviaja.com\/viajaresvivir\/wp-json\/wp\/v2\/tags?post=7935"}],"curies":[{"name":"wp","href":"https:\/\/api.w.org\/{rel}","templated":true}]}}