{"id":7946,"date":"2023-12-10T18:39:28","date_gmt":"2023-12-10T18:39:28","guid":{"rendered":"https:\/\/www.canariasviaja.com\/viajaresvivir\/?p=7946"},"modified":"2023-12-10T19:18:18","modified_gmt":"2023-12-10T19:18:18","slug":"mercadillos-de-navidad-en-francia","status":"publish","type":"post","link":"https:\/\/www.canariasviaja.com\/viajaresvivir\/mercadillos-de-navidad-en-francia\/","title":{"rendered":"Mercadillos de Navidad en Francia"},"content":{"rendered":"\n<p>El ambiente navide\u00f1o y los mercadillos transforman nuestros destinos franceses llenando de magia sus calles y plazas. Te invitamos a descubrir c\u00f3mo viven la Navidad en <a href=\"https:\/\/www.canariasviaja.com\/viajaresvivir\/verano-en-francia-lille-marsella-y-toulouse\/\"><strong> Lille y Toulouse.<\/strong><\/a><\/p>\n\n\n<div class=\"wp-block-image\">\n<figure class=\"aligncenter size-full is-resized\"><img decoding=\"async\" src=\"https:\/\/www.canariasviaja.com\/viajaresvivir\/wp-content\/uploads\/2023\/12\/maeva-vigier-wwzu_bGRqJo-unsplash.jpg\" alt=\"\" class=\"wp-image-11113\" width=\"400\" srcset=\"https:\/\/www.canariasviaja.com\/viajaresvivir\/wp-content\/uploads\/2023\/12\/maeva-vigier-wwzu_bGRqJo-unsplash.jpg 640w, https:\/\/www.canariasviaja.com\/viajaresvivir\/wp-content\/uploads\/2023\/12\/maeva-vigier-wwzu_bGRqJo-unsplash-200x300.jpg 200w\" sizes=\"(max-width: 640px) 100vw, 640px\" \/><figcaption class=\"wp-element-caption\">Foto de <a href=\"https:\/\/unsplash.com\/es\/@maeva_vgr?utm_content=creditCopyText&amp;utm_medium=referral&amp;utm_source=unsplash\">Ma\u00ebva Vigier<\/a> en <a href=\"https:\/\/unsplash.com\/es\/fotos\/un-arbol-de-navidad-wwzu_bGRqJo?utm_content=creditCopyText&amp;utm_medium=referral&amp;utm_source=unsplash\">Unsplash<\/a><\/figcaption><\/figure><\/div>\n\n\n<div style=\"height:100px\" aria-hidden=\"true\" class=\"wp-block-spacer\"><\/div>\n\n\n\n<h2 class=\"wp-block-heading\">Mercadillo de Navidad en Lille<\/h2>\n\n\n\n<p>Del 22 de noviembre al 31 de diciembre la <strong>plaza de Rihour <\/strong>de Lille se convierte en el coraz\u00f3n de la navidad en la ciudad. La c\u00e1lida y colorida iluminaci\u00f3n, los apetecibles aromas del vino caliente, las patatas crujientes y los panqueques reci\u00e9n hechos, nos invitan a recorrer sin prisas los puestos para descubrir los detalles m\u00e1s encantadores para regalar en estas fiestas.<\/p>\n\n\n\n<figure class=\"wp-block-image size-full\"><img loading=\"lazy\" decoding=\"async\" width=\"1139\" height=\"515\" src=\"http:\/\/www.canariasviaja.com\/viajaresvivir\/wp-content\/uploads\/2021\/11\/VillageNoel-360-1140x760-1.jpg\" alt=\"Mercadillo de Navidad en Francia, Lille\" class=\"wp-image-7951\" srcset=\"https:\/\/www.canariasviaja.com\/viajaresvivir\/wp-content\/uploads\/2021\/11\/VillageNoel-360-1140x760-1.jpg 1139w, https:\/\/www.canariasviaja.com\/viajaresvivir\/wp-content\/uploads\/2021\/11\/VillageNoel-360-1140x760-1-300x136.jpg 300w, https:\/\/www.canariasviaja.com\/viajaresvivir\/wp-content\/uploads\/2021\/11\/VillageNoel-360-1140x760-1-768x347.jpg 768w\" sizes=\"(max-width: 1139px) 100vw, 1139px\" \/><figcaption class=\"wp-element-caption\">Foto: <a href=\"http:\/\/noel-a-lille.com\/\" target=\"_blank\" rel=\"noreferrer noopener\">noel-a-lille.com<\/a><\/figcaption><\/figure>\n\n\n\n<p>Adem\u00e1s de la artesan\u00eda del mundo y el dise\u00f1o local, las comerciantes y artesanos que ocupan las casetas de madera nos<strong> <\/strong>ofrecer\u00e1n<strong> <\/strong>productos regionales, cestas gourmet, decoraci\u00f3n navide\u00f1a, juguetes, productos de bienestar, ropa de abrigo o incluso delicias locales.<\/p>\n\n\n\n<figure class=\"wp-block-image size-full\"><img loading=\"lazy\" decoding=\"async\" width=\"1024\" height=\"683\" src=\"http:\/\/www.canariasviaja.com\/viajaresvivir\/wp-content\/uploads\/2021\/11\/VillageNoel-72-1024x683-1.jpg\" alt=\"Mercadllo de navidad en Francia, Lille\" class=\"wp-image-7952\" srcset=\"https:\/\/www.canariasviaja.com\/viajaresvivir\/wp-content\/uploads\/2021\/11\/VillageNoel-72-1024x683-1.jpg 1024w, https:\/\/www.canariasviaja.com\/viajaresvivir\/wp-content\/uploads\/2021\/11\/VillageNoel-72-1024x683-1-300x200.jpg 300w, https:\/\/www.canariasviaja.com\/viajaresvivir\/wp-content\/uploads\/2021\/11\/VillageNoel-72-1024x683-1-768x512.jpg 768w\" sizes=\"(max-width: 1024px) 100vw, 1024px\" \/><figcaption class=\"wp-element-caption\">Foto: <a href=\"http:\/\/noel-a-lille.com\/\" target=\"_blank\" rel=\"noreferrer noopener\">noel-a-lille.com<\/a><\/figcaption><\/figure>\n\n\n\n<p>El ambiente navide\u00f1o nos envolver\u00e1 con actuaciones musicales, visitas de Pap\u00e1 Noel, noria, carruseles y actividades para los m\u00e1s peque\u00f1os.<\/p>\n\n\n\n<p><strong>La navidad late en la plaza de Rihour.<\/strong> Consulta toda la programaci\u00f3n en <a href=\"http:\/\/www.noel-a-lille.com\" target=\"_blank\" rel=\"noreferrer noopener nofollow\">www.noel-a-lille-com<\/a>.<\/p>\n\n\n\n<div style=\"height:100px\" aria-hidden=\"true\" class=\"wp-block-spacer\"><\/div>\n\n\n\n<h2 class=\"wp-block-heading\">Toulouse en Navidad<\/h2>\n\n\n\n<p>La <strong>Plaza del Capitole<\/strong> de Toulouse se transforma en estos d\u00edas bajo la m\u00e1gica luz de la Navidad. <\/p>\n\n\n<div class=\"wp-block-image\">\n<figure class=\"aligncenter size-full\"><img loading=\"lazy\" decoding=\"async\" width=\"535\" height=\"480\" src=\"https:\/\/www.canariasviaja.com\/viajaresvivir\/wp-content\/uploads\/2021\/11\/marche_noel_droite.jpg\" alt=\"Mercadillo de Navidad en Francia, Toulouse plaza Capitole\" class=\"wp-image-7955\" srcset=\"https:\/\/www.canariasviaja.com\/viajaresvivir\/wp-content\/uploads\/2021\/11\/marche_noel_droite.jpg 535w, https:\/\/www.canariasviaja.com\/viajaresvivir\/wp-content\/uploads\/2021\/11\/marche_noel_droite-300x269.jpg 300w\" sizes=\"(max-width: 535px) 100vw, 535px\" \/><figcaption class=\"wp-element-caption\">Mercado de Navidad de Toulouse Foto: Turismo de Toulouse<\/figcaption><\/figure><\/div>\n\n\n<p>En la c\u00e9ntrica <strong>plaza del Ayuntamiento<\/strong>  se instala el pueblo navide\u00f1o, con m\u00e1s de un centenar de casetas de madera que invitan al paseante a sumergirse en el ambiente navide\u00f1o.<\/p>\n\n\n\n<p>Su <strong>mercado de Navidad <\/strong>est\u00e1 pensado para que todos puedan disfrutar, con amplios pasillos sin obst\u00e1culos y mostradores a la altura de las sillas de ruedas para que todos los ciudadanos y visitantes puedan descubrir lo que esconden las inmaculadas casetas de madera blanca: artesan\u00eda del mundo, joyas y bisuter\u00edas, decoraciones navide\u00f1as, ropa y complementos y exquisiteces&#8230;<\/p>\n\n\n\n<p>En el aire flotan aromas de almendras garrapi\u00f1adas, vino caliente, queso fundido, chocolate y especias y <em>aligot aveyronnais<\/em>, la estrella del mercado, pur\u00e9 de patatas con queso&#8230; que despertar\u00e1n nuestro apetito y har\u00e1n que entremos en calor.<\/p>\n\n\n\n<p>\u00bfQuieres moverte un poco? Alquila unos patines y demuestra tus habilidades en la <strong>pista de patinaje sobre hielo.<\/strong> 200 metros cuadrados de diversi\u00f3n.<\/p>\n\n\n\n<p>Si quieres seguir de compras, te invitamos a que visites el <strong>mercado solidario<\/strong> de la avenida Jules-Guesde, para que compres tus regalos de Navidad de forma responsable. Puedes descubrir la agenda completa de actividades en <a href=\"http:\/\/www.marchedenoeltoulouse.fr\/\" target=\"_blank\" rel=\"noreferrer noopener\">www.marchedenoeltoulouse.fr\/<\/a><\/p>\n\n\n\n<p>La ciudad rosa brilla aun m\u00e1s en estos d\u00edas envuelta en <strong>el esp\u00edritu de la Navidad.<\/strong><\/p>\n\n\n<div class=\"wp-block-image\">\n<figure class=\"aligncenter size-full is-resized\"><img decoding=\"async\" src=\"https:\/\/www.canariasviaja.com\/viajaresvivir\/wp-content\/uploads\/2023\/12\/maeva-vigier-jlzte5c8rk-unsplash.jpg\" alt=\"\" class=\"wp-image-11111\" width=\"400\" srcset=\"https:\/\/www.canariasviaja.com\/viajaresvivir\/wp-content\/uploads\/2023\/12\/maeva-vigier-jlzte5c8rk-unsplash.jpg 640w, https:\/\/www.canariasviaja.com\/viajaresvivir\/wp-content\/uploads\/2023\/12\/maeva-vigier-jlzte5c8rk-unsplash-200x300.jpg 200w\" sizes=\"(max-width: 640px) 100vw, 640px\" \/><figcaption class=\"wp-element-caption\">Foto de <a href=\"https:\/\/unsplash.com\/es\/@maeva_vgr?utm_content=creditCopyText&amp;utm_medium=referral&amp;utm_source=unsplash\">Ma\u00ebva Vigier<\/a> en <a href=\"https:\/\/unsplash.com\/es\/fotos\/una-noria-con-un-cielo-nublado--jlzte5c8rk?utm_content=creditCopyText&amp;utm_medium=referral&amp;utm_source=unsplash\">Unsplash<\/a><\/figcaption><\/figure><\/div>\n\n\n<div style=\"height:100px\" aria-hidden=\"true\" class=\"wp-block-spacer\"><\/div>\n\n\n\n<div class=\"wp-block-buttons is-horizontal is-content-justification-center is-layout-flex wp-container-core-buttons-is-layout-1 wp-block-buttons-is-layout-flex\">\n<div class=\"wp-block-button\"><a class=\"wp-block-button__link wp-element-button\" href=\"https:\/\/bit.ly\/3xIkmDs\">Vive la Navidad con acento franc\u00e9s<\/a><\/div>\n<\/div>\n","protected":false},"excerpt":{"rendered":"<p>La Navidad transforma las ciudades. Las luces, los villancicos y los mercadillos llenan de calor las calles de las ciudades francesas para que las disfrutes.<\/p>\n","protected":false},"author":2,"featured_media":7951,"comment_status":"open","ping_status":"open","sticky":false,"template":"","format":"standard","meta":{"_acf_changed":false,"sfsi_plus_gutenberg_text_before_share":"","sfsi_plus_gutenberg_show_text_before_share":"","sfsi_plus_gutenberg_icon_type":"","sfsi_plus_gutenberg_icon_alignemt":"","sfsi_plus_gutenburg_max_per_row":"","footnotes":""},"categories":[124,5,123,787,10,788,11,126,790],"tags":[827,757,828,282,755],"class_list":["post-7946","post","type-post","status-publish","format-standard","has-post-thumbnail","hentry","category-descubre","category-europa","category-explora","category-francia","category-historias-viajeras","category-lille","category-postales","category-saborea","category-toulouse","tag-escapadas-de-navidad","tag-lille","tag-mercadillos-de-navidad","tag-navidad","tag-toulouse"],"acf":[],"yoast_head":"<!-- This site is optimized with the Yoast SEO plugin v24.1 - https:\/\/yoast.com\/wordpress\/plugins\/seo\/ -->\n<title>Mercadillos de Navidad en Francia - Viajar es vivir<\/title>\n<meta name=\"description\" content=\"La Navidad en Francia se comienza a disfrutar en sus mercadillos. El lugar en el que disfrutar del ambiente navide\u00f1o en estos d\u00edas\" \/>\n<meta name=\"robots\" content=\"index, follow, max-snippet:-1, max-image-preview:large, max-video-preview:-1\" \/>\n<link rel=\"canonical\" href=\"https:\/\/www.canariasviaja.com\/viajaresvivir\/mercadillos-de-navidad-en-francia\/\" \/>\n<meta property=\"og:locale\" content=\"es_ES\" \/>\n<meta property=\"og:type\" content=\"article\" \/>\n<meta property=\"og:title\" content=\"Mercadillos de Navidad en Francia - Viajar es vivir\" \/>\n<meta property=\"og:description\" content=\"La Navidad en Francia se comienza a disfrutar en sus mercadillos. El lugar en el que disfrutar del ambiente navide\u00f1o en estos d\u00edas\" \/>\n<meta property=\"og:url\" content=\"https:\/\/www.canariasviaja.com\/viajaresvivir\/mercadillos-de-navidad-en-francia\/\" \/>\n<meta property=\"og:site_name\" content=\"Viajar es vivir\" \/>\n<meta property=\"article:published_time\" content=\"2023-12-10T18:39:28+00:00\" \/>\n<meta property=\"article:modified_time\" content=\"2023-12-10T19:18:18+00:00\" \/>\n<meta property=\"og:image\" content=\"http:\/\/www.canariasviaja.com\/viajaresvivir\/wp-content\/uploads\/2021\/11\/VillageNoel-360-1140x760-1.jpg\" \/>\n\t<meta property=\"og:image:width\" content=\"1139\" \/>\n\t<meta property=\"og:image:height\" content=\"515\" \/>\n\t<meta property=\"og:image:type\" content=\"image\/jpeg\" \/>\n<meta name=\"author\" content=\"Patri C\u00e1mpora\" \/>\n<meta name=\"twitter:card\" content=\"summary_large_image\" \/>\n<meta name=\"twitter:label1\" content=\"Escrito por\" \/>\n\t<meta name=\"twitter:data1\" content=\"Patri C\u00e1mpora\" \/>\n\t<meta name=\"twitter:label2\" content=\"Tiempo de lectura\" \/>\n\t<meta name=\"twitter:data2\" content=\"3 minutos\" \/>\n<script type=\"application\/ld+json\" class=\"yoast-schema-graph\">{\"@context\":\"https:\/\/schema.org\",\"@graph\":[{\"@type\":\"WebPage\",\"@id\":\"https:\/\/www.canariasviaja.com\/viajaresvivir\/mercadillos-de-navidad-en-francia\/\",\"url\":\"https:\/\/www.canariasviaja.com\/viajaresvivir\/mercadillos-de-navidad-en-francia\/\",\"name\":\"Mercadillos de Navidad en Francia - Viajar es vivir\",\"isPartOf\":{\"@id\":\"https:\/\/www.canariasviaja.com\/viajaresvivir\/#website\"},\"primaryImageOfPage\":{\"@id\":\"https:\/\/www.canariasviaja.com\/viajaresvivir\/mercadillos-de-navidad-en-francia\/#primaryimage\"},\"image\":{\"@id\":\"https:\/\/www.canariasviaja.com\/viajaresvivir\/mercadillos-de-navidad-en-francia\/#primaryimage\"},\"thumbnailUrl\":\"https:\/\/www.canariasviaja.com\/viajaresvivir\/wp-content\/uploads\/2021\/11\/VillageNoel-360-1140x760-1.jpg\",\"datePublished\":\"2023-12-10T18:39:28+00:00\",\"dateModified\":\"2023-12-10T19:18:18+00:00\",\"author\":{\"@id\":\"https:\/\/www.canariasviaja.com\/viajaresvivir\/#\/schema\/person\/085949651001325f1244a8bc1b34709c\"},\"description\":\"La Navidad en Francia se comienza a disfrutar en sus mercadillos. El lugar en el que disfrutar del ambiente navide\u00f1o en estos d\u00edas\",\"breadcrumb\":{\"@id\":\"https:\/\/www.canariasviaja.com\/viajaresvivir\/mercadillos-de-navidad-en-francia\/#breadcrumb\"},\"inLanguage\":\"es\",\"potentialAction\":[{\"@type\":\"ReadAction\",\"target\":[\"https:\/\/www.canariasviaja.com\/viajaresvivir\/mercadillos-de-navidad-en-francia\/\"]}]},{\"@type\":\"ImageObject\",\"inLanguage\":\"es\",\"@id\":\"https:\/\/www.canariasviaja.com\/viajaresvivir\/mercadillos-de-navidad-en-francia\/#primaryimage\",\"url\":\"https:\/\/www.canariasviaja.com\/viajaresvivir\/wp-content\/uploads\/2021\/11\/VillageNoel-360-1140x760-1.jpg\",\"contentUrl\":\"https:\/\/www.canariasviaja.com\/viajaresvivir\/wp-content\/uploads\/2021\/11\/VillageNoel-360-1140x760-1.jpg\",\"width\":1139,\"height\":515,\"caption\":\"Mercadillo de Navidad Lille\"},{\"@type\":\"BreadcrumbList\",\"@id\":\"https:\/\/www.canariasviaja.com\/viajaresvivir\/mercadillos-de-navidad-en-francia\/#breadcrumb\",\"itemListElement\":[{\"@type\":\"ListItem\",\"position\":1,\"name\":\"Portada\",\"item\":\"https:\/\/www.canariasviaja.com\/viajaresvivir\/\"},{\"@type\":\"ListItem\",\"position\":2,\"name\":\"Mercadillos de Navidad en Francia\"}]},{\"@type\":\"WebSite\",\"@id\":\"https:\/\/www.canariasviaja.com\/viajaresvivir\/#website\",\"url\":\"https:\/\/www.canariasviaja.com\/viajaresvivir\/\",\"name\":\"Viajar es vivir\",\"description\":\"El blog de viajes y estilo de vida de CanariasViaja\",\"potentialAction\":[{\"@type\":\"SearchAction\",\"target\":{\"@type\":\"EntryPoint\",\"urlTemplate\":\"https:\/\/www.canariasviaja.com\/viajaresvivir\/?s={search_term_string}\"},\"query-input\":{\"@type\":\"PropertyValueSpecification\",\"valueRequired\":true,\"valueName\":\"search_term_string\"}}],\"inLanguage\":\"es\"},{\"@type\":\"Person\",\"@id\":\"https:\/\/www.canariasviaja.com\/viajaresvivir\/#\/schema\/person\/085949651001325f1244a8bc1b34709c\",\"name\":\"Patri C\u00e1mpora\",\"image\":{\"@type\":\"ImageObject\",\"inLanguage\":\"es\",\"@id\":\"https:\/\/www.canariasviaja.com\/viajaresvivir\/#\/schema\/person\/image\/\",\"url\":\"https:\/\/secure.gravatar.com\/avatar\/b2ce2c4086a5776e5310f57c1a2e5b4e?s=96&d=mm&r=g\",\"contentUrl\":\"https:\/\/secure.gravatar.com\/avatar\/b2ce2c4086a5776e5310f57c1a2e5b4e?s=96&d=mm&r=g\",\"caption\":\"Patri C\u00e1mpora\"},\"url\":\"https:\/\/www.canariasviaja.com\/viajaresvivir\/author\/patri\/\"}]}<\/script>\n<!-- \/ Yoast SEO plugin. -->","yoast_head_json":{"title":"Mercadillos de Navidad en Francia - Viajar es vivir","description":"La Navidad en Francia se comienza a disfrutar en sus mercadillos. El lugar en el que disfrutar del ambiente navide\u00f1o en estos d\u00edas","robots":{"index":"index","follow":"follow","max-snippet":"max-snippet:-1","max-image-preview":"max-image-preview:large","max-video-preview":"max-video-preview:-1"},"canonical":"https:\/\/www.canariasviaja.com\/viajaresvivir\/mercadillos-de-navidad-en-francia\/","og_locale":"es_ES","og_type":"article","og_title":"Mercadillos de Navidad en Francia - Viajar es vivir","og_description":"La Navidad en Francia se comienza a disfrutar en sus mercadillos. El lugar en el que disfrutar del ambiente navide\u00f1o en estos d\u00edas","og_url":"https:\/\/www.canariasviaja.com\/viajaresvivir\/mercadillos-de-navidad-en-francia\/","og_site_name":"Viajar es vivir","article_published_time":"2023-12-10T18:39:28+00:00","article_modified_time":"2023-12-10T19:18:18+00:00","og_image":[{"width":1139,"height":515,"url":"http:\/\/www.canariasviaja.com\/viajaresvivir\/wp-content\/uploads\/2021\/11\/VillageNoel-360-1140x760-1.jpg","type":"image\/jpeg"}],"author":"Patri C\u00e1mpora","twitter_card":"summary_large_image","twitter_misc":{"Escrito por":"Patri C\u00e1mpora","Tiempo de lectura":"3 minutos"},"schema":{"@context":"https:\/\/schema.org","@graph":[{"@type":"WebPage","@id":"https:\/\/www.canariasviaja.com\/viajaresvivir\/mercadillos-de-navidad-en-francia\/","url":"https:\/\/www.canariasviaja.com\/viajaresvivir\/mercadillos-de-navidad-en-francia\/","name":"Mercadillos de Navidad en Francia - Viajar es vivir","isPartOf":{"@id":"https:\/\/www.canariasviaja.com\/viajaresvivir\/#website"},"primaryImageOfPage":{"@id":"https:\/\/www.canariasviaja.com\/viajaresvivir\/mercadillos-de-navidad-en-francia\/#primaryimage"},"image":{"@id":"https:\/\/www.canariasviaja.com\/viajaresvivir\/mercadillos-de-navidad-en-francia\/#primaryimage"},"thumbnailUrl":"https:\/\/www.canariasviaja.com\/viajaresvivir\/wp-content\/uploads\/2021\/11\/VillageNoel-360-1140x760-1.jpg","datePublished":"2023-12-10T18:39:28+00:00","dateModified":"2023-12-10T19:18:18+00:00","author":{"@id":"https:\/\/www.canariasviaja.com\/viajaresvivir\/#\/schema\/person\/085949651001325f1244a8bc1b34709c"},"description":"La Navidad en Francia se comienza a disfrutar en sus mercadillos. El lugar en el que disfrutar del ambiente navide\u00f1o en estos d\u00edas","breadcrumb":{"@id":"https:\/\/www.canariasviaja.com\/viajaresvivir\/mercadillos-de-navidad-en-francia\/#breadcrumb"},"inLanguage":"es","potentialAction":[{"@type":"ReadAction","target":["https:\/\/www.canariasviaja.com\/viajaresvivir\/mercadillos-de-navidad-en-francia\/"]}]},{"@type":"ImageObject","inLanguage":"es","@id":"https:\/\/www.canariasviaja.com\/viajaresvivir\/mercadillos-de-navidad-en-francia\/#primaryimage","url":"https:\/\/www.canariasviaja.com\/viajaresvivir\/wp-content\/uploads\/2021\/11\/VillageNoel-360-1140x760-1.jpg","contentUrl":"https:\/\/www.canariasviaja.com\/viajaresvivir\/wp-content\/uploads\/2021\/11\/VillageNoel-360-1140x760-1.jpg","width":1139,"height":515,"caption":"Mercadillo de Navidad Lille"},{"@type":"BreadcrumbList","@id":"https:\/\/www.canariasviaja.com\/viajaresvivir\/mercadillos-de-navidad-en-francia\/#breadcrumb","itemListElement":[{"@type":"ListItem","position":1,"name":"Portada","item":"https:\/\/www.canariasviaja.com\/viajaresvivir\/"},{"@type":"ListItem","position":2,"name":"Mercadillos de Navidad en Francia"}]},{"@type":"WebSite","@id":"https:\/\/www.canariasviaja.com\/viajaresvivir\/#website","url":"https:\/\/www.canariasviaja.com\/viajaresvivir\/","name":"Viajar es vivir","description":"El blog de viajes y estilo de vida de CanariasViaja","potentialAction":[{"@type":"SearchAction","target":{"@type":"EntryPoint","urlTemplate":"https:\/\/www.canariasviaja.com\/viajaresvivir\/?s={search_term_string}"},"query-input":{"@type":"PropertyValueSpecification","valueRequired":true,"valueName":"search_term_string"}}],"inLanguage":"es"},{"@type":"Person","@id":"https:\/\/www.canariasviaja.com\/viajaresvivir\/#\/schema\/person\/085949651001325f1244a8bc1b34709c","name":"Patri C\u00e1mpora","image":{"@type":"ImageObject","inLanguage":"es","@id":"https:\/\/www.canariasviaja.com\/viajaresvivir\/#\/schema\/person\/image\/","url":"https:\/\/secure.gravatar.com\/avatar\/b2ce2c4086a5776e5310f57c1a2e5b4e?s=96&d=mm&r=g","contentUrl":"https:\/\/secure.gravatar.com\/avatar\/b2ce2c4086a5776e5310f57c1a2e5b4e?s=96&d=mm&r=g","caption":"Patri C\u00e1mpora"},"url":"https:\/\/www.canariasviaja.com\/viajaresvivir\/author\/patri\/"}]}},"_links":{"self":[{"href":"https:\/\/www.canariasviaja.com\/viajaresvivir\/wp-json\/wp\/v2\/posts\/7946"}],"collection":[{"href":"https:\/\/www.canariasviaja.com\/viajaresvivir\/wp-json\/wp\/v2\/posts"}],"about":[{"href":"https:\/\/www.canariasviaja.com\/viajaresvivir\/wp-json\/wp\/v2\/types\/post"}],"author":[{"embeddable":true,"href":"https:\/\/www.canariasviaja.com\/viajaresvivir\/wp-json\/wp\/v2\/users\/2"}],"replies":[{"embeddable":true,"href":"https:\/\/www.canariasviaja.com\/viajaresvivir\/wp-json\/wp\/v2\/comments?post=7946"}],"version-history":[{"count":9,"href":"https:\/\/www.canariasviaja.com\/viajaresvivir\/wp-json\/wp\/v2\/posts\/7946\/revisions"}],"predecessor-version":[{"id":11115,"href":"https:\/\/www.canariasviaja.com\/viajaresvivir\/wp-json\/wp\/v2\/posts\/7946\/revisions\/11115"}],"wp:featuredmedia":[{"embeddable":true,"href":"https:\/\/www.canariasviaja.com\/viajaresvivir\/wp-json\/wp\/v2\/media\/7951"}],"wp:attachment":[{"href":"https:\/\/www.canariasviaja.com\/viajaresvivir\/wp-json\/wp\/v2\/media?parent=7946"}],"wp:term":[{"taxonomy":"category","embeddable":true,"href":"https:\/\/www.canariasviaja.com\/viajaresvivir\/wp-json\/wp\/v2\/categories?post=7946"},{"taxonomy":"post_tag","embeddable":true,"href":"https:\/\/www.canariasviaja.com\/viajaresvivir\/wp-json\/wp\/v2\/tags?post=7946"}],"curies":[{"name":"wp","href":"https:\/\/api.w.org\/{rel}","templated":true}]}}