{"id":8009,"date":"2021-12-20T18:02:04","date_gmt":"2021-12-20T18:02:04","guid":{"rendered":"https:\/\/www.canariasviaja.com\/viajaresvivir\/?p=8009"},"modified":"2022-12-14T12:17:33","modified_gmt":"2022-12-14T12:17:33","slug":"los-otros-papa-noel-del-norte-de-espana","status":"publish","type":"post","link":"https:\/\/www.canariasviaja.com\/viajaresvivir\/los-otros-papa-noel-del-norte-de-espana\/","title":{"rendered":"Los otros Pap\u00e1 Noel del norte de Espa\u00f1a"},"content":{"rendered":"\n<p>Entre la noche de Nochebuena y la madrugada de Navidad el viejo Pap\u00e1 Noel tiene mucho trabajo entregando regalos y cumpliendo los deseos de los ni\u00f1os. Pero no est\u00e1 solo. En algunas zonas del norte de Espa\u00f1a otros personajes se ocupan de este trabajo: el <strong>Olentzero<\/strong> en el Pa\u00eds Vasco, el <strong>Apalpador<\/strong> en Galicia, el <strong>Esteru <\/strong>en la zona costera c\u00e1ntabra que hace frontera con Asturias o <strong>L\u2019Angulero<\/strong> en Asturias. Todo un equipo de personajes m\u00e1gicos con una \u00fanica misi\u00f3n: hacer felices a los ni\u00f1os.<\/p>\n\n\n\n<div style=\"height:100px\" aria-hidden=\"true\" class=\"wp-block-spacer\"><\/div>\n\n\n\n<h3 class=\"wp-block-heading\">El Olentzero del Pa\u00eds Vasco<\/h3>\n\n\n\n<p>Los trineos de Santa Claus pasan de largo por el Pa\u00eds Vasco. Los encargados de repartir la ilusi\u00f3n en estos d\u00edas son el <strong>Olentzero y Mari Domingi<\/strong>, dos seres provenientes de la mitolog\u00eda vasca.<\/p>\n\n\n\n<p>El Olentzero, es un ser m\u00e1gico, nacido del tronco de Navidad que quemaban nuestros antepasados para despedir al viejo sol y dar la bienvenida al nuevo durante el solsticio de invierno. Se le representa como un hombre dulce y bonach\u00f3n, aunque cuentan que en realidad es un cascarrabias, y es carbonero de profesi\u00f3n. &nbsp;Mari Domingi es su vecina. Otro ser de la mitolog\u00eda vasca. Una bruja, muy amiga de Mari y de los seres del bosque, muy conectada con su intuici\u00f3n.<\/p>\n\n\n\n<p>Ambos recorren los hogares vascos la noche de Navidad para dejarles carb\u00f3n para calentarse durante los fr\u00edos meses de invierno, la luz que alargar\u00e1 los d\u00edas y regalos. Un m\u00e1ximo de tres, para que alcancen para todos los ni\u00f1os, preferentemente artesanales y hechos con materiales naturales, ya que no les gusta nada el pl\u00e1stico.<\/p>\n\n\n\n<div style=\"height:100px\" aria-hidden=\"true\" class=\"wp-block-spacer\"><\/div>\n\n\n\n<h3 class=\"wp-block-heading\">L\u2019Anguleru de Asturias<\/h3>\n\n\n<div class=\"wp-block-image\">\n<figure class=\"aligncenter size-full is-resized\"><img decoding=\"async\" src=\"https:\/\/www.canariasviaja.com\/viajaresvivir\/wp-content\/uploads\/2021\/12\/LANGULERU-98.jpg\" alt=\"Langureru\" class=\"wp-image-8010\" width=\"400\" srcset=\"https:\/\/www.canariasviaja.com\/viajaresvivir\/wp-content\/uploads\/2021\/12\/LANGULERU-98.jpg 683w, https:\/\/www.canariasviaja.com\/viajaresvivir\/wp-content\/uploads\/2021\/12\/LANGULERU-98-200x300.jpg 200w\" sizes=\"(max-width: 683px) 100vw, 683px\" \/><figcaption><a href=\"http:\/\/www.languleru.com\/?fbclid=IwAR2jayM7OdoteIQQMYObWiQqfl4rrTjdP_8oaygb9WIn8CeFSyDF_YTNKmU\" target=\"_blank\" rel=\"noreferrer noopener\">L`Anguleru<\/a>. Foto: Eduardo Bre\u00f1a<\/figcaption><\/figure><\/div>\n\n\n<p>Cada primero de diciembre <strong>L\u2019Anguleru<\/strong> parte desde el lejano Mar de los Sargazos en su barco rumbo a las costas asturianas para desembarcar en la Playa L\u2019Arena. Unos d\u00edas antes de Nochebuena comienza su periplo por los diferentes concejos asturianos para recoger los \u00fatiles que necesitar\u00e1 para su misi\u00f3n m\u00e1s importante: cumplir los sue\u00f1os de los ni\u00f1os. <\/p>\n\n\n\n<p>Entre la noche de Nochebuena y la ma\u00f1ana de Navidad est\u00e1 muy ajetreado repartiendo regalos en su chalana por toda la regi\u00f3n. Para ello cuenta con el apoyo de algunos ayudantes, como el <strong>Farolero de Cand\u00e1s<\/strong>, los <strong>ruleros Xes\u00fas y Lolina<\/strong> en Avil\u00e9s, los <strong>Ocleros<\/strong> en Villaviciosa o los <strong>Tritones de L\u2019infiestu<\/strong>. Entre todos logran que la ma\u00f1ana de Navidad sea m\u00e1gica para todos los ni\u00f1os asturianos, que reciben, adem\u00e1s de regalos, los valiosos valores que comparte L\u2019Anguleru sobre el cuidado del medioambiente y el arraigo por el medio rural.<\/p>\n\n\n\n<iframe loading=\"lazy\" width=\"560\" height=\"315\" src=\"https:\/\/www.youtube.com\/embed\/oiAnYThQSV0\" title=\"YouTube video player\" frameborder=\"0\" allow=\"accelerometer; autoplay; clipboard-write; encrypted-media; gyroscope; picture-in-picture\" allowfullscreen><\/iframe>\n\n\n\n<div style=\"height:100px\" aria-hidden=\"true\" class=\"wp-block-spacer\"><\/div>\n\n\n\n<h3 class=\"wp-block-heading\">El Apalpador en Galicia<\/h3>\n\n\n\n<p>En la Nochebuena y el Fin de A\u00f1o baja de las monta\u00f1as del interior de Lugo <strong>O Apalpador<\/strong>, un gigante carbonero bonach\u00f3n, que fuma en pipa y viste chaqueta y pantal\u00f3n con remiendos. Mientras duermen los ni\u00f1os, los visita para palparles la barriga y as\u00ed ver si han comido bien todo el a\u00f1o. Al despertar encontrar\u00e1n un pu\u00f1ado de casta\u00f1as\u2026 y alg\u00fan regalito.<\/p>\n\n\n\n<div style=\"height:100px\" aria-hidden=\"true\" class=\"wp-block-spacer\"><\/div>\n\n\n\n<h3 class=\"wp-block-heading\">El Esteru de Cantabria<\/h3>\n\n\n<div class=\"wp-block-image\">\n<figure class=\"aligncenter size-full is-resized\"><img decoding=\"async\" src=\"https:\/\/www.canariasviaja.com\/viajaresvivir\/wp-content\/uploads\/2021\/12\/el-esteru.jpg\" alt=\"El esteru otros Pap\u00e1 Noel\" class=\"wp-image-8011\" width=\"400\" srcset=\"https:\/\/www.canariasviaja.com\/viajaresvivir\/wp-content\/uploads\/2021\/12\/el-esteru.jpg 677w, https:\/\/www.canariasviaja.com\/viajaresvivir\/wp-content\/uploads\/2021\/12\/el-esteru-212x300.jpg 212w\" sizes=\"(max-width: 677px) 100vw, 677px\" \/><\/figure><\/div>\n\n\n<p>Desde las monta\u00f1as de Comillas, baja cada Navidad un viejo le\u00f1ador llamado <strong>Esteru<\/strong>. Por unos d\u00edas deja su hacha y, acompa\u00f1ado de su \u201cburru\u201d y un bast\u00f3n, reparte ilusi\u00f3n y juguetes entre los ni\u00f1os.<\/p>\n\n\n\n<p>Cuenta la leyenda que el Esteru fue un ni\u00f1o al que hab\u00edan abandonado en el bosque y fue criado por una pareja de le\u00f1adores, a los que hizo muy felices. Ya de adulto, cuando sus padres hab\u00edan fallecido, fue al rescate de unos ni\u00f1os hu\u00e9rfanos cuya casa estaba en llamas. En el rescate falleci\u00f3, pero una voz &nbsp;acompa\u00f1ada de luz le devolvi\u00f3 la vida y le encomend\u00f3 la misi\u00f3n de hacer felices a los ni\u00f1os.<\/p>\n\n\n\n<p>Ahora cada Navidad despierta las sonrisas de los m\u00e1s peque\u00f1os.<\/p>\n\n\n\n<p>En la <strong>Taberna Tresca\u00f1os <\/strong>de Comillas cada a\u00f1o lo recuerdan en su <strong>bel\u00e9n tradicional c\u00e1ntabro<\/strong>.<\/p>\n\n\n\n<iframe loading=\"lazy\" src=\"https:\/\/www.youtube.com\/embed\/xgDJHvcR7pY\" title=\"YouTube video player\" allow=\"accelerometer; autoplay; clipboard-write; encrypted-media; gyroscope; picture-in-picture\" allowfullscreen=\"\" width=\"560\" height=\"315\" frameborder=\"0\"><\/iframe>\n","protected":false},"excerpt":{"rendered":"<p>Entre la noche de Nochebuena y la madrugada de Navidad el viejo Pap\u00e1 Noel tiene mucho trabajo entregando regalos y cumpliendo los deseos de los ni\u00f1os. Pero no est\u00e1 solo. En algunas zonas del norte de Espa\u00f1a otros personajes se ocupan de este trabajo: el Olentzero en el Pa\u00eds Vasco, el Apalpador en Galicia, el Esteru en la zona costera &hellip;<\/p>\n","protected":false},"author":2,"featured_media":8012,"comment_status":"open","ping_status":"open","sticky":false,"template":"","format":"standard","meta":{"_acf_changed":false,"sfsi_plus_gutenberg_text_before_share":"","sfsi_plus_gutenberg_show_text_before_share":"","sfsi_plus_gutenberg_icon_type":"","sfsi_plus_gutenberg_icon_alignemt":"","sfsi_plus_gutenburg_max_per_row":"","footnotes":""},"categories":[626,574,124,123,10,613,100,350,101,358],"tags":[611,456,238,282,720,118],"class_list":["post-8009","post","type-post","status-publish","format-standard","has-post-thumbnail","hentry","category-asturias","category-consejos-viajeros","category-descubre","category-explora","category-historias-viajeras","category-oviedo","category-peninsulaybaleares","category-santander-peninsulaybaleares","category-vigo","category-vitoria-gasteiz","tag-asturias","tag-cantabria","tag-galicia","tag-navidad","tag-pais-vasco","tag-tradiciones"],"acf":[],"yoast_head":"<!-- This site is optimized with the Yoast SEO plugin v24.1 - https:\/\/yoast.com\/wordpress\/plugins\/seo\/ -->\n<title>Los otros Pap\u00e1 Noel del norte de Espa\u00f1a - Viajar es vivir<\/title>\n<meta name=\"description\" content=\"Pap\u00e1 Noel no trabaja solo. En el norte de Espa\u00f1a otro personajes comparten su prop\u00f3sito de cumplir las ilusiones de los m\u00e1s peque\u00f1os.\" \/>\n<meta name=\"robots\" content=\"index, follow, max-snippet:-1, max-image-preview:large, max-video-preview:-1\" \/>\n<link rel=\"canonical\" href=\"https:\/\/www.canariasviaja.com\/viajaresvivir\/los-otros-papa-noel-del-norte-de-espana\/\" \/>\n<meta property=\"og:locale\" content=\"es_ES\" \/>\n<meta property=\"og:type\" content=\"article\" \/>\n<meta property=\"og:title\" content=\"Los otros Pap\u00e1 Noel del norte de Espa\u00f1a - Viajar es vivir\" \/>\n<meta property=\"og:description\" content=\"Pap\u00e1 Noel no trabaja solo. En el norte de Espa\u00f1a otro personajes comparten su prop\u00f3sito de cumplir las ilusiones de los m\u00e1s peque\u00f1os.\" \/>\n<meta property=\"og:url\" content=\"https:\/\/www.canariasviaja.com\/viajaresvivir\/los-otros-papa-noel-del-norte-de-espana\/\" \/>\n<meta property=\"og:site_name\" content=\"Viajar es vivir\" \/>\n<meta property=\"article:published_time\" content=\"2021-12-20T18:02:04+00:00\" \/>\n<meta property=\"article:modified_time\" content=\"2022-12-14T12:17:33+00:00\" \/>\n<meta property=\"og:image\" content=\"http:\/\/www.canariasviaja.com\/viajaresvivir\/wp-content\/uploads\/2021\/12\/LANGULERU-89-scaled.jpg\" \/>\n\t<meta property=\"og:image:width\" content=\"2560\" \/>\n\t<meta property=\"og:image:height\" content=\"1706\" \/>\n\t<meta property=\"og:image:type\" content=\"image\/jpeg\" \/>\n<meta name=\"author\" content=\"Patri C\u00e1mpora\" \/>\n<meta name=\"twitter:card\" content=\"summary_large_image\" \/>\n<meta name=\"twitter:label1\" content=\"Escrito por\" \/>\n\t<meta name=\"twitter:data1\" content=\"Patri C\u00e1mpora\" \/>\n\t<meta name=\"twitter:label2\" content=\"Tiempo de lectura\" \/>\n\t<meta name=\"twitter:data2\" content=\"4 minutos\" \/>\n<script type=\"application\/ld+json\" class=\"yoast-schema-graph\">{\"@context\":\"https:\/\/schema.org\",\"@graph\":[{\"@type\":\"WebPage\",\"@id\":\"https:\/\/www.canariasviaja.com\/viajaresvivir\/los-otros-papa-noel-del-norte-de-espana\/\",\"url\":\"https:\/\/www.canariasviaja.com\/viajaresvivir\/los-otros-papa-noel-del-norte-de-espana\/\",\"name\":\"Los otros Pap\u00e1 Noel del norte de Espa\u00f1a - Viajar es vivir\",\"isPartOf\":{\"@id\":\"https:\/\/www.canariasviaja.com\/viajaresvivir\/#website\"},\"primaryImageOfPage\":{\"@id\":\"https:\/\/www.canariasviaja.com\/viajaresvivir\/los-otros-papa-noel-del-norte-de-espana\/#primaryimage\"},\"image\":{\"@id\":\"https:\/\/www.canariasviaja.com\/viajaresvivir\/los-otros-papa-noel-del-norte-de-espana\/#primaryimage\"},\"thumbnailUrl\":\"https:\/\/www.canariasviaja.com\/viajaresvivir\/wp-content\/uploads\/2021\/12\/LANGULERU-89-scaled.jpg\",\"datePublished\":\"2021-12-20T18:02:04+00:00\",\"dateModified\":\"2022-12-14T12:17:33+00:00\",\"author\":{\"@id\":\"https:\/\/www.canariasviaja.com\/viajaresvivir\/#\/schema\/person\/085949651001325f1244a8bc1b34709c\"},\"description\":\"Pap\u00e1 Noel no trabaja solo. En el norte de Espa\u00f1a otro personajes comparten su prop\u00f3sito de cumplir las ilusiones de los m\u00e1s peque\u00f1os.\",\"breadcrumb\":{\"@id\":\"https:\/\/www.canariasviaja.com\/viajaresvivir\/los-otros-papa-noel-del-norte-de-espana\/#breadcrumb\"},\"inLanguage\":\"es\",\"potentialAction\":[{\"@type\":\"ReadAction\",\"target\":[\"https:\/\/www.canariasviaja.com\/viajaresvivir\/los-otros-papa-noel-del-norte-de-espana\/\"]}]},{\"@type\":\"ImageObject\",\"inLanguage\":\"es\",\"@id\":\"https:\/\/www.canariasviaja.com\/viajaresvivir\/los-otros-papa-noel-del-norte-de-espana\/#primaryimage\",\"url\":\"https:\/\/www.canariasviaja.com\/viajaresvivir\/wp-content\/uploads\/2021\/12\/LANGULERU-89-scaled.jpg\",\"contentUrl\":\"https:\/\/www.canariasviaja.com\/viajaresvivir\/wp-content\/uploads\/2021\/12\/LANGULERU-89-scaled.jpg\",\"width\":2560,\"height\":1706,\"caption\":\"Los otro papa noel\"},{\"@type\":\"BreadcrumbList\",\"@id\":\"https:\/\/www.canariasviaja.com\/viajaresvivir\/los-otros-papa-noel-del-norte-de-espana\/#breadcrumb\",\"itemListElement\":[{\"@type\":\"ListItem\",\"position\":1,\"name\":\"Portada\",\"item\":\"https:\/\/www.canariasviaja.com\/viajaresvivir\/\"},{\"@type\":\"ListItem\",\"position\":2,\"name\":\"Los otros Pap\u00e1 Noel del norte de Espa\u00f1a\"}]},{\"@type\":\"WebSite\",\"@id\":\"https:\/\/www.canariasviaja.com\/viajaresvivir\/#website\",\"url\":\"https:\/\/www.canariasviaja.com\/viajaresvivir\/\",\"name\":\"Viajar es vivir\",\"description\":\"El blog de viajes y estilo de vida de CanariasViaja\",\"potentialAction\":[{\"@type\":\"SearchAction\",\"target\":{\"@type\":\"EntryPoint\",\"urlTemplate\":\"https:\/\/www.canariasviaja.com\/viajaresvivir\/?s={search_term_string}\"},\"query-input\":{\"@type\":\"PropertyValueSpecification\",\"valueRequired\":true,\"valueName\":\"search_term_string\"}}],\"inLanguage\":\"es\"},{\"@type\":\"Person\",\"@id\":\"https:\/\/www.canariasviaja.com\/viajaresvivir\/#\/schema\/person\/085949651001325f1244a8bc1b34709c\",\"name\":\"Patri C\u00e1mpora\",\"image\":{\"@type\":\"ImageObject\",\"inLanguage\":\"es\",\"@id\":\"https:\/\/www.canariasviaja.com\/viajaresvivir\/#\/schema\/person\/image\/\",\"url\":\"https:\/\/secure.gravatar.com\/avatar\/b2ce2c4086a5776e5310f57c1a2e5b4e?s=96&d=mm&r=g\",\"contentUrl\":\"https:\/\/secure.gravatar.com\/avatar\/b2ce2c4086a5776e5310f57c1a2e5b4e?s=96&d=mm&r=g\",\"caption\":\"Patri C\u00e1mpora\"},\"url\":\"https:\/\/www.canariasviaja.com\/viajaresvivir\/author\/patri\/\"}]}<\/script>\n<!-- \/ Yoast SEO plugin. -->","yoast_head_json":{"title":"Los otros Pap\u00e1 Noel del norte de Espa\u00f1a - Viajar es vivir","description":"Pap\u00e1 Noel no trabaja solo. En el norte de Espa\u00f1a otro personajes comparten su prop\u00f3sito de cumplir las ilusiones de los m\u00e1s peque\u00f1os.","robots":{"index":"index","follow":"follow","max-snippet":"max-snippet:-1","max-image-preview":"max-image-preview:large","max-video-preview":"max-video-preview:-1"},"canonical":"https:\/\/www.canariasviaja.com\/viajaresvivir\/los-otros-papa-noel-del-norte-de-espana\/","og_locale":"es_ES","og_type":"article","og_title":"Los otros Pap\u00e1 Noel del norte de Espa\u00f1a - Viajar es vivir","og_description":"Pap\u00e1 Noel no trabaja solo. En el norte de Espa\u00f1a otro personajes comparten su prop\u00f3sito de cumplir las ilusiones de los m\u00e1s peque\u00f1os.","og_url":"https:\/\/www.canariasviaja.com\/viajaresvivir\/los-otros-papa-noel-del-norte-de-espana\/","og_site_name":"Viajar es vivir","article_published_time":"2021-12-20T18:02:04+00:00","article_modified_time":"2022-12-14T12:17:33+00:00","og_image":[{"width":2560,"height":1706,"url":"http:\/\/www.canariasviaja.com\/viajaresvivir\/wp-content\/uploads\/2021\/12\/LANGULERU-89-scaled.jpg","type":"image\/jpeg"}],"author":"Patri C\u00e1mpora","twitter_card":"summary_large_image","twitter_misc":{"Escrito por":"Patri C\u00e1mpora","Tiempo de lectura":"4 minutos"},"schema":{"@context":"https:\/\/schema.org","@graph":[{"@type":"WebPage","@id":"https:\/\/www.canariasviaja.com\/viajaresvivir\/los-otros-papa-noel-del-norte-de-espana\/","url":"https:\/\/www.canariasviaja.com\/viajaresvivir\/los-otros-papa-noel-del-norte-de-espana\/","name":"Los otros Pap\u00e1 Noel del norte de Espa\u00f1a - Viajar es vivir","isPartOf":{"@id":"https:\/\/www.canariasviaja.com\/viajaresvivir\/#website"},"primaryImageOfPage":{"@id":"https:\/\/www.canariasviaja.com\/viajaresvivir\/los-otros-papa-noel-del-norte-de-espana\/#primaryimage"},"image":{"@id":"https:\/\/www.canariasviaja.com\/viajaresvivir\/los-otros-papa-noel-del-norte-de-espana\/#primaryimage"},"thumbnailUrl":"https:\/\/www.canariasviaja.com\/viajaresvivir\/wp-content\/uploads\/2021\/12\/LANGULERU-89-scaled.jpg","datePublished":"2021-12-20T18:02:04+00:00","dateModified":"2022-12-14T12:17:33+00:00","author":{"@id":"https:\/\/www.canariasviaja.com\/viajaresvivir\/#\/schema\/person\/085949651001325f1244a8bc1b34709c"},"description":"Pap\u00e1 Noel no trabaja solo. En el norte de Espa\u00f1a otro personajes comparten su prop\u00f3sito de cumplir las ilusiones de los m\u00e1s peque\u00f1os.","breadcrumb":{"@id":"https:\/\/www.canariasviaja.com\/viajaresvivir\/los-otros-papa-noel-del-norte-de-espana\/#breadcrumb"},"inLanguage":"es","potentialAction":[{"@type":"ReadAction","target":["https:\/\/www.canariasviaja.com\/viajaresvivir\/los-otros-papa-noel-del-norte-de-espana\/"]}]},{"@type":"ImageObject","inLanguage":"es","@id":"https:\/\/www.canariasviaja.com\/viajaresvivir\/los-otros-papa-noel-del-norte-de-espana\/#primaryimage","url":"https:\/\/www.canariasviaja.com\/viajaresvivir\/wp-content\/uploads\/2021\/12\/LANGULERU-89-scaled.jpg","contentUrl":"https:\/\/www.canariasviaja.com\/viajaresvivir\/wp-content\/uploads\/2021\/12\/LANGULERU-89-scaled.jpg","width":2560,"height":1706,"caption":"Los otro papa noel"},{"@type":"BreadcrumbList","@id":"https:\/\/www.canariasviaja.com\/viajaresvivir\/los-otros-papa-noel-del-norte-de-espana\/#breadcrumb","itemListElement":[{"@type":"ListItem","position":1,"name":"Portada","item":"https:\/\/www.canariasviaja.com\/viajaresvivir\/"},{"@type":"ListItem","position":2,"name":"Los otros Pap\u00e1 Noel del norte de Espa\u00f1a"}]},{"@type":"WebSite","@id":"https:\/\/www.canariasviaja.com\/viajaresvivir\/#website","url":"https:\/\/www.canariasviaja.com\/viajaresvivir\/","name":"Viajar es vivir","description":"El blog de viajes y estilo de vida de CanariasViaja","potentialAction":[{"@type":"SearchAction","target":{"@type":"EntryPoint","urlTemplate":"https:\/\/www.canariasviaja.com\/viajaresvivir\/?s={search_term_string}"},"query-input":{"@type":"PropertyValueSpecification","valueRequired":true,"valueName":"search_term_string"}}],"inLanguage":"es"},{"@type":"Person","@id":"https:\/\/www.canariasviaja.com\/viajaresvivir\/#\/schema\/person\/085949651001325f1244a8bc1b34709c","name":"Patri C\u00e1mpora","image":{"@type":"ImageObject","inLanguage":"es","@id":"https:\/\/www.canariasviaja.com\/viajaresvivir\/#\/schema\/person\/image\/","url":"https:\/\/secure.gravatar.com\/avatar\/b2ce2c4086a5776e5310f57c1a2e5b4e?s=96&d=mm&r=g","contentUrl":"https:\/\/secure.gravatar.com\/avatar\/b2ce2c4086a5776e5310f57c1a2e5b4e?s=96&d=mm&r=g","caption":"Patri C\u00e1mpora"},"url":"https:\/\/www.canariasviaja.com\/viajaresvivir\/author\/patri\/"}]}},"_links":{"self":[{"href":"https:\/\/www.canariasviaja.com\/viajaresvivir\/wp-json\/wp\/v2\/posts\/8009"}],"collection":[{"href":"https:\/\/www.canariasviaja.com\/viajaresvivir\/wp-json\/wp\/v2\/posts"}],"about":[{"href":"https:\/\/www.canariasviaja.com\/viajaresvivir\/wp-json\/wp\/v2\/types\/post"}],"author":[{"embeddable":true,"href":"https:\/\/www.canariasviaja.com\/viajaresvivir\/wp-json\/wp\/v2\/users\/2"}],"replies":[{"embeddable":true,"href":"https:\/\/www.canariasviaja.com\/viajaresvivir\/wp-json\/wp\/v2\/comments?post=8009"}],"version-history":[{"count":8,"href":"https:\/\/www.canariasviaja.com\/viajaresvivir\/wp-json\/wp\/v2\/posts\/8009\/revisions"}],"predecessor-version":[{"id":9868,"href":"https:\/\/www.canariasviaja.com\/viajaresvivir\/wp-json\/wp\/v2\/posts\/8009\/revisions\/9868"}],"wp:featuredmedia":[{"embeddable":true,"href":"https:\/\/www.canariasviaja.com\/viajaresvivir\/wp-json\/wp\/v2\/media\/8012"}],"wp:attachment":[{"href":"https:\/\/www.canariasviaja.com\/viajaresvivir\/wp-json\/wp\/v2\/media?parent=8009"}],"wp:term":[{"taxonomy":"category","embeddable":true,"href":"https:\/\/www.canariasviaja.com\/viajaresvivir\/wp-json\/wp\/v2\/categories?post=8009"},{"taxonomy":"post_tag","embeddable":true,"href":"https:\/\/www.canariasviaja.com\/viajaresvivir\/wp-json\/wp\/v2\/tags?post=8009"}],"curies":[{"name":"wp","href":"https:\/\/api.w.org\/{rel}","templated":true}]}}