{"id":8049,"date":"2022-01-19T14:46:45","date_gmt":"2022-01-19T14:46:45","guid":{"rendered":"https:\/\/www.canariasviaja.com\/viajaresvivir\/?p=8049"},"modified":"2022-01-20T11:42:53","modified_gmt":"2022-01-20T11:42:53","slug":"almendros-en-flor-en-tejeda","status":"publish","type":"post","link":"https:\/\/www.canariasviaja.com\/viajaresvivir\/almendros-en-flor-en-tejeda\/","title":{"rendered":"Almendros en flor en Tejeda"},"content":{"rendered":"\n<p>Con la llegada del invierno, <strong>los almendros empiezan a te\u00f1ir de blancos y rosas<\/strong> los paisajes de<br>las <a href=\"https:\/\/www.canariasviaja.com\/viajaresvivir\/regreso-a-la-cumbre-de-gran-canaria\/\">cumbres<\/a> de Canarias. En el pueblo de Tejeda, uno de los m\u00e1s bonitos de Gran Canaria y de<br>Espa\u00f1a, la <strong>floraci\u00f3n de los almendros<\/strong> es motivo de celebraci\u00f3n cada a\u00f1o.<\/p>\n\n\n\n<div class=\"wp-block-image\"><figure class=\"alignleft size-full\"><img loading=\"lazy\" decoding=\"async\" width=\"984\" height=\"656\" src=\"http:\/\/www.canariasviaja.com\/viajaresvivir\/wp-content\/uploads\/2022\/01\/Almendros-en-Flor-11.jpg\" alt=\"almendros en flor en tejeda\" class=\"wp-image-8052\" srcset=\"https:\/\/www.canariasviaja.com\/viajaresvivir\/wp-content\/uploads\/2022\/01\/Almendros-en-Flor-11.jpg 984w, https:\/\/www.canariasviaja.com\/viajaresvivir\/wp-content\/uploads\/2022\/01\/Almendros-en-Flor-11-300x200.jpg 300w, https:\/\/www.canariasviaja.com\/viajaresvivir\/wp-content\/uploads\/2022\/01\/Almendros-en-Flor-11-768x512.jpg 768w\" sizes=\"(max-width: 984px) 100vw, 984px\" \/><\/figure><\/div>\n\n\n\n<div style=\"height:100px\" aria-hidden=\"true\" class=\"wp-block-spacer\"><\/div>\n\n\n\n<h3 class=\"wp-block-heading\">Una fiesta con historia<\/h3>\n\n\n\n<p>El origen de esta fiesta est\u00e1 en otra llamada PUM 70, celebrada durante la floraci\u00f3n de los<br>almendros en 1970 y organizada por el club juvenil de Tejeda. Fue tal el \u00e9xito y acogida que<br>tuvo que el Ayuntamiento se uni\u00f3 a la celebraci\u00f3n de la siguiente edici\u00f3n, pasando a<br>denominarse <strong>Fiestas del Almendro en Flor,<\/strong> nombre que se ha perpetuado hasta nuestros d\u00edas.<\/p>\n\n\n\n<p>Las fiestas, pioneras en las islas, se han seguido celebrando desde entonces el primer fin de<br>semana de febrero bajo el auspicio del Ayuntamiento. Esta fiesta gira, desde sus inicios, en<br>torno al mantenimiento y realce de las costumbres canarias a trav\u00e9s del folclore, la artesan\u00eda,<br>la gastronom\u00eda, los bailes y juegos t\u00edpicos y las muestras de los oficios tradicionales. Durante<br>unos d\u00edas, <strong>Tejeda presume orgullosa de su canariedad.<\/strong><\/p>\n\n\n\n<p>Este a\u00f1o las fiestas no se podr\u00e1n celebrar por segundo a\u00f1o consecutivo con motivo de la pandemia, pero podemos seguir disfrutando a nuestro aire de este bello acontecimiento que nis regala la naturaleza.<\/p>\n\n\n\n<div style=\"height:100px\" aria-hidden=\"true\" class=\"wp-block-spacer\"><\/div>\n\n\n\n<h3 class=\"wp-block-heading\">Tejeda, uno de los pueblos m\u00e1s bonitos de Espa\u00f1a<\/h3>\n\n\n\n<div class=\"wp-block-image\"><figure class=\"aligncenter size-full\"><img loading=\"lazy\" decoding=\"async\" width=\"1024\" height=\"683\" src=\"http:\/\/www.canariasviaja.com\/viajaresvivir\/wp-content\/uploads\/2022\/01\/Vista-pueblo-con-el-Roque-Bentayga-de-fondo.jpg\" alt=\"Vista de Tejeda\" class=\"wp-image-8063\" srcset=\"https:\/\/www.canariasviaja.com\/viajaresvivir\/wp-content\/uploads\/2022\/01\/Vista-pueblo-con-el-Roque-Bentayga-de-fondo.jpg 1024w, https:\/\/www.canariasviaja.com\/viajaresvivir\/wp-content\/uploads\/2022\/01\/Vista-pueblo-con-el-Roque-Bentayga-de-fondo-300x200.jpg 300w, https:\/\/www.canariasviaja.com\/viajaresvivir\/wp-content\/uploads\/2022\/01\/Vista-pueblo-con-el-Roque-Bentayga-de-fondo-768x512.jpg 768w\" sizes=\"(max-width: 1024px) 100vw, 1024px\" \/><figcaption>Vista de Tejeda con el Roque Bentayga<\/figcaption><\/figure><\/div>\n\n\n\n<p>El pueblo de Tejeda forma parte, desde 2015, del selecto club de los <strong><a href=\"https:\/\/www.lospueblosmasbonitosdeespana.org\/canarias\/https-tejeda-eu\" target=\"_blank\" rel=\"noreferrer noopener\">pueblos m\u00e1s bonitos de<br>Espa\u00f1a. <\/a><\/strong>Razones no le faltan.<\/p>\n\n\n\n<p><strong>Unamuno<\/strong> ya describi\u00f3 su paisaje como <em>\u201ctempestad petrificada\u201d<\/em>. Su gran depresi\u00f3n,<br>erosionada por la fuerza de las aguas y los volcanes, ha dado lugar a una orograf\u00eda que<br>impresiona. Tierra de abor\u00edgenes, que habitaban las cuevas que se convirtieron con el paso de<br>los siglos en casas-cuevas, de agricultores, ganaderos y artesanos.<\/p>\n\n\n\n<p>Adem\u00e1s de su impresionante paisaje, Tejeda tiene muchos encantos para el disfrute del visitante. Te invitamos a que des un paseo por los peque\u00f1os callejones del casco hist\u00f3rico y que entres en la Iglesia de <strong>Nuestra Se\u00f1ora del Socorro<\/strong>, que encontrar\u00e1s abierta por la ma\u00f1ana. Frente a ella, el <strong><a href=\"https:\/\/tejeda.eu\/museo-abraham-cardenes\" target=\"_blank\" rel=\"noreferrer noopener\">Museo de Abraham C\u00e1rdenes<\/a><\/strong>, un reconocido escultor nacido en Tejeda. A tan solo 5 minutos del casco se encuentra otro interesante lugar, el <a href=\"https:\/\/tejeda.eu\/instalaciones\/centro-plantas-medicinales-de-tejeda\" target=\"_blank\" rel=\"noreferrer noopener\"><strong>Centro de Plantas Medicinales<\/strong><\/a>. Un  peque\u00f1o y singular museo dedicado a las plantas de la zona y a su uso como remedios naturales, en cu\u00e1l podr\u00e1s degustar una taza de infusi\u00f3n calentita.<\/p>\n\n\n\n<div class=\"wp-block-image\"><figure class=\"aligncenter size-full is-resized\"><img loading=\"lazy\" decoding=\"async\" src=\"http:\/\/www.canariasviaja.com\/viajaresvivir\/wp-content\/uploads\/2022\/01\/Iglesia.jpg\" alt=\"Iglesia de Tejeda\" class=\"wp-image-8061\" width=\"840\" height=\"560\" srcset=\"https:\/\/www.canariasviaja.com\/viajaresvivir\/wp-content\/uploads\/2022\/01\/Iglesia.jpg 1024w, https:\/\/www.canariasviaja.com\/viajaresvivir\/wp-content\/uploads\/2022\/01\/Iglesia-300x200.jpg 300w, https:\/\/www.canariasviaja.com\/viajaresvivir\/wp-content\/uploads\/2022\/01\/Iglesia-768x512.jpg 768w\" sizes=\"(max-width: 840px) 100vw, 840px\" \/><figcaption>Iglesia de Nuestra Se\u00f1ora del Socorro<\/figcaption><\/figure><\/div>\n\n\n\n<p>Cerca de de all\u00ed se puede visitar tambi\u00e9n el <strong><a href=\"https:\/\/riscocaido.grancanaria.com\/centro-de-interpretacion-de-risco-caido\" target=\"_blank\" rel=\"noreferrer noopener\">Centro de Informaci\u00f3n de Risco Ca\u00eddo y las Monta\u00f1as Sagradas<\/a><\/strong>, un espacio dedicado al entorno \u00fanico que nos rodea, el cu\u00e1l fue nombrado <strong>patrimonio de la Humanidad por la Unesco<\/strong> en julio de 2019.<\/p>\n\n\n\n<p>Tejeda es pueblo que conserva su esencia y que pone en valor su historia, paisaje y tradiciones.<\/p>\n\n\n\n<div style=\"height:100px\" aria-hidden=\"true\" class=\"wp-block-spacer\"><\/div>\n\n\n\n<h3 class=\"wp-block-heading\">Disfrutar con los todos sentidos<\/h3>\n\n\n\n<figure class=\"wp-block-image size-full\"><img loading=\"lazy\" decoding=\"async\" width=\"984\" height=\"656\" src=\"http:\/\/www.canariasviaja.com\/viajaresvivir\/wp-content\/uploads\/2022\/01\/Almendros-en-Flor-44.jpg\" alt=\"almendros en flor en Tejeda\" class=\"wp-image-8055\" srcset=\"https:\/\/www.canariasviaja.com\/viajaresvivir\/wp-content\/uploads\/2022\/01\/Almendros-en-Flor-44.jpg 984w, https:\/\/www.canariasviaja.com\/viajaresvivir\/wp-content\/uploads\/2022\/01\/Almendros-en-Flor-44-300x200.jpg 300w, https:\/\/www.canariasviaja.com\/viajaresvivir\/wp-content\/uploads\/2022\/01\/Almendros-en-Flor-44-768x512.jpg 768w\" sizes=\"(max-width: 984px) 100vw, 984px\" \/><\/figure>\n\n\n\n<p>La floraci\u00f3n de los almendros es un <strong>espect\u00e1culo para los sentidos<\/strong>. Las delicadas flores ti\u00f1en de<br>color los almendros y el campo grancanario se pone guapo, invit\u00e1ndonos a salir a deleitarnos con su belleza.<\/p>\n\n\n\n<p>Para contemplar este espect\u00e1culo tan solo necesitamos emprender nuestra <strong>ruta en coche<\/strong><br>hacia la cumbre. Si venimos <strong>desde Las Palmas de Gran Canaria<\/strong>, en la misma carretera pasando San<br>Mateo podremos comenzar a ver almendros en flor. Llegando a la Cruz de Tejeda, debemos parar para disfrutar de las vistas espectaculares desde el mirador de la caldera de Tejeda. Bajando al pueblo los almendros seguir\u00e1n sorprendi\u00e9ndonos en las orillas de la carretera y en la entrada a Tejeda. <\/p>\n\n\n\n<p>Si tomamos la <strong>ruta desde el sur <\/strong>de la isla, a nuestro paso por Ayacata ya estaremos rodeados de ellos.<\/p>\n\n\n\n<p>Pero si realmente quieres disfrutar de cerca de su belleza, te recomendamos que te calces tus<br>botas de monta\u00f1a y que recorras una de las dos <strong>rutas a pie<\/strong> que salen de Tejeda y que te sumergir\u00e1n en este paisaje de belleza ef\u00edmera. En la <strong>oficina de turismo de Tejeda<\/strong>, ubicada cerca de la gasolinera del<br>pueblo (lunes a viernes de 10h a 17h y los fines de semana de 10:30h a 15:30. Tel: 928 666 189) te podr\u00e1n dar informaci\u00f3n detallada sobre las rutas y sobre los atractivos de la zona.<\/p>\n\n\n\n<p>La <strong><a href=\"https:\/\/tejeda.eu\/turismo\/ruta?rid=82\" target=\"_blank\" rel=\"noreferrer noopener\">ruta de Tejeda- La Culata- Cruz de Timagada- Tejeda<\/a><\/strong>, es una ruta circular de dificultad baja-<br>media que podemos recorrer en unas 3,5 horas, ascendiendo a una altitud de casi 1.300<br>metros, lo que nos permitir\u00e1 disfrutar de unas bonitas vistas de toda la zona y del Roque<br>Nublo.<\/p>\n\n\n\n<p>Si queremos una <strong>ruta m\u00e1s exigente<\/strong>, podemos elegir la <strong><a href=\"https:\/\/tejeda.eu\/turismo\/ruta?rid=83\" target=\"_blank\" rel=\"noreferrer noopener\">ruta de La Culata &#8211; Roque Nublo \u2013 La<br>Goleta \u2013 La Culata<\/a><\/strong>. Esta ruta circular de unas 4 horas, nos llevar\u00e1 a los pies del Roque Nublo,<br>con una dificultad media-alta. Pero las vistas que obtendremos valdr\u00e1n la pena la subida y nos<br>ayudar\u00e1n a aguantar la bajada.<\/p>\n\n\n\n<div style=\"height:100px\" aria-hidden=\"true\" class=\"wp-block-spacer\"><\/div>\n\n\n\n<h3 class=\"wp-block-heading\">El sabor de las almendras<\/h3>\n\n\n\n<div class=\"wp-block-image\"><figure class=\"aligncenter size-full\"><img loading=\"lazy\" decoding=\"async\" width=\"437\" height=\"656\" src=\"http:\/\/www.canariasviaja.com\/viajaresvivir\/wp-content\/uploads\/2022\/01\/Almendros-en-Flor-39.jpg\" alt=\"Almendros en flor en Tejeda\" class=\"wp-image-8054\" srcset=\"https:\/\/www.canariasviaja.com\/viajaresvivir\/wp-content\/uploads\/2022\/01\/Almendros-en-Flor-39.jpg 437w, https:\/\/www.canariasviaja.com\/viajaresvivir\/wp-content\/uploads\/2022\/01\/Almendros-en-Flor-39-200x300.jpg 200w\" sizes=\"(max-width: 437px) 100vw, 437px\" \/><\/figure><\/div>\n\n\n\n<p>Despu\u00e9s de una de estas rutas, tendremos que reponer energ\u00edas. En Tejeda podremos<br>disfrutar de este fruto en diferentes preparaciones.<\/p>\n\n\n\n<p>Para los golosos, <strong>dulces de almendras y bienmesabe<\/strong>. Los que producen desde hace 75 a\u00f1os en<br>la <strong><a href=\"https:\/\/www.tripadvisor.es\/Restaurant_Review-g1006045-d8181320-Reviews-Dulceria_Nublo-Tejeda_Gran_Canaria_Canary_Islands.html\" target=\"_blank\" rel=\"noreferrer noopener\">Dulcer\u00eda Nublo<\/a><\/strong> o los de la m\u00e1s reciente <strong>Dulces de Tejeda<\/strong>. En las mismas tambi\u00e9n podr\u00e1n comprar las<br>ricas almendras de la zona al natural.<\/p>\n\n\n\n<p>Para los amantes del salado, podr\u00e1n degustarlas en <strong>mojos o ensaladas <\/strong>en los numerosos<br><strong><a href=\"https:\/\/www.tripadvisor.es\/Restaurants-g1006045-Tejeda_Gran_Canaria_Canary_Islands.html\" target=\"_blank\" rel=\"noreferrer noopener\">restaurantes<\/a> <\/strong>del pueblo.<\/p>\n\n\n\n<div style=\"height:100px\" aria-hidden=\"true\" class=\"wp-block-spacer\"><\/div>\n\n\n\n<figure class=\"wp-block-image size-full\"><img loading=\"lazy\" decoding=\"async\" width=\"984\" height=\"656\" src=\"http:\/\/www.canariasviaja.com\/viajaresvivir\/wp-content\/uploads\/2022\/01\/Almendros-en-Flor-20.jpg\" alt=\"Almendros en flor en Tejeda\" class=\"wp-image-8053\" srcset=\"https:\/\/www.canariasviaja.com\/viajaresvivir\/wp-content\/uploads\/2022\/01\/Almendros-en-Flor-20.jpg 984w, https:\/\/www.canariasviaja.com\/viajaresvivir\/wp-content\/uploads\/2022\/01\/Almendros-en-Flor-20-300x200.jpg 300w, https:\/\/www.canariasviaja.com\/viajaresvivir\/wp-content\/uploads\/2022\/01\/Almendros-en-Flor-20-768x512.jpg 768w\" sizes=\"(max-width: 984px) 100vw, 984px\" \/><\/figure>\n\n\n\n<p>En tan solo unas semanas, los almendros comenzar\u00e1n a perder sus flores para que dentro de<br>unos meses los agricultores puedan recolectar sus preciados frutos. Aprovechemos estos d\u00edas<br>para disfrutar de uno de los espect\u00e1culos m\u00e1s bellos que nos regala la naturaleza en Gran<br>Canaria, <strong>la floraci\u00f3n de los almendros de Tejeda<\/strong>.<\/p>\n\n\n\n<div style=\"height:100px\" aria-hidden=\"true\" class=\"wp-block-spacer\"><\/div>\n\n\n\n<div class=\"wp-block-buttons is-content-justification-center is-layout-flex wp-block-buttons-is-layout-flex\">\n<div class=\"wp-block-button\"><a class=\"wp-block-button__link\" href=\"https:\/\/bit.ly\/3FH3b7M\">\u00a1Disfruta de los almendros en flor!<\/a><\/div>\n<\/div>\n\n\n\n<div style=\"height:100px\" aria-hidden=\"true\" class=\"wp-block-spacer\"><\/div>\n\n\n\n<p>Gracias a la Informaci\u00f3n Tur\u00edstica de Tejeda y a Beatrix Betsy, informadora tur\u00edstica.<\/p>\n\n\n\n<p><\/p>\n","protected":false},"excerpt":{"rendered":"<p>Con la llegada del invierno, los almendros empiezan a te\u00f1ir de blancos y rosas los paisajes delas cumbres de Canarias. En el pueblo de Tejeda, uno de los m\u00e1s bonitos de Gran Canaria y deEspa\u00f1a, la floraci\u00f3n de los almendros es motivo de celebraci\u00f3n cada a\u00f1o. Una fiesta con historia El origen de esta fiesta est\u00e1 en otra llamada PUM &hellip;<\/p>\n","protected":false},"author":2,"featured_media":8062,"comment_status":"open","ping_status":"open","sticky":false,"template":"","format":"standard","meta":{"_acf_changed":false,"sfsi_plus_gutenberg_text_before_share":"","sfsi_plus_gutenberg_show_text_before_share":"","sfsi_plus_gutenberg_icon_type":"","sfsi_plus_gutenberg_icon_alignemt":"","sfsi_plus_gutenburg_max_per_row":"","footnotes":""},"categories":[9,124,123,10,11,126],"tags":[363,367,151,325,116,327],"class_list":["post-8049","post","type-post","status-publish","format-standard","has-post-thumbnail","hentry","category-canarias","category-descubre","category-explora","category-historias-viajeras","category-postales","category-saborea","tag-almendros-en-flor","tag-fotografia","tag-gastronomia","tag-gran-canaria","tag-senderismo","tag-tejeda"],"acf":[],"yoast_head":"<!-- This site is optimized with the Yoast SEO plugin v24.1 - https:\/\/yoast.com\/wordpress\/plugins\/seo\/ -->\n<title>Almendros en flor en Tejeda - Viajar es vivir<\/title>\n<meta name=\"description\" content=\"Los almendros en flor de Tejeda son un espect\u00e1culo que nos regala la naturaleza y una excusa perfecta para subir a la cumbre grancanaria.\" \/>\n<meta name=\"robots\" content=\"index, follow, max-snippet:-1, max-image-preview:large, max-video-preview:-1\" \/>\n<link rel=\"canonical\" href=\"https:\/\/www.canariasviaja.com\/viajaresvivir\/almendros-en-flor-en-tejeda\/\" \/>\n<meta property=\"og:locale\" content=\"es_ES\" \/>\n<meta property=\"og:type\" content=\"article\" \/>\n<meta property=\"og:title\" content=\"Almendros en flor en Tejeda - Viajar es vivir\" \/>\n<meta property=\"og:description\" content=\"Los almendros en flor de Tejeda son un espect\u00e1culo que nos regala la naturaleza y una excusa perfecta para subir a la cumbre grancanaria.\" \/>\n<meta property=\"og:url\" content=\"https:\/\/www.canariasviaja.com\/viajaresvivir\/almendros-en-flor-en-tejeda\/\" \/>\n<meta property=\"og:site_name\" content=\"Viajar es vivir\" \/>\n<meta property=\"article:published_time\" content=\"2022-01-19T14:46:45+00:00\" \/>\n<meta property=\"article:modified_time\" content=\"2022-01-20T11:42:53+00:00\" \/>\n<meta property=\"og:image\" content=\"http:\/\/www.canariasviaja.com\/viajaresvivir\/wp-content\/uploads\/2022\/01\/Parque-municipal-de-Tejeda.jpg\" \/>\n\t<meta property=\"og:image:width\" content=\"2000\" \/>\n\t<meta property=\"og:image:height\" content=\"1328\" \/>\n\t<meta property=\"og:image:type\" content=\"image\/jpeg\" \/>\n<meta name=\"author\" content=\"Patri C\u00e1mpora\" \/>\n<meta name=\"twitter:card\" content=\"summary_large_image\" \/>\n<meta name=\"twitter:label1\" content=\"Escrito por\" \/>\n\t<meta name=\"twitter:data1\" content=\"Patri C\u00e1mpora\" \/>\n\t<meta name=\"twitter:label2\" content=\"Tiempo de lectura\" \/>\n\t<meta name=\"twitter:data2\" content=\"6 minutos\" \/>\n<script type=\"application\/ld+json\" class=\"yoast-schema-graph\">{\"@context\":\"https:\/\/schema.org\",\"@graph\":[{\"@type\":\"WebPage\",\"@id\":\"https:\/\/www.canariasviaja.com\/viajaresvivir\/almendros-en-flor-en-tejeda\/\",\"url\":\"https:\/\/www.canariasviaja.com\/viajaresvivir\/almendros-en-flor-en-tejeda\/\",\"name\":\"Almendros en flor en Tejeda - Viajar es vivir\",\"isPartOf\":{\"@id\":\"https:\/\/www.canariasviaja.com\/viajaresvivir\/#website\"},\"primaryImageOfPage\":{\"@id\":\"https:\/\/www.canariasviaja.com\/viajaresvivir\/almendros-en-flor-en-tejeda\/#primaryimage\"},\"image\":{\"@id\":\"https:\/\/www.canariasviaja.com\/viajaresvivir\/almendros-en-flor-en-tejeda\/#primaryimage\"},\"thumbnailUrl\":\"https:\/\/www.canariasviaja.com\/viajaresvivir\/wp-content\/uploads\/2022\/01\/Parque-municipal-de-Tejeda.jpg\",\"datePublished\":\"2022-01-19T14:46:45+00:00\",\"dateModified\":\"2022-01-20T11:42:53+00:00\",\"author\":{\"@id\":\"https:\/\/www.canariasviaja.com\/viajaresvivir\/#\/schema\/person\/085949651001325f1244a8bc1b34709c\"},\"description\":\"Los almendros en flor de Tejeda son un espect\u00e1culo que nos regala la naturaleza y una excusa perfecta para subir a la cumbre grancanaria.\",\"breadcrumb\":{\"@id\":\"https:\/\/www.canariasviaja.com\/viajaresvivir\/almendros-en-flor-en-tejeda\/#breadcrumb\"},\"inLanguage\":\"es\",\"potentialAction\":[{\"@type\":\"ReadAction\",\"target\":[\"https:\/\/www.canariasviaja.com\/viajaresvivir\/almendros-en-flor-en-tejeda\/\"]}]},{\"@type\":\"ImageObject\",\"inLanguage\":\"es\",\"@id\":\"https:\/\/www.canariasviaja.com\/viajaresvivir\/almendros-en-flor-en-tejeda\/#primaryimage\",\"url\":\"https:\/\/www.canariasviaja.com\/viajaresvivir\/wp-content\/uploads\/2022\/01\/Parque-municipal-de-Tejeda.jpg\",\"contentUrl\":\"https:\/\/www.canariasviaja.com\/viajaresvivir\/wp-content\/uploads\/2022\/01\/Parque-municipal-de-Tejeda.jpg\",\"width\":2000,\"height\":1328,\"caption\":\"Almendros en flor en Tejeda\"},{\"@type\":\"BreadcrumbList\",\"@id\":\"https:\/\/www.canariasviaja.com\/viajaresvivir\/almendros-en-flor-en-tejeda\/#breadcrumb\",\"itemListElement\":[{\"@type\":\"ListItem\",\"position\":1,\"name\":\"Portada\",\"item\":\"https:\/\/www.canariasviaja.com\/viajaresvivir\/\"},{\"@type\":\"ListItem\",\"position\":2,\"name\":\"Almendros en flor en Tejeda\"}]},{\"@type\":\"WebSite\",\"@id\":\"https:\/\/www.canariasviaja.com\/viajaresvivir\/#website\",\"url\":\"https:\/\/www.canariasviaja.com\/viajaresvivir\/\",\"name\":\"Viajar es vivir\",\"description\":\"El blog de viajes y estilo de vida de CanariasViaja\",\"potentialAction\":[{\"@type\":\"SearchAction\",\"target\":{\"@type\":\"EntryPoint\",\"urlTemplate\":\"https:\/\/www.canariasviaja.com\/viajaresvivir\/?s={search_term_string}\"},\"query-input\":{\"@type\":\"PropertyValueSpecification\",\"valueRequired\":true,\"valueName\":\"search_term_string\"}}],\"inLanguage\":\"es\"},{\"@type\":\"Person\",\"@id\":\"https:\/\/www.canariasviaja.com\/viajaresvivir\/#\/schema\/person\/085949651001325f1244a8bc1b34709c\",\"name\":\"Patri C\u00e1mpora\",\"image\":{\"@type\":\"ImageObject\",\"inLanguage\":\"es\",\"@id\":\"https:\/\/www.canariasviaja.com\/viajaresvivir\/#\/schema\/person\/image\/\",\"url\":\"https:\/\/secure.gravatar.com\/avatar\/b2ce2c4086a5776e5310f57c1a2e5b4e?s=96&d=mm&r=g\",\"contentUrl\":\"https:\/\/secure.gravatar.com\/avatar\/b2ce2c4086a5776e5310f57c1a2e5b4e?s=96&d=mm&r=g\",\"caption\":\"Patri C\u00e1mpora\"},\"url\":\"https:\/\/www.canariasviaja.com\/viajaresvivir\/author\/patri\/\"}]}<\/script>\n<!-- \/ Yoast SEO plugin. -->","yoast_head_json":{"title":"Almendros en flor en Tejeda - Viajar es vivir","description":"Los almendros en flor de Tejeda son un espect\u00e1culo que nos regala la naturaleza y una excusa perfecta para subir a la cumbre grancanaria.","robots":{"index":"index","follow":"follow","max-snippet":"max-snippet:-1","max-image-preview":"max-image-preview:large","max-video-preview":"max-video-preview:-1"},"canonical":"https:\/\/www.canariasviaja.com\/viajaresvivir\/almendros-en-flor-en-tejeda\/","og_locale":"es_ES","og_type":"article","og_title":"Almendros en flor en Tejeda - Viajar es vivir","og_description":"Los almendros en flor de Tejeda son un espect\u00e1culo que nos regala la naturaleza y una excusa perfecta para subir a la cumbre grancanaria.","og_url":"https:\/\/www.canariasviaja.com\/viajaresvivir\/almendros-en-flor-en-tejeda\/","og_site_name":"Viajar es vivir","article_published_time":"2022-01-19T14:46:45+00:00","article_modified_time":"2022-01-20T11:42:53+00:00","og_image":[{"width":2000,"height":1328,"url":"http:\/\/www.canariasviaja.com\/viajaresvivir\/wp-content\/uploads\/2022\/01\/Parque-municipal-de-Tejeda.jpg","type":"image\/jpeg"}],"author":"Patri C\u00e1mpora","twitter_card":"summary_large_image","twitter_misc":{"Escrito por":"Patri C\u00e1mpora","Tiempo de lectura":"6 minutos"},"schema":{"@context":"https:\/\/schema.org","@graph":[{"@type":"WebPage","@id":"https:\/\/www.canariasviaja.com\/viajaresvivir\/almendros-en-flor-en-tejeda\/","url":"https:\/\/www.canariasviaja.com\/viajaresvivir\/almendros-en-flor-en-tejeda\/","name":"Almendros en flor en Tejeda - Viajar es vivir","isPartOf":{"@id":"https:\/\/www.canariasviaja.com\/viajaresvivir\/#website"},"primaryImageOfPage":{"@id":"https:\/\/www.canariasviaja.com\/viajaresvivir\/almendros-en-flor-en-tejeda\/#primaryimage"},"image":{"@id":"https:\/\/www.canariasviaja.com\/viajaresvivir\/almendros-en-flor-en-tejeda\/#primaryimage"},"thumbnailUrl":"https:\/\/www.canariasviaja.com\/viajaresvivir\/wp-content\/uploads\/2022\/01\/Parque-municipal-de-Tejeda.jpg","datePublished":"2022-01-19T14:46:45+00:00","dateModified":"2022-01-20T11:42:53+00:00","author":{"@id":"https:\/\/www.canariasviaja.com\/viajaresvivir\/#\/schema\/person\/085949651001325f1244a8bc1b34709c"},"description":"Los almendros en flor de Tejeda son un espect\u00e1culo que nos regala la naturaleza y una excusa perfecta para subir a la cumbre grancanaria.","breadcrumb":{"@id":"https:\/\/www.canariasviaja.com\/viajaresvivir\/almendros-en-flor-en-tejeda\/#breadcrumb"},"inLanguage":"es","potentialAction":[{"@type":"ReadAction","target":["https:\/\/www.canariasviaja.com\/viajaresvivir\/almendros-en-flor-en-tejeda\/"]}]},{"@type":"ImageObject","inLanguage":"es","@id":"https:\/\/www.canariasviaja.com\/viajaresvivir\/almendros-en-flor-en-tejeda\/#primaryimage","url":"https:\/\/www.canariasviaja.com\/viajaresvivir\/wp-content\/uploads\/2022\/01\/Parque-municipal-de-Tejeda.jpg","contentUrl":"https:\/\/www.canariasviaja.com\/viajaresvivir\/wp-content\/uploads\/2022\/01\/Parque-municipal-de-Tejeda.jpg","width":2000,"height":1328,"caption":"Almendros en flor en Tejeda"},{"@type":"BreadcrumbList","@id":"https:\/\/www.canariasviaja.com\/viajaresvivir\/almendros-en-flor-en-tejeda\/#breadcrumb","itemListElement":[{"@type":"ListItem","position":1,"name":"Portada","item":"https:\/\/www.canariasviaja.com\/viajaresvivir\/"},{"@type":"ListItem","position":2,"name":"Almendros en flor en Tejeda"}]},{"@type":"WebSite","@id":"https:\/\/www.canariasviaja.com\/viajaresvivir\/#website","url":"https:\/\/www.canariasviaja.com\/viajaresvivir\/","name":"Viajar es vivir","description":"El blog de viajes y estilo de vida de CanariasViaja","potentialAction":[{"@type":"SearchAction","target":{"@type":"EntryPoint","urlTemplate":"https:\/\/www.canariasviaja.com\/viajaresvivir\/?s={search_term_string}"},"query-input":{"@type":"PropertyValueSpecification","valueRequired":true,"valueName":"search_term_string"}}],"inLanguage":"es"},{"@type":"Person","@id":"https:\/\/www.canariasviaja.com\/viajaresvivir\/#\/schema\/person\/085949651001325f1244a8bc1b34709c","name":"Patri C\u00e1mpora","image":{"@type":"ImageObject","inLanguage":"es","@id":"https:\/\/www.canariasviaja.com\/viajaresvivir\/#\/schema\/person\/image\/","url":"https:\/\/secure.gravatar.com\/avatar\/b2ce2c4086a5776e5310f57c1a2e5b4e?s=96&d=mm&r=g","contentUrl":"https:\/\/secure.gravatar.com\/avatar\/b2ce2c4086a5776e5310f57c1a2e5b4e?s=96&d=mm&r=g","caption":"Patri C\u00e1mpora"},"url":"https:\/\/www.canariasviaja.com\/viajaresvivir\/author\/patri\/"}]}},"_links":{"self":[{"href":"https:\/\/www.canariasviaja.com\/viajaresvivir\/wp-json\/wp\/v2\/posts\/8049"}],"collection":[{"href":"https:\/\/www.canariasviaja.com\/viajaresvivir\/wp-json\/wp\/v2\/posts"}],"about":[{"href":"https:\/\/www.canariasviaja.com\/viajaresvivir\/wp-json\/wp\/v2\/types\/post"}],"author":[{"embeddable":true,"href":"https:\/\/www.canariasviaja.com\/viajaresvivir\/wp-json\/wp\/v2\/users\/2"}],"replies":[{"embeddable":true,"href":"https:\/\/www.canariasviaja.com\/viajaresvivir\/wp-json\/wp\/v2\/comments?post=8049"}],"version-history":[{"count":10,"href":"https:\/\/www.canariasviaja.com\/viajaresvivir\/wp-json\/wp\/v2\/posts\/8049\/revisions"}],"predecessor-version":[{"id":8073,"href":"https:\/\/www.canariasviaja.com\/viajaresvivir\/wp-json\/wp\/v2\/posts\/8049\/revisions\/8073"}],"wp:featuredmedia":[{"embeddable":true,"href":"https:\/\/www.canariasviaja.com\/viajaresvivir\/wp-json\/wp\/v2\/media\/8062"}],"wp:attachment":[{"href":"https:\/\/www.canariasviaja.com\/viajaresvivir\/wp-json\/wp\/v2\/media?parent=8049"}],"wp:term":[{"taxonomy":"category","embeddable":true,"href":"https:\/\/www.canariasviaja.com\/viajaresvivir\/wp-json\/wp\/v2\/categories?post=8049"},{"taxonomy":"post_tag","embeddable":true,"href":"https:\/\/www.canariasviaja.com\/viajaresvivir\/wp-json\/wp\/v2\/tags?post=8049"}],"curies":[{"name":"wp","href":"https:\/\/api.w.org\/{rel}","templated":true}]}}