{"id":8074,"date":"2022-01-24T15:14:44","date_gmt":"2022-01-24T15:14:44","guid":{"rendered":"https:\/\/www.canariasviaja.com\/viajaresvivir\/?p=8074"},"modified":"2022-02-09T12:51:37","modified_gmt":"2022-02-09T12:51:37","slug":"peter-lindbergh-a-coruna","status":"publish","type":"post","link":"https:\/\/www.canariasviaja.com\/viajaresvivir\/peter-lindbergh-a-coruna\/","title":{"rendered":"Peter Lindbergh: Untold Stories en A Coru\u00f1a"},"content":{"rendered":"\n<p><em>La exposici\u00f3n <strong>Untold Stories,<\/strong> del prestigioso fot\u00f3grafo de moda <strong>Peter Lindbergh, <\/strong>se expone en el Muelle de la Bater\u00eda de <strong><a href=\"https:\/\/www.canariasviaja.com\/viajaresvivir\/destination\/peninsula-y-baleares\/la-coruna\/\">A Coru\u00f1a<\/a> hasta el 28 de Febrero<\/strong>. Una ocasi\u00f3n <strong>\u00fanica en Espa\u00f1a<\/strong> para admirar el trabajo de este ic\u00f3nico fot\u00f3grafo que redefini\u00f3 el concepto de belleza.<\/em><\/p>\n\n\n\n<div style=\"height:100px\" aria-hidden=\"true\" class=\"wp-block-spacer\"><\/div>\n\n\n\n<div class=\"wp-block-image\"><figure class=\"aligncenter size-full\"><img loading=\"lazy\" decoding=\"async\" width=\"1024\" height=\"683\" src=\"http:\/\/www.canariasviaja.com\/viajaresvivir\/wp-content\/uploads\/2022\/01\/2.-Peter-Lindbergh-Untold-Stories.-Exhibition-in-A-Corun\u0303a-Spain.-Photo-Mathieu-Ridelle.jpg\" alt=\"Puerto de A Coru\u00f1a exposici\u00f3n Peter Lindbergh\" class=\"wp-image-8085\" srcset=\"https:\/\/www.canariasviaja.com\/viajaresvivir\/wp-content\/uploads\/2022\/01\/2.-Peter-Lindbergh-Untold-Stories.-Exhibition-in-A-Corun\u0303a-Spain.-Photo-Mathieu-Ridelle.jpg 1024w, https:\/\/www.canariasviaja.com\/viajaresvivir\/wp-content\/uploads\/2022\/01\/2.-Peter-Lindbergh-Untold-Stories.-Exhibition-in-A-Corun\u0303a-Spain.-Photo-Mathieu-Ridelle-300x200.jpg 300w, https:\/\/www.canariasviaja.com\/viajaresvivir\/wp-content\/uploads\/2022\/01\/2.-Peter-Lindbergh-Untold-Stories.-Exhibition-in-A-Corun\u0303a-Spain.-Photo-Mathieu-Ridelle-768x512.jpg 768w\" sizes=\"(max-width: 1024px) 100vw, 1024px\" \/><figcaption>Peter Lindbergh, Untold Stories. exposici\u00f3n en A Coru\u00f1a. Foto: Mathieu Ridelle<\/figcaption><\/figure><\/div>\n\n\n\n<h3 class=\"wp-block-heading\">Peter Lindbergh en A Coru\u00f1a<\/h3>\n\n\n\n<p><strong>Untold Stories<\/strong> llega por primera vez a Espa\u00f1a de la mano de la <strong><a href=\"https:\/\/peterlindbergh-coruna.com\/es\" target=\"_blank\" rel=\"noreferrer noopener\">Peter Lindbergh Foundation<\/a><\/strong> bajo el auspicio de Marta Ortega, futura presidenta de <strong>Inditex<\/strong> y amiga personal del autor. Esta muestra fue comisariada por el propio <strong>Peter Lindbergh <\/strong>antes de su prematura muerte en 2019. &nbsp;<\/p>\n\n\n\n<div class=\"wp-block-image\"><figure class=\"aligncenter size-full\"><img loading=\"lazy\" decoding=\"async\" width=\"1024\" height=\"683\" src=\"http:\/\/www.canariasviaja.com\/viajaresvivir\/wp-content\/uploads\/2022\/01\/16.-Peter-Lindbergh-Untold-Stories.-Exhibition-in-A-Corun\u0303a-Spain.-Photo-Mathieu-Ridelle.jpg\" alt=\"Peterlindbergh A Coru\u00f1a\" class=\"wp-image-8083\" srcset=\"https:\/\/www.canariasviaja.com\/viajaresvivir\/wp-content\/uploads\/2022\/01\/16.-Peter-Lindbergh-Untold-Stories.-Exhibition-in-A-Corun\u0303a-Spain.-Photo-Mathieu-Ridelle.jpg 1024w, https:\/\/www.canariasviaja.com\/viajaresvivir\/wp-content\/uploads\/2022\/01\/16.-Peter-Lindbergh-Untold-Stories.-Exhibition-in-A-Corun\u0303a-Spain.-Photo-Mathieu-Ridelle-300x200.jpg 300w, https:\/\/www.canariasviaja.com\/viajaresvivir\/wp-content\/uploads\/2022\/01\/16.-Peter-Lindbergh-Untold-Stories.-Exhibition-in-A-Corun\u0303a-Spain.-Photo-Mathieu-Ridelle-768x512.jpg 768w\" sizes=\"(max-width: 1024px) 100vw, 1024px\" \/><figcaption>Peter Lindbergh, Untold Stories. exposici\u00f3n en A Coru\u00f1a. Foto: Mathieu Ridelle<\/figcaption><\/figure><\/div>\n\n\n\n<p>El autor dedic\u00f3 dos a\u00f1os a seleccionar las <strong>161 im\u00e1genes<\/strong> que componen esta exposici\u00f3n en las que retrata a algunas de las mujeres que han sido iconos de la moda y la cultura visual en las \u00faltimas d\u00e9cadas. Linda Evangelista, Nicole Kidman, Uma Thurman, Naomi Campbelll o Kate Moss son solo algunas de las mujeres que posaron ante su objetivo a lo largo de sus 40 a\u00f1os de carrera en los que defini\u00f3 <strong>un nuevo concepto de belleza.<\/strong><\/p>\n\n\n\n<div class=\"wp-block-image\"><figure class=\"aligncenter size-full is-resized\"><img decoding=\"async\" src=\"http:\/\/www.canariasviaja.com\/viajaresvivir\/wp-content\/uploads\/2022\/01\/12.-Peter-Lindbergh-Untold-Stories.-Exhibition-in-A-Corun\u0303a-Spain.-.-Photo-Mathieu-Ridelle.jpg\" alt=\"Peter Lindberg A Coru\u00f1a\" class=\"wp-image-8081\" width=\"400\" srcset=\"https:\/\/www.canariasviaja.com\/viajaresvivir\/wp-content\/uploads\/2022\/01\/12.-Peter-Lindbergh-Untold-Stories.-Exhibition-in-A-Corun\u0303a-Spain.-.-Photo-Mathieu-Ridelle.jpg 683w, https:\/\/www.canariasviaja.com\/viajaresvivir\/wp-content\/uploads\/2022\/01\/12.-Peter-Lindbergh-Untold-Stories.-Exhibition-in-A-Corun\u0303a-Spain.-.-Photo-Mathieu-Ridelle-200x300.jpg 200w\" sizes=\"(max-width: 683px) 100vw, 683px\" \/><figcaption>Peter Lindbergh, Untold Stories. exposici\u00f3n en A Coru\u00f1a. Foto: Mathieu Ridelle<\/figcaption><\/figure><\/div>\n\n\n\n<p>La muestra se exhibe en una nave industrial rehabilitada para este fin por la arquitecta Elsa Urquijo y situada en el <strong>Muelle de la Bater\u00eda<\/strong> del puerto coru\u00f1\u00e9s. Se trata de un evento de repercusi\u00f3n internacional que trata de apoyar la riqueza cultural de Galicia, reforzando a <strong>A Coru\u00f1a<\/strong> como n\u00facleo para el arte, la moda y el dise\u00f1o.<\/p>\n\n\n\n<div style=\"height:100px\" aria-hidden=\"true\" class=\"wp-block-spacer\"><\/div>\n\n\n\n<h3 class=\"wp-block-heading\">El fot\u00f3grafo de moda que redefini\u00f3 la belleza<\/h3>\n\n\n\n<div class=\"wp-block-image\"><figure class=\"aligncenter size-full\"><img loading=\"lazy\" decoding=\"async\" width=\"1024\" height=\"683\" src=\"http:\/\/www.canariasviaja.com\/viajaresvivir\/wp-content\/uploads\/2022\/01\/Peter-Lindbergh-\u00a9-Stefan-Rappo.-Courtesy-Peter-Lindbergh-Foundation-Paris.jpg\" alt=\"Peter-Lindbergh-\u00a9-Stefan-Rappo.-Courtesy-Peter-Lindbergh-Foundation,-Paris.jpg\" class=\"wp-image-8098\" srcset=\"https:\/\/www.canariasviaja.com\/viajaresvivir\/wp-content\/uploads\/2022\/01\/Peter-Lindbergh-\u00a9-Stefan-Rappo.-Courtesy-Peter-Lindbergh-Foundation-Paris.jpg 1024w, https:\/\/www.canariasviaja.com\/viajaresvivir\/wp-content\/uploads\/2022\/01\/Peter-Lindbergh-\u00a9-Stefan-Rappo.-Courtesy-Peter-Lindbergh-Foundation-Paris-300x200.jpg 300w, https:\/\/www.canariasviaja.com\/viajaresvivir\/wp-content\/uploads\/2022\/01\/Peter-Lindbergh-\u00a9-Stefan-Rappo.-Courtesy-Peter-Lindbergh-Foundation-Paris-768x512.jpg 768w\" sizes=\"(max-width: 1024px) 100vw, 1024px\" \/><figcaption>Peter Lindbergh\u00a9Stefan-Rappo.Cortes\u00eda de Peter Lindbergh Foundation, Paris<\/figcaption><\/figure><\/div>\n\n\n\n<p>Peter Lindbergh (1944-2019) es considerado <strong>uno de los fot\u00f3grafos m\u00e1s influyentes del panorama contempor\u00e1neo<\/strong>. Naci\u00f3 en Lissa (en la Polonia ocupada) en 1944 y pas\u00f3 su infancia en Duisburg (Renania del Norte-Westfalia).<\/p>\n\n\n\n<p>Su formaci\u00f3n art\u00edstica, su admiraci\u00f3n por la obra de Vincent Van Gogh, Joseph Kosuth y el movimiento conceptual, precedieron sus primeros pasos en la fotograf\u00eda a principios de los 70, como ayudante del fot\u00f3grafo Hans Lux. <\/p>\n\n\n\n<p>Form\u00f3 parte de la revista Stern, junto a leyendas de la fotograf\u00eda como <strong>Helmut Newton, Guy Bourdin y Hans Feurer<\/strong>. En 1978 se instal\u00f3 en Par\u00eds para seguir con su carrera.<\/p>\n\n\n\n<p>Considerado un <strong>pionero de la fotograf\u00eda<\/strong>, introdujo una forma de nuevo realismo mediante <strong>la redefinici\u00f3n de los est\u00e1ndares de belleza con im\u00e1genes atemporales<\/strong>. Su enfoque humanista y su idealizaci\u00f3n de la mujer lo distinguen de otros fot\u00f3grafos, ya que siempre privilegi\u00f3 el alma y la personalidad en su obra. Lindbergh cre\u00eda que hab\u00eda algo en cada persona que la hac\u00eda interesante, m\u00e1s all\u00e1 de su edad, y por ello revolucion\u00f3 los est\u00e1ndares de la fotograf\u00eda de moda en \u00e9pocas en las que se abusaba del retoque. En sus propias palabras: \u00abLos fot\u00f3grafos de hoy en d\u00eda tienen la responsabilidad de liberar a la mujer, y en definitiva a cualquier persona, del terror de la juventud y la perfecci\u00f3n\u00bb.<\/p>\n\n\n\n<p>Lindbergh fue el <strong>descubridor de una generaci\u00f3n de modelos<\/strong>, compuesta por Linda Evangelista, Naomi Campbell, Cindy Crawford, Christy Turlington y Tatjana Patitz, que se convirtieron revolucionaron el mundo de la moda, las \u201csupermodelos\u201d.<\/p>\n\n\n\n<p><strong>Los retratos de Lindbergh son sencillos y reveladores<\/strong>, con fuertes influencias del primer cine expresionista alem\u00e1n y del entorno industrial de su infancia, la danza y los cabarets. Desde finales de los 70, Lindbergh trabaj\u00f3 con las marcas y revistas de moda m\u00e1s prestigiosas, entre las que se incluyen ediciones internacionales de Vogue, The New Yorker, Rolling Stone, Vanity Fair, Harper\u2019s Bazar USA, Wall Street Journal Magazine, The Face, Visionaire, Interview y W.<\/p>\n\n\n\n<div class=\"wp-block-image\"><figure class=\"aligncenter size-full is-resized\"><img decoding=\"async\" src=\"http:\/\/www.canariasviaja.com\/viajaresvivir\/wp-content\/uploads\/2022\/01\/Linda-Evangelista-Michaela-Bercu-Kirsten-Owen-Pont-a\u0300-Mousson-1988-\u00a9-Peter-Lindbergh.-Courtesy-Peter-Lindbergh-Foundation-Paris1.jpg\" alt=\"Peter Lindbergh A Coru\u00f1a\" class=\"wp-image-8084\" width=\"400\" srcset=\"https:\/\/www.canariasviaja.com\/viajaresvivir\/wp-content\/uploads\/2022\/01\/Linda-Evangelista-Michaela-Bercu-Kirsten-Owen-Pont-a\u0300-Mousson-1988-\u00a9-Peter-Lindbergh.-Courtesy-Peter-Lindbergh-Foundation-Paris1.jpg 686w, https:\/\/www.canariasviaja.com\/viajaresvivir\/wp-content\/uploads\/2022\/01\/Linda-Evangelista-Michaela-Bercu-Kirsten-Owen-Pont-a\u0300-Mousson-1988-\u00a9-Peter-Lindbergh.-Courtesy-Peter-Lindbergh-Foundation-Paris1-201x300.jpg 201w\" sizes=\"(max-width: 686px) 100vw, 686px\" \/><figcaption>Linda Evangelista,Michaela Bercu &amp; Kirsten Owen, Pont a\u0300 Mousson, 1988 \u00a9Peter Lindbergh. Cortes\u00eda Peter-Lindbergh Foundation Paris<\/figcaption><\/figure><\/div>\n\n\n\n<p>Su obra forma parte de las colecciones permanentes de un gran n\u00famero de museos de arte de todo el mundo y tambi\u00e9n se ha expuesto en los m\u00e1s prestigiosos museos y galer\u00edas. Lindbergh tambi\u00e9n dirigi\u00f3 pel\u00edculas y documentales aclamados por la cr\u00edtica. &nbsp;<\/p>\n\n\n\n<p>Peter Lindbergh falleci\u00f3 el 3 de septiembre de 2019.<\/p>\n\n\n\n<div style=\"height:100px\" aria-hidden=\"true\" class=\"wp-block-spacer\"><\/div>\n\n\n\n<h3 class=\"wp-block-heading\">Untold Stories, de Peter Lindbergh<\/h3>\n\n\n\n<p>Peter Lindbergh se encarg\u00f3 personalmente del comisariado de esta exposici\u00f3n seleccionando para ella algunas de sus im\u00e1genes m\u00e1s ic\u00f3nicas y otras in\u00e9ditas pertenecientes a sus archivos personales.<\/p>\n\n\n\n<p>La exposici\u00f3n se divide en tres bloques:<\/p>\n\n\n\n<p><strong>Manifest,<\/strong> una instalaci\u00f3n de apertura que recoge las 24 im\u00e1genes que sol\u00edan aparecer siempre que el artista ten\u00eda que hacer una selecci\u00f3n de sus obras y que en su opini\u00f3n mejor representaban el papel de la fotograf\u00eda de moda en la cultura visual global.<\/p>\n\n\n\n<figure class=\"wp-block-image size-full\"><img loading=\"lazy\" decoding=\"async\" width=\"1024\" height=\"683\" src=\"http:\/\/www.canariasviaja.com\/viajaresvivir\/wp-content\/uploads\/2022\/01\/1.-Peter-Lindbergh-Untold-Stories.-Exhibition-in-A-Corun\u0303a-Spain.-Photo-Mathieu-Ridelle.jpg\" alt=\"Manifest Peter Lindbergh A Coru\u00f1a\" class=\"wp-image-8075\" srcset=\"https:\/\/www.canariasviaja.com\/viajaresvivir\/wp-content\/uploads\/2022\/01\/1.-Peter-Lindbergh-Untold-Stories.-Exhibition-in-A-Corun\u0303a-Spain.-Photo-Mathieu-Ridelle.jpg 1024w, https:\/\/www.canariasviaja.com\/viajaresvivir\/wp-content\/uploads\/2022\/01\/1.-Peter-Lindbergh-Untold-Stories.-Exhibition-in-A-Corun\u0303a-Spain.-Photo-Mathieu-Ridelle-300x200.jpg 300w, https:\/\/www.canariasviaja.com\/viajaresvivir\/wp-content\/uploads\/2022\/01\/1.-Peter-Lindbergh-Untold-Stories.-Exhibition-in-A-Corun\u0303a-Spain.-Photo-Mathieu-Ridelle-768x512.jpg 768w\" sizes=\"(max-width: 1024px) 100vw, 1024px\" \/><\/figure>\n\n\n\n<div class=\"wp-block-image\"><figure class=\"aligncenter size-full\"><img loading=\"lazy\" decoding=\"async\" width=\"1024\" height=\"692\" src=\"http:\/\/www.canariasviaja.com\/viajaresvivir\/wp-content\/uploads\/2022\/01\/7.-Peter-Lindbergh-Untold-Stories.-Exhibition-in-A-Corun\u0303a-Spain.-Photo-Mathieu-Ridelle.jpg\" alt=\"Manifest Peter Lindbergh A Coru\u00f1a\" class=\"wp-image-8077\" srcset=\"https:\/\/www.canariasviaja.com\/viajaresvivir\/wp-content\/uploads\/2022\/01\/7.-Peter-Lindbergh-Untold-Stories.-Exhibition-in-A-Corun\u0303a-Spain.-Photo-Mathieu-Ridelle.jpg 1024w, https:\/\/www.canariasviaja.com\/viajaresvivir\/wp-content\/uploads\/2022\/01\/7.-Peter-Lindbergh-Untold-Stories.-Exhibition-in-A-Corun\u0303a-Spain.-Photo-Mathieu-Ridelle-300x203.jpg 300w, https:\/\/www.canariasviaja.com\/viajaresvivir\/wp-content\/uploads\/2022\/01\/7.-Peter-Lindbergh-Untold-Stories.-Exhibition-in-A-Corun\u0303a-Spain.-Photo-Mathieu-Ridelle-768x519.jpg 768w\" sizes=\"(max-width: 1024px) 100vw, 1024px\" \/><figcaption>Peter Lindbergh, Untold Stories. exposici\u00f3n en A Coru\u00f1a. Foto: Mathieu Ridelle<\/figcaption><\/figure><\/div>\n\n\n\n<p><strong>Sala central: <\/strong>Sobre fondo blanco se exponen las obras que consideraba clave en su trayectoria. Lindbergh experiment\u00f3 con su propio material y busc\u00f3 crear nuevas conexiones entre im\u00e1genes para dar lugar a interpretaciones inesperadas y sorprendentes. En esta sala las fotograf\u00edas de encargo, las personales y las editoriales se exponen como un todo, sin jerarqu\u00edas, tal y como Peter Lindbergh las conceb\u00eda. Sus recursos formales y obsesiones recurrentes surgen aqu\u00ed con claridad: la atenci\u00f3n prestada al cuerpo, las artes esc\u00e9nicas y las definiciones de belleza son algunos de ellos<\/p>\n\n\n\n<figure class=\"wp-block-image size-full\"><img loading=\"lazy\" decoding=\"async\" width=\"1024\" height=\"683\" src=\"http:\/\/www.canariasviaja.com\/viajaresvivir\/wp-content\/uploads\/2022\/01\/8.-Peter-Lindbergh-Untold-Stories.-Exhibition-in-A-Corun\u0303a-Spain.-Photo-Mathieu-Ridelle.jpg\" alt=\"Peter Lindberg\" class=\"wp-image-8078\" srcset=\"https:\/\/www.canariasviaja.com\/viajaresvivir\/wp-content\/uploads\/2022\/01\/8.-Peter-Lindbergh-Untold-Stories.-Exhibition-in-A-Corun\u0303a-Spain.-Photo-Mathieu-Ridelle.jpg 1024w, https:\/\/www.canariasviaja.com\/viajaresvivir\/wp-content\/uploads\/2022\/01\/8.-Peter-Lindbergh-Untold-Stories.-Exhibition-in-A-Corun\u0303a-Spain.-Photo-Mathieu-Ridelle-300x200.jpg 300w, https:\/\/www.canariasviaja.com\/viajaresvivir\/wp-content\/uploads\/2022\/01\/8.-Peter-Lindbergh-Untold-Stories.-Exhibition-in-A-Corun\u0303a-Spain.-Photo-Mathieu-Ridelle-768x512.jpg 768w\" sizes=\"(max-width: 1024px) 100vw, 1024px\" \/><\/figure>\n\n\n\n<figure class=\"wp-block-image size-full\"><img loading=\"lazy\" decoding=\"async\" width=\"2000\" height=\"1333\" src=\"http:\/\/www.canariasviaja.com\/viajaresvivir\/wp-content\/uploads\/2022\/01\/Peter-Lindbergh.jpg\" alt=\"Peterlindbergh en La coru\u00f1a\" class=\"wp-image-8087\" srcset=\"https:\/\/www.canariasviaja.com\/viajaresvivir\/wp-content\/uploads\/2022\/01\/Peter-Lindbergh.jpg 2000w, https:\/\/www.canariasviaja.com\/viajaresvivir\/wp-content\/uploads\/2022\/01\/Peter-Lindbergh-300x200.jpg 300w, https:\/\/www.canariasviaja.com\/viajaresvivir\/wp-content\/uploads\/2022\/01\/Peter-Lindbergh-768x512.jpg 768w, https:\/\/www.canariasviaja.com\/viajaresvivir\/wp-content\/uploads\/2022\/01\/Peter-Lindbergh-1536x1024.jpg 1536w, https:\/\/www.canariasviaja.com\/viajaresvivir\/wp-content\/uploads\/2022\/01\/Peter-Lindbergh-1200x800.jpg 1200w, https:\/\/www.canariasviaja.com\/viajaresvivir\/wp-content\/uploads\/2022\/01\/Peter-Lindbergh-1620x1080.jpg 1620w\" sizes=\"(max-width: 2000px) 100vw, 2000px\" \/><\/figure>\n\n\n\n<figure class=\"wp-block-gallery columns-1 is-cropped wp-block-gallery-1 is-layout-flex wp-block-gallery-is-layout-flex\"><ul class=\"blocks-gallery-grid\"><li class=\"blocks-gallery-item\"><figure><img loading=\"lazy\" decoding=\"async\" width=\"2000\" height=\"1333\" src=\"http:\/\/www.canariasviaja.com\/viajaresvivir\/wp-content\/uploads\/2022\/01\/9.-Peter-Lindbergh-Untold-Stories.-Exhibition-in-A-Corun\u0303a-Spain.-Photo-Mathieu-Ridelle1.jpg\" alt=\"Peter Lindbergh\" data-id=\"8079\" data-full-url=\"http:\/\/www.canariasviaja.com\/viajaresvivir\/wp-content\/uploads\/2022\/01\/9.-Peter-Lindbergh-Untold-Stories.-Exhibition-in-A-Corun\u0303a-Spain.-Photo-Mathieu-Ridelle1.jpg\" data-link=\"https:\/\/www.canariasviaja.com\/viajaresvivir\/?attachment_id=8079#main\" class=\"wp-image-8079\" srcset=\"https:\/\/www.canariasviaja.com\/viajaresvivir\/wp-content\/uploads\/2022\/01\/9.-Peter-Lindbergh-Untold-Stories.-Exhibition-in-A-Corun\u0303a-Spain.-Photo-Mathieu-Ridelle1.jpg 2000w, https:\/\/www.canariasviaja.com\/viajaresvivir\/wp-content\/uploads\/2022\/01\/9.-Peter-Lindbergh-Untold-Stories.-Exhibition-in-A-Corun\u0303a-Spain.-Photo-Mathieu-Ridelle1-300x200.jpg 300w, https:\/\/www.canariasviaja.com\/viajaresvivir\/wp-content\/uploads\/2022\/01\/9.-Peter-Lindbergh-Untold-Stories.-Exhibition-in-A-Corun\u0303a-Spain.-Photo-Mathieu-Ridelle1-768x512.jpg 768w, https:\/\/www.canariasviaja.com\/viajaresvivir\/wp-content\/uploads\/2022\/01\/9.-Peter-Lindbergh-Untold-Stories.-Exhibition-in-A-Corun\u0303a-Spain.-Photo-Mathieu-Ridelle1-1536x1024.jpg 1536w, https:\/\/www.canariasviaja.com\/viajaresvivir\/wp-content\/uploads\/2022\/01\/9.-Peter-Lindbergh-Untold-Stories.-Exhibition-in-A-Corun\u0303a-Spain.-Photo-Mathieu-Ridelle1-1200x800.jpg 1200w, https:\/\/www.canariasviaja.com\/viajaresvivir\/wp-content\/uploads\/2022\/01\/9.-Peter-Lindbergh-Untold-Stories.-Exhibition-in-A-Corun\u0303a-Spain.-Photo-Mathieu-Ridelle1-1620x1080.jpg 1620w\" sizes=\"(max-width: 2000px) 100vw, 2000px\" \/><figcaption class=\"blocks-gallery-item__caption\">Peter Lindbergh, Untold Stories. exposici\u00f3n en A Coru\u00f1a. Foto: Mathieu Ridelle<\/figcaption><\/figure><\/li><\/ul><\/figure>\n\n\n\n<p><strong>Testament:<\/strong> una instalaci\u00f3n cinematogr\u00e1fica rodada en 2013 pone el broche de oro a esta exposici\u00f3n. En ella se muestra el intercambio silencioso entre Peter Lindbergh y Elmer Carroll, un condenado a muerte al que film\u00f3 durante 30 minutos a trav\u00e9s de un espejo unidireccional. Con esta pieza Lindbergh abre el debate sobre temas de vital importancia para \u00e9l, como la introspecci\u00f3n, la empat\u00eda y la libertad.<\/p>\n\n\n\n<p><\/p>\n\n\n\n<p><strong>Untold stories<\/strong> es una exposici\u00f3n imprescindible para los amantes de la fotograf\u00eda, la moda y del trabajo de Peter Lindberg.<\/p>\n\n\n\n<div class=\"wp-block-buttons is-content-justification-center is-layout-flex wp-block-buttons-is-layout-flex\">\n<div class=\"wp-block-button\"><a class=\"wp-block-button__link\" href=\"https:\/\/bit.ly\/3KE6Wyw\">\u00a1Disfruta de una escapada cultural en A Coru\u00f1a!<\/a><\/div>\n<\/div>\n","protected":false},"excerpt":{"rendered":"<p>La exposici\u00f3n Untold Stories, del prestigioso fot\u00f3grafo de moda Peter Lindbergh, se expone en el Muelle de la Bater\u00eda de A Coru\u00f1a hasta el 28 de Febrero. Una ocasi\u00f3n \u00fanica en Espa\u00f1a para admirar el trabajo de este ic\u00f3nico fot\u00f3grafo que redefini\u00f3 el concepto de belleza. Peter Lindbergh en A Coru\u00f1a Untold Stories llega por primera vez a Espa\u00f1a de &hellip;<\/p>\n","protected":false},"author":2,"featured_media":8087,"comment_status":"open","ping_status":"open","sticky":false,"template":"","format":"standard","meta":{"_acf_changed":false,"sfsi_plus_gutenberg_text_before_share":"","sfsi_plus_gutenberg_show_text_before_share":"","sfsi_plus_gutenberg_icon_type":"","sfsi_plus_gutenberg_icon_alignemt":"","sfsi_plus_gutenburg_max_per_row":"","footnotes":""},"categories":[840,124,123,10,100,11],"tags":[661,836,367,238,835,837],"class_list":["post-8074","post","type-post","status-publish","format-standard","has-post-thumbnail","hentry","category-a-coruna","category-descubre","category-explora","category-historias-viajeras","category-peninsulaybaleares","category-postales","tag-escapada-cultural","tag-exposicion","tag-fotografia","tag-galicia","tag-la-coruna","tag-peter-lindbergh"],"acf":[],"yoast_head":"<!-- This site is optimized with the Yoast SEO plugin v24.1 - https:\/\/yoast.com\/wordpress\/plugins\/seo\/ -->\n<title>Peter Lindbergh: Untold Stories en A Coru\u00f1a - Viajar es vivir<\/title>\n<meta name=\"description\" content=\"Peter Lindbergh en A Coru\u00f1a hasta el 28 de febrero. Untold Stories es una muestra imprescindible para amantes de la fotografia\" \/>\n<meta name=\"robots\" content=\"index, follow, max-snippet:-1, max-image-preview:large, max-video-preview:-1\" \/>\n<link rel=\"canonical\" href=\"https:\/\/www.canariasviaja.com\/viajaresvivir\/peter-lindbergh-a-coruna\/\" \/>\n<meta property=\"og:locale\" content=\"es_ES\" \/>\n<meta property=\"og:type\" content=\"article\" \/>\n<meta property=\"og:title\" content=\"Peter Lindbergh: Untold Stories en A Coru\u00f1a - Viajar es vivir\" \/>\n<meta property=\"og:description\" content=\"Peter Lindbergh en A Coru\u00f1a hasta el 28 de febrero. Untold Stories es una muestra imprescindible para amantes de la fotografia\" \/>\n<meta property=\"og:url\" content=\"https:\/\/www.canariasviaja.com\/viajaresvivir\/peter-lindbergh-a-coruna\/\" \/>\n<meta property=\"og:site_name\" content=\"Viajar es vivir\" \/>\n<meta property=\"article:published_time\" content=\"2022-01-24T15:14:44+00:00\" \/>\n<meta property=\"article:modified_time\" content=\"2022-02-09T12:51:37+00:00\" \/>\n<meta property=\"og:image\" content=\"http:\/\/www.canariasviaja.com\/viajaresvivir\/wp-content\/uploads\/2022\/01\/Peter-Lindbergh.jpg\" \/>\n\t<meta property=\"og:image:width\" content=\"2000\" \/>\n\t<meta property=\"og:image:height\" content=\"1333\" \/>\n\t<meta property=\"og:image:type\" content=\"image\/jpeg\" \/>\n<meta name=\"author\" content=\"Patri C\u00e1mpora\" \/>\n<meta name=\"twitter:card\" content=\"summary_large_image\" \/>\n<meta name=\"twitter:label1\" content=\"Escrito por\" \/>\n\t<meta name=\"twitter:data1\" content=\"Patri C\u00e1mpora\" \/>\n\t<meta name=\"twitter:label2\" content=\"Tiempo de lectura\" \/>\n\t<meta name=\"twitter:data2\" content=\"7 minutos\" \/>\n<script type=\"application\/ld+json\" class=\"yoast-schema-graph\">{\"@context\":\"https:\/\/schema.org\",\"@graph\":[{\"@type\":\"WebPage\",\"@id\":\"https:\/\/www.canariasviaja.com\/viajaresvivir\/peter-lindbergh-a-coruna\/\",\"url\":\"https:\/\/www.canariasviaja.com\/viajaresvivir\/peter-lindbergh-a-coruna\/\",\"name\":\"Peter Lindbergh: Untold Stories en A Coru\u00f1a - Viajar es vivir\",\"isPartOf\":{\"@id\":\"https:\/\/www.canariasviaja.com\/viajaresvivir\/#website\"},\"primaryImageOfPage\":{\"@id\":\"https:\/\/www.canariasviaja.com\/viajaresvivir\/peter-lindbergh-a-coruna\/#primaryimage\"},\"image\":{\"@id\":\"https:\/\/www.canariasviaja.com\/viajaresvivir\/peter-lindbergh-a-coruna\/#primaryimage\"},\"thumbnailUrl\":\"https:\/\/www.canariasviaja.com\/viajaresvivir\/wp-content\/uploads\/2022\/01\/Peter-Lindbergh.jpg\",\"datePublished\":\"2022-01-24T15:14:44+00:00\",\"dateModified\":\"2022-02-09T12:51:37+00:00\",\"author\":{\"@id\":\"https:\/\/www.canariasviaja.com\/viajaresvivir\/#\/schema\/person\/085949651001325f1244a8bc1b34709c\"},\"description\":\"Peter Lindbergh en A Coru\u00f1a hasta el 28 de febrero. Untold Stories es una muestra imprescindible para amantes de la fotografia\",\"breadcrumb\":{\"@id\":\"https:\/\/www.canariasviaja.com\/viajaresvivir\/peter-lindbergh-a-coruna\/#breadcrumb\"},\"inLanguage\":\"es\",\"potentialAction\":[{\"@type\":\"ReadAction\",\"target\":[\"https:\/\/www.canariasviaja.com\/viajaresvivir\/peter-lindbergh-a-coruna\/\"]}]},{\"@type\":\"ImageObject\",\"inLanguage\":\"es\",\"@id\":\"https:\/\/www.canariasviaja.com\/viajaresvivir\/peter-lindbergh-a-coruna\/#primaryimage\",\"url\":\"https:\/\/www.canariasviaja.com\/viajaresvivir\/wp-content\/uploads\/2022\/01\/Peter-Lindbergh.jpg\",\"contentUrl\":\"https:\/\/www.canariasviaja.com\/viajaresvivir\/wp-content\/uploads\/2022\/01\/Peter-Lindbergh.jpg\",\"width\":2000,\"height\":1333,\"caption\":\"Peterlindbergh en La coru\u00f1a\"},{\"@type\":\"BreadcrumbList\",\"@id\":\"https:\/\/www.canariasviaja.com\/viajaresvivir\/peter-lindbergh-a-coruna\/#breadcrumb\",\"itemListElement\":[{\"@type\":\"ListItem\",\"position\":1,\"name\":\"Portada\",\"item\":\"https:\/\/www.canariasviaja.com\/viajaresvivir\/\"},{\"@type\":\"ListItem\",\"position\":2,\"name\":\"Peter Lindbergh: Untold Stories en A Coru\u00f1a\"}]},{\"@type\":\"WebSite\",\"@id\":\"https:\/\/www.canariasviaja.com\/viajaresvivir\/#website\",\"url\":\"https:\/\/www.canariasviaja.com\/viajaresvivir\/\",\"name\":\"Viajar es vivir\",\"description\":\"El blog de viajes y estilo de vida de CanariasViaja\",\"potentialAction\":[{\"@type\":\"SearchAction\",\"target\":{\"@type\":\"EntryPoint\",\"urlTemplate\":\"https:\/\/www.canariasviaja.com\/viajaresvivir\/?s={search_term_string}\"},\"query-input\":{\"@type\":\"PropertyValueSpecification\",\"valueRequired\":true,\"valueName\":\"search_term_string\"}}],\"inLanguage\":\"es\"},{\"@type\":\"Person\",\"@id\":\"https:\/\/www.canariasviaja.com\/viajaresvivir\/#\/schema\/person\/085949651001325f1244a8bc1b34709c\",\"name\":\"Patri C\u00e1mpora\",\"image\":{\"@type\":\"ImageObject\",\"inLanguage\":\"es\",\"@id\":\"https:\/\/www.canariasviaja.com\/viajaresvivir\/#\/schema\/person\/image\/\",\"url\":\"https:\/\/secure.gravatar.com\/avatar\/b2ce2c4086a5776e5310f57c1a2e5b4e?s=96&d=mm&r=g\",\"contentUrl\":\"https:\/\/secure.gravatar.com\/avatar\/b2ce2c4086a5776e5310f57c1a2e5b4e?s=96&d=mm&r=g\",\"caption\":\"Patri C\u00e1mpora\"},\"url\":\"https:\/\/www.canariasviaja.com\/viajaresvivir\/author\/patri\/\"}]}<\/script>\n<!-- \/ Yoast SEO plugin. -->","yoast_head_json":{"title":"Peter Lindbergh: Untold Stories en A Coru\u00f1a - Viajar es vivir","description":"Peter Lindbergh en A Coru\u00f1a hasta el 28 de febrero. Untold Stories es una muestra imprescindible para amantes de la fotografia","robots":{"index":"index","follow":"follow","max-snippet":"max-snippet:-1","max-image-preview":"max-image-preview:large","max-video-preview":"max-video-preview:-1"},"canonical":"https:\/\/www.canariasviaja.com\/viajaresvivir\/peter-lindbergh-a-coruna\/","og_locale":"es_ES","og_type":"article","og_title":"Peter Lindbergh: Untold Stories en A Coru\u00f1a - Viajar es vivir","og_description":"Peter Lindbergh en A Coru\u00f1a hasta el 28 de febrero. Untold Stories es una muestra imprescindible para amantes de la fotografia","og_url":"https:\/\/www.canariasviaja.com\/viajaresvivir\/peter-lindbergh-a-coruna\/","og_site_name":"Viajar es vivir","article_published_time":"2022-01-24T15:14:44+00:00","article_modified_time":"2022-02-09T12:51:37+00:00","og_image":[{"width":2000,"height":1333,"url":"http:\/\/www.canariasviaja.com\/viajaresvivir\/wp-content\/uploads\/2022\/01\/Peter-Lindbergh.jpg","type":"image\/jpeg"}],"author":"Patri C\u00e1mpora","twitter_card":"summary_large_image","twitter_misc":{"Escrito por":"Patri C\u00e1mpora","Tiempo de lectura":"7 minutos"},"schema":{"@context":"https:\/\/schema.org","@graph":[{"@type":"WebPage","@id":"https:\/\/www.canariasviaja.com\/viajaresvivir\/peter-lindbergh-a-coruna\/","url":"https:\/\/www.canariasviaja.com\/viajaresvivir\/peter-lindbergh-a-coruna\/","name":"Peter Lindbergh: Untold Stories en A Coru\u00f1a - Viajar es vivir","isPartOf":{"@id":"https:\/\/www.canariasviaja.com\/viajaresvivir\/#website"},"primaryImageOfPage":{"@id":"https:\/\/www.canariasviaja.com\/viajaresvivir\/peter-lindbergh-a-coruna\/#primaryimage"},"image":{"@id":"https:\/\/www.canariasviaja.com\/viajaresvivir\/peter-lindbergh-a-coruna\/#primaryimage"},"thumbnailUrl":"https:\/\/www.canariasviaja.com\/viajaresvivir\/wp-content\/uploads\/2022\/01\/Peter-Lindbergh.jpg","datePublished":"2022-01-24T15:14:44+00:00","dateModified":"2022-02-09T12:51:37+00:00","author":{"@id":"https:\/\/www.canariasviaja.com\/viajaresvivir\/#\/schema\/person\/085949651001325f1244a8bc1b34709c"},"description":"Peter Lindbergh en A Coru\u00f1a hasta el 28 de febrero. Untold Stories es una muestra imprescindible para amantes de la fotografia","breadcrumb":{"@id":"https:\/\/www.canariasviaja.com\/viajaresvivir\/peter-lindbergh-a-coruna\/#breadcrumb"},"inLanguage":"es","potentialAction":[{"@type":"ReadAction","target":["https:\/\/www.canariasviaja.com\/viajaresvivir\/peter-lindbergh-a-coruna\/"]}]},{"@type":"ImageObject","inLanguage":"es","@id":"https:\/\/www.canariasviaja.com\/viajaresvivir\/peter-lindbergh-a-coruna\/#primaryimage","url":"https:\/\/www.canariasviaja.com\/viajaresvivir\/wp-content\/uploads\/2022\/01\/Peter-Lindbergh.jpg","contentUrl":"https:\/\/www.canariasviaja.com\/viajaresvivir\/wp-content\/uploads\/2022\/01\/Peter-Lindbergh.jpg","width":2000,"height":1333,"caption":"Peterlindbergh en La coru\u00f1a"},{"@type":"BreadcrumbList","@id":"https:\/\/www.canariasviaja.com\/viajaresvivir\/peter-lindbergh-a-coruna\/#breadcrumb","itemListElement":[{"@type":"ListItem","position":1,"name":"Portada","item":"https:\/\/www.canariasviaja.com\/viajaresvivir\/"},{"@type":"ListItem","position":2,"name":"Peter Lindbergh: Untold Stories en A Coru\u00f1a"}]},{"@type":"WebSite","@id":"https:\/\/www.canariasviaja.com\/viajaresvivir\/#website","url":"https:\/\/www.canariasviaja.com\/viajaresvivir\/","name":"Viajar es vivir","description":"El blog de viajes y estilo de vida de CanariasViaja","potentialAction":[{"@type":"SearchAction","target":{"@type":"EntryPoint","urlTemplate":"https:\/\/www.canariasviaja.com\/viajaresvivir\/?s={search_term_string}"},"query-input":{"@type":"PropertyValueSpecification","valueRequired":true,"valueName":"search_term_string"}}],"inLanguage":"es"},{"@type":"Person","@id":"https:\/\/www.canariasviaja.com\/viajaresvivir\/#\/schema\/person\/085949651001325f1244a8bc1b34709c","name":"Patri C\u00e1mpora","image":{"@type":"ImageObject","inLanguage":"es","@id":"https:\/\/www.canariasviaja.com\/viajaresvivir\/#\/schema\/person\/image\/","url":"https:\/\/secure.gravatar.com\/avatar\/b2ce2c4086a5776e5310f57c1a2e5b4e?s=96&d=mm&r=g","contentUrl":"https:\/\/secure.gravatar.com\/avatar\/b2ce2c4086a5776e5310f57c1a2e5b4e?s=96&d=mm&r=g","caption":"Patri C\u00e1mpora"},"url":"https:\/\/www.canariasviaja.com\/viajaresvivir\/author\/patri\/"}]}},"_links":{"self":[{"href":"https:\/\/www.canariasviaja.com\/viajaresvivir\/wp-json\/wp\/v2\/posts\/8074"}],"collection":[{"href":"https:\/\/www.canariasviaja.com\/viajaresvivir\/wp-json\/wp\/v2\/posts"}],"about":[{"href":"https:\/\/www.canariasviaja.com\/viajaresvivir\/wp-json\/wp\/v2\/types\/post"}],"author":[{"embeddable":true,"href":"https:\/\/www.canariasviaja.com\/viajaresvivir\/wp-json\/wp\/v2\/users\/2"}],"replies":[{"embeddable":true,"href":"https:\/\/www.canariasviaja.com\/viajaresvivir\/wp-json\/wp\/v2\/comments?post=8074"}],"version-history":[{"count":9,"href":"https:\/\/www.canariasviaja.com\/viajaresvivir\/wp-json\/wp\/v2\/posts\/8074\/revisions"}],"predecessor-version":[{"id":8113,"href":"https:\/\/www.canariasviaja.com\/viajaresvivir\/wp-json\/wp\/v2\/posts\/8074\/revisions\/8113"}],"wp:featuredmedia":[{"embeddable":true,"href":"https:\/\/www.canariasviaja.com\/viajaresvivir\/wp-json\/wp\/v2\/media\/8087"}],"wp:attachment":[{"href":"https:\/\/www.canariasviaja.com\/viajaresvivir\/wp-json\/wp\/v2\/media?parent=8074"}],"wp:term":[{"taxonomy":"category","embeddable":true,"href":"https:\/\/www.canariasviaja.com\/viajaresvivir\/wp-json\/wp\/v2\/categories?post=8074"},{"taxonomy":"post_tag","embeddable":true,"href":"https:\/\/www.canariasviaja.com\/viajaresvivir\/wp-json\/wp\/v2\/tags?post=8074"}],"curies":[{"name":"wp","href":"https:\/\/api.w.org\/{rel}","templated":true}]}}