{"id":8128,"date":"2022-02-03T14:38:45","date_gmt":"2022-02-03T14:38:45","guid":{"rendered":"https:\/\/www.canariasviaja.com\/viajaresvivir\/?p=8128"},"modified":"2022-02-03T15:03:42","modified_gmt":"2022-02-03T15:03:42","slug":"paseo-por-el-san-sebastian-de-laura-cespedes","status":"publish","type":"post","link":"https:\/\/www.canariasviaja.com\/viajaresvivir\/paseo-por-el-san-sebastian-de-laura-cespedes\/","title":{"rendered":"Paseo por el San Sebasti\u00e1n de Laura C\u00e9spedes"},"content":{"rendered":"\n<p>La ciudad de San Sebasti\u00e1n es una ciudad de la que es dif\u00edcil cansarse. Laura C\u00e9spedes, donostiarra de nacimiento, se sigue sorprendiendo cada vez que pasea por sus calles. Siempre hay algo nuevo, tan solo hay que levantar la vista curiosa hacia las fachadas y descubrir lo que esconden.<\/p>\n\n\n\n<p>Hoy nos invita a recorrer algunos de sus lugares favoritos de la ciudad \u201cmirando al cielo\u201d.<\/p>\n\n\n\n<div class=\"wp-block-image\"><figure class=\"aligncenter size-full\"><img loading=\"lazy\" decoding=\"async\" width=\"2000\" height=\"1333\" src=\"http:\/\/www.canariasviaja.com\/viajaresvivir\/wp-content\/uploads\/2022\/02\/Vista-San-sebastian.jpg\" alt=\"San Sebasti\u00e1n \" class=\"wp-image-8139\" srcset=\"https:\/\/www.canariasviaja.com\/viajaresvivir\/wp-content\/uploads\/2022\/02\/Vista-San-sebastian.jpg 2000w, https:\/\/www.canariasviaja.com\/viajaresvivir\/wp-content\/uploads\/2022\/02\/Vista-San-sebastian-300x200.jpg 300w, https:\/\/www.canariasviaja.com\/viajaresvivir\/wp-content\/uploads\/2022\/02\/Vista-San-sebastian-768x512.jpg 768w, https:\/\/www.canariasviaja.com\/viajaresvivir\/wp-content\/uploads\/2022\/02\/Vista-San-sebastian-1536x1024.jpg 1536w, https:\/\/www.canariasviaja.com\/viajaresvivir\/wp-content\/uploads\/2022\/02\/Vista-San-sebastian-1200x800.jpg 1200w, https:\/\/www.canariasviaja.com\/viajaresvivir\/wp-content\/uploads\/2022\/02\/Vista-San-sebastian-1620x1080.jpg 1620w\" sizes=\"(max-width: 2000px) 100vw, 2000px\" \/><figcaption>Panor\u00e1mica de la Bah\u00eda de la Concha e Isla de Santa Clara. Foto: Basque Tour<\/figcaption><\/figure><\/div>\n\n\n\n<div style=\"height:100px\" aria-hidden=\"true\" class=\"wp-block-spacer\"><\/div>\n\n\n\n<h3 class=\"wp-block-heading\"><strong>Los detalles s\u00ed importan<\/strong><\/h3>\n\n\n\n<p>Laura se sigue sintiendo turista en su ciudad. Su capacidad de asombro y su curiosidad se despiertan a cada paso por sus calles. Iniciamos nuestro paseo por Donostia de su mano en el hermoso <strong>Puente Mar\u00eda Cristina<\/strong>. Cruzamos el paseo del \u00c1rbol de Guernika hasta la <strong>calle Prim<\/strong> y comenzamos nuestra aventura en busca de esas fachadas que le sorprenden, talladas con margaritas, elementos vegetales o caras.<\/p>\n\n\n\n<p>Al comienzo de la <strong>calle Larramendi<\/strong> est\u00e1 una de esas fachadas a las que le encanta llevar a sus amigos cuando la visitan. Una portada escultural, que representa a un hombre y una mujer, dan la bienvenida a los vecinos de este edificio. Vale la pena recorrer toda la calle para disfrutar de su arquitectura y sus detalles.<\/p>\n\n\n\n<p>Estamos muy cerca de la <strong>Catedral del Buen Pastor<\/strong>, as\u00ed que nos acercaremos a contemplar la majestuosa altura de este templo neog\u00f3tico. Su esbelta torre de 75 metros se eleva sobre el cielo de la ciudad.<\/p>\n\n\n\n<p>A la vuelta de la esquina, otro de esos rincones que le gusta mostrar a Laura, los fieros leones que decoran los buzones de la <strong>oficina de Correos<\/strong>. <\/p>\n\n\n\n<div class=\"wp-block-image\"><figure class=\"aligncenter size-full is-resized\"><img decoding=\"async\" src=\"http:\/\/www.canariasviaja.com\/viajaresvivir\/wp-content\/uploads\/2022\/02\/Foto-de-Patri-Ca\u0301mpora.jpg\" alt=\"Buz\u00f3n de correos en San Sebasti\u00e1n\" class=\"wp-image-8129\" width=\"400\" srcset=\"https:\/\/www.canariasviaja.com\/viajaresvivir\/wp-content\/uploads\/2022\/02\/Foto-de-Patri-Ca\u0301mpora.jpg 768w, https:\/\/www.canariasviaja.com\/viajaresvivir\/wp-content\/uploads\/2022\/02\/Foto-de-Patri-Ca\u0301mpora-225x300.jpg 225w, https:\/\/www.canariasviaja.com\/viajaresvivir\/wp-content\/uploads\/2022\/02\/Foto-de-Patri-Ca\u0301mpora-600x800.jpg 600w\" sizes=\"(max-width: 768px) 100vw, 768px\" \/><\/figure><\/div>\n\n\n\n<p>En la esquina contraria, el <strong><a href=\"http:\/\/kmk.gipuzkoakultura.eus\/\">Koldo Mitxelen Kulturunea<\/a><\/strong>, un din\u00e1mico espacio cultural con biblioteca. Puedes consultar su programaci\u00f3n por si te coincide alguna conferencia o exposici\u00f3n interesante durante tu visita.<\/p>\n\n\n\n<p>Volvemos hacia el r\u00edo paseando por el <strong>Paseo del \u00c1rbol de Guernika<\/strong>. Si nos va entrando hambre podemos parar en el <a href=\"https:\/\/www.tripadvisor.es\/Restaurant_Review-g187457-d6209165-Reviews-Kafe_Botanika-San_Sebastian_Donostia_Province_of_Guipuzcoa_Basque_Country.html\">Caf\u00e9 Botanika<\/a>, un gastro bar con una terraza muy agradable en el que sirven platos vegetarianos, veganos y sin gluten.<\/p>\n\n\n\n<div style=\"height:100px\" aria-hidden=\"true\" class=\"wp-block-spacer\"><\/div>\n\n\n\n<h3 class=\"wp-block-heading\"><strong>D\u00edas de Tamborrada<\/strong> por la Parte Vieja<\/h3>\n\n\n\n<p>Cada <strong>20 de enero<\/strong> la ciudad celebra a su santo patr\u00f3n, San Sebasti\u00e1n, al son de los tambores y los barriles. Durante 24 horas ininterrumpidas, miles de personas formadas en compa\u00f1\u00edas marchan por las calles de todos los barrios de la ciudad al ritmo de un constante redoblar de tambores y barriles a los sones de la m\u00fasica de Raimundo Sarriegui.<\/p>\n\n\n\n<p>Laura nos adentra en la parte vieja para visitar algunos de los lugares destacados en este d\u00eda. Es en la <strong>Plaza de la Constituci\u00f3n<\/strong> en donde se iza y arr\u00eda la bandera con la que se da inicio y fin a las 24 horas de fiesta. All\u00ed estaba situado el antiguo ayuntamiento de la ciudad, hoy biblioteca municipal. Si nos fijamos en las ventanas de los edificios que rodean la plaza, nos llamar\u00e1 la atenci\u00f3n los n\u00fameros que encontramos. Antiguamente esta plaza se usaba como plaza de toros y los balcones como palcos, de ah\u00ed su numeraci\u00f3n. A primera hora de la ma\u00f1ana la plaza se llena de camiones y furgonetas que hacen las entregas en los bares de la parte vieja. Por la tarde se llena de terrazas en las que disfrutar de un zurito o una sidra<\/p>\n\n\n\n<div class=\"wp-block-image\"><figure class=\"aligncenter size-full\"><img loading=\"lazy\" decoding=\"async\" width=\"1024\" height=\"683\" src=\"http:\/\/www.canariasviaja.com\/viajaresvivir\/wp-content\/uploads\/2022\/02\/Puerto-viejo-San-sebastian.jpg\" alt=\"Puerto viejo San sebastian\" class=\"wp-image-8137\" srcset=\"https:\/\/www.canariasviaja.com\/viajaresvivir\/wp-content\/uploads\/2022\/02\/Puerto-viejo-San-sebastian.jpg 1024w, https:\/\/www.canariasviaja.com\/viajaresvivir\/wp-content\/uploads\/2022\/02\/Puerto-viejo-San-sebastian-300x200.jpg 300w, https:\/\/www.canariasviaja.com\/viajaresvivir\/wp-content\/uploads\/2022\/02\/Puerto-viejo-San-sebastian-768x512.jpg 768w\" sizes=\"(max-width: 1024px) 100vw, 1024px\" \/><figcaption>Puerto viejo con paseo de los curas. Foto: Basque Tour<\/figcaption><\/figure><\/div>\n\n\n\n<p>Una de las tamborradas que m\u00e1s le gusta a Laura es la de la <strong>Sociedad Ollagorda<\/strong>, que sale por la tarde del puerto viejo. Podemos subir hasta el <strong>paseo de los curas<\/strong>, que contin\u00faa hacia el monte Urgull, y situarnos por encima de los tejados de la parte vieja para disfrutar de una bonita vista de la bah\u00eda. All\u00ed es donde el 20 de enero se sit\u00faan los soldados napole\u00f3nicos redoblando sus tambores y desde abajo, junto al Puerto Viejo, &nbsp;les responden los cocineros con sus barriles.<\/p>\n\n\n\n<p>Si tenemos ganas de estirar las piernas, podemos subir a lo alto del Monte Urgull, donde encontraremos el <strong>castillo de Mota<\/strong> y otro de los rincones favoritos de nuestra amiga, el <strong>cementerio de los ingleses<\/strong>. Un cementerio de 1924 en el que yacen los cuerpos de los soldados ingleses de la Legi\u00f3n Brit\u00e1nica que perdieron la vida en la Primera Guerra Carlista. Un lugar m\u00e1gico, invadido por el musgo y la vegetaci\u00f3n. Desde lo alto del Monte podremos disfrutar de preciosas vistas de la bah\u00eda y la ciudad y contemplar el mar embravecido en los d\u00edas de temporal. Si quieres evitar la empinada subida, puedes llegar hasta all\u00ed en autob\u00fas.<\/p>\n\n\n\n<p>Despu\u00e9s del paseo habr\u00e1 que recargar fuerzas en las <strong>barras del barrio viejo<\/strong>. Laura nos recomienda el <a href=\"https:\/\/www.tripadvisor.es\/Restaurant_Review-g187457-d2148045-Reviews-Gandarias_Jatetxea-San_Sebastian_Donostia_Province_of_Guipuzcoa_Basque_Country.html\">Gandarias<\/a>, para probar unos pintxos tradicionales, las tostas del <a href=\"https:\/\/www.tripadvisor.es\/Restaurant_Review-g187457-d988549-Reviews-Txepetxa-San_Sebastian_Donostia_Province_of_Guipuzcoa_Basque_Country.html\">Txepetxa<\/a>, los bocadillos de calamares y los pintxos de tortilla de <a href=\"https:\/\/www.tripadvisor.es\/Restaurant_Review-g187457-d2334149-Reviews-Juantxo_Taberna-San_Sebastian_Donostia_Province_of_Guipuzcoa_Basque_Country.html\">Juantxo Taberna<\/a>, o <a href=\"https:\/\/www.tripadvisor.es\/Restaurant_Review-g187457-d988555-Reviews-Casa_Urola-San_Sebastian_Donostia_Province_of_Guipuzcoa_Basque_Country.html\">Casa Urola<\/a>.<\/p>\n\n\n\n<p>A unos pasos de all\u00ed, por fuera del <strong>Mercado de la Bretxa,<\/strong> encontraremos a los <em>baserritarras<\/em>, gentes de los caser\u00edos, vendiendo sus productos. El nombre de la Bretxa hace referencia a que fue aqu\u00ed donde se rompi\u00f3 la muralla que defend\u00eda la ciudad.<\/p>\n\n\n\n<div style=\"height:100px\" aria-hidden=\"true\" class=\"wp-block-spacer\"><\/div>\n\n\n\n<h3 class=\"wp-block-heading\"><strong>Imprescindible Igueldo<\/strong><\/h3>\n\n\n\n<p>Hay un lugar al que hay que ir s\u00ed o s\u00ed, se tenga ni\u00f1os o no: el <strong>Parque de Atracciones del Monte Igueldo<\/strong>.<\/p>\n\n\n\n<p>Las vistas de la <strong>Playa de La Concha<\/strong> y de la ciudad desde lo alto del <strong>monte Igueldo<\/strong> son imprescindibles, como lo son subir en su funicular de cremallera de m\u00e1s de 100 a\u00f1os, o montar en su monta\u00f1a suiza (\u00a1que no rusa!).<\/p>\n\n\n\n<p>Proseguiremos nuestro paseo por la ciudad con una sonrisa en la cara, sinti\u00e9ndonos como ni\u00f1os.<\/p>\n\n\n\n<div style=\"height:100px\" aria-hidden=\"true\" class=\"wp-block-spacer\"><\/div>\n\n\n\n<h3 class=\"wp-block-heading\"><strong>Por el placer de pasear<\/strong><\/h3>\n\n\n\n<p>Donosti tiene 5 puentes que cruzan el r\u00edo Urumea. &nbsp;Los m\u00e1s importantes son el de Maria Cristina, el Kursall y el Santa Catalina.<\/p>\n\n\n\n<p>Volvemos a nuestro primer punto de encuentro, el <strong>Puente de Mar\u00eda Cristina<\/strong>, pero esta vez cruzamos en direcci\u00f3n hacia la otra orilla, hacia el <strong>barrio de Gros<\/strong>. Este puente es el m\u00e1s elegante de la ciudad y fue construido en 1904 por el ingeniero Jos\u00e9 Eugenio de Rivera y el arquitecto Julio Zapato. Al igual que muchos de los edificios construidos en la \u00e9poca en que la reina regente, Mar\u00eda Cristina, veraneaba en la ciudad, el marcado estilo parisino con influencias de la Belle Epoque est\u00e1 muy presente. De hecho el puente est\u00e1 inspirado en el de Alejandro III de Par\u00eds.<\/p>\n\n\n\n<p>Si dejamos el mar detr\u00e1s nuestro, a la izquierda encontraremos el edificio de <strong><a href=\"https:\/\/www.tabakalera.eus\/es\/\">Tabakalera<\/a><\/strong>, reconvertido en Centro Internacional de Cultura Contempor\u00e1nea y sede del Festival Internacional de Cine de Donostia. Un buen lugar para palpar el ambiente cultural de la ciudad.<\/p>\n\n\n\n<p>Un poco m\u00e1s all\u00e1, llegaremos al <strong>Parque Cristina Enea<\/strong>, legado a la ciudad por los Duques de Mandas. Un oasis de tranquilidad para perdernos entre senderos y vegetaci\u00f3n a la orilla del \u00faltimo meandro del r\u00edo Urumea antes de su desembocadura en el mar.<\/p>\n\n\n\n<div class=\"wp-block-image\"><figure class=\"aligncenter size-full is-resized\"><img decoding=\"async\" src=\"http:\/\/www.canariasviaja.com\/viajaresvivir\/wp-content\/uploads\/2022\/02\/Foto-de-Patri-Ca\u0301mpora3.jpg\" alt=\"San Sebastian Cristina Enea\" class=\"wp-image-8132\" width=\"400\" srcset=\"https:\/\/www.canariasviaja.com\/viajaresvivir\/wp-content\/uploads\/2022\/02\/Foto-de-Patri-Ca\u0301mpora3.jpg 768w, https:\/\/www.canariasviaja.com\/viajaresvivir\/wp-content\/uploads\/2022\/02\/Foto-de-Patri-Ca\u0301mpora3-225x300.jpg 225w, https:\/\/www.canariasviaja.com\/viajaresvivir\/wp-content\/uploads\/2022\/02\/Foto-de-Patri-Ca\u0301mpora3-600x800.jpg 600w\" sizes=\"(max-width: 768px) 100vw, 768px\" \/><figcaption>Entrada Cristina Enea. Foto: Laura C\u00e9spedes<\/figcaption><\/figure><\/div>\n\n\n\n<p>Si tenemos ganas de seguir andando, podemos llegar hasta el <strong>cementerio de Polloe<\/strong>, el m\u00e1s relevante de Guip\u00fazcoa, en donde est\u00e1n enterrados personajes relevantes como Clara Campoamor o el dramaturgo Miguel Mihura. De estructura decimon\u00f3nica, destacan sus capillas de estilo neog\u00f3tico que conservan bellas vidrieras historiadas y de motivos vegetales.<\/p>\n\n\n\n<p>O podemos volver sobre nuestros pasos paseando a la orilla del Urumea, dej\u00e1ndonos sorprender por su arbolada y su colecci\u00f3n de esculturas junto al r\u00edo.<\/p>\n\n\n\n<figure class=\"wp-block-gallery columns-2 is-cropped wp-block-gallery-1 is-layout-flex wp-block-gallery-is-layout-flex\"><ul class=\"blocks-gallery-grid\"><li class=\"blocks-gallery-item\"><figure><img loading=\"lazy\" decoding=\"async\" width=\"768\" height=\"1024\" src=\"http:\/\/www.canariasviaja.com\/viajaresvivir\/wp-content\/uploads\/2022\/02\/Foto-de-Patri-Ca\u0301mpora4.jpg\" alt=\"\" data-id=\"8133\" data-full-url=\"http:\/\/www.canariasviaja.com\/viajaresvivir\/wp-content\/uploads\/2022\/02\/Foto-de-Patri-Ca\u0301mpora4.jpg\" data-link=\"https:\/\/www.canariasviaja.com\/viajaresvivir\/?attachment_id=8133#main\" class=\"wp-image-8133\" srcset=\"https:\/\/www.canariasviaja.com\/viajaresvivir\/wp-content\/uploads\/2022\/02\/Foto-de-Patri-Ca\u0301mpora4.jpg 768w, https:\/\/www.canariasviaja.com\/viajaresvivir\/wp-content\/uploads\/2022\/02\/Foto-de-Patri-Ca\u0301mpora4-225x300.jpg 225w, https:\/\/www.canariasviaja.com\/viajaresvivir\/wp-content\/uploads\/2022\/02\/Foto-de-Patri-Ca\u0301mpora4-600x800.jpg 600w\" sizes=\"(max-width: 768px) 100vw, 768px\" \/><\/figure><\/li><li class=\"blocks-gallery-item\"><figure><img loading=\"lazy\" decoding=\"async\" width=\"768\" height=\"1024\" src=\"http:\/\/www.canariasviaja.com\/viajaresvivir\/wp-content\/uploads\/2022\/02\/Foto-de-Patri-Ca\u0301mpora1.jpg\" alt=\"San Sebasti\u00e1n\" data-id=\"8130\" data-full-url=\"http:\/\/www.canariasviaja.com\/viajaresvivir\/wp-content\/uploads\/2022\/02\/Foto-de-Patri-Ca\u0301mpora1.jpg\" data-link=\"https:\/\/www.canariasviaja.com\/viajaresvivir\/?attachment_id=8130#main\" class=\"wp-image-8130\" srcset=\"https:\/\/www.canariasviaja.com\/viajaresvivir\/wp-content\/uploads\/2022\/02\/Foto-de-Patri-Ca\u0301mpora1.jpg 768w, https:\/\/www.canariasviaja.com\/viajaresvivir\/wp-content\/uploads\/2022\/02\/Foto-de-Patri-Ca\u0301mpora1-225x300.jpg 225w, https:\/\/www.canariasviaja.com\/viajaresvivir\/wp-content\/uploads\/2022\/02\/Foto-de-Patri-Ca\u0301mpora1-600x800.jpg 600w\" sizes=\"(max-width: 768px) 100vw, 768px\" \/><\/figure><\/li><\/ul><\/figure>\n\n\n\n<p> Llegaremos a el &nbsp;&nbsp;<strong>Palacio de Congresos y Auditorio Kursaal<\/strong>, dise\u00f1ado por Rafael Moneo, y mundialmente conocido por acoger las galas del <strong>Festival Internacional de Cine de San Sebasti\u00e1n<\/strong>, que transforma la ciudad cada septiembre. En d\u00edas de temporal, el <strong>puente del Kursall <\/strong>es un lugar estrat\u00e9gico para disfrutar de la fuerza del Mar Cant\u00e1brico.<\/p>\n\n\n\n<div class=\"wp-block-image\"><figure class=\"aligncenter size-full\"><img loading=\"lazy\" decoding=\"async\" width=\"1024\" height=\"683\" src=\"http:\/\/www.canariasviaja.com\/viajaresvivir\/wp-content\/uploads\/2022\/02\/Kursall.jpg\" alt=\"Kursall San sebastian\" class=\"wp-image-8135\" srcset=\"https:\/\/www.canariasviaja.com\/viajaresvivir\/wp-content\/uploads\/2022\/02\/Kursall.jpg 1024w, https:\/\/www.canariasviaja.com\/viajaresvivir\/wp-content\/uploads\/2022\/02\/Kursall-300x200.jpg 300w, https:\/\/www.canariasviaja.com\/viajaresvivir\/wp-content\/uploads\/2022\/02\/Kursall-768x512.jpg 768w\" sizes=\"(max-width: 1024px) 100vw, 1024px\" \/><figcaption>Puente del Kursall con palacio de congresos. Foto: Basque Tour<\/figcaption><\/figure><\/div>\n\n\n\n<p>A su derecha, <strong>la playa de Zurriola<\/strong>, lugar de encuentro de surfistas, donde podemos palpar c\u00f3mo se vive este deporte en la ciudad.<\/p>\n\n\n\n<div class=\"wp-block-image\"><figure class=\"aligncenter size-full\"><img loading=\"lazy\" decoding=\"async\" width=\"1024\" height=\"643\" src=\"http:\/\/www.canariasviaja.com\/viajaresvivir\/wp-content\/uploads\/2022\/02\/Surf-en-san-sebastian.jpg\" alt=\"Playa de Zurriaola\" class=\"wp-image-8138\" srcset=\"https:\/\/www.canariasviaja.com\/viajaresvivir\/wp-content\/uploads\/2022\/02\/Surf-en-san-sebastian.jpg 1024w, https:\/\/www.canariasviaja.com\/viajaresvivir\/wp-content\/uploads\/2022\/02\/Surf-en-san-sebastian-300x188.jpg 300w, https:\/\/www.canariasviaja.com\/viajaresvivir\/wp-content\/uploads\/2022\/02\/Surf-en-san-sebastian-768x482.jpg 768w\" sizes=\"(max-width: 1024px) 100vw, 1024px\" \/><figcaption>Surfistas en playa de Zurriaola. Foto: Basque Tour<\/figcaption><\/figure><\/div>\n\n\n\n<p>Si te apetece tomar algo por el <strong>barrio de Gros<\/strong>, puedes pedir unos vinos y pintxos en la <a href=\"https:\/\/www.tripadvisor.es\/Restaurant_Review-g187457-d989123-Reviews-Bodega_Donostiarra-San_Sebastian_Donostia_Province_of_Guipuzcoa_Basque_Country.html\">Bodega Donostiarra<\/a> o disfrutar de una buena chuleta con pimientos en la <a href=\"https:\/\/www.tripadvisor.es\/Restaurant_Review-g187457-d988523-Reviews-La_Txuleteria_del_Iraeta-San_Sebastian_Donostia_Province_of_Guipuzcoa_Basque_Count.html\">Txuleter\u00eda del Iraieta.<\/a><\/p>\n\n\n\n<p><\/p>\n\n\n\n<p>\u00a1Gracias Laura por mostrarnos tu San Sebasti\u00e1n!<\/p>\n\n\n\n<p>(<a href=\"http:\/\/www.lauracespedes.com\/\">Laura C\u00e9spedes<\/a> acompa\u00f1a a mujeres emprendedoras y empresarias a ordenar y simplificar sus negocios desde la gesti\u00f3n por procesos conscientes. Claridad y orden todo en uno.)<\/p>\n\n\n\n<p><\/p>\n\n\n\n<div class=\"wp-block-buttons is-content-justification-center is-layout-flex wp-block-buttons-is-layout-flex\">\n<div class=\"wp-block-button\"><a class=\"wp-block-button__link\" href=\"https:\/\/bit.ly\/3sdzyGr\">\u00a1Esc\u00e1pate a San Sebasti\u00e1n!<\/a><\/div>\n<\/div>\n","protected":false},"excerpt":{"rendered":"<p>La ciudad de San Sebasti\u00e1n es una ciudad de la que es dif\u00edcil cansarse. Laura C\u00e9spedes, donostiarra de nacimiento, se sigue sorprendiendo cada vez que pasea por sus calles. Siempre hay algo nuevo, tan solo hay que levantar la vista curiosa hacia las fachadas y descubrir lo que esconden. Hoy nos invita a recorrer algunos de sus lugares favoritos de &hellip;<\/p>\n","protected":false},"author":2,"featured_media":8136,"comment_status":"open","ping_status":"open","sticky":false,"template":"","format":"standard","meta":{"_acf_changed":false,"sfsi_plus_gutenberg_text_before_share":"","sfsi_plus_gutenberg_show_text_before_share":"","sfsi_plus_gutenberg_icon_type":"","sfsi_plus_gutenberg_icon_alignemt":"","sfsi_plus_gutenburg_max_per_row":"","footnotes":""},"categories":[124,123,10,100,11,839],"tags":[],"class_list":["post-8128","post","type-post","status-publish","format-standard","has-post-thumbnail","hentry","category-descubre","category-explora","category-historias-viajeras","category-peninsulaybaleares","category-postales","category-san-sebastian"],"acf":[],"yoast_head":"<!-- This site is optimized with the Yoast SEO plugin v24.1 - https:\/\/yoast.com\/wordpress\/plugins\/seo\/ -->\n<title>Paseo por el San Sebasti\u00e1n de Laura C\u00e9spedes - Viajar es vivir<\/title>\n<meta name=\"description\" content=\"San Sebasti\u00e1n es una ciudad que siempre sorprende. Una ciudad para caminarla fijandose en los detalles de su arquitectura.\" \/>\n<meta name=\"robots\" content=\"index, follow, max-snippet:-1, max-image-preview:large, max-video-preview:-1\" \/>\n<link rel=\"canonical\" href=\"https:\/\/www.canariasviaja.com\/viajaresvivir\/paseo-por-el-san-sebastian-de-laura-cespedes\/\" \/>\n<meta property=\"og:locale\" content=\"es_ES\" \/>\n<meta property=\"og:type\" content=\"article\" \/>\n<meta property=\"og:title\" content=\"Paseo por el San Sebasti\u00e1n de Laura C\u00e9spedes - Viajar es vivir\" \/>\n<meta property=\"og:description\" content=\"San Sebasti\u00e1n es una ciudad que siempre sorprende. Una ciudad para caminarla fijandose en los detalles de su arquitectura.\" \/>\n<meta property=\"og:url\" content=\"https:\/\/www.canariasviaja.com\/viajaresvivir\/paseo-por-el-san-sebastian-de-laura-cespedes\/\" \/>\n<meta property=\"og:site_name\" content=\"Viajar es vivir\" \/>\n<meta property=\"article:published_time\" content=\"2022-02-03T14:38:45+00:00\" \/>\n<meta property=\"article:modified_time\" content=\"2022-02-03T15:03:42+00:00\" \/>\n<meta property=\"og:image\" content=\"http:\/\/www.canariasviaja.com\/viajaresvivir\/wp-content\/uploads\/2022\/02\/Puerto-viejo-san-sebastian-portada.jpg\" \/>\n\t<meta property=\"og:image:width\" content=\"2000\" \/>\n\t<meta property=\"og:image:height\" content=\"1203\" \/>\n\t<meta property=\"og:image:type\" content=\"image\/jpeg\" \/>\n<meta name=\"author\" content=\"Patri C\u00e1mpora\" \/>\n<meta name=\"twitter:card\" content=\"summary_large_image\" \/>\n<meta name=\"twitter:label1\" content=\"Escrito por\" \/>\n\t<meta name=\"twitter:data1\" content=\"Patri C\u00e1mpora\" \/>\n\t<meta name=\"twitter:label2\" content=\"Tiempo de lectura\" \/>\n\t<meta name=\"twitter:data2\" content=\"8 minutos\" \/>\n<script type=\"application\/ld+json\" class=\"yoast-schema-graph\">{\"@context\":\"https:\/\/schema.org\",\"@graph\":[{\"@type\":\"WebPage\",\"@id\":\"https:\/\/www.canariasviaja.com\/viajaresvivir\/paseo-por-el-san-sebastian-de-laura-cespedes\/\",\"url\":\"https:\/\/www.canariasviaja.com\/viajaresvivir\/paseo-por-el-san-sebastian-de-laura-cespedes\/\",\"name\":\"Paseo por el San Sebasti\u00e1n de Laura C\u00e9spedes - Viajar es vivir\",\"isPartOf\":{\"@id\":\"https:\/\/www.canariasviaja.com\/viajaresvivir\/#website\"},\"primaryImageOfPage\":{\"@id\":\"https:\/\/www.canariasviaja.com\/viajaresvivir\/paseo-por-el-san-sebastian-de-laura-cespedes\/#primaryimage\"},\"image\":{\"@id\":\"https:\/\/www.canariasviaja.com\/viajaresvivir\/paseo-por-el-san-sebastian-de-laura-cespedes\/#primaryimage\"},\"thumbnailUrl\":\"https:\/\/www.canariasviaja.com\/viajaresvivir\/wp-content\/uploads\/2022\/02\/Puerto-viejo-san-sebastian-portada.jpg\",\"datePublished\":\"2022-02-03T14:38:45+00:00\",\"dateModified\":\"2022-02-03T15:03:42+00:00\",\"author\":{\"@id\":\"https:\/\/www.canariasviaja.com\/viajaresvivir\/#\/schema\/person\/085949651001325f1244a8bc1b34709c\"},\"description\":\"San Sebasti\u00e1n es una ciudad que siempre sorprende. Una ciudad para caminarla fijandose en los detalles de su arquitectura.\",\"breadcrumb\":{\"@id\":\"https:\/\/www.canariasviaja.com\/viajaresvivir\/paseo-por-el-san-sebastian-de-laura-cespedes\/#breadcrumb\"},\"inLanguage\":\"es\",\"potentialAction\":[{\"@type\":\"ReadAction\",\"target\":[\"https:\/\/www.canariasviaja.com\/viajaresvivir\/paseo-por-el-san-sebastian-de-laura-cespedes\/\"]}]},{\"@type\":\"ImageObject\",\"inLanguage\":\"es\",\"@id\":\"https:\/\/www.canariasviaja.com\/viajaresvivir\/paseo-por-el-san-sebastian-de-laura-cespedes\/#primaryimage\",\"url\":\"https:\/\/www.canariasviaja.com\/viajaresvivir\/wp-content\/uploads\/2022\/02\/Puerto-viejo-san-sebastian-portada.jpg\",\"contentUrl\":\"https:\/\/www.canariasviaja.com\/viajaresvivir\/wp-content\/uploads\/2022\/02\/Puerto-viejo-san-sebastian-portada.jpg\",\"width\":2000,\"height\":1203,\"caption\":\"Puerto viejo de San sebasti\u00e1n\"},{\"@type\":\"BreadcrumbList\",\"@id\":\"https:\/\/www.canariasviaja.com\/viajaresvivir\/paseo-por-el-san-sebastian-de-laura-cespedes\/#breadcrumb\",\"itemListElement\":[{\"@type\":\"ListItem\",\"position\":1,\"name\":\"Portada\",\"item\":\"https:\/\/www.canariasviaja.com\/viajaresvivir\/\"},{\"@type\":\"ListItem\",\"position\":2,\"name\":\"Paseo por el San Sebasti\u00e1n de Laura C\u00e9spedes\"}]},{\"@type\":\"WebSite\",\"@id\":\"https:\/\/www.canariasviaja.com\/viajaresvivir\/#website\",\"url\":\"https:\/\/www.canariasviaja.com\/viajaresvivir\/\",\"name\":\"Viajar es vivir\",\"description\":\"El blog de viajes y estilo de vida de CanariasViaja\",\"potentialAction\":[{\"@type\":\"SearchAction\",\"target\":{\"@type\":\"EntryPoint\",\"urlTemplate\":\"https:\/\/www.canariasviaja.com\/viajaresvivir\/?s={search_term_string}\"},\"query-input\":{\"@type\":\"PropertyValueSpecification\",\"valueRequired\":true,\"valueName\":\"search_term_string\"}}],\"inLanguage\":\"es\"},{\"@type\":\"Person\",\"@id\":\"https:\/\/www.canariasviaja.com\/viajaresvivir\/#\/schema\/person\/085949651001325f1244a8bc1b34709c\",\"name\":\"Patri C\u00e1mpora\",\"image\":{\"@type\":\"ImageObject\",\"inLanguage\":\"es\",\"@id\":\"https:\/\/www.canariasviaja.com\/viajaresvivir\/#\/schema\/person\/image\/\",\"url\":\"https:\/\/secure.gravatar.com\/avatar\/b2ce2c4086a5776e5310f57c1a2e5b4e?s=96&d=mm&r=g\",\"contentUrl\":\"https:\/\/secure.gravatar.com\/avatar\/b2ce2c4086a5776e5310f57c1a2e5b4e?s=96&d=mm&r=g\",\"caption\":\"Patri C\u00e1mpora\"},\"url\":\"https:\/\/www.canariasviaja.com\/viajaresvivir\/author\/patri\/\"}]}<\/script>\n<!-- \/ Yoast SEO plugin. -->","yoast_head_json":{"title":"Paseo por el San Sebasti\u00e1n de Laura C\u00e9spedes - Viajar es vivir","description":"San Sebasti\u00e1n es una ciudad que siempre sorprende. Una ciudad para caminarla fijandose en los detalles de su arquitectura.","robots":{"index":"index","follow":"follow","max-snippet":"max-snippet:-1","max-image-preview":"max-image-preview:large","max-video-preview":"max-video-preview:-1"},"canonical":"https:\/\/www.canariasviaja.com\/viajaresvivir\/paseo-por-el-san-sebastian-de-laura-cespedes\/","og_locale":"es_ES","og_type":"article","og_title":"Paseo por el San Sebasti\u00e1n de Laura C\u00e9spedes - Viajar es vivir","og_description":"San Sebasti\u00e1n es una ciudad que siempre sorprende. Una ciudad para caminarla fijandose en los detalles de su arquitectura.","og_url":"https:\/\/www.canariasviaja.com\/viajaresvivir\/paseo-por-el-san-sebastian-de-laura-cespedes\/","og_site_name":"Viajar es vivir","article_published_time":"2022-02-03T14:38:45+00:00","article_modified_time":"2022-02-03T15:03:42+00:00","og_image":[{"width":2000,"height":1203,"url":"http:\/\/www.canariasviaja.com\/viajaresvivir\/wp-content\/uploads\/2022\/02\/Puerto-viejo-san-sebastian-portada.jpg","type":"image\/jpeg"}],"author":"Patri C\u00e1mpora","twitter_card":"summary_large_image","twitter_misc":{"Escrito por":"Patri C\u00e1mpora","Tiempo de lectura":"8 minutos"},"schema":{"@context":"https:\/\/schema.org","@graph":[{"@type":"WebPage","@id":"https:\/\/www.canariasviaja.com\/viajaresvivir\/paseo-por-el-san-sebastian-de-laura-cespedes\/","url":"https:\/\/www.canariasviaja.com\/viajaresvivir\/paseo-por-el-san-sebastian-de-laura-cespedes\/","name":"Paseo por el San Sebasti\u00e1n de Laura C\u00e9spedes - Viajar es vivir","isPartOf":{"@id":"https:\/\/www.canariasviaja.com\/viajaresvivir\/#website"},"primaryImageOfPage":{"@id":"https:\/\/www.canariasviaja.com\/viajaresvivir\/paseo-por-el-san-sebastian-de-laura-cespedes\/#primaryimage"},"image":{"@id":"https:\/\/www.canariasviaja.com\/viajaresvivir\/paseo-por-el-san-sebastian-de-laura-cespedes\/#primaryimage"},"thumbnailUrl":"https:\/\/www.canariasviaja.com\/viajaresvivir\/wp-content\/uploads\/2022\/02\/Puerto-viejo-san-sebastian-portada.jpg","datePublished":"2022-02-03T14:38:45+00:00","dateModified":"2022-02-03T15:03:42+00:00","author":{"@id":"https:\/\/www.canariasviaja.com\/viajaresvivir\/#\/schema\/person\/085949651001325f1244a8bc1b34709c"},"description":"San Sebasti\u00e1n es una ciudad que siempre sorprende. Una ciudad para caminarla fijandose en los detalles de su arquitectura.","breadcrumb":{"@id":"https:\/\/www.canariasviaja.com\/viajaresvivir\/paseo-por-el-san-sebastian-de-laura-cespedes\/#breadcrumb"},"inLanguage":"es","potentialAction":[{"@type":"ReadAction","target":["https:\/\/www.canariasviaja.com\/viajaresvivir\/paseo-por-el-san-sebastian-de-laura-cespedes\/"]}]},{"@type":"ImageObject","inLanguage":"es","@id":"https:\/\/www.canariasviaja.com\/viajaresvivir\/paseo-por-el-san-sebastian-de-laura-cespedes\/#primaryimage","url":"https:\/\/www.canariasviaja.com\/viajaresvivir\/wp-content\/uploads\/2022\/02\/Puerto-viejo-san-sebastian-portada.jpg","contentUrl":"https:\/\/www.canariasviaja.com\/viajaresvivir\/wp-content\/uploads\/2022\/02\/Puerto-viejo-san-sebastian-portada.jpg","width":2000,"height":1203,"caption":"Puerto viejo de San sebasti\u00e1n"},{"@type":"BreadcrumbList","@id":"https:\/\/www.canariasviaja.com\/viajaresvivir\/paseo-por-el-san-sebastian-de-laura-cespedes\/#breadcrumb","itemListElement":[{"@type":"ListItem","position":1,"name":"Portada","item":"https:\/\/www.canariasviaja.com\/viajaresvivir\/"},{"@type":"ListItem","position":2,"name":"Paseo por el San Sebasti\u00e1n de Laura C\u00e9spedes"}]},{"@type":"WebSite","@id":"https:\/\/www.canariasviaja.com\/viajaresvivir\/#website","url":"https:\/\/www.canariasviaja.com\/viajaresvivir\/","name":"Viajar es vivir","description":"El blog de viajes y estilo de vida de CanariasViaja","potentialAction":[{"@type":"SearchAction","target":{"@type":"EntryPoint","urlTemplate":"https:\/\/www.canariasviaja.com\/viajaresvivir\/?s={search_term_string}"},"query-input":{"@type":"PropertyValueSpecification","valueRequired":true,"valueName":"search_term_string"}}],"inLanguage":"es"},{"@type":"Person","@id":"https:\/\/www.canariasviaja.com\/viajaresvivir\/#\/schema\/person\/085949651001325f1244a8bc1b34709c","name":"Patri C\u00e1mpora","image":{"@type":"ImageObject","inLanguage":"es","@id":"https:\/\/www.canariasviaja.com\/viajaresvivir\/#\/schema\/person\/image\/","url":"https:\/\/secure.gravatar.com\/avatar\/b2ce2c4086a5776e5310f57c1a2e5b4e?s=96&d=mm&r=g","contentUrl":"https:\/\/secure.gravatar.com\/avatar\/b2ce2c4086a5776e5310f57c1a2e5b4e?s=96&d=mm&r=g","caption":"Patri C\u00e1mpora"},"url":"https:\/\/www.canariasviaja.com\/viajaresvivir\/author\/patri\/"}]}},"_links":{"self":[{"href":"https:\/\/www.canariasviaja.com\/viajaresvivir\/wp-json\/wp\/v2\/posts\/8128"}],"collection":[{"href":"https:\/\/www.canariasviaja.com\/viajaresvivir\/wp-json\/wp\/v2\/posts"}],"about":[{"href":"https:\/\/www.canariasviaja.com\/viajaresvivir\/wp-json\/wp\/v2\/types\/post"}],"author":[{"embeddable":true,"href":"https:\/\/www.canariasviaja.com\/viajaresvivir\/wp-json\/wp\/v2\/users\/2"}],"replies":[{"embeddable":true,"href":"https:\/\/www.canariasviaja.com\/viajaresvivir\/wp-json\/wp\/v2\/comments?post=8128"}],"version-history":[{"count":9,"href":"https:\/\/www.canariasviaja.com\/viajaresvivir\/wp-json\/wp\/v2\/posts\/8128\/revisions"}],"predecessor-version":[{"id":8152,"href":"https:\/\/www.canariasviaja.com\/viajaresvivir\/wp-json\/wp\/v2\/posts\/8128\/revisions\/8152"}],"wp:featuredmedia":[{"embeddable":true,"href":"https:\/\/www.canariasviaja.com\/viajaresvivir\/wp-json\/wp\/v2\/media\/8136"}],"wp:attachment":[{"href":"https:\/\/www.canariasviaja.com\/viajaresvivir\/wp-json\/wp\/v2\/media?parent=8128"}],"wp:term":[{"taxonomy":"category","embeddable":true,"href":"https:\/\/www.canariasviaja.com\/viajaresvivir\/wp-json\/wp\/v2\/categories?post=8128"},{"taxonomy":"post_tag","embeddable":true,"href":"https:\/\/www.canariasviaja.com\/viajaresvivir\/wp-json\/wp\/v2\/tags?post=8128"}],"curies":[{"name":"wp","href":"https:\/\/api.w.org\/{rel}","templated":true}]}}