{"id":8255,"date":"2022-03-04T08:00:43","date_gmt":"2022-03-04T08:00:43","guid":{"rendered":"https:\/\/www.canariasviaja.com\/viajaresvivir\/?p=8255"},"modified":"2022-03-04T08:58:07","modified_gmt":"2022-03-04T08:58:07","slug":"la-medina-de-marrakech-siente-su-embrujo","status":"publish","type":"post","link":"https:\/\/www.canariasviaja.com\/viajaresvivir\/la-medina-de-marrakech-siente-su-embrujo\/","title":{"rendered":"La Medina de Marrakech, siente su embrujo"},"content":{"rendered":"\n<p>La Medina de Marrakech es <strong>Patrimonio de la Humanidad por la Unesco<\/strong>. Un lugar ideal para descubrir la historia de la ciudad roja, la forma de vida de sus habitantes, su gastronom\u00eda, costumbres y oficios tradicionales. <\/p>\n\n\n\n<p>Prep\u00e1rate para viajar en el tiempo. Deja atr\u00e1s tus prejuicios y d\u00e9jate seducir por el embrujo de <strong>la Medina de Marrakech.<\/strong><\/p>\n\n\n\n<div class=\"wp-block-image\"><figure class=\"aligncenter size-full\"><img loading=\"lazy\" decoding=\"async\" width=\"1600\" height=\"1068\" src=\"https:\/\/www.canariasviaja.com\/viajaresvivir\/wp-content\/uploads\/2022\/02\/Plaza-Jemaa-el-Fnaa-6.jpg\" alt=\"\" class=\"wp-image-8256\" srcset=\"https:\/\/www.canariasviaja.com\/viajaresvivir\/wp-content\/uploads\/2022\/02\/Plaza-Jemaa-el-Fnaa-6.jpg 1600w, https:\/\/www.canariasviaja.com\/viajaresvivir\/wp-content\/uploads\/2022\/02\/Plaza-Jemaa-el-Fnaa-6-300x200.jpg 300w, https:\/\/www.canariasviaja.com\/viajaresvivir\/wp-content\/uploads\/2022\/02\/Plaza-Jemaa-el-Fnaa-6-768x513.jpg 768w, https:\/\/www.canariasviaja.com\/viajaresvivir\/wp-content\/uploads\/2022\/02\/Plaza-Jemaa-el-Fnaa-6-1536x1025.jpg 1536w, https:\/\/www.canariasviaja.com\/viajaresvivir\/wp-content\/uploads\/2022\/02\/Plaza-Jemaa-el-Fnaa-6-1200x801.jpg 1200w\" sizes=\"(max-width: 1600px) 100vw, 1600px\" \/><figcaption>Plaza Jemaa el Fna al atardecer<\/figcaption><\/figure><\/div>\n\n\n\n<div style=\"height:100px\" aria-hidden=\"true\" class=\"wp-block-spacer\"><\/div>\n\n\n\n<h3 class=\"wp-block-heading\">Plaza Jemaa el Fna, el teatro de la vida <\/h3>\n\n\n\n<p>La <strong>Medina de Marrakech<\/strong> es un lugar fascinante donde uno siente que viaja en el tiempo cuando se adentra por una de sus puertas, que nos sumergen en un micromundo donde oficios ya extiguidos y pasajes centenarios conviven con las antenas parab\u00f3licas, el wifi y los m\u00f3viles de \u00faltima generaci\u00f3n.<\/p>\n\n\n\n<p>Comenzamos nuestro recorrido por la <strong>Plaza Jemaa el-Fna.<\/strong> Un lugar declarado <strong>Patrimonio inmaterial de la humanidad por la Unesco<\/strong> en 2008, por ser \u00ab<em>uno de los principales espacios culturales de Marrakech y un s\u00edmbolo de la ciudad desde su fundaci\u00f3n en el siglo XI. Presenta una concentraci\u00f3n excepcional de tradiciones culturales populares marroqu\u00edes que se expresan a trav\u00e9s de la m\u00fasica, la religi\u00f3n y diferentes disciplinas art\u00edsticas<\/em>\u00ab<em>.<\/em> <\/p>\n\n\n\n<figure class=\"wp-block-image size-full\"><img loading=\"lazy\" decoding=\"async\" width=\"1600\" height=\"1068\" src=\"http:\/\/www.canariasviaja.com\/viajaresvivir\/wp-content\/uploads\/2022\/02\/Plaza-Jemaa-el-Fnaa.jpg\" alt=\"Medina de Marrakech Plaza Jemaa el Fnaa\" class=\"wp-image-8285\" srcset=\"https:\/\/www.canariasviaja.com\/viajaresvivir\/wp-content\/uploads\/2022\/02\/Plaza-Jemaa-el-Fnaa.jpg 1600w, https:\/\/www.canariasviaja.com\/viajaresvivir\/wp-content\/uploads\/2022\/02\/Plaza-Jemaa-el-Fnaa-300x200.jpg 300w, https:\/\/www.canariasviaja.com\/viajaresvivir\/wp-content\/uploads\/2022\/02\/Plaza-Jemaa-el-Fnaa-768x513.jpg 768w, https:\/\/www.canariasviaja.com\/viajaresvivir\/wp-content\/uploads\/2022\/02\/Plaza-Jemaa-el-Fnaa-1536x1025.jpg 1536w, https:\/\/www.canariasviaja.com\/viajaresvivir\/wp-content\/uploads\/2022\/02\/Plaza-Jemaa-el-Fnaa-1200x801.jpg 1200w\" sizes=\"(max-width: 1600px) 100vw, 1600px\" \/><\/figure>\n\n\n\n<p>A lo largo del d\u00eda la Plaza est\u00e1 animada, pero es al caer la tarde y por la noche cuando alcanza su m\u00e1ximo esplendor con cientos de personas abarrotando los puestos de comida  y haciendo corros alrededor de las diferentes actuaciones. A lo largo de toda la plaza, m\u00fasicos, encantadores de serpientes, bailarines, tatuadoras de henna, cuentacuentos venidos de otros tiempos.. interpretan cada tarde su magistral interpretaci\u00f3n. Un ambiente m\u00e1gico que atrae a locales y turistas. <\/p>\n\n\n\n<figure class=\"wp-block-image size-full\"><img loading=\"lazy\" decoding=\"async\" width=\"1600\" height=\"1068\" src=\"http:\/\/www.canariasviaja.com\/viajaresvivir\/wp-content\/uploads\/2022\/02\/Plaza-Jemaa-el-Fnaa-3.jpg\" alt=\"Plaza Marrakech\" class=\"wp-image-8281\" srcset=\"https:\/\/www.canariasviaja.com\/viajaresvivir\/wp-content\/uploads\/2022\/02\/Plaza-Jemaa-el-Fnaa-3.jpg 1600w, https:\/\/www.canariasviaja.com\/viajaresvivir\/wp-content\/uploads\/2022\/02\/Plaza-Jemaa-el-Fnaa-3-300x200.jpg 300w, https:\/\/www.canariasviaja.com\/viajaresvivir\/wp-content\/uploads\/2022\/02\/Plaza-Jemaa-el-Fnaa-3-768x513.jpg 768w, https:\/\/www.canariasviaja.com\/viajaresvivir\/wp-content\/uploads\/2022\/02\/Plaza-Jemaa-el-Fnaa-3-1536x1025.jpg 1536w, https:\/\/www.canariasviaja.com\/viajaresvivir\/wp-content\/uploads\/2022\/02\/Plaza-Jemaa-el-Fnaa-3-1200x801.jpg 1200w\" sizes=\"(max-width: 1600px) 100vw, 1600px\" \/><\/figure>\n\n\n\n<div class=\"wp-block-image\"><figure class=\"aligncenter size-full is-resized\"><img decoding=\"async\" src=\"http:\/\/www.canariasviaja.com\/viajaresvivir\/wp-content\/uploads\/2022\/02\/mano-henna.jpg\" alt=\"Tatuadora de henna\" class=\"wp-image-8274\" width=\"400\" srcset=\"https:\/\/www.canariasviaja.com\/viajaresvivir\/wp-content\/uploads\/2022\/02\/mano-henna.jpg 900w, https:\/\/www.canariasviaja.com\/viajaresvivir\/wp-content\/uploads\/2022\/02\/mano-henna-200x300.jpg 200w, https:\/\/www.canariasviaja.com\/viajaresvivir\/wp-content\/uploads\/2022\/02\/mano-henna-768x1150.jpg 768w, https:\/\/www.canariasviaja.com\/viajaresvivir\/wp-content\/uploads\/2022\/02\/mano-henna-721x1080.jpg 721w\" sizes=\"(max-width: 900px) 100vw, 900px\" \/><\/figure><\/div>\n\n\n\n<figure class=\"wp-block-image size-full\"><img loading=\"lazy\" decoding=\"async\" width=\"1600\" height=\"1068\" src=\"http:\/\/www.canariasviaja.com\/viajaresvivir\/wp-content\/uploads\/2022\/02\/Plaza-Jemaa-el-Fnaa-4.jpg\" alt=\"PLaza Jemaa el Fnaa\" class=\"wp-image-8282\" srcset=\"https:\/\/www.canariasviaja.com\/viajaresvivir\/wp-content\/uploads\/2022\/02\/Plaza-Jemaa-el-Fnaa-4.jpg 1600w, https:\/\/www.canariasviaja.com\/viajaresvivir\/wp-content\/uploads\/2022\/02\/Plaza-Jemaa-el-Fnaa-4-300x200.jpg 300w, https:\/\/www.canariasviaja.com\/viajaresvivir\/wp-content\/uploads\/2022\/02\/Plaza-Jemaa-el-Fnaa-4-768x513.jpg 768w, https:\/\/www.canariasviaja.com\/viajaresvivir\/wp-content\/uploads\/2022\/02\/Plaza-Jemaa-el-Fnaa-4-1536x1025.jpg 1536w, https:\/\/www.canariasviaja.com\/viajaresvivir\/wp-content\/uploads\/2022\/02\/Plaza-Jemaa-el-Fnaa-4-1200x801.jpg 1200w\" sizes=\"(max-width: 1600px) 100vw, 1600px\" \/><\/figure>\n\n\n\n<p>Tratar de fotografiar este ambiente con tu c\u00e1mara te puede salir caro, ya que de la nada saldr\u00e1n personas que te exigir\u00e1n una propina por captar su imagen. As\u00ed que si quieres disfrutar del ambiente sin tener que estar regateando, pasea sin m\u00f3vil ni c\u00e1mara a la vista, o toma posiciones en una de las terrazas que la rodean y contempla el espect\u00e1culo sin agobios mientras tomas una bebida.<\/p>\n\n\n\n<div style=\"height:100px\" aria-hidden=\"true\" class=\"wp-block-spacer\"><\/div>\n\n\n\n<h3 class=\"wp-block-heading\">Riads, dormir en medio de la Medina de Marrakech<\/h3>\n\n\n\n<p>La Medina de Marrakech esconde muchas sorpresas tras sus muros de adobe. Al otro lado de una puerta humilde se puede esconder un exquisito riad o un elegante restaurante, as\u00ed que no hay que perder la oportunidad de atravesarlas.<\/p>\n\n\n\n<div class=\"wp-block-image\"><figure class=\"aligncenter size-full is-resized\"><img decoding=\"async\" src=\"http:\/\/www.canariasviaja.com\/viajaresvivir\/wp-content\/uploads\/2022\/02\/Detalle-puertas.jpg\" alt=\"\" class=\"wp-image-8266\" width=\"400\" srcset=\"https:\/\/www.canariasviaja.com\/viajaresvivir\/wp-content\/uploads\/2022\/02\/Detalle-puertas.jpg 900w, https:\/\/www.canariasviaja.com\/viajaresvivir\/wp-content\/uploads\/2022\/02\/Detalle-puertas-200x300.jpg 200w, https:\/\/www.canariasviaja.com\/viajaresvivir\/wp-content\/uploads\/2022\/02\/Detalle-puertas-768x1151.jpg 768w, https:\/\/www.canariasviaja.com\/viajaresvivir\/wp-content\/uploads\/2022\/02\/Detalle-puertas-721x1080.jpg 721w\" sizes=\"(max-width: 900px) 100vw, 900px\" \/><\/figure><\/div>\n\n\n\n<p>Alojarse en un riad, casas convertidas en alojamientos, en medio de la Medina, nos permite disfrutar de la hospitalidad marroqu\u00ed y vivir una experiencia m\u00e1s aut\u00e9ntica en nuestro oasis en medio del bullicio de la Medina. Los hay para todos los bolsillos, desde fantas\u00edas de las Mil y una noches, hasta riads m\u00e1s populares. Muchos de ellos est\u00e1n regentados por extranjeros.<\/p>\n\n\n\n<div class=\"wp-block-image\"><figure class=\"aligncenter size-full is-resized\"><img decoding=\"async\" src=\"http:\/\/www.canariasviaja.com\/viajaresvivir\/wp-content\/uploads\/2022\/02\/Patio-de-Riad-Marrakech.jpg\" alt=\"Riad en la medina\" class=\"wp-image-8278\" width=\"400\" srcset=\"https:\/\/www.canariasviaja.com\/viajaresvivir\/wp-content\/uploads\/2022\/02\/Patio-de-Riad-Marrakech.jpg 900w, https:\/\/www.canariasviaja.com\/viajaresvivir\/wp-content\/uploads\/2022\/02\/Patio-de-Riad-Marrakech-200x300.jpg 200w, https:\/\/www.canariasviaja.com\/viajaresvivir\/wp-content\/uploads\/2022\/02\/Patio-de-Riad-Marrakech-768x1150.jpg 768w, https:\/\/www.canariasviaja.com\/viajaresvivir\/wp-content\/uploads\/2022\/02\/Patio-de-Riad-Marrakech-721x1080.jpg 721w\" sizes=\"(max-width: 900px) 100vw, 900px\" \/><\/figure><\/div>\n\n\n\n<p>Las habitaciones, cuidadosamente decoradas, se suelen repartir alrededor de <a href=\"https:\/\/www.canariasviaja.com\/viajaresvivir\/los-patios-de-marrakech\/\">patios<\/a> en los que el agua juega un papel fundamental. Fuentes o albercas refrescan el ambiente y las rosas o el azahar lo perfuman. <\/p>\n\n\n\n<figure class=\"wp-block-gallery aligncenter columns-2 is-cropped wp-block-gallery-1 is-layout-flex wp-block-gallery-is-layout-flex\"><ul class=\"blocks-gallery-grid\"><li class=\"blocks-gallery-item\"><figure><img loading=\"lazy\" decoding=\"async\" width=\"900\" height=\"1348\" src=\"http:\/\/www.canariasviaja.com\/viajaresvivir\/wp-content\/uploads\/2022\/02\/Fuente-con-rosas.jpg\" alt=\"Rosas en Riad\" data-id=\"8267\" data-full-url=\"http:\/\/www.canariasviaja.com\/viajaresvivir\/wp-content\/uploads\/2022\/02\/Fuente-con-rosas.jpg\" data-link=\"https:\/\/www.canariasviaja.com\/viajaresvivir\/?attachment_id=8267#main\" class=\"wp-image-8267\" srcset=\"https:\/\/www.canariasviaja.com\/viajaresvivir\/wp-content\/uploads\/2022\/02\/Fuente-con-rosas.jpg 900w, https:\/\/www.canariasviaja.com\/viajaresvivir\/wp-content\/uploads\/2022\/02\/Fuente-con-rosas-200x300.jpg 200w, https:\/\/www.canariasviaja.com\/viajaresvivir\/wp-content\/uploads\/2022\/02\/Fuente-con-rosas-768x1150.jpg 768w, https:\/\/www.canariasviaja.com\/viajaresvivir\/wp-content\/uploads\/2022\/02\/Fuente-con-rosas-721x1080.jpg 721w\" sizes=\"(max-width: 900px) 100vw, 900px\" \/><\/figure><\/li><li class=\"blocks-gallery-item\"><figure><img loading=\"lazy\" decoding=\"async\" width=\"900\" height=\"1348\" src=\"http:\/\/www.canariasviaja.com\/viajaresvivir\/wp-content\/uploads\/2022\/02\/Te-en-riad.jpg\" alt=\"T\u00e9 en riad\" data-id=\"8287\" data-full-url=\"http:\/\/www.canariasviaja.com\/viajaresvivir\/wp-content\/uploads\/2022\/02\/Te-en-riad.jpg\" data-link=\"https:\/\/www.canariasviaja.com\/viajaresvivir\/?attachment_id=8287#main\" class=\"wp-image-8287\" srcset=\"https:\/\/www.canariasviaja.com\/viajaresvivir\/wp-content\/uploads\/2022\/02\/Te-en-riad.jpg 900w, https:\/\/www.canariasviaja.com\/viajaresvivir\/wp-content\/uploads\/2022\/02\/Te-en-riad-200x300.jpg 200w, https:\/\/www.canariasviaja.com\/viajaresvivir\/wp-content\/uploads\/2022\/02\/Te-en-riad-768x1150.jpg 768w, https:\/\/www.canariasviaja.com\/viajaresvivir\/wp-content\/uploads\/2022\/02\/Te-en-riad-721x1080.jpg 721w\" sizes=\"(max-width: 900px) 100vw, 900px\" \/><\/figure><\/li><\/ul><\/figure>\n\n\n\n<p>Volver al riad despu\u00e9s de un paseo por las bulliciosas  callejuelas de la Medina es un b\u00e1lsamo para los sentidos. El mundo real queda fuera y nos adentramos en un universo de calma. Con un vaso de dulce t\u00e9 entre las manos, escuchando el sonido del agua, nos relajamos y procesamos todo lo visto en el d\u00eda.<\/p>\n\n\n\n<div class=\"wp-block-image\"><figure class=\"aligncenter size-full is-resized\"><img decoding=\"async\" src=\"http:\/\/www.canariasviaja.com\/viajaresvivir\/wp-content\/uploads\/2022\/02\/Te-Marrakech.jpg\" alt=\"Te en Marrakech\" class=\"wp-image-8288\" width=\"400\" srcset=\"https:\/\/www.canariasviaja.com\/viajaresvivir\/wp-content\/uploads\/2022\/02\/Te-Marrakech.jpg 900w, https:\/\/www.canariasviaja.com\/viajaresvivir\/wp-content\/uploads\/2022\/02\/Te-Marrakech-200x300.jpg 200w, https:\/\/www.canariasviaja.com\/viajaresvivir\/wp-content\/uploads\/2022\/02\/Te-Marrakech-768x1150.jpg 768w, https:\/\/www.canariasviaja.com\/viajaresvivir\/wp-content\/uploads\/2022\/02\/Te-Marrakech-721x1080.jpg 721w\" sizes=\"(max-width: 900px) 100vw, 900px\" \/><\/figure><\/div>\n\n\n\n<div style=\"height:100px\" aria-hidden=\"true\" class=\"wp-block-spacer\"><\/div>\n\n\n\n<h3 class=\"wp-block-heading\">Hammam, un ritual inolvidable<\/h3>\n\n\n\n<p>Cuando paseemos por el zoco encontraremos que en muchos puestos venden una pasta de color oscuro. Se trata del jab\u00f3n negro, hecho con aceite de oliva, sosa y cenizas, que forma parte imprescindible de su ritual de limpieza.<\/p>\n\n\n\n<p>Los locales lo compran a granel para llevarlo a su cita semanal en el hammam. Las familias acuden semanalmente a la  casa de ba\u00f1os para llevar a cabo el ritual de higiene con el que se preparar para el d\u00eda de la oraci\u00f3n. Los hombres y las mujeres tienen salas separadas y acudir a ellos se convierte en un acto social, ya que mientras se asean se ponen al d\u00eda con sus amigos y vecinos.<\/p>\n\n\n\n<div class=\"wp-block-image\"><figure class=\"aligncenter size-full is-resized\"><img decoding=\"async\" src=\"http:\/\/www.canariasviaja.com\/viajaresvivir\/wp-content\/uploads\/2022\/02\/jabon-negro.jpg\" alt=\"Pasta de jabon negro\" class=\"wp-image-8270\" width=\"400\" srcset=\"https:\/\/www.canariasviaja.com\/viajaresvivir\/wp-content\/uploads\/2022\/02\/jabon-negro.jpg 900w, https:\/\/www.canariasviaja.com\/viajaresvivir\/wp-content\/uploads\/2022\/02\/jabon-negro-200x300.jpg 200w, https:\/\/www.canariasviaja.com\/viajaresvivir\/wp-content\/uploads\/2022\/02\/jabon-negro-768x1150.jpg 768w, https:\/\/www.canariasviaja.com\/viajaresvivir\/wp-content\/uploads\/2022\/02\/jabon-negro-721x1080.jpg 721w\" sizes=\"(max-width: 900px) 100vw, 900px\" \/><\/figure><\/div>\n\n\n\n<p>A los visitantes, la experiencia del hammam nos introduce en un mundo de sensualidad y relax. Que te reciban con un t\u00e9 caliente, entrar en una sala llena de vapor, dejarse empapar con cubos de agua fr\u00eda y caliente, que te froten el cuerpo con un guante de crin con jab\u00f3n negro con aroma a eucalipto, y que finalmente te masajeen de pies a cabeza con aceite de argan y te perfumen con ambar, es una experiencia que a muchos puede desconcertar pero que, si te dejas llevar y te relajas, se convertir\u00e1 en uno de los momentos inolvidables de tu viaje. Si lo logras, estar\u00e1s pensando en repetir nada m\u00e1s terminar.<\/p>\n\n\n\n<div class=\"wp-block-image\"><figure class=\"aligncenter size-full is-resized\"><img decoding=\"async\" src=\"http:\/\/www.canariasviaja.com\/viajaresvivir\/wp-content\/uploads\/2022\/02\/Hamam.jpg\" alt=\"Hammam\" class=\"wp-image-8269\" width=\"400\" srcset=\"https:\/\/www.canariasviaja.com\/viajaresvivir\/wp-content\/uploads\/2022\/02\/Hamam.jpg 900w, https:\/\/www.canariasviaja.com\/viajaresvivir\/wp-content\/uploads\/2022\/02\/Hamam-200x300.jpg 200w, https:\/\/www.canariasviaja.com\/viajaresvivir\/wp-content\/uploads\/2022\/02\/Hamam-768x1150.jpg 768w, https:\/\/www.canariasviaja.com\/viajaresvivir\/wp-content\/uploads\/2022\/02\/Hamam-721x1080.jpg 721w\" sizes=\"(max-width: 900px) 100vw, 900px\" \/><\/figure><\/div>\n\n\n\n<div style=\"height:100px\" aria-hidden=\"true\" class=\"wp-block-spacer\"><\/div>\n\n\n\n<h3 class=\"wp-block-heading\">De compras por el zoco<\/h3>\n\n\n\n<p>Quieras o no comprar, tienes que perderte por las callejuelas del <strong>zoco de Marrakech<\/strong>. <\/p>\n\n\n\n<p>Mas all\u00e1 de los puestos generalistas situados cerca de las puertas de la Medina, el zoco se va especializando seg\u00fan avanzamos hacia el interior. Descubrir\u00e1s que dentro de este enorme mercado caben muchos zocos: <strong>el de los tintoreros, el de forja y metal, el de curtidos y pieles, el de las especias&#8230; <\/strong><\/p>\n\n\n\n<figure class=\"wp-block-image size-full\"><img loading=\"lazy\" decoding=\"async\" width=\"1600\" height=\"1068\" src=\"http:\/\/www.canariasviaja.com\/viajaresvivir\/wp-content\/uploads\/2022\/02\/Mercado-de-las-especias.jpg\" alt=\"Mercado de las especias\" class=\"wp-image-8277\" srcset=\"https:\/\/www.canariasviaja.com\/viajaresvivir\/wp-content\/uploads\/2022\/02\/Mercado-de-las-especias.jpg 1600w, https:\/\/www.canariasviaja.com\/viajaresvivir\/wp-content\/uploads\/2022\/02\/Mercado-de-las-especias-300x200.jpg 300w, https:\/\/www.canariasviaja.com\/viajaresvivir\/wp-content\/uploads\/2022\/02\/Mercado-de-las-especias-768x513.jpg 768w, https:\/\/www.canariasviaja.com\/viajaresvivir\/wp-content\/uploads\/2022\/02\/Mercado-de-las-especias-1536x1025.jpg 1536w, https:\/\/www.canariasviaja.com\/viajaresvivir\/wp-content\/uploads\/2022\/02\/Mercado-de-las-especias-1200x801.jpg 1200w\" sizes=\"(max-width: 1600px) 100vw, 1600px\" \/><\/figure>\n\n\n\n<figure class=\"wp-block-gallery columns-2 is-cropped wp-block-gallery-2 is-layout-flex wp-block-gallery-is-layout-flex\"><ul class=\"blocks-gallery-grid\"><li class=\"blocks-gallery-item\"><figure><img loading=\"lazy\" decoding=\"async\" width=\"900\" height=\"1348\" src=\"http:\/\/www.canariasviaja.com\/viajaresvivir\/wp-content\/uploads\/2022\/02\/Puestos-calles-medina.jpg\" alt=\"\" data-id=\"8286\" data-full-url=\"http:\/\/www.canariasviaja.com\/viajaresvivir\/wp-content\/uploads\/2022\/02\/Puestos-calles-medina.jpg\" data-link=\"https:\/\/www.canariasviaja.com\/viajaresvivir\/?attachment_id=8286#main\" class=\"wp-image-8286\" srcset=\"https:\/\/www.canariasviaja.com\/viajaresvivir\/wp-content\/uploads\/2022\/02\/Puestos-calles-medina.jpg 900w, https:\/\/www.canariasviaja.com\/viajaresvivir\/wp-content\/uploads\/2022\/02\/Puestos-calles-medina-200x300.jpg 200w, https:\/\/www.canariasviaja.com\/viajaresvivir\/wp-content\/uploads\/2022\/02\/Puestos-calles-medina-768x1150.jpg 768w, https:\/\/www.canariasviaja.com\/viajaresvivir\/wp-content\/uploads\/2022\/02\/Puestos-calles-medina-721x1080.jpg 721w\" sizes=\"(max-width: 900px) 100vw, 900px\" \/><\/figure><\/li><li class=\"blocks-gallery-item\"><figure><img loading=\"lazy\" decoding=\"async\" width=\"900\" height=\"1348\" src=\"http:\/\/www.canariasviaja.com\/viajaresvivir\/wp-content\/uploads\/2022\/02\/Detalle-especias.jpg\" alt=\"Especies en el zoco de Marrakech\" data-id=\"8264\" data-full-url=\"http:\/\/www.canariasviaja.com\/viajaresvivir\/wp-content\/uploads\/2022\/02\/Detalle-especias.jpg\" data-link=\"https:\/\/www.canariasviaja.com\/viajaresvivir\/?attachment_id=8264#main\" class=\"wp-image-8264\" srcset=\"https:\/\/www.canariasviaja.com\/viajaresvivir\/wp-content\/uploads\/2022\/02\/Detalle-especias.jpg 900w, https:\/\/www.canariasviaja.com\/viajaresvivir\/wp-content\/uploads\/2022\/02\/Detalle-especias-200x300.jpg 200w, https:\/\/www.canariasviaja.com\/viajaresvivir\/wp-content\/uploads\/2022\/02\/Detalle-especias-768x1150.jpg 768w, https:\/\/www.canariasviaja.com\/viajaresvivir\/wp-content\/uploads\/2022\/02\/Detalle-especias-721x1080.jpg 721w\" sizes=\"(max-width: 900px) 100vw, 900px\" \/><\/figure><\/li><\/ul><\/figure>\n\n\n\n<p>El brillante colorido de las alfombras y los tintes, el olor de los cueros y las especies, el brillo de los metales&#8230;har\u00e1n que tus sentidos est\u00e9n alerta a cada paso. <\/p>\n\n\n\n<figure class=\"wp-block-gallery columns-2 is-cropped wp-block-gallery-3 is-layout-flex wp-block-gallery-is-layout-flex\"><ul class=\"blocks-gallery-grid\"><li class=\"blocks-gallery-item\"><figure><img loading=\"lazy\" decoding=\"async\" width=\"900\" height=\"1348\" src=\"http:\/\/www.canariasviaja.com\/viajaresvivir\/wp-content\/uploads\/2022\/02\/Zoco-de-los-tintoreros.jpg\" alt=\"\" data-id=\"8289\" data-full-url=\"http:\/\/www.canariasviaja.com\/viajaresvivir\/wp-content\/uploads\/2022\/02\/Zoco-de-los-tintoreros.jpg\" data-link=\"https:\/\/www.canariasviaja.com\/viajaresvivir\/?attachment_id=8289#main\" class=\"wp-image-8289\" srcset=\"https:\/\/www.canariasviaja.com\/viajaresvivir\/wp-content\/uploads\/2022\/02\/Zoco-de-los-tintoreros.jpg 900w, https:\/\/www.canariasviaja.com\/viajaresvivir\/wp-content\/uploads\/2022\/02\/Zoco-de-los-tintoreros-200x300.jpg 200w, https:\/\/www.canariasviaja.com\/viajaresvivir\/wp-content\/uploads\/2022\/02\/Zoco-de-los-tintoreros-768x1150.jpg 768w, https:\/\/www.canariasviaja.com\/viajaresvivir\/wp-content\/uploads\/2022\/02\/Zoco-de-los-tintoreros-721x1080.jpg 721w\" sizes=\"(max-width: 900px) 100vw, 900px\" \/><\/figure><\/li><li class=\"blocks-gallery-item\"><figure><img loading=\"lazy\" decoding=\"async\" width=\"900\" height=\"1348\" src=\"http:\/\/www.canariasviaja.com\/viajaresvivir\/wp-content\/uploads\/2022\/02\/Alfombras.jpg\" alt=\"Zoco Marrakech\" data-id=\"8257\" data-full-url=\"http:\/\/www.canariasviaja.com\/viajaresvivir\/wp-content\/uploads\/2022\/02\/Alfombras.jpg\" data-link=\"https:\/\/www.canariasviaja.com\/viajaresvivir\/?attachment_id=8257#main\" class=\"wp-image-8257\" srcset=\"https:\/\/www.canariasviaja.com\/viajaresvivir\/wp-content\/uploads\/2022\/02\/Alfombras.jpg 900w, https:\/\/www.canariasviaja.com\/viajaresvivir\/wp-content\/uploads\/2022\/02\/Alfombras-200x300.jpg 200w, https:\/\/www.canariasviaja.com\/viajaresvivir\/wp-content\/uploads\/2022\/02\/Alfombras-768x1150.jpg 768w, https:\/\/www.canariasviaja.com\/viajaresvivir\/wp-content\/uploads\/2022\/02\/Alfombras-721x1080.jpg 721w\" sizes=\"(max-width: 900px) 100vw, 900px\" \/><\/figure><\/li><\/ul><\/figure>\n\n\n\n<p>Los vendedores te invitar\u00e1n a un t\u00e9 y comenzar\u00e1 el regateo. Hay que estar \u00e1gil para seguirles el juego. El regateo forma parte de su cultura. Si te interesa verdaderamente lo que vas a comprar, juega su juego y puede que llegues  a un acuerdo. Hay veces que se gana y otras que se pierde, pero te llevar\u00e1s a casa un objeto que te recuerde a este viaje.<\/p>\n\n\n\n<p>Podr\u00e1s descubrir el trabajo que hay detr\u00e1s de cada objeto, observando a los artesanos que encuentres trabajando a la puerta de sus talleres. Sus manos te hablar\u00e1n de las horas de trabajo que tiene cada pieza.<\/p>\n\n\n\n<figure class=\"wp-block-gallery columns-3 is-cropped wp-block-gallery-4 is-layout-flex wp-block-gallery-is-layout-flex\"><ul class=\"blocks-gallery-grid\"><li class=\"blocks-gallery-item\"><figure><img loading=\"lazy\" decoding=\"async\" width=\"1600\" height=\"1068\" src=\"http:\/\/www.canariasviaja.com\/viajaresvivir\/wp-content\/uploads\/2022\/02\/Artesano-zoco.jpg\" alt=\"\" data-id=\"8260\" data-full-url=\"http:\/\/www.canariasviaja.com\/viajaresvivir\/wp-content\/uploads\/2022\/02\/Artesano-zoco.jpg\" data-link=\"https:\/\/www.canariasviaja.com\/viajaresvivir\/?attachment_id=8260#main\" class=\"wp-image-8260\" srcset=\"https:\/\/www.canariasviaja.com\/viajaresvivir\/wp-content\/uploads\/2022\/02\/Artesano-zoco.jpg 1600w, https:\/\/www.canariasviaja.com\/viajaresvivir\/wp-content\/uploads\/2022\/02\/Artesano-zoco-300x200.jpg 300w, https:\/\/www.canariasviaja.com\/viajaresvivir\/wp-content\/uploads\/2022\/02\/Artesano-zoco-768x513.jpg 768w, https:\/\/www.canariasviaja.com\/viajaresvivir\/wp-content\/uploads\/2022\/02\/Artesano-zoco-1536x1025.jpg 1536w, https:\/\/www.canariasviaja.com\/viajaresvivir\/wp-content\/uploads\/2022\/02\/Artesano-zoco-1200x801.jpg 1200w\" sizes=\"(max-width: 1600px) 100vw, 1600px\" \/><\/figure><\/li><li class=\"blocks-gallery-item\"><figure><img loading=\"lazy\" decoding=\"async\" width=\"900\" height=\"1348\" src=\"http:\/\/www.canariasviaja.com\/viajaresvivir\/wp-content\/uploads\/2022\/02\/Argan.jpg\" alt=\"Marrakech\" data-id=\"8258\" data-full-url=\"http:\/\/www.canariasviaja.com\/viajaresvivir\/wp-content\/uploads\/2022\/02\/Argan.jpg\" data-link=\"https:\/\/www.canariasviaja.com\/viajaresvivir\/?attachment_id=8258#main\" class=\"wp-image-8258\" srcset=\"https:\/\/www.canariasviaja.com\/viajaresvivir\/wp-content\/uploads\/2022\/02\/Argan.jpg 900w, https:\/\/www.canariasviaja.com\/viajaresvivir\/wp-content\/uploads\/2022\/02\/Argan-200x300.jpg 200w, https:\/\/www.canariasviaja.com\/viajaresvivir\/wp-content\/uploads\/2022\/02\/Argan-768x1150.jpg 768w, https:\/\/www.canariasviaja.com\/viajaresvivir\/wp-content\/uploads\/2022\/02\/Argan-721x1080.jpg 721w\" sizes=\"(max-width: 900px) 100vw, 900px\" \/><\/figure><\/li><li class=\"blocks-gallery-item\"><figure><img loading=\"lazy\" decoding=\"async\" width=\"1600\" height=\"1068\" src=\"http:\/\/www.canariasviaja.com\/viajaresvivir\/wp-content\/uploads\/2022\/02\/Artesano-medina.jpg\" alt=\"\" data-id=\"8259\" data-full-url=\"http:\/\/www.canariasviaja.com\/viajaresvivir\/wp-content\/uploads\/2022\/02\/Artesano-medina.jpg\" data-link=\"https:\/\/www.canariasviaja.com\/viajaresvivir\/?attachment_id=8259#main\" class=\"wp-image-8259\" srcset=\"https:\/\/www.canariasviaja.com\/viajaresvivir\/wp-content\/uploads\/2022\/02\/Artesano-medina.jpg 1600w, https:\/\/www.canariasviaja.com\/viajaresvivir\/wp-content\/uploads\/2022\/02\/Artesano-medina-300x200.jpg 300w, https:\/\/www.canariasviaja.com\/viajaresvivir\/wp-content\/uploads\/2022\/02\/Artesano-medina-768x513.jpg 768w, https:\/\/www.canariasviaja.com\/viajaresvivir\/wp-content\/uploads\/2022\/02\/Artesano-medina-1536x1025.jpg 1536w, https:\/\/www.canariasviaja.com\/viajaresvivir\/wp-content\/uploads\/2022\/02\/Artesano-medina-1200x801.jpg 1200w\" sizes=\"(max-width: 1600px) 100vw, 1600px\" \/><\/figure><\/li><\/ul><\/figure>\n\n\n\n<p>Pese a que el el zoco de Marrachech encontrar\u00e1s a muchos turistas, este es tambi\u00e9n el lugar en el que los locales hacen sus compras, as\u00ed que tienes la oportunidad de ser testigos de sus costumbres. Las estrechas callejuelas suelen estar llenas de gente, carros, motos, bicicletas.. as\u00ed que hay que estar alerta, porque la vida transcurre muy r\u00e1pido a nuestro alrededor.<\/p>\n\n\n\n<figure class=\"wp-block-image size-full\"><img loading=\"lazy\" decoding=\"async\" width=\"1600\" height=\"1068\" src=\"http:\/\/www.canariasviaja.com\/viajaresvivir\/wp-content\/uploads\/2022\/02\/Calles-medina.jpg\" alt=\"\" class=\"wp-image-8263\" srcset=\"https:\/\/www.canariasviaja.com\/viajaresvivir\/wp-content\/uploads\/2022\/02\/Calles-medina.jpg 1600w, https:\/\/www.canariasviaja.com\/viajaresvivir\/wp-content\/uploads\/2022\/02\/Calles-medina-300x200.jpg 300w, https:\/\/www.canariasviaja.com\/viajaresvivir\/wp-content\/uploads\/2022\/02\/Calles-medina-768x513.jpg 768w, https:\/\/www.canariasviaja.com\/viajaresvivir\/wp-content\/uploads\/2022\/02\/Calles-medina-1536x1025.jpg 1536w, https:\/\/www.canariasviaja.com\/viajaresvivir\/wp-content\/uploads\/2022\/02\/Calles-medina-1200x801.jpg 1200w\" sizes=\"(max-width: 1600px) 100vw, 1600px\" \/><\/figure>\n\n\n\n<div style=\"height:100px\" aria-hidden=\"true\" class=\"wp-block-spacer\"><\/div>\n\n\n\n<h3 class=\"wp-block-heading\">Rincones para respirar<\/h3>\n\n\n\n<p>El ritmo trepidante del zoco puede ser un poco saturante, pero siempre hay rincones para que escapar del bullicio. <\/p>\n\n\n\n<figure class=\"wp-block-image size-full\"><img loading=\"lazy\" decoding=\"async\" width=\"1600\" height=\"1068\" src=\"http:\/\/www.canariasviaja.com\/viajaresvivir\/wp-content\/uploads\/2022\/02\/Madraza.jpg\" alt=\"Madraza Marrakech\" class=\"wp-image-8273\" srcset=\"https:\/\/www.canariasviaja.com\/viajaresvivir\/wp-content\/uploads\/2022\/02\/Madraza.jpg 1600w, https:\/\/www.canariasviaja.com\/viajaresvivir\/wp-content\/uploads\/2022\/02\/Madraza-300x200.jpg 300w, https:\/\/www.canariasviaja.com\/viajaresvivir\/wp-content\/uploads\/2022\/02\/Madraza-768x513.jpg 768w, https:\/\/www.canariasviaja.com\/viajaresvivir\/wp-content\/uploads\/2022\/02\/Madraza-1536x1025.jpg 1536w, https:\/\/www.canariasviaja.com\/viajaresvivir\/wp-content\/uploads\/2022\/02\/Madraza-1200x801.jpg 1200w\" sizes=\"(max-width: 1600px) 100vw, 1600px\" \/><\/figure>\n\n\n\n<p>La <strong>Madraza Ben Youssef,<\/strong> una escuela cor\u00e1nica del siglo XVI, es un buen lugar para disfrutar de un rato de tranquilidad mientras admiras la incre\u00edble decoraci\u00f3n de su patio de abluciones, sus azulejos, artesonados y puertas. Una de las <strong>visitas imprescindibles de Marrakech.<\/strong><\/p>\n\n\n\n<p>Muy cerca de all\u00ed encontrar\u00e1s el monumento m\u00e1s antiguo de Marrakech, l<strong>a Koubba<\/strong>. \u00danico ejemplo sobreviviente de arquitectura almor\u00e1vide de la ciudad. Esta edificaci\u00f3n, de 1117, era la sala de abluciones de la mezquita. <\/p>\n\n\n\n<div class=\"wp-block-image\"><figure class=\"aligncenter size-full is-resized\"><img decoding=\"async\" src=\"http:\/\/www.canariasviaja.com\/viajaresvivir\/wp-content\/uploads\/2022\/02\/Koubba.jpg\" alt=\"\" class=\"wp-image-8271\" width=\"400\" srcset=\"https:\/\/www.canariasviaja.com\/viajaresvivir\/wp-content\/uploads\/2022\/02\/Koubba.jpg 900w, https:\/\/www.canariasviaja.com\/viajaresvivir\/wp-content\/uploads\/2022\/02\/Koubba-185x300.jpg 185w, https:\/\/www.canariasviaja.com\/viajaresvivir\/wp-content\/uploads\/2022\/02\/Koubba-768x1248.jpg 768w, https:\/\/www.canariasviaja.com\/viajaresvivir\/wp-content\/uploads\/2022\/02\/Koubba-665x1080.jpg 665w\" sizes=\"(max-width: 900px) 100vw, 900px\" \/><\/figure><\/div>\n\n\n\n<p>Los almor\u00e1vides fundaron Marrakech en el siglo XI, construyendo una gran capital amurallada con jardines, y magn\u00edficos palacios y mezquitas, de los que s\u00f3lo nos queda como ejemplo la Koubba.<\/p>\n\n\n\n<p>Y no puedes dejar de admirar otro de los iconos de Marrrakech, la torre de la mezquita de la <strong>Koutobia.<\/strong> Con sus 72 metros de altura es el edificio m\u00e1s alto de la Medina y no se permite construir nada que lo supere. Los no musulmanes tienen prohibido el acceso a las mezquitas de la ciudad, as\u00ed que tendremos que conformarnos con admirar desde fuera la torre que inspir\u00f3 la construcci\u00f3n de la Giralda.<\/p>\n\n\n\n<div class=\"wp-block-image\"><figure class=\"aligncenter size-full is-resized\"><img decoding=\"async\" src=\"http:\/\/www.canariasviaja.com\/viajaresvivir\/wp-content\/uploads\/2022\/02\/Koutobia.jpg\" alt=\"\" class=\"wp-image-8272\" width=\"400\" srcset=\"https:\/\/www.canariasviaja.com\/viajaresvivir\/wp-content\/uploads\/2022\/02\/Koutobia.jpg 900w, https:\/\/www.canariasviaja.com\/viajaresvivir\/wp-content\/uploads\/2022\/02\/Koutobia-200x300.jpg 200w, https:\/\/www.canariasviaja.com\/viajaresvivir\/wp-content\/uploads\/2022\/02\/Koutobia-768x1150.jpg 768w, https:\/\/www.canariasviaja.com\/viajaresvivir\/wp-content\/uploads\/2022\/02\/Koutobia-721x1080.jpg 721w\" sizes=\"(max-width: 900px) 100vw, 900px\" \/><\/figure><\/div>\n\n\n\n<p>Y as\u00ed sin darnos cuenta hemos vuelto a nuestro punto de inicio, la Plaza Jemaa el Fnaa.  Donde los vendedores volver\u00e1n a montar sus puestos al atardecer, las tatuadoras de henna se preparar\u00e1n para te\u00f1ir las manos de turistas que quieren llevarse un recuerdo a casa, y los contadores de cuentos volveran a seducir a sus espectadores con  historias que aprendidas de sus mayores. El espect\u00e1culo de la vida se volver\u00e1 a representar en esta plaza un d\u00eda m\u00e1s, pero nosotros ya habremos ca\u00eddo rendido bajo su embrujo.<\/p>\n\n\n\n<div class=\"wp-block-image\"><figure class=\"aligncenter size-full is-resized\"><img decoding=\"async\" src=\"http:\/\/www.canariasviaja.com\/viajaresvivir\/wp-content\/uploads\/2022\/02\/Plaza-Jemaa-el-Fnaa-5.jpg\" alt=\"Plaza Jemaa el Fnaa\" class=\"wp-image-8283\" width=\"400\" srcset=\"https:\/\/www.canariasviaja.com\/viajaresvivir\/wp-content\/uploads\/2022\/02\/Plaza-Jemaa-el-Fnaa-5.jpg 900w, https:\/\/www.canariasviaja.com\/viajaresvivir\/wp-content\/uploads\/2022\/02\/Plaza-Jemaa-el-Fnaa-5-200x300.jpg 200w, https:\/\/www.canariasviaja.com\/viajaresvivir\/wp-content\/uploads\/2022\/02\/Plaza-Jemaa-el-Fnaa-5-768x1150.jpg 768w, https:\/\/www.canariasviaja.com\/viajaresvivir\/wp-content\/uploads\/2022\/02\/Plaza-Jemaa-el-Fnaa-5-721x1080.jpg 721w\" sizes=\"(max-width: 900px) 100vw, 900px\" \/><\/figure><\/div>\n\n\n\n<div style=\"height:100px\" aria-hidden=\"true\" class=\"wp-block-spacer\"><\/div>\n\n\n\n<div class=\"wp-block-buttons is-content-justification-center is-layout-flex wp-block-buttons-is-layout-flex\">\n<div class=\"wp-block-button\"><a class=\"wp-block-button__link\" href=\"https:\/\/bit.ly\/3HtjANV\">Descubre el embrujo de Marrakech<\/a><\/div>\n<\/div>\n","protected":false},"excerpt":{"rendered":"<p>La Medina de Marrakech es un lugar \u00fanico en el que descubrir la cultura, la gastronom\u00eda y la historia de la ciudad roja.<\/p>\n","protected":false},"author":2,"featured_media":8273,"comment_status":"open","ping_status":"open","sticky":false,"template":"","format":"standard","meta":{"_acf_changed":false,"sfsi_plus_gutenberg_text_before_share":"","sfsi_plus_gutenberg_show_text_before_share":"","sfsi_plus_gutenberg_icon_type":"","sfsi_plus_gutenberg_icon_alignemt":"","sfsi_plus_gutenburg_max_per_row":"","footnotes":""},"categories":[7,125,124,8,123,10,96,127],"tags":[140,315],"class_list":["post-8255","post","type-post","status-publish","format-standard","has-post-thumbnail","hentry","category-africa","category-aventurate","category-descubre","category-diariodeviaje","category-explora","category-historias-viajeras","category-marruecos","category-relajate","tag-marrakech","tag-medina-de-marrakech"],"acf":[],"yoast_head":"<!-- This site is optimized with the Yoast SEO plugin v24.1 - https:\/\/yoast.com\/wordpress\/plugins\/seo\/ -->\n<title>La Medina de Marrakech, siente su embrujo - Viajar es vivir<\/title>\n<meta name=\"description\" content=\"La Medina de Marrakech invita a perderse, a disfrutar de los colores, las texturas, a descubrir sus sabores, a caer bajo su embrujo\" \/>\n<meta name=\"robots\" content=\"index, follow, max-snippet:-1, max-image-preview:large, max-video-preview:-1\" \/>\n<link rel=\"canonical\" href=\"https:\/\/www.canariasviaja.com\/viajaresvivir\/la-medina-de-marrakech-siente-su-embrujo\/\" \/>\n<meta property=\"og:locale\" content=\"es_ES\" \/>\n<meta property=\"og:type\" content=\"article\" \/>\n<meta property=\"og:title\" content=\"La Medina de Marrakech, siente su embrujo - Viajar es vivir\" \/>\n<meta property=\"og:description\" content=\"La Medina de Marrakech invita a perderse, a disfrutar de los colores, las texturas, a descubrir sus sabores, a caer bajo su embrujo\" \/>\n<meta property=\"og:url\" content=\"https:\/\/www.canariasviaja.com\/viajaresvivir\/la-medina-de-marrakech-siente-su-embrujo\/\" \/>\n<meta property=\"og:site_name\" content=\"Viajar es vivir\" \/>\n<meta property=\"article:published_time\" content=\"2022-03-04T08:00:43+00:00\" \/>\n<meta property=\"article:modified_time\" content=\"2022-03-04T08:58:07+00:00\" \/>\n<meta property=\"og:image\" content=\"http:\/\/www.canariasviaja.com\/viajaresvivir\/wp-content\/uploads\/2022\/02\/Madraza.jpg\" \/>\n\t<meta property=\"og:image:width\" content=\"1600\" \/>\n\t<meta property=\"og:image:height\" content=\"1068\" \/>\n\t<meta property=\"og:image:type\" content=\"image\/jpeg\" \/>\n<meta name=\"author\" content=\"Patri C\u00e1mpora\" \/>\n<meta name=\"twitter:card\" content=\"summary_large_image\" \/>\n<meta name=\"twitter:label1\" content=\"Escrito por\" \/>\n\t<meta name=\"twitter:data1\" content=\"Patri C\u00e1mpora\" \/>\n\t<meta name=\"twitter:label2\" content=\"Tiempo de lectura\" \/>\n\t<meta name=\"twitter:data2\" content=\"11 minutos\" \/>\n<script type=\"application\/ld+json\" class=\"yoast-schema-graph\">{\"@context\":\"https:\/\/schema.org\",\"@graph\":[{\"@type\":\"WebPage\",\"@id\":\"https:\/\/www.canariasviaja.com\/viajaresvivir\/la-medina-de-marrakech-siente-su-embrujo\/\",\"url\":\"https:\/\/www.canariasviaja.com\/viajaresvivir\/la-medina-de-marrakech-siente-su-embrujo\/\",\"name\":\"La Medina de Marrakech, siente su embrujo - Viajar es vivir\",\"isPartOf\":{\"@id\":\"https:\/\/www.canariasviaja.com\/viajaresvivir\/#website\"},\"primaryImageOfPage\":{\"@id\":\"https:\/\/www.canariasviaja.com\/viajaresvivir\/la-medina-de-marrakech-siente-su-embrujo\/#primaryimage\"},\"image\":{\"@id\":\"https:\/\/www.canariasviaja.com\/viajaresvivir\/la-medina-de-marrakech-siente-su-embrujo\/#primaryimage\"},\"thumbnailUrl\":\"https:\/\/www.canariasviaja.com\/viajaresvivir\/wp-content\/uploads\/2022\/02\/Madraza.jpg\",\"datePublished\":\"2022-03-04T08:00:43+00:00\",\"dateModified\":\"2022-03-04T08:58:07+00:00\",\"author\":{\"@id\":\"https:\/\/www.canariasviaja.com\/viajaresvivir\/#\/schema\/person\/085949651001325f1244a8bc1b34709c\"},\"description\":\"La Medina de Marrakech invita a perderse, a disfrutar de los colores, las texturas, a descubrir sus sabores, a caer bajo su embrujo\",\"breadcrumb\":{\"@id\":\"https:\/\/www.canariasviaja.com\/viajaresvivir\/la-medina-de-marrakech-siente-su-embrujo\/#breadcrumb\"},\"inLanguage\":\"es\",\"potentialAction\":[{\"@type\":\"ReadAction\",\"target\":[\"https:\/\/www.canariasviaja.com\/viajaresvivir\/la-medina-de-marrakech-siente-su-embrujo\/\"]}]},{\"@type\":\"ImageObject\",\"inLanguage\":\"es\",\"@id\":\"https:\/\/www.canariasviaja.com\/viajaresvivir\/la-medina-de-marrakech-siente-su-embrujo\/#primaryimage\",\"url\":\"https:\/\/www.canariasviaja.com\/viajaresvivir\/wp-content\/uploads\/2022\/02\/Madraza.jpg\",\"contentUrl\":\"https:\/\/www.canariasviaja.com\/viajaresvivir\/wp-content\/uploads\/2022\/02\/Madraza.jpg\",\"width\":1600,\"height\":1068,\"caption\":\"Madraza Marrakech\"},{\"@type\":\"BreadcrumbList\",\"@id\":\"https:\/\/www.canariasviaja.com\/viajaresvivir\/la-medina-de-marrakech-siente-su-embrujo\/#breadcrumb\",\"itemListElement\":[{\"@type\":\"ListItem\",\"position\":1,\"name\":\"Portada\",\"item\":\"https:\/\/www.canariasviaja.com\/viajaresvivir\/\"},{\"@type\":\"ListItem\",\"position\":2,\"name\":\"La Medina de Marrakech, siente su embrujo\"}]},{\"@type\":\"WebSite\",\"@id\":\"https:\/\/www.canariasviaja.com\/viajaresvivir\/#website\",\"url\":\"https:\/\/www.canariasviaja.com\/viajaresvivir\/\",\"name\":\"Viajar es vivir\",\"description\":\"El blog de viajes y estilo de vida de CanariasViaja\",\"potentialAction\":[{\"@type\":\"SearchAction\",\"target\":{\"@type\":\"EntryPoint\",\"urlTemplate\":\"https:\/\/www.canariasviaja.com\/viajaresvivir\/?s={search_term_string}\"},\"query-input\":{\"@type\":\"PropertyValueSpecification\",\"valueRequired\":true,\"valueName\":\"search_term_string\"}}],\"inLanguage\":\"es\"},{\"@type\":\"Person\",\"@id\":\"https:\/\/www.canariasviaja.com\/viajaresvivir\/#\/schema\/person\/085949651001325f1244a8bc1b34709c\",\"name\":\"Patri C\u00e1mpora\",\"image\":{\"@type\":\"ImageObject\",\"inLanguage\":\"es\",\"@id\":\"https:\/\/www.canariasviaja.com\/viajaresvivir\/#\/schema\/person\/image\/\",\"url\":\"https:\/\/secure.gravatar.com\/avatar\/b2ce2c4086a5776e5310f57c1a2e5b4e?s=96&d=mm&r=g\",\"contentUrl\":\"https:\/\/secure.gravatar.com\/avatar\/b2ce2c4086a5776e5310f57c1a2e5b4e?s=96&d=mm&r=g\",\"caption\":\"Patri C\u00e1mpora\"},\"url\":\"https:\/\/www.canariasviaja.com\/viajaresvivir\/author\/patri\/\"}]}<\/script>\n<!-- \/ Yoast SEO plugin. -->","yoast_head_json":{"title":"La Medina de Marrakech, siente su embrujo - Viajar es vivir","description":"La Medina de Marrakech invita a perderse, a disfrutar de los colores, las texturas, a descubrir sus sabores, a caer bajo su embrujo","robots":{"index":"index","follow":"follow","max-snippet":"max-snippet:-1","max-image-preview":"max-image-preview:large","max-video-preview":"max-video-preview:-1"},"canonical":"https:\/\/www.canariasviaja.com\/viajaresvivir\/la-medina-de-marrakech-siente-su-embrujo\/","og_locale":"es_ES","og_type":"article","og_title":"La Medina de Marrakech, siente su embrujo - Viajar es vivir","og_description":"La Medina de Marrakech invita a perderse, a disfrutar de los colores, las texturas, a descubrir sus sabores, a caer bajo su embrujo","og_url":"https:\/\/www.canariasviaja.com\/viajaresvivir\/la-medina-de-marrakech-siente-su-embrujo\/","og_site_name":"Viajar es vivir","article_published_time":"2022-03-04T08:00:43+00:00","article_modified_time":"2022-03-04T08:58:07+00:00","og_image":[{"width":1600,"height":1068,"url":"http:\/\/www.canariasviaja.com\/viajaresvivir\/wp-content\/uploads\/2022\/02\/Madraza.jpg","type":"image\/jpeg"}],"author":"Patri C\u00e1mpora","twitter_card":"summary_large_image","twitter_misc":{"Escrito por":"Patri C\u00e1mpora","Tiempo de lectura":"11 minutos"},"schema":{"@context":"https:\/\/schema.org","@graph":[{"@type":"WebPage","@id":"https:\/\/www.canariasviaja.com\/viajaresvivir\/la-medina-de-marrakech-siente-su-embrujo\/","url":"https:\/\/www.canariasviaja.com\/viajaresvivir\/la-medina-de-marrakech-siente-su-embrujo\/","name":"La Medina de Marrakech, siente su embrujo - Viajar es vivir","isPartOf":{"@id":"https:\/\/www.canariasviaja.com\/viajaresvivir\/#website"},"primaryImageOfPage":{"@id":"https:\/\/www.canariasviaja.com\/viajaresvivir\/la-medina-de-marrakech-siente-su-embrujo\/#primaryimage"},"image":{"@id":"https:\/\/www.canariasviaja.com\/viajaresvivir\/la-medina-de-marrakech-siente-su-embrujo\/#primaryimage"},"thumbnailUrl":"https:\/\/www.canariasviaja.com\/viajaresvivir\/wp-content\/uploads\/2022\/02\/Madraza.jpg","datePublished":"2022-03-04T08:00:43+00:00","dateModified":"2022-03-04T08:58:07+00:00","author":{"@id":"https:\/\/www.canariasviaja.com\/viajaresvivir\/#\/schema\/person\/085949651001325f1244a8bc1b34709c"},"description":"La Medina de Marrakech invita a perderse, a disfrutar de los colores, las texturas, a descubrir sus sabores, a caer bajo su embrujo","breadcrumb":{"@id":"https:\/\/www.canariasviaja.com\/viajaresvivir\/la-medina-de-marrakech-siente-su-embrujo\/#breadcrumb"},"inLanguage":"es","potentialAction":[{"@type":"ReadAction","target":["https:\/\/www.canariasviaja.com\/viajaresvivir\/la-medina-de-marrakech-siente-su-embrujo\/"]}]},{"@type":"ImageObject","inLanguage":"es","@id":"https:\/\/www.canariasviaja.com\/viajaresvivir\/la-medina-de-marrakech-siente-su-embrujo\/#primaryimage","url":"https:\/\/www.canariasviaja.com\/viajaresvivir\/wp-content\/uploads\/2022\/02\/Madraza.jpg","contentUrl":"https:\/\/www.canariasviaja.com\/viajaresvivir\/wp-content\/uploads\/2022\/02\/Madraza.jpg","width":1600,"height":1068,"caption":"Madraza Marrakech"},{"@type":"BreadcrumbList","@id":"https:\/\/www.canariasviaja.com\/viajaresvivir\/la-medina-de-marrakech-siente-su-embrujo\/#breadcrumb","itemListElement":[{"@type":"ListItem","position":1,"name":"Portada","item":"https:\/\/www.canariasviaja.com\/viajaresvivir\/"},{"@type":"ListItem","position":2,"name":"La Medina de Marrakech, siente su embrujo"}]},{"@type":"WebSite","@id":"https:\/\/www.canariasviaja.com\/viajaresvivir\/#website","url":"https:\/\/www.canariasviaja.com\/viajaresvivir\/","name":"Viajar es vivir","description":"El blog de viajes y estilo de vida de CanariasViaja","potentialAction":[{"@type":"SearchAction","target":{"@type":"EntryPoint","urlTemplate":"https:\/\/www.canariasviaja.com\/viajaresvivir\/?s={search_term_string}"},"query-input":{"@type":"PropertyValueSpecification","valueRequired":true,"valueName":"search_term_string"}}],"inLanguage":"es"},{"@type":"Person","@id":"https:\/\/www.canariasviaja.com\/viajaresvivir\/#\/schema\/person\/085949651001325f1244a8bc1b34709c","name":"Patri C\u00e1mpora","image":{"@type":"ImageObject","inLanguage":"es","@id":"https:\/\/www.canariasviaja.com\/viajaresvivir\/#\/schema\/person\/image\/","url":"https:\/\/secure.gravatar.com\/avatar\/b2ce2c4086a5776e5310f57c1a2e5b4e?s=96&d=mm&r=g","contentUrl":"https:\/\/secure.gravatar.com\/avatar\/b2ce2c4086a5776e5310f57c1a2e5b4e?s=96&d=mm&r=g","caption":"Patri C\u00e1mpora"},"url":"https:\/\/www.canariasviaja.com\/viajaresvivir\/author\/patri\/"}]}},"_links":{"self":[{"href":"https:\/\/www.canariasviaja.com\/viajaresvivir\/wp-json\/wp\/v2\/posts\/8255"}],"collection":[{"href":"https:\/\/www.canariasviaja.com\/viajaresvivir\/wp-json\/wp\/v2\/posts"}],"about":[{"href":"https:\/\/www.canariasviaja.com\/viajaresvivir\/wp-json\/wp\/v2\/types\/post"}],"author":[{"embeddable":true,"href":"https:\/\/www.canariasviaja.com\/viajaresvivir\/wp-json\/wp\/v2\/users\/2"}],"replies":[{"embeddable":true,"href":"https:\/\/www.canariasviaja.com\/viajaresvivir\/wp-json\/wp\/v2\/comments?post=8255"}],"version-history":[{"count":10,"href":"https:\/\/www.canariasviaja.com\/viajaresvivir\/wp-json\/wp\/v2\/posts\/8255\/revisions"}],"predecessor-version":[{"id":8300,"href":"https:\/\/www.canariasviaja.com\/viajaresvivir\/wp-json\/wp\/v2\/posts\/8255\/revisions\/8300"}],"wp:featuredmedia":[{"embeddable":true,"href":"https:\/\/www.canariasviaja.com\/viajaresvivir\/wp-json\/wp\/v2\/media\/8273"}],"wp:attachment":[{"href":"https:\/\/www.canariasviaja.com\/viajaresvivir\/wp-json\/wp\/v2\/media?parent=8255"}],"wp:term":[{"taxonomy":"category","embeddable":true,"href":"https:\/\/www.canariasviaja.com\/viajaresvivir\/wp-json\/wp\/v2\/categories?post=8255"},{"taxonomy":"post_tag","embeddable":true,"href":"https:\/\/www.canariasviaja.com\/viajaresvivir\/wp-json\/wp\/v2\/tags?post=8255"}],"curies":[{"name":"wp","href":"https:\/\/api.w.org\/{rel}","templated":true}]}}