{"id":8536,"date":"2022-04-11T11:03:21","date_gmt":"2022-04-11T11:03:21","guid":{"rendered":"https:\/\/www.canariasviaja.com\/viajaresvivir\/?p=8536"},"modified":"2023-04-27T11:28:18","modified_gmt":"2023-04-27T11:28:18","slug":"menorca-la-isla-slow","status":"publish","type":"post","link":"https:\/\/www.canariasviaja.com\/viajaresvivir\/menorca-la-isla-slow\/","title":{"rendered":"Menorca, la isla slow"},"content":{"rendered":"\n<p>La isla balear de Menorca es una isla \u00fanica en el mundo, por su <strong>historia<\/strong>, su <strong>paisaje inalterado, su gastronom\u00eda y su respeto a las tradiciones y al medioambiente.<\/strong> <\/p>\n\n\n<div class=\"wp-block-image\">\n<figure class=\"aligncenter size-full\"><img loading=\"lazy\" decoding=\"async\" width=\"600\" height=\"600\" src=\"https:\/\/www.canariasviaja.com\/viajaresvivir\/wp-content\/uploads\/2022\/04\/Chica-flotando-en-Menorca.jpg\" alt=\"\" class=\"wp-image-8557\" srcset=\"https:\/\/www.canariasviaja.com\/viajaresvivir\/wp-content\/uploads\/2022\/04\/Chica-flotando-en-Menorca.jpg 600w, https:\/\/www.canariasviaja.com\/viajaresvivir\/wp-content\/uploads\/2022\/04\/Chica-flotando-en-Menorca-300x300.jpg 300w, https:\/\/www.canariasviaja.com\/viajaresvivir\/wp-content\/uploads\/2022\/04\/Chica-flotando-en-Menorca-150x150.jpg 150w\" sizes=\"(max-width: 600px) 100vw, 600px\" \/><\/figure><\/div>\n\n\n<p>Menorca guarda muchos tesoros m\u00e1s all\u00e1 de sus paradisiacas <strong>calas de arenas blancas<\/strong> y aguas turquesas rodeadas de pinos. Su situaci\u00f3n estrat\u00e9gica en el Mediterr\u00e1neo y su espectacular <strong>puerto natural,<\/strong> el segundo mayor del mundo, la convirtieron en objeto de deseo de varias civilizaciones que dejaron su huella en la isla. <\/p>\n\n\n\n<p>Podemos comenzar a conocerla viajando 3000 a\u00f1os en la <strong>historia<\/strong> mientras contemplamos las imponentes <strong>taulas, <\/strong> y las <strong>navetas funerarias de los poblados talay\u00f3ticos<\/strong>, \u00fanicos en el mundo. Su excelente estado de conservaci\u00f3n nos muestra el <strong>gran respeto de los menorquines por su historia.<\/strong><\/p>\n\n\n\n<p><strong>La identidad y el patrimonio de la isla<\/strong> se nutren de todas las culturas que pasaron por la isla y que han dejado su impronta en ella. Las huellas de los bizantinos, romanos, \u00e1rabes, brit\u00e1nicos, franceses y espa\u00f1oles siguen presentes en su patrimonio, tradiciones, vocabulario y toponimias, lo que hace de esta isla un lugar de una riqueza cultural excepcional. <\/p>\n\n\n\n<figure class=\"wp-block-image size-full\"><img loading=\"lazy\" decoding=\"async\" width=\"1024\" height=\"685\" src=\"http:\/\/www.canariasviaja.com\/viajaresvivir\/wp-content\/uploads\/2022\/04\/mahon.jpg\" alt=\"mahon\" class=\"wp-image-8544\" srcset=\"https:\/\/www.canariasviaja.com\/viajaresvivir\/wp-content\/uploads\/2022\/04\/mahon.jpg 1024w, https:\/\/www.canariasviaja.com\/viajaresvivir\/wp-content\/uploads\/2022\/04\/mahon-300x201.jpg 300w, https:\/\/www.canariasviaja.com\/viajaresvivir\/wp-content\/uploads\/2022\/04\/mahon-768x514.jpg 768w\" sizes=\"(max-width: 1024px) 100vw, 1024px\" \/><figcaption class=\"wp-element-caption\">Mahon. Foto por <a href=\"https:\/\/unsplash.com\/@orrell_mount?utm_source=unsplash&amp;utm_medium=referral&amp;utm_content=creditCopyText\">JR Harris<\/a> en <a href=\"https:\/\/unsplash.com\/s\/photos\/menorca?utm_source=unsplash&amp;utm_medium=referral&amp;utm_content=creditCopyText\">Unsplash<\/a><\/figcaption><\/figure>\n\n\n\n<p>La isla fue declarada en 1993 <strong>Reserva de la Biosfera por la Unesco<\/strong>. Un lugar en el que sus habitantes viven en <strong>armon\u00eda con la naturaleza. <\/strong><\/p>\n\n\n\n<figure class=\"wp-block-gallery aligncenter has-nested-images columns-default is-cropped wp-block-gallery-1 is-layout-flex wp-block-gallery-is-layout-flex\">\n<figure class=\"wp-block-image size-full\"><img loading=\"lazy\" decoding=\"async\" width=\"533\" height=\"800\" data-id=\"8543\" src=\"http:\/\/www.canariasviaja.com\/viajaresvivir\/wp-content\/uploads\/2022\/04\/Faro-Menorca.jpg\" alt=\"Faro Menorca\" class=\"wp-image-8543\" srcset=\"https:\/\/www.canariasviaja.com\/viajaresvivir\/wp-content\/uploads\/2022\/04\/Faro-Menorca.jpg 533w, https:\/\/www.canariasviaja.com\/viajaresvivir\/wp-content\/uploads\/2022\/04\/Faro-Menorca-200x300.jpg 200w\" sizes=\"(max-width: 533px) 100vw, 533px\" \/><figcaption class=\"wp-element-caption\">Foto <a href=\"https:\/\/unsplash.com\/@tobkeb?utm_source=unsplash&amp;utm_medium=referral&amp;utm_content=creditCopyText\">Tobias Kebernik<\/a> en <a href=\"https:\/\/unsplash.com\/s\/photos\/menorca?utm_source=unsplash&amp;utm_medium=referral&amp;utm_content=creditCopyText\">Unsplash<\/a><\/figcaption><\/figure>\n\n\n\n<figure class=\"wp-block-image size-full\"><img loading=\"lazy\" decoding=\"async\" width=\"640\" height=\"853\" data-id=\"8550\" src=\"https:\/\/www.canariasviaja.com\/viajaresvivir\/wp-content\/uploads\/2022\/04\/playa.jpg\" alt=\"\" class=\"wp-image-8550\" srcset=\"https:\/\/www.canariasviaja.com\/viajaresvivir\/wp-content\/uploads\/2022\/04\/playa.jpg 640w, https:\/\/www.canariasviaja.com\/viajaresvivir\/wp-content\/uploads\/2022\/04\/playa-225x300.jpg 225w, https:\/\/www.canariasviaja.com\/viajaresvivir\/wp-content\/uploads\/2022\/04\/playa-600x800.jpg 600w\" sizes=\"(max-width: 640px) 100vw, 640px\" \/><figcaption class=\"wp-element-caption\">Foto <a href=\"https:\/\/unsplash.com\/@richard_glendenning?utm_source=unsplash&amp;utm_medium=referral&amp;utm_content=creditCopyText\">richard glendenning<\/a> en <a href=\"https:\/\/unsplash.com\/s\/photos\/menorca?utm_source=unsplash&amp;utm_medium=referral&amp;utm_content=creditCopyText\">Unsplash<\/a><\/figcaption><\/figure>\n<\/figure>\n\n\n\n<p>Menorca es una isla para vivirla a ritmo <strong>slow<\/strong>. Pedaleando por caminos bordeados por muros de piedra seca, observando como el ganado pasta en libertad en los campos, contemplando atardeceres junto a uno de sus siete faros, viendo trabajar a los artesanos, esperando la llegada de los <em>llauts<\/em> en el puerto, o saboreando alguno de los manjares locales, como la caldereta de langosta o el queso de Mah\u00f3n.<\/p>\n\n\n\n<p>Deg\u00fastala sin prisas.<\/p>\n\n\n\n<div style=\"height:100px\" aria-hidden=\"true\" class=\"wp-block-spacer\"><\/div>\n\n\n\n<h3 class=\"wp-block-heading\"><em><strong>No te puedes perder\u2026<\/strong><\/em><\/h3>\n\n\n\n<h2 class=\"wp-block-heading\">Sus calas paradis\u00edacas<\/h2>\n\n\n\n<figure class=\"wp-block-gallery aligncenter has-nested-images columns-default is-cropped wp-block-gallery-2 is-layout-flex wp-block-gallery-is-layout-flex\">\n<figure class=\"wp-block-image size-full\"><img loading=\"lazy\" decoding=\"async\" width=\"640\" height=\"957\" data-id=\"8551\" src=\"http:\/\/www.canariasviaja.com\/viajaresvivir\/wp-content\/uploads\/2022\/04\/pelayo-arbues-P7OWf5djI8M-unsplash.jpg\" alt=\"Menorca\" class=\"wp-image-8551\" srcset=\"https:\/\/www.canariasviaja.com\/viajaresvivir\/wp-content\/uploads\/2022\/04\/pelayo-arbues-P7OWf5djI8M-unsplash.jpg 640w, https:\/\/www.canariasviaja.com\/viajaresvivir\/wp-content\/uploads\/2022\/04\/pelayo-arbues-P7OWf5djI8M-unsplash-201x300.jpg 201w\" sizes=\"(max-width: 640px) 100vw, 640px\" \/><figcaption class=\"wp-element-caption\">Foto <a href=\"https:\/\/unsplash.com\/@pelayoarbues?utm_source=unsplash&amp;utm_medium=referral&amp;utm_content=creditCopyText\">Pelayo Arbu\u00e9s<\/a> en <a href=\"https:\/\/unsplash.com\/s\/photos\/menorca?utm_source=unsplash&amp;utm_medium=referral&amp;utm_content=creditCopyText\">Unsplash<\/a><\/figcaption><\/figure>\n\n\n\n<figure class=\"wp-block-image size-full\"><img loading=\"lazy\" decoding=\"async\" width=\"600\" height=\"800\" data-id=\"8541\" src=\"http:\/\/www.canariasviaja.com\/viajaresvivir\/wp-content\/uploads\/2022\/04\/Cala-Mitjana.jpg\" alt=\"Cala Mitjana Menorca\" class=\"wp-image-8541\" srcset=\"https:\/\/www.canariasviaja.com\/viajaresvivir\/wp-content\/uploads\/2022\/04\/Cala-Mitjana.jpg 600w, https:\/\/www.canariasviaja.com\/viajaresvivir\/wp-content\/uploads\/2022\/04\/Cala-Mitjana-225x300.jpg 225w\" sizes=\"(max-width: 600px) 100vw, 600px\" \/><figcaption class=\"wp-element-caption\">Cala Mitjana. Foto de  <a href=\"https:\/\/unsplash.com\/@reiseuhu?utm_source=unsplash&amp;utm_medium=referral&amp;utm_content=creditCopyText\">Reiseuhu<\/a> en <a href=\"https:\/\/unsplash.com\/s\/photos\/menorca?utm_source=unsplash&amp;utm_medium=referral&amp;utm_content=creditCopyText\">Unsplash<\/a><\/figcaption><\/figure>\n<\/figure>\n\n\n\n<figure class=\"wp-block-image size-full\"><img loading=\"lazy\" decoding=\"async\" width=\"1024\" height=\"683\" src=\"http:\/\/www.canariasviaja.com\/viajaresvivir\/wp-content\/uploads\/2022\/04\/ricardo-frantz-Menorca-unsplash.jpg\" alt=\"Menorca\" class=\"wp-image-8563\" srcset=\"https:\/\/www.canariasviaja.com\/viajaresvivir\/wp-content\/uploads\/2022\/04\/ricardo-frantz-Menorca-unsplash.jpg 1024w, https:\/\/www.canariasviaja.com\/viajaresvivir\/wp-content\/uploads\/2022\/04\/ricardo-frantz-Menorca-unsplash-300x200.jpg 300w, https:\/\/www.canariasviaja.com\/viajaresvivir\/wp-content\/uploads\/2022\/04\/ricardo-frantz-Menorca-unsplash-768x512.jpg 768w\" sizes=\"(max-width: 1024px) 100vw, 1024px\" \/><figcaption class=\"wp-element-caption\">Foto: Ricardo Frantz en Unsplash<\/figcaption><\/figure>\n\n\n\n<p><\/p>\n\n\n\n<p>Las calas de Menorca son de postal. Arenas blancas o rojizas, aguas cristalinas de color turquesa y pinos que llegan hasta la orilla. Para disfrutarlas hay que aparcar el coche en las zonas habilitadas (de pago) y llegar a pie. Es el precio de disfrutar de unas calas tan paradis\u00edacas como <strong>Cala Turqueta o Cala Macarella<\/strong>, de las m\u00e1s famosas de la isla y en las que suelen atracar muchos veleros; <strong>Cala Macarelleta<\/strong>, oasis para nudistas; <strong>Cala Galdana<\/strong>, una de las calas m\u00e1s grandes y que cuenta con m\u00e1s servicios; la sorprendente <strong>Cala Pregonda<\/strong>, recomendada por los locales, de arena rojiza y aguas cristalinas; o <strong>Cala Mitjana<\/strong>, una peque\u00f1a playa v\u00edrgen al su de la isla.<\/p>\n\n\n\n<div style=\"height:100px\" aria-hidden=\"true\" class=\"wp-block-spacer\"><\/div>\n\n\n\n<h2 class=\"wp-block-heading\">Su apasionante historia prehist\u00f3rica<\/h2>\n\n\n<div class=\"wp-block-image\">\n<figure class=\"aligncenter size-full is-resized\"><img decoding=\"async\" src=\"http:\/\/www.canariasviaja.com\/viajaresvivir\/wp-content\/uploads\/2022\/04\/prehistoria-maria-is-WHEPqyfdvIk-unsplash.jpg\" alt=\"prehistoria menorca\" class=\"wp-image-8549\" width=\"400\" srcset=\"https:\/\/www.canariasviaja.com\/viajaresvivir\/wp-content\/uploads\/2022\/04\/prehistoria-maria-is-WHEPqyfdvIk-unsplash.jpg 640w, https:\/\/www.canariasviaja.com\/viajaresvivir\/wp-content\/uploads\/2022\/04\/prehistoria-maria-is-WHEPqyfdvIk-unsplash-225x300.jpg 225w, https:\/\/www.canariasviaja.com\/viajaresvivir\/wp-content\/uploads\/2022\/04\/prehistoria-maria-is-WHEPqyfdvIk-unsplash-600x800.jpg 600w\" sizes=\"(max-width: 640px) 100vw, 640px\" \/><figcaption class=\"wp-element-caption\">Foto  <a href=\"https:\/\/unsplash.com\/@mariairam?utm_source=unsplash&amp;utm_medium=referral&amp;utm_content=creditCopyText\">Mar\u00eda Is<\/a> en <a href=\"https:\/\/unsplash.com\/s\/photos\/menorca?utm_source=unsplash&amp;utm_medium=referral&amp;utm_content=creditCopyText\">Unsplash<\/a><\/figcaption><\/figure><\/div>\n\n\n<p>Menorca es lo que es por la riqueza cultural que le han ido dejando las diferentes civilizaciones y culturas que la han ocupado. Para conocer sus or\u00edgenes tendr\u00e1s que visitar las <strong>taulas de Torralba d\u2019en Salort y de Trepuc\u00f3<\/strong>, de m\u00e1s de 4 metros de altura y la <strong>muralla del poblado de Son Catlar<\/strong>, la \u00fanica que se conserva \u00edntegra en Baleares. Ambas restos de los poblados talay\u00f3ticos que vivieron en la isla hace 3.000 a\u00f1os.<\/p>\n\n\n\n<p>En el <a href=\"https:\/\/www.museudemenorca.com\/es\/inicio\" target=\"_blank\" rel=\"noreferrer noopener\"><strong>Museo de Menorca<\/strong><\/a> podr\u00e1s hacer un completo recorrido desde la prehistoria hasta el siglo XX.<\/p>\n\n\n\n<div style=\"height:100px\" aria-hidden=\"true\" class=\"wp-block-spacer\"><\/div>\n\n\n\n<h2 class=\"wp-block-heading\">Sus atardeceres<\/h2>\n\n\n<div class=\"wp-block-image\">\n<figure class=\"aligncenter size-full\"><img loading=\"lazy\" decoding=\"async\" width=\"2000\" height=\"1125\" src=\"http:\/\/www.canariasviaja.com\/viajaresvivir\/wp-content\/uploads\/2022\/04\/Atardecer-menorca.jpg\" alt=\"Atardecer en Menorca\" class=\"wp-image-8558\" srcset=\"https:\/\/www.canariasviaja.com\/viajaresvivir\/wp-content\/uploads\/2022\/04\/Atardecer-menorca.jpg 2000w, https:\/\/www.canariasviaja.com\/viajaresvivir\/wp-content\/uploads\/2022\/04\/Atardecer-menorca-300x169.jpg 300w, https:\/\/www.canariasviaja.com\/viajaresvivir\/wp-content\/uploads\/2022\/04\/Atardecer-menorca-768x432.jpg 768w, https:\/\/www.canariasviaja.com\/viajaresvivir\/wp-content\/uploads\/2022\/04\/Atardecer-menorca-1536x864.jpg 1536w, https:\/\/www.canariasviaja.com\/viajaresvivir\/wp-content\/uploads\/2022\/04\/Atardecer-menorca-1200x675.jpg 1200w, https:\/\/www.canariasviaja.com\/viajaresvivir\/wp-content\/uploads\/2022\/04\/Atardecer-menorca-1920x1080.jpg 1920w, https:\/\/www.canariasviaja.com\/viajaresvivir\/wp-content\/uploads\/2022\/04\/Atardecer-menorca-960x540.jpg 960w\" sizes=\"(max-width: 2000px) 100vw, 2000px\" \/><\/figure><\/div>\n\n\n<p>Menorca es el primer punto de Espa\u00f1a en el que sale y su pone el sol. As\u00ed que puedes ser el primero en disfrutar de los impresionantes atardeceres que se disfrutan desde sus siete faros, como el <strong>Faro de Cavaller\u00eda o el de Punta Nati<\/strong>, o desde el <strong>Monte Toro<\/strong>, desde el que tendr\u00e1s una visi\u00f3n de 360\u00ba de la isla en los d\u00edas claros.<\/p>\n\n\n\n<div style=\"height:100px\" aria-hidden=\"true\" class=\"wp-block-spacer\"><\/div>\n\n\n\n<h2 class=\"wp-block-heading\">Sus fiestas y tradiciones<\/h2>\n\n\n\n<figure class=\"wp-block-image size-full\"><img loading=\"lazy\" decoding=\"async\" width=\"640\" height=\"427\" src=\"http:\/\/www.canariasviaja.com\/viajaresvivir\/wp-content\/uploads\/2022\/04\/fiestas.jpg\" alt=\"menorca\" class=\"wp-image-8548\" srcset=\"https:\/\/www.canariasviaja.com\/viajaresvivir\/wp-content\/uploads\/2022\/04\/fiestas.jpg 640w, https:\/\/www.canariasviaja.com\/viajaresvivir\/wp-content\/uploads\/2022\/04\/fiestas-300x200.jpg 300w\" sizes=\"(max-width: 640px) 100vw, 640px\" \/><figcaption class=\"wp-element-caption\">Es Mercadal. Foto <a href=\"https:\/\/unsplash.com\/@jeztimms?utm_source=unsplash&amp;utm_medium=referral&amp;utm_content=creditCopyText\">Jez Timms<\/a> en <a href=\"https:\/\/unsplash.com\/s\/photos\/menorca?utm_source=unsplash&amp;utm_medium=referral&amp;utm_content=creditCopyText\">Unsplash<\/a><\/figcaption><\/figure>\n\n\n\n<p>El 24 de junio, con motivo de la celebraci\u00f3n de <strong>Sant Joan<\/strong>, arranca en Ciutadella el calendario de las fiestas en Menorca, que recorrer\u00e1n, a partir del tercer fin de semana de julio, los distintos pueblos, con unos protagonistas de excepci\u00f3n: los <strong>caballos menorquines<\/strong>, a los que los <em>cavallers<\/em> y <em>caixers<\/em> hacen saltar al son de la tradicional m\u00fasica del jaleo. Unas fiestas que hunden sus or\u00edgenes en la Edad Media y que se han mantenido inalterables desde entonces.<\/p>\n\n\n\n<p><a href=\"https:\/\/www.menorca.es\/Publicacions\/Publicacions.aspx?tipo=FIE\" target=\"_blank\" rel=\"noreferrer noopener\">Calendario de fiestas<\/a><\/p>\n\n\n\n<div style=\"height:100px\" aria-hidden=\"true\" class=\"wp-block-spacer\"><\/div>\n\n\n\n<h2 class=\"wp-block-heading\">Su artesan\u00eda<\/h2>\n\n\n\n<p>Pendientes hechos a mano, piezas de ropa \u00fanica, cosm\u00e9ticos naturales hechos con  ingredientes de la isla, <strong>abarcas menorquinas<\/strong>,&#8230; Recuerdos \u00fanicos que te recordar\u00e1n siempre a tu viaje a Menorca.<\/p>\n\n\n\n<p>En verano encontrar\u00e1s mercadillos de artesan\u00eda en los pueblos. Aprov\u00e9chalos para comprar regalos sostenibles y apoyar a los creadores locales.<\/p>\n\n\n\n<div style=\"height:100px\" aria-hidden=\"true\" class=\"wp-block-spacer\"><\/div>\n\n\n\n<h2 class=\"wp-block-heading\">Sus pueblos y rincones<\/h2>\n\n\n\n<figure class=\"wp-block-image size-full\"><img loading=\"lazy\" decoding=\"async\" width=\"1024\" height=\"768\" src=\"http:\/\/www.canariasviaja.com\/viajaresvivir\/wp-content\/uploads\/2022\/04\/Ciudadella-alberto-almajano-R6pSmkfSfY-unsplash.jpg\" alt=\"Ciutadella\" class=\"wp-image-8542\" srcset=\"https:\/\/www.canariasviaja.com\/viajaresvivir\/wp-content\/uploads\/2022\/04\/Ciudadella-alberto-almajano-R6pSmkfSfY-unsplash.jpg 1024w, https:\/\/www.canariasviaja.com\/viajaresvivir\/wp-content\/uploads\/2022\/04\/Ciudadella-alberto-almajano-R6pSmkfSfY-unsplash-300x225.jpg 300w, https:\/\/www.canariasviaja.com\/viajaresvivir\/wp-content\/uploads\/2022\/04\/Ciudadella-alberto-almajano-R6pSmkfSfY-unsplash-768x576.jpg 768w, https:\/\/www.canariasviaja.com\/viajaresvivir\/wp-content\/uploads\/2022\/04\/Ciudadella-alberto-almajano-R6pSmkfSfY-unsplash-800x600.jpg 800w\" sizes=\"(max-width: 1024px) 100vw, 1024px\" \/><figcaption class=\"wp-element-caption\">Puerto de Ciudadella. Foto de  <a href=\"https:\/\/unsplash.com\/@aalmajano?utm_source=unsplash&amp;utm_medium=referral&amp;utm_content=creditCopyText\">Alberto Almajano<\/a> en <a href=\"https:\/\/unsplash.com\/s\/photos\/menorca?utm_source=unsplash&amp;utm_medium=referral&amp;utm_content=creditCopyText\">Unsplash<\/a><\/figcaption><\/figure>\n\n\n\n<p>Pasear por las calles de <strong>Ciudadella<\/strong> al atardecer para ver c\u00f3mo sus <em>pallaus<\/em> de piedra de mar\u00e9s se ti\u00f1en de dorado. Asomarse al <strong>puerto de Ma\u00f3<\/strong>, el segundo puerto natural m\u00e1s grande del mundo, despu\u00e9s de Pearl Harbour. Visitar la <strong>Torre de Fornells<\/strong>, erigida por los brit\u00e1nicos a comienzos del XIX. Recorrer alg\u00fan tramo del Camino de los Caballos, el sendero hist\u00f3rico que se utilizaba para proteger la costa en el siglo XIII y que hoy se ha recuperado para el uso \u00fablico. Son algunos de los rincones que puedes visitar para ir descubriendo esta isla \u00fanica.<\/p>\n\n\n\n<div style=\"height:100px\" aria-hidden=\"true\" class=\"wp-block-spacer\"><\/div>\n\n\n\n<h2 class=\"wp-block-heading\">Su gastronom\u00eda<\/h2>\n\n\n\n<p>La gastronom\u00eda de Menorca se basa en los productos del mar y la tierra. Uno de los imprescindibles es degustar una <strong>caldereta de langosta<\/strong> junto al mar. <\/p>\n\n\n\n<p>No debes de irte de la isla sin probar el queso de Mah\u00f3n y sus embutidos t\u00edpicos, <strong>carnixulla<\/strong>, sobrasada (m\u00e1s magra que la de Mallorca), <strong>cuixot<\/strong>, y el <strong>botifarr\u00f3 negro<\/strong> y <strong>blanco.<\/strong> Y, por supuesto, sin brindar con la ginebra m\u00e1s antigua y singular del Mediterr\u00e1neo, <strong>Gin Xoriguer, <\/strong>o con<strong> Pomada, <\/strong>una bebida preparada con esta ginebra y zumo de lim\u00f3n.<\/p>\n\n\n\n<div style=\"height:100px\" aria-hidden=\"true\" class=\"wp-block-spacer\"><\/div>\n\n\n\n<p class=\"has-text-align-center\"><\/p>\n\n\n\n<div class=\"wp-block-buttons is-content-justification-center is-layout-flex wp-container-core-buttons-is-layout-1 wp-block-buttons-is-layout-flex\">\n<div class=\"wp-block-button\"><a class=\"wp-block-button__link wp-element-button\" href=\" https:\/\/www.canariasviaja.com\/vuelo_hotel\/listado?o=16-3&amp;i=&amp;v=&amp;residencia=DC&amp;nH=1&amp;destino=Menorca&amp;d=69-49&amp;tA=&amp;aP=&amp;zT=&amp;random=15&amp;nA0=2&amp;nN0=0&amp;nB0=0&amp;utm_source=Oferta+CV&amp;utm_medium=Blog&amp;utm_campaign=Menorca%2C+una+isla+%C3%BAnica&amp;utm_id=CV&amp;utm_term=Prim22&amp;utm_content=MAH\"><strong>Descubre Menorca, una isla \u00fanica<\/strong><\/a><\/div>\n<\/div>\n","protected":false},"excerpt":{"rendered":"<p>Descubre Menorca, una isla para saborearla a paso lento, sin prisas. <\/p>\n","protected":false},"author":2,"featured_media":8560,"comment_status":"open","ping_status":"open","sticky":false,"template":"","format":"standard","meta":{"_acf_changed":false,"sfsi_plus_gutenberg_text_before_share":"","sfsi_plus_gutenberg_show_text_before_share":"","sfsi_plus_gutenberg_icon_type":"","sfsi_plus_gutenberg_icon_alignemt":"","sfsi_plus_gutenburg_max_per_row":"","footnotes":""},"categories":[124,123,10,862,100,127,197,126],"tags":[865,603,150,864,863,122,449,116],"class_list":["post-8536","post","type-post","status-publish","format-standard","has-post-thumbnail","hentry","category-descubre","category-explora","category-historias-viajeras","category-menorca","category-peninsulaybaleares","category-relajate","category-rincones-por-descubrir","category-saborea","tag-calas","tag-escapada-gastronomica","tag-historia","tag-isla","tag-islas-baleares","tag-playas","tag-reserva-de-la-biosfera","tag-senderismo"],"acf":[],"yoast_head":"<!-- This site is optimized with the Yoast SEO plugin v24.1 - https:\/\/yoast.com\/wordpress\/plugins\/seo\/ -->\n<title>Menorca, la isla slow - Viajar es vivir<\/title>\n<meta name=\"description\" content=\"Menorca es una isla para degustarla sin prisas, disfrutando de sus calas, su gastronom\u00eda, sus paisajes y su interesante historia.\" \/>\n<meta name=\"robots\" content=\"index, follow, max-snippet:-1, max-image-preview:large, max-video-preview:-1\" \/>\n<link rel=\"canonical\" href=\"https:\/\/www.canariasviaja.com\/viajaresvivir\/menorca-la-isla-slow\/\" \/>\n<meta property=\"og:locale\" content=\"es_ES\" \/>\n<meta property=\"og:type\" content=\"article\" \/>\n<meta property=\"og:title\" content=\"Menorca, la isla slow - Viajar es vivir\" \/>\n<meta property=\"og:description\" content=\"Menorca es una isla para degustarla sin prisas, disfrutando de sus calas, su gastronom\u00eda, sus paisajes y su interesante historia.\" \/>\n<meta property=\"og:url\" content=\"https:\/\/www.canariasviaja.com\/viajaresvivir\/menorca-la-isla-slow\/\" \/>\n<meta property=\"og:site_name\" content=\"Viajar es vivir\" \/>\n<meta property=\"article:published_time\" content=\"2022-04-11T11:03:21+00:00\" \/>\n<meta property=\"article:modified_time\" content=\"2023-04-27T11:28:18+00:00\" \/>\n<meta property=\"og:image\" content=\"http:\/\/www.canariasviaja.com\/viajaresvivir\/wp-content\/uploads\/2022\/04\/joao-branco-Swxac6vOsY8-unsplash.jpg\" \/>\n\t<meta property=\"og:image:width\" content=\"2000\" \/>\n\t<meta property=\"og:image:height\" content=\"1333\" \/>\n\t<meta property=\"og:image:type\" content=\"image\/jpeg\" \/>\n<meta name=\"author\" content=\"Patri C\u00e1mpora\" \/>\n<meta name=\"twitter:card\" content=\"summary_large_image\" \/>\n<meta name=\"twitter:label1\" content=\"Escrito por\" \/>\n\t<meta name=\"twitter:data1\" content=\"Patri C\u00e1mpora\" \/>\n\t<meta name=\"twitter:label2\" content=\"Tiempo de lectura\" \/>\n\t<meta name=\"twitter:data2\" content=\"7 minutos\" \/>\n<script type=\"application\/ld+json\" class=\"yoast-schema-graph\">{\"@context\":\"https:\/\/schema.org\",\"@graph\":[{\"@type\":\"WebPage\",\"@id\":\"https:\/\/www.canariasviaja.com\/viajaresvivir\/menorca-la-isla-slow\/\",\"url\":\"https:\/\/www.canariasviaja.com\/viajaresvivir\/menorca-la-isla-slow\/\",\"name\":\"Menorca, la isla slow - Viajar es vivir\",\"isPartOf\":{\"@id\":\"https:\/\/www.canariasviaja.com\/viajaresvivir\/#website\"},\"primaryImageOfPage\":{\"@id\":\"https:\/\/www.canariasviaja.com\/viajaresvivir\/menorca-la-isla-slow\/#primaryimage\"},\"image\":{\"@id\":\"https:\/\/www.canariasviaja.com\/viajaresvivir\/menorca-la-isla-slow\/#primaryimage\"},\"thumbnailUrl\":\"https:\/\/www.canariasviaja.com\/viajaresvivir\/wp-content\/uploads\/2022\/04\/joao-branco-Swxac6vOsY8-unsplash.jpg\",\"datePublished\":\"2022-04-11T11:03:21+00:00\",\"dateModified\":\"2023-04-27T11:28:18+00:00\",\"author\":{\"@id\":\"https:\/\/www.canariasviaja.com\/viajaresvivir\/#\/schema\/person\/085949651001325f1244a8bc1b34709c\"},\"description\":\"Menorca es una isla para degustarla sin prisas, disfrutando de sus calas, su gastronom\u00eda, sus paisajes y su interesante historia.\",\"breadcrumb\":{\"@id\":\"https:\/\/www.canariasviaja.com\/viajaresvivir\/menorca-la-isla-slow\/#breadcrumb\"},\"inLanguage\":\"es\",\"potentialAction\":[{\"@type\":\"ReadAction\",\"target\":[\"https:\/\/www.canariasviaja.com\/viajaresvivir\/menorca-la-isla-slow\/\"]}]},{\"@type\":\"ImageObject\",\"inLanguage\":\"es\",\"@id\":\"https:\/\/www.canariasviaja.com\/viajaresvivir\/menorca-la-isla-slow\/#primaryimage\",\"url\":\"https:\/\/www.canariasviaja.com\/viajaresvivir\/wp-content\/uploads\/2022\/04\/joao-branco-Swxac6vOsY8-unsplash.jpg\",\"contentUrl\":\"https:\/\/www.canariasviaja.com\/viajaresvivir\/wp-content\/uploads\/2022\/04\/joao-branco-Swxac6vOsY8-unsplash.jpg\",\"width\":2000,\"height\":1333,\"caption\":\"Menorca\"},{\"@type\":\"BreadcrumbList\",\"@id\":\"https:\/\/www.canariasviaja.com\/viajaresvivir\/menorca-la-isla-slow\/#breadcrumb\",\"itemListElement\":[{\"@type\":\"ListItem\",\"position\":1,\"name\":\"Portada\",\"item\":\"https:\/\/www.canariasviaja.com\/viajaresvivir\/\"},{\"@type\":\"ListItem\",\"position\":2,\"name\":\"Menorca, la isla slow\"}]},{\"@type\":\"WebSite\",\"@id\":\"https:\/\/www.canariasviaja.com\/viajaresvivir\/#website\",\"url\":\"https:\/\/www.canariasviaja.com\/viajaresvivir\/\",\"name\":\"Viajar es vivir\",\"description\":\"El blog de viajes y estilo de vida de CanariasViaja\",\"potentialAction\":[{\"@type\":\"SearchAction\",\"target\":{\"@type\":\"EntryPoint\",\"urlTemplate\":\"https:\/\/www.canariasviaja.com\/viajaresvivir\/?s={search_term_string}\"},\"query-input\":{\"@type\":\"PropertyValueSpecification\",\"valueRequired\":true,\"valueName\":\"search_term_string\"}}],\"inLanguage\":\"es\"},{\"@type\":\"Person\",\"@id\":\"https:\/\/www.canariasviaja.com\/viajaresvivir\/#\/schema\/person\/085949651001325f1244a8bc1b34709c\",\"name\":\"Patri C\u00e1mpora\",\"image\":{\"@type\":\"ImageObject\",\"inLanguage\":\"es\",\"@id\":\"https:\/\/www.canariasviaja.com\/viajaresvivir\/#\/schema\/person\/image\/\",\"url\":\"https:\/\/secure.gravatar.com\/avatar\/b2ce2c4086a5776e5310f57c1a2e5b4e?s=96&d=mm&r=g\",\"contentUrl\":\"https:\/\/secure.gravatar.com\/avatar\/b2ce2c4086a5776e5310f57c1a2e5b4e?s=96&d=mm&r=g\",\"caption\":\"Patri C\u00e1mpora\"},\"url\":\"https:\/\/www.canariasviaja.com\/viajaresvivir\/author\/patri\/\"}]}<\/script>\n<!-- \/ Yoast SEO plugin. -->","yoast_head_json":{"title":"Menorca, la isla slow - Viajar es vivir","description":"Menorca es una isla para degustarla sin prisas, disfrutando de sus calas, su gastronom\u00eda, sus paisajes y su interesante historia.","robots":{"index":"index","follow":"follow","max-snippet":"max-snippet:-1","max-image-preview":"max-image-preview:large","max-video-preview":"max-video-preview:-1"},"canonical":"https:\/\/www.canariasviaja.com\/viajaresvivir\/menorca-la-isla-slow\/","og_locale":"es_ES","og_type":"article","og_title":"Menorca, la isla slow - Viajar es vivir","og_description":"Menorca es una isla para degustarla sin prisas, disfrutando de sus calas, su gastronom\u00eda, sus paisajes y su interesante historia.","og_url":"https:\/\/www.canariasviaja.com\/viajaresvivir\/menorca-la-isla-slow\/","og_site_name":"Viajar es vivir","article_published_time":"2022-04-11T11:03:21+00:00","article_modified_time":"2023-04-27T11:28:18+00:00","og_image":[{"width":2000,"height":1333,"url":"http:\/\/www.canariasviaja.com\/viajaresvivir\/wp-content\/uploads\/2022\/04\/joao-branco-Swxac6vOsY8-unsplash.jpg","type":"image\/jpeg"}],"author":"Patri C\u00e1mpora","twitter_card":"summary_large_image","twitter_misc":{"Escrito por":"Patri C\u00e1mpora","Tiempo de lectura":"7 minutos"},"schema":{"@context":"https:\/\/schema.org","@graph":[{"@type":"WebPage","@id":"https:\/\/www.canariasviaja.com\/viajaresvivir\/menorca-la-isla-slow\/","url":"https:\/\/www.canariasviaja.com\/viajaresvivir\/menorca-la-isla-slow\/","name":"Menorca, la isla slow - Viajar es vivir","isPartOf":{"@id":"https:\/\/www.canariasviaja.com\/viajaresvivir\/#website"},"primaryImageOfPage":{"@id":"https:\/\/www.canariasviaja.com\/viajaresvivir\/menorca-la-isla-slow\/#primaryimage"},"image":{"@id":"https:\/\/www.canariasviaja.com\/viajaresvivir\/menorca-la-isla-slow\/#primaryimage"},"thumbnailUrl":"https:\/\/www.canariasviaja.com\/viajaresvivir\/wp-content\/uploads\/2022\/04\/joao-branco-Swxac6vOsY8-unsplash.jpg","datePublished":"2022-04-11T11:03:21+00:00","dateModified":"2023-04-27T11:28:18+00:00","author":{"@id":"https:\/\/www.canariasviaja.com\/viajaresvivir\/#\/schema\/person\/085949651001325f1244a8bc1b34709c"},"description":"Menorca es una isla para degustarla sin prisas, disfrutando de sus calas, su gastronom\u00eda, sus paisajes y su interesante historia.","breadcrumb":{"@id":"https:\/\/www.canariasviaja.com\/viajaresvivir\/menorca-la-isla-slow\/#breadcrumb"},"inLanguage":"es","potentialAction":[{"@type":"ReadAction","target":["https:\/\/www.canariasviaja.com\/viajaresvivir\/menorca-la-isla-slow\/"]}]},{"@type":"ImageObject","inLanguage":"es","@id":"https:\/\/www.canariasviaja.com\/viajaresvivir\/menorca-la-isla-slow\/#primaryimage","url":"https:\/\/www.canariasviaja.com\/viajaresvivir\/wp-content\/uploads\/2022\/04\/joao-branco-Swxac6vOsY8-unsplash.jpg","contentUrl":"https:\/\/www.canariasviaja.com\/viajaresvivir\/wp-content\/uploads\/2022\/04\/joao-branco-Swxac6vOsY8-unsplash.jpg","width":2000,"height":1333,"caption":"Menorca"},{"@type":"BreadcrumbList","@id":"https:\/\/www.canariasviaja.com\/viajaresvivir\/menorca-la-isla-slow\/#breadcrumb","itemListElement":[{"@type":"ListItem","position":1,"name":"Portada","item":"https:\/\/www.canariasviaja.com\/viajaresvivir\/"},{"@type":"ListItem","position":2,"name":"Menorca, la isla slow"}]},{"@type":"WebSite","@id":"https:\/\/www.canariasviaja.com\/viajaresvivir\/#website","url":"https:\/\/www.canariasviaja.com\/viajaresvivir\/","name":"Viajar es vivir","description":"El blog de viajes y estilo de vida de CanariasViaja","potentialAction":[{"@type":"SearchAction","target":{"@type":"EntryPoint","urlTemplate":"https:\/\/www.canariasviaja.com\/viajaresvivir\/?s={search_term_string}"},"query-input":{"@type":"PropertyValueSpecification","valueRequired":true,"valueName":"search_term_string"}}],"inLanguage":"es"},{"@type":"Person","@id":"https:\/\/www.canariasviaja.com\/viajaresvivir\/#\/schema\/person\/085949651001325f1244a8bc1b34709c","name":"Patri C\u00e1mpora","image":{"@type":"ImageObject","inLanguage":"es","@id":"https:\/\/www.canariasviaja.com\/viajaresvivir\/#\/schema\/person\/image\/","url":"https:\/\/secure.gravatar.com\/avatar\/b2ce2c4086a5776e5310f57c1a2e5b4e?s=96&d=mm&r=g","contentUrl":"https:\/\/secure.gravatar.com\/avatar\/b2ce2c4086a5776e5310f57c1a2e5b4e?s=96&d=mm&r=g","caption":"Patri C\u00e1mpora"},"url":"https:\/\/www.canariasviaja.com\/viajaresvivir\/author\/patri\/"}]}},"_links":{"self":[{"href":"https:\/\/www.canariasviaja.com\/viajaresvivir\/wp-json\/wp\/v2\/posts\/8536"}],"collection":[{"href":"https:\/\/www.canariasviaja.com\/viajaresvivir\/wp-json\/wp\/v2\/posts"}],"about":[{"href":"https:\/\/www.canariasviaja.com\/viajaresvivir\/wp-json\/wp\/v2\/types\/post"}],"author":[{"embeddable":true,"href":"https:\/\/www.canariasviaja.com\/viajaresvivir\/wp-json\/wp\/v2\/users\/2"}],"replies":[{"embeddable":true,"href":"https:\/\/www.canariasviaja.com\/viajaresvivir\/wp-json\/wp\/v2\/comments?post=8536"}],"version-history":[{"count":9,"href":"https:\/\/www.canariasviaja.com\/viajaresvivir\/wp-json\/wp\/v2\/posts\/8536\/revisions"}],"predecessor-version":[{"id":10415,"href":"https:\/\/www.canariasviaja.com\/viajaresvivir\/wp-json\/wp\/v2\/posts\/8536\/revisions\/10415"}],"wp:featuredmedia":[{"embeddable":true,"href":"https:\/\/www.canariasviaja.com\/viajaresvivir\/wp-json\/wp\/v2\/media\/8560"}],"wp:attachment":[{"href":"https:\/\/www.canariasviaja.com\/viajaresvivir\/wp-json\/wp\/v2\/media?parent=8536"}],"wp:term":[{"taxonomy":"category","embeddable":true,"href":"https:\/\/www.canariasviaja.com\/viajaresvivir\/wp-json\/wp\/v2\/categories?post=8536"},{"taxonomy":"post_tag","embeddable":true,"href":"https:\/\/www.canariasviaja.com\/viajaresvivir\/wp-json\/wp\/v2\/tags?post=8536"}],"curies":[{"name":"wp","href":"https:\/\/api.w.org\/{rel}","templated":true}]}}