{"id":8604,"date":"2022-04-25T10:48:35","date_gmt":"2022-04-25T10:48:35","guid":{"rendered":"https:\/\/www.canariasviaja.com\/viajaresvivir\/?p=8604"},"modified":"2022-07-20T15:38:43","modified_gmt":"2022-07-20T15:38:43","slug":"florencia-guia-para-sucumbir-al-sindrome-de-stendhal","status":"publish","type":"post","link":"https:\/\/www.canariasviaja.com\/viajaresvivir\/florencia-guia-para-sucumbir-al-sindrome-de-stendhal\/","title":{"rendered":"Florencia: gu\u00eda para sucumbir al S\u00edndrome de Stendhal"},"content":{"rendered":"\n<p>\u00bfLo sientes? Tu coraz\u00f3n comienza a latir m\u00e1s r\u00e1pido, est\u00e1s confuso, el v\u00e9rtigo te atrapa, tu cuerpo tiembla\u2026<strong>Has ca\u00eddo bajo el influjo de Florencia.<\/strong><\/p>\n\n\n\n<p>Florencia, la capital de Toscana, acumula tal cantidad de <strong>belleza y arte<\/strong> en sus museos, palacios, iglesias, calles, plazas y puentes, que es dif\u00edcil no ser v\u00edctima del famoso s\u00edndrome de experiment\u00f3 el escritor Stendhal tras su visita a la Bas\u00edlica de la Santa Cruz.<\/p>\n\n\n\n<p><strong>Hay tanto que ver en Florencia<\/strong> que, a menos que el tiempo no sea un problema para t\u00ed, te recomendamos que organices previamente <strong>tu visita a esta ciudad,<\/strong> seleccionando los lugares, museos y exposiciones que te gustar\u00eda visitar y, sobre todo, <strong>comprando las entradas<\/strong> previamente para evitar largas colas y dedicar cada minuto a disfrutar de esta ciudad.<\/p>\n\n\n\n<div class=\"wp-block-image\"><figure class=\"aligncenter size-full is-resized\"><img decoding=\"async\" src=\"http:\/\/www.canariasviaja.com\/viajaresvivir\/wp-content\/uploads\/2022\/04\/juan-gomez-HIGb0AhlTf0-unsplash-1.jpg\" alt=\"Interio museo en Florencia\" class=\"wp-image-8611\" width=\"400\" srcset=\"https:\/\/www.canariasviaja.com\/viajaresvivir\/wp-content\/uploads\/2022\/04\/juan-gomez-HIGb0AhlTf0-unsplash-1.jpg 533w, https:\/\/www.canariasviaja.com\/viajaresvivir\/wp-content\/uploads\/2022\/04\/juan-gomez-HIGb0AhlTf0-unsplash-1-200x300.jpg 200w\" sizes=\"(max-width: 533px) 100vw, 533px\" \/><figcaption>Foto: Juan G\u00f3mez para Unsplash<\/figcaption><\/figure><\/div>\n\n\n\n<p>Si optas por improvisar, disfrutar\u00e1s igualmente, pero tal vez te quedes sin poder recorrer de algunos de sus tesoros, como la <strong>Galer\u00eda Uffizi<\/strong> o la escultura <strong>David de Miguel \u00c1ngel<\/strong> en la <strong>Galer\u00eda de La Academia. <\/strong>T\u00fa eliges.<\/p>\n\n\n\n<p>Para facilitarte la <strong>planificaci\u00f3n de tu viaje a Florencia<\/strong>, hemos recopilado la informaci\u00f3n de los principales <strong>lugares a visitar <\/strong>con sus webs, en las que podr\u00e1s adquirir tus entradas anticipadamente.<\/p>\n\n\n\n<p>Empieza a disfrutar de tu viaje a Florencia desde hoy.<\/p>\n\n\n\n<div style=\"height:100px\" aria-hidden=\"true\" class=\"wp-block-spacer\"><\/div>\n\n\n\n<h3 class=\"wp-block-heading\">Plaza de la Signoria y Loggia del Lanzi<\/h3>\n\n\n\n<p>Comenzamos nuestro recorrido por la plaza que representa el poder civil de Florencia, una de las m\u00e1s monumentales de la ciudad. All\u00ed encontraremos el <strong>Palazzo Vechio<\/strong>, la r\u00e9plica del David de Miguel \u00c1ngel, la <strong>Logia dei Lanzi, <\/strong>el Tribunal de las Mercanc\u00edas o el Palacio Uggucioni. A pocos pasos de all\u00ed, la <strong>Galler\u00eda Uffizi, la Iglesia de la Santa Croce y el Ponte Vechio.<\/strong><\/p>\n\n\n\n<div style=\"height:100px\" aria-hidden=\"true\" class=\"wp-block-spacer\"><\/div>\n\n\n\n<h2 class=\"wp-block-heading\">Palazzo Vechio<\/h2>\n\n\n\n<div class=\"wp-block-image\"><figure class=\"aligncenter size-full is-resized\"><img decoding=\"async\" src=\"http:\/\/www.canariasviaja.com\/viajaresvivir\/wp-content\/uploads\/2022\/04\/eric-teixido-oPX7MMKOuNk-unsplash.jpg\" alt=\"Palazzo Vechio\" class=\"wp-image-8607\" width=\"400\" srcset=\"https:\/\/www.canariasviaja.com\/viajaresvivir\/wp-content\/uploads\/2022\/04\/eric-teixido-oPX7MMKOuNk-unsplash.jpg 508w, https:\/\/www.canariasviaja.com\/viajaresvivir\/wp-content\/uploads\/2022\/04\/eric-teixido-oPX7MMKOuNk-unsplash-191x300.jpg 191w\" sizes=\"(max-width: 508px) 100vw, 508px\" \/><figcaption>Foto: Eric Texido para Unsplash<\/figcaption><\/figure><\/div>\n\n\n\n<p>Un imponente edificio del siglo XIV de estilo g\u00f3tico civil toscano que acoge el gobierno de la ciudad de Florencia desde hace siete siglos. Su apariencia es la de un palacio fortificado, con sus almenas y su torre de 95 metros de altura. Frente a \u00e9l, la <strong>r\u00e9plica del David de Miguel \u00c1ngel<\/strong>. Si quieres contemplar el original tendr\u00e1s que ir a la <strong>Galer\u00eda de la Academia<\/strong>.<\/p>\n\n\n\n<p>Pero no te quedes s\u00f3lo con su imponente fachada. En su interior viajar\u00e1s por las diferentes etapas de la historia y el arte de Florencia. De los restos del teatro de \u00e9poca romana que se conservan en el subsuelo, pasamos a las suntuosas salas del conjunto monumental decoradas por c\u00e9lebres artistas de los siglos XV y XVI, para finalmente llegar a las espectaculares vistas panor\u00e1micas del paseo de ronda y la torre.<\/p>\n\n\n\n<p>Entre las obras maestras del edificio, <em>Judith<\/em> de Donatello, las pinturas de Bronzino en la Capilla de Eleonora y el <em>Genio de la Victoria<\/em> de Miguel \u00c1ngel.<\/p>\n\n\n\n<p>No te pierdas la <strong>Sala de los Quinientos<\/strong>. Un espacio di\u00e1fano de 54 metros de largo por 22 de ancho decorado con impresionantes <strong>frescos pintados por Vasari.<\/strong><\/p>\n\n\n\n<p><\/p>\n\n\n\n<p><a href=\"https:\/\/cultura.comune.fi.it\/pagina\/musei-civici-fiorentini\/museo-di-palazzo-vecchio\" target=\"_blank\" rel=\"noreferrer noopener\">Web Palazzo Vechio<\/a><\/p>\n\n\n\n<p>Compra tus <a href=\"http:\/\/bigliettimusei.comune.fi.it\/1_museo-di-palazzo-vecchio\/\" target=\"_blank\" rel=\"noreferrer noopener\">entradas aqu\u00ed.<\/a><\/p>\n\n\n\n<div style=\"height:100px\" aria-hidden=\"true\" class=\"wp-block-spacer\"><\/div>\n\n\n\n<h2 class=\"wp-block-heading\">Logia di Lanzi<\/h2>\n\n\n\n<p>Otro edificio que nos llama la atenci\u00f3n en la Plaza de la Se\u00f1or\u00eda es un p\u00f3rtico abierto, de nombre <strong>Logia dei Lanzi <\/strong>o de los lanceros. Fue construido entre 1376 y 1381 por Benci di Cione y Simone di Francesco Talenti.&nbsp; Se trata de un <strong>edificio de transici\u00f3n del g\u00f3tico al renacimiento<\/strong> que recibe este nombre porque era aqu\u00ed donde, en 1527, acamp\u00f3 un cuerpo de mercenarios de origen alem\u00e1n, los l<em>ansquenete<\/em>, que acompa\u00f1\u00f3 al ej\u00e9rcito de Carlos V cuando \u00e9ste se dirig\u00eda a Roma.<\/p>\n\n\n\n<p>Desde el siglo XVI no lo ocupan soldados, sino esculturas. Algunas tan importantes como el <strong><em>Perseo con la cabeza <\/em><\/strong>de Medusa de Cellini o algunas de las obras de Giambologna.<\/p>\n\n\n\n<div style=\"height:100px\" aria-hidden=\"true\" class=\"wp-block-spacer\"><\/div>\n\n\n\n<h2 class=\"wp-block-heading\">Galer\u00eda Uffizi<\/h2>\n\n\n\n<p>Situada a unos 50 metros de la plaza de la Signoria, se encuentra el <strong>segundo museo m\u00e1s visitado de Italia<\/strong>, tras los Museos Vaticanos. <strong>La Galer\u00eda Uffizi es uno de los imprescindibles de Florencia<\/strong>. El museo m\u00e1s importante del mundo en cuanto a <strong>arte renacentista<\/strong>. As\u00ed que las colas est\u00e1n garantizadas, ya que diariamente lo visitan unas 10.000 personas, por lo que te recomendamos que <strong>compres tu entrada previamente<\/strong> o reserves una visita guiada.<\/p>\n\n\n\n<p>La Galer\u00eda Uffizi est\u00e1 situada en un antiguo palacio construido por <strong>Giorgio Vasari<\/strong>, uno de los arquitectos m\u00e1s importantes del Renacimiento, por orden de Cosme I.<\/p>\n\n\n\n<p>En 1743, Ana Mar\u00eda Luisa de M\u00e9dici, \u00faltima duquesa, don\u00f3 la colecci\u00f3n de arte que hab\u00eda pertenecido a su familia a la ciudad de Florencia en su testamento abierto, y en 1765 el Palacio Uffizi abri\u00f3 al p\u00fablico como museo p\u00fabico.<\/p>\n\n\n\n<p>Para poder recorrerlo se necesitan un <strong>m\u00ednimo de dos horas<\/strong> (las que dura una visita guiada). En sus dos plantas encontrar\u00e1s no solo <strong>obras del Renacimiento<\/strong>, sino tambi\u00e9n de otros periodos de la <strong>pintura italiana, <\/strong>as\u00ed como una importante <strong>colecci\u00f3n arqueol\u00f3gica con piezas de la Antigua Roma.<\/strong><\/p>\n\n\n\n<p>Algunas de las <a href=\"https:\/\/www.uffizi.it\/en\/the-uffizi\/painting\/artworks\" target=\"_blank\" rel=\"noreferrer noopener\">obras m\u00e1s destacadas<\/a> que podremos encontrar son <strong><em>La Primavera y El Nacimiento de Venus <\/em>de Botticelli<\/strong>; <em>La Maest\u00e0 di Ognissanti<\/em> de Giotto; <em>Retrato de los Duques de Urbino<\/em> de Piero della Francesca; <em>La Virgen del Jilguero<\/em> de Rafael; <em>La Venus de Urbino<\/em> de Tiziano; <em>El Sacrificio de Isacc<\/em> de Caravaggio; <em>La Sagrada Familia<\/em> de Miguel \u00c1ngel, o <em>La Anunciaci\u00f3n<\/em> de Leonardo da Vinci, entre otras muchas.<\/p>\n\n\n\n<p>Con la entrada de la Galer\u00eda Uffizi tienes acceso gratuito al <strong>Museo Arqueol\u00f3gico Nacional y al &nbsp;Museo del Opificio delle Pietre Dure.<\/strong><\/p>\n\n\n\n<p>Los lunes no festivos el museo permanece cerrado.<\/p>\n\n\n\n<p><\/p>\n\n\n\n<p><a href=\"https:\/\/www.uffizi.it\/en\/the-uffizi\" target=\"_blank\" rel=\"noreferrer noopener\">Web Galer\u00eda Uffizi<\/a><\/p>\n\n\n\n<p>Compra <a href=\"https:\/\/www.uffizi.it\/en\/the-uffizi#timetable-prices\" target=\"_blank\" rel=\"noreferrer noopener\">tus entradas<\/a><\/p>\n\n\n\n<div style=\"height:100px\" aria-hidden=\"true\" class=\"wp-block-spacer\"><\/div>\n\n\n\n<h2 class=\"wp-block-heading\">Ponte Vechio<\/h2>\n\n\n\n<figure class=\"wp-block-image size-full\"><img loading=\"lazy\" decoding=\"async\" width=\"1024\" height=\"768\" src=\"http:\/\/www.canariasviaja.com\/viajaresvivir\/wp-content\/uploads\/2022\/04\/xavier-mejorada-z-EbXwENsL4-unsplash.jpg\" alt=\"Ponte Vechio Florencia\" class=\"wp-image-8614\" srcset=\"https:\/\/www.canariasviaja.com\/viajaresvivir\/wp-content\/uploads\/2022\/04\/xavier-mejorada-z-EbXwENsL4-unsplash.jpg 1024w, https:\/\/www.canariasviaja.com\/viajaresvivir\/wp-content\/uploads\/2022\/04\/xavier-mejorada-z-EbXwENsL4-unsplash-300x225.jpg 300w, https:\/\/www.canariasviaja.com\/viajaresvivir\/wp-content\/uploads\/2022\/04\/xavier-mejorada-z-EbXwENsL4-unsplash-768x576.jpg 768w, https:\/\/www.canariasviaja.com\/viajaresvivir\/wp-content\/uploads\/2022\/04\/xavier-mejorada-z-EbXwENsL4-unsplash-800x600.jpg 800w\" sizes=\"(max-width: 1024px) 100vw, 1024px\" \/><figcaption>Ponte Vechio. Foto Xavier Mejorada para Unsplash<\/figcaption><\/figure>\n\n\n\n<p>Si te asomas junto al r\u00edo, por detr\u00e1s de la Galer\u00eda Uffizi, podr\u00e1s disfrutar de una de las t\u00edpicas im\u00e1genes de Florencia y de uno de sus puentes m\u00e1s ic\u00f3nicos, el <strong>Ponte Vecchio<\/strong>.&nbsp; El puente que contemplamos data del siglo XIV, y sustituye a los anteriores, de eran de madera y que fueron arrasados reiteradamente por las crecidas del <strong>r\u00edo Arno<\/strong>.<\/p>\n\n\n\n<p>Desde el Renacimiento este puente est\u00e1 ocupado por tiendecidas, fundamentalmente de orfebres. Encima de \u00e9l, el <strong>corredor vasariano<\/strong>, un pasadizo que conecta el Palazzo Vechio con el palacio Pitti, situado en la otra orilla.<\/p>\n\n\n\n<div style=\"height:100px\" aria-hidden=\"true\" class=\"wp-block-spacer\"><\/div>\n\n\n\n<h2 class=\"wp-block-heading\">Iglesia de La Santa Croce<\/h2>\n\n\n\n<p>La Santa Croce fue dise\u00f1ada en el siglo XIII para competir en belleza con la iglesia de los domenicos, <strong>Santa Mar\u00eda Novella<\/strong>. Es una de las iglesias que deber\u00edamos visitar, y la que provoc\u00f3 en Stendhal ese famoso s\u00edndrome que recibe su nombre.<\/p>\n\n\n\n<p>Santa Croce, &nbsp;es <strong>la iglesia franciscana m\u00e1s grande del mundo <\/strong>y &nbsp;recoge toda la historia del arte y de la fe de la cultura occidental, y siempre ha representado un polo fundamental de agregaci\u00f3n vinculado a San Francisco de As\u00eds, patr\u00f3n de Italia desde 1939.<\/p>\n\n\n\n<p>Este templo siempre fue un lugar de paso de artistas y er\u00faditos, producto de la hospitalidad franciscana. Adem\u00e1s, la iglesia de la Santa Croce hace las funciones de <strong>pante\u00f3n de ilustres de la patria<\/strong>. En su interior encontraremos las sepulturas y cenotafios de pintores, escultores, m\u00fasicos, humanistas, pol\u00edticos o escritores tales como <strong>Rossini, Miguel \u00c1ngel, Galileo, Maquiavelo o Ghiberti.<\/strong><\/p>\n\n\n\n<p>La fachada de la Santa Croche, al igual que la del Duomo, es un a\u00f1adido posterior. Una fachada neog\u00f3tica seg\u00fan los c\u00e1nones del g\u00f3tico toscano con sus m\u00e1rmoles de colores.<\/p>\n\n\n\n<p>El horario de visita es de lunes a s\u00e1bado, de 9:20 a 17:30, y los domingos de 12:30 a 17:45.<\/p>\n\n\n\n<p><\/p>\n\n\n\n<p><a href=\"https:\/\/www.santacroceopera.it\/\" target=\"_blank\" rel=\"noreferrer noopener\">Web de la Iglesia de la Santa Croce<\/a><\/p>\n\n\n\n<p>Compra tu entrada <a href=\"https:\/\/ticka.santacroceopera.it\/\" target=\"_blank\" rel=\"noreferrer noopener\">aqu\u00ed<\/a><\/p>\n\n\n\n<div style=\"height:100px\" aria-hidden=\"true\" class=\"wp-block-spacer\"><\/div>\n\n\n\n<h3 class=\"wp-block-heading\">Piazza del Duomo<\/h3>\n\n\n\n<p>A tan solo 7 minutos del Ponte Vechio, que se multiplicar\u00e1n por cada una de las paradas que vayas haciendo por el camino para tomar fotos, encontrar\u00e1s la <strong>Piazza del Duomo<\/strong>, que representaba el <strong>poder religioso de la ciudad<\/strong>. All\u00ed encontraremos <strong>una de las catedrales m\u00e1s bellas del mundo,<\/strong> Santa Mar\u00eda del Fiore, <strong>y otros dos monumentos imprescindibles<\/strong>: <strong>el Campanille de Giotto y el Baptisterio, <\/strong>separados unos de otros, como ocurre en muchas otras cuidades de Italia.<\/p>\n\n\n\n<div style=\"height:100px\" aria-hidden=\"true\" class=\"wp-block-spacer\"><\/div>\n\n\n\n<h2 class=\"wp-block-heading\">Catedral de Santa Maria del Fiore <\/h2>\n\n\n\n<figure class=\"wp-block-gallery aligncenter has-nested-images columns-default is-cropped wp-block-gallery-1 is-layout-flex wp-block-gallery-is-layout-flex\">\n<figure class=\"wp-block-image size-full is-resized\"><img loading=\"lazy\" decoding=\"async\" data-id=\"8608\" src=\"http:\/\/www.canariasviaja.com\/viajaresvivir\/wp-content\/uploads\/2022\/04\/eric-teixido-qwWWanTqGMU-unsplash.jpg\" alt=\"\" class=\"wp-image-8608\" width=\"400\" height=\"600\" srcset=\"https:\/\/www.canariasviaja.com\/viajaresvivir\/wp-content\/uploads\/2022\/04\/eric-teixido-qwWWanTqGMU-unsplash.jpg 533w, https:\/\/www.canariasviaja.com\/viajaresvivir\/wp-content\/uploads\/2022\/04\/eric-teixido-qwWWanTqGMU-unsplash-200x300.jpg 200w\" sizes=\"(max-width: 400px) 100vw, 400px\" \/><figcaption>Foto: Eric Teixido para Unsplash<\/figcaption><\/figure>\n\n\n\n<figure class=\"wp-block-image size-full\"><img loading=\"lazy\" decoding=\"async\" width=\"533\" height=\"800\" data-id=\"8613\" src=\"http:\/\/www.canariasviaja.com\/viajaresvivir\/wp-content\/uploads\/2022\/04\/marco-de-hevia-_1oqX3-KB0w-unsplash.jpg\" alt=\"C\u00fapula Florencia\" class=\"wp-image-8613\" srcset=\"https:\/\/www.canariasviaja.com\/viajaresvivir\/wp-content\/uploads\/2022\/04\/marco-de-hevia-_1oqX3-KB0w-unsplash.jpg 533w, https:\/\/www.canariasviaja.com\/viajaresvivir\/wp-content\/uploads\/2022\/04\/marco-de-hevia-_1oqX3-KB0w-unsplash-200x300.jpg 200w\" sizes=\"(max-width: 533px) 100vw, 533px\" \/><figcaption>Foto: Marco de Hevia para Unsplash<\/figcaption><\/figure>\n<\/figure>\n\n\n\n<p>Este enorme templo g\u00f3tico, del siglo XII y XIV, de 160 metros de longitud, es la tercera iglesia del mundo despu\u00e9s de la Bas\u00edlica de San Pedro de Roma y la de San Pablo de Londres. En el momento de la finalizaci\u00f3n de su construcci\u00f3n era la m\u00e1s grande del mundo.<\/p>\n\n\n\n<p>En su interior acoge una <strong>bell\u00edsima c\u00fapula, obra de Filipo Brunelleschi, <\/strong>que Migue \u00c1ngel tom\u00f3 como referencia para la Bas\u00edlica de San Pedro en Roma. Esta c\u00fapula, de 90 metros de altura, es bastante posterior al resto de la edificaci\u00f3n, ya que se termin\u00f3 de construir en 1520, y corresponde al Renacimiento.<\/p>\n\n\n\n<p>El interior de la c\u00fapula est\u00e1 decorado con una de las grandes obras de la historia del arte: <strong><em>el Juicio Final <\/em>de Giorgio Vasari.<\/strong> Vale la pena subir a la c\u00fapula para contemplar esta obra de cerca y para disfrutar de las vistas de la ciudad.<\/p>\n\n\n\n<p>La <strong>fachada<\/strong> de Santa Mar\u00eda del Fiore es muy posterior del resto de la Catedral, termin\u00e1ndose a finales del XIX. Una o<strong>bra neog\u00f3tica a base de m\u00e1rmoles de distintos colores, al estilo toscano.<\/strong><\/p>\n\n\n\n<p>La <strong>entrada a la catedral es gratuita<\/strong>, pero para visitar la c\u00fapula hay que adquirir el <strong>pase Brunelleschi <\/strong>(30\u20ac), que da acceso a \u00e9ste y el resto de monumentos de la plaza. El pase tiene vigencia durante tres d\u00edas. En el momento de la compra hay que indicar fecha y hora de la visita a la c\u00fapula, y se exige m\u00e1xima puntualidad.<\/p>\n\n\n\n<p>La entrada se realiza por la Porta della Mandorla, situada en el lado norte de la Catedral. Hay que tener en cuenta que no hay ascensor y que hay que subir 463 escalones, por lo que no se recomienda a personas que sufran problemas de coraz\u00f3n, v\u00e9rtigo, claustrofobia o a embarazadas. Los menores de 18 a\u00f1os han de acceder acompa\u00f1ados de un adulto.<\/p>\n\n\n\n<p>La visita tiene una duraci\u00f3n recomendada de 45-50 minutos.<\/p>\n\n\n\n<p><\/p>\n\n\n\n<p><a href=\"https:\/\/duomo.firenze.it\/it\/38\/cattedrale-di-santa-maria-del-fiore\">Web Catedral Santa Mar\u00eda di Fiore<\/a><\/p>\n\n\n\n<p>Compra <a href=\"https:\/\/operaduomofirenze.skiperformance.com\/en\/store#\/en\/buy\">tus entradas<\/a><\/p>\n\n\n\n<div style=\"height:100px\" aria-hidden=\"true\" class=\"wp-block-spacer\"><\/div>\n\n\n\n<h2 class=\"wp-block-heading\">Baptisterio de la Catedral<\/h2>\n\n\n\n<p>Frente a la Catedral encontramos el Baptisterio, <strong>una de las iglesias m\u00e1s antiguas de Florencia.<\/strong> De estructura octogonal recubierta de m\u00e1rmol y c\u00fapula de ocho cuerpos, su dataci\u00f3n ha resultado complicada. En la Edad Media los florentinos cre\u00edan que se trataba de un templo pagano romano reconvertido en iglesia. De hecho gran parte del m\u00e1rmol proviene de la Florentia Romana.<\/p>\n\n\n\n<p>El Baptisterio que visitamos hoy es fruto de la ampliaci\u00f3n del primitivo del siglo IV-V. Al entrar la mirada se eleva hacia los <strong>mosaicos toscanos que decoran las c\u00fapulas,<\/strong> presididos por un Cristo juez, con escenas del Juicio Final. Estos mosaicos fueron instalados en el siglo XIII.<\/p>\n\n\n\n<p>El Baptisterio tambi\u00e9n cuenta con tres hermosas <strong>puertas de bronce<\/strong>, entre las que destacan las <strong><em>Puertas del Para\u00edso<\/em><\/strong> <strong>de Lorenzo Ghiberti.<\/strong><\/p>\n\n\n\n<p>Puedes visitarlo adquiriendo cualquiera de los tres pases combinados: Brunelleschi (30\u20ac), Giotto (20\u20ac) o Ghiberti (15\u20ac).<\/p>\n\n\n\n<p><\/p>\n\n\n\n<p><a href=\"https:\/\/duomo.firenze.it\/it\/scopri\/battistero-di-san-giovanni\">Web Baptister<\/a>io<\/p>\n\n\n\n<p> Compra <a href=\"https:\/\/operaduomofirenze.skiperformance.com\/it\/negozio#\/it\/acquista\">tus entradas<\/a><\/p>\n\n\n\n<div style=\"height:100px\" aria-hidden=\"true\" class=\"wp-block-spacer\"><\/div>\n\n\n\n<h2 class=\"wp-block-heading\">Campanille de Giotto<\/h2>\n\n\n\n<div class=\"wp-block-image\"><figure class=\"aligncenter size-full is-resized\"><img decoding=\"async\" src=\"http:\/\/www.canariasviaja.com\/viajaresvivir\/wp-content\/uploads\/2022\/04\/luis-cortes-BmdxAPFs2t4-unsplash.jpg\" alt=\"Campanille de florencia\" class=\"wp-image-8612\" width=\"400\" srcset=\"https:\/\/www.canariasviaja.com\/viajaresvivir\/wp-content\/uploads\/2022\/04\/luis-cortes-BmdxAPFs2t4-unsplash.jpg 604w, https:\/\/www.canariasviaja.com\/viajaresvivir\/wp-content\/uploads\/2022\/04\/luis-cortes-BmdxAPFs2t4-unsplash-227x300.jpg 227w\" sizes=\"(max-width: 604px) 100vw, 604px\" \/><figcaption>Foto: Luis Cortes para Unsplash<\/figcaption><\/figure><\/div>\n\n\n\n<p>Junto a la Catedral se encuentra su campanario exento. Un&nbsp; <strong>obra cumbre del g\u00f3tico toscano<\/strong> recubierta de m\u00e1rmoles rojos, blancos y verdes, como la Catedral. Pese a que el campanario lleva el nombre de Giotto, este no pudo concluir su obra que inici\u00f3 tres a\u00f1os antes de su muerte, en 1334.<\/p>\n\n\n\n<p>Continuado por Andrea Pisano, que termin\u00f3 los dos primeros pisos respetando el proyecto giottesco, el campanario fue embellecido con la decoraci\u00f3n exterior en rombos tambi\u00e9n con la intervenci\u00f3n de Alberto Arnoldi.<\/p>\n\n\n\n<p>El campanario fue terminado en 1359, despu\u00e9s de los terribles a\u00f1os de la peste negra, por Francesco Talenti, el genial creador de las ventanas altas, que tuvo el m\u00e9rito de atravesar la estructura con luz, gracias a las ventanas ajimezadas.<\/p>\n\n\n\n<p>Para visitar el Campanille tienes que comprar el <strong>Brunelleshi Pass o el Giotto Pass.<\/strong> El horario de visita es de 08:15 am a  19:45 pm.<\/p>\n\n\n\n<p>El ascenso se realiza a pie por una escalera de 414 escalones y no hay ascensor, por lo que no se recomienda a personas con problemas cardiacos, v\u00e9rtigo, claustrofobia o a mujeres embarazadas. Los menores han de ir acompa\u00f1ados por un adulto.<\/p>\n\n\n\n<p>La duraci\u00f3n recomendada de la visita es de aproximadamente 45 minutos.<\/p>\n\n\n\n<p><\/p>\n\n\n\n<p><a href=\"https:\/\/duomo.firenze.it\/it\/scopri\/campanile-di-giotto\" target=\"_blank\" rel=\"noreferrer noopener\">Web del Campanille de Giotto<\/a><\/p>\n\n\n\n<p>Compra tus entradas <a href=\"https:\/\/duomo.firenze.it\/it\/scopri\/campanile-di-giotto\" target=\"_blank\" rel=\"noreferrer noopener\">aqu\u00ed.<\/a><\/p>\n\n\n\n<div style=\"height:100px\" aria-hidden=\"true\" class=\"wp-block-spacer\"><\/div>\n\n\n\n<h3 class=\"wp-block-heading\">Bas\u00edlica de San Lorenzo<\/h3>\n\n\n\n<p>La historia de la familia Medici y de Florencia est\u00e1n \u00edntimamente relacionadas, y bajo su mecenazgo la ciudad se convirti\u00f3 en la cuna del arte renacentista.<\/p>\n\n\n\n<p>La <strong>Bas\u00edlica de San Lorenzo<\/strong> fue constru\u00edda por encargo de Cosme I de M\u00e9dici, un importante banquero, pol\u00edtico y fundador de esta importante dinast\u00eda.<\/p>\n\n\n\n<p>En la construcci\u00f3n de esta bas\u00edlica trabaj\u00f3 <strong>Brunelleschi<\/strong>. La mano de <strong>Miguel Angel,<\/strong> en el interior de la sacrist\u00eda, donde se encuentran las <strong>capillas M\u00e9dici,<\/strong> la convirti\u00f3 en uno de los grandes monumentos que hay que ver en Florencia.<\/p>\n\n\n\n<p>La entrada se compra en la taquilla. Permite visitar: la Bas\u00edlica de San Lorenzo, la Sacrist\u00eda Vieja, los Claustros, el Museo del Tesoro, la cripta y el subterr\u00e1neo monumental<\/p>\n\n\n\n<p>La visita a la Biblioteca Medici y las Capillas Medici no est\u00e1 inclu\u00edda y requiere la compra de entradas diferentes.<\/p>\n\n\n\n<p>El horario de visita es de lunes a s\u00e1bado de 9:30 am a 17:30 pm.<\/p>\n\n\n\n<p><\/p>\n\n\n\n<p><a href=\"https:\/\/sanlorenzofirenze.it\/\">Web de la Bas\u00edlica de San Lorenzo<\/a><\/p>\n\n\n\n<h3 class=\"wp-block-heading\">&nbsp;<\/h3>\n\n\n\n<h3 class=\"wp-block-heading\">Mercado de San Lorenzo y Mercado Central<\/h3>\n\n\n\n<p>\u00a1No solo de arte viviremos en Florencia! Tendremos que atender otras pasiones m\u00e1s mundanas, como comer. Para ir abriendo apetito podemos visitar el <strong>Mercado de San Lorenzo<\/strong>, muy cerca de la bas\u00edlica de San Lorenzo. Se trata de un <strong>mercadillo popular al aire libre,<\/strong> en el que encontraremos tambi\u00e9n muchos puestos de souvenirs tur\u00edsticos.<\/p>\n\n\n\n<p>Si queremos sumergirnos en el <strong>mundo gastron\u00f3mico de Florencia<\/strong> tendremos que entrar en el <strong>Mercado Central<\/strong>, a unos metros, que est\u00e1 cubierto. En su interior encontraremos los mejores productos italianos para abrir nuestro apetito: quesos, vinos, aceites, pastas..<\/p>\n\n\n\n<h3 class=\"wp-block-heading\">&nbsp;<\/h3>\n\n\n\n<h3 class=\"wp-block-heading\">&nbsp;<\/h3>\n\n\n\n<h3 class=\"wp-block-heading\">&nbsp;<\/h3>\n\n\n\n<h3 class=\"wp-block-heading\">Galer\u00eda de la Academia<\/h3>\n\n\n\n<div class=\"wp-block-image\"><figure class=\"aligncenter size-full is-resized\"><img decoding=\"async\" src=\"http:\/\/www.canariasviaja.com\/viajaresvivir\/wp-content\/uploads\/2022\/04\/juan-gomez-BsZ-IDx1YD4-unsplash.jpg\" alt=\"David de Miguel Angel\" class=\"wp-image-8610\" width=\"400\" srcset=\"https:\/\/www.canariasviaja.com\/viajaresvivir\/wp-content\/uploads\/2022\/04\/juan-gomez-BsZ-IDx1YD4-unsplash.jpg 533w, https:\/\/www.canariasviaja.com\/viajaresvivir\/wp-content\/uploads\/2022\/04\/juan-gomez-BsZ-IDx1YD4-unsplash-200x300.jpg 200w\" sizes=\"(max-width: 533px) 100vw, 533px\" \/><figcaption>Foto: Juan G\u00f3mez para Unsplash<\/figcaption><\/figure><\/div>\n\n\n\n<p><strong>Otro de los museos imprescindibles de Florencia<\/strong>. Este museo atesora una de las esculturas m\u00e1s famosas de la humanidad, el <em><strong>David <\/strong><\/em><strong>de Miguel \u00c1ngel<\/strong>, pero adem\u00e1s en el podr\u00e1s encontrar <strong>la mayor colecci\u00f3n de esculturas de este artista,<\/strong> entre las que se encuentran sus esclavos.<\/p>\n\n\n\n<p>La <strong>Galleria dell&#8217;Accademia di Firenze <\/strong>alberga algunas de las <strong>colecciones de pintura y escultura m\u00e1s importantes del mundo, incluidas esculturas de Miguel \u00c1ngel<\/strong>, y una rica <strong>colecci\u00f3n de pintura italiana temprana<\/strong>. No menos significativa es la colecci\u00f3n de yesos y maquetas de Lorenzo Bartolini y su alumno Luigi Pampaloni en la Gipsoteca del monumental Salone dell&#8217;Ottocento. Y el museo tambi\u00e9n alberga instrumentos musicales que pertenecieron a los grandes duques de Toscana, Medici y Lorena, la mayor\u00eda de los cuales estaban en la colecci\u00f3n del Conservatorio Luigi Cherubini de Florencia.<\/p>\n\n\n\n<p>El horario de apertura es de martes a domingo de 9:00 am. A 5:45 pm. Los lunes permanece cerrado.<\/p>\n\n\n\n<p><\/p>\n\n\n\n<p><a href=\"https:\/\/www.galleriaaccademiafirenze.it\/en\/\">Web de la Galer\u00eda de la Academia<\/a><\/p>\n\n\n\n<p>Compra tus entradas <a href=\"https:\/\/www.galleriaaccademiafirenze.it\/en\/tickets\/\">aqu\u00ed<\/a>&nbsp; (Imprescindible comprarlas con anterioridad)<\/p>\n\n\n\n<div style=\"height:100px\" aria-hidden=\"true\" class=\"wp-block-spacer\"><\/div>\n\n\n\n<h3 class=\"wp-block-heading\">Palazzo Pitti y Galer\u00eda Palatina<\/h3>\n\n\n\n<p>Al otro lado del r\u00edo Arno se encuentra el <strong>Palazzo Pitti<\/strong>. Adquirido en 1550 por Cosme I de Medici y su esposa Eleonora di Toledo para transformarlo en la nueva residencia granducal, el Palazzo Pitti pronto se convirti\u00f3 en el <strong>s\u00edmbolo del poder consolidado de los Medici sobre la Toscana<\/strong>. Palacio de otras dos dinast\u00edas, la de los Habsburgo-Lorena (sucesores de los Medici desde 1737) y la de los Saboya, que vivieron all\u00ed como reyes de Italia desde 1865, el Palacio Pitti a\u00fan lleva el nombre de su primer propietario, el banquero florentino Luca Pitti, que a mediados del siglo XV quiso construirlo -tal vez seg\u00fan un dise\u00f1o de Brunelleschi- m\u00e1s all\u00e1 del Arno, al pie de la colina de Boboli.<\/p>\n\n\n\n<p>Actualmente alberga cuatro museos diferentes: el <strong>Tesoro de los Grandes Duques<\/strong> en la planta baja, la <strong>Galer\u00eda Palatina<\/strong>, donde contemplar la obra de los m\u00e1s famosos maestros italianos, &nbsp;y los <strong>Apartamentos Imperiales y Reales<\/strong> en la planta noble del Palacio, la <strong>Galer\u00eda de Arte Moderno<\/strong> y el <strong>Museo de la Moda y el Traje<\/strong> en el segundo piso.<\/p>\n\n\n\n<p>Se pueden visitar de martes a domingo de 8:15 a 18:30. Los lunes permanecen cerrados.<\/p>\n\n\n\n<p><\/p>\n\n\n\n<p><a href=\"https:\/\/www.uffizi.it\/palazzo-pitti\">Web del Palazzo Pitti<\/a><\/p>\n\n\n\n<p>Compra tu entrada <a href=\"https:\/\/www.uffizi.it\/biglietti\">aqu\u00ed<\/a><\/p>\n\n\n\n<div style=\"height:100px\" aria-hidden=\"true\" class=\"wp-block-spacer\"><\/div>\n\n\n\n<h3 class=\"wp-block-heading\">Iglesia Santa Maria Novella<\/h3>\n\n\n\n<p>La Bas\u00edlica de Santa Maria Novella fue fundada por los frailes de la Orden Dominicana en la primera mitad del siglo XIII, convirti\u00e9ndose <strong>en uno de los hitos religiosos y art\u00edsticos m\u00e1s importantes de Italia. <\/strong>La fama de Santa Maria Novella durante las \u00e9pocas medieval y renacentista favoreci\u00f3 la concentraci\u00f3n de<strong> obras muy importantes de artistas de la talla de Giotto, Brunelleschi, Masaccio, Miguel \u00c1ngel, Ghirlandaio, Botticelli y Vasari, entre otros. <\/strong>Esta particular fortuna art\u00edstica y religiosa hizo que el lugar estuviera indisolublemente ligado a sus obras de arte. De hecho, estos fueron hechos espec\u00edficamente para Santa Maria Novella.<\/p>\n\n\n\n<p>La <strong>fachada de m\u00e1rmol <\/strong>de Santa Maria Novella es una de las obras m\u00e1s importantes del Renacimiento florentino.<\/p>\n\n\n\n<p>Las entradas se pueden comprar directamente en taquilla. Se puede visitar de lunes a domingo. Consultar las horas de culto, durante las cuales no se puede realizar visita tur\u00edstica.<\/p>\n\n\n\n<p><\/p>\n\n\n\n<p><a href=\"https:\/\/www.smn.it\/it\/\">Web de Bas\u00edlica de Santa Mar\u00eda Novella<\/a><\/p>\n\n\n\n<div style=\"height:100px\" aria-hidden=\"true\" class=\"wp-block-spacer\"><\/div>\n\n\n\n<p class=\"has-text-align-center\"><strong>\u00bfEstas preparado para caer rendido bajo su influjo?<\/strong><\/p>\n\n\n\n<div class=\"wp-block-buttons is-layout-flex wp-block-buttons-is-layout-flex\">\n<div class=\"wp-block-button aligncenter\"><a class=\"wp-block-button__link\">\u00a1Vive Florencia!<\/a><\/div>\n<\/div>\n","protected":false},"excerpt":{"rendered":"<p>Florencia es una ciudad \u00fanica en el mundo. Atesora ta cantidad de obras de arte y belleza que es f\u00e1cil sucumbir al famoso s\u00edndrome de Stendhal. En este art\u00edculo te ayudamos a organizar tu viista.<\/p>\n","protected":false},"author":2,"featured_media":8609,"comment_status":"open","ping_status":"open","sticky":false,"template":"","format":"standard","meta":{"_acf_changed":false,"sfsi_plus_gutenberg_text_before_share":"","sfsi_plus_gutenberg_show_text_before_share":"","sfsi_plus_gutenberg_icon_type":"","sfsi_plus_gutenberg_icon_alignemt":"","sfsi_plus_gutenburg_max_per_row":"","footnotes":""},"categories":[5,870,10,781,197],"tags":[648,661,603,150,871,872],"class_list":["post-8604","post","type-post","status-publish","format-standard","has-post-thumbnail","hentry","category-europa","category-florencia","category-historias-viajeras","category-italia-europa","category-rincones-por-descubrir","tag-arquitectura","tag-escapada-cultural","tag-escapada-gastronomica","tag-historia","tag-italia","tag-museos"],"acf":[],"yoast_head":"<!-- This site is optimized with the Yoast SEO plugin v24.1 - https:\/\/yoast.com\/wordpress\/plugins\/seo\/ -->\n<title>Florencia: gu\u00eda para sucumbir al S\u00edndrome de Stendhal - Viajar es vivir<\/title>\n<meta name=\"description\" content=\"Florencia es una ciudad que supura arte y belleza por los cuatro costados. Te invitamos a que te entregues a su disfrute.\" \/>\n<meta name=\"robots\" content=\"index, follow, max-snippet:-1, max-image-preview:large, max-video-preview:-1\" \/>\n<link rel=\"canonical\" href=\"https:\/\/www.canariasviaja.com\/viajaresvivir\/florencia-guia-para-sucumbir-al-sindrome-de-stendhal\/\" \/>\n<meta property=\"og:locale\" content=\"es_ES\" \/>\n<meta property=\"og:type\" content=\"article\" \/>\n<meta property=\"og:title\" content=\"Florencia: gu\u00eda para sucumbir al S\u00edndrome de Stendhal - Viajar es vivir\" \/>\n<meta property=\"og:description\" content=\"Florencia es una ciudad que supura arte y belleza por los cuatro costados. Te invitamos a que te entregues a su disfrute.\" \/>\n<meta property=\"og:url\" content=\"https:\/\/www.canariasviaja.com\/viajaresvivir\/florencia-guia-para-sucumbir-al-sindrome-de-stendhal\/\" \/>\n<meta property=\"og:site_name\" content=\"Viajar es vivir\" \/>\n<meta property=\"article:published_time\" content=\"2022-04-25T10:48:35+00:00\" \/>\n<meta property=\"article:modified_time\" content=\"2022-07-20T15:38:43+00:00\" \/>\n<meta property=\"og:image\" content=\"http:\/\/www.canariasviaja.com\/viajaresvivir\/wp-content\/uploads\/2022\/04\/jannes-jacobs-n6Q4CCthlC8-unsplash-1.jpg\" \/>\n\t<meta property=\"og:image:width\" content=\"2000\" \/>\n\t<meta property=\"og:image:height\" content=\"1333\" \/>\n\t<meta property=\"og:image:type\" content=\"image\/jpeg\" \/>\n<meta name=\"author\" content=\"Patri C\u00e1mpora\" \/>\n<meta name=\"twitter:card\" content=\"summary_large_image\" \/>\n<meta name=\"twitter:label1\" content=\"Escrito por\" \/>\n\t<meta name=\"twitter:data1\" content=\"Patri C\u00e1mpora\" \/>\n\t<meta name=\"twitter:label2\" content=\"Tiempo de lectura\" \/>\n\t<meta name=\"twitter:data2\" content=\"15 minutos\" \/>\n<script type=\"application\/ld+json\" class=\"yoast-schema-graph\">{\"@context\":\"https:\/\/schema.org\",\"@graph\":[{\"@type\":\"WebPage\",\"@id\":\"https:\/\/www.canariasviaja.com\/viajaresvivir\/florencia-guia-para-sucumbir-al-sindrome-de-stendhal\/\",\"url\":\"https:\/\/www.canariasviaja.com\/viajaresvivir\/florencia-guia-para-sucumbir-al-sindrome-de-stendhal\/\",\"name\":\"Florencia: gu\u00eda para sucumbir al S\u00edndrome de Stendhal - Viajar es vivir\",\"isPartOf\":{\"@id\":\"https:\/\/www.canariasviaja.com\/viajaresvivir\/#website\"},\"primaryImageOfPage\":{\"@id\":\"https:\/\/www.canariasviaja.com\/viajaresvivir\/florencia-guia-para-sucumbir-al-sindrome-de-stendhal\/#primaryimage\"},\"image\":{\"@id\":\"https:\/\/www.canariasviaja.com\/viajaresvivir\/florencia-guia-para-sucumbir-al-sindrome-de-stendhal\/#primaryimage\"},\"thumbnailUrl\":\"https:\/\/www.canariasviaja.com\/viajaresvivir\/wp-content\/uploads\/2022\/04\/jannes-jacobs-n6Q4CCthlC8-unsplash-1.jpg\",\"datePublished\":\"2022-04-25T10:48:35+00:00\",\"dateModified\":\"2022-07-20T15:38:43+00:00\",\"author\":{\"@id\":\"https:\/\/www.canariasviaja.com\/viajaresvivir\/#\/schema\/person\/085949651001325f1244a8bc1b34709c\"},\"description\":\"Florencia es una ciudad que supura arte y belleza por los cuatro costados. Te invitamos a que te entregues a su disfrute.\",\"breadcrumb\":{\"@id\":\"https:\/\/www.canariasviaja.com\/viajaresvivir\/florencia-guia-para-sucumbir-al-sindrome-de-stendhal\/#breadcrumb\"},\"inLanguage\":\"es\",\"potentialAction\":[{\"@type\":\"ReadAction\",\"target\":[\"https:\/\/www.canariasviaja.com\/viajaresvivir\/florencia-guia-para-sucumbir-al-sindrome-de-stendhal\/\"]}]},{\"@type\":\"ImageObject\",\"inLanguage\":\"es\",\"@id\":\"https:\/\/www.canariasviaja.com\/viajaresvivir\/florencia-guia-para-sucumbir-al-sindrome-de-stendhal\/#primaryimage\",\"url\":\"https:\/\/www.canariasviaja.com\/viajaresvivir\/wp-content\/uploads\/2022\/04\/jannes-jacobs-n6Q4CCthlC8-unsplash-1.jpg\",\"contentUrl\":\"https:\/\/www.canariasviaja.com\/viajaresvivir\/wp-content\/uploads\/2022\/04\/jannes-jacobs-n6Q4CCthlC8-unsplash-1.jpg\",\"width\":2000,\"height\":1333,\"caption\":\"jannes-jacobs-Unsplash\"},{\"@type\":\"BreadcrumbList\",\"@id\":\"https:\/\/www.canariasviaja.com\/viajaresvivir\/florencia-guia-para-sucumbir-al-sindrome-de-stendhal\/#breadcrumb\",\"itemListElement\":[{\"@type\":\"ListItem\",\"position\":1,\"name\":\"Portada\",\"item\":\"https:\/\/www.canariasviaja.com\/viajaresvivir\/\"},{\"@type\":\"ListItem\",\"position\":2,\"name\":\"Florencia: gu\u00eda para sucumbir al S\u00edndrome de Stendhal\"}]},{\"@type\":\"WebSite\",\"@id\":\"https:\/\/www.canariasviaja.com\/viajaresvivir\/#website\",\"url\":\"https:\/\/www.canariasviaja.com\/viajaresvivir\/\",\"name\":\"Viajar es vivir\",\"description\":\"El blog de viajes y estilo de vida de CanariasViaja\",\"potentialAction\":[{\"@type\":\"SearchAction\",\"target\":{\"@type\":\"EntryPoint\",\"urlTemplate\":\"https:\/\/www.canariasviaja.com\/viajaresvivir\/?s={search_term_string}\"},\"query-input\":{\"@type\":\"PropertyValueSpecification\",\"valueRequired\":true,\"valueName\":\"search_term_string\"}}],\"inLanguage\":\"es\"},{\"@type\":\"Person\",\"@id\":\"https:\/\/www.canariasviaja.com\/viajaresvivir\/#\/schema\/person\/085949651001325f1244a8bc1b34709c\",\"name\":\"Patri C\u00e1mpora\",\"image\":{\"@type\":\"ImageObject\",\"inLanguage\":\"es\",\"@id\":\"https:\/\/www.canariasviaja.com\/viajaresvivir\/#\/schema\/person\/image\/\",\"url\":\"https:\/\/secure.gravatar.com\/avatar\/b2ce2c4086a5776e5310f57c1a2e5b4e?s=96&d=mm&r=g\",\"contentUrl\":\"https:\/\/secure.gravatar.com\/avatar\/b2ce2c4086a5776e5310f57c1a2e5b4e?s=96&d=mm&r=g\",\"caption\":\"Patri C\u00e1mpora\"},\"url\":\"https:\/\/www.canariasviaja.com\/viajaresvivir\/author\/patri\/\"}]}<\/script>\n<!-- \/ Yoast SEO plugin. -->","yoast_head_json":{"title":"Florencia: gu\u00eda para sucumbir al S\u00edndrome de Stendhal - Viajar es vivir","description":"Florencia es una ciudad que supura arte y belleza por los cuatro costados. Te invitamos a que te entregues a su disfrute.","robots":{"index":"index","follow":"follow","max-snippet":"max-snippet:-1","max-image-preview":"max-image-preview:large","max-video-preview":"max-video-preview:-1"},"canonical":"https:\/\/www.canariasviaja.com\/viajaresvivir\/florencia-guia-para-sucumbir-al-sindrome-de-stendhal\/","og_locale":"es_ES","og_type":"article","og_title":"Florencia: gu\u00eda para sucumbir al S\u00edndrome de Stendhal - Viajar es vivir","og_description":"Florencia es una ciudad que supura arte y belleza por los cuatro costados. Te invitamos a que te entregues a su disfrute.","og_url":"https:\/\/www.canariasviaja.com\/viajaresvivir\/florencia-guia-para-sucumbir-al-sindrome-de-stendhal\/","og_site_name":"Viajar es vivir","article_published_time":"2022-04-25T10:48:35+00:00","article_modified_time":"2022-07-20T15:38:43+00:00","og_image":[{"width":2000,"height":1333,"url":"http:\/\/www.canariasviaja.com\/viajaresvivir\/wp-content\/uploads\/2022\/04\/jannes-jacobs-n6Q4CCthlC8-unsplash-1.jpg","type":"image\/jpeg"}],"author":"Patri C\u00e1mpora","twitter_card":"summary_large_image","twitter_misc":{"Escrito por":"Patri C\u00e1mpora","Tiempo de lectura":"15 minutos"},"schema":{"@context":"https:\/\/schema.org","@graph":[{"@type":"WebPage","@id":"https:\/\/www.canariasviaja.com\/viajaresvivir\/florencia-guia-para-sucumbir-al-sindrome-de-stendhal\/","url":"https:\/\/www.canariasviaja.com\/viajaresvivir\/florencia-guia-para-sucumbir-al-sindrome-de-stendhal\/","name":"Florencia: gu\u00eda para sucumbir al S\u00edndrome de Stendhal - Viajar es vivir","isPartOf":{"@id":"https:\/\/www.canariasviaja.com\/viajaresvivir\/#website"},"primaryImageOfPage":{"@id":"https:\/\/www.canariasviaja.com\/viajaresvivir\/florencia-guia-para-sucumbir-al-sindrome-de-stendhal\/#primaryimage"},"image":{"@id":"https:\/\/www.canariasviaja.com\/viajaresvivir\/florencia-guia-para-sucumbir-al-sindrome-de-stendhal\/#primaryimage"},"thumbnailUrl":"https:\/\/www.canariasviaja.com\/viajaresvivir\/wp-content\/uploads\/2022\/04\/jannes-jacobs-n6Q4CCthlC8-unsplash-1.jpg","datePublished":"2022-04-25T10:48:35+00:00","dateModified":"2022-07-20T15:38:43+00:00","author":{"@id":"https:\/\/www.canariasviaja.com\/viajaresvivir\/#\/schema\/person\/085949651001325f1244a8bc1b34709c"},"description":"Florencia es una ciudad que supura arte y belleza por los cuatro costados. Te invitamos a que te entregues a su disfrute.","breadcrumb":{"@id":"https:\/\/www.canariasviaja.com\/viajaresvivir\/florencia-guia-para-sucumbir-al-sindrome-de-stendhal\/#breadcrumb"},"inLanguage":"es","potentialAction":[{"@type":"ReadAction","target":["https:\/\/www.canariasviaja.com\/viajaresvivir\/florencia-guia-para-sucumbir-al-sindrome-de-stendhal\/"]}]},{"@type":"ImageObject","inLanguage":"es","@id":"https:\/\/www.canariasviaja.com\/viajaresvivir\/florencia-guia-para-sucumbir-al-sindrome-de-stendhal\/#primaryimage","url":"https:\/\/www.canariasviaja.com\/viajaresvivir\/wp-content\/uploads\/2022\/04\/jannes-jacobs-n6Q4CCthlC8-unsplash-1.jpg","contentUrl":"https:\/\/www.canariasviaja.com\/viajaresvivir\/wp-content\/uploads\/2022\/04\/jannes-jacobs-n6Q4CCthlC8-unsplash-1.jpg","width":2000,"height":1333,"caption":"jannes-jacobs-Unsplash"},{"@type":"BreadcrumbList","@id":"https:\/\/www.canariasviaja.com\/viajaresvivir\/florencia-guia-para-sucumbir-al-sindrome-de-stendhal\/#breadcrumb","itemListElement":[{"@type":"ListItem","position":1,"name":"Portada","item":"https:\/\/www.canariasviaja.com\/viajaresvivir\/"},{"@type":"ListItem","position":2,"name":"Florencia: gu\u00eda para sucumbir al S\u00edndrome de Stendhal"}]},{"@type":"WebSite","@id":"https:\/\/www.canariasviaja.com\/viajaresvivir\/#website","url":"https:\/\/www.canariasviaja.com\/viajaresvivir\/","name":"Viajar es vivir","description":"El blog de viajes y estilo de vida de CanariasViaja","potentialAction":[{"@type":"SearchAction","target":{"@type":"EntryPoint","urlTemplate":"https:\/\/www.canariasviaja.com\/viajaresvivir\/?s={search_term_string}"},"query-input":{"@type":"PropertyValueSpecification","valueRequired":true,"valueName":"search_term_string"}}],"inLanguage":"es"},{"@type":"Person","@id":"https:\/\/www.canariasviaja.com\/viajaresvivir\/#\/schema\/person\/085949651001325f1244a8bc1b34709c","name":"Patri C\u00e1mpora","image":{"@type":"ImageObject","inLanguage":"es","@id":"https:\/\/www.canariasviaja.com\/viajaresvivir\/#\/schema\/person\/image\/","url":"https:\/\/secure.gravatar.com\/avatar\/b2ce2c4086a5776e5310f57c1a2e5b4e?s=96&d=mm&r=g","contentUrl":"https:\/\/secure.gravatar.com\/avatar\/b2ce2c4086a5776e5310f57c1a2e5b4e?s=96&d=mm&r=g","caption":"Patri C\u00e1mpora"},"url":"https:\/\/www.canariasviaja.com\/viajaresvivir\/author\/patri\/"}]}},"_links":{"self":[{"href":"https:\/\/www.canariasviaja.com\/viajaresvivir\/wp-json\/wp\/v2\/posts\/8604"}],"collection":[{"href":"https:\/\/www.canariasviaja.com\/viajaresvivir\/wp-json\/wp\/v2\/posts"}],"about":[{"href":"https:\/\/www.canariasviaja.com\/viajaresvivir\/wp-json\/wp\/v2\/types\/post"}],"author":[{"embeddable":true,"href":"https:\/\/www.canariasviaja.com\/viajaresvivir\/wp-json\/wp\/v2\/users\/2"}],"replies":[{"embeddable":true,"href":"https:\/\/www.canariasviaja.com\/viajaresvivir\/wp-json\/wp\/v2\/comments?post=8604"}],"version-history":[{"count":10,"href":"https:\/\/www.canariasviaja.com\/viajaresvivir\/wp-json\/wp\/v2\/posts\/8604\/revisions"}],"predecessor-version":[{"id":8631,"href":"https:\/\/www.canariasviaja.com\/viajaresvivir\/wp-json\/wp\/v2\/posts\/8604\/revisions\/8631"}],"wp:featuredmedia":[{"embeddable":true,"href":"https:\/\/www.canariasviaja.com\/viajaresvivir\/wp-json\/wp\/v2\/media\/8609"}],"wp:attachment":[{"href":"https:\/\/www.canariasviaja.com\/viajaresvivir\/wp-json\/wp\/v2\/media?parent=8604"}],"wp:term":[{"taxonomy":"category","embeddable":true,"href":"https:\/\/www.canariasviaja.com\/viajaresvivir\/wp-json\/wp\/v2\/categories?post=8604"},{"taxonomy":"post_tag","embeddable":true,"href":"https:\/\/www.canariasviaja.com\/viajaresvivir\/wp-json\/wp\/v2\/tags?post=8604"}],"curies":[{"name":"wp","href":"https:\/\/api.w.org\/{rel}","templated":true}]}}