{"id":8634,"date":"2022-05-04T13:59:58","date_gmt":"2022-05-04T13:59:58","guid":{"rendered":"https:\/\/www.canariasviaja.com\/viajaresvivir\/?p=8634"},"modified":"2022-08-05T08:57:45","modified_gmt":"2022-08-05T08:57:45","slug":"recorrido-por-valladolid","status":"publish","type":"post","link":"https:\/\/www.canariasviaja.com\/viajaresvivir\/recorrido-por-valladolid\/","title":{"rendered":"Recorrido por Valladolid, alimento para cuerpo y esp\u00edritu"},"content":{"rendered":"\n<p>La capital de Castilla y Le\u00f3n invita a pasear por sus calles para descubrir su importante <strong>historia<\/strong> a trav\u00e9s de los <strong>monumentos<\/strong>, palacios e iglesias que encontramos a nuestro paso. Una ciudad en la que la <strong>gastronom\u00eda<\/strong> te har\u00e1 disfrutar y en la que su <strong>agenda cultural <\/strong>siempre te sorprender\u00e1. Te invitamos a <strong>recorrer Valladolid<\/strong>, una ciudad que alimenta cuerpo y esp\u00edritu.<\/p>\n\n\n\n<p>\u00a1Vamos a recorrerla!<\/p>\n\n\n\n<div class=\"wp-block-image\"><figure class=\"aligncenter size-full\"><img loading=\"lazy\" decoding=\"async\" width=\"1500\" height=\"1000\" src=\"http:\/\/www.canariasviaja.com\/viajaresvivir\/wp-content\/uploads\/2022\/05\/Valladolid-23.jpg\" alt=\"Ayuntamiento de Valladolid\" class=\"wp-image-9172\" srcset=\"https:\/\/www.canariasviaja.com\/viajaresvivir\/wp-content\/uploads\/2022\/05\/Valladolid-23.jpg 1500w, https:\/\/www.canariasviaja.com\/viajaresvivir\/wp-content\/uploads\/2022\/05\/Valladolid-23-300x200.jpg 300w, https:\/\/www.canariasviaja.com\/viajaresvivir\/wp-content\/uploads\/2022\/05\/Valladolid-23-768x512.jpg 768w, https:\/\/www.canariasviaja.com\/viajaresvivir\/wp-content\/uploads\/2022\/05\/Valladolid-23-1200x800.jpg 1200w\" sizes=\"(max-width: 1500px) 100vw, 1500px\" \/><figcaption>Ayuntamiento de Valladolid. Foto: Patri C\u00e1mpora<\/figcaption><\/figure><\/div>\n\n\n\n<div style=\"height:100px\" aria-hidden=\"true\" class=\"wp-block-spacer\"><\/div>\n\n\n\n<h3 class=\"wp-block-heading\">Recorrido por Valladolid a pie<\/h3>\n\n\n\n<p>Valladolid es una ciudad muy c\u00f3moda de recorrer ya que todos los lugares de inter\u00e9s se sit\u00faan en el centro, muy cerca unos de otros.<\/p>\n\n\n\n<p>Seg\u00fan vayamos paseando por sus calles, la historia saldr\u00e1 a nuestro encuentro y nos recordar\u00e1 que aqu\u00ed pas\u00f3 <strong>Col\u00f3n<\/strong> sus \u00faltimos a\u00f1os, que <strong>Cervantes<\/strong> culmin\u00f3 su obra maestra, El Quijote, en una de sus casas, o que el autor de Don Juan Tenorio, <strong>Jos\u00e9 Zorilla,<\/strong> naci\u00f3 aqu\u00ed.<\/p>\n\n\n\n<div class=\"wp-block-image\"><figure class=\"aligncenter size-full is-resized\"><img decoding=\"async\" src=\"http:\/\/www.canariasviaja.com\/viajaresvivir\/wp-content\/uploads\/2022\/05\/Valladolid-17.jpg\" alt=\"\" class=\"wp-image-9162\" width=\"400\" srcset=\"https:\/\/www.canariasviaja.com\/viajaresvivir\/wp-content\/uploads\/2022\/05\/Valladolid-17.jpg 683w, https:\/\/www.canariasviaja.com\/viajaresvivir\/wp-content\/uploads\/2022\/05\/Valladolid-17-200x300.jpg 200w\" sizes=\"(max-width: 683px) 100vw, 683px\" \/><figcaption>Estatua de Cervantes. Foto: Patri C\u00e1mpora<\/figcaption><\/figure><\/div>\n\n\n\n<p>Comenzamos nuestro recorrido junto al <strong>r\u00edo Pisuerga<\/strong>, en la <strong>Rosaleda Francisco Sabadell<\/strong>, que en primavera alcanza su esplendor. Desde ah\u00ed nos dirigiremos a la <strong>Plaza del Poniente<\/strong>, donde nos detendremos a contemplar el estanque rodeado de un conjunto de esculturas de Jorge Guill\u00e9n, que representan a un abuelo mirando a sus nietos jugar con unos barcos de papel en un estanque.<\/p>\n\n\n\n<figure class=\"wp-block-gallery has-nested-images columns-default is-cropped wp-block-gallery-1 is-layout-flex wp-block-gallery-is-layout-flex\">\n<figure class=\"wp-block-image size-large\"><img loading=\"lazy\" decoding=\"async\" width=\"1024\" height=\"683\" data-id=\"9156\" src=\"http:\/\/www.canariasviaja.com\/viajaresvivir\/wp-content\/uploads\/2022\/05\/Valladolid.jpg\" alt=\"\" class=\"wp-image-9156\" srcset=\"https:\/\/www.canariasviaja.com\/viajaresvivir\/wp-content\/uploads\/2022\/05\/Valladolid.jpg 1024w, https:\/\/www.canariasviaja.com\/viajaresvivir\/wp-content\/uploads\/2022\/05\/Valladolid-300x200.jpg 300w, https:\/\/www.canariasviaja.com\/viajaresvivir\/wp-content\/uploads\/2022\/05\/Valladolid-768x512.jpg 768w\" sizes=\"(max-width: 1024px) 100vw, 1024px\" \/><figcaption>Rosaleda de Valladolid. foto: Patri C\u00e1mpora<\/figcaption><\/figure>\n\n\n\n<figure class=\"wp-block-image size-large\"><img loading=\"lazy\" decoding=\"async\" width=\"1024\" height=\"683\" data-id=\"9144\" src=\"http:\/\/www.canariasviaja.com\/viajaresvivir\/wp-content\/uploads\/2022\/05\/Valladolid-2.jpg\" alt=\"\" class=\"wp-image-9144\" srcset=\"https:\/\/www.canariasviaja.com\/viajaresvivir\/wp-content\/uploads\/2022\/05\/Valladolid-2.jpg 1024w, https:\/\/www.canariasviaja.com\/viajaresvivir\/wp-content\/uploads\/2022\/05\/Valladolid-2-300x200.jpg 300w, https:\/\/www.canariasviaja.com\/viajaresvivir\/wp-content\/uploads\/2022\/05\/Valladolid-2-768x512.jpg 768w\" sizes=\"(max-width: 1024px) 100vw, 1024px\" \/><figcaption>Plaza de Poniente. Foto: Patri C\u00e1mpora<\/figcaption><\/figure>\n<\/figure>\n\n\n\n<p>Tomamos el <strong>paseo de la Rinconada<\/strong> y a mano izquierda nos encontraremos ya con uno de los monumentos m\u00e1s destacados de la ciudad, el <strong>Monasterio e Iglesia de San Benito<\/strong>. Antes de entrar, puedes aprovechar y pasar por la <strong><a href=\"https:\/\/www.info.valladolid.es\/que-ver-10-imprescindibles\" target=\"_blank\" rel=\"noreferrer noopener\">oficina de turismo<\/a> <\/strong>(C\/ San Benito,1), para que te orienten sobre c\u00f3mo sacarle el jugo a la ciudad.<\/p>\n\n\n\n<div class=\"wp-block-image\"><figure class=\"aligncenter size-full\"><img loading=\"lazy\" decoding=\"async\" width=\"1024\" height=\"683\" src=\"http:\/\/www.canariasviaja.com\/viajaresvivir\/wp-content\/uploads\/2022\/05\/Valladolid-3.jpg\" alt=\"Recorrido por Valladolid Iglesia de San Benito\" class=\"wp-image-9145\" srcset=\"https:\/\/www.canariasviaja.com\/viajaresvivir\/wp-content\/uploads\/2022\/05\/Valladolid-3.jpg 1024w, https:\/\/www.canariasviaja.com\/viajaresvivir\/wp-content\/uploads\/2022\/05\/Valladolid-3-300x200.jpg 300w, https:\/\/www.canariasviaja.com\/viajaresvivir\/wp-content\/uploads\/2022\/05\/Valladolid-3-768x512.jpg 768w\" sizes=\"(max-width: 1024px) 100vw, 1024px\" \/><figcaption>Monasterio e Iglesia de San Benito. Foto: Patri C\u00e1mpora <\/figcaption><\/figure><\/div>\n\n\n\n<div style=\"height:100px\" aria-hidden=\"true\" class=\"wp-block-spacer\"><\/div>\n\n\n\n<h3 class=\"wp-block-heading\">El Monasterio de San Benito<\/h3>\n\n\n\n<p>El <strong>Monasterio de San Benito<\/strong> fue el m\u00e1s importante de la orden benedictina, que ten\u00eda otras sedes en otras ciudades de Espa\u00f1a, Inglaterra, Austria, Portugal y el Nuevo Mundo. Los ojos se nos ir\u00e1n hacia su impresionante p\u00f3rtico-fachada, obra de Rodrigo Gil de Honta\u00f1\u00f3n en el siglo XVI. Si nos fijamos encima del port\u00f3n encontraremos el escudo tallado en piedra de Jos\u00e9 Bonaparte, Jos\u00e9 I. &nbsp;Pese a su grandiosidad actual, hay que imagin\u00e1rselo como era antes de que en el siglo XIX desmontaran sus dos torres por encontrarse en mal estado. Su interior es amplio y di\u00e1fano. El retablo mayor del altar es obra de Alonso Berruguete y constituye el principal atractivo art\u00edstico de la nave interior.<\/p>\n\n\n\n<div class=\"wp-block-image\"><figure class=\"aligncenter size-full\"><img loading=\"lazy\" decoding=\"async\" width=\"1024\" height=\"683\" src=\"http:\/\/www.canariasviaja.com\/viajaresvivir\/wp-content\/uploads\/2022\/05\/Valladolid-8.jpg\" alt=\"Recorrido por Valladolid. Patio Herreriano\" class=\"wp-image-9150\" srcset=\"https:\/\/www.canariasviaja.com\/viajaresvivir\/wp-content\/uploads\/2022\/05\/Valladolid-8.jpg 1024w, https:\/\/www.canariasviaja.com\/viajaresvivir\/wp-content\/uploads\/2022\/05\/Valladolid-8-300x200.jpg 300w, https:\/\/www.canariasviaja.com\/viajaresvivir\/wp-content\/uploads\/2022\/05\/Valladolid-8-768x512.jpg 768w\" sizes=\"(max-width: 1024px) 100vw, 1024px\" \/><figcaption>Museo Patio Herreriano. Foto: Patri C\u00e1mpora<\/figcaption><\/figure><\/div>\n\n\n\n<p>En unos de sus claustros renacentistas se sit\u00faa el <strong><a href=\"https:\/\/museoph.org\/pagina\/museo\" target=\"_blank\" rel=\"noreferrer noopener\">Museo Patio Herreriano<\/a><\/strong>, que alberga una de las colecciones m\u00e1s importantes de <strong>arte contempor\u00e1neo espa\u00f1ol <\/strong>desde 1918 hasta nuestros d\u00edas. (Abierto de martes a domingo)<\/p>\n\n\n\n<p>A la salida, pasa por el <strong>monasterio de Santa Isabel<\/strong> a comprar algunos dulces hechos artesanalmente por las monjas. Pura delicia.<\/p>\n\n\n\n<div class=\"wp-block-image\"><figure class=\"aligncenter size-full\"><img loading=\"lazy\" decoding=\"async\" width=\"1024\" height=\"683\" src=\"http:\/\/www.canariasviaja.com\/viajaresvivir\/wp-content\/uploads\/2022\/05\/Viej-o-coso.jpg\" alt=\"Plaza Viejo Coso\" class=\"wp-image-9174\" srcset=\"https:\/\/www.canariasviaja.com\/viajaresvivir\/wp-content\/uploads\/2022\/05\/Viej-o-coso.jpg 1024w, https:\/\/www.canariasviaja.com\/viajaresvivir\/wp-content\/uploads\/2022\/05\/Viej-o-coso-300x200.jpg 300w, https:\/\/www.canariasviaja.com\/viajaresvivir\/wp-content\/uploads\/2022\/05\/Viej-o-coso-768x512.jpg 768w\" sizes=\"(max-width: 1024px) 100vw, 1024px\" \/><figcaption>Plaza del Viejo Coso. Foto: Patri C\u00e1mpora<\/figcaption><\/figure><\/div>\n\n\n\n<p>Te invitamos a que cojas tu dulce y lo saborees en uno de los rincones con m\u00e1s encanto de la ciudad, que est\u00e1 a menos de 10 minutos de all\u00ed, la <strong>Plaza del Viejo Coso. <\/strong>La antigua plaza de toros, convertida en cuartel de la Guardia Civil en el siglo XIX. Actualmente los palcos los ocupan viviendas y su zona central un agradable jard\u00edn, poco conocido para los viandantes.<\/p>\n\n\n\n<div style=\"height:100px\" aria-hidden=\"true\" class=\"wp-block-spacer\"><\/div>\n\n\n\n<h3 class=\"wp-block-heading\">De tapas y compras por Valladolid<\/h3>\n\n\n\n<p>Volvemos sobre nuestros pasos para dirigirnos al <strong><a href=\"https:\/\/www.mercadodelval.es\/\" target=\"_blank\" rel=\"noreferrer noopener\">Mercado del Val<\/a><\/strong>, un precioso edificio de finales del XIX, inspirado en el mercado de Les Halles de Par\u00eds, con estructura de hierro y techo de teja, en el que podremos comprar los mejores productos de la <strong>gastronom\u00eda local <\/strong>o degustarlos en sus gastrobares.<\/p>\n\n\n\n<div class=\"wp-block-image\"><figure class=\"aligncenter size-full\"><img loading=\"lazy\" decoding=\"async\" width=\"1024\" height=\"683\" src=\"http:\/\/www.canariasviaja.com\/viajaresvivir\/wp-content\/uploads\/2022\/05\/Valladolid-4.jpg\" alt=\"\" class=\"wp-image-9146\" srcset=\"https:\/\/www.canariasviaja.com\/viajaresvivir\/wp-content\/uploads\/2022\/05\/Valladolid-4.jpg 1024w, https:\/\/www.canariasviaja.com\/viajaresvivir\/wp-content\/uploads\/2022\/05\/Valladolid-4-300x200.jpg 300w, https:\/\/www.canariasviaja.com\/viajaresvivir\/wp-content\/uploads\/2022\/05\/Valladolid-4-768x512.jpg 768w\" sizes=\"(max-width: 1024px) 100vw, 1024px\" \/><figcaption>Mercado del Vall. Fotos: Patri C\u00e1mpora<\/figcaption><\/figure><\/div>\n\n\n\n<figure class=\"wp-block-gallery has-nested-images columns-default is-cropped wp-block-gallery-2 is-layout-flex wp-block-gallery-is-layout-flex\">\n<figure class=\"wp-block-image size-large\"><img loading=\"lazy\" decoding=\"async\" width=\"683\" height=\"1024\" data-id=\"9147\" src=\"http:\/\/www.canariasviaja.com\/viajaresvivir\/wp-content\/uploads\/2022\/05\/Valladolid-5.jpg\" alt=\"\" class=\"wp-image-9147\" srcset=\"https:\/\/www.canariasviaja.com\/viajaresvivir\/wp-content\/uploads\/2022\/05\/Valladolid-5.jpg 683w, https:\/\/www.canariasviaja.com\/viajaresvivir\/wp-content\/uploads\/2022\/05\/Valladolid-5-200x300.jpg 200w\" sizes=\"(max-width: 683px) 100vw, 683px\" \/><\/figure>\n\n\n\n<figure class=\"wp-block-image size-large\"><img loading=\"lazy\" decoding=\"async\" width=\"683\" height=\"1024\" data-id=\"9148\" src=\"http:\/\/www.canariasviaja.com\/viajaresvivir\/wp-content\/uploads\/2022\/05\/Valladolid-6.jpg\" alt=\"\" class=\"wp-image-9148\" srcset=\"https:\/\/www.canariasviaja.com\/viajaresvivir\/wp-content\/uploads\/2022\/05\/Valladolid-6.jpg 683w, https:\/\/www.canariasviaja.com\/viajaresvivir\/wp-content\/uploads\/2022\/05\/Valladolid-6-200x300.jpg 200w\" sizes=\"(max-width: 683px) 100vw, 683px\" \/><\/figure>\n<\/figure>\n\n\n\n<p>Nuestra siguiente parada ser\u00e1 la <strong>Plaza Mayor de Valladolid<\/strong>, la primera plaza regular de Espa\u00f1a, cerrada y con soportales, que sirvi\u00f3 de ejemplo para la construcci\u00f3n de la de Madrid. Esta plaza es el escenario de numerosos <strong><a href=\"https:\/\/www.info.valladolid.es\/agenda\" target=\"_blank\" rel=\"noreferrer noopener\">eventos y fiestas<\/a><\/strong> en la ciudad, como la <strong>Feria del Libro de Valladolid<\/strong>, el <strong>Festival Internacional de Teatro y Artes de Calle<\/strong>, la programaci\u00f3n de Navidad, la <strong>Semana Santa<\/strong>, las fiestas patronales\u2026 Los edificios que la rodean est\u00e1n pintados de rojo almagre, simulando el ladrillo visto que luc\u00edan estos en el siglo XVI. El edificio del Ayuntamiento, que preside la plaza, fue finalizado en 1908 y es el mejor ejemplo de Espa\u00f1a de la influencia parisina de la \u00c9cole des Beaux-Arts.<\/p>\n\n\n\n<div class=\"wp-block-image\"><figure class=\"aligncenter size-full\"><img loading=\"lazy\" decoding=\"async\" width=\"2000\" height=\"1333\" src=\"http:\/\/www.canariasviaja.com\/viajaresvivir\/wp-content\/uploads\/2022\/05\/Plaza-mayor-de-Valladolid.jpg\" alt=\"PLaza Mayor de Valladolid\" class=\"wp-image-9198\" srcset=\"https:\/\/www.canariasviaja.com\/viajaresvivir\/wp-content\/uploads\/2022\/05\/Plaza-mayor-de-Valladolid.jpg 2000w, https:\/\/www.canariasviaja.com\/viajaresvivir\/wp-content\/uploads\/2022\/05\/Plaza-mayor-de-Valladolid-300x200.jpg 300w, https:\/\/www.canariasviaja.com\/viajaresvivir\/wp-content\/uploads\/2022\/05\/Plaza-mayor-de-Valladolid-768x512.jpg 768w, https:\/\/www.canariasviaja.com\/viajaresvivir\/wp-content\/uploads\/2022\/05\/Plaza-mayor-de-Valladolid-1536x1024.jpg 1536w, https:\/\/www.canariasviaja.com\/viajaresvivir\/wp-content\/uploads\/2022\/05\/Plaza-mayor-de-Valladolid-1200x800.jpg 1200w, https:\/\/www.canariasviaja.com\/viajaresvivir\/wp-content\/uploads\/2022\/05\/Plaza-mayor-de-Valladolid-1620x1080.jpg 1620w\" sizes=\"(max-width: 2000px) 100vw, 2000px\" \/><figcaption>Plaza Mayor de Valladolid. Foto: Patri C\u00e1mpora<\/figcaption><\/figure><\/div>\n\n\n\n<p>La Plaza Mayor es tambi\u00e9n punto de arranque de la <strong><a href=\"https:\/\/www.info.valladolid.es\/ruta-de-tapas\" target=\"_blank\" rel=\"noreferrer noopener\">ruta del tapeo de Valladolid<\/a><\/strong>, que es otro de los grandes atractivos de la ciudad. A pocas calles de aqu\u00ed encontrar\u00e1s las <strong>plazas Mart\u00ed y Mons\u00f3, Portugalete, Universidad o San Mart\u00edn<\/strong>, en las que encontrar\u00e1s diferentes zonas de bares de tapas.<\/p>\n\n\n\n<figure class=\"wp-block-image size-full\"><img loading=\"lazy\" decoding=\"async\" width=\"1024\" height=\"683\" src=\"http:\/\/www.canariasviaja.com\/viajaresvivir\/wp-content\/uploads\/2022\/05\/Valladolid-15.jpg\" alt=\"\" class=\"wp-image-9160\" srcset=\"https:\/\/www.canariasviaja.com\/viajaresvivir\/wp-content\/uploads\/2022\/05\/Valladolid-15.jpg 1024w, https:\/\/www.canariasviaja.com\/viajaresvivir\/wp-content\/uploads\/2022\/05\/Valladolid-15-300x200.jpg 300w, https:\/\/www.canariasviaja.com\/viajaresvivir\/wp-content\/uploads\/2022\/05\/Valladolid-15-768x512.jpg 768w\" sizes=\"(max-width: 1024px) 100vw, 1024px\" \/><figcaption>Plaza Mayor al atardecer. Foto: Patri C\u00e1mpora<\/figcaption><\/figure>\n\n\n\n<p>Seguimos nuestro paseo por la ciudad mezclando <strong>historia, gastronom\u00eda y lugares singulares<\/strong>, como el <strong>Pasaje Guti\u00e9rrez<\/strong>, una galer\u00eda comercial cubierta al estilo de las parisinas, de las que s\u00f3lo hay dos muestras m\u00e1s en Espa\u00f1a, el Pasaje de Lodares de Albacete y el Pasaje del Cicl\u00f3n de Zaragoza.<\/p>\n\n\n\n<div style=\"height:100px\" aria-hidden=\"true\" class=\"wp-block-spacer\"><\/div>\n\n\n\n<h3 class=\"wp-block-heading\">Ruta de <strong>iglesias<\/strong> y museos<\/h3>\n\n\n\n<p>A unos pasos de all\u00ed encontraremos dos de las iglesias m\u00e1s importantes de la ciudad: la <strong>Catedral de Nuestra Se\u00f1ora de la Asunci\u00f3n<\/strong> y <strong>la Antigua.<\/strong><\/p>\n\n\n\n<figure class=\"wp-block-image size-full\"><img loading=\"lazy\" decoding=\"async\" width=\"1024\" height=\"683\" src=\"http:\/\/www.canariasviaja.com\/viajaresvivir\/wp-content\/uploads\/2022\/05\/Valladolid-11.jpg\" alt=\"Recorrido por Valladolid\" class=\"wp-image-9153\" srcset=\"https:\/\/www.canariasviaja.com\/viajaresvivir\/wp-content\/uploads\/2022\/05\/Valladolid-11.jpg 1024w, https:\/\/www.canariasviaja.com\/viajaresvivir\/wp-content\/uploads\/2022\/05\/Valladolid-11-300x200.jpg 300w, https:\/\/www.canariasviaja.com\/viajaresvivir\/wp-content\/uploads\/2022\/05\/Valladolid-11-768x512.jpg 768w\" sizes=\"(max-width: 1024px) 100vw, 1024px\" \/><figcaption>Catedral de Valladolid. Foto: Patri C\u00e1mpora<\/figcaption><\/figure>\n\n\n\n<h2 class=\"wp-block-heading\">La Catedral y La Antigua<\/h2>\n\n\n\n<p>La Catedral es uno de los edificios m\u00e1s emblem\u00e1ticos de Valladolid, a pesar de que nunca se lleg\u00f3 a terminar su construcci\u00f3n, que comenz\u00f3 en 1527. La \u00fanica torre que tiene, que sustituy\u00f3 a la original, da\u00f1ada por el terremoto de Lisboa de 1755 y que termin\u00f3 de derrumbarse 100 a\u00f1os despu\u00e9s, es <strong>el mejor mirador de la ciudad<\/strong>. Te recomendamos que subas y disfrutes de las vistas. En el interior de la catedral podr\u00e1s admirar su magnitud y la sobriedad del estilo herreriano.<\/p>\n\n\n\n<figure class=\"wp-block-image size-full\"><img loading=\"lazy\" decoding=\"async\" width=\"1024\" height=\"683\" src=\"http:\/\/www.canariasviaja.com\/viajaresvivir\/wp-content\/uploads\/2022\/05\/Valladolid-12.jpg\" alt=\"\" class=\"wp-image-9154\" srcset=\"https:\/\/www.canariasviaja.com\/viajaresvivir\/wp-content\/uploads\/2022\/05\/Valladolid-12.jpg 1024w, https:\/\/www.canariasviaja.com\/viajaresvivir\/wp-content\/uploads\/2022\/05\/Valladolid-12-300x200.jpg 300w, https:\/\/www.canariasviaja.com\/viajaresvivir\/wp-content\/uploads\/2022\/05\/Valladolid-12-768x512.jpg 768w\" sizes=\"(max-width: 1024px) 100vw, 1024px\" \/><figcaption>La Antigua. Foto: Patri C\u00e1mpora<\/figcaption><\/figure>\n\n\n\n<p>En la parte trasera de la Catedral se encuentran las <strong>ruinas de la colegiata rom\u00e1nica de Santa Maria la Mayor <\/strong>y, frente a ellas, la <strong>iglesia de Santa Mar\u00eda de la Antigua<\/strong>, conocida localmente como <strong>\u201cLa Antigua\u201d<\/strong>. Una de las joyas del rom\u00e1nico de Castilla y Le\u00f3n, gracias a su esbelta torre de 55 metros de altura que, junto al p\u00f3rtico norte, son originales del siglo XIII. El resto del templo es de estilo g\u00f3tico, del siglo XIV. La cruz que preside la plaza indica el lugar en el que hubo un cementerio, al que se le atribuye ser el lugar en el que sucedi\u00f3 un milagro, ya que apareci\u00f3 el cuerpo en perfecto estado de un ni\u00f1o vestido de romano y se dice que por la arena en la que se encontraba, tra\u00edda de Tierra Santa.<\/p>\n\n\n\n<div class=\"wp-block-image\"><figure class=\"aligncenter size-full\"><img loading=\"lazy\" decoding=\"async\" width=\"1024\" height=\"683\" src=\"http:\/\/www.canariasviaja.com\/viajaresvivir\/wp-content\/uploads\/2022\/05\/Valladolid-22.jpg\" alt=\"Recorrido por Valaldolid\" class=\"wp-image-9167\" srcset=\"https:\/\/www.canariasviaja.com\/viajaresvivir\/wp-content\/uploads\/2022\/05\/Valladolid-22.jpg 1024w, https:\/\/www.canariasviaja.com\/viajaresvivir\/wp-content\/uploads\/2022\/05\/Valladolid-22-300x200.jpg 300w, https:\/\/www.canariasviaja.com\/viajaresvivir\/wp-content\/uploads\/2022\/05\/Valladolid-22-768x512.jpg 768w\" sizes=\"(max-width: 1024px) 100vw, 1024px\" \/><figcaption>Colegiata rom\u00e1nica y cruz. Foto: Patri C\u00e1mpora<\/figcaption><\/figure><\/div>\n\n\n\n<p>Podemos hacer una parada para probar las <strong>tapas en la Plaza de Portugalete y Universidad<\/strong>, situadas junto a la Catedral y tomar un vino antes de seguir con nuestro recorrido.<strong> Valladolid presume de vinos, <\/strong>ya que en la provincia encontramos cinco denominaciones de origen (<strong>Rueda, Ribera del Duero, Cigales, Toro y Le\u00f3n<\/strong>), dos denominaciones de vinos de pago (<strong>Urue\u00f1a y Vizar<\/strong>) y una indicaci\u00f3n geogr\u00e1fica protegida (<strong>Vinos de la Tierra de Castilla y Le\u00f3n<\/strong>), por lo que tenemos una gran oferta donde elegir.<\/p>\n\n\n\n<p>Con la barriguita llena y el coraz\u00f3n contento nos dirigimos, por la calle de las Angustias, hacia la <strong><a href=\"https:\/\/www.valladolid.es\/es\/temas\/hacemos\/casa-jose-zorrilla\" target=\"_blank\" rel=\"noreferrer noopener\">Casa Museo de Jos\u00e9 Zorrilla<\/a><\/strong>, donde podremos disfrutar de sus jardines rom\u00e1nticos y de una interesante agenda de actividades todo el a\u00f1o.<\/p>\n\n\n\n<div class=\"wp-block-image\"><figure class=\"aligncenter size-full is-resized\"><img decoding=\"async\" src=\"http:\/\/www.canariasviaja.com\/viajaresvivir\/wp-content\/uploads\/2022\/05\/Museo-Zorrilla.jpg\" alt=\"Museo Zorrilla\" class=\"wp-image-9194\" width=\"400\" srcset=\"https:\/\/www.canariasviaja.com\/viajaresvivir\/wp-content\/uploads\/2022\/05\/Museo-Zorrilla.jpg 600w, https:\/\/www.canariasviaja.com\/viajaresvivir\/wp-content\/uploads\/2022\/05\/Museo-Zorrilla-200x300.jpg 200w\" sizes=\"(max-width: 600px) 100vw, 600px\" \/><figcaption>Jardines Casa Museo Zorilla. Foto:P.C. <\/figcaption><\/figure><\/div>\n\n\n\n<p>Desde all\u00ed nos dirigiremos a la <strong>iglesia de San Pablo<\/strong>, que luce un magn\u00edfico retablo en piedra como fachada. En esta iglesia fueron bautizados los monarcas Felipe II, Felipe IV y Ana Mauricia de Austria \u2013la reina de Los Tres Mosqueteros-; y recibieron sepultura el infante Alonso, el rey Juan II y la reina Mar\u00eda de Portugal.  Cuenta la leyenda que para que Felipe II pudiera ser bautizado en esta iglesia hubo que sacarlo por una de las ventanas laterales del palacio de Pimentel, donde hab\u00eda nacido.<\/p>\n\n\n\n<div class=\"wp-block-image\"><figure class=\"aligncenter size-full is-resized\"><img decoding=\"async\" src=\"http:\/\/www.canariasviaja.com\/viajaresvivir\/wp-content\/uploads\/2022\/05\/Valladolid-21.jpg\" alt=\"\" class=\"wp-image-9166\" width=\"400\" srcset=\"https:\/\/www.canariasviaja.com\/viajaresvivir\/wp-content\/uploads\/2022\/05\/Valladolid-21.jpg 683w, https:\/\/www.canariasviaja.com\/viajaresvivir\/wp-content\/uploads\/2022\/05\/Valladolid-21-200x300.jpg 200w\" sizes=\"(max-width: 683px) 100vw, 683px\" \/><figcaption>Iglesia de San Pablo. Foto: Patri C\u00e1mpora<\/figcaption><\/figure><\/div>\n\n\n\n<p>Junto a ella, la sede principal del <strong><a href=\"https:\/\/www.culturaydeporte.gob.es\/mnescultura\/inicio.html\" target=\"_blank\" rel=\"noreferrer noopener\">Museo Nacional de Escultura<\/a><\/strong>, situado en el Colegio de San Gregorio. <\/p>\n\n\n\n<figure class=\"wp-block-image size-full\"><img loading=\"lazy\" decoding=\"async\" width=\"1024\" height=\"683\" src=\"https:\/\/www.canariasviaja.com\/viajaresvivir\/wp-content\/uploads\/2022\/08\/Valladolid-18.jpg\" alt=\"Recorrido por Valladolid Museo Nacional de Escultura\" class=\"wp-image-9163\" srcset=\"https:\/\/www.canariasviaja.com\/viajaresvivir\/wp-content\/uploads\/2022\/08\/Valladolid-18.jpg 1024w, https:\/\/www.canariasviaja.com\/viajaresvivir\/wp-content\/uploads\/2022\/08\/Valladolid-18-300x200.jpg 300w, https:\/\/www.canariasviaja.com\/viajaresvivir\/wp-content\/uploads\/2022\/08\/Valladolid-18-768x512.jpg 768w\" sizes=\"(max-width: 1024px) 100vw, 1024px\" \/><figcaption>Patio Colegiata de San Gregorio. Foto: Patri C\u00e1mpora<\/figcaption><\/figure>\n\n\n\n<p>El resto de las dependencias se reparten entre el <strong>Palacio del Conde de Gondomar<\/strong>, conocido entre los vallisoletanos como <strong>&#8216;la casa del Sol&#8217;<\/strong>, y el <strong>Palacio de Villena<\/strong>, donde se expone un Bel\u00e9n napolitano con m\u00e1s de seiscientas figuras. Este museo es uno de los m\u00e1s importantes en su g\u00e9nero de todo Europa y atesora <strong>la mejor colecci\u00f3n de escultura policromada<\/strong> del continente. Antes de entrar a disfrutarlo, hay que detenerse a contemplar su fachada hispano flamenca, atribuida a Gil de Silo\u00e9 y que ha sido objeto de numerosas interpretaciones. En este edificio se celebr\u00f3 la Controversia de Valladolid, un intenso debate moral en el que se debati\u00f3 sobre si los ind\u00edgenas del Nuevo Mundo ten\u00edan alma o no. Nos quedamos con la curiosidad de saber a qu\u00e9 conclusiones llegaron.<\/p>\n\n\n\n<figure class=\"wp-block-gallery has-nested-images columns-default is-cropped wp-block-gallery-3 is-layout-flex wp-block-gallery-is-layout-flex\">\n<figure class=\"wp-block-image size-large\"><img loading=\"lazy\" decoding=\"async\" width=\"683\" height=\"1024\" data-id=\"9164\" src=\"https:\/\/www.canariasviaja.com\/viajaresvivir\/wp-content\/uploads\/2022\/08\/Valladolid-19.jpg\" alt=\"\" class=\"wp-image-9164\" srcset=\"https:\/\/www.canariasviaja.com\/viajaresvivir\/wp-content\/uploads\/2022\/08\/Valladolid-19.jpg 683w, https:\/\/www.canariasviaja.com\/viajaresvivir\/wp-content\/uploads\/2022\/08\/Valladolid-19-200x300.jpg 200w\" sizes=\"(max-width: 683px) 100vw, 683px\" \/><figcaption>P\u00f3rtico colegiata San Gregorio. Foto: P.C.<\/figcaption><\/figure>\n\n\n\n<figure class=\"wp-block-image size-large\"><img loading=\"lazy\" decoding=\"async\" width=\"683\" height=\"1024\" data-id=\"9165\" src=\"https:\/\/www.canariasviaja.com\/viajaresvivir\/wp-content\/uploads\/2022\/08\/Valladolid-20.jpg\" alt=\"Recorrido por Valladolid\" class=\"wp-image-9165\" srcset=\"https:\/\/www.canariasviaja.com\/viajaresvivir\/wp-content\/uploads\/2022\/08\/Valladolid-20.jpg 683w, https:\/\/www.canariasviaja.com\/viajaresvivir\/wp-content\/uploads\/2022\/08\/Valladolid-20-200x300.jpg 200w\" sizes=\"(max-width: 683px) 100vw, 683px\" \/><figcaption>Detalles p\u00f3rtico Colegiata de San Gregorio. Foto:P.C.<\/figcaption><\/figure>\n<\/figure>\n\n\n\n<div style=\"height:100px\" aria-hidden=\"true\" class=\"wp-block-spacer\"><\/div>\n\n\n\n<h3 class=\"wp-block-heading\">Paseo por el <strong>Campo Grande<\/strong> y alrededores<\/h3>\n\n\n\n<p>Cambiamos ahora de zona para dirigirnos al <strong>Campo Grande, <\/strong>un precioso parque en el que podremos disfrutar de pavos reales paseando en libertad y de grandes jaulas con aves ex\u00f3ticas. Un buen lugar para tomarse un respiro antes de seguir con las visitas.<\/p>\n\n\n\n<figure class=\"wp-block-image size-full\"><img loading=\"lazy\" decoding=\"async\" width=\"1024\" height=\"683\" src=\"http:\/\/www.canariasviaja.com\/viajaresvivir\/wp-content\/uploads\/2022\/08\/CampoGrandePavo-real.jpg\" alt=\"Campo Grande\" class=\"wp-image-9181\" srcset=\"https:\/\/www.canariasviaja.com\/viajaresvivir\/wp-content\/uploads\/2022\/08\/CampoGrandePavo-real.jpg 1024w, https:\/\/www.canariasviaja.com\/viajaresvivir\/wp-content\/uploads\/2022\/08\/CampoGrandePavo-real-300x200.jpg 300w, https:\/\/www.canariasviaja.com\/viajaresvivir\/wp-content\/uploads\/2022\/08\/CampoGrandePavo-real-768x512.jpg 768w\" sizes=\"(max-width: 1024px) 100vw, 1024px\" \/><figcaption>Campo Grande. Foto: Patri C\u00e1mpora<\/figcaption><\/figure>\n\n\n\n<p>El imponente edificio de la<strong> <a href=\"https:\/\/ejercito.defensa.gob.es\/unidades\/Valladolid\/acab\/Museo\/index.html?_ga=2.245909511.2044945252.1651660098-559658943.1651660074\" target=\"_blank\" rel=\"noreferrer noopener\">Academia de Caballer\u00eda<\/a>, <\/strong>situado a las puertas del Campo Grande<strong>, <\/strong>fue construido a imagen de los palacios se\u00f1oriales del Renacimiento y &nbsp;juega con la policrom\u00eda resultado de combinar granito y piedra arenisca de Salamanca. En su museo se exhiben una colecci\u00f3n \u00fanica de armamento, maquetas, fotograf\u00edas, uniformes hist\u00f3ricos desde el siglo XVI, esculturas de Mariano Benlliure o estandartes. &nbsp;Entre sus piezas podremos ver una <strong>aut\u00e9ntica m\u00e1quina Enigma, <\/strong>empleada para el cifrado de mensajes durante la Segunda Guerra Mundial.<\/p>\n\n\n\n<div class=\"wp-block-image\"><figure class=\"aligncenter size-full\"><img loading=\"lazy\" decoding=\"async\" width=\"2000\" height=\"1333\" src=\"http:\/\/www.canariasviaja.com\/viajaresvivir\/wp-content\/uploads\/2022\/05\/Academiadelacaballeria.jpg\" alt=\"Recorrido por Valladolid Academia de Caballeria\" class=\"wp-image-9176\" srcset=\"https:\/\/www.canariasviaja.com\/viajaresvivir\/wp-content\/uploads\/2022\/05\/Academiadelacaballeria.jpg 2000w, https:\/\/www.canariasviaja.com\/viajaresvivir\/wp-content\/uploads\/2022\/05\/Academiadelacaballeria-300x200.jpg 300w, https:\/\/www.canariasviaja.com\/viajaresvivir\/wp-content\/uploads\/2022\/05\/Academiadelacaballeria-768x512.jpg 768w, https:\/\/www.canariasviaja.com\/viajaresvivir\/wp-content\/uploads\/2022\/05\/Academiadelacaballeria-1536x1024.jpg 1536w, https:\/\/www.canariasviaja.com\/viajaresvivir\/wp-content\/uploads\/2022\/05\/Academiadelacaballeria-1200x800.jpg 1200w, https:\/\/www.canariasviaja.com\/viajaresvivir\/wp-content\/uploads\/2022\/05\/Academiadelacaballeria-1620x1080.jpg 1620w\" sizes=\"(max-width: 2000px) 100vw, 2000px\" \/><figcaption>Academia de Caballer\u00eda. Foto: Patri C\u00e1mpora<\/figcaption><\/figure><\/div>\n\n\n\n<p>En la entrada encontraremos otra de las obras del escultor <strong>Mariano Benlliure<\/strong>, en Monumento al Regimiento de Cazadores de Alc\u00e1ntara.<br><br>Al otro lado del Campo Grande encontraremos la <strong><a href=\"https:\/\/www.culturaydeporte.gob.es\/museocasacervantes\/portada.html\" target=\"_blank\" rel=\"noreferrer noopener\">Casa- Museo de Cervantes<\/a><\/strong>, en la que podremos ver c\u00f3mo vivi\u00f3 el famoso escritor durante varios a\u00f1os mientras terminaba El Quijote.<\/p>\n\n\n\n<figure class=\"wp-block-gallery has-nested-images columns-default is-cropped wp-block-gallery-4 is-layout-flex wp-block-gallery-is-layout-flex\">\n<figure class=\"wp-block-image size-large\"><img loading=\"lazy\" decoding=\"async\" width=\"600\" height=\"900\" data-id=\"9178\" src=\"https:\/\/www.canariasviaja.com\/viajaresvivir\/wp-content\/uploads\/2022\/08\/Campogrande-estatua.jpg\" alt=\"\" class=\"wp-image-9178\" srcset=\"https:\/\/www.canariasviaja.com\/viajaresvivir\/wp-content\/uploads\/2022\/08\/Campogrande-estatua.jpg 600w, https:\/\/www.canariasviaja.com\/viajaresvivir\/wp-content\/uploads\/2022\/08\/Campogrande-estatua-200x300.jpg 200w\" sizes=\"(max-width: 600px) 100vw, 600px\" \/><\/figure>\n\n\n\n<figure class=\"wp-block-image size-large\"><img loading=\"lazy\" decoding=\"async\" width=\"1024\" height=\"683\" data-id=\"9179\" src=\"https:\/\/www.canariasviaja.com\/viajaresvivir\/wp-content\/uploads\/2022\/08\/Campo-Grande.jpg\" alt=\"Recorrido por Valladolid\" class=\"wp-image-9179\" srcset=\"https:\/\/www.canariasviaja.com\/viajaresvivir\/wp-content\/uploads\/2022\/08\/Campo-Grande.jpg 1024w, https:\/\/www.canariasviaja.com\/viajaresvivir\/wp-content\/uploads\/2022\/08\/Campo-Grande-300x200.jpg 300w, https:\/\/www.canariasviaja.com\/viajaresvivir\/wp-content\/uploads\/2022\/08\/Campo-Grande-768x512.jpg 768w\" sizes=\"(max-width: 1024px) 100vw, 1024px\" \/><\/figure>\n\n\n\n<figure class=\"wp-block-image size-large\"><img loading=\"lazy\" decoding=\"async\" width=\"1024\" height=\"683\" data-id=\"9180\" src=\"https:\/\/www.canariasviaja.com\/viajaresvivir\/wp-content\/uploads\/2022\/08\/Campograndefuente.jpg\" alt=\"\" class=\"wp-image-9180\" srcset=\"https:\/\/www.canariasviaja.com\/viajaresvivir\/wp-content\/uploads\/2022\/08\/Campograndefuente.jpg 1024w, https:\/\/www.canariasviaja.com\/viajaresvivir\/wp-content\/uploads\/2022\/08\/Campograndefuente-300x200.jpg 300w, https:\/\/www.canariasviaja.com\/viajaresvivir\/wp-content\/uploads\/2022\/08\/Campograndefuente-768x512.jpg 768w\" sizes=\"(max-width: 1024px) 100vw, 1024px\" \/><\/figure>\n<\/figure>\n\n\n\n<p>Atravesaremos el Campo Grande para disfrutar de este pulm\u00f3n de Valladolid y dirigirnos a la \u00faltima parada de nuestro recorrido, el <strong><a href=\"https:\/\/www.museo-oriental.es\/\" target=\"_blank\" rel=\"noreferrer noopener\">Museo Oriental<\/a><\/strong>. Un interesante museo en el que podremos encontrar la mejor colecci\u00f3n de arte oriental de toda Espa\u00f1a, que tiene su origen en la larga presencia misionera de la orden de San Agust\u00edn en Extremo Oriente. <\/p>\n\n\n\n<figure class=\"wp-block-image size-full\"><img loading=\"lazy\" decoding=\"async\" width=\"1024\" height=\"683\" src=\"http:\/\/www.canariasviaja.com\/viajaresvivir\/wp-content\/uploads\/2022\/05\/Museo-oriental.jpg\" alt=\"Recorrido por Valladolid\" class=\"wp-image-9182\" srcset=\"https:\/\/www.canariasviaja.com\/viajaresvivir\/wp-content\/uploads\/2022\/05\/Museo-oriental.jpg 1024w, https:\/\/www.canariasviaja.com\/viajaresvivir\/wp-content\/uploads\/2022\/05\/Museo-oriental-300x200.jpg 300w, https:\/\/www.canariasviaja.com\/viajaresvivir\/wp-content\/uploads\/2022\/05\/Museo-oriental-768x512.jpg 768w\" sizes=\"(max-width: 1024px) 100vw, 1024px\" \/><\/figure>\n\n\n\n<p>Junto al Real Colegio de los Padres Agustinos encontraremos encajada en una esquina la <strong>Iglesia de San Juan de Letr\u00e1n<\/strong>, uno de los pocos edificios religiosos barrocos de la ciudad, con una fachada plateresca de 1739.<\/p>\n\n\n\n<div class=\"wp-block-image\"><figure class=\"aligncenter size-full is-resized\"><img decoding=\"async\" src=\"http:\/\/www.canariasviaja.com\/viajaresvivir\/wp-content\/uploads\/2022\/05\/Iglesia-barroca.jpg\" alt=\"Recorrido por Valladolid Iglesia de San Juan de Letr\u00e1n\" class=\"wp-image-9183\" width=\"400\" srcset=\"https:\/\/www.canariasviaja.com\/viajaresvivir\/wp-content\/uploads\/2022\/05\/Iglesia-barroca.jpg 600w, https:\/\/www.canariasviaja.com\/viajaresvivir\/wp-content\/uploads\/2022\/05\/Iglesia-barroca-200x300.jpg 200w\" sizes=\"(max-width: 600px) 100vw, 600px\" \/><figcaption>Iglesia de San Juan de Letr\u00e1n. Foto: P.C.<\/figcaption><\/figure><\/div>\n\n\n\n<div style=\"height:100px\" aria-hidden=\"true\" class=\"wp-block-spacer\"><\/div>\n\n\n\n<h3 class=\"wp-block-heading\"><strong>La recompensa<\/strong> a un recorrido por Valladolid<\/h3>\n\n\n\n<p>Despu\u00e9s de este <strong>recorrido por Valladolid <\/strong>tenemos que poner el broche final a nuestra visita a la ciudad nutriendo tambi\u00e9n nuestro cuerpo. Comer un buen <strong>lechazo asado en cazuela de barro<\/strong> en horno de le\u00f1a, regado con un vino de Ribera del Duero, es uno de los imprescindibles de este viaje. Para disfrutarlo te recomendamos algunos asadores, como <a href=\"http:\/\/laparrilladesanlorenzo.es\/?utm_source=restaurantguru&amp;utm_medium=referral\" target=\"_blank\" rel=\"noreferrer noopener\">La Parrilla de san Lorenzo<\/a>, <a href=\"https:\/\/figonderecoletos.es\/\" target=\"_blank\" rel=\"noreferrer noopener\">El Fig\u00f3n de Recoletos<\/a>, <a href=\"https:\/\/restaurantelacriolla.es\/\" target=\"_blank\" rel=\"noreferrer noopener\">Restaurante La Criolla<\/a>, <a href=\"https:\/\/restaurantemesondonpelayo.es\/\" target=\"_blank\" rel=\"noreferrer noopener\">Restaurante Mes\u00f3n Don Pelayo<\/a> o <a href=\"https:\/\/restaurantedonbacalao.com\/\" target=\"_blank\" rel=\"noreferrer noopener\">Don Bacalao<\/a>. \u00a1Buen provecho!<\/p>\n\n\n\n<p><\/p>\n\n\n\n<div style=\"height:100px\" aria-hidden=\"true\" class=\"wp-block-spacer\"><\/div>\n\n\n\n<p class=\"has-text-align-center\"><strong>Alimenta tu cuerpo y tu esp\u00edritu<\/strong><\/p>\n\n\n\n<div class=\"wp-block-buttons is-layout-flex wp-block-buttons-is-layout-flex\">\n<div class=\"wp-block-button aligncenter\"><a class=\"wp-block-button__link\" href=\"https:\/\/bit.ly\/3KO2kV3\">\u00a1Recorre Valladolid!<\/a><\/div>\n<\/div>\n","protected":false},"excerpt":{"rendered":"<p>Valladolid es una ciudad que alimenta cuerpo y esp\u00edritu. Un destino de gastroturismo y cultura para almas curiosas.<\/p>\n","protected":false},"author":2,"featured_media":8636,"comment_status":"open","ping_status":"open","sticky":false,"template":"","format":"standard","meta":{"_acf_changed":false,"sfsi_plus_gutenberg_text_before_share":"","sfsi_plus_gutenberg_show_text_before_share":"","sfsi_plus_gutenberg_icon_type":"","sfsi_plus_gutenberg_icon_alignemt":"","sfsi_plus_gutenburg_max_per_row":"","footnotes":""},"categories":[124,8,123,10,100,126,873],"tags":[661,603,263,872],"class_list":["post-8634","post","type-post","status-publish","format-standard","has-post-thumbnail","hentry","category-descubre","category-diariodeviaje","category-explora","category-historias-viajeras","category-peninsulaybaleares","category-saborea","category-valladolid","tag-escapada-cultural","tag-escapada-gastronomica","tag-escapada-urbana","tag-museos"],"acf":[],"yoast_head":"<!-- This site is optimized with the Yoast SEO plugin v24.1 - https:\/\/yoast.com\/wordpress\/plugins\/seo\/ -->\n<title>Recorrido por Valladolid, alimento para cuerpo y esp\u00edritu - Viajar es vivir<\/title>\n<meta name=\"description\" content=\"Recorrido por Valladolid, una ciudad para almas inquietas que disfruten con la historia, el arte, la cultura y la gastronom\u00eda.\" \/>\n<meta name=\"robots\" content=\"index, follow, max-snippet:-1, max-image-preview:large, max-video-preview:-1\" \/>\n<link rel=\"canonical\" href=\"https:\/\/www.canariasviaja.com\/viajaresvivir\/recorrido-por-valladolid\/\" \/>\n<meta property=\"og:locale\" content=\"es_ES\" \/>\n<meta property=\"og:type\" content=\"article\" \/>\n<meta property=\"og:title\" content=\"Recorrido por Valladolid, alimento para cuerpo y esp\u00edritu - Viajar es vivir\" \/>\n<meta property=\"og:description\" content=\"Recorrido por Valladolid, una ciudad para almas inquietas que disfruten con la historia, el arte, la cultura y la gastronom\u00eda.\" \/>\n<meta property=\"og:url\" content=\"https:\/\/www.canariasviaja.com\/viajaresvivir\/recorrido-por-valladolid\/\" \/>\n<meta property=\"og:site_name\" content=\"Viajar es vivir\" \/>\n<meta property=\"article:published_time\" content=\"2022-05-04T13:59:58+00:00\" \/>\n<meta property=\"article:modified_time\" content=\"2022-08-05T08:57:45+00:00\" \/>\n<meta property=\"og:image\" content=\"http:\/\/www.canariasviaja.com\/viajaresvivir\/wp-content\/uploads\/2022\/05\/fernando-santander-Academia-de-caballeria-unsplash.jpg\" \/>\n\t<meta property=\"og:image:width\" content=\"2000\" \/>\n\t<meta property=\"og:image:height\" content=\"1500\" \/>\n\t<meta property=\"og:image:type\" content=\"image\/jpeg\" \/>\n<meta name=\"author\" content=\"Patri C\u00e1mpora\" \/>\n<meta name=\"twitter:card\" content=\"summary_large_image\" \/>\n<meta name=\"twitter:label1\" content=\"Escrito por\" \/>\n\t<meta name=\"twitter:data1\" content=\"Patri C\u00e1mpora\" \/>\n\t<meta name=\"twitter:label2\" content=\"Tiempo de lectura\" \/>\n\t<meta name=\"twitter:data2\" content=\"15 minutos\" \/>\n<script type=\"application\/ld+json\" class=\"yoast-schema-graph\">{\"@context\":\"https:\/\/schema.org\",\"@graph\":[{\"@type\":\"WebPage\",\"@id\":\"https:\/\/www.canariasviaja.com\/viajaresvivir\/recorrido-por-valladolid\/\",\"url\":\"https:\/\/www.canariasviaja.com\/viajaresvivir\/recorrido-por-valladolid\/\",\"name\":\"Recorrido por Valladolid, alimento para cuerpo y esp\u00edritu - Viajar es vivir\",\"isPartOf\":{\"@id\":\"https:\/\/www.canariasviaja.com\/viajaresvivir\/#website\"},\"primaryImageOfPage\":{\"@id\":\"https:\/\/www.canariasviaja.com\/viajaresvivir\/recorrido-por-valladolid\/#primaryimage\"},\"image\":{\"@id\":\"https:\/\/www.canariasviaja.com\/viajaresvivir\/recorrido-por-valladolid\/#primaryimage\"},\"thumbnailUrl\":\"https:\/\/www.canariasviaja.com\/viajaresvivir\/wp-content\/uploads\/2022\/05\/fernando-santander-Academia-de-caballeria-unsplash.jpg\",\"datePublished\":\"2022-05-04T13:59:58+00:00\",\"dateModified\":\"2022-08-05T08:57:45+00:00\",\"author\":{\"@id\":\"https:\/\/www.canariasviaja.com\/viajaresvivir\/#\/schema\/person\/085949651001325f1244a8bc1b34709c\"},\"description\":\"Recorrido por Valladolid, una ciudad para almas inquietas que disfruten con la historia, el arte, la cultura y la gastronom\u00eda.\",\"breadcrumb\":{\"@id\":\"https:\/\/www.canariasviaja.com\/viajaresvivir\/recorrido-por-valladolid\/#breadcrumb\"},\"inLanguage\":\"es\",\"potentialAction\":[{\"@type\":\"ReadAction\",\"target\":[\"https:\/\/www.canariasviaja.com\/viajaresvivir\/recorrido-por-valladolid\/\"]}]},{\"@type\":\"ImageObject\",\"inLanguage\":\"es\",\"@id\":\"https:\/\/www.canariasviaja.com\/viajaresvivir\/recorrido-por-valladolid\/#primaryimage\",\"url\":\"https:\/\/www.canariasviaja.com\/viajaresvivir\/wp-content\/uploads\/2022\/05\/fernando-santander-Academia-de-caballeria-unsplash.jpg\",\"contentUrl\":\"https:\/\/www.canariasviaja.com\/viajaresvivir\/wp-content\/uploads\/2022\/05\/fernando-santander-Academia-de-caballeria-unsplash.jpg\",\"width\":2000,\"height\":1500,\"caption\":\"Academia de Caballer\u00eda\"},{\"@type\":\"BreadcrumbList\",\"@id\":\"https:\/\/www.canariasviaja.com\/viajaresvivir\/recorrido-por-valladolid\/#breadcrumb\",\"itemListElement\":[{\"@type\":\"ListItem\",\"position\":1,\"name\":\"Portada\",\"item\":\"https:\/\/www.canariasviaja.com\/viajaresvivir\/\"},{\"@type\":\"ListItem\",\"position\":2,\"name\":\"Recorrido por Valladolid, alimento para cuerpo y esp\u00edritu\"}]},{\"@type\":\"WebSite\",\"@id\":\"https:\/\/www.canariasviaja.com\/viajaresvivir\/#website\",\"url\":\"https:\/\/www.canariasviaja.com\/viajaresvivir\/\",\"name\":\"Viajar es vivir\",\"description\":\"El blog de viajes y estilo de vida de CanariasViaja\",\"potentialAction\":[{\"@type\":\"SearchAction\",\"target\":{\"@type\":\"EntryPoint\",\"urlTemplate\":\"https:\/\/www.canariasviaja.com\/viajaresvivir\/?s={search_term_string}\"},\"query-input\":{\"@type\":\"PropertyValueSpecification\",\"valueRequired\":true,\"valueName\":\"search_term_string\"}}],\"inLanguage\":\"es\"},{\"@type\":\"Person\",\"@id\":\"https:\/\/www.canariasviaja.com\/viajaresvivir\/#\/schema\/person\/085949651001325f1244a8bc1b34709c\",\"name\":\"Patri C\u00e1mpora\",\"image\":{\"@type\":\"ImageObject\",\"inLanguage\":\"es\",\"@id\":\"https:\/\/www.canariasviaja.com\/viajaresvivir\/#\/schema\/person\/image\/\",\"url\":\"https:\/\/secure.gravatar.com\/avatar\/b2ce2c4086a5776e5310f57c1a2e5b4e?s=96&d=mm&r=g\",\"contentUrl\":\"https:\/\/secure.gravatar.com\/avatar\/b2ce2c4086a5776e5310f57c1a2e5b4e?s=96&d=mm&r=g\",\"caption\":\"Patri C\u00e1mpora\"},\"url\":\"https:\/\/www.canariasviaja.com\/viajaresvivir\/author\/patri\/\"}]}<\/script>\n<!-- \/ Yoast SEO plugin. -->","yoast_head_json":{"title":"Recorrido por Valladolid, alimento para cuerpo y esp\u00edritu - Viajar es vivir","description":"Recorrido por Valladolid, una ciudad para almas inquietas que disfruten con la historia, el arte, la cultura y la gastronom\u00eda.","robots":{"index":"index","follow":"follow","max-snippet":"max-snippet:-1","max-image-preview":"max-image-preview:large","max-video-preview":"max-video-preview:-1"},"canonical":"https:\/\/www.canariasviaja.com\/viajaresvivir\/recorrido-por-valladolid\/","og_locale":"es_ES","og_type":"article","og_title":"Recorrido por Valladolid, alimento para cuerpo y esp\u00edritu - Viajar es vivir","og_description":"Recorrido por Valladolid, una ciudad para almas inquietas que disfruten con la historia, el arte, la cultura y la gastronom\u00eda.","og_url":"https:\/\/www.canariasviaja.com\/viajaresvivir\/recorrido-por-valladolid\/","og_site_name":"Viajar es vivir","article_published_time":"2022-05-04T13:59:58+00:00","article_modified_time":"2022-08-05T08:57:45+00:00","og_image":[{"width":2000,"height":1500,"url":"http:\/\/www.canariasviaja.com\/viajaresvivir\/wp-content\/uploads\/2022\/05\/fernando-santander-Academia-de-caballeria-unsplash.jpg","type":"image\/jpeg"}],"author":"Patri C\u00e1mpora","twitter_card":"summary_large_image","twitter_misc":{"Escrito por":"Patri C\u00e1mpora","Tiempo de lectura":"15 minutos"},"schema":{"@context":"https:\/\/schema.org","@graph":[{"@type":"WebPage","@id":"https:\/\/www.canariasviaja.com\/viajaresvivir\/recorrido-por-valladolid\/","url":"https:\/\/www.canariasviaja.com\/viajaresvivir\/recorrido-por-valladolid\/","name":"Recorrido por Valladolid, alimento para cuerpo y esp\u00edritu - Viajar es vivir","isPartOf":{"@id":"https:\/\/www.canariasviaja.com\/viajaresvivir\/#website"},"primaryImageOfPage":{"@id":"https:\/\/www.canariasviaja.com\/viajaresvivir\/recorrido-por-valladolid\/#primaryimage"},"image":{"@id":"https:\/\/www.canariasviaja.com\/viajaresvivir\/recorrido-por-valladolid\/#primaryimage"},"thumbnailUrl":"https:\/\/www.canariasviaja.com\/viajaresvivir\/wp-content\/uploads\/2022\/05\/fernando-santander-Academia-de-caballeria-unsplash.jpg","datePublished":"2022-05-04T13:59:58+00:00","dateModified":"2022-08-05T08:57:45+00:00","author":{"@id":"https:\/\/www.canariasviaja.com\/viajaresvivir\/#\/schema\/person\/085949651001325f1244a8bc1b34709c"},"description":"Recorrido por Valladolid, una ciudad para almas inquietas que disfruten con la historia, el arte, la cultura y la gastronom\u00eda.","breadcrumb":{"@id":"https:\/\/www.canariasviaja.com\/viajaresvivir\/recorrido-por-valladolid\/#breadcrumb"},"inLanguage":"es","potentialAction":[{"@type":"ReadAction","target":["https:\/\/www.canariasviaja.com\/viajaresvivir\/recorrido-por-valladolid\/"]}]},{"@type":"ImageObject","inLanguage":"es","@id":"https:\/\/www.canariasviaja.com\/viajaresvivir\/recorrido-por-valladolid\/#primaryimage","url":"https:\/\/www.canariasviaja.com\/viajaresvivir\/wp-content\/uploads\/2022\/05\/fernando-santander-Academia-de-caballeria-unsplash.jpg","contentUrl":"https:\/\/www.canariasviaja.com\/viajaresvivir\/wp-content\/uploads\/2022\/05\/fernando-santander-Academia-de-caballeria-unsplash.jpg","width":2000,"height":1500,"caption":"Academia de Caballer\u00eda"},{"@type":"BreadcrumbList","@id":"https:\/\/www.canariasviaja.com\/viajaresvivir\/recorrido-por-valladolid\/#breadcrumb","itemListElement":[{"@type":"ListItem","position":1,"name":"Portada","item":"https:\/\/www.canariasviaja.com\/viajaresvivir\/"},{"@type":"ListItem","position":2,"name":"Recorrido por Valladolid, alimento para cuerpo y esp\u00edritu"}]},{"@type":"WebSite","@id":"https:\/\/www.canariasviaja.com\/viajaresvivir\/#website","url":"https:\/\/www.canariasviaja.com\/viajaresvivir\/","name":"Viajar es vivir","description":"El blog de viajes y estilo de vida de CanariasViaja","potentialAction":[{"@type":"SearchAction","target":{"@type":"EntryPoint","urlTemplate":"https:\/\/www.canariasviaja.com\/viajaresvivir\/?s={search_term_string}"},"query-input":{"@type":"PropertyValueSpecification","valueRequired":true,"valueName":"search_term_string"}}],"inLanguage":"es"},{"@type":"Person","@id":"https:\/\/www.canariasviaja.com\/viajaresvivir\/#\/schema\/person\/085949651001325f1244a8bc1b34709c","name":"Patri C\u00e1mpora","image":{"@type":"ImageObject","inLanguage":"es","@id":"https:\/\/www.canariasviaja.com\/viajaresvivir\/#\/schema\/person\/image\/","url":"https:\/\/secure.gravatar.com\/avatar\/b2ce2c4086a5776e5310f57c1a2e5b4e?s=96&d=mm&r=g","contentUrl":"https:\/\/secure.gravatar.com\/avatar\/b2ce2c4086a5776e5310f57c1a2e5b4e?s=96&d=mm&r=g","caption":"Patri C\u00e1mpora"},"url":"https:\/\/www.canariasviaja.com\/viajaresvivir\/author\/patri\/"}]}},"_links":{"self":[{"href":"https:\/\/www.canariasviaja.com\/viajaresvivir\/wp-json\/wp\/v2\/posts\/8634"}],"collection":[{"href":"https:\/\/www.canariasviaja.com\/viajaresvivir\/wp-json\/wp\/v2\/posts"}],"about":[{"href":"https:\/\/www.canariasviaja.com\/viajaresvivir\/wp-json\/wp\/v2\/types\/post"}],"author":[{"embeddable":true,"href":"https:\/\/www.canariasviaja.com\/viajaresvivir\/wp-json\/wp\/v2\/users\/2"}],"replies":[{"embeddable":true,"href":"https:\/\/www.canariasviaja.com\/viajaresvivir\/wp-json\/wp\/v2\/comments?post=8634"}],"version-history":[{"count":10,"href":"https:\/\/www.canariasviaja.com\/viajaresvivir\/wp-json\/wp\/v2\/posts\/8634\/revisions"}],"predecessor-version":[{"id":9201,"href":"https:\/\/www.canariasviaja.com\/viajaresvivir\/wp-json\/wp\/v2\/posts\/8634\/revisions\/9201"}],"wp:featuredmedia":[{"embeddable":true,"href":"https:\/\/www.canariasviaja.com\/viajaresvivir\/wp-json\/wp\/v2\/media\/8636"}],"wp:attachment":[{"href":"https:\/\/www.canariasviaja.com\/viajaresvivir\/wp-json\/wp\/v2\/media?parent=8634"}],"wp:term":[{"taxonomy":"category","embeddable":true,"href":"https:\/\/www.canariasviaja.com\/viajaresvivir\/wp-json\/wp\/v2\/categories?post=8634"},{"taxonomy":"post_tag","embeddable":true,"href":"https:\/\/www.canariasviaja.com\/viajaresvivir\/wp-json\/wp\/v2\/tags?post=8634"}],"curies":[{"name":"wp","href":"https:\/\/api.w.org\/{rel}","templated":true}]}}