{"id":8799,"date":"2022-06-09T17:07:40","date_gmt":"2022-06-09T17:07:40","guid":{"rendered":"https:\/\/www.canariasviaja.com\/viajaresvivir\/?p=8799"},"modified":"2022-11-08T15:01:02","modified_gmt":"2022-11-08T15:01:02","slug":"de-ruta-por-el-noroeste-de-murcia","status":"publish","type":"post","link":"https:\/\/www.canariasviaja.com\/viajaresvivir\/de-ruta-por-el-noroeste-de-murcia\/","title":{"rendered":"De ruta por el noroeste de Murcia"},"content":{"rendered":"\n<p><strong><a href=\"https:\/\/www.murciaturistica.es\/\" target=\"_blank\" rel=\"noreferrer noopener\">La regi\u00f3n de Murcia<\/a><\/strong> tiene muchos atractivos por descubrir. Su paisaje, su riqueza cultural, fruto de las diversas civilizaciones que estuvieron asentadas en este territorio, sus aguas termales, sus vinos, su gastronom\u00eda\u2026. Nos sobran los motivos para coger el coche y salir de ruta a descubrirla.<\/p>\n\n\n\n<p>Hoy te llevamos de ruta hacia el <strong>noroeste de la regi\u00f3n<\/strong>. Recorreremos <strong>Mula, Bullas, Ceheg\u00edn y Caravaca de la Cruz<\/strong> en busca de historia, naturaleza, tierras de vinos y lugares sagrados. \u00bfTe vienes?<\/p>\n\n\n\n<figure class=\"wp-block-image size-full\"><img loading=\"lazy\" decoding=\"async\" width=\"2000\" height=\"1335\" src=\"https:\/\/www.canariasviaja.com\/viajaresvivir\/wp-content\/uploads\/2022\/06\/Vistas-desde-murallas-caravaca.jpg\" alt=\"Ruta por el noroeste de Murcia\" class=\"wp-image-8800\" srcset=\"https:\/\/www.canariasviaja.com\/viajaresvivir\/wp-content\/uploads\/2022\/06\/Vistas-desde-murallas-caravaca.jpg 2000w, https:\/\/www.canariasviaja.com\/viajaresvivir\/wp-content\/uploads\/2022\/06\/Vistas-desde-murallas-caravaca-300x200.jpg 300w, https:\/\/www.canariasviaja.com\/viajaresvivir\/wp-content\/uploads\/2022\/06\/Vistas-desde-murallas-caravaca-768x513.jpg 768w, https:\/\/www.canariasviaja.com\/viajaresvivir\/wp-content\/uploads\/2022\/06\/Vistas-desde-murallas-caravaca-1536x1025.jpg 1536w, https:\/\/www.canariasviaja.com\/viajaresvivir\/wp-content\/uploads\/2022\/06\/Vistas-desde-murallas-caravaca-1200x801.jpg 1200w, https:\/\/www.canariasviaja.com\/viajaresvivir\/wp-content\/uploads\/2022\/06\/Vistas-desde-murallas-caravaca-1618x1080.jpg 1618w\" sizes=\"(max-width: 2000px) 100vw, 2000px\" \/><figcaption>Vistas desde la fortaleza de Caravaca de la Cruz<\/figcaption><\/figure>\n\n\n\n<div style=\"height:100px\" aria-hidden=\"true\" class=\"wp-block-spacer\"><\/div>\n\n\n\n<h3 class=\"wp-block-heading\">Mula, historia viva<\/h3>\n\n\n\n<figure class=\"wp-block-image size-full\"><img loading=\"lazy\" decoding=\"async\" width=\"2000\" height=\"1335\" src=\"http:\/\/www.canariasviaja.com\/viajaresvivir\/wp-content\/uploads\/2022\/06\/Panoramica-Mula.jpg\" alt=\"Panor\u00e1mica Mula Ruta por el noroeste de Murcia\" class=\"wp-image-8811\" srcset=\"https:\/\/www.canariasviaja.com\/viajaresvivir\/wp-content\/uploads\/2022\/06\/Panoramica-Mula.jpg 2000w, https:\/\/www.canariasviaja.com\/viajaresvivir\/wp-content\/uploads\/2022\/06\/Panoramica-Mula-300x200.jpg 300w, https:\/\/www.canariasviaja.com\/viajaresvivir\/wp-content\/uploads\/2022\/06\/Panoramica-Mula-768x513.jpg 768w, https:\/\/www.canariasviaja.com\/viajaresvivir\/wp-content\/uploads\/2022\/06\/Panoramica-Mula-1536x1025.jpg 1536w, https:\/\/www.canariasviaja.com\/viajaresvivir\/wp-content\/uploads\/2022\/06\/Panoramica-Mula-1200x801.jpg 1200w, https:\/\/www.canariasviaja.com\/viajaresvivir\/wp-content\/uploads\/2022\/06\/Panoramica-Mula-1618x1080.jpg 1618w\" sizes=\"(max-width: 2000px) 100vw, 2000px\" \/><figcaption>Panor\u00e1mica de Mula<\/figcaption><\/figure>\n\n\n\n<p>A media hora de <strong>Murcia<\/strong> capital, situada en un valle f\u00e9rtil, se encuentra <strong>Mula<\/strong>, un lugar donde la historia y la tradici\u00f3n se rodean de naturaleza.<\/p>\n\n\n\n<p>Antes de conocerla, haremos una primera parada en <strong>Ba\u00f1os de Mula<\/strong>. Un barrio en el que podemos encontrar diversos establecimientos que ofrecen <strong>termas<\/strong>. Y es que desde el siglo XVII las aguas del manantial se han usado con fines curativos y medicinales.<\/p>\n\n\n\n<p>Una vez relajados, seguimos nuestra ruta hasta<a href=\"https:\/\/turismodemula.es\/\" target=\"_blank\" rel=\"noreferrer noopener\"> <strong>Mula<\/strong>.<\/a> Una villa con palacios y monumentos que nos hablan de la riqueza y el poder del <strong>Marqu\u00e9s de los V\u00e9lez<\/strong>.&nbsp; Desde su imponente castillo, mimetizado con los riscos sobre los que se asienta, se contempla y domina toda la vega.<\/p>\n\n\n\n<figure class=\"wp-block-image size-full\"><img loading=\"lazy\" decoding=\"async\" width=\"1024\" height=\"684\" src=\"http:\/\/www.canariasviaja.com\/viajaresvivir\/wp-content\/uploads\/2022\/06\/Pueblo-de-Mula.jpg\" alt=\"\" class=\"wp-image-8812\" srcset=\"https:\/\/www.canariasviaja.com\/viajaresvivir\/wp-content\/uploads\/2022\/06\/Pueblo-de-Mula.jpg 1024w, https:\/\/www.canariasviaja.com\/viajaresvivir\/wp-content\/uploads\/2022\/06\/Pueblo-de-Mula-300x200.jpg 300w, https:\/\/www.canariasviaja.com\/viajaresvivir\/wp-content\/uploads\/2022\/06\/Pueblo-de-Mula-768x513.jpg 768w\" sizes=\"(max-width: 1024px) 100vw, 1024px\" \/><\/figure>\n\n\n\n<h2 class=\"wp-block-heading\">Una rica historia<\/h2>\n\n\n\n<p>Pero mucho antes que el marqu\u00e9s de los V\u00e9lez las dominara, estas tierras ya estaban habitadas. En el <strong><a href=\"http:\/\/www.abrigodelmilano.es\/\" target=\"_blank\" rel=\"noreferrer noopener\">Abrigo del Milano<\/a><\/strong>, unas cuevas en las que encontramos<strong> pinturas rupestres<\/strong> con m\u00e1s de 6.000 a\u00f1os de antig\u00fcedad, adem\u00e1s de un espectacular <strong>enterramiento de \u00e9poca eneol\u00edtica<\/strong>, podremos comprobar la presencia humana en Mula desde el Neol\u00edtico.<\/p>\n\n\n\n<p>Tambi\u00e9n se han encontrado en la zona restos de la <strong>\u00e9poca arg\u00e1rica<\/strong>, cultura que form\u00f3 una de las sociedades de mayor relevancia en la Europa del III y II milenios a. C. y cre\u00f3 la primera sociedad urbana y estatal del Mediterr\u00e1neo occidental.<\/p>\n\n\n\n<p>En el <strong><a href=\"https:\/\/www.museosregiondemurcia.es\/museo-de-arte-iberico-el-cigarralejo-de-mula\" target=\"_blank\" rel=\"noreferrer noopener\">Museo de Arte \u00edberico \u201cEl Cigarralejo<\/a>\u201d,<\/strong> referente del estudio de la cultura \u00edbera a nivel mundial, podremos encontrar una colecci\u00f3n de 80 ajuares funerarios procedentes de una necr\u00f3polis \u00edbera cercana, as\u00ed como piezas de cer\u00e1mica, armamento y esculturas de piedra. El museo est\u00e1 ubicado en el <strong>Palacio de Menahermosa.<\/strong><\/p>\n\n\n\n<p>El <a href=\"http:\/\/museociudaddemula.es\/\" target=\"_blank\" rel=\"noreferrer noopener\"><strong>Museo Ciudad de Mula<\/strong><\/a>, situado en el convento de San Francisco, invita a un viaje al pasado hist\u00f3rico y arqueol\u00f3gico de la ciudad.<\/p>\n\n\n\n<figure class=\"wp-block-gallery has-nested-images columns-default is-cropped wp-block-gallery-1 is-layout-flex wp-block-gallery-is-layout-flex\">\n<figure class=\"wp-block-image size-full\"><img loading=\"lazy\" decoding=\"async\" width=\"684\" height=\"1024\" data-id=\"8808\" src=\"http:\/\/www.canariasviaja.com\/viajaresvivir\/wp-content\/uploads\/2022\/06\/Museo-Mula.jpg\" alt=\"Museo Ruta por el noroeste de Murcia\" class=\"wp-image-8808\" srcset=\"https:\/\/www.canariasviaja.com\/viajaresvivir\/wp-content\/uploads\/2022\/06\/Museo-Mula.jpg 684w, https:\/\/www.canariasviaja.com\/viajaresvivir\/wp-content\/uploads\/2022\/06\/Museo-Mula-200x300.jpg 200w\" sizes=\"(max-width: 684px) 100vw, 684px\" \/><\/figure>\n\n\n\n<figure class=\"wp-block-image size-full\"><img loading=\"lazy\" decoding=\"async\" width=\"684\" height=\"1024\" data-id=\"8805\" src=\"http:\/\/www.canariasviaja.com\/viajaresvivir\/wp-content\/uploads\/2022\/06\/Detalle-romanos.jpg\" alt=\"\" class=\"wp-image-8805\" srcset=\"https:\/\/www.canariasviaja.com\/viajaresvivir\/wp-content\/uploads\/2022\/06\/Detalle-romanos.jpg 684w, https:\/\/www.canariasviaja.com\/viajaresvivir\/wp-content\/uploads\/2022\/06\/Detalle-romanos-200x300.jpg 200w\" sizes=\"(max-width: 684px) 100vw, 684px\" \/><\/figure>\n<\/figure>\n\n\n\n<figure class=\"wp-block-image size-full\"><img loading=\"lazy\" decoding=\"async\" width=\"1024\" height=\"684\" src=\"http:\/\/www.canariasviaja.com\/viajaresvivir\/wp-content\/uploads\/2022\/06\/Museo-Mula2.jpg\" alt=\"Ruta por el noroeste de Murcia\" class=\"wp-image-8809\" srcset=\"https:\/\/www.canariasviaja.com\/viajaresvivir\/wp-content\/uploads\/2022\/06\/Museo-Mula2.jpg 1024w, https:\/\/www.canariasviaja.com\/viajaresvivir\/wp-content\/uploads\/2022\/06\/Museo-Mula2-300x200.jpg 300w, https:\/\/www.canariasviaja.com\/viajaresvivir\/wp-content\/uploads\/2022\/06\/Museo-Mula2-768x513.jpg 768w\" sizes=\"(max-width: 1024px) 100vw, 1024px\" \/><\/figure>\n\n\n\n<p>Los romanos tambi\u00e9n se asentaron en la zona entre los siglos I y V d.c. La<a href=\"https:\/\/www.losvillaricos.es\/la-villa-romana-de-los-villaricos-mula-en-el-museo-arqueologico-de-murcia-mam\/\" target=\"_blank\" rel=\"noreferrer noopener\"> <strong>villa romana de los Villaricos<\/strong><\/a><strong>, <\/strong>situada a tan solo 7 minutos del centro, es un excelente ejemplo de asentamiento rural urbano. El yacimiento se divide en un \u00e1rea residencial, con zonas termales y espacios dom\u00e9sticos, y otra de trabajo, en la cual se han conservado los restos de almazaras destinadas a la producci\u00f3n de vino y aceite.<\/p>\n\n\n\n<h2 class=\"wp-block-heading\">Paseo por el pueblo<\/h2>\n\n\n\n<p>El <strong>casco hist\u00f3rico de Mula<\/strong> fue declarado <strong>conjunto hist\u00f3rico art\u00edstico<\/strong> de car\u00e1cter nacional en 1981.<\/p>\n\n\n\n<figure class=\"wp-block-image size-full\"><img loading=\"lazy\" decoding=\"async\" width=\"1024\" height=\"684\" src=\"http:\/\/www.canariasviaja.com\/viajaresvivir\/wp-content\/uploads\/2022\/06\/Tejados-Mula.jpg\" alt=\"\" class=\"wp-image-8818\" srcset=\"https:\/\/www.canariasviaja.com\/viajaresvivir\/wp-content\/uploads\/2022\/06\/Tejados-Mula.jpg 1024w, https:\/\/www.canariasviaja.com\/viajaresvivir\/wp-content\/uploads\/2022\/06\/Tejados-Mula-300x200.jpg 300w, https:\/\/www.canariasviaja.com\/viajaresvivir\/wp-content\/uploads\/2022\/06\/Tejados-Mula-768x513.jpg 768w\" sizes=\"(max-width: 1024px) 100vw, 1024px\" \/><\/figure>\n\n\n\n<p>Adem\u00e1s de la imprescindible visita al <a href=\"https:\/\/www.museosregiondemurcia.es\/museo-de-arte-iberico-el-cigarralejo-de-mula\" target=\"_blank\" rel=\"noreferrer noopener\"><strong>Museo de Arte \u00cdbero \u201cEl Cigarralejo<\/strong>\u201d<\/a>, pasear por las calles de Mula nos llevar\u00e1 a descubrir casas palacios como<a href=\"https:\/\/turismodemula.es\/descubre-mula\/historia\/casa-pintada\/\" target=\"_blank\" rel=\"noreferrer noopener\"> <strong>la Casa Pintada<\/strong><\/a>, de 1770, que acoge el <strong>Centro de Interpretaci\u00f3n del Arte Contempor\u00e1neo<\/strong>, donde se exponen m\u00e1s de 150 piezas, entre esculturas y pinturas del c\u00e9lebre artista local Crist\u00f3bal Gabarr\u00f3n.<\/p>\n\n\n<div class=\"wp-block-image\">\n<figure class=\"aligncenter size-full is-resized\"><img decoding=\"async\" src=\"http:\/\/www.canariasviaja.com\/viajaresvivir\/wp-content\/uploads\/2022\/06\/Casa-Puintada-Mula.jpg\" alt=\"Ruta por el noroeste de Murcia\" class=\"wp-image-8802\" width=\"400\" srcset=\"https:\/\/www.canariasviaja.com\/viajaresvivir\/wp-content\/uploads\/2022\/06\/Casa-Puintada-Mula.jpg 684w, https:\/\/www.canariasviaja.com\/viajaresvivir\/wp-content\/uploads\/2022\/06\/Casa-Puintada-Mula-200x300.jpg 200w\" sizes=\"(max-width: 684px) 100vw, 684px\" \/><\/figure><\/div>\n\n\n<p>En la plaza del ayuntamiento podremos admirar el <strong>Casino, antiguo dep\u00f3sito de trigo, y la torre del reloj,<\/strong> uno de los primeros edificios construidos en esta plaza en el S.XVI cuyo objetivo era marcar las tandas de riego, fundamentales para la vida agr\u00edcola de la ciudad.<\/p>\n\n\n\n<figure class=\"wp-block-image size-full\"><img loading=\"lazy\" decoding=\"async\" width=\"1024\" height=\"684\" src=\"http:\/\/www.canariasviaja.com\/viajaresvivir\/wp-content\/uploads\/2022\/06\/Plaza-de-Mula.jpg\" alt=\"Ruta por el noroeste de Murcia\" class=\"wp-image-8821\" srcset=\"https:\/\/www.canariasviaja.com\/viajaresvivir\/wp-content\/uploads\/2022\/06\/Plaza-de-Mula.jpg 1024w, https:\/\/www.canariasviaja.com\/viajaresvivir\/wp-content\/uploads\/2022\/06\/Plaza-de-Mula-300x200.jpg 300w, https:\/\/www.canariasviaja.com\/viajaresvivir\/wp-content\/uploads\/2022\/06\/Plaza-de-Mula-768x513.jpg 768w\" sizes=\"(max-width: 1024px) 100vw, 1024px\" \/><\/figure>\n\n\n\n<figure class=\"wp-block-image size-full\"><img loading=\"lazy\" decoding=\"async\" width=\"1024\" height=\"684\" src=\"http:\/\/www.canariasviaja.com\/viajaresvivir\/wp-content\/uploads\/2022\/06\/escultura-tambores-Mula.jpg\" alt=\"Ruta por el noroeste de Murcia\" class=\"wp-image-8806\" srcset=\"https:\/\/www.canariasviaja.com\/viajaresvivir\/wp-content\/uploads\/2022\/06\/escultura-tambores-Mula.jpg 1024w, https:\/\/www.canariasviaja.com\/viajaresvivir\/wp-content\/uploads\/2022\/06\/escultura-tambores-Mula-300x200.jpg 300w, https:\/\/www.canariasviaja.com\/viajaresvivir\/wp-content\/uploads\/2022\/06\/escultura-tambores-Mula-768x513.jpg 768w\" sizes=\"(max-width: 1024px) 100vw, 1024px\" \/><\/figure>\n\n\n\n<p>En la plaza nos sorprender\u00e1 las esculturas de dos tamboristas durante una <strong>\u201cpangana\u201d<\/strong>, momento en el que uno frente a otro redoblan sus tambores en un alarde de t\u00e9cnica y fuerza. Cada martes Santo a las 12 de la noche esta representaci\u00f3n se hace realidad en Mula y el ruido de los tambores invade las calles ininterrumpidamente hasta las 4 de la tarde.<\/p>\n\n\n\n<figure class=\"wp-block-image size-full\"><img loading=\"lazy\" decoding=\"async\" width=\"1024\" height=\"684\" src=\"http:\/\/www.canariasviaja.com\/viajaresvivir\/wp-content\/uploads\/2022\/06\/Castillo-de-Mula.jpg\" alt=\"Castillo del Marqu\u00e9s de los Velez Mula Ruta por el noroeste de Murcia\" class=\"wp-image-8803\" srcset=\"https:\/\/www.canariasviaja.com\/viajaresvivir\/wp-content\/uploads\/2022\/06\/Castillo-de-Mula.jpg 1024w, https:\/\/www.canariasviaja.com\/viajaresvivir\/wp-content\/uploads\/2022\/06\/Castillo-de-Mula-300x200.jpg 300w, https:\/\/www.canariasviaja.com\/viajaresvivir\/wp-content\/uploads\/2022\/06\/Castillo-de-Mula-768x513.jpg 768w\" sizes=\"(max-width: 1024px) 100vw, 1024px\" \/><figcaption>Castillo del Marqu\u00e9s de los V\u00e9lez<\/figcaption><\/figure>\n\n\n\n<p>Si subimos al<strong> castillo<\/strong>, al que no se puede acceder a su interior, disfrutaremos de las mejores vistas de la zona y de la Sierra de Espu\u00f1a. El castillo fue construido por la familia Fajardo en el siglo XVI sobre una construcci\u00f3n de origen musulm\u00e1n, de la que a\u00fan se conservan lienzos de la muralla. Toda una demostraci\u00f3n de poder y supremac\u00eda de la casa de los V\u00e9lez.<\/p>\n\n\n\n<div style=\"height:100px\" aria-hidden=\"true\" class=\"wp-block-spacer\"><\/div>\n\n\n\n<h3 class=\"wp-block-heading\">Bullas, tierra de vinos<\/h3>\n\n\n\n<figure class=\"wp-block-image size-full\"><img loading=\"lazy\" decoding=\"async\" width=\"1024\" height=\"684\" src=\"http:\/\/www.canariasviaja.com\/viajaresvivir\/wp-content\/uploads\/2022\/06\/Carretera-mula-a-bullas.jpg\" alt=\"\" class=\"wp-image-8823\" srcset=\"https:\/\/www.canariasviaja.com\/viajaresvivir\/wp-content\/uploads\/2022\/06\/Carretera-mula-a-bullas.jpg 1024w, https:\/\/www.canariasviaja.com\/viajaresvivir\/wp-content\/uploads\/2022\/06\/Carretera-mula-a-bullas-300x200.jpg 300w, https:\/\/www.canariasviaja.com\/viajaresvivir\/wp-content\/uploads\/2022\/06\/Carretera-mula-a-bullas-768x513.jpg 768w\" sizes=\"(max-width: 1024px) 100vw, 1024px\" \/><\/figure>\n\n\n\n<p>Continuamos nuestro recorrido hacia nuestra siguiente parada, <strong>Bullas<\/strong>, y lo hacemos no por la carretera principal sino por las v\u00edas secundarias que transitan entre frutales y vi\u00f1edos, para disfrutar del paisaje y de la tranquilidad.<\/p>\n\n\n\n<figure class=\"wp-block-gallery has-nested-images columns-default is-cropped wp-block-gallery-2 is-layout-flex wp-block-gallery-is-layout-flex\">\n<figure class=\"wp-block-image size-large\"><img loading=\"lazy\" decoding=\"async\" width=\"1024\" height=\"684\" data-id=\"8827\" src=\"http:\/\/www.canariasviaja.com\/viajaresvivir\/wp-content\/uploads\/2022\/06\/Paisaje-mula-a-bullas.jpg\" alt=\"\" class=\"wp-image-8827\" srcset=\"https:\/\/www.canariasviaja.com\/viajaresvivir\/wp-content\/uploads\/2022\/06\/Paisaje-mula-a-bullas.jpg 1024w, https:\/\/www.canariasviaja.com\/viajaresvivir\/wp-content\/uploads\/2022\/06\/Paisaje-mula-a-bullas-300x200.jpg 300w, https:\/\/www.canariasviaja.com\/viajaresvivir\/wp-content\/uploads\/2022\/06\/Paisaje-mula-a-bullas-768x513.jpg 768w\" sizes=\"(max-width: 1024px) 100vw, 1024px\" \/><\/figure>\n\n\n\n<figure class=\"wp-block-image size-large\"><img loading=\"lazy\" decoding=\"async\" width=\"1534\" height=\"1024\" data-id=\"8822\" src=\"http:\/\/www.canariasviaja.com\/viajaresvivir\/wp-content\/uploads\/2022\/06\/Campos.jpg\" alt=\"\" class=\"wp-image-8822\" srcset=\"https:\/\/www.canariasviaja.com\/viajaresvivir\/wp-content\/uploads\/2022\/06\/Campos.jpg 1534w, https:\/\/www.canariasviaja.com\/viajaresvivir\/wp-content\/uploads\/2022\/06\/Campos-300x200.jpg 300w, https:\/\/www.canariasviaja.com\/viajaresvivir\/wp-content\/uploads\/2022\/06\/Campos-768x513.jpg 768w, https:\/\/www.canariasviaja.com\/viajaresvivir\/wp-content\/uploads\/2022\/06\/Campos-1200x801.jpg 1200w\" sizes=\"(max-width: 1534px) 100vw, 1534px\" \/><\/figure>\n<\/figure>\n\n\n\n<p>Bullas es un destino ideal para los amantes del <strong>enoturismo<\/strong>. S\u00f3lo en su casco hist\u00f3rico encontrar\u00e1s m\u00e1s de <strong>200 bodegas tradicionales conservadas parcial o completamente.<\/strong> Su D.O. abarca los municipios de Bullas, Mula, Ricote, Ceheg\u00edn, Lorca, Pliego, Caravaca, Moratalla y Calasparra.<\/p>\n\n\n\n<p>La <strong>tradici\u00f3n vitivin\u00edcola<\/strong> de Bullas viene desde el tiempo de los romanos. Una visita al <a href=\"https:\/\/www.museosdelvino.es\/museos\/museo-del-vino-de-bullas\/\" target=\"_blank\" rel=\"noreferrer noopener\"><strong>Museo del Vino <\/strong><\/a>nos adentrar\u00e1 en una de las pocas bodegas tradicionales que se mantienen en buen estado de conservaci\u00f3n, con sus b\u00f3vedas de ladrillo y sus tinajas semi enterradas en el suelo. En sus salas podremos conocer la intensa y larga relaci\u00f3n que ha tenido esta tierra con el vino y todos los procesos que se llevan a cabo, en sus formas tradicionales y modernas, para conseguir estos caldos, desde la vi\u00f1a hasta su almacenaje y envejecimiento en bodega.<\/p>\n\n\n\n<p>Otra de las paradas obligatorias es la <strong><a href=\"https:\/\/bullasenruta.es\/recursos\/casa-museo-don-pepe-marsilla\/\" target=\"_blank\" rel=\"noreferrer noopener\">Casa-Museo Don Pepe Marsilla<\/a><\/strong>, donde el tiempo se detuvo en 1900. Los frescos, trampantojos y el resto de la decoraci\u00f3n modernista de la zona residencial compite en espectacularidad con la zona de labor y con las bodegas.<\/p>\n\n\n\n<div class=\"wp-block-group\"><div class=\"wp-block-group__inner-container is-layout-flow wp-block-group-is-layout-flow\">\n<div class=\"wp-block-columns is-layout-flex wp-container-core-columns-is-layout-1 wp-block-columns-is-layout-flex\">\n<div class=\"wp-block-column is-layout-flow wp-block-column-is-layout-flow\" style=\"flex-basis:100%\">\n<figure class=\"wp-block-gallery has-nested-images columns-default is-cropped wp-block-gallery-3 is-layout-flex wp-block-gallery-is-layout-flex\">\n<figure class=\"wp-block-image size-large\"><img loading=\"lazy\" decoding=\"async\" width=\"684\" height=\"1024\" src=\"http:\/\/www.canariasviaja.com\/viajaresvivir\/wp-content\/uploads\/2022\/06\/Plazadebullas.jpg\" alt=\"\" class=\"wp-image-8828\" srcset=\"https:\/\/www.canariasviaja.com\/viajaresvivir\/wp-content\/uploads\/2022\/06\/Plazadebullas.jpg 684w, https:\/\/www.canariasviaja.com\/viajaresvivir\/wp-content\/uploads\/2022\/06\/Plazadebullas-200x300.jpg 200w\" sizes=\"(max-width: 684px) 100vw, 684px\" \/><\/figure>\n\n\n\n<figure class=\"wp-block-image size-large\"><img loading=\"lazy\" decoding=\"async\" width=\"684\" height=\"1024\" src=\"http:\/\/www.canariasviaja.com\/viajaresvivir\/wp-content\/uploads\/2022\/06\/Torre-iglesia-Bullas.jpg\" alt=\"\" class=\"wp-image-8829\" srcset=\"https:\/\/www.canariasviaja.com\/viajaresvivir\/wp-content\/uploads\/2022\/06\/Torre-iglesia-Bullas.jpg 684w, https:\/\/www.canariasviaja.com\/viajaresvivir\/wp-content\/uploads\/2022\/06\/Torre-iglesia-Bullas-200x300.jpg 200w\" sizes=\"(max-width: 684px) 100vw, 684px\" \/><\/figure>\n\n\n\n<figure class=\"wp-block-image size-large\"><img loading=\"lazy\" decoding=\"async\" width=\"684\" height=\"1024\" src=\"http:\/\/www.canariasviaja.com\/viajaresvivir\/wp-content\/uploads\/2022\/06\/Escultura-vino.jpg\" alt=\"\" class=\"wp-image-8826\" srcset=\"https:\/\/www.canariasviaja.com\/viajaresvivir\/wp-content\/uploads\/2022\/06\/Escultura-vino.jpg 684w, https:\/\/www.canariasviaja.com\/viajaresvivir\/wp-content\/uploads\/2022\/06\/Escultura-vino-200x300.jpg 200w\" sizes=\"(max-width: 684px) 100vw, 684px\" \/><\/figure>\n<\/figure>\n<\/div>\n<\/div>\n<\/div><\/div>\n\n\n\n<figure class=\"wp-block-image size-full\"><img loading=\"lazy\" decoding=\"async\" width=\"1024\" height=\"684\" src=\"http:\/\/www.canariasviaja.com\/viajaresvivir\/wp-content\/uploads\/2022\/06\/Vin\u0303edos-bullas.jpg\" alt=\"\" class=\"wp-image-8830\" srcset=\"https:\/\/www.canariasviaja.com\/viajaresvivir\/wp-content\/uploads\/2022\/06\/Vin\u0303edos-bullas.jpg 1024w, https:\/\/www.canariasviaja.com\/viajaresvivir\/wp-content\/uploads\/2022\/06\/Vin\u0303edos-bullas-300x200.jpg 300w, https:\/\/www.canariasviaja.com\/viajaresvivir\/wp-content\/uploads\/2022\/06\/Vin\u0303edos-bullas-768x513.jpg 768w\" sizes=\"(max-width: 1024px) 100vw, 1024px\" \/><\/figure>\n\n\n\n<p>Una buena<strong> ruta de enoturismo<\/strong> se ha de completar con un paseo por los vi\u00f1edos. A seis kil\u00f3metros de la localidad se encuentra el <strong>Valle del Aceniche<\/strong>, un precioso enclave natural rodeado de pinares en el que crecen cepas de m\u00e1s de medio siglo de antig\u00fcedad. Tierras altas, aire puro y un fresco microclima para los que huyen del calor.<\/p>\n\n\n\n<h2 class=\"wp-block-heading\">Mercadillo<\/h2>\n\n\n\n<p>Cada primer domingo de mes la plaza vieja y del Castillo se llenan de juglares, cuentacuentos, gaiteros y alquimistas de la Edad Media que acuden al <strong><a href=\"http:\/\/elzacatin.es\/\" target=\"_blank\" rel=\"noreferrer noopener\">Mercadillo de El Zacat\u00edn<\/a><\/strong>, el \u00fanico de la regi\u00f3n que se celebra<strong> durante todo el a\u00f1o<\/strong>. En el podr\u00e1s disfrutar de demostraciones artesanales de antiguos oficios ya olvidados y disfrutar de degustaciones de productos locales.<\/p>\n\n\n\n<div style=\"height:100px\" aria-hidden=\"true\" class=\"wp-block-spacer\"><\/div>\n\n\n\n<h3 class=\"wp-block-heading\">Ceheg\u00edn, un museo al aire libre<\/h3>\n\n\n\n<figure class=\"wp-block-image size-full\"><img loading=\"lazy\" decoding=\"async\" width=\"1024\" height=\"684\" src=\"http:\/\/www.canariasviaja.com\/viajaresvivir\/wp-content\/uploads\/2022\/06\/Cehegin.jpg\" alt=\"Ruta por el noroeste de Murcia\" class=\"wp-image-8831\" srcset=\"https:\/\/www.canariasviaja.com\/viajaresvivir\/wp-content\/uploads\/2022\/06\/Cehegin.jpg 1024w, https:\/\/www.canariasviaja.com\/viajaresvivir\/wp-content\/uploads\/2022\/06\/Cehegin-300x200.jpg 300w, https:\/\/www.canariasviaja.com\/viajaresvivir\/wp-content\/uploads\/2022\/06\/Cehegin-768x513.jpg 768w\" sizes=\"(max-width: 1024px) 100vw, 1024px\" \/><\/figure>\n\n\n\n<p>Nuestra siguiente parada ser\u00e1 en <strong><a href=\"https:\/\/turismocehegin.es\/\" target=\"_blank\" rel=\"noreferrer noopener\">Ceheg\u00edn<\/a><\/strong>, cuyo casco antiguo fue declarado conjunto hist\u00f3rico art\u00edstico en 1982. Un pueblo que se eleva sobre la vega y que fue elegido por pobladores prehist\u00f3ricos, \u00edberos, romanos, visigodos, \u00e1rabes y cristianos para habitar y dejar un rico legado, que hoy podemos disfrutar.<\/p>\n\n\n\n<p>El precioso <strong>casco antiguo de Ceheg\u00edn<\/strong> es uno de los m\u00e1s bonitos de la regi\u00f3n y est\u00e1 lleno de casas se\u00f1oriales, palacios, iglesias, miradores y m\u00e1s de 116 escudos nobiliarios en sus fachadas.<\/p>\n\n\n\n<figure class=\"wp-block-gallery has-nested-images columns-default is-cropped wp-block-gallery-4 is-layout-flex wp-block-gallery-is-layout-flex\">\n<figure class=\"wp-block-image size-large\"><img loading=\"lazy\" decoding=\"async\" width=\"684\" height=\"1024\" data-id=\"8837\" src=\"https:\/\/www.canariasviaja.com\/viajaresvivir\/wp-content\/uploads\/2022\/06\/escudo-cehegin.jpg\" alt=\"\" class=\"wp-image-8837\" srcset=\"https:\/\/www.canariasviaja.com\/viajaresvivir\/wp-content\/uploads\/2022\/06\/escudo-cehegin.jpg 684w, https:\/\/www.canariasviaja.com\/viajaresvivir\/wp-content\/uploads\/2022\/06\/escudo-cehegin-200x300.jpg 200w\" sizes=\"(max-width: 684px) 100vw, 684px\" \/><\/figure>\n\n\n\n<figure class=\"wp-block-image size-large\"><img loading=\"lazy\" decoding=\"async\" width=\"1024\" height=\"684\" data-id=\"8835\" src=\"https:\/\/www.canariasviaja.com\/viajaresvivir\/wp-content\/uploads\/2022\/06\/Fachada-Cehegin-2.jpg\" alt=\"\" class=\"wp-image-8835\" srcset=\"https:\/\/www.canariasviaja.com\/viajaresvivir\/wp-content\/uploads\/2022\/06\/Fachada-Cehegin-2.jpg 1024w, https:\/\/www.canariasviaja.com\/viajaresvivir\/wp-content\/uploads\/2022\/06\/Fachada-Cehegin-2-300x200.jpg 300w, https:\/\/www.canariasviaja.com\/viajaresvivir\/wp-content\/uploads\/2022\/06\/Fachada-Cehegin-2-768x513.jpg 768w\" sizes=\"(max-width: 1024px) 100vw, 1024px\" \/><\/figure>\n\n\n\n<figure class=\"wp-block-image size-large\"><img loading=\"lazy\" decoding=\"async\" width=\"684\" height=\"1024\" data-id=\"8836\" src=\"https:\/\/www.canariasviaja.com\/viajaresvivir\/wp-content\/uploads\/2022\/06\/fachada-cehegin.jpg\" alt=\"\" class=\"wp-image-8836\" srcset=\"https:\/\/www.canariasviaja.com\/viajaresvivir\/wp-content\/uploads\/2022\/06\/fachada-cehegin.jpg 684w, https:\/\/www.canariasviaja.com\/viajaresvivir\/wp-content\/uploads\/2022\/06\/fachada-cehegin-200x300.jpg 200w\" sizes=\"(max-width: 684px) 100vw, 684px\" \/><\/figure>\n\n\n\n<figure class=\"wp-block-image size-large\"><img loading=\"lazy\" decoding=\"async\" width=\"1024\" height=\"684\" data-id=\"8838\" src=\"https:\/\/www.canariasviaja.com\/viajaresvivir\/wp-content\/uploads\/2022\/06\/Soportales-cehegin.jpg\" alt=\"Ruta por el noroeste de Murcia\" class=\"wp-image-8838\" srcset=\"https:\/\/www.canariasviaja.com\/viajaresvivir\/wp-content\/uploads\/2022\/06\/Soportales-cehegin.jpg 1024w, https:\/\/www.canariasviaja.com\/viajaresvivir\/wp-content\/uploads\/2022\/06\/Soportales-cehegin-300x200.jpg 300w, https:\/\/www.canariasviaja.com\/viajaresvivir\/wp-content\/uploads\/2022\/06\/Soportales-cehegin-768x513.jpg 768w\" sizes=\"(max-width: 1024px) 100vw, 1024px\" \/><\/figure>\n<\/figure>\n\n\n\n<p>Pi\u00e9rdete por sus calles y callejones y descubrir\u00e1s numerosos rincones con encanto. Entra si puedes en las <strong>iglesias de la Santa Mar\u00eda Magdalena,<\/strong> <strong>la de la Soledad y la de la Concepci\u00f3n.<\/strong> Y no dejes de pasar por el<strong> Palacio Villar de Felices<\/strong> y el de <strong>Jaspe<\/strong>, l<strong>a Casa Conde de Campillos<\/strong> o el <strong>Hospital de la Real Piedad.<\/strong><\/p>\n\n\n<div class=\"wp-block-image\">\n<figure class=\"aligncenter size-full is-resized\"><img decoding=\"async\" src=\"http:\/\/www.canariasviaja.com\/viajaresvivir\/wp-content\/uploads\/2022\/06\/Hospital.jpg\" alt=\"Ruta por el noroeste de Murcia\" class=\"wp-image-8842\" width=\"400\" srcset=\"https:\/\/www.canariasviaja.com\/viajaresvivir\/wp-content\/uploads\/2022\/06\/Hospital.jpg 1024w, https:\/\/www.canariasviaja.com\/viajaresvivir\/wp-content\/uploads\/2022\/06\/Hospital-200x300.jpg 200w, https:\/\/www.canariasviaja.com\/viajaresvivir\/wp-content\/uploads\/2022\/06\/Hospital-768x1151.jpg 768w, https:\/\/www.canariasviaja.com\/viajaresvivir\/wp-content\/uploads\/2022\/06\/Hospital-721x1080.jpg 721w\" sizes=\"(max-width: 1024px) 100vw, 1024px\" \/><\/figure><\/div>\n\n\n<p>El <strong><a href=\"https:\/\/cehegintierraadentro.blogspot.com\/2013\/05\/visita-el-palacete-de-los-duques-de.html\" target=\"_blank\" rel=\"noreferrer noopener\">Palacio de los Duques de Ahumada<\/a><\/strong> merece una visita, ya que es uno de los inmuebles privados m\u00e1s emblem\u00e1ticos de la Regi\u00f3n. Situado en la Calle Mayor, en su interior destaca el sal\u00f3n de baile, el despacho del duque, el sal\u00f3n rojo y la capilla, donde se conserva el retablo barroco y diferentes objetos y prendas lit\u00fargicas.<\/p>\n\n\n\n<p>En el s\u00f3tano de este palacio encontrar\u00e1s el <strong>Museo Etnogr\u00e1fico<\/strong>, donde se exponen uniformes de la Orden de Santiago, trajes de corte de los siglos XIX y XX, carruajes de caballos y una muestra de la artesan\u00eda de los alpargateros, tan vinculada a esta localidad.<\/p>\n\n\n\n<figure class=\"wp-block-gallery has-nested-images columns-default is-cropped wp-block-gallery-5 is-layout-flex wp-block-gallery-is-layout-flex\">\n<figure class=\"wp-block-image size-large\"><img loading=\"lazy\" decoding=\"async\" width=\"682\" height=\"1024\" data-id=\"8841\" src=\"http:\/\/www.canariasviaja.com\/viajaresvivir\/wp-content\/uploads\/2022\/06\/muralla-cehegin.jpg\" alt=\"Ruta por el noroeste de Murcia\" class=\"wp-image-8841\" srcset=\"https:\/\/www.canariasviaja.com\/viajaresvivir\/wp-content\/uploads\/2022\/06\/muralla-cehegin.jpg 682w, https:\/\/www.canariasviaja.com\/viajaresvivir\/wp-content\/uploads\/2022\/06\/muralla-cehegin-200x300.jpg 200w\" sizes=\"(max-width: 682px) 100vw, 682px\" \/><\/figure>\n\n\n\n<figure class=\"wp-block-image size-large\"><img loading=\"lazy\" decoding=\"async\" width=\"684\" height=\"1024\" data-id=\"8840\" src=\"http:\/\/www.canariasviaja.com\/viajaresvivir\/wp-content\/uploads\/2022\/06\/Palacio-e-iglesia-cehegin.jpg\" alt=\"\" class=\"wp-image-8840\" srcset=\"https:\/\/www.canariasviaja.com\/viajaresvivir\/wp-content\/uploads\/2022\/06\/Palacio-e-iglesia-cehegin.jpg 684w, https:\/\/www.canariasviaja.com\/viajaresvivir\/wp-content\/uploads\/2022\/06\/Palacio-e-iglesia-cehegin-200x300.jpg 200w\" sizes=\"(max-width: 684px) 100vw, 684px\" \/><\/figure>\n\n\n\n<figure class=\"wp-block-image size-large\"><img loading=\"lazy\" decoding=\"async\" width=\"1024\" height=\"684\" data-id=\"8839\" src=\"http:\/\/www.canariasviaja.com\/viajaresvivir\/wp-content\/uploads\/2022\/06\/Panoramica-cehegin.jpg\" alt=\"\" class=\"wp-image-8839\" srcset=\"https:\/\/www.canariasviaja.com\/viajaresvivir\/wp-content\/uploads\/2022\/06\/Panoramica-cehegin.jpg 1024w, https:\/\/www.canariasviaja.com\/viajaresvivir\/wp-content\/uploads\/2022\/06\/Panoramica-cehegin-300x200.jpg 300w, https:\/\/www.canariasviaja.com\/viajaresvivir\/wp-content\/uploads\/2022\/06\/Panoramica-cehegin-768x513.jpg 768w\" sizes=\"(max-width: 1024px) 100vw, 1024px\" \/><\/figure>\n<\/figure>\n\n\n\n<p>Si te apetece conocer la apasionante historia de esa ciudad, has de acercarte al <strong><a href=\"https:\/\/www.regmurcia.com\/servlet\/s.Sl?sit=c,371,m,1071&amp;r=CeAP-1935-C_340_DETALLE_CENTRO\" target=\"_blank\" rel=\"noreferrer noopener\">Museo Arqueol\u00f3gico de Ceheg\u00edn<\/a><\/strong>, que est\u00e1 repartido en tres edificios hist\u00f3ricos en la plaza del Castillo: la casa del Concejo, el Palacio de los Fajardo y el edificio anexo de la Calle Mayor. En ellos se encuentra una de las colecciones m\u00e1s ambiciosas de la regi\u00f3n, en la que se aborda la \u00e9poca prehist\u00f3rica, \u00edbera, tardorromana-visigoda y medieval.<\/p>\n\n\n\n<figure class=\"wp-block-image size-full\"><img loading=\"lazy\" decoding=\"async\" width=\"1024\" height=\"684\" src=\"http:\/\/www.canariasviaja.com\/viajaresvivir\/wp-content\/uploads\/2022\/06\/Cehegin-panoramica.jpg\" alt=\"Ruta por el noroeste de Murcia\" class=\"wp-image-8834\" srcset=\"https:\/\/www.canariasviaja.com\/viajaresvivir\/wp-content\/uploads\/2022\/06\/Cehegin-panoramica.jpg 1024w, https:\/\/www.canariasviaja.com\/viajaresvivir\/wp-content\/uploads\/2022\/06\/Cehegin-panoramica-300x200.jpg 300w, https:\/\/www.canariasviaja.com\/viajaresvivir\/wp-content\/uploads\/2022\/06\/Cehegin-panoramica-768x513.jpg 768w\" sizes=\"(max-width: 1024px) 100vw, 1024px\" \/><\/figure>\n\n\n\n<p>Si te apetece vivir una experiencia arqueol\u00f3gica, a tan s\u00f3lo 3 km de Ceheg\u00edn encontrar\u00e1s la ciudad romano- visigoda de <strong><a href=\"https:\/\/www.regmurcia.com\/servlet\/s.Sl?sit=a,76,c,522,m,1075&amp;r=CeAP-6328-R_431_DETALLE_REPORTAJES\" target=\"_blank\" rel=\"noreferrer noopener\">Begastri<\/a><\/strong>, la villa m\u00e1s importante es estas caracter\u00edsticas de Espa\u00f1a, y que ha permanecido oculta durante cientos de a\u00f1os.<\/p>\n\n\n\n<h2 class=\"wp-block-heading\">Mercadillos<\/h2>\n\n\n\n<p>Si visitas Ceheg\u00edn el \u00faltimo domingo de cada mes (excepto verano), podr\u00e1s disfrutar del <strong><a href=\"https:\/\/www.mercadillosemanal.com\/en.murcia\/mercadillo-artesanal-el-mesoncico\">mercadillo artesanal El Mesoncito<\/a><\/strong>, declarado Patrimonio Cultural Europeo. Un punto de encuentro para artesanos de toda \u00edndole y donde podremos disfrutar de degustaciones de productos t\u00edpicos y de demostraciones en vivo de antiguos oficios artesanos.<\/p>\n\n\n\n<div style=\"height:100px\" aria-hidden=\"true\" class=\"wp-block-spacer\"><\/div>\n\n\n\n<h3 class=\"wp-block-heading\">Caravaca de la Cruz, ciudad Santa<\/h3>\n\n\n\n<figure class=\"wp-block-image size-full\"><img loading=\"lazy\" decoding=\"async\" width=\"1024\" height=\"684\" src=\"http:\/\/www.canariasviaja.com\/viajaresvivir\/wp-content\/uploads\/2022\/06\/Fortaleza-Caravaca.jpg\" alt=\"Ruta por el noroeste de Murcia\" class=\"wp-image-8807\" srcset=\"https:\/\/www.canariasviaja.com\/viajaresvivir\/wp-content\/uploads\/2022\/06\/Fortaleza-Caravaca.jpg 1024w, https:\/\/www.canariasviaja.com\/viajaresvivir\/wp-content\/uploads\/2022\/06\/Fortaleza-Caravaca-300x200.jpg 300w, https:\/\/www.canariasviaja.com\/viajaresvivir\/wp-content\/uploads\/2022\/06\/Fortaleza-Caravaca-768x513.jpg 768w\" sizes=\"(max-width: 1024px) 100vw, 1024px\" \/><\/figure>\n\n\n\n<p>Situada entre Murcia y Granada,<strong> Caravaca de la Cruz<\/strong> es una poblaci\u00f3n por la que pasaron \u00edberos, romanos y musulmanes y que se encuentra construida en torno a su castillo, levantado en el siglo XV por la Encomienda de los Templarios.<\/p>\n\n\n<div class=\"wp-block-image\">\n<figure class=\"aligncenter size-full is-resized\"><img decoding=\"async\" src=\"http:\/\/www.canariasviaja.com\/viajaresvivir\/wp-content\/uploads\/2022\/06\/Cruz-de-caravaca.jpg\" alt=\"Ruta por el noroeste de Murcia\" class=\"wp-image-8804\" width=\"400\" srcset=\"https:\/\/www.canariasviaja.com\/viajaresvivir\/wp-content\/uploads\/2022\/06\/Cruz-de-caravaca.jpg 684w, https:\/\/www.canariasviaja.com\/viajaresvivir\/wp-content\/uploads\/2022\/06\/Cruz-de-caravaca-200x300.jpg 200w\" sizes=\"(max-width: 684px) 100vw, 684px\" \/><\/figure><\/div>\n\n\n<p>Pero Caravaca es conocida principalmente por <strong>su cruz<\/strong>, que contiene tres astillas del Lignum Crucis en el que muri\u00f3 Jesucristo. Esta reliquia est\u00e1 conservada en el <a href=\"https:\/\/www.lacruzdecaravaca.com\/\" target=\"_blank\" rel=\"noreferrer noopener\"><strong>Santuario de la Vera Cruz<\/strong><\/a><strong>, <\/strong>situado dentro de la fortaleza. Una construcci\u00f3n en la que destaca su lujosa portada de m\u00e1rmol rojo de Ceheg\u00edn en la que se hace toda una exaltaci\u00f3n de la Santa Cruz.<\/p>\n\n\n\n<figure class=\"wp-block-image size-full\"><img loading=\"lazy\" decoding=\"async\" width=\"2000\" height=\"1335\" src=\"http:\/\/www.canariasviaja.com\/viajaresvivir\/wp-content\/uploads\/2022\/06\/Basi\u0301lica-Vera-Cruz.jpg\" alt=\"Ruta por el noroeste de Murcia\" class=\"wp-image-8801\" srcset=\"https:\/\/www.canariasviaja.com\/viajaresvivir\/wp-content\/uploads\/2022\/06\/Basi\u0301lica-Vera-Cruz.jpg 2000w, https:\/\/www.canariasviaja.com\/viajaresvivir\/wp-content\/uploads\/2022\/06\/Basi\u0301lica-Vera-Cruz-300x200.jpg 300w, https:\/\/www.canariasviaja.com\/viajaresvivir\/wp-content\/uploads\/2022\/06\/Basi\u0301lica-Vera-Cruz-768x513.jpg 768w, https:\/\/www.canariasviaja.com\/viajaresvivir\/wp-content\/uploads\/2022\/06\/Basi\u0301lica-Vera-Cruz-1536x1025.jpg 1536w, https:\/\/www.canariasviaja.com\/viajaresvivir\/wp-content\/uploads\/2022\/06\/Basi\u0301lica-Vera-Cruz-1200x801.jpg 1200w, https:\/\/www.canariasviaja.com\/viajaresvivir\/wp-content\/uploads\/2022\/06\/Basi\u0301lica-Vera-Cruz-1618x1080.jpg 1618w\" sizes=\"(max-width: 2000px) 100vw, 2000px\" \/><\/figure>\n\n\n\n<p>La Sant\u00edsima y Vera Cruz ha hecho de Caravaca de la Cruz una de las <strong>ciudades santas<\/strong> y una de las cinco con j<strong>ubileo perpetuo<\/strong>. Los siglos XVI y XVIII&nbsp; fueron la \u00e9poca de mayor apogeo de peregrinaje religioso a Caravaca de la Cruz.<\/p>\n\n\n\n<p>La Cruz es de origen oriental y seg\u00fan cuenta la leyenda lleg\u00f3 a Caravaca de la mano de dos \u00e1ngeles que se la entregaron a un cura que estaba preso para que pudiera dar la misa. Este milagro hizo que el rey moro Ab\u00fa Zeid y sus s\u00fabditos se convirtieran al cristianismo.<\/p>\n\n\n\n<h2 class=\"wp-block-heading\">Fiestas<\/h2>\n\n\n\n<p>Las fiestas patronales de Caravaca de la Cruz se celebran del 1 al 5 de mayo y est\u00e1n declaradas de inter\u00e9s tur\u00edstico internacional. En esos d\u00edas podr\u00e1s disfrutar de dos eventos inolvidables, los <strong>moros y cristianos<\/strong> y <strong><a href=\"https:\/\/www.lacruzdecaravaca.com\/\" target=\"_blank\" rel=\"noreferrer noopener\">los caballos del vino<\/a><\/strong>, un festejo que atrae a multitudes por su espectacularidad, ya que los caballos ataviados con vistosas vestiduras bordadas a mano, bajan al galope por la cuesta del castillo, rodeados de los espectadores vestidos de blanco con pa\u00f1uelos rojos al cuello.<\/p>\n\n\n\n<div style=\"height:100px\" aria-hidden=\"true\" class=\"wp-block-spacer\"><\/div>\n\n\n\n<p class=\"has-text-align-center\"><strong>Descubre el noroeste de Murcia<\/strong><\/p>\n\n\n\n<div class=\"wp-block-buttons is-layout-flex wp-block-buttons-is-layout-flex\">\n<div class=\"wp-block-button aligncenter\"><a class=\"wp-block-button__link\" href=\"https:\/\/bit.ly\/3xz5tEZ\">\u00a1 Esc\u00e1pate a Murcia!<\/a><\/div>\n<\/div>\n","protected":false},"excerpt":{"rendered":"<p>Descubre las riqueza monumental y paisaj\u00edstica del noroeste de Murcia.<\/p>\n","protected":false},"author":2,"featured_media":8831,"comment_status":"open","ping_status":"open","sticky":false,"template":"","format":"standard","meta":{"_acf_changed":false,"sfsi_plus_gutenberg_text_before_share":"","sfsi_plus_gutenberg_show_text_before_share":"","sfsi_plus_gutenberg_icon_type":"","sfsi_plus_gutenberg_icon_alignemt":"","sfsi_plus_gutenburg_max_per_row":"","footnotes":""},"categories":[124,8,123,10,102,100],"tags":[110,150,107,881,880],"class_list":["post-8799","post","type-post","status-publish","format-standard","has-post-thumbnail","hentry","category-descubre","category-diariodeviaje","category-explora","category-historias-viajeras","category-murcia","category-peninsulaybaleares","tag-enoturismo","tag-historia","tag-monumentos","tag-rutas-de-vino","tag-turismo-religioso"],"acf":[],"yoast_head":"<!-- This site is optimized with the Yoast SEO plugin v24.1 - https:\/\/yoast.com\/wordpress\/plugins\/seo\/ -->\n<title>De ruta por el noroeste de Murcia - Viajar es vivir<\/title>\n<meta name=\"description\" content=\"Ruta por el noroeste de Murcia, recorriendo los pueblos de Mula, Bullas, Ceheg\u00edn y Caravaca de la Cruz en busca de historia, vinos y paisajes.\" \/>\n<meta name=\"robots\" content=\"index, follow, max-snippet:-1, max-image-preview:large, max-video-preview:-1\" \/>\n<link rel=\"canonical\" href=\"https:\/\/www.canariasviaja.com\/viajaresvivir\/de-ruta-por-el-noroeste-de-murcia\/\" \/>\n<meta property=\"og:locale\" content=\"es_ES\" \/>\n<meta property=\"og:type\" content=\"article\" \/>\n<meta property=\"og:title\" content=\"De ruta por el noroeste de Murcia - Viajar es vivir\" \/>\n<meta property=\"og:description\" content=\"Ruta por el noroeste de Murcia, recorriendo los pueblos de Mula, Bullas, Ceheg\u00edn y Caravaca de la Cruz en busca de historia, vinos y paisajes.\" \/>\n<meta property=\"og:url\" content=\"https:\/\/www.canariasviaja.com\/viajaresvivir\/de-ruta-por-el-noroeste-de-murcia\/\" \/>\n<meta property=\"og:site_name\" content=\"Viajar es vivir\" \/>\n<meta property=\"article:published_time\" content=\"2022-06-09T17:07:40+00:00\" \/>\n<meta property=\"article:modified_time\" content=\"2022-11-08T15:01:02+00:00\" \/>\n<meta property=\"og:image\" content=\"http:\/\/www.canariasviaja.com\/viajaresvivir\/wp-content\/uploads\/2022\/06\/Cehegin.jpg\" \/>\n\t<meta property=\"og:image:width\" content=\"1024\" \/>\n\t<meta property=\"og:image:height\" content=\"684\" \/>\n\t<meta property=\"og:image:type\" content=\"image\/jpeg\" \/>\n<meta name=\"author\" content=\"Patri C\u00e1mpora\" \/>\n<meta name=\"twitter:card\" content=\"summary_large_image\" \/>\n<meta name=\"twitter:label1\" content=\"Escrito por\" \/>\n\t<meta name=\"twitter:data1\" content=\"Patri C\u00e1mpora\" \/>\n\t<meta name=\"twitter:label2\" content=\"Tiempo de lectura\" \/>\n\t<meta name=\"twitter:data2\" content=\"15 minutos\" \/>\n<script type=\"application\/ld+json\" class=\"yoast-schema-graph\">{\"@context\":\"https:\/\/schema.org\",\"@graph\":[{\"@type\":\"WebPage\",\"@id\":\"https:\/\/www.canariasviaja.com\/viajaresvivir\/de-ruta-por-el-noroeste-de-murcia\/\",\"url\":\"https:\/\/www.canariasviaja.com\/viajaresvivir\/de-ruta-por-el-noroeste-de-murcia\/\",\"name\":\"De ruta por el noroeste de Murcia - Viajar es vivir\",\"isPartOf\":{\"@id\":\"https:\/\/www.canariasviaja.com\/viajaresvivir\/#website\"},\"primaryImageOfPage\":{\"@id\":\"https:\/\/www.canariasviaja.com\/viajaresvivir\/de-ruta-por-el-noroeste-de-murcia\/#primaryimage\"},\"image\":{\"@id\":\"https:\/\/www.canariasviaja.com\/viajaresvivir\/de-ruta-por-el-noroeste-de-murcia\/#primaryimage\"},\"thumbnailUrl\":\"https:\/\/www.canariasviaja.com\/viajaresvivir\/wp-content\/uploads\/2022\/06\/Cehegin.jpg\",\"datePublished\":\"2022-06-09T17:07:40+00:00\",\"dateModified\":\"2022-11-08T15:01:02+00:00\",\"author\":{\"@id\":\"https:\/\/www.canariasviaja.com\/viajaresvivir\/#\/schema\/person\/085949651001325f1244a8bc1b34709c\"},\"description\":\"Ruta por el noroeste de Murcia, recorriendo los pueblos de Mula, Bullas, Ceheg\u00edn y Caravaca de la Cruz en busca de historia, vinos y paisajes.\",\"breadcrumb\":{\"@id\":\"https:\/\/www.canariasviaja.com\/viajaresvivir\/de-ruta-por-el-noroeste-de-murcia\/#breadcrumb\"},\"inLanguage\":\"es\",\"potentialAction\":[{\"@type\":\"ReadAction\",\"target\":[\"https:\/\/www.canariasviaja.com\/viajaresvivir\/de-ruta-por-el-noroeste-de-murcia\/\"]}]},{\"@type\":\"ImageObject\",\"inLanguage\":\"es\",\"@id\":\"https:\/\/www.canariasviaja.com\/viajaresvivir\/de-ruta-por-el-noroeste-de-murcia\/#primaryimage\",\"url\":\"https:\/\/www.canariasviaja.com\/viajaresvivir\/wp-content\/uploads\/2022\/06\/Cehegin.jpg\",\"contentUrl\":\"https:\/\/www.canariasviaja.com\/viajaresvivir\/wp-content\/uploads\/2022\/06\/Cehegin.jpg\",\"width\":1024,\"height\":684},{\"@type\":\"BreadcrumbList\",\"@id\":\"https:\/\/www.canariasviaja.com\/viajaresvivir\/de-ruta-por-el-noroeste-de-murcia\/#breadcrumb\",\"itemListElement\":[{\"@type\":\"ListItem\",\"position\":1,\"name\":\"Portada\",\"item\":\"https:\/\/www.canariasviaja.com\/viajaresvivir\/\"},{\"@type\":\"ListItem\",\"position\":2,\"name\":\"De ruta por el noroeste de Murcia\"}]},{\"@type\":\"WebSite\",\"@id\":\"https:\/\/www.canariasviaja.com\/viajaresvivir\/#website\",\"url\":\"https:\/\/www.canariasviaja.com\/viajaresvivir\/\",\"name\":\"Viajar es vivir\",\"description\":\"El blog de viajes y estilo de vida de CanariasViaja\",\"potentialAction\":[{\"@type\":\"SearchAction\",\"target\":{\"@type\":\"EntryPoint\",\"urlTemplate\":\"https:\/\/www.canariasviaja.com\/viajaresvivir\/?s={search_term_string}\"},\"query-input\":{\"@type\":\"PropertyValueSpecification\",\"valueRequired\":true,\"valueName\":\"search_term_string\"}}],\"inLanguage\":\"es\"},{\"@type\":\"Person\",\"@id\":\"https:\/\/www.canariasviaja.com\/viajaresvivir\/#\/schema\/person\/085949651001325f1244a8bc1b34709c\",\"name\":\"Patri C\u00e1mpora\",\"image\":{\"@type\":\"ImageObject\",\"inLanguage\":\"es\",\"@id\":\"https:\/\/www.canariasviaja.com\/viajaresvivir\/#\/schema\/person\/image\/\",\"url\":\"https:\/\/secure.gravatar.com\/avatar\/b2ce2c4086a5776e5310f57c1a2e5b4e?s=96&d=mm&r=g\",\"contentUrl\":\"https:\/\/secure.gravatar.com\/avatar\/b2ce2c4086a5776e5310f57c1a2e5b4e?s=96&d=mm&r=g\",\"caption\":\"Patri C\u00e1mpora\"},\"url\":\"https:\/\/www.canariasviaja.com\/viajaresvivir\/author\/patri\/\"}]}<\/script>\n<!-- \/ Yoast SEO plugin. -->","yoast_head_json":{"title":"De ruta por el noroeste de Murcia - Viajar es vivir","description":"Ruta por el noroeste de Murcia, recorriendo los pueblos de Mula, Bullas, Ceheg\u00edn y Caravaca de la Cruz en busca de historia, vinos y paisajes.","robots":{"index":"index","follow":"follow","max-snippet":"max-snippet:-1","max-image-preview":"max-image-preview:large","max-video-preview":"max-video-preview:-1"},"canonical":"https:\/\/www.canariasviaja.com\/viajaresvivir\/de-ruta-por-el-noroeste-de-murcia\/","og_locale":"es_ES","og_type":"article","og_title":"De ruta por el noroeste de Murcia - Viajar es vivir","og_description":"Ruta por el noroeste de Murcia, recorriendo los pueblos de Mula, Bullas, Ceheg\u00edn y Caravaca de la Cruz en busca de historia, vinos y paisajes.","og_url":"https:\/\/www.canariasviaja.com\/viajaresvivir\/de-ruta-por-el-noroeste-de-murcia\/","og_site_name":"Viajar es vivir","article_published_time":"2022-06-09T17:07:40+00:00","article_modified_time":"2022-11-08T15:01:02+00:00","og_image":[{"width":1024,"height":684,"url":"http:\/\/www.canariasviaja.com\/viajaresvivir\/wp-content\/uploads\/2022\/06\/Cehegin.jpg","type":"image\/jpeg"}],"author":"Patri C\u00e1mpora","twitter_card":"summary_large_image","twitter_misc":{"Escrito por":"Patri C\u00e1mpora","Tiempo de lectura":"15 minutos"},"schema":{"@context":"https:\/\/schema.org","@graph":[{"@type":"WebPage","@id":"https:\/\/www.canariasviaja.com\/viajaresvivir\/de-ruta-por-el-noroeste-de-murcia\/","url":"https:\/\/www.canariasviaja.com\/viajaresvivir\/de-ruta-por-el-noroeste-de-murcia\/","name":"De ruta por el noroeste de Murcia - Viajar es vivir","isPartOf":{"@id":"https:\/\/www.canariasviaja.com\/viajaresvivir\/#website"},"primaryImageOfPage":{"@id":"https:\/\/www.canariasviaja.com\/viajaresvivir\/de-ruta-por-el-noroeste-de-murcia\/#primaryimage"},"image":{"@id":"https:\/\/www.canariasviaja.com\/viajaresvivir\/de-ruta-por-el-noroeste-de-murcia\/#primaryimage"},"thumbnailUrl":"https:\/\/www.canariasviaja.com\/viajaresvivir\/wp-content\/uploads\/2022\/06\/Cehegin.jpg","datePublished":"2022-06-09T17:07:40+00:00","dateModified":"2022-11-08T15:01:02+00:00","author":{"@id":"https:\/\/www.canariasviaja.com\/viajaresvivir\/#\/schema\/person\/085949651001325f1244a8bc1b34709c"},"description":"Ruta por el noroeste de Murcia, recorriendo los pueblos de Mula, Bullas, Ceheg\u00edn y Caravaca de la Cruz en busca de historia, vinos y paisajes.","breadcrumb":{"@id":"https:\/\/www.canariasviaja.com\/viajaresvivir\/de-ruta-por-el-noroeste-de-murcia\/#breadcrumb"},"inLanguage":"es","potentialAction":[{"@type":"ReadAction","target":["https:\/\/www.canariasviaja.com\/viajaresvivir\/de-ruta-por-el-noroeste-de-murcia\/"]}]},{"@type":"ImageObject","inLanguage":"es","@id":"https:\/\/www.canariasviaja.com\/viajaresvivir\/de-ruta-por-el-noroeste-de-murcia\/#primaryimage","url":"https:\/\/www.canariasviaja.com\/viajaresvivir\/wp-content\/uploads\/2022\/06\/Cehegin.jpg","contentUrl":"https:\/\/www.canariasviaja.com\/viajaresvivir\/wp-content\/uploads\/2022\/06\/Cehegin.jpg","width":1024,"height":684},{"@type":"BreadcrumbList","@id":"https:\/\/www.canariasviaja.com\/viajaresvivir\/de-ruta-por-el-noroeste-de-murcia\/#breadcrumb","itemListElement":[{"@type":"ListItem","position":1,"name":"Portada","item":"https:\/\/www.canariasviaja.com\/viajaresvivir\/"},{"@type":"ListItem","position":2,"name":"De ruta por el noroeste de Murcia"}]},{"@type":"WebSite","@id":"https:\/\/www.canariasviaja.com\/viajaresvivir\/#website","url":"https:\/\/www.canariasviaja.com\/viajaresvivir\/","name":"Viajar es vivir","description":"El blog de viajes y estilo de vida de CanariasViaja","potentialAction":[{"@type":"SearchAction","target":{"@type":"EntryPoint","urlTemplate":"https:\/\/www.canariasviaja.com\/viajaresvivir\/?s={search_term_string}"},"query-input":{"@type":"PropertyValueSpecification","valueRequired":true,"valueName":"search_term_string"}}],"inLanguage":"es"},{"@type":"Person","@id":"https:\/\/www.canariasviaja.com\/viajaresvivir\/#\/schema\/person\/085949651001325f1244a8bc1b34709c","name":"Patri C\u00e1mpora","image":{"@type":"ImageObject","inLanguage":"es","@id":"https:\/\/www.canariasviaja.com\/viajaresvivir\/#\/schema\/person\/image\/","url":"https:\/\/secure.gravatar.com\/avatar\/b2ce2c4086a5776e5310f57c1a2e5b4e?s=96&d=mm&r=g","contentUrl":"https:\/\/secure.gravatar.com\/avatar\/b2ce2c4086a5776e5310f57c1a2e5b4e?s=96&d=mm&r=g","caption":"Patri C\u00e1mpora"},"url":"https:\/\/www.canariasviaja.com\/viajaresvivir\/author\/patri\/"}]}},"_links":{"self":[{"href":"https:\/\/www.canariasviaja.com\/viajaresvivir\/wp-json\/wp\/v2\/posts\/8799"}],"collection":[{"href":"https:\/\/www.canariasviaja.com\/viajaresvivir\/wp-json\/wp\/v2\/posts"}],"about":[{"href":"https:\/\/www.canariasviaja.com\/viajaresvivir\/wp-json\/wp\/v2\/types\/post"}],"author":[{"embeddable":true,"href":"https:\/\/www.canariasviaja.com\/viajaresvivir\/wp-json\/wp\/v2\/users\/2"}],"replies":[{"embeddable":true,"href":"https:\/\/www.canariasviaja.com\/viajaresvivir\/wp-json\/wp\/v2\/comments?post=8799"}],"version-history":[{"count":10,"href":"https:\/\/www.canariasviaja.com\/viajaresvivir\/wp-json\/wp\/v2\/posts\/8799\/revisions"}],"predecessor-version":[{"id":9757,"href":"https:\/\/www.canariasviaja.com\/viajaresvivir\/wp-json\/wp\/v2\/posts\/8799\/revisions\/9757"}],"wp:featuredmedia":[{"embeddable":true,"href":"https:\/\/www.canariasviaja.com\/viajaresvivir\/wp-json\/wp\/v2\/media\/8831"}],"wp:attachment":[{"href":"https:\/\/www.canariasviaja.com\/viajaresvivir\/wp-json\/wp\/v2\/media?parent=8799"}],"wp:term":[{"taxonomy":"category","embeddable":true,"href":"https:\/\/www.canariasviaja.com\/viajaresvivir\/wp-json\/wp\/v2\/categories?post=8799"},{"taxonomy":"post_tag","embeddable":true,"href":"https:\/\/www.canariasviaja.com\/viajaresvivir\/wp-json\/wp\/v2\/tags?post=8799"}],"curies":[{"name":"wp","href":"https:\/\/api.w.org\/{rel}","templated":true}]}}