{"id":8910,"date":"2022-06-28T12:05:28","date_gmt":"2022-06-28T12:05:28","guid":{"rendered":"https:\/\/www.canariasviaja.com\/viajaresvivir\/?p=8910"},"modified":"2022-06-28T12:31:02","modified_gmt":"2022-06-28T12:31:02","slug":"senorio-de-bertiz-naturaleza-e-historia","status":"publish","type":"post","link":"https:\/\/www.canariasviaja.com\/viajaresvivir\/senorio-de-bertiz-naturaleza-e-historia\/","title":{"rendered":"Se\u00f1or\u00edo de Bertiz, un parque natural con historia"},"content":{"rendered":"\n<p>El <strong><a href=\"https:\/\/www.parquedebertiz.es\/\" target=\"_blank\" rel=\"noreferrer noopener\">Parque Natural del Se\u00f1or\u00edo de B\u00e9rtiz<\/a><\/strong> est\u00e1 situado en el pueblo navarro de<strong> Oieregi<\/strong>, en pleno Pirineo Occidental, a orillas del r\u00edo Bidasoa, muy cerca del mar Cant\u00e1brico, y a tan solo 15 minutos de Elizondo, capital del <a href=\"https:\/\/www.canariasviaja.com\/viajaresvivir\/itinerario-literario-por-el-valle-de-baztan\/\">Valle del Bazt\u00e1n<\/a>.<\/p>\n\n\n\n<figure class=\"wp-block-image size-full\"><img loading=\"lazy\" decoding=\"async\" width=\"2000\" height=\"1333\" src=\"http:\/\/www.canariasviaja.com\/viajaresvivir\/wp-content\/uploads\/2022\/06\/Entrada-parque.jpg\" alt=\"Entrada Se\u00f1or\u00edo de Bertiz\" class=\"wp-image-8931\" srcset=\"https:\/\/www.canariasviaja.com\/viajaresvivir\/wp-content\/uploads\/2022\/06\/Entrada-parque.jpg 2000w, https:\/\/www.canariasviaja.com\/viajaresvivir\/wp-content\/uploads\/2022\/06\/Entrada-parque-300x200.jpg 300w, https:\/\/www.canariasviaja.com\/viajaresvivir\/wp-content\/uploads\/2022\/06\/Entrada-parque-768x512.jpg 768w, https:\/\/www.canariasviaja.com\/viajaresvivir\/wp-content\/uploads\/2022\/06\/Entrada-parque-1536x1024.jpg 1536w, https:\/\/www.canariasviaja.com\/viajaresvivir\/wp-content\/uploads\/2022\/06\/Entrada-parque-1200x800.jpg 1200w, https:\/\/www.canariasviaja.com\/viajaresvivir\/wp-content\/uploads\/2022\/06\/Entrada-parque-1620x1080.jpg 1620w\" sizes=\"(max-width: 2000px) 100vw, 2000px\" \/><figcaption>Entrada al Parque Natural Se\u00f1or\u00edo de Bertiz<\/figcaption><\/figure>\n\n\n\n<p>Las 2.052 hect\u00e1reas de terreno que ocupa este Se\u00f1or\u00edo fueron donadas en 1949 a la Comunidad Foral de Navarra por su \u00faltimo propietario, D. Pedro de Ciga, convirti\u00e9ndose en 1984 en el <strong>primer Parque Natural de la comunidad<\/strong>, siguiendo el expreso deseo del mismo de que se conservara sin variar sus caracter\u00edsticas.<\/p>\n\n\n\n<figure class=\"wp-block-image size-full\"><img loading=\"lazy\" decoding=\"async\" width=\"2000\" height=\"1333\" src=\"http:\/\/www.canariasviaja.com\/viajaresvivir\/wp-content\/uploads\/2022\/06\/Senoriobertiz.jpg\" alt=\"Se\u00f1orio de Bertiz\" class=\"wp-image-8962\" srcset=\"https:\/\/www.canariasviaja.com\/viajaresvivir\/wp-content\/uploads\/2022\/06\/Senoriobertiz.jpg 2000w, https:\/\/www.canariasviaja.com\/viajaresvivir\/wp-content\/uploads\/2022\/06\/Senoriobertiz-300x200.jpg 300w, https:\/\/www.canariasviaja.com\/viajaresvivir\/wp-content\/uploads\/2022\/06\/Senoriobertiz-768x512.jpg 768w, https:\/\/www.canariasviaja.com\/viajaresvivir\/wp-content\/uploads\/2022\/06\/Senoriobertiz-1536x1024.jpg 1536w, https:\/\/www.canariasviaja.com\/viajaresvivir\/wp-content\/uploads\/2022\/06\/Senoriobertiz-1200x800.jpg 1200w, https:\/\/www.canariasviaja.com\/viajaresvivir\/wp-content\/uploads\/2022\/06\/Senoriobertiz-1620x1080.jpg 1620w\" sizes=\"(max-width: 2000px) 100vw, 2000px\" \/><figcaption>Sendero en el Parque Natural Se\u00f1or\u00edo de Bertiz<\/figcaption><\/figure>\n\n\n\n<p>Las primeras referencias a la propiedad de este se\u00f1or\u00edo datan de 1392, cuando <strong>Pedro Miguel B\u00e9rtiz<\/strong> fue nombrado Merino de las Monta\u00f1as por el rey Carlos III El Noble. El se\u00f1or\u00edo permaneci\u00f3 en manos de sus descendientes hasta finales del siglo XIX, en que se sucedieron diversos propietarios entre los que destacan el marqu\u00e9s de Vessolla y los Oteiza, quienes finalmente vendieron la finca al matrimonio<strong> Ciga-Fern\u00e1ndez<\/strong>, el cual mostr\u00f3 una gran sensibilidad por la <strong>conservaci\u00f3n y protecci\u00f3n de la naturaleza.<\/strong><\/p>\n\n\n\n<div style=\"height:100px\" aria-hidden=\"true\" class=\"wp-block-spacer\"><\/div>\n\n\n\n<h3 class=\"wp-block-heading\">Parque Natural Se\u00f1or\u00edo de Bertiz<\/h3>\n\n\n\n<figure class=\"wp-block-image size-full\"><img loading=\"lazy\" decoding=\"async\" width=\"1024\" height=\"683\" src=\"http:\/\/www.canariasviaja.com\/viajaresvivir\/wp-content\/uploads\/2022\/06\/puentenetrada.jpg\" alt=\"Entrada al se\u00f1or\u00edo de bertiz\" class=\"wp-image-8953\" srcset=\"https:\/\/www.canariasviaja.com\/viajaresvivir\/wp-content\/uploads\/2022\/06\/puentenetrada.jpg 1024w, https:\/\/www.canariasviaja.com\/viajaresvivir\/wp-content\/uploads\/2022\/06\/puentenetrada-300x200.jpg 300w, https:\/\/www.canariasviaja.com\/viajaresvivir\/wp-content\/uploads\/2022\/06\/puentenetrada-768x512.jpg 768w\" sizes=\"(max-width: 1024px) 100vw, 1024px\" \/><figcaption>Puente de entrada al Se\u00f1or\u00edo de Bertiz sobre el r\u00edo Bazt\u00e1n<\/figcaption><\/figure>\n\n\n\n<p>En el se\u00f1or\u00edo de Bertiz encontramos dos espacios claramente definidos: el <strong>Jard\u00edn Hist\u00f3rico- Art\u00edstico<\/strong> y el <strong>Bosque<\/strong>.<\/p>\n\n\n\n<ul class=\"wp-block-list\"><li>El <strong>jard\u00edn hist\u00f3rico- art\u00edstico<\/strong>, de 3,4 hect\u00e1reas de extensi\u00f3n, acoge al Jard\u00edn, a la casa \u201cTenientetxea\u201d, donde est\u00e1 el <strong>Centro de Interpretaci\u00f3n de la Naturaleza del Parque Natural de Bertiz<\/strong>; y al <strong>Palacio de Bertiz<\/strong>, antigua residencia de los propietarios de la finca.<\/li><\/ul>\n\n\n\n<figure class=\"wp-block-image size-full\"><img loading=\"lazy\" decoding=\"async\" width=\"1024\" height=\"683\" src=\"http:\/\/www.canariasviaja.com\/viajaresvivir\/wp-content\/uploads\/2022\/06\/Palaciobertiz3.jpg\" alt=\"\" class=\"wp-image-8951\" srcset=\"https:\/\/www.canariasviaja.com\/viajaresvivir\/wp-content\/uploads\/2022\/06\/Palaciobertiz3.jpg 1024w, https:\/\/www.canariasviaja.com\/viajaresvivir\/wp-content\/uploads\/2022\/06\/Palaciobertiz3-300x200.jpg 300w, https:\/\/www.canariasviaja.com\/viajaresvivir\/wp-content\/uploads\/2022\/06\/Palaciobertiz3-768x512.jpg 768w\" sizes=\"(max-width: 1024px) 100vw, 1024px\" \/><figcaption>Palacio de Bertiz<\/figcaption><\/figure>\n\n\n\n<ul class=\"wp-block-list\"><li>El <strong>bosque<\/strong>, con una superficie de 2.048 hect\u00e1reas, es una de las mejores muestras de <strong>bosque atl\u00e1ntico mixto<\/strong> que hay en el norte de Espa\u00f1a, en la que domina el hayedo y, en menor medida, el robledal. A la entrada se encuentra el<strong> cedro de Bertiz<\/strong>, un ejemplar protegido de 31 metros de altura. El punto m\u00e1s alto del se\u00f1or\u00edo es el <strong>monte Aizkolegi<\/strong>, de 842 metros, un mirador privilegiado junto a las ruinas del antiguo palacio modernista que mand\u00f3 a construir su \u00faltimo propietario.<\/li><\/ul>\n\n\n\n<div style=\"height:100px\" aria-hidden=\"true\" class=\"wp-block-spacer\"><\/div>\n\n\n\n<h3 class=\"wp-block-heading\">El Jard\u00edn Hist\u00f3rico Art\u00edstico<\/h3>\n\n\n\n<figure class=\"wp-block-image size-full\"><img loading=\"lazy\" decoding=\"async\" width=\"1024\" height=\"683\" src=\"http:\/\/www.canariasviaja.com\/viajaresvivir\/wp-content\/uploads\/2022\/06\/jardinhistorico.jpg\" alt=\"\" class=\"wp-image-8939\" srcset=\"https:\/\/www.canariasviaja.com\/viajaresvivir\/wp-content\/uploads\/2022\/06\/jardinhistorico.jpg 1024w, https:\/\/www.canariasviaja.com\/viajaresvivir\/wp-content\/uploads\/2022\/06\/jardinhistorico-300x200.jpg 300w, https:\/\/www.canariasviaja.com\/viajaresvivir\/wp-content\/uploads\/2022\/06\/jardinhistorico-768x512.jpg 768w\" sizes=\"(max-width: 1024px) 100vw, 1024px\" \/><figcaption>Parque hist\u00f3rico- art\u00edstico<\/figcaption><\/figure>\n\n\n\n<p>Uno de los legados de su \u00faltimo propietario, D. Pedro de Ciga,  fue la construcci\u00f3n del jard\u00edn pintoresco, que cuenta&nbsp; con m\u00e1s de 100 a\u00f1os de antig\u00fcedad, conformado por un bello entramado de <strong>caminos y senderos sinuoso<\/strong>s rodeados de <strong>setos, macizos de flores y grandes \u00e1rboles<\/strong>, como el cipr\u00e9s de los pantanos, el ginkgo, la secuoya o la hiba, &nbsp;tra\u00eddas <strong>de diferentes rincones del mundo<\/strong>. <\/p>\n\n\n\n<figure class=\"wp-block-gallery has-nested-images columns-default is-cropped wp-block-gallery-1 is-layout-flex wp-block-gallery-is-layout-flex\">\n<figure class=\"wp-block-image size-full\"><img loading=\"lazy\" decoding=\"async\" width=\"683\" height=\"1024\" data-id=\"8921\" src=\"http:\/\/www.canariasviaja.com\/viajaresvivir\/wp-content\/uploads\/2022\/06\/Bambu-paseo.jpg\" alt=\"\" class=\"wp-image-8921\" srcset=\"https:\/\/www.canariasviaja.com\/viajaresvivir\/wp-content\/uploads\/2022\/06\/Bambu-paseo.jpg 683w, https:\/\/www.canariasviaja.com\/viajaresvivir\/wp-content\/uploads\/2022\/06\/Bambu-paseo-200x300.jpg 200w\" sizes=\"(max-width: 683px) 100vw, 683px\" \/><\/figure>\n\n\n\n<figure class=\"wp-block-image size-full\"><img loading=\"lazy\" decoding=\"async\" width=\"683\" height=\"1024\" data-id=\"8948\" src=\"http:\/\/www.canariasviaja.com\/viajaresvivir\/wp-content\/uploads\/2022\/06\/nenufar.jpg\" alt=\"\" class=\"wp-image-8948\" srcset=\"https:\/\/www.canariasviaja.com\/viajaresvivir\/wp-content\/uploads\/2022\/06\/nenufar.jpg 683w, https:\/\/www.canariasviaja.com\/viajaresvivir\/wp-content\/uploads\/2022\/06\/nenufar-200x300.jpg 200w\" sizes=\"(max-width: 683px) 100vw, 683px\" \/><\/figure>\n\n\n\n<figure class=\"wp-block-image size-full\"><img loading=\"lazy\" decoding=\"async\" width=\"1024\" height=\"683\" data-id=\"8928\" src=\"http:\/\/www.canariasviaja.com\/viajaresvivir\/wp-content\/uploads\/2022\/06\/copas-de-arbol.jpg\" alt=\"\" class=\"wp-image-8928\" srcset=\"https:\/\/www.canariasviaja.com\/viajaresvivir\/wp-content\/uploads\/2022\/06\/copas-de-arbol.jpg 1024w, https:\/\/www.canariasviaja.com\/viajaresvivir\/wp-content\/uploads\/2022\/06\/copas-de-arbol-300x200.jpg 300w, https:\/\/www.canariasviaja.com\/viajaresvivir\/wp-content\/uploads\/2022\/06\/copas-de-arbol-768x512.jpg 768w\" sizes=\"(max-width: 1024px) 100vw, 1024px\" \/><\/figure>\n<\/figure>\n\n\n\n<figure class=\"wp-block-image size-full\"><img loading=\"lazy\" decoding=\"async\" width=\"1024\" height=\"683\" src=\"http:\/\/www.canariasviaja.com\/viajaresvivir\/wp-content\/uploads\/2022\/06\/lago.jpg\" alt=\"\" class=\"wp-image-8941\" srcset=\"https:\/\/www.canariasviaja.com\/viajaresvivir\/wp-content\/uploads\/2022\/06\/lago.jpg 1024w, https:\/\/www.canariasviaja.com\/viajaresvivir\/wp-content\/uploads\/2022\/06\/lago-300x200.jpg 300w, https:\/\/www.canariasviaja.com\/viajaresvivir\/wp-content\/uploads\/2022\/06\/lago-768x512.jpg 768w\" sizes=\"(max-width: 1024px) 100vw, 1024px\" \/><\/figure>\n\n\n\n<figure class=\"wp-block-gallery has-nested-images columns-default is-cropped wp-block-gallery-2 is-layout-flex wp-block-gallery-is-layout-flex\">\n<figure class=\"wp-block-image size-large\"><img loading=\"lazy\" decoding=\"async\" width=\"1024\" height=\"683\" data-id=\"8957\" src=\"http:\/\/www.canariasviaja.com\/viajaresvivir\/wp-content\/uploads\/2022\/06\/secouya.jpg\" alt=\"\" class=\"wp-image-8957\" srcset=\"https:\/\/www.canariasviaja.com\/viajaresvivir\/wp-content\/uploads\/2022\/06\/secouya.jpg 1024w, https:\/\/www.canariasviaja.com\/viajaresvivir\/wp-content\/uploads\/2022\/06\/secouya-300x200.jpg 300w, https:\/\/www.canariasviaja.com\/viajaresvivir\/wp-content\/uploads\/2022\/06\/secouya-768x512.jpg 768w\" sizes=\"(max-width: 1024px) 100vw, 1024px\" \/><\/figure>\n\n\n\n<figure class=\"wp-block-image size-large\"><img loading=\"lazy\" decoding=\"async\" width=\"2000\" height=\"1333\" data-id=\"8946\" src=\"http:\/\/www.canariasviaja.com\/viajaresvivir\/wp-content\/uploads\/2022\/06\/mirador.jpg\" alt=\"\" class=\"wp-image-8946\" srcset=\"https:\/\/www.canariasviaja.com\/viajaresvivir\/wp-content\/uploads\/2022\/06\/mirador.jpg 2000w, https:\/\/www.canariasviaja.com\/viajaresvivir\/wp-content\/uploads\/2022\/06\/mirador-300x200.jpg 300w, https:\/\/www.canariasviaja.com\/viajaresvivir\/wp-content\/uploads\/2022\/06\/mirador-768x512.jpg 768w, https:\/\/www.canariasviaja.com\/viajaresvivir\/wp-content\/uploads\/2022\/06\/mirador-1536x1024.jpg 1536w, https:\/\/www.canariasviaja.com\/viajaresvivir\/wp-content\/uploads\/2022\/06\/mirador-1200x800.jpg 1200w, https:\/\/www.canariasviaja.com\/viajaresvivir\/wp-content\/uploads\/2022\/06\/mirador-1620x1080.jpg 1620w\" sizes=\"(max-width: 2000px) 100vw, 2000px\" \/><\/figure>\n\n\n\n<figure class=\"wp-block-image size-large\"><img loading=\"lazy\" decoding=\"async\" width=\"1024\" height=\"683\" data-id=\"8920\" src=\"http:\/\/www.canariasviaja.com\/viajaresvivir\/wp-content\/uploads\/2022\/06\/arbolescultura.jpg\" alt=\"\" class=\"wp-image-8920\" srcset=\"https:\/\/www.canariasviaja.com\/viajaresvivir\/wp-content\/uploads\/2022\/06\/arbolescultura.jpg 1024w, https:\/\/www.canariasviaja.com\/viajaresvivir\/wp-content\/uploads\/2022\/06\/arbolescultura-300x200.jpg 300w, https:\/\/www.canariasviaja.com\/viajaresvivir\/wp-content\/uploads\/2022\/06\/arbolescultura-768x512.jpg 768w\" sizes=\"(max-width: 1024px) 100vw, 1024px\" \/><\/figure>\n<\/figure>\n\n\n\n<p>Adem\u00e1s de por la <strong>riqueza bot\u00e1nica<\/strong> que podemos contemplar, este jard\u00edn sobresale por sus <strong>estanques, puentes, glorietas y otros elementos de gran belleza,<\/strong> como la capilla y el mirador, que nos hablan de los <strong>referentes est\u00e9ticos de finales del siglo XIX y principios del XX<\/strong>.<\/p>\n\n\n\n<h2 class=\"wp-block-heading\">Descubre sus rincones<\/h2>\n\n\n\n<figure class=\"wp-block-gallery has-nested-images columns-default is-cropped wp-block-gallery-3 is-layout-flex wp-block-gallery-is-layout-flex\">\n<figure class=\"wp-block-image size-large\"><img loading=\"lazy\" decoding=\"async\" width=\"683\" height=\"1024\" data-id=\"8943\" src=\"http:\/\/www.canariasviaja.com\/viajaresvivir\/wp-content\/uploads\/2022\/06\/lago3.jpg\" alt=\"\" class=\"wp-image-8943\" srcset=\"https:\/\/www.canariasviaja.com\/viajaresvivir\/wp-content\/uploads\/2022\/06\/lago3.jpg 683w, https:\/\/www.canariasviaja.com\/viajaresvivir\/wp-content\/uploads\/2022\/06\/lago3-200x300.jpg 200w\" sizes=\"(max-width: 683px) 100vw, 683px\" \/><\/figure>\n\n\n\n<figure class=\"wp-block-image size-large\"><img loading=\"lazy\" decoding=\"async\" width=\"1024\" height=\"683\" data-id=\"8926\" src=\"http:\/\/www.canariasviaja.com\/viajaresvivir\/wp-content\/uploads\/2022\/06\/cascada.jpg\" alt=\"\" class=\"wp-image-8926\" srcset=\"https:\/\/www.canariasviaja.com\/viajaresvivir\/wp-content\/uploads\/2022\/06\/cascada.jpg 1024w, https:\/\/www.canariasviaja.com\/viajaresvivir\/wp-content\/uploads\/2022\/06\/cascada-300x200.jpg 300w, https:\/\/www.canariasviaja.com\/viajaresvivir\/wp-content\/uploads\/2022\/06\/cascada-768x512.jpg 768w\" sizes=\"(max-width: 1024px) 100vw, 1024px\" \/><\/figure>\n<\/figure>\n\n\n\n<p>Te invitamos a que recorras sus senderos para que disfrutes rincones tan sugerentes como:<\/p>\n\n\n\n<ul class=\"wp-block-list\"><li><strong>La p\u00e9rgola de colores<\/strong>, situada junto a la entrada al Jard\u00edn hist\u00f3rico.  Este cenador de inspiraci\u00f3n rom\u00e1ntica tiene una planta de pol\u00edgono de 12 caras cerrado por celos\u00edas met\u00e1licas con una trama en forma romboidal.<\/li><li><strong>El lago y su p\u00e9rgola<\/strong>.  El lago est\u00e1 situado en el n\u00facleo central del jard\u00edn&nbsp;y tiene forma de ocho asim\u00e9trico. En la parte m\u00e1s al norte est\u00e1 la <strong>cascada artificial<\/strong> de formas caprichosas. Este lago se convierte en un r\u00edo que corre bajo dos <strong>puentes<\/strong>. Alrededor del lago disfrutaremos de diferentes rincones que nos invitan a la contemplaci\u00f3n, como la p\u00e9rgola hecha artesanalmente con hormig\u00f3n que imita madera, al gusto modernista, o el bosquete de <strong>bamb\u00fa negro<\/strong>.<\/li><li><strong>El Palacio de Bertiz.<\/strong> En la parte sureste de la parcela se encuentran las tres construcciones principales del Jard\u00edn. <strong>El Palacio<\/strong>, que fue vivienda habitual de sus propietarios, acoge ahora exposiciones y encuentros. A su izquierda est\u00e1 el <strong>jard\u00edn viejo<\/strong> (\u00abJardinzarra\u00bb), el jard\u00edn original del palacio antes de la compra por parte de los se\u00f1ores <strong>Ciga-Fern\u00e1ndez<\/strong>, donde encontramos tejos y robles centenarios.<\/li><li>  <strong>La Tenientetxea<\/strong>, antigua vivienda del teniente de la Finca, de arquitectura tradicional navarra, es la sede del <strong>Centro de Interpretaci\u00f3n del Parque Natural de Bertiz<\/strong>. Detr\u00e1s de ella encontramos el gran <strong>huerto<\/strong> que abastec\u00eda a la Finca. &nbsp;<\/li><li><strong>La cochera<\/strong>, donde antiguamente se guardaban los carruajes, acoge la maqueta del parque y la sala de proyecciones.<\/li><li><strong>La capilla<\/strong> que podemos contemplar frente a la casa es fruto de la reforma de la antigua ermita, que finaliz\u00f3 en el a\u00f1o 1908 y es una excelente muestra del <strong>estilo modernista.<\/strong> Su marquesina exterior est\u00e1 decorada con azulejos que representan paisajes id\u00edlicos y destaca el trabajo en forja de la misma y la elaborada vidriera de los afamados hermanos Maumejean.<\/li><li><strong>El mirador<\/strong> de principios del siglo XX. Est\u00e1 situado sobre el r\u00edo Baztan y frente al pueblo de Oronoz-Mugaire. Un singular mirador de tres niveles de aspecto oriental con cubierta de escamas cer\u00e1micas vidriadas, muy habitual en los jardines de la \u00e9poca.<\/li><\/ul>\n\n\n\n<figure class=\"wp-block-image size-full\"><img loading=\"lazy\" decoding=\"async\" width=\"2000\" height=\"1333\" src=\"http:\/\/www.canariasviaja.com\/viajaresvivir\/wp-content\/uploads\/2022\/06\/edificacionesbertiz.jpg\" alt=\"\" class=\"wp-image-8930\" srcset=\"https:\/\/www.canariasviaja.com\/viajaresvivir\/wp-content\/uploads\/2022\/06\/edificacionesbertiz.jpg 2000w, https:\/\/www.canariasviaja.com\/viajaresvivir\/wp-content\/uploads\/2022\/06\/edificacionesbertiz-300x200.jpg 300w, https:\/\/www.canariasviaja.com\/viajaresvivir\/wp-content\/uploads\/2022\/06\/edificacionesbertiz-768x512.jpg 768w, https:\/\/www.canariasviaja.com\/viajaresvivir\/wp-content\/uploads\/2022\/06\/edificacionesbertiz-1536x1024.jpg 1536w, https:\/\/www.canariasviaja.com\/viajaresvivir\/wp-content\/uploads\/2022\/06\/edificacionesbertiz-1200x800.jpg 1200w, https:\/\/www.canariasviaja.com\/viajaresvivir\/wp-content\/uploads\/2022\/06\/edificacionesbertiz-1620x1080.jpg 1620w\" sizes=\"(max-width: 2000px) 100vw, 2000px\" \/><figcaption>Edificaciones Parque Hist\u00f3rico Art\u00edstico Se\u00f1or\u00edo de Bertiz<\/figcaption><\/figure>\n\n\n\n<figure class=\"wp-block-gallery has-nested-images columns-default is-cropped wp-block-gallery-4 is-layout-flex wp-block-gallery-is-layout-flex\">\n<figure class=\"wp-block-image size-large\"><img loading=\"lazy\" decoding=\"async\" width=\"1024\" height=\"683\" data-id=\"8925\" src=\"http:\/\/www.canariasviaja.com\/viajaresvivir\/wp-content\/uploads\/2022\/06\/Capillageneral.jpg\" alt=\"\" class=\"wp-image-8925\" srcset=\"https:\/\/www.canariasviaja.com\/viajaresvivir\/wp-content\/uploads\/2022\/06\/Capillageneral.jpg 1024w, https:\/\/www.canariasviaja.com\/viajaresvivir\/wp-content\/uploads\/2022\/06\/Capillageneral-300x200.jpg 300w, https:\/\/www.canariasviaja.com\/viajaresvivir\/wp-content\/uploads\/2022\/06\/Capillageneral-768x512.jpg 768w\" sizes=\"(max-width: 1024px) 100vw, 1024px\" \/><figcaption>Capilla modernista<\/figcaption><\/figure>\n\n\n\n<figure class=\"wp-block-image size-large\"><img loading=\"lazy\" decoding=\"async\" width=\"2000\" height=\"1333\" data-id=\"8965\" src=\"http:\/\/www.canariasviaja.com\/viajaresvivir\/wp-content\/uploads\/2022\/06\/vidrieracapilla.jpg\" alt=\"\" class=\"wp-image-8965\" srcset=\"https:\/\/www.canariasviaja.com\/viajaresvivir\/wp-content\/uploads\/2022\/06\/vidrieracapilla.jpg 2000w, https:\/\/www.canariasviaja.com\/viajaresvivir\/wp-content\/uploads\/2022\/06\/vidrieracapilla-300x200.jpg 300w, https:\/\/www.canariasviaja.com\/viajaresvivir\/wp-content\/uploads\/2022\/06\/vidrieracapilla-768x512.jpg 768w, https:\/\/www.canariasviaja.com\/viajaresvivir\/wp-content\/uploads\/2022\/06\/vidrieracapilla-1536x1024.jpg 1536w, https:\/\/www.canariasviaja.com\/viajaresvivir\/wp-content\/uploads\/2022\/06\/vidrieracapilla-1200x800.jpg 1200w, https:\/\/www.canariasviaja.com\/viajaresvivir\/wp-content\/uploads\/2022\/06\/vidrieracapilla-1620x1080.jpg 1620w\" sizes=\"(max-width: 2000px) 100vw, 2000px\" \/><figcaption>Vidrieras modernistas<\/figcaption><\/figure>\n<\/figure>\n\n\n\n<figure class=\"wp-block-image size-full\"><img loading=\"lazy\" decoding=\"async\" width=\"1024\" height=\"683\" src=\"http:\/\/www.canariasviaja.com\/viajaresvivir\/wp-content\/uploads\/2022\/06\/palaciobertiz2.jpg\" alt=\"\" class=\"wp-image-8950\" srcset=\"https:\/\/www.canariasviaja.com\/viajaresvivir\/wp-content\/uploads\/2022\/06\/palaciobertiz2.jpg 1024w, https:\/\/www.canariasviaja.com\/viajaresvivir\/wp-content\/uploads\/2022\/06\/palaciobertiz2-300x200.jpg 300w, https:\/\/www.canariasviaja.com\/viajaresvivir\/wp-content\/uploads\/2022\/06\/palaciobertiz2-768x512.jpg 768w\" sizes=\"(max-width: 1024px) 100vw, 1024px\" \/><figcaption>Palacio y capilla de Bertiz<\/figcaption><\/figure>\n\n\n\n<div style=\"height:100px\" aria-hidden=\"true\" class=\"wp-block-spacer\"><\/div>\n\n\n\n<h3 class=\"wp-block-heading\">El Bosque<\/h3>\n\n\n\n<figure class=\"wp-block-image size-full\"><img loading=\"lazy\" decoding=\"async\" width=\"2000\" height=\"1333\" src=\"http:\/\/www.canariasviaja.com\/viajaresvivir\/wp-content\/uploads\/2022\/06\/Senderismo-Bertiz.jpg\" alt=\"\" class=\"wp-image-8958\" srcset=\"https:\/\/www.canariasviaja.com\/viajaresvivir\/wp-content\/uploads\/2022\/06\/Senderismo-Bertiz.jpg 2000w, https:\/\/www.canariasviaja.com\/viajaresvivir\/wp-content\/uploads\/2022\/06\/Senderismo-Bertiz-300x200.jpg 300w, https:\/\/www.canariasviaja.com\/viajaresvivir\/wp-content\/uploads\/2022\/06\/Senderismo-Bertiz-768x512.jpg 768w, https:\/\/www.canariasviaja.com\/viajaresvivir\/wp-content\/uploads\/2022\/06\/Senderismo-Bertiz-1536x1024.jpg 1536w, https:\/\/www.canariasviaja.com\/viajaresvivir\/wp-content\/uploads\/2022\/06\/Senderismo-Bertiz-1200x800.jpg 1200w, https:\/\/www.canariasviaja.com\/viajaresvivir\/wp-content\/uploads\/2022\/06\/Senderismo-Bertiz-1620x1080.jpg 1620w\" sizes=\"(max-width: 2000px) 100vw, 2000px\" \/><figcaption>Senderismo en Parque Natural Se\u00f1or\u00edo de Bertiz<\/figcaption><\/figure>\n\n\n\n<p>Las 2.048 hect\u00e1reas del bosque del Se\u00f1or\u00edo de Bertiz son una de las mejores muestras de <strong>bosque atl\u00e1ntico mixto<\/strong> que hay en el norte de Espa\u00f1a, en la que domina el hayedo y, en menor medida, el robledal. El bosque est\u00e1 atravesado por la <strong>regata de Bertiz<\/strong>, por la que fluye el agua. El punto m\u00e1s alto del se\u00f1or\u00edo es el <strong>monte Aizkolegi<\/strong>, de 842 metros, un mirador privilegiado junto a las ruinas del <strong>antiguo palacio modernista<\/strong> que mand\u00f3 a construir su \u00faltimo propietario.<\/p>\n\n\n\n<p>El <strong>clima es de car\u00e1cter oce\u00e1nico<\/strong>, debido a la cercan\u00eda del mar Cant\u00e1brico y al car\u00e1cter monta\u00f1oso de Bertiz, siendo una de las primeras barreras frente a la penetraci\u00f3n de la brisa marina, de forma que la pluviosidad es elevada y las temperaturas suaves.<\/p>\n\n\n\n<p>En este h\u00e1bitat podemos encontrar mam\u00edferos como <strong>el zorro, el jabal\u00ed, el tej\u00f3n, la fuina, el gato mont\u00e9s, el erizo o el corzo<\/strong>. Y avistar aves como el <strong>\u00e1guila, el cern\u00edcalo, el herrerillo o el carbonero.<\/strong> El Se\u00f1or\u00edo de Bertiz es el \u00fanico lugar de Espa\u00f1a en el que podremos avistar las siete clases de <strong>p\u00e1jaro carpintero<\/strong> que existen.<\/p>\n\n\n\n<h2 class=\"wp-block-heading\">Los senderos del parque<\/h2>\n\n\n\n<figure class=\"wp-block-gallery has-nested-images columns-default is-cropped wp-block-gallery-5 is-layout-flex wp-block-gallery-is-layout-flex\">\n<figure class=\"wp-block-image size-large\"><img loading=\"lazy\" decoding=\"async\" width=\"683\" height=\"1024\" data-id=\"8963\" src=\"http:\/\/www.canariasviaja.com\/viajaresvivir\/wp-content\/uploads\/2022\/06\/SenoriodeBertiz2.jpg\" alt=\"\" class=\"wp-image-8963\" srcset=\"https:\/\/www.canariasviaja.com\/viajaresvivir\/wp-content\/uploads\/2022\/06\/SenoriodeBertiz2.jpg 683w, https:\/\/www.canariasviaja.com\/viajaresvivir\/wp-content\/uploads\/2022\/06\/SenoriodeBertiz2-200x300.jpg 200w\" sizes=\"(max-width: 683px) 100vw, 683px\" \/><\/figure>\n\n\n\n<figure class=\"wp-block-image size-large\"><img loading=\"lazy\" decoding=\"async\" width=\"683\" height=\"1024\" data-id=\"8960\" src=\"http:\/\/www.canariasviaja.com\/viajaresvivir\/wp-content\/uploads\/2022\/06\/Senderobertiz.jpg\" alt=\"\" class=\"wp-image-8960\" srcset=\"https:\/\/www.canariasviaja.com\/viajaresvivir\/wp-content\/uploads\/2022\/06\/Senderobertiz.jpg 683w, https:\/\/www.canariasviaja.com\/viajaresvivir\/wp-content\/uploads\/2022\/06\/Senderobertiz-200x300.jpg 200w\" sizes=\"(max-width: 683px) 100vw, 683px\" \/><\/figure>\n\n\n\n<figure class=\"wp-block-image size-large\"><img loading=\"lazy\" decoding=\"async\" width=\"683\" height=\"1024\" data-id=\"8954\" src=\"http:\/\/www.canariasviaja.com\/viajaresvivir\/wp-content\/uploads\/2022\/06\/Regatabertiz.jpg\" alt=\"\" class=\"wp-image-8954\" srcset=\"https:\/\/www.canariasviaja.com\/viajaresvivir\/wp-content\/uploads\/2022\/06\/Regatabertiz.jpg 683w, https:\/\/www.canariasviaja.com\/viajaresvivir\/wp-content\/uploads\/2022\/06\/Regatabertiz-200x300.jpg 200w\" sizes=\"(max-width: 683px) 100vw, 683px\" \/><\/figure>\n<\/figure>\n\n\n\n<p>Podemos recorrer el parque utilizando la <strong>red de senderos<\/strong> habilitada para ello, adaptados a diferentes niveles de dificultad para que sean accesibles para personas de cualquier edad y forma f\u00edsica. El punto de salida de todos est\u00e1 junto al <strong>aparcamiento<\/strong>.<\/p>\n\n\n\n<p><strong>AIZKOLEGI<\/strong>&nbsp;(sendero verde)&nbsp;&nbsp;<br>La cumbre de Aizkolegi (830 m.) es el punto m\u00e1s alto de Bertiz. Es un magnifico mirador sobre Bertiz y los valles colindantes. Los \u00faltimos propietarios construyeron un palacete de verano del que se conservan las ruinas.<br>Longitud: Casi 11 km. por la pista forestal del parque.<br>Desnivel: 680 m.<br>Recorrido total: 22km.<br>Tiempo medio: 6 a 7 horas<br><br><strong>ITURBURUA<\/strong>&nbsp;(sendero negro)&nbsp;&nbsp;<br>Este sendero es una variante del de Suspiro, con menos recorrido.<br>La senda confluye con la pista forestal de Suspiro, una vez pasado el manantial de Suspiro y tras cruzar la regata del mismo nombre. La pista a su vez confluye con la de Aizkolegi a unos 2,4 km. del aparcamiento.<br>Longitud: 3 km. por sendas y pistas.<br>Desnivel: 180 m.<br>Recorrido total: 6 km.<br>Tiempo medio: 2 horas.<\/p>\n\n\n\n<p><strong>AIZKOLEGI-PLAZAZELAI<\/strong>&nbsp;(sendero amarillo)&nbsp;&nbsp;<br>Este camino se conoce con el nombre de \u00abcamino de la paja\u00bb, ya que el matrimonio Ciga, una vez construida la pista de Aizkolegi, y debido a los deficientes accesos al barrio de Orabidea de Baztan, permit\u00eda el paso de los carros de paja con destino a los caser\u00edos vecinos.<br>Longitud: 2,5km. por la pista y camino forestal de fuerte pendiente.<br>Desnivel: 290 m.<br>Tiempo medio: menos de 1 hora.<br><br><strong>IRRETARAZU<\/strong>&nbsp;(sendero azul)&nbsp;&nbsp;<br>La senda de Irretarazu parte de la pista principal del parque a la altura de la Carbonera. A lo largo del recorrido se pueden observar restos de algunos de los usos tradicionales del bosque: el carboneo, el pastoreo, peque\u00f1as construcciones para almacenar casta\u00f1as, captaciones de agua&#8230; La senda finaliza en la pista de Aizkolegi a unos 3,6 km. del aparcamiento.<br>Longitud: 7km. por sendasy pistas.<br>Desnivel: 200 m.<br>Recorrido total: 11 km.<br>Tiempo medio: 3,5 a 4 horas.<br><br><strong>PLAZAZELAI<\/strong>&nbsp;(sendero morado)&nbsp;&nbsp;<br>El portillo de Plazazelai (540m.) marca el l\u00edmite del Se\u00f1or\u00edo de Bertiz con el valle de Baztan.<br>Longitud: 8km. por la pista forestal.<br>Desnivel: 390m.<br>Recorrido total: 16km.<br>Tiempo medio: 5 horas<br>Este es el \u00fanico recorrido autorizado para ciclistas.<br><br><strong>SUSPIRO<\/strong>&nbsp;(sendero rojo)&nbsp;&nbsp;<br>Este sendero es una variante del de Irretarazu, con menos recorrido.<br>La senda confluye con la pista forestal de Suspiro y esta a su vez con la de Aizkolegi a unos 2,4 km. del aparcamiento.<br>Longitud: 5 km. por sendas y pistas.<br>Desnivel: 200 m.<br>Recorrido total: 9 km.<br>Tiempo medio: 2,5 a 3 horas.<br><br><strong>ERREPARATZEA<\/strong>&nbsp;(sendero naranja)&nbsp;&nbsp;<br>Este peque\u00f1o paseo discurre a orillas del r\u00edo Bidasoa entre el acceso principal del parque y el puente y el palacio de Reparacea. Este camino fue el acceso principal a Bertiz hasta que se construy\u00f3 el punte de Oronoz-Mugairi.<br>Longitud: 700 m. por el antiguo camino.<br>Desnivel: Terreno llano.<br>Recorrido total: 1,5 km.<br>Tiempo medio: Media hora.<\/p>\n\n\n\n<p><a href=\"http:\/\/www.parquedebertiz.es\/imgx_new\/bertiz\/MapaGuia.pdf\" target=\"_blank\" rel=\"noreferrer noopener\">Mapa-Gu\u00eda. Descargue la informaci\u00f3n de todos los senderos.<\/a><\/p>\n\n\n\n<figure class=\"wp-block-image size-full\"><img loading=\"lazy\" decoding=\"async\" width=\"2000\" height=\"1333\" src=\"http:\/\/www.canariasviaja.com\/viajaresvivir\/wp-content\/uploads\/2022\/06\/ciclista-bertiz.jpg\" alt=\"ciclista en Parque Natural Se\u00f1or\u00edo de Bertiz\" class=\"wp-image-8966\" srcset=\"https:\/\/www.canariasviaja.com\/viajaresvivir\/wp-content\/uploads\/2022\/06\/ciclista-bertiz.jpg 2000w, https:\/\/www.canariasviaja.com\/viajaresvivir\/wp-content\/uploads\/2022\/06\/ciclista-bertiz-300x200.jpg 300w, https:\/\/www.canariasviaja.com\/viajaresvivir\/wp-content\/uploads\/2022\/06\/ciclista-bertiz-768x512.jpg 768w, https:\/\/www.canariasviaja.com\/viajaresvivir\/wp-content\/uploads\/2022\/06\/ciclista-bertiz-1536x1024.jpg 1536w, https:\/\/www.canariasviaja.com\/viajaresvivir\/wp-content\/uploads\/2022\/06\/ciclista-bertiz-1200x800.jpg 1200w, https:\/\/www.canariasviaja.com\/viajaresvivir\/wp-content\/uploads\/2022\/06\/ciclista-bertiz-1620x1080.jpg 1620w\" sizes=\"(max-width: 2000px) 100vw, 2000px\" \/><figcaption>Ciclista en Parque Natural Se\u00f1or\u00edo de Bertiz<\/figcaption><\/figure>\n\n\n\n<div class=\"wp-block-buttons is-layout-flex wp-block-buttons-is-layout-flex\">\n<div class=\"wp-block-button aligncenter\"><a class=\"wp-block-button__link\" href=\"https:\/\/bit.ly\/3buDuxI\">Disfruta de la naturaleza de Navarra<\/a><\/div>\n<\/div>\n","protected":false},"excerpt":{"rendered":"<p>El Se\u00f1or\u00edo de Bertiz es el primer parque natural de la Comunidad Foral de Navarra. Creado en 1984 incluye un bosque atl\u00e1ntico y un jard\u00edn hist\u00f3rico art\u00edstico de gran belleza.<\/p>\n","protected":false},"author":2,"featured_media":8966,"comment_status":"open","ping_status":"open","sticky":false,"template":"","format":"standard","meta":{"_acf_changed":false,"sfsi_plus_gutenberg_text_before_share":"","sfsi_plus_gutenberg_show_text_before_share":"","sfsi_plus_gutenberg_icon_type":"","sfsi_plus_gutenberg_icon_alignemt":"","sfsi_plus_gutenburg_max_per_row":"","footnotes":""},"categories":[125,124,123,10,105,100,197],"tags":[229,884,230,476,116,883],"class_list":["post-8910","post","type-post","status-publish","format-standard","has-post-thumbnail","hentry","category-aventurate","category-descubre","category-explora","category-historias-viajeras","category-pamplona","category-peninsulaybaleares","category-rincones-por-descubrir","tag-bosque","tag-escapadas-a-la-naturaleza","tag-navarra","tag-parque-natural","tag-senderismo","tag-senorio-de-bertiz"],"acf":[],"yoast_head":"<!-- This site is optimized with the Yoast SEO plugin v24.1 - https:\/\/yoast.com\/wordpress\/plugins\/seo\/ -->\n<title>Se\u00f1or\u00edo de Bertiz, un parque natural con historia - Viajar es vivir<\/title>\n<meta name=\"description\" content=\"Se\u00f1or\u00edo de Bertiz es el primer parque natural de Navarra. Un bosque y un jard\u00edn rom\u00e1ntico que guardan joyas bot\u00e1nicas y un reducto de biodiversidad.\" \/>\n<meta name=\"robots\" content=\"index, follow, max-snippet:-1, max-image-preview:large, max-video-preview:-1\" \/>\n<link rel=\"canonical\" href=\"https:\/\/www.canariasviaja.com\/viajaresvivir\/senorio-de-bertiz-naturaleza-e-historia\/\" \/>\n<meta property=\"og:locale\" content=\"es_ES\" \/>\n<meta property=\"og:type\" content=\"article\" \/>\n<meta property=\"og:title\" content=\"Se\u00f1or\u00edo de Bertiz, un parque natural con historia - Viajar es vivir\" \/>\n<meta property=\"og:description\" content=\"Se\u00f1or\u00edo de Bertiz es el primer parque natural de Navarra. Un bosque y un jard\u00edn rom\u00e1ntico que guardan joyas bot\u00e1nicas y un reducto de biodiversidad.\" \/>\n<meta property=\"og:url\" content=\"https:\/\/www.canariasviaja.com\/viajaresvivir\/senorio-de-bertiz-naturaleza-e-historia\/\" \/>\n<meta property=\"og:site_name\" content=\"Viajar es vivir\" \/>\n<meta property=\"article:published_time\" content=\"2022-06-28T12:05:28+00:00\" \/>\n<meta property=\"article:modified_time\" content=\"2022-06-28T12:31:02+00:00\" \/>\n<meta property=\"og:image\" content=\"http:\/\/www.canariasviaja.com\/viajaresvivir\/wp-content\/uploads\/2022\/06\/ciclista-bertiz.jpg\" \/>\n\t<meta property=\"og:image:width\" content=\"2000\" \/>\n\t<meta property=\"og:image:height\" content=\"1333\" \/>\n\t<meta property=\"og:image:type\" content=\"image\/jpeg\" \/>\n<meta name=\"author\" content=\"Patri C\u00e1mpora\" \/>\n<meta name=\"twitter:card\" content=\"summary_large_image\" \/>\n<meta name=\"twitter:label1\" content=\"Escrito por\" \/>\n\t<meta name=\"twitter:data1\" content=\"Patri C\u00e1mpora\" \/>\n\t<meta name=\"twitter:label2\" content=\"Tiempo de lectura\" \/>\n\t<meta name=\"twitter:data2\" content=\"12 minutos\" \/>\n<script type=\"application\/ld+json\" class=\"yoast-schema-graph\">{\"@context\":\"https:\/\/schema.org\",\"@graph\":[{\"@type\":\"WebPage\",\"@id\":\"https:\/\/www.canariasviaja.com\/viajaresvivir\/senorio-de-bertiz-naturaleza-e-historia\/\",\"url\":\"https:\/\/www.canariasviaja.com\/viajaresvivir\/senorio-de-bertiz-naturaleza-e-historia\/\",\"name\":\"Se\u00f1or\u00edo de Bertiz, un parque natural con historia - Viajar es vivir\",\"isPartOf\":{\"@id\":\"https:\/\/www.canariasviaja.com\/viajaresvivir\/#website\"},\"primaryImageOfPage\":{\"@id\":\"https:\/\/www.canariasviaja.com\/viajaresvivir\/senorio-de-bertiz-naturaleza-e-historia\/#primaryimage\"},\"image\":{\"@id\":\"https:\/\/www.canariasviaja.com\/viajaresvivir\/senorio-de-bertiz-naturaleza-e-historia\/#primaryimage\"},\"thumbnailUrl\":\"https:\/\/www.canariasviaja.com\/viajaresvivir\/wp-content\/uploads\/2022\/06\/ciclista-bertiz.jpg\",\"datePublished\":\"2022-06-28T12:05:28+00:00\",\"dateModified\":\"2022-06-28T12:31:02+00:00\",\"author\":{\"@id\":\"https:\/\/www.canariasviaja.com\/viajaresvivir\/#\/schema\/person\/085949651001325f1244a8bc1b34709c\"},\"description\":\"Se\u00f1or\u00edo de Bertiz es el primer parque natural de Navarra. Un bosque y un jard\u00edn rom\u00e1ntico que guardan joyas bot\u00e1nicas y un reducto de biodiversidad.\",\"breadcrumb\":{\"@id\":\"https:\/\/www.canariasviaja.com\/viajaresvivir\/senorio-de-bertiz-naturaleza-e-historia\/#breadcrumb\"},\"inLanguage\":\"es\",\"potentialAction\":[{\"@type\":\"ReadAction\",\"target\":[\"https:\/\/www.canariasviaja.com\/viajaresvivir\/senorio-de-bertiz-naturaleza-e-historia\/\"]}]},{\"@type\":\"ImageObject\",\"inLanguage\":\"es\",\"@id\":\"https:\/\/www.canariasviaja.com\/viajaresvivir\/senorio-de-bertiz-naturaleza-e-historia\/#primaryimage\",\"url\":\"https:\/\/www.canariasviaja.com\/viajaresvivir\/wp-content\/uploads\/2022\/06\/ciclista-bertiz.jpg\",\"contentUrl\":\"https:\/\/www.canariasviaja.com\/viajaresvivir\/wp-content\/uploads\/2022\/06\/ciclista-bertiz.jpg\",\"width\":2000,\"height\":1333},{\"@type\":\"BreadcrumbList\",\"@id\":\"https:\/\/www.canariasviaja.com\/viajaresvivir\/senorio-de-bertiz-naturaleza-e-historia\/#breadcrumb\",\"itemListElement\":[{\"@type\":\"ListItem\",\"position\":1,\"name\":\"Portada\",\"item\":\"https:\/\/www.canariasviaja.com\/viajaresvivir\/\"},{\"@type\":\"ListItem\",\"position\":2,\"name\":\"Se\u00f1or\u00edo de Bertiz, un parque natural con historia\"}]},{\"@type\":\"WebSite\",\"@id\":\"https:\/\/www.canariasviaja.com\/viajaresvivir\/#website\",\"url\":\"https:\/\/www.canariasviaja.com\/viajaresvivir\/\",\"name\":\"Viajar es vivir\",\"description\":\"El blog de viajes y estilo de vida de CanariasViaja\",\"potentialAction\":[{\"@type\":\"SearchAction\",\"target\":{\"@type\":\"EntryPoint\",\"urlTemplate\":\"https:\/\/www.canariasviaja.com\/viajaresvivir\/?s={search_term_string}\"},\"query-input\":{\"@type\":\"PropertyValueSpecification\",\"valueRequired\":true,\"valueName\":\"search_term_string\"}}],\"inLanguage\":\"es\"},{\"@type\":\"Person\",\"@id\":\"https:\/\/www.canariasviaja.com\/viajaresvivir\/#\/schema\/person\/085949651001325f1244a8bc1b34709c\",\"name\":\"Patri C\u00e1mpora\",\"image\":{\"@type\":\"ImageObject\",\"inLanguage\":\"es\",\"@id\":\"https:\/\/www.canariasviaja.com\/viajaresvivir\/#\/schema\/person\/image\/\",\"url\":\"https:\/\/secure.gravatar.com\/avatar\/b2ce2c4086a5776e5310f57c1a2e5b4e?s=96&d=mm&r=g\",\"contentUrl\":\"https:\/\/secure.gravatar.com\/avatar\/b2ce2c4086a5776e5310f57c1a2e5b4e?s=96&d=mm&r=g\",\"caption\":\"Patri C\u00e1mpora\"},\"url\":\"https:\/\/www.canariasviaja.com\/viajaresvivir\/author\/patri\/\"}]}<\/script>\n<!-- \/ Yoast SEO plugin. -->","yoast_head_json":{"title":"Se\u00f1or\u00edo de Bertiz, un parque natural con historia - Viajar es vivir","description":"Se\u00f1or\u00edo de Bertiz es el primer parque natural de Navarra. Un bosque y un jard\u00edn rom\u00e1ntico que guardan joyas bot\u00e1nicas y un reducto de biodiversidad.","robots":{"index":"index","follow":"follow","max-snippet":"max-snippet:-1","max-image-preview":"max-image-preview:large","max-video-preview":"max-video-preview:-1"},"canonical":"https:\/\/www.canariasviaja.com\/viajaresvivir\/senorio-de-bertiz-naturaleza-e-historia\/","og_locale":"es_ES","og_type":"article","og_title":"Se\u00f1or\u00edo de Bertiz, un parque natural con historia - Viajar es vivir","og_description":"Se\u00f1or\u00edo de Bertiz es el primer parque natural de Navarra. Un bosque y un jard\u00edn rom\u00e1ntico que guardan joyas bot\u00e1nicas y un reducto de biodiversidad.","og_url":"https:\/\/www.canariasviaja.com\/viajaresvivir\/senorio-de-bertiz-naturaleza-e-historia\/","og_site_name":"Viajar es vivir","article_published_time":"2022-06-28T12:05:28+00:00","article_modified_time":"2022-06-28T12:31:02+00:00","og_image":[{"width":2000,"height":1333,"url":"http:\/\/www.canariasviaja.com\/viajaresvivir\/wp-content\/uploads\/2022\/06\/ciclista-bertiz.jpg","type":"image\/jpeg"}],"author":"Patri C\u00e1mpora","twitter_card":"summary_large_image","twitter_misc":{"Escrito por":"Patri C\u00e1mpora","Tiempo de lectura":"12 minutos"},"schema":{"@context":"https:\/\/schema.org","@graph":[{"@type":"WebPage","@id":"https:\/\/www.canariasviaja.com\/viajaresvivir\/senorio-de-bertiz-naturaleza-e-historia\/","url":"https:\/\/www.canariasviaja.com\/viajaresvivir\/senorio-de-bertiz-naturaleza-e-historia\/","name":"Se\u00f1or\u00edo de Bertiz, un parque natural con historia - Viajar es vivir","isPartOf":{"@id":"https:\/\/www.canariasviaja.com\/viajaresvivir\/#website"},"primaryImageOfPage":{"@id":"https:\/\/www.canariasviaja.com\/viajaresvivir\/senorio-de-bertiz-naturaleza-e-historia\/#primaryimage"},"image":{"@id":"https:\/\/www.canariasviaja.com\/viajaresvivir\/senorio-de-bertiz-naturaleza-e-historia\/#primaryimage"},"thumbnailUrl":"https:\/\/www.canariasviaja.com\/viajaresvivir\/wp-content\/uploads\/2022\/06\/ciclista-bertiz.jpg","datePublished":"2022-06-28T12:05:28+00:00","dateModified":"2022-06-28T12:31:02+00:00","author":{"@id":"https:\/\/www.canariasviaja.com\/viajaresvivir\/#\/schema\/person\/085949651001325f1244a8bc1b34709c"},"description":"Se\u00f1or\u00edo de Bertiz es el primer parque natural de Navarra. Un bosque y un jard\u00edn rom\u00e1ntico que guardan joyas bot\u00e1nicas y un reducto de biodiversidad.","breadcrumb":{"@id":"https:\/\/www.canariasviaja.com\/viajaresvivir\/senorio-de-bertiz-naturaleza-e-historia\/#breadcrumb"},"inLanguage":"es","potentialAction":[{"@type":"ReadAction","target":["https:\/\/www.canariasviaja.com\/viajaresvivir\/senorio-de-bertiz-naturaleza-e-historia\/"]}]},{"@type":"ImageObject","inLanguage":"es","@id":"https:\/\/www.canariasviaja.com\/viajaresvivir\/senorio-de-bertiz-naturaleza-e-historia\/#primaryimage","url":"https:\/\/www.canariasviaja.com\/viajaresvivir\/wp-content\/uploads\/2022\/06\/ciclista-bertiz.jpg","contentUrl":"https:\/\/www.canariasviaja.com\/viajaresvivir\/wp-content\/uploads\/2022\/06\/ciclista-bertiz.jpg","width":2000,"height":1333},{"@type":"BreadcrumbList","@id":"https:\/\/www.canariasviaja.com\/viajaresvivir\/senorio-de-bertiz-naturaleza-e-historia\/#breadcrumb","itemListElement":[{"@type":"ListItem","position":1,"name":"Portada","item":"https:\/\/www.canariasviaja.com\/viajaresvivir\/"},{"@type":"ListItem","position":2,"name":"Se\u00f1or\u00edo de Bertiz, un parque natural con historia"}]},{"@type":"WebSite","@id":"https:\/\/www.canariasviaja.com\/viajaresvivir\/#website","url":"https:\/\/www.canariasviaja.com\/viajaresvivir\/","name":"Viajar es vivir","description":"El blog de viajes y estilo de vida de CanariasViaja","potentialAction":[{"@type":"SearchAction","target":{"@type":"EntryPoint","urlTemplate":"https:\/\/www.canariasviaja.com\/viajaresvivir\/?s={search_term_string}"},"query-input":{"@type":"PropertyValueSpecification","valueRequired":true,"valueName":"search_term_string"}}],"inLanguage":"es"},{"@type":"Person","@id":"https:\/\/www.canariasviaja.com\/viajaresvivir\/#\/schema\/person\/085949651001325f1244a8bc1b34709c","name":"Patri C\u00e1mpora","image":{"@type":"ImageObject","inLanguage":"es","@id":"https:\/\/www.canariasviaja.com\/viajaresvivir\/#\/schema\/person\/image\/","url":"https:\/\/secure.gravatar.com\/avatar\/b2ce2c4086a5776e5310f57c1a2e5b4e?s=96&d=mm&r=g","contentUrl":"https:\/\/secure.gravatar.com\/avatar\/b2ce2c4086a5776e5310f57c1a2e5b4e?s=96&d=mm&r=g","caption":"Patri C\u00e1mpora"},"url":"https:\/\/www.canariasviaja.com\/viajaresvivir\/author\/patri\/"}]}},"_links":{"self":[{"href":"https:\/\/www.canariasviaja.com\/viajaresvivir\/wp-json\/wp\/v2\/posts\/8910"}],"collection":[{"href":"https:\/\/www.canariasviaja.com\/viajaresvivir\/wp-json\/wp\/v2\/posts"}],"about":[{"href":"https:\/\/www.canariasviaja.com\/viajaresvivir\/wp-json\/wp\/v2\/types\/post"}],"author":[{"embeddable":true,"href":"https:\/\/www.canariasviaja.com\/viajaresvivir\/wp-json\/wp\/v2\/users\/2"}],"replies":[{"embeddable":true,"href":"https:\/\/www.canariasviaja.com\/viajaresvivir\/wp-json\/wp\/v2\/comments?post=8910"}],"version-history":[{"count":9,"href":"https:\/\/www.canariasviaja.com\/viajaresvivir\/wp-json\/wp\/v2\/posts\/8910\/revisions"}],"predecessor-version":[{"id":8975,"href":"https:\/\/www.canariasviaja.com\/viajaresvivir\/wp-json\/wp\/v2\/posts\/8910\/revisions\/8975"}],"wp:featuredmedia":[{"embeddable":true,"href":"https:\/\/www.canariasviaja.com\/viajaresvivir\/wp-json\/wp\/v2\/media\/8966"}],"wp:attachment":[{"href":"https:\/\/www.canariasviaja.com\/viajaresvivir\/wp-json\/wp\/v2\/media?parent=8910"}],"wp:term":[{"taxonomy":"category","embeddable":true,"href":"https:\/\/www.canariasviaja.com\/viajaresvivir\/wp-json\/wp\/v2\/categories?post=8910"},{"taxonomy":"post_tag","embeddable":true,"href":"https:\/\/www.canariasviaja.com\/viajaresvivir\/wp-json\/wp\/v2\/tags?post=8910"}],"curies":[{"name":"wp","href":"https:\/\/api.w.org\/{rel}","templated":true}]}}