{"id":8987,"date":"2022-06-30T14:13:50","date_gmt":"2022-06-30T14:13:50","guid":{"rendered":"https:\/\/www.canariasviaja.com\/viajaresvivir\/?p=8987"},"modified":"2024-08-08T16:58:59","modified_gmt":"2024-08-08T16:58:59","slug":"planes-en-baleares","status":"publish","type":"post","link":"https:\/\/www.canariasviaja.com\/viajaresvivir\/planes-en-baleares\/","title":{"rendered":"Planes en Baleares para vivir las islas"},"content":{"rendered":"\n<p>Las islas Baleares nos sorprenden por su belleza mediterr\u00e1nea, con sus acantilados y calas de arenas blancas con aguas turquesas, sus pueblos de postal, su deliciosa gastronom\u00eda, sus tradiciones\u2026<\/p>\n\n\n\n<figure class=\"wp-block-image size-full\"><img loading=\"lazy\" decoding=\"async\" width=\"1920\" height=\"1280\" src=\"http:\/\/www.canariasviaja.com\/viajaresvivir\/wp-content\/uploads\/2022\/06\/cala-eugene-zhyvchik-P_nM4HIeX8Y-unsplash.jpg\" alt=\"Baleares\" class=\"wp-image-8988\" srcset=\"https:\/\/www.canariasviaja.com\/viajaresvivir\/wp-content\/uploads\/2022\/06\/cala-eugene-zhyvchik-P_nM4HIeX8Y-unsplash.jpg 1920w, https:\/\/www.canariasviaja.com\/viajaresvivir\/wp-content\/uploads\/2022\/06\/cala-eugene-zhyvchik-P_nM4HIeX8Y-unsplash-300x200.jpg 300w, https:\/\/www.canariasviaja.com\/viajaresvivir\/wp-content\/uploads\/2022\/06\/cala-eugene-zhyvchik-P_nM4HIeX8Y-unsplash-768x512.jpg 768w, https:\/\/www.canariasviaja.com\/viajaresvivir\/wp-content\/uploads\/2022\/06\/cala-eugene-zhyvchik-P_nM4HIeX8Y-unsplash-1536x1024.jpg 1536w, https:\/\/www.canariasviaja.com\/viajaresvivir\/wp-content\/uploads\/2022\/06\/cala-eugene-zhyvchik-P_nM4HIeX8Y-unsplash-1200x800.jpg 1200w, https:\/\/www.canariasviaja.com\/viajaresvivir\/wp-content\/uploads\/2022\/06\/cala-eugene-zhyvchik-P_nM4HIeX8Y-unsplash-1620x1080.jpg 1620w\" sizes=\"(max-width: 1920px) 100vw, 1920px\" \/><figcaption class=\"wp-element-caption\">Foto de <a href=\"https:\/\/unsplash.com\/@eugenezhyvchik?utm_source=unsplash&amp;utm_medium=referral&amp;utm_content=creditCopyText\">Eugene Zhyvchik<\/a> en <a href=\"https:\/\/unsplash.com\/es\/s\/fotos\/mallorca?utm_source=unsplash&amp;utm_medium=referral&amp;utm_content=creditCopyText\">Unsplash<\/a>&nbsp;<\/figcaption><\/figure>\n\n\n\n<p>Cada una de las islas tiene su personalidad propia y<strong> queremos que las descubras viviendo experiencias, <\/strong>exprimi\u00e9ndolas, y \u00a0haciendo planes\u2026 \u00bfte apuntas?<\/p>\n\n\n\n<div class=\"wp-block-buttons is-layout-flex wp-block-buttons-is-layout-flex\"><\/div>\n\n\n\n<div style=\"height:100px\" aria-hidden=\"true\" class=\"wp-block-spacer\"><\/div>\n\n\n\n<h3 class=\"wp-block-heading\">Experiencias en Mallorca: <\/h3>\n\n\n\n<p>La mayor de las islas Baleares, <a href=\"https:\/\/www.canariasviaja.com\/viajaresvivir\/recorrido-por-mallorca\/\">Mallorca<\/a>, tiene mucho que mostrarte, ya sea en su hermosa capital, <strong>Palma de Mallorca<\/strong>, como en sus pueblos llenos de encanto, sus playas y calas de postal, sus impresionantes acantilados o en su Sierra Tramontana. Te invitamos a que llenes tu estancia en la isla de experiencias para que la vivas y conozcas su esencia.<\/p>\n\n\n<div class=\"wp-block-image\">\n<figure class=\"aligncenter size-full is-resized\"><img decoding=\"async\" src=\"http:\/\/www.canariasviaja.com\/viajaresvivir\/wp-content\/uploads\/2021\/04\/mallorca11.jpg\" alt=\"Isla de Cabrera\" class=\"wp-image-7122\" width=\"500\" srcset=\"https:\/\/www.canariasviaja.com\/viajaresvivir\/wp-content\/uploads\/2021\/04\/mallorca11.jpg 640w, https:\/\/www.canariasviaja.com\/viajaresvivir\/wp-content\/uploads\/2021\/04\/mallorca11-300x300.jpg 300w, https:\/\/www.canariasviaja.com\/viajaresvivir\/wp-content\/uploads\/2021\/04\/mallorca11-150x150.jpg 150w\" sizes=\"(max-width: 640px) 100vw, 640px\" \/><\/figure><\/div>\n\n\n<div class=\"wp-block-buttons is-layout-flex wp-block-buttons-is-layout-flex\">\n<div class=\"wp-block-button aligncenter\"><a class=\"wp-block-button__link wp-element-button\" href=\"https:\/\/bit.ly\/3I1OzTd\">Disfruta haciendo planes en Mallorca<\/a><\/div>\n<\/div>\n\n\n\n<div style=\"height:100px\" aria-hidden=\"true\" class=\"wp-block-spacer\"><\/div>\n\n\n\n<p class=\"has-text-align-center\"><strong>Planes en Palma<\/strong> <strong>de Mallorca<\/strong><\/p>\n\n\n\n<h2 class=\"wp-block-heading\">City sightseeing en Palma:<\/h2>\n\n\n\n<figure class=\"wp-block-image size-full\"><img loading=\"lazy\" decoding=\"async\" width=\"1920\" height=\"1280\" src=\"http:\/\/www.canariasviaja.com\/viajaresvivir\/wp-content\/uploads\/2022\/06\/catedral-palmadavid-vives-B9-aMfw4gwI-unsplash.jpg\" alt=\"\" class=\"wp-image-8989\" srcset=\"https:\/\/www.canariasviaja.com\/viajaresvivir\/wp-content\/uploads\/2022\/06\/catedral-palmadavid-vives-B9-aMfw4gwI-unsplash.jpg 1920w, https:\/\/www.canariasviaja.com\/viajaresvivir\/wp-content\/uploads\/2022\/06\/catedral-palmadavid-vives-B9-aMfw4gwI-unsplash-300x200.jpg 300w, https:\/\/www.canariasviaja.com\/viajaresvivir\/wp-content\/uploads\/2022\/06\/catedral-palmadavid-vives-B9-aMfw4gwI-unsplash-768x512.jpg 768w, https:\/\/www.canariasviaja.com\/viajaresvivir\/wp-content\/uploads\/2022\/06\/catedral-palmadavid-vives-B9-aMfw4gwI-unsplash-1536x1024.jpg 1536w, https:\/\/www.canariasviaja.com\/viajaresvivir\/wp-content\/uploads\/2022\/06\/catedral-palmadavid-vives-B9-aMfw4gwI-unsplash-1200x800.jpg 1200w, https:\/\/www.canariasviaja.com\/viajaresvivir\/wp-content\/uploads\/2022\/06\/catedral-palmadavid-vives-B9-aMfw4gwI-unsplash-1620x1080.jpg 1620w\" sizes=\"(max-width: 1920px) 100vw, 1920px\" \/><figcaption class=\"wp-element-caption\">Catedral de Palma de Mallorca. Foto de <a href=\"https:\/\/unsplash.com\/@davidvives?utm_source=unsplash&amp;utm_medium=referral&amp;utm_content=creditCopyText\">David Vives<\/a> en <a href=\"https:\/\/unsplash.com\/es\/s\/fotos\/catedral-palma-de-mallorca?utm_source=unsplash&amp;utm_medium=referral&amp;utm_content=creditCopyText\">Unsplash<\/a>&nbsp;<br><br><\/figcaption><\/figure>\n\n\n\n<p>Las primeras impresiones son las que cuentan, y un recorrido por Palma en bus tur\u00edstico con audiogu\u00eda puede ser un buen punto de partida para hacerse una idea de la ciudad y su historia, antes de recorrerla a pie o en bici.<\/p>\n\n\n\n<div style=\"height:100px\" aria-hidden=\"true\" class=\"wp-block-spacer\"><\/div>\n\n\n\n<h2 class=\"wp-block-heading\">Recorrer Palma en bici :<\/h2>\n\n\n\n<figure class=\"wp-block-image size-full\"><img loading=\"lazy\" decoding=\"async\" width=\"1021\" height=\"764\" src=\"https:\/\/www.canariasviaja.com\/viajaresvivir\/wp-content\/uploads\/2022\/06\/bici-3.png\" alt=\"\" class=\"wp-image-9011\" srcset=\"https:\/\/www.canariasviaja.com\/viajaresvivir\/wp-content\/uploads\/2022\/06\/bici-3.png 1021w, https:\/\/www.canariasviaja.com\/viajaresvivir\/wp-content\/uploads\/2022\/06\/bici-3-300x224.png 300w, https:\/\/www.canariasviaja.com\/viajaresvivir\/wp-content\/uploads\/2022\/06\/bici-3-768x575.png 768w, https:\/\/www.canariasviaja.com\/viajaresvivir\/wp-content\/uploads\/2022\/06\/bici-3-800x600.png 800w\" sizes=\"(max-width: 1021px) 100vw, 1021px\" \/><\/figure>\n\n\n\n<p>Si eres de <strong>turismo activo<\/strong>, explora el centro de Palma de una forma diferente y sostenible. Equipado con una moderna bicicleta y acompa\u00f1ado de un gu\u00eda experto te adentrar\u00e1s en los rincones m\u00e1s escondidos. Recorre las principales calles, paseos y monumentos hist\u00f3ricos.<\/p>\n\n\n\n<figure class=\"wp-block-gallery has-nested-images columns-default is-cropped wp-block-gallery-1 is-layout-flex wp-block-gallery-is-layout-flex\">\n<figure class=\"wp-block-image size-large\"><img loading=\"lazy\" decoding=\"async\" width=\"720\" height=\"900\" data-id=\"8993\" src=\"http:\/\/www.canariasviaja.com\/viajaresvivir\/wp-content\/uploads\/2022\/06\/horno-f-a-grafie-8XkM7uu_4ws-unsplash.jpg\" alt=\"\" class=\"wp-image-8993\" srcset=\"https:\/\/www.canariasviaja.com\/viajaresvivir\/wp-content\/uploads\/2022\/06\/horno-f-a-grafie-8XkM7uu_4ws-unsplash.jpg 720w, https:\/\/www.canariasviaja.com\/viajaresvivir\/wp-content\/uploads\/2022\/06\/horno-f-a-grafie-8XkM7uu_4ws-unsplash-240x300.jpg 240w\" sizes=\"(max-width: 720px) 100vw, 720px\" \/><figcaption class=\"wp-element-caption\"><br><br>Foto de <a href=\"https:\/\/unsplash.com\/@fa1998?utm_source=unsplash&amp;utm_medium=referral&amp;utm_content=creditCopyText\">F.A. Grafie<\/a> en <a href=\"https:\/\/unsplash.com\/es\/s\/fotos\/palma-de-mallorca?utm_source=unsplash&amp;utm_medium=referral&amp;utm_content=creditCopyText\">Unsplash<\/a>&nbsp;<\/figcaption><\/figure>\n\n\n\n<figure class=\"wp-block-image size-large\"><img loading=\"lazy\" decoding=\"async\" width=\"507\" height=\"900\" data-id=\"8991\" src=\"http:\/\/www.canariasviaja.com\/viajaresvivir\/wp-content\/uploads\/2022\/06\/detalle-catedral-louise-adelbrecht-v7yIhnoLCiw-unsplash.jpg\" alt=\"Baleares Palma de Mallorca\" class=\"wp-image-8991\" srcset=\"https:\/\/www.canariasviaja.com\/viajaresvivir\/wp-content\/uploads\/2022\/06\/detalle-catedral-louise-adelbrecht-v7yIhnoLCiw-unsplash.jpg 507w, https:\/\/www.canariasviaja.com\/viajaresvivir\/wp-content\/uploads\/2022\/06\/detalle-catedral-louise-adelbrecht-v7yIhnoLCiw-unsplash-169x300.jpg 169w\" sizes=\"(max-width: 507px) 100vw, 507px\" \/><figcaption class=\"wp-element-caption\"><br><br>Foto de <a href=\"https:\/\/unsplash.com\/@inlouiseseyes?utm_source=unsplash&amp;utm_medium=referral&amp;utm_content=creditCopyText\">Louise Adelbrecht<\/a> en <a href=\"https:\/\/unsplash.com\/es\/s\/fotos\/catedral-palma-de-mallorca?utm_source=unsplash&amp;utm_medium=referral&amp;utm_content=creditCopyText\">Unsplash<\/a>&nbsp;<\/figcaption><\/figure>\n<\/figure>\n\n\n\n<p>Re\u00fanete con tu <strong>gu\u00eda<\/strong> en el <strong>centro hist\u00f3rico<\/strong>. Desde aqu\u00ed iniciar\u00e1s una ruta con impresionantes vistas de la <strong>bah\u00eda de Palma<\/strong> y de la <strong>Catedral de Mallorca,<\/strong> la \u00fanica en el mundo que mira al mar. Admira este templo g\u00f3tico y los restos de la antigua muralla de la ciudad antes de dirigirte a la <strong>Lonja<\/strong>, uno de los edificios civiles m\u00e1s bonitos de la isla. Tambi\u00e9n visitar\u00e1s otro de los edificios protagonistas de la fachada mar\u00edtima, el <strong>Palacio Real de la Almudaina<\/strong>, un antiguo alc\u00e1zar musulm\u00e1n que fue reconstruido tras la conquista cristiana de Mallorca para convertirse en la sede de la Corona.<br>&nbsp;<br>Contin\u00faa tu recorrido por el <strong>Ayuntamiento<\/strong>, situado en la <strong>Plaza de Cort<\/strong>. Contempla los elementos de su fachada de estilo barroco y callejea hasta llegar a la <strong>Plaza Mayor<\/strong>, sede de la Inquisici\u00f3n hasta 1823. La siguiente parada ser\u00e1 <strong>La Rambla<\/strong>, un importante paseo peatonal con numerosos puestos de flores y quioscos. Finalmente, siguiendo las calles laber\u00ednticas del <strong>casco antiguo<\/strong>, alcanzar\u00e1s el <strong>Paseo del Borne<\/strong>, que se construy\u00f3 sobre el cauce de un torrente.<br>&nbsp;<br>Despu\u00e9s del <strong>tour en bici<\/strong>, rep\u00f3n fuerzas con una <strong>degustaci\u00f3n de tapas<\/strong> en un restaurante de la zona. \u00a1Qu\u00e9 rico!<\/p>\n\n\n\n<div style=\"height:100px\" aria-hidden=\"true\" class=\"wp-block-spacer\"><\/div>\n\n\n\n<p class=\"has-text-align-center\"><strong>Pueblos con encanto<\/strong><\/p>\n\n\n\n<h2 class=\"wp-block-heading\">Valldemosa, el pueblo m\u00e1s rom\u00e1ntico<\/h2>\n\n\n\n<figure class=\"wp-block-image size-full\"><img loading=\"lazy\" decoding=\"async\" width=\"1920\" height=\"1285\" src=\"http:\/\/www.canariasviaja.com\/viajaresvivir\/wp-content\/uploads\/2022\/06\/valldemosa-david-vives-9DHCvqAM2oA-unsplash.jpg\" alt=\"Valldemosa Baleares\" class=\"wp-image-8994\" srcset=\"https:\/\/www.canariasviaja.com\/viajaresvivir\/wp-content\/uploads\/2022\/06\/valldemosa-david-vives-9DHCvqAM2oA-unsplash.jpg 1920w, https:\/\/www.canariasviaja.com\/viajaresvivir\/wp-content\/uploads\/2022\/06\/valldemosa-david-vives-9DHCvqAM2oA-unsplash-300x201.jpg 300w, https:\/\/www.canariasviaja.com\/viajaresvivir\/wp-content\/uploads\/2022\/06\/valldemosa-david-vives-9DHCvqAM2oA-unsplash-768x514.jpg 768w, https:\/\/www.canariasviaja.com\/viajaresvivir\/wp-content\/uploads\/2022\/06\/valldemosa-david-vives-9DHCvqAM2oA-unsplash-1536x1028.jpg 1536w, https:\/\/www.canariasviaja.com\/viajaresvivir\/wp-content\/uploads\/2022\/06\/valldemosa-david-vives-9DHCvqAM2oA-unsplash-1200x803.jpg 1200w, https:\/\/www.canariasviaja.com\/viajaresvivir\/wp-content\/uploads\/2022\/06\/valldemosa-david-vives-9DHCvqAM2oA-unsplash-1614x1080.jpg 1614w\" sizes=\"(max-width: 1920px) 100vw, 1920px\" \/><figcaption class=\"wp-element-caption\">Valldemosa. Foto de <a href=\"https:\/\/unsplash.com\/@davidvives?utm_source=unsplash&amp;utm_medium=referral&amp;utm_content=creditCopyText\">David Vives<\/a> en <a href=\"https:\/\/unsplash.com\/es\/s\/fotos\/valldemosa?utm_source=unsplash&amp;utm_medium=referral&amp;utm_content=creditCopyText\">Unsplas<\/a>h<br><\/figcaption><\/figure>\n\n\n\n<p><strong>Valldemosa<\/strong> es uno de los <a href=\"https:\/\/www.canariasviaja.com\/viajaresvivir\/pueblos-de-mallorca-belleza-interior\/\">pueblos<\/a> m\u00e1s famosos de Mallorca desde que Frederich Chopin y George Sand, pasaran el invierno de 1838-39 en la <strong>Cartuja de Valldemosa<\/strong>. Entre sus muros vivieron su historia de amor, pero tambi\u00e9n hubo tiempo para el trabajo, ya que Chopin compuso sus Preludios Op.28 y Sand escribi\u00f3 su bestseller, <em>Un invierno en Mallorca<\/em>.<\/p>\n\n\n\n<p>Un pueblo de t\u00edpicas calles estrechas, con casas decoradas con macetas de barro llenas de flores, que ha sido, y sigue siendo, <strong>fuente de inspiraci\u00f3n de artistas e intelectuales<\/strong> como Rub\u00e9n Dar\u00edo, Jorge Luis Borges, Jovellanos, Santiago Rusi\u00f1ol, entre otros.<\/p>\n\n\n\n<div style=\"height:100px\" aria-hidden=\"true\" class=\"wp-block-spacer\"><\/div>\n\n\n\n<p class=\"has-text-align-center\"><strong>Playas de postal<\/strong><\/p>\n\n\n\n<h2 class=\"wp-block-heading\">Formentor con barca y mercado<\/h2>\n\n\n\n<p>La <strong>cala de Formentor<\/strong> es un para\u00edso natural de aguas cristalinas y arena blanca rodeada de pinos. Para llegar a ella hay que conducir por estrechas carreteras de monta\u00f1a y estacionar en un aparcamiento privado, o puedes llegar por barco y disfrutarla sin atascos.<\/p>\n\n\n\n<figure class=\"wp-block-image size-full\"><img loading=\"lazy\" decoding=\"async\" width=\"1920\" height=\"1303\" src=\"https:\/\/www.canariasviaja.com\/viajaresvivir\/wp-content\/uploads\/2022\/06\/formentor-2.jpg\" alt=\"\" class=\"wp-image-9013\" srcset=\"https:\/\/www.canariasviaja.com\/viajaresvivir\/wp-content\/uploads\/2022\/06\/formentor-2.jpg 1920w, https:\/\/www.canariasviaja.com\/viajaresvivir\/wp-content\/uploads\/2022\/06\/formentor-2-300x204.jpg 300w, https:\/\/www.canariasviaja.com\/viajaresvivir\/wp-content\/uploads\/2022\/06\/formentor-2-768x521.jpg 768w, https:\/\/www.canariasviaja.com\/viajaresvivir\/wp-content\/uploads\/2022\/06\/formentor-2-1536x1042.jpg 1536w, https:\/\/www.canariasviaja.com\/viajaresvivir\/wp-content\/uploads\/2022\/06\/formentor-2-1200x814.jpg 1200w, https:\/\/www.canariasviaja.com\/viajaresvivir\/wp-content\/uploads\/2022\/06\/formentor-2-1591x1080.jpg 1591w\" sizes=\"(max-width: 1920px) 100vw, 1920px\" \/><\/figure>\n\n\n\n<p>Este es el plan que te proponemos. Comenzaremos la visita conociendo uno de los<strong> mercados <\/strong>de la zona (el mercado de Sineu los mi\u00e9rcoles y el Mercado de Alcudia los domingos). Una vez finalizada la visita nos dirigimos al <strong>Puerto de Pollensa<\/strong> y en un trayecto de 30 minutos en barco (si el tiempo lo permite) llegaremos a la famosa <strong>playa de Formentor.<\/strong><\/p>\n\n\n\n<p>All\u00ed podr\u00e1s disfrutar de tu almuerzo, ba\u00f1arte y relajarte al sol en su fina arena, antes de emprender la traves\u00eda de vuelta.<\/p>\n\n\n<div class=\"wp-block-image\">\n<figure class=\"aligncenter size-full is-resized\"><img decoding=\"async\" src=\"http:\/\/www.canariasviaja.com\/viajaresvivir\/wp-content\/uploads\/2022\/06\/formentor-alexandra-smielova-00k7S0cHE_k-unsplash.jpg\" alt=\"Formentor\" class=\"wp-image-8992\" width=\"400\" srcset=\"https:\/\/www.canariasviaja.com\/viajaresvivir\/wp-content\/uploads\/2022\/06\/formentor-alexandra-smielova-00k7S0cHE_k-unsplash.jpg 600w, https:\/\/www.canariasviaja.com\/viajaresvivir\/wp-content\/uploads\/2022\/06\/formentor-alexandra-smielova-00k7S0cHE_k-unsplash-200x300.jpg 200w\" sizes=\"(max-width: 600px) 100vw, 600px\" \/><figcaption class=\"wp-element-caption\">Foto de&nbsp;<a href=\"https:\/\/unsplash.com\/@sashasmelova?utm_source=unsplash&amp;utm_medium=referral&amp;utm_content=creditCopyText\">Alexandra Smielova<\/a>&nbsp;en&nbsp;<a href=\"https:\/\/unsplash.com\/es\/s\/fotos\/formentor?utm_source=unsplash&amp;utm_medium=referral&amp;utm_content=creditCopyText\">Unsplash<\/a><\/figcaption><\/figure><\/div>\n\n\n<p>Por el camino de vuelta, una parada en el<strong> Mirador de Colomer<\/strong> para sacar las mejores fotos y disfrutar de la belleza de los acantilados de Formentor desde arriba.<\/p>\n\n\n\n<div style=\"height:100px\" aria-hidden=\"true\" class=\"wp-block-spacer\"><\/div>\n\n\n\n<h2 class=\"wp-block-heading\">De crucero por Mallorca<\/h2>\n\n\n\n<p>Mallorca es famosa por sus <strong>puertos deportivos<\/strong> repletos de barcos de recreo que fondean en playas paradisiacas. \u00bfQu\u00e9 te parecer\u00eda <strong>descubrir Mallorca desde el mar<\/strong>?<\/p>\n\n\n\n<figure class=\"wp-block-image size-full\"><img loading=\"lazy\" decoding=\"async\" width=\"1920\" height=\"1280\" src=\"https:\/\/www.canariasviaja.com\/viajaresvivir\/wp-content\/uploads\/2022\/06\/eugene-zhyvchik-ugtUD-O6YPU-unsplash.jpg\" alt=\"\" class=\"wp-image-8995\" srcset=\"https:\/\/www.canariasviaja.com\/viajaresvivir\/wp-content\/uploads\/2022\/06\/eugene-zhyvchik-ugtUD-O6YPU-unsplash.jpg 1920w, https:\/\/www.canariasviaja.com\/viajaresvivir\/wp-content\/uploads\/2022\/06\/eugene-zhyvchik-ugtUD-O6YPU-unsplash-300x200.jpg 300w, https:\/\/www.canariasviaja.com\/viajaresvivir\/wp-content\/uploads\/2022\/06\/eugene-zhyvchik-ugtUD-O6YPU-unsplash-768x512.jpg 768w, https:\/\/www.canariasviaja.com\/viajaresvivir\/wp-content\/uploads\/2022\/06\/eugene-zhyvchik-ugtUD-O6YPU-unsplash-1536x1024.jpg 1536w, https:\/\/www.canariasviaja.com\/viajaresvivir\/wp-content\/uploads\/2022\/06\/eugene-zhyvchik-ugtUD-O6YPU-unsplash-1200x800.jpg 1200w, https:\/\/www.canariasviaja.com\/viajaresvivir\/wp-content\/uploads\/2022\/06\/eugene-zhyvchik-ugtUD-O6YPU-unsplash-1620x1080.jpg 1620w\" sizes=\"(max-width: 1920px) 100vw, 1920px\" \/><figcaption class=\"wp-element-caption\">Foto de <a href=\"https:\/\/unsplash.com\/@eugenezhyvchik?utm_source=unsplash&amp;utm_medium=referral&amp;utm_content=creditCopyText\">Eugene Zhyvchik<\/a> en <a href=\"https:\/\/unsplash.com\/es\/s\/fotos\/mallorca?utm_source=unsplash&amp;utm_medium=referral&amp;utm_content=creditCopyText\">Unsplash<\/a><br><\/figcaption><\/figure>\n\n\n\n<p>Te invitamos a que te unas a un <strong>crucero de un d\u00eda<\/strong> por las calas m\u00e1s bonitas del suroeste de la isla, llegando hasta las <strong>Islas Malgrats<\/strong> y haciendo escala en el puerto de <strong>Portails Velles o Calla Vella<\/strong> (en funci\u00f3n de las condiciones clim\u00e1ticas). All\u00ed disfrutar\u00e1s de tiempo libre para relajarte y explorar sus fondos marinos, antes de volver a bordo del catamar\u00e1n para saborear una paella y ensaimada, disfrutando de la m\u00fasica y la animaci\u00f3n a bordo.<\/p>\n\n\n\n<div style=\"height:100px\" aria-hidden=\"true\" class=\"wp-block-spacer\"><\/div>\n\n\n\n<p class=\"has-text-align-center\"><strong>Imprescindibles<\/strong><\/p>\n\n\n\n<h2 class=\"wp-block-heading\">Las Cuevas del Drach<\/h2>\n\n\n\n<p>La visita a <strong>Las Cuevas del Drach <\/strong>es uno de los imprescindibles de Mallorca. Situadas en el pueblo de <strong>Porto Cristo<\/strong>, antiguo refugio de pescadores en la costa oriental de Mallorca, en su interior se encuentra el <strong>lago Martel<\/strong>, uno de los mayores lagos subterr\u00e1neo del mundo, con 117 metros de largo, 30 de ancho y una profundidad de entre 4 y 12 metros.<\/p>\n\n\n\n<figure class=\"wp-block-image size-full\"><img loading=\"lazy\" decoding=\"async\" width=\"1920\" height=\"1280\" src=\"http:\/\/www.canariasviaja.com\/viajaresvivir\/wp-content\/uploads\/2022\/06\/cuevas-del-drach-tobias-OJ2vJJBGeo4-unsplash.jpg\" alt=\"Cuevas del Drach Baleares\" class=\"wp-image-8990\" srcset=\"https:\/\/www.canariasviaja.com\/viajaresvivir\/wp-content\/uploads\/2022\/06\/cuevas-del-drach-tobias-OJ2vJJBGeo4-unsplash.jpg 1920w, https:\/\/www.canariasviaja.com\/viajaresvivir\/wp-content\/uploads\/2022\/06\/cuevas-del-drach-tobias-OJ2vJJBGeo4-unsplash-300x200.jpg 300w, https:\/\/www.canariasviaja.com\/viajaresvivir\/wp-content\/uploads\/2022\/06\/cuevas-del-drach-tobias-OJ2vJJBGeo4-unsplash-768x512.jpg 768w, https:\/\/www.canariasviaja.com\/viajaresvivir\/wp-content\/uploads\/2022\/06\/cuevas-del-drach-tobias-OJ2vJJBGeo4-unsplash-1536x1024.jpg 1536w, https:\/\/www.canariasviaja.com\/viajaresvivir\/wp-content\/uploads\/2022\/06\/cuevas-del-drach-tobias-OJ2vJJBGeo4-unsplash-1200x800.jpg 1200w, https:\/\/www.canariasviaja.com\/viajaresvivir\/wp-content\/uploads\/2022\/06\/cuevas-del-drach-tobias-OJ2vJJBGeo4-unsplash-1620x1080.jpg 1620w\" sizes=\"(max-width: 1920px) 100vw, 1920px\" \/><figcaption class=\"wp-element-caption\">Cuevas del Drach. Foto de&nbsp;<a href=\"https:\/\/unsplash.com\/@herrzett?utm_source=unsplash&amp;utm_medium=referral&amp;utm_content=creditCopyText\">Tobias<\/a>&nbsp;en&nbsp;<a href=\"https:\/\/unsplash.com\/es\/s\/fotos\/cuevas-del-drach?utm_source=unsplash&amp;utm_medium=referral&amp;utm_content=creditCopyText\">Unsplash<\/a><\/figcaption><\/figure>\n\n\n\n<p>La visita, de una hora de duraci\u00f3n, tiene un recorrido de unos 1.200 metros a trav\u00e9s de galer\u00edas adornadas por miles de <strong>estalagmitas y estalactitas<\/strong> que descienden hasta una &nbsp;profundidad de 30 metros.<\/p>\n\n\n\n<figure class=\"wp-block-image size-full\"><img loading=\"lazy\" decoding=\"async\" width=\"850\" height=\"478\" src=\"https:\/\/www.canariasviaja.com\/viajaresvivir\/wp-content\/uploads\/2022\/06\/fd91b830-09c4-43df-b2e5-ea068256d567.jpg\" alt=\"\" class=\"wp-image-9014\" srcset=\"https:\/\/www.canariasviaja.com\/viajaresvivir\/wp-content\/uploads\/2022\/06\/fd91b830-09c4-43df-b2e5-ea068256d567.jpg 850w, https:\/\/www.canariasviaja.com\/viajaresvivir\/wp-content\/uploads\/2022\/06\/fd91b830-09c4-43df-b2e5-ea068256d567-300x169.jpg 300w, https:\/\/www.canariasviaja.com\/viajaresvivir\/wp-content\/uploads\/2022\/06\/fd91b830-09c4-43df-b2e5-ea068256d567-768x432.jpg 768w\" sizes=\"(max-width: 850px) 100vw, 850px\" \/><\/figure>\n\n\n\n<p>A llegar junto al lago podremos recorrerlo a pie, atravesando una pasarela, o <strong>cruzarlo en barca<\/strong> mientras escuchamos un peque\u00f1o <strong>concierto de m\u00fasica cl\u00e1sica.<\/strong> \u00a1Naturaleza y emoci\u00f3n se dan la mano!<\/p>\n\n\n\n<div style=\"height:100px\" aria-hidden=\"true\" class=\"wp-block-spacer\"><\/div>\n\n\n\n<h3 class=\"wp-block-heading\">Experiencias en Menorca: <\/h3>\n\n\n\n<p><a href=\"https:\/\/www.canariasviaja.com\/viajaresvivir\/menorca-la-isla-slow\/\">Menorca<\/a> es un isla que se vive a ritmo lento disfrutando de sus pueblos, calas, historia y gastronom\u00eda. Te invitamos a que bajes el ritmo y la descubras sin prisas.<\/p>\n\n\n\n<figure class=\"wp-block-image size-full\"><img loading=\"lazy\" decoding=\"async\" width=\"1920\" height=\"1280\" src=\"https:\/\/www.canariasviaja.com\/viajaresvivir\/wp-content\/uploads\/2022\/06\/menorca-juliana-chyzhova-wT4pxS2ettg-unsplash.jpg\" alt=\"\" class=\"wp-image-9015\" srcset=\"https:\/\/www.canariasviaja.com\/viajaresvivir\/wp-content\/uploads\/2022\/06\/menorca-juliana-chyzhova-wT4pxS2ettg-unsplash.jpg 1920w, https:\/\/www.canariasviaja.com\/viajaresvivir\/wp-content\/uploads\/2022\/06\/menorca-juliana-chyzhova-wT4pxS2ettg-unsplash-300x200.jpg 300w, https:\/\/www.canariasviaja.com\/viajaresvivir\/wp-content\/uploads\/2022\/06\/menorca-juliana-chyzhova-wT4pxS2ettg-unsplash-768x512.jpg 768w, https:\/\/www.canariasviaja.com\/viajaresvivir\/wp-content\/uploads\/2022\/06\/menorca-juliana-chyzhova-wT4pxS2ettg-unsplash-1536x1024.jpg 1536w, https:\/\/www.canariasviaja.com\/viajaresvivir\/wp-content\/uploads\/2022\/06\/menorca-juliana-chyzhova-wT4pxS2ettg-unsplash-1200x800.jpg 1200w, https:\/\/www.canariasviaja.com\/viajaresvivir\/wp-content\/uploads\/2022\/06\/menorca-juliana-chyzhova-wT4pxS2ettg-unsplash-1620x1080.jpg 1620w\" sizes=\"(max-width: 1920px) 100vw, 1920px\" \/><\/figure>\n\n\n\n<div class=\"wp-block-buttons is-layout-flex wp-block-buttons-is-layout-flex\">\n<div class=\"wp-block-button aligncenter\"><a class=\"wp-block-button__link wp-element-button\" href=\"https:\/\/bit.ly\/3bst0if \">Disfruta haciendo planes en Menorca<\/a><\/div>\n<\/div>\n\n\n\n<div style=\"height:100px\" aria-hidden=\"true\" class=\"wp-block-spacer\"><\/div>\n\n\n\n<p class=\"has-text-align-center\"><strong>Historia viva<\/strong><\/p>\n\n\n\n<h2 class=\"wp-block-heading\">Mah\u00f3n, la capital de Menorca, en barco y a pie<\/h2>\n\n\n\n<p>Nos dirigiremos en autob\u00fas a <strong>Mah\u00f3n<\/strong>, la&nbsp;<strong>capital de la isla<\/strong>. Una vez lleguemos a nuestro destino, subiremos a un barco para dar un&nbsp;paseo por la <strong>costa&nbsp;de Mah\u00f3n<\/strong>.&nbsp;\u00a1Nos aguarda&nbsp;uno de los puertos naturales&nbsp;m\u00e1s grandes del mundo!<\/p>\n\n\n\n<p>Durante la navegaci\u00f3n, podremos ver un peque\u00f1o archipi\u00e9lago donde destacan las&nbsp;<strong>islas del Rey y del Lazareto.<\/strong> Tambi\u00e9n divisaremos la&nbsp;<strong>fortaleza de La Mola o de Isabel II<\/strong>, un emplazamiento defensivo que data del siglo XIX.<\/p>\n\n\n\n<figure class=\"wp-block-image size-full\"><img loading=\"lazy\" decoding=\"async\" width=\"1024\" height=\"712\" src=\"https:\/\/www.canariasviaja.com\/viajaresvivir\/wp-content\/uploads\/2022\/06\/Mahon.jpg\" alt=\"\" class=\"wp-image-9006\" srcset=\"https:\/\/www.canariasviaja.com\/viajaresvivir\/wp-content\/uploads\/2022\/06\/Mahon.jpg 1024w, https:\/\/www.canariasviaja.com\/viajaresvivir\/wp-content\/uploads\/2022\/06\/Mahon-300x209.jpg 300w, https:\/\/www.canariasviaja.com\/viajaresvivir\/wp-content\/uploads\/2022\/06\/Mahon-768x534.jpg 768w\" sizes=\"(max-width: 1024px) 100vw, 1024px\" \/><figcaption class=\"wp-element-caption\">Mah\u00f3n desde el mar<\/figcaption><\/figure>\n\n\n\n<p>Despu\u00e9s de este&nbsp;<strong>paseo en barco <\/strong>de una hora de duraci\u00f3n, comenzaremos una&nbsp;<strong>visita guiada a pie por el&nbsp;casco antiguo de Mah\u00f3n<\/strong>. En \u00e9l destacan monumentos como la&nbsp;<strong>iglesia del Carmen<\/strong>, donde se halla la imagen de la patrona de los marineros. Tambi\u00e9n veremos el exterior&nbsp;del edificio de&nbsp;<strong>El Principal de Guardia, la&nbsp;parroquia de Santa Mar\u00eda&nbsp;y el&nbsp;Palacio del Gobernador.<\/strong> Contemplando estos lugares repasaremos el&nbsp;<strong>pasado brit\u00e1nico de la isla.<\/strong><\/p>\n\n\n\n<p>Concluida la visita guiada&nbsp;te dejaremos aproximadamente&nbsp;una <strong>hora libre&nbsp;<\/strong>para que puedas seguir explorando la ciudad y hacer unas compras. Despu\u00e9s nos trasladaremos hasta la <strong>playa de Punta Prima, <\/strong>en la que tambi\u00e9n dispondr\u00e1s de tiempo libre para almorzar por tu cuenta.&nbsp;<\/p>\n\n\n\n<p>Tras la pausa, nos dirigiremos a&nbsp;<strong>Binibeca,<\/strong> un encantador pueblo de pescadores que te enamorar\u00e1 con sus pintorescas calles y sus casas de color blanco.&nbsp;Finalizaremos la actividad en torno a las 16:00 horas dej\u00e1ndote nuevamente en los diferentes puntos de encuentro.&nbsp;<\/p>\n\n\n\n<div style=\"height:100px\" aria-hidden=\"true\" class=\"wp-block-spacer\"><\/div>\n\n\n\n<p class=\"has-text-align-center\"><strong>Calas paradisiacas<\/strong><\/p>\n\n\n\n<h2 class=\"wp-block-heading\">Navega por el sur de Menorca hasta Cala Galdana&#8230;<\/h2>\n\n\n\n<p>Disfruta de Menorca surcando sus aguas cristalinas y descubre su paradisiaco litoral de <strong>Son Saura, Es Talaier y Turqueta.<\/strong><\/p>\n\n\n\n<p>Zarpar\u00e1s desde el&nbsp;passatge Portixol&nbsp;en direcci\u00f3n a<strong>&nbsp;Cala Galdana<\/strong>: uno de los principales destinos tur\u00edsticos del&nbsp;sur de Menorca.<\/p>\n\n\n\n<p>Durante la traves\u00eda, en la que dispondr\u00e1s de una&nbsp;<strong>audiogu\u00eda en espa\u00f1ol,<\/strong> navegar\u00e1s frente a las paradis\u00edacas&nbsp;costas de <strong>Son Saura, Es Talaier y Turqueta<\/strong>. El barco tambi\u00e9n cuenta con&nbsp;servicios&nbsp;y&nbsp;bar, donde podr\u00e9is tomar algo por vuestra cuenta.<\/p>\n\n\n<div class=\"wp-block-image\">\n<figure class=\"aligncenter size-full\"><img loading=\"lazy\" decoding=\"async\" width=\"600\" height=\"600\" src=\"http:\/\/www.canariasviaja.com\/viajaresvivir\/wp-content\/uploads\/2022\/04\/Chica-flotando-en-Menorca-1.jpg\" alt=\"\" class=\"wp-image-8559\" srcset=\"https:\/\/www.canariasviaja.com\/viajaresvivir\/wp-content\/uploads\/2022\/04\/Chica-flotando-en-Menorca-1.jpg 600w, https:\/\/www.canariasviaja.com\/viajaresvivir\/wp-content\/uploads\/2022\/04\/Chica-flotando-en-Menorca-1-300x300.jpg 300w, https:\/\/www.canariasviaja.com\/viajaresvivir\/wp-content\/uploads\/2022\/04\/Chica-flotando-en-Menorca-1-150x150.jpg 150w\" sizes=\"(max-width: 600px) 100vw, 600px\" \/><\/figure><\/div>\n\n\n<p>Atracaremos en el&nbsp;muelle de <strong>Cala Galdana<\/strong>&nbsp;a las 15:00 horas y, a partir de ese momento, tendr\u00e1s&nbsp;dos horas libres&nbsp;para disfrutar de su fant\u00e1stica playa de aguas turquesas. La&nbsp;poca profundidad de sus fondos&nbsp;resulta perfecta&nbsp;para un&nbsp;ba\u00f1o en familia.<\/p>\n\n\n\n<p>Podr\u00e1s aprovechar tambi\u00e9n para reponer fuerzas en alguno de sus&nbsp;restaurantes con vistas al Mediterr\u00e1neo. Tampoco puedes perderte ni su&nbsp;paseo mar\u00edtimo&nbsp;ni la&nbsp;zona de pinares&nbsp;situada junto a la costa.<\/p>\n\n\n\n<p>El barco de vuelta zarpa a las 17:00 horas. Durante esta traves\u00eda de regreso podr\u00e1s volver a contemplar las hermosas&nbsp;<strong>calas y playas del sur de Menorca,<\/strong> que sin duda quedar\u00e1n grabadas para siempre en tu recuerdo.<\/p>\n\n\n\n<div style=\"height:100px\" aria-hidden=\"true\" class=\"wp-block-spacer\"><\/div>\n\n\n\n<h2 class=\"wp-block-heading\">Traves\u00eda a cuatro calas de ensue\u00f1o<\/h2>\n\n\n\n<p>Visita las cuatro principales calas del sur de Menorca :<strong>Turqueta, Macarella, Mitjana y Trebal\u00fager.<\/strong>&#8230; \u00a1Una traves\u00eda inolvidable!<\/p>\n\n\n\n<p>La&nbsp;navegaci\u00f3n por el Mediterr\u00e1neo&nbsp;se realiza en una embarcaci\u00f3n que dispone de&nbsp;servicios,&nbsp;bar&nbsp;y una&nbsp;audiogu\u00eda en espa\u00f1ol&nbsp;que te permitir\u00e1 conocer diversas curiosidades sobre el hermoso&nbsp;litoral meridional de Menorca.<\/p>\n\n\n\n<figure class=\"wp-block-image size-full\"><img loading=\"lazy\" decoding=\"async\" width=\"1920\" height=\"1280\" src=\"http:\/\/www.canariasviaja.com\/viajaresvivir\/wp-content\/uploads\/2022\/06\/cala-millana-joao-branco-Swxac6vOsY8-unsplash.jpg\" alt=\"Cala Millana\" class=\"wp-image-9004\" srcset=\"https:\/\/www.canariasviaja.com\/viajaresvivir\/wp-content\/uploads\/2022\/06\/cala-millana-joao-branco-Swxac6vOsY8-unsplash.jpg 1920w, https:\/\/www.canariasviaja.com\/viajaresvivir\/wp-content\/uploads\/2022\/06\/cala-millana-joao-branco-Swxac6vOsY8-unsplash-300x200.jpg 300w, https:\/\/www.canariasviaja.com\/viajaresvivir\/wp-content\/uploads\/2022\/06\/cala-millana-joao-branco-Swxac6vOsY8-unsplash-768x512.jpg 768w, https:\/\/www.canariasviaja.com\/viajaresvivir\/wp-content\/uploads\/2022\/06\/cala-millana-joao-branco-Swxac6vOsY8-unsplash-1536x1024.jpg 1536w, https:\/\/www.canariasviaja.com\/viajaresvivir\/wp-content\/uploads\/2022\/06\/cala-millana-joao-branco-Swxac6vOsY8-unsplash-1200x800.jpg 1200w, https:\/\/www.canariasviaja.com\/viajaresvivir\/wp-content\/uploads\/2022\/06\/cala-millana-joao-branco-Swxac6vOsY8-unsplash-1620x1080.jpg 1620w\" sizes=\"(max-width: 1920px) 100vw, 1920px\" \/><figcaption class=\"wp-element-caption\">Cala Millana. Foto Joao Branco para Unsplash<\/figcaption><\/figure>\n\n\n\n<p>Desde el barco,&nbsp;contemplar\u00e1s las espectaculares calas Turqueta, Macarella, Mitjana y Trebal\u00fager, cuyos paisajes son dignos de postal. Seguro que te sorprende el <strong>intenso&nbsp;tono azul turquesa de sus aguas, <\/strong>que contrasta con la&nbsp;exuberante vegetaci\u00f3n de la costa&nbsp;y con el dorado de sus&nbsp;playas de fin\u00edsima arena.<\/p>\n\n\n\n<figure class=\"wp-block-image size-full\"><img loading=\"lazy\" decoding=\"async\" width=\"1024\" height=\"705\" src=\"http:\/\/www.canariasviaja.com\/viajaresvivir\/wp-content\/uploads\/2022\/06\/cala-macarella-4910753.jpg\" alt=\"\" class=\"wp-image-9007\" srcset=\"https:\/\/www.canariasviaja.com\/viajaresvivir\/wp-content\/uploads\/2022\/06\/cala-macarella-4910753.jpg 1024w, https:\/\/www.canariasviaja.com\/viajaresvivir\/wp-content\/uploads\/2022\/06\/cala-macarella-4910753-300x207.jpg 300w, https:\/\/www.canariasviaja.com\/viajaresvivir\/wp-content\/uploads\/2022\/06\/cala-macarella-4910753-768x529.jpg 768w\" sizes=\"(max-width: 1024px) 100vw, 1024px\" \/><figcaption class=\"wp-element-caption\">Cala Macarella<\/figcaption><\/figure>\n\n\n\n<p>Haremos una parada en una de estas cuatro calas, donde&nbsp;podr\u00e1s practicar <strong>snorkel,<\/strong> deslizarte por varios&nbsp;toboganes acu\u00e1ticos&nbsp;y contemplar los peces desde la&nbsp;cubierta con visi\u00f3n submarina del barco.<\/p>\n\n\n\n<div style=\"height:100px\" aria-hidden=\"true\" class=\"wp-block-spacer\"><\/div>\n\n\n\n<h2 class=\"wp-block-heading\">&nbsp;Las calas del norte<\/h2>\n\n\n\n<p>Acomp\u00e1\u00f1anos a&nbsp;descubrir la costa norte de Menorca&nbsp;y a disfrutar de sus calas, muy diferentes a las del sur de la isla&#8230;<\/p>\n\n\n\n<p>Zarparemos en el&nbsp;barco&nbsp;Don Pancho&nbsp;desde el coraz\u00f3n de la&nbsp;<strong>bah\u00eda de Fornells&nbsp;<\/strong>para recorrer la&nbsp;<strong>costa norte de Menorca<\/strong>. Avistaremos el&nbsp;<strong>Faro de Cavaller\u00eda<\/strong>, ubicado en el&nbsp;punto m\u00e1s septentrional de la isla, y disfrutaremos de las impresionantes vistas de los <strong>acantilados del&nbsp;Cabo de Cavaller\u00eda.<\/strong><\/p>\n\n\n<div class=\"wp-block-image\">\n<figure class=\"aligncenter size-full is-resized\"><img decoding=\"async\" src=\"http:\/\/www.canariasviaja.com\/viajaresvivir\/wp-content\/uploads\/2022\/04\/Faro-Menorca.jpg\" alt=\"Faro Menorca\" class=\"wp-image-8543\" width=\"400\" srcset=\"https:\/\/www.canariasviaja.com\/viajaresvivir\/wp-content\/uploads\/2022\/04\/Faro-Menorca.jpg 533w, https:\/\/www.canariasviaja.com\/viajaresvivir\/wp-content\/uploads\/2022\/04\/Faro-Menorca-200x300.jpg 200w\" sizes=\"(max-width: 533px) 100vw, 533px\" \/><\/figure><\/div>\n\n\n<p>Continuaremos el recorrido hacia el&nbsp;<strong>Port de Sanitja<\/strong>, un puerto natural situado junto a la antigua&nbsp;ciudad romana de Sanisera. Observaremos&nbsp;la&nbsp;<strong>playa de Cavaller\u00eda<\/strong>, una de las m\u00e1s hermosas de la isla, y&nbsp;la&nbsp;<strong>Cala Mica<\/strong>, una peque\u00f1a playa que destaca por su particular&nbsp;forma de concha. Pasaremos tambi\u00e9n por&nbsp;la&nbsp;<strong>playa de la Binimel<\/strong>a, que enlaza con una serie de bonitas <strong>calas v\u00edrgenes.<\/strong><\/p>\n\n\n\n<figure class=\"wp-block-image size-full\"><img loading=\"lazy\" decoding=\"async\" width=\"1024\" height=\"765\" src=\"http:\/\/www.canariasviaja.com\/viajaresvivir\/wp-content\/uploads\/2022\/06\/norte-menorca-1572372.jpg\" alt=\"\" class=\"wp-image-9005\" srcset=\"https:\/\/www.canariasviaja.com\/viajaresvivir\/wp-content\/uploads\/2022\/06\/norte-menorca-1572372.jpg 1024w, https:\/\/www.canariasviaja.com\/viajaresvivir\/wp-content\/uploads\/2022\/06\/norte-menorca-1572372-300x224.jpg 300w, https:\/\/www.canariasviaja.com\/viajaresvivir\/wp-content\/uploads\/2022\/06\/norte-menorca-1572372-768x574.jpg 768w\" sizes=\"(max-width: 1024px) 100vw, 1024px\" \/><\/figure>\n\n\n\n<p>La \u00faltima parada tendr\u00e1 lugar en&nbsp;<strong>Cala Pregonda<\/strong>, una de las&nbsp;playas m\u00e1s espectaculares de Menorca, donde fondearemos y podr\u00e1s saltar desde el barco para&nbsp;disfrutar durante 45 minutos de un&nbsp;ba\u00f1o en sus aguas cristalinas. Si te animas a explorar la vida marina de la zona,&nbsp;podr\u00e1s utilizar nuestros equipos de s<strong>norkel.<\/strong><\/p>\n\n\n\n<p>Despu\u00e9s de este momento de relax, regresaremos a la bah\u00eda de Fornells.<\/p>\n\n\n\n<div style=\"height:100px\" aria-hidden=\"true\" class=\"wp-block-spacer\"><\/div>\n\n\n\n<p class=\"has-text-align-center\"><strong>Para\u00edsos para deportistas<\/strong><\/p>\n\n\n\n<h2 class=\"wp-block-heading\">Kayak en las Cuevas de Cala en Porter<\/h2>\n\n\n\n<p>Descubre la fascinante geolog\u00eda de Menorca practicando el <strong>kayak<\/strong> en un entorno natural de lo m\u00e1s privilegiado: <strong>las cuevas de Cala en Porter..<\/strong>.<\/p>\n\n\n\n<p>Iniciaremos nuestro&nbsp;<strong>tour en kayak<\/strong> por Cales Coves, la zona con m\u00e1s <strong>cuevas marinas<\/strong> de toda la isla&nbsp;y situada muy cerca&nbsp;de Cala en Porter.<\/p>\n\n\n\n<p>Navegaremos en nuestro kayak paralelos al&nbsp;<strong>Morro de Poniente de Cales Coves,<\/strong> una zona de bellos paisajes donde destacan&nbsp;las cavernas rocosas y los imponentes acantilados del litoral. Acompa\u00f1ados de nuestro <strong>gu\u00eda<\/strong>, conoceremos las particularidades geol\u00f3gicas de este fascinante entorno del&nbsp;Mediterr\u00e1neo.<\/p>\n\n\n\n<p>Podremos adem\u00e1s darnos un chapuz\u00f3n en estas&nbsp;aguas cristalinas&nbsp;y hacer <strong>snorkel <\/strong>para disfrutar al m\u00e1ximo de la costa y su&nbsp;<strong>necr\u00f3polis talai\u00f3tica de Cales Coves<\/strong>. Finalmente emprenderemos el camino de vuelta hacia Cala en Porter bordeando de nuevo este incre\u00edble paisaje costero.<\/p>\n\n\n\n<figure class=\"wp-block-image size-full\"><img loading=\"lazy\" decoding=\"async\" width=\"957\" height=\"718\" src=\"http:\/\/www.canariasviaja.com\/viajaresvivir\/wp-content\/uploads\/2022\/06\/activity_10058889_attach_1.jpg\" alt=\"Kayak Menorca\" class=\"wp-image-9028\" srcset=\"https:\/\/www.canariasviaja.com\/viajaresvivir\/wp-content\/uploads\/2022\/06\/activity_10058889_attach_1.jpg 957w, https:\/\/www.canariasviaja.com\/viajaresvivir\/wp-content\/uploads\/2022\/06\/activity_10058889_attach_1-300x225.jpg 300w, https:\/\/www.canariasviaja.com\/viajaresvivir\/wp-content\/uploads\/2022\/06\/activity_10058889_attach_1-768x576.jpg 768w, https:\/\/www.canariasviaja.com\/viajaresvivir\/wp-content\/uploads\/2022\/06\/activity_10058889_attach_1-800x600.jpg 800w\" sizes=\"(max-width: 957px) 100vw, 957px\" \/><\/figure>\n\n\n\n<div style=\"height:100px\" aria-hidden=\"true\" class=\"wp-block-spacer\"><\/div>\n\n\n\n<h2 class=\"wp-block-heading\">Kayak y snorkel al sur de Menorca<\/h2>\n\n\n\n<p><strong>\u00a1Playas dentro de cuevas, piscinas naturales&nbsp;y otras sorpresas te esperan!<\/strong><\/p>\n\n\n\n<p>Comenzaremos a remar junto a los acantilados hasta llegar a la&nbsp;<strong>Cova des Pont<\/strong>, una gruta que alberga en su interior una playa. Adem\u00e1s, en esta zona descubriremos otras&nbsp;cavidades rocosas&nbsp;que os dejar\u00e1n sin palabras.&nbsp;\u00a1Menorca lo tiene todo!&nbsp;<\/p>\n\n\n\n<p>Continuaremos navegando hasta el coqueto pueblo de pescadores de&nbsp;<strong>Binibeca Vell<\/strong>, donde se encuentra la&nbsp;<strong>Cala de La Olla<\/strong>. All\u00ed nos pondremos el&nbsp;equipo de <strong>snorkel<\/strong>&nbsp;para explorar las&nbsp;<strong>piscinas naturales de aguas turquesas<\/strong>, donde puede que encontremos&nbsp;doncellas, salmonetes&nbsp;o sargos.&nbsp;<\/p>\n\n\n\n<p>Tras el buceo de superficie, nos subiremos de nuevo a los kayaks hasta llegar a la&nbsp;<strong>playa de&nbsp;Binisaf\u00faller, <\/strong>una peque\u00f1a cala&nbsp;en la que&nbsp;podr\u00e1s descansar y tomar el sol&nbsp;antes de ponernos en ruta de regreso.<\/p>\n\n\n\n<div style=\"height:100px\" aria-hidden=\"true\" class=\"wp-block-spacer\"><\/div>\n\n\n\n<p class=\"has-text-align-center\"><strong>Bajo del mar<\/strong><\/p>\n\n\n\n<h2 class=\"wp-block-heading\">Tesoros submarinos<\/h2>\n\n\n\n<p>Descubre uno de los fondos marinos m\u00e1s bonitos de las Islas Baleares&nbsp;en la<strong> Reserva Marina del Norte de Menorca<\/strong>&#8230;<\/p>\n\n\n\n<p>Con esta actividad de<strong> snorkel <\/strong>desde <strong>Puerto Addaya<\/strong>, conocer\u00e1s&nbsp;una cara muy diferente de la isla.<\/p>\n\n\n\n<figure class=\"wp-block-image size-full\"><img loading=\"lazy\" decoding=\"async\" width=\"1024\" height=\"768\" src=\"http:\/\/www.canariasviaja.com\/viajaresvivir\/wp-content\/uploads\/2022\/04\/Menorca.jpg\" alt=\"Menorca\" class=\"wp-image-8408\" srcset=\"https:\/\/www.canariasviaja.com\/viajaresvivir\/wp-content\/uploads\/2022\/04\/Menorca.jpg 1024w, https:\/\/www.canariasviaja.com\/viajaresvivir\/wp-content\/uploads\/2022\/04\/Menorca-300x225.jpg 300w, https:\/\/www.canariasviaja.com\/viajaresvivir\/wp-content\/uploads\/2022\/04\/Menorca-768x576.jpg 768w, https:\/\/www.canariasviaja.com\/viajaresvivir\/wp-content\/uploads\/2022\/04\/Menorca-800x600.jpg 800w\" sizes=\"(max-width: 1024px) 100vw, 1024px\" \/><\/figure>\n\n\n\n<p>Subiremos a bordo de un barco con el que pondremos rumbo a la&nbsp;<strong>Reserva Marina del Norte de Menorca.<\/strong><\/p>\n\n\n\n<p>Durante dos horas, disfrutaremos surcando las&nbsp;aguas cristalinas del Mediterr\u00e1neo&nbsp;y explorando distintas&nbsp;zonas de acantilados&nbsp;solo accesibles desde el mar. \u00a1Descubrir\u00e1s algunos de los lugares m\u00e1s impresionantes de la isla!<\/p>\n\n\n\n<p>A lo largo de la tarde, fondearemos el barco en distintos puntos clave de la reserva para saltar al agua y&nbsp;explorar este <strong>rico ecosistema<\/strong> mientras practicamos snorkel.<\/p>\n\n\n\n<p>\u00a1Permanece atento al <strong>gu\u00eda!<\/strong> Se encargar\u00e1 de mostrarte la vida marina de la zona para que saques el m\u00e1ximo provecho a esta experiencia.<\/p>\n\n\n\n<p>Tras el \u00faltimo chapuz\u00f3n, subiremos de nuevo al barco y navegaremos de regreso al lugar de inicio de la actividad, donde llegaremos a las 19:00 horas.<\/p>\n\n\n\n<div style=\"height:100px\" aria-hidden=\"true\" class=\"wp-block-spacer\"><\/div>\n\n\n\n<div class=\"wp-block-buttons is-content-justification-center is-layout-flex wp-container-core-buttons-is-layout-4 wp-block-buttons-is-layout-flex\">\n<div class=\"wp-block-button\"><a class=\"wp-block-button__link wp-element-button\" href=\"https:\/\/bit.ly\/3aacvXP\">Este verano, haz planes en las islas Baleares<\/a><\/div>\n<\/div>\n","protected":false},"excerpt":{"rendered":"<p>Las islas Baleares nos sorprenden por su belleza mediterr\u00e1nea, con sus acantilados y calas de arenas blancas con aguas turquesas, sus pueblos de postal, su deliciosa gastronom\u00eda, sus tradiciones\u2026 Cada una de las islas tiene su personalidad propia y queremos que las descubras viviendo experiencias, exprimi\u00e9ndolas, y \u00a0haciendo planes\u2026 \u00bfte apuntas? Experiencias en Mallorca: La mayor de las islas Baleares, &hellip;<\/p>\n","protected":false},"author":2,"featured_media":9003,"comment_status":"open","ping_status":"open","sticky":false,"template":"","format":"standard","meta":{"_acf_changed":false,"sfsi_plus_gutenberg_text_before_share":"","sfsi_plus_gutenberg_show_text_before_share":"","sfsi_plus_gutenberg_icon_type":"","sfsi_plus_gutenberg_icon_alignemt":"","sfsi_plus_gutenburg_max_per_row":"","footnotes":""},"categories":[125,574,124,123,10,862,103,100],"tags":[764,885,865,887,178,886,180,122,543,731],"class_list":["post-8987","post","type-post","status-publish","format-standard","has-post-thumbnail","hentry","category-aventurate","category-consejos-viajeros","category-descubre","category-explora","category-historias-viajeras","category-menorca","category-palma-de-mallorca","category-peninsulaybaleares","tag-actividades-en-el-mar","tag-baleares","tag-calas","tag-mahon","tag-mallorca","tag-menorca","tag-palma-de-mallorca","tag-playas","tag-snorkel","tag-valldemosa"],"acf":[],"yoast_head":"<!-- This site is optimized with the Yoast SEO plugin v24.1 - https:\/\/yoast.com\/wordpress\/plugins\/seo\/ -->\n<title>Planes en Baleares para vivir las islas - Viajar es vivir<\/title>\n<meta name=\"description\" content=\"Planes en Baleares para que descubras y vivas Mallorca y Menorca. Te sorprender\u00e1n por sus calas, paisajes, historia y gastronom\u00eda\" \/>\n<meta name=\"robots\" content=\"index, follow, max-snippet:-1, max-image-preview:large, max-video-preview:-1\" \/>\n<link rel=\"canonical\" href=\"https:\/\/www.canariasviaja.com\/viajaresvivir\/planes-en-baleares\/\" \/>\n<meta property=\"og:locale\" content=\"es_ES\" \/>\n<meta property=\"og:type\" content=\"article\" \/>\n<meta property=\"og:title\" content=\"Planes en Baleares para vivir las islas - Viajar es vivir\" \/>\n<meta property=\"og:description\" content=\"Planes en Baleares para que descubras y vivas Mallorca y Menorca. Te sorprender\u00e1n por sus calas, paisajes, historia y gastronom\u00eda\" \/>\n<meta property=\"og:url\" content=\"https:\/\/www.canariasviaja.com\/viajaresvivir\/planes-en-baleares\/\" \/>\n<meta property=\"og:site_name\" content=\"Viajar es vivir\" \/>\n<meta property=\"article:published_time\" content=\"2022-06-30T14:13:50+00:00\" \/>\n<meta property=\"article:modified_time\" content=\"2024-08-08T16:58:59+00:00\" \/>\n<meta property=\"og:image\" content=\"http:\/\/www.canariasviaja.com\/viajaresvivir\/wp-content\/uploads\/2022\/06\/biel-morro-_l8ZdgJ9m7w-unsplash.jpg\" \/>\n\t<meta property=\"og:image:width\" content=\"1920\" \/>\n\t<meta property=\"og:image:height\" content=\"1282\" \/>\n\t<meta property=\"og:image:type\" content=\"image\/jpeg\" \/>\n<meta name=\"author\" content=\"Patri C\u00e1mpora\" \/>\n<meta name=\"twitter:card\" content=\"summary_large_image\" \/>\n<meta name=\"twitter:label1\" content=\"Escrito por\" \/>\n\t<meta name=\"twitter:data1\" content=\"Patri C\u00e1mpora\" \/>\n\t<meta name=\"twitter:label2\" content=\"Tiempo de lectura\" \/>\n\t<meta name=\"twitter:data2\" content=\"15 minutos\" \/>\n<script type=\"application\/ld+json\" class=\"yoast-schema-graph\">{\"@context\":\"https:\/\/schema.org\",\"@graph\":[{\"@type\":\"WebPage\",\"@id\":\"https:\/\/www.canariasviaja.com\/viajaresvivir\/planes-en-baleares\/\",\"url\":\"https:\/\/www.canariasviaja.com\/viajaresvivir\/planes-en-baleares\/\",\"name\":\"Planes en Baleares para vivir las islas - Viajar es vivir\",\"isPartOf\":{\"@id\":\"https:\/\/www.canariasviaja.com\/viajaresvivir\/#website\"},\"primaryImageOfPage\":{\"@id\":\"https:\/\/www.canariasviaja.com\/viajaresvivir\/planes-en-baleares\/#primaryimage\"},\"image\":{\"@id\":\"https:\/\/www.canariasviaja.com\/viajaresvivir\/planes-en-baleares\/#primaryimage\"},\"thumbnailUrl\":\"https:\/\/www.canariasviaja.com\/viajaresvivir\/wp-content\/uploads\/2022\/06\/biel-morro-_l8ZdgJ9m7w-unsplash.jpg\",\"datePublished\":\"2022-06-30T14:13:50+00:00\",\"dateModified\":\"2024-08-08T16:58:59+00:00\",\"author\":{\"@id\":\"https:\/\/www.canariasviaja.com\/viajaresvivir\/#\/schema\/person\/085949651001325f1244a8bc1b34709c\"},\"description\":\"Planes en Baleares para que descubras y vivas Mallorca y Menorca. Te sorprender\u00e1n por sus calas, paisajes, historia y gastronom\u00eda\",\"breadcrumb\":{\"@id\":\"https:\/\/www.canariasviaja.com\/viajaresvivir\/planes-en-baleares\/#breadcrumb\"},\"inLanguage\":\"es\",\"potentialAction\":[{\"@type\":\"ReadAction\",\"target\":[\"https:\/\/www.canariasviaja.com\/viajaresvivir\/planes-en-baleares\/\"]}]},{\"@type\":\"ImageObject\",\"inLanguage\":\"es\",\"@id\":\"https:\/\/www.canariasviaja.com\/viajaresvivir\/planes-en-baleares\/#primaryimage\",\"url\":\"https:\/\/www.canariasviaja.com\/viajaresvivir\/wp-content\/uploads\/2022\/06\/biel-morro-_l8ZdgJ9m7w-unsplash.jpg\",\"contentUrl\":\"https:\/\/www.canariasviaja.com\/viajaresvivir\/wp-content\/uploads\/2022\/06\/biel-morro-_l8ZdgJ9m7w-unsplash.jpg\",\"width\":1920,\"height\":1282,\"caption\":\"Baleares\"},{\"@type\":\"BreadcrumbList\",\"@id\":\"https:\/\/www.canariasviaja.com\/viajaresvivir\/planes-en-baleares\/#breadcrumb\",\"itemListElement\":[{\"@type\":\"ListItem\",\"position\":1,\"name\":\"Portada\",\"item\":\"https:\/\/www.canariasviaja.com\/viajaresvivir\/\"},{\"@type\":\"ListItem\",\"position\":2,\"name\":\"Planes en Baleares para vivir las islas\"}]},{\"@type\":\"WebSite\",\"@id\":\"https:\/\/www.canariasviaja.com\/viajaresvivir\/#website\",\"url\":\"https:\/\/www.canariasviaja.com\/viajaresvivir\/\",\"name\":\"Viajar es vivir\",\"description\":\"El blog de viajes y estilo de vida de CanariasViaja\",\"potentialAction\":[{\"@type\":\"SearchAction\",\"target\":{\"@type\":\"EntryPoint\",\"urlTemplate\":\"https:\/\/www.canariasviaja.com\/viajaresvivir\/?s={search_term_string}\"},\"query-input\":{\"@type\":\"PropertyValueSpecification\",\"valueRequired\":true,\"valueName\":\"search_term_string\"}}],\"inLanguage\":\"es\"},{\"@type\":\"Person\",\"@id\":\"https:\/\/www.canariasviaja.com\/viajaresvivir\/#\/schema\/person\/085949651001325f1244a8bc1b34709c\",\"name\":\"Patri C\u00e1mpora\",\"image\":{\"@type\":\"ImageObject\",\"inLanguage\":\"es\",\"@id\":\"https:\/\/www.canariasviaja.com\/viajaresvivir\/#\/schema\/person\/image\/\",\"url\":\"https:\/\/secure.gravatar.com\/avatar\/b2ce2c4086a5776e5310f57c1a2e5b4e?s=96&d=mm&r=g\",\"contentUrl\":\"https:\/\/secure.gravatar.com\/avatar\/b2ce2c4086a5776e5310f57c1a2e5b4e?s=96&d=mm&r=g\",\"caption\":\"Patri C\u00e1mpora\"},\"url\":\"https:\/\/www.canariasviaja.com\/viajaresvivir\/author\/patri\/\"}]}<\/script>\n<!-- \/ Yoast SEO plugin. -->","yoast_head_json":{"title":"Planes en Baleares para vivir las islas - Viajar es vivir","description":"Planes en Baleares para que descubras y vivas Mallorca y Menorca. Te sorprender\u00e1n por sus calas, paisajes, historia y gastronom\u00eda","robots":{"index":"index","follow":"follow","max-snippet":"max-snippet:-1","max-image-preview":"max-image-preview:large","max-video-preview":"max-video-preview:-1"},"canonical":"https:\/\/www.canariasviaja.com\/viajaresvivir\/planes-en-baleares\/","og_locale":"es_ES","og_type":"article","og_title":"Planes en Baleares para vivir las islas - Viajar es vivir","og_description":"Planes en Baleares para que descubras y vivas Mallorca y Menorca. Te sorprender\u00e1n por sus calas, paisajes, historia y gastronom\u00eda","og_url":"https:\/\/www.canariasviaja.com\/viajaresvivir\/planes-en-baleares\/","og_site_name":"Viajar es vivir","article_published_time":"2022-06-30T14:13:50+00:00","article_modified_time":"2024-08-08T16:58:59+00:00","og_image":[{"width":1920,"height":1282,"url":"http:\/\/www.canariasviaja.com\/viajaresvivir\/wp-content\/uploads\/2022\/06\/biel-morro-_l8ZdgJ9m7w-unsplash.jpg","type":"image\/jpeg"}],"author":"Patri C\u00e1mpora","twitter_card":"summary_large_image","twitter_misc":{"Escrito por":"Patri C\u00e1mpora","Tiempo de lectura":"15 minutos"},"schema":{"@context":"https:\/\/schema.org","@graph":[{"@type":"WebPage","@id":"https:\/\/www.canariasviaja.com\/viajaresvivir\/planes-en-baleares\/","url":"https:\/\/www.canariasviaja.com\/viajaresvivir\/planes-en-baleares\/","name":"Planes en Baleares para vivir las islas - Viajar es vivir","isPartOf":{"@id":"https:\/\/www.canariasviaja.com\/viajaresvivir\/#website"},"primaryImageOfPage":{"@id":"https:\/\/www.canariasviaja.com\/viajaresvivir\/planes-en-baleares\/#primaryimage"},"image":{"@id":"https:\/\/www.canariasviaja.com\/viajaresvivir\/planes-en-baleares\/#primaryimage"},"thumbnailUrl":"https:\/\/www.canariasviaja.com\/viajaresvivir\/wp-content\/uploads\/2022\/06\/biel-morro-_l8ZdgJ9m7w-unsplash.jpg","datePublished":"2022-06-30T14:13:50+00:00","dateModified":"2024-08-08T16:58:59+00:00","author":{"@id":"https:\/\/www.canariasviaja.com\/viajaresvivir\/#\/schema\/person\/085949651001325f1244a8bc1b34709c"},"description":"Planes en Baleares para que descubras y vivas Mallorca y Menorca. Te sorprender\u00e1n por sus calas, paisajes, historia y gastronom\u00eda","breadcrumb":{"@id":"https:\/\/www.canariasviaja.com\/viajaresvivir\/planes-en-baleares\/#breadcrumb"},"inLanguage":"es","potentialAction":[{"@type":"ReadAction","target":["https:\/\/www.canariasviaja.com\/viajaresvivir\/planes-en-baleares\/"]}]},{"@type":"ImageObject","inLanguage":"es","@id":"https:\/\/www.canariasviaja.com\/viajaresvivir\/planes-en-baleares\/#primaryimage","url":"https:\/\/www.canariasviaja.com\/viajaresvivir\/wp-content\/uploads\/2022\/06\/biel-morro-_l8ZdgJ9m7w-unsplash.jpg","contentUrl":"https:\/\/www.canariasviaja.com\/viajaresvivir\/wp-content\/uploads\/2022\/06\/biel-morro-_l8ZdgJ9m7w-unsplash.jpg","width":1920,"height":1282,"caption":"Baleares"},{"@type":"BreadcrumbList","@id":"https:\/\/www.canariasviaja.com\/viajaresvivir\/planes-en-baleares\/#breadcrumb","itemListElement":[{"@type":"ListItem","position":1,"name":"Portada","item":"https:\/\/www.canariasviaja.com\/viajaresvivir\/"},{"@type":"ListItem","position":2,"name":"Planes en Baleares para vivir las islas"}]},{"@type":"WebSite","@id":"https:\/\/www.canariasviaja.com\/viajaresvivir\/#website","url":"https:\/\/www.canariasviaja.com\/viajaresvivir\/","name":"Viajar es vivir","description":"El blog de viajes y estilo de vida de CanariasViaja","potentialAction":[{"@type":"SearchAction","target":{"@type":"EntryPoint","urlTemplate":"https:\/\/www.canariasviaja.com\/viajaresvivir\/?s={search_term_string}"},"query-input":{"@type":"PropertyValueSpecification","valueRequired":true,"valueName":"search_term_string"}}],"inLanguage":"es"},{"@type":"Person","@id":"https:\/\/www.canariasviaja.com\/viajaresvivir\/#\/schema\/person\/085949651001325f1244a8bc1b34709c","name":"Patri C\u00e1mpora","image":{"@type":"ImageObject","inLanguage":"es","@id":"https:\/\/www.canariasviaja.com\/viajaresvivir\/#\/schema\/person\/image\/","url":"https:\/\/secure.gravatar.com\/avatar\/b2ce2c4086a5776e5310f57c1a2e5b4e?s=96&d=mm&r=g","contentUrl":"https:\/\/secure.gravatar.com\/avatar\/b2ce2c4086a5776e5310f57c1a2e5b4e?s=96&d=mm&r=g","caption":"Patri C\u00e1mpora"},"url":"https:\/\/www.canariasviaja.com\/viajaresvivir\/author\/patri\/"}]}},"_links":{"self":[{"href":"https:\/\/www.canariasviaja.com\/viajaresvivir\/wp-json\/wp\/v2\/posts\/8987"}],"collection":[{"href":"https:\/\/www.canariasviaja.com\/viajaresvivir\/wp-json\/wp\/v2\/posts"}],"about":[{"href":"https:\/\/www.canariasviaja.com\/viajaresvivir\/wp-json\/wp\/v2\/types\/post"}],"author":[{"embeddable":true,"href":"https:\/\/www.canariasviaja.com\/viajaresvivir\/wp-json\/wp\/v2\/users\/2"}],"replies":[{"embeddable":true,"href":"https:\/\/www.canariasviaja.com\/viajaresvivir\/wp-json\/wp\/v2\/comments?post=8987"}],"version-history":[{"count":10,"href":"https:\/\/www.canariasviaja.com\/viajaresvivir\/wp-json\/wp\/v2\/posts\/8987\/revisions"}],"predecessor-version":[{"id":11623,"href":"https:\/\/www.canariasviaja.com\/viajaresvivir\/wp-json\/wp\/v2\/posts\/8987\/revisions\/11623"}],"wp:featuredmedia":[{"embeddable":true,"href":"https:\/\/www.canariasviaja.com\/viajaresvivir\/wp-json\/wp\/v2\/media\/9003"}],"wp:attachment":[{"href":"https:\/\/www.canariasviaja.com\/viajaresvivir\/wp-json\/wp\/v2\/media?parent=8987"}],"wp:term":[{"taxonomy":"category","embeddable":true,"href":"https:\/\/www.canariasviaja.com\/viajaresvivir\/wp-json\/wp\/v2\/categories?post=8987"},{"taxonomy":"post_tag","embeddable":true,"href":"https:\/\/www.canariasviaja.com\/viajaresvivir\/wp-json\/wp\/v2\/tags?post=8987"}],"curies":[{"name":"wp","href":"https:\/\/api.w.org\/{rel}","templated":true}]}}