{"id":9037,"date":"2022-07-15T12:47:36","date_gmt":"2022-07-15T12:47:36","guid":{"rendered":"https:\/\/www.canariasviaja.com\/viajaresvivir\/?p=9037"},"modified":"2022-12-08T17:47:00","modified_gmt":"2022-12-08T17:47:00","slug":"lagos-de-covadonga-la-joya-de-los-picos-de-europa","status":"publish","type":"post","link":"https:\/\/www.canariasviaja.com\/viajaresvivir\/lagos-de-covadonga-la-joya-de-los-picos-de-europa\/","title":{"rendered":"Lagos de Covadonga, la joya de los Picos de Europa"},"content":{"rendered":"\n<p>Los <strong>Lagos de Covadonga<\/strong> son uno de los tesoros que esconde el<strong> Parque Nacional de los Picos de Europa<\/strong> en su vertiente asturiana. Un paisaje de belleza pr\u00edstina que nos conecta con la naturaleza m\u00e1s pura e inalterada por la mano del hombre. Te invitamos a que los descubras en tu <strong>visita a Asturias.<\/strong><\/p>\n\n\n\n<figure class=\"wp-block-image size-full\"><img loading=\"lazy\" decoding=\"async\" width=\"2000\" height=\"1393\" src=\"http:\/\/www.canariasviaja.com\/viajaresvivir\/wp-content\/uploads\/2022\/07\/vega-comeya-Julio-Herrera-Mendez.jpg\" alt=\"\" class=\"wp-image-9046\" srcset=\"https:\/\/www.canariasviaja.com\/viajaresvivir\/wp-content\/uploads\/2022\/07\/vega-comeya-Julio-Herrera-Mendez.jpg 2000w, https:\/\/www.canariasviaja.com\/viajaresvivir\/wp-content\/uploads\/2022\/07\/vega-comeya-Julio-Herrera-Mendez-300x209.jpg 300w, https:\/\/www.canariasviaja.com\/viajaresvivir\/wp-content\/uploads\/2022\/07\/vega-comeya-Julio-Herrera-Mendez-768x535.jpg 768w, https:\/\/www.canariasviaja.com\/viajaresvivir\/wp-content\/uploads\/2022\/07\/vega-comeya-Julio-Herrera-Mendez-1536x1070.jpg 1536w, https:\/\/www.canariasviaja.com\/viajaresvivir\/wp-content\/uploads\/2022\/07\/vega-comeya-Julio-Herrera-Mendez-1200x836.jpg 1200w, https:\/\/www.canariasviaja.com\/viajaresvivir\/wp-content\/uploads\/2022\/07\/vega-comeya-Julio-Herrera-Mendez-1551x1080.jpg 1551w\" sizes=\"(max-width: 2000px) 100vw, 2000px\" \/><figcaption>Vega Comeya. Foto: Turismo de Asturias (Julio Herrera M\u00e9ndez)<\/figcaption><\/figure>\n\n\n\n<div style=\"height:100px\" aria-hidden=\"true\" class=\"wp-block-spacer\"><\/div>\n\n\n\n<h3 class=\"wp-block-heading\"><strong>El Parque Nacional de los Picos de Europa<\/strong><\/h3>\n\n\n\n<figure class=\"wp-block-image size-full\"><img loading=\"lazy\" decoding=\"async\" width=\"1024\" height=\"310\" src=\"http:\/\/www.canariasviaja.com\/viajaresvivir\/wp-content\/uploads\/2022\/07\/mirador-reina-Julio-Herrera-Mendez.jpg\" alt=\"\" class=\"wp-image-9044\" srcset=\"https:\/\/www.canariasviaja.com\/viajaresvivir\/wp-content\/uploads\/2022\/07\/mirador-reina-Julio-Herrera-Mendez.jpg 1024w, https:\/\/www.canariasviaja.com\/viajaresvivir\/wp-content\/uploads\/2022\/07\/mirador-reina-Julio-Herrera-Mendez-300x91.jpg 300w, https:\/\/www.canariasviaja.com\/viajaresvivir\/wp-content\/uploads\/2022\/07\/mirador-reina-Julio-Herrera-Mendez-768x233.jpg 768w\" sizes=\"(max-width: 1024px) 100vw, 1024px\" \/><figcaption>Mirador de la Reina. Foto: Turismo de Asturias ( Julio Herrera M\u00e9ndez)<\/figcaption><\/figure>\n\n\n\n<p><strong>El <a href=\"https:\/\/parquenacionalpicoseuropa.es\/\" target=\"_blank\" rel=\"noreferrer noopener\">Parque Nacional de los Picos de Europa<\/a><\/strong>, situado en la Cordillera Cant\u00e1brica, est\u00e1 repartido entre las provincias de Asturias, Le\u00f3n y Cantabria.<\/p>\n\n\n\n<p>La parte asturiana, correspondiente al <strong>macizo occidental o del Corni\u00f3n,<\/strong> fue la primera es ser protegida, en 1918, mediante la creaci\u00f3n del <strong>Parque Nacional de la Monta\u00f1a de Covadonga<\/strong>, el primer parque nacional de Espa\u00f1a. En 1995 se eleva y extiende su protecci\u00f3n con la Declaraci\u00f3n del <strong>Parque Nacional de Picos de Europa<\/strong>. Su extensi\u00f3n abarca una superficie de 67.455 hect\u00e1reas (el segundo m\u00e1s grande de Espa\u00f1a), incluidas en once t\u00e9rminos municipales y tres provincias. Los valores naturales y etnogr\u00e1ficos de este territorio hicieron necesaria esta protecci\u00f3n para compatibilizar los usos tradicionales y la conservaci\u00f3n del medio natural, con el uso p\u00fablico del espacio.<\/p>\n\n\n\n<p>Los Picos de Europa son un Parque Nacional con una gran riqueza paisaj\u00edstica, moldeada por las cuencas de los<strong> r\u00edos Sella, Deva y Cares<\/strong>, &nbsp;que incluye grandes bosques, pastizales de monta\u00f1a y macizos rocosos, como el <strong>Naranjo de Bulmes<\/strong>, y en la que habitan las especies m\u00e1s caracter\u00edsticas y amenazadas de la Cordillera Cant\u00e1brica, como <strong>el quebrantahuesos, el lobo o el oso<\/strong>.  Un para\u00edso para los amantes de la naturaleza, los deportes al aire libre y las tradiciones.<\/p>\n\n\n\n<div style=\"height:100px\" aria-hidden=\"true\" class=\"wp-block-spacer\"><\/div>\n\n\n\n<h3 class=\"wp-block-heading\"><strong>Covadonga<\/strong><\/h3>\n\n\n\n<figure class=\"wp-block-image size-full\"><img loading=\"lazy\" decoding=\"async\" width=\"1920\" height=\"1237\" src=\"http:\/\/www.canariasviaja.com\/viajaresvivir\/wp-content\/uploads\/2022\/07\/willian-justen-de-vasconcellos-9Q9aZeQhV_4-unsplash.jpg\" alt=\"Covadonga\" class=\"wp-image-9049\" srcset=\"https:\/\/www.canariasviaja.com\/viajaresvivir\/wp-content\/uploads\/2022\/07\/willian-justen-de-vasconcellos-9Q9aZeQhV_4-unsplash.jpg 1920w, https:\/\/www.canariasviaja.com\/viajaresvivir\/wp-content\/uploads\/2022\/07\/willian-justen-de-vasconcellos-9Q9aZeQhV_4-unsplash-300x193.jpg 300w, https:\/\/www.canariasviaja.com\/viajaresvivir\/wp-content\/uploads\/2022\/07\/willian-justen-de-vasconcellos-9Q9aZeQhV_4-unsplash-768x495.jpg 768w, https:\/\/www.canariasviaja.com\/viajaresvivir\/wp-content\/uploads\/2022\/07\/willian-justen-de-vasconcellos-9Q9aZeQhV_4-unsplash-1536x990.jpg 1536w, https:\/\/www.canariasviaja.com\/viajaresvivir\/wp-content\/uploads\/2022\/07\/willian-justen-de-vasconcellos-9Q9aZeQhV_4-unsplash-1200x773.jpg 1200w, https:\/\/www.canariasviaja.com\/viajaresvivir\/wp-content\/uploads\/2022\/07\/willian-justen-de-vasconcellos-9Q9aZeQhV_4-unsplash-1676x1080.jpg 1676w\" sizes=\"(max-width: 1920px) 100vw, 1920px\" \/><figcaption>Bas\u00edlica de Covadonga. Foto de <a href=\"https:\/\/unsplash.com\/@willianjusten?utm_source=unsplash&amp;utm_medium=referral&amp;utm_content=creditCopyText\">Willian Justen de Vasconcellos<\/a> en <a href=\"https:\/\/unsplash.com\/es\/s\/fotos\/covadonga?utm_source=unsplash&amp;utm_medium=referral&amp;utm_content=creditCopyText\">Unsplash<\/a><\/figcaption><\/figure>\n\n\n\n<p>A tan solo 8 kil\u00f3metros de la que fuera la primera capital del reino de Asturias, <strong>Cangas de On\u00eds<\/strong>, se encuentra <strong><a href=\"https:\/\/www.turismoasturias.es\/blog?p_p_auth=U8hsAe3T&amp;p_p_id=33&amp;p_p_lifecycle=0&amp;p_p_col_id=column-1&amp;p_p_col_count=1&amp;_33_struts_action=%2Fblogs%2Fview_entry&amp;_33_urlTitle=guia-para-visitar-covadonga-los-lagos-y-alrededores\" target=\"_blank\" rel=\"noreferrer noopener\">Covadonga<\/a><\/strong>. Antes de adentrarnos en sus lagos, haremos una parada en este un lugar de alto valor hist\u00f3rico, natural y espiritual, cuna de una monarqu\u00eda m\u00edtica.<\/p>\n\n\n\n<p>Fue aqu\u00ed donde en el a\u00f1o 718 las tropas de <strong>Don Pelayo<\/strong> vencieron a los musulmanes, iniciando la <strong>Reconquista de Espa\u00f1a<\/strong>, y donde fue nombrado Rey del Reino Astur.<\/p>\n\n\n\n<p>En una de sus cuevas, la<strong> Cueva Santa<\/strong>, reina <em>\u201cLa Santina<\/em>\u201d, la <strong>Virgen de Covadonga<\/strong>. Su santuario, el primero en crearse en Espa\u00f1a, est\u00e1 rodeado de naturaleza y es un importante lugar de peregrinaci\u00f3n mariana y parada de muchos peregrinos de la <strong>ruta norte del <\/strong><a href=\"https:\/\/www.canariasviaja.com\/viajaresvivir\/camino-de-santiago\/\"><strong>Camino de Santiago<\/strong>. <\/a>Frente a ella, al otro lado del valle, la imponente <strong>Bas\u00edlica de Covadonga<\/strong>, de piedra rosada que contrasta con el intenso verde del entorno.<\/p>\n\n\n\n<figure class=\"wp-block-image size-full\"><img loading=\"lazy\" decoding=\"async\" width=\"1920\" height=\"1462\" src=\"http:\/\/www.canariasviaja.com\/viajaresvivir\/wp-content\/uploads\/2022\/07\/willian-justen-de-vasconcellos-lKrapF7bio0-unsplash.jpg\" alt=\"Covadonga\" class=\"wp-image-9048\" srcset=\"https:\/\/www.canariasviaja.com\/viajaresvivir\/wp-content\/uploads\/2022\/07\/willian-justen-de-vasconcellos-lKrapF7bio0-unsplash.jpg 1920w, https:\/\/www.canariasviaja.com\/viajaresvivir\/wp-content\/uploads\/2022\/07\/willian-justen-de-vasconcellos-lKrapF7bio0-unsplash-300x228.jpg 300w, https:\/\/www.canariasviaja.com\/viajaresvivir\/wp-content\/uploads\/2022\/07\/willian-justen-de-vasconcellos-lKrapF7bio0-unsplash-768x585.jpg 768w, https:\/\/www.canariasviaja.com\/viajaresvivir\/wp-content\/uploads\/2022\/07\/willian-justen-de-vasconcellos-lKrapF7bio0-unsplash-1536x1170.jpg 1536w, https:\/\/www.canariasviaja.com\/viajaresvivir\/wp-content\/uploads\/2022\/07\/willian-justen-de-vasconcellos-lKrapF7bio0-unsplash-1200x914.jpg 1200w, https:\/\/www.canariasviaja.com\/viajaresvivir\/wp-content\/uploads\/2022\/07\/willian-justen-de-vasconcellos-lKrapF7bio0-unsplash-1418x1080.jpg 1418w\" sizes=\"(max-width: 1920px) 100vw, 1920px\" \/><figcaption>Bas\u00edlica de Covadonga. Foto de <a href=\"https:\/\/unsplash.com\/@willianjusten?utm_source=unsplash&amp;utm_medium=referral&amp;utm_content=creditCopyText\">Willian Justen de Vasconcellos<\/a> en <a href=\"https:\/\/unsplash.com\/es\/s\/fotos\/covadonga?utm_source=unsplash&amp;utm_medium=referral&amp;utm_content=creditCopyText\">Unsplash<\/a><\/figcaption><\/figure>\n\n\n\n<div style=\"height:100px\" aria-hidden=\"true\" class=\"wp-block-spacer\"><\/div>\n\n\n\n<h3 class=\"wp-block-heading\"><strong>Subida a Los Lagos de Covadonga<\/strong><\/h3>\n\n\n\n<p>Podemos llegar hasta Covadonga,  visitar este enclave \u00fanico y aparcar nuestro coche. <\/p>\n\n\n\n<p>Si viajas en verano o en fechas de alta afluencia de visitantes, el tr\u00e1fico de veh\u00edculos a los lagos estar\u00e1 restringido durante el d\u00eda y solo se podr\u00e1 acceder en los autobuses autorizados y taxis. <a href=\"https:\/\/parquenacionalpicoseuropa.es\/visitas\/\" target=\"_blank\" rel=\"noreferrer noopener\"><strong>Inf\u00f3rmate antes de subir<\/strong><\/a>.<\/p>\n\n\n\n<p>Si quieres llegar con tu coche particular hasta los lagos en esas fechas, tendr\u00e1s que madrugar mucho ya que a las ocho de la ma\u00f1ana cortan la carretera.<\/p>\n\n\n\n<figure class=\"wp-block-image size-full\"><img loading=\"lazy\" decoding=\"async\" width=\"1920\" height=\"1275\" src=\"http:\/\/www.canariasviaja.com\/viajaresvivir\/wp-content\/uploads\/2022\/07\/matteo-paganelli-NBESnFq-A0Q-unsplash.jpg\" alt=\"Lagos de Covadonga\" class=\"wp-image-9047\" srcset=\"https:\/\/www.canariasviaja.com\/viajaresvivir\/wp-content\/uploads\/2022\/07\/matteo-paganelli-NBESnFq-A0Q-unsplash.jpg 1920w, https:\/\/www.canariasviaja.com\/viajaresvivir\/wp-content\/uploads\/2022\/07\/matteo-paganelli-NBESnFq-A0Q-unsplash-300x199.jpg 300w, https:\/\/www.canariasviaja.com\/viajaresvivir\/wp-content\/uploads\/2022\/07\/matteo-paganelli-NBESnFq-A0Q-unsplash-768x510.jpg 768w, https:\/\/www.canariasviaja.com\/viajaresvivir\/wp-content\/uploads\/2022\/07\/matteo-paganelli-NBESnFq-A0Q-unsplash-1536x1020.jpg 1536w, https:\/\/www.canariasviaja.com\/viajaresvivir\/wp-content\/uploads\/2022\/07\/matteo-paganelli-NBESnFq-A0Q-unsplash-1200x797.jpg 1200w, https:\/\/www.canariasviaja.com\/viajaresvivir\/wp-content\/uploads\/2022\/07\/matteo-paganelli-NBESnFq-A0Q-unsplash-1626x1080.jpg 1626w\" sizes=\"(max-width: 1920px) 100vw, 1920px\" \/><figcaption>Lagos de Covadonga. Foto de <a href=\"https:\/\/unsplash.com\/@matteopaga?utm_source=unsplash&amp;utm_medium=referral&amp;utm_content=creditCopyText\">Matteo Paganelli<\/a> en <a href=\"https:\/\/unsplash.com\/es\/s\/fotos\/covadonga?utm_source=unsplash&amp;utm_medium=referral&amp;utm_content=creditCopyText\">Unsplash<\/a><\/figcaption><\/figure>\n\n\n\n<p>Antes de subir no debemos de olvidarnos de coger<strong> ropa de abrigo y calzado c\u00f3modo.<\/strong> El tiempo es muy cambiante en los <strong>Picos de Europa<\/strong> y nos puede sorprender con cambios bruscos de temperatura, as\u00ed que mejor ir preparados y revisar la previsi\u00f3n meteorol\u00f3gica antes de ir. Si vas en oto\u00f1o o invierno, abr\u00edgate muy bien ya que el viento sopla muy frio.<\/p>\n\n\n\n<p>La primera parada en nuestra subida ser\u00e1 en el <strong>Mirador de los Can\u00f3nigos<\/strong>, donde disfrutaremos de unas preciosas vistas del santuario de Covadonga. Un lugar al que sub\u00edan los can\u00f3nigos de Covadonga en busca de tranquilidad y reflexi\u00f3n.<\/p>\n\n\n\n<p>La carretera a los lagos es estrecha y con muchas curvas, por lo que tendremos que conducir con precauci\u00f3n.<\/p>\n\n\n\n<div style=\"height:100px\" aria-hidden=\"true\" class=\"wp-block-spacer\"><\/div>\n\n\n\n<h3 class=\"wp-block-heading\"><strong>Los Lagos de Covadonga<\/strong><\/h3>\n\n\n\n<p><strong>Los lagos de Ercina y el Lago Ernol<\/strong> tienen origen glacial y est\u00e1n situados por encima de 1000 metros sobre el nivel del mar.<\/p>\n\n\n\n<p>El primer lago que nos encontraremos ser\u00e1 el de <strong>Ercina<\/strong>. Si la niebla no se ha disipado, puede que te cueste ver los verdes pastos que te rodean y que el lago te sorprenda apareciendo de repente frente a t\u00ed. El lago Ercina es del tama\u00f1o de ocho campos de f\u00fatbol y est\u00e1 a 1108 m de altitud, aunque solo tiene tres metros de profundidad.<\/p>\n\n\n\n<figure class=\"wp-block-image size-full\"><img loading=\"lazy\" decoding=\"async\" width=\"2000\" height=\"1333\" src=\"http:\/\/www.canariasviaja.com\/viajaresvivir\/wp-content\/uploads\/2022\/07\/lago-ercina-Gonzalo-Azurmendi.jpg\" alt=\"\" class=\"wp-image-9041\" srcset=\"https:\/\/www.canariasviaja.com\/viajaresvivir\/wp-content\/uploads\/2022\/07\/lago-ercina-Gonzalo-Azurmendi.jpg 2000w, https:\/\/www.canariasviaja.com\/viajaresvivir\/wp-content\/uploads\/2022\/07\/lago-ercina-Gonzalo-Azurmendi-300x200.jpg 300w, https:\/\/www.canariasviaja.com\/viajaresvivir\/wp-content\/uploads\/2022\/07\/lago-ercina-Gonzalo-Azurmendi-768x512.jpg 768w, https:\/\/www.canariasviaja.com\/viajaresvivir\/wp-content\/uploads\/2022\/07\/lago-ercina-Gonzalo-Azurmendi-1536x1024.jpg 1536w, https:\/\/www.canariasviaja.com\/viajaresvivir\/wp-content\/uploads\/2022\/07\/lago-ercina-Gonzalo-Azurmendi-1200x800.jpg 1200w, https:\/\/www.canariasviaja.com\/viajaresvivir\/wp-content\/uploads\/2022\/07\/lago-ercina-Gonzalo-Azurmendi-1620x1080.jpg 1620w\" sizes=\"(max-width: 2000px) 100vw, 2000px\" \/><figcaption>Lago Ercina. Foto: Turismo de Asturias (Gonzalo-Azurmendi)<\/figcaption><\/figure>\n\n\n\n<p>La mejor vista de este lago la obtendr\u00e1s subiendo al <strong>mirador de Entrelagos<\/strong> por sus escaleras de piedra.<\/p>\n\n\n\n<figure class=\"wp-block-image size-full\"><img loading=\"lazy\" decoding=\"async\" width=\"1024\" height=\"683\" src=\"http:\/\/www.canariasviaja.com\/viajaresvivir\/wp-content\/uploads\/2022\/07\/escaleras-acceso-mirador-entrelagos-mampiris.jpg\" alt=\"\" class=\"wp-image-9039\" srcset=\"https:\/\/www.canariasviaja.com\/viajaresvivir\/wp-content\/uploads\/2022\/07\/escaleras-acceso-mirador-entrelagos-mampiris.jpg 1024w, https:\/\/www.canariasviaja.com\/viajaresvivir\/wp-content\/uploads\/2022\/07\/escaleras-acceso-mirador-entrelagos-mampiris-300x200.jpg 300w, https:\/\/www.canariasviaja.com\/viajaresvivir\/wp-content\/uploads\/2022\/07\/escaleras-acceso-mirador-entrelagos-mampiris-768x512.jpg 768w\" sizes=\"(max-width: 1024px) 100vw, 1024px\" \/><figcaption>Escaleras de acceso al mirador entrelagos. Foto Turismo de Asturias (Mampiris)<\/figcaption><\/figure>\n\n\n\n<p>Puedes hacer una parada en el prado que separa los dos lagos y disfrutar de un agradable picnic amenizado por los sonidos de la naturaleza, los cascabeles de las vacas que pastan por los alrededores y el balido de las cabras. Una vez hayas cargado las pilas, reanuda tu paseo hasta el siguiente lago.<\/p>\n\n\n\n<figure class=\"wp-block-image size-full\"><img loading=\"lazy\" decoding=\"async\" width=\"1920\" height=\"1080\" src=\"http:\/\/www.canariasviaja.com\/viajaresvivir\/wp-content\/uploads\/2022\/07\/manuel-torres-garcia-jrVpZHv1Nj0-unsplash.jpg\" alt=\"Lagos de Covadonga con vacas\" class=\"wp-image-9050\" srcset=\"https:\/\/www.canariasviaja.com\/viajaresvivir\/wp-content\/uploads\/2022\/07\/manuel-torres-garcia-jrVpZHv1Nj0-unsplash.jpg 1920w, https:\/\/www.canariasviaja.com\/viajaresvivir\/wp-content\/uploads\/2022\/07\/manuel-torres-garcia-jrVpZHv1Nj0-unsplash-300x169.jpg 300w, https:\/\/www.canariasviaja.com\/viajaresvivir\/wp-content\/uploads\/2022\/07\/manuel-torres-garcia-jrVpZHv1Nj0-unsplash-768x432.jpg 768w, https:\/\/www.canariasviaja.com\/viajaresvivir\/wp-content\/uploads\/2022\/07\/manuel-torres-garcia-jrVpZHv1Nj0-unsplash-1536x864.jpg 1536w, https:\/\/www.canariasviaja.com\/viajaresvivir\/wp-content\/uploads\/2022\/07\/manuel-torres-garcia-jrVpZHv1Nj0-unsplash-1200x675.jpg 1200w, https:\/\/www.canariasviaja.com\/viajaresvivir\/wp-content\/uploads\/2022\/07\/manuel-torres-garcia-jrVpZHv1Nj0-unsplash-960x540.jpg 960w\" sizes=\"(max-width: 1920px) 100vw, 1920px\" \/><figcaption>Lagos de Covadonga. Foto de <a href=\"https:\/\/unsplash.com\/@matoga?utm_source=unsplash&amp;utm_medium=referral&amp;utm_content=creditCopyText\">Manuel Torres Garcia<\/a> en <a href=\"https:\/\/unsplash.com\/es\/s\/fotos\/covadonga?utm_source=unsplash&amp;utm_medium=referral&amp;utm_content=creditCopyText\">Unsplash<\/a><\/figcaption><\/figure>\n\n\n\n<p>El lago Enol es m\u00e1s grande, con 750 metros de largo y 400 de ancho, y mucho m\u00e1s hondo, ya que cuenta con una profundidad m\u00e1xima de 25 metros.<\/p>\n\n\n\n<figure class=\"wp-block-image size-full\"><img loading=\"lazy\" decoding=\"async\" width=\"1024\" height=\"377\" src=\"http:\/\/www.canariasviaja.com\/viajaresvivir\/wp-content\/uploads\/2022\/07\/enol.Paco-Curras-SL.jpg\" alt=\"\" class=\"wp-image-9038\" srcset=\"https:\/\/www.canariasviaja.com\/viajaresvivir\/wp-content\/uploads\/2022\/07\/enol.Paco-Curras-SL.jpg 1024w, https:\/\/www.canariasviaja.com\/viajaresvivir\/wp-content\/uploads\/2022\/07\/enol.Paco-Curras-SL-300x110.jpg 300w, https:\/\/www.canariasviaja.com\/viajaresvivir\/wp-content\/uploads\/2022\/07\/enol.Paco-Curras-SL-768x283.jpg 768w\" sizes=\"(max-width: 1024px) 100vw, 1024px\" \/><figcaption>Lago Enol. Foto: Turismo de Asturias (Paco Curras S.L.)<\/figcaption><\/figure>\n\n\n\n<p>Alrededor de los lagos hay varios <strong>senderos<\/strong> que te permitir\u00e1n realizar un agradable recorrido por la zona, con sencillas rutas circulares o de ida y vuelta que se pueden realizar en menos de dos horas con paradas en los lagos y en los hayedos cercanos.<\/p>\n\n\n\n<p>Hay un tercer lago, el <strong>lago Bricial<\/strong>, pero es menos accesible y suele estar vac\u00edo, a no ser que haya sido un a\u00f1o de abundantes lluvias y nevadas.<\/p>\n\n\n\n<p>Los lagos de Covadonga son uno de los mejores lugares para disfrutar de la belleza natural de las monta\u00f1as.<\/p>\n\n\n\n<div style=\"height:100px\" aria-hidden=\"true\" class=\"wp-block-spacer\"><\/div>\n\n\n\n<h2 class=\"wp-block-heading\"><strong>Un sendero para todos: Minas Buferreras<\/strong><\/h2>\n\n\n\n<figure class=\"wp-block-image size-full\"><img loading=\"lazy\" decoding=\"async\" width=\"1024\" height=\"709\" src=\"http:\/\/www.canariasviaja.com\/viajaresvivir\/wp-content\/uploads\/2022\/07\/minas-buferrera-Julio-Herrera-mendez.jpg\" alt=\"\" class=\"wp-image-9042\" srcset=\"https:\/\/www.canariasviaja.com\/viajaresvivir\/wp-content\/uploads\/2022\/07\/minas-buferrera-Julio-Herrera-mendez.jpg 1024w, https:\/\/www.canariasviaja.com\/viajaresvivir\/wp-content\/uploads\/2022\/07\/minas-buferrera-Julio-Herrera-mendez-300x208.jpg 300w, https:\/\/www.canariasviaja.com\/viajaresvivir\/wp-content\/uploads\/2022\/07\/minas-buferrera-Julio-Herrera-mendez-768x532.jpg 768w\" sizes=\"(max-width: 1024px) 100vw, 1024px\" \/><figcaption>Minas de Buferrera. Foto: Turismo de Asturias (Julio Herrera M\u00e9ndez)<\/figcaption><\/figure>\n\n\n\n<p>Este<strong> recorrido ideal para familias<\/strong>, de tan solo 3 kil\u00f3metros, sale del<strong> Parking de Buferrera<\/strong> y nos lleva, con una parada en el<strong> Mirador del Pr\u00edncipe<\/strong>, a las Minas del mismo nombre.<\/p>\n\n\n\n<p>Las<strong> <a href=\"https:\/\/patrimoniuindustrial.com\/fichas\/minas-de-buferrera\/\">minas de hierro y manganeso de Buferrera<\/a><\/strong>, de finales del XIX, &nbsp;se mantuvieron abiertas hasta 1979 y en su \u00e9poca de m\u00e1ximo esplendor tuvieron unos 500 trabajadores. Una vez cerradas se rehabilitaron para el uso tur\u00edstico y son un paseo ideal para disfrutar en familia.<\/p>\n\n\n\n<p>Despu\u00e9s de la vista seguiremos hasta <strong>el lago Ercina<\/strong>. Desde el parking de Ercina&nbsp; subiremos las escaleras del <strong>Mirador de Entrelagos<\/strong> para sacar las mejores fotos y seguiremos hasta el <strong>lago Enol<\/strong>, desde donde volveremos al punto de salida.<\/p>\n\n\n\n<div style=\"height:100px\" aria-hidden=\"true\" class=\"wp-block-spacer\"><\/div>\n\n\n\n<h3 class=\"wp-block-heading\"><strong>Un sendero panor\u00e1mico: ruta circular de los lagos<\/strong><\/h3>\n\n\n\n<figure class=\"wp-block-image size-full\"><img loading=\"lazy\" decoding=\"async\" width=\"1024\" height=\"683\" src=\"http:\/\/www.canariasviaja.com\/viajaresvivir\/wp-content\/uploads\/2022\/07\/hayedo-palomberu-Julio-Herrera-Mendez.jpg\" alt=\"\" class=\"wp-image-9040\" srcset=\"https:\/\/www.canariasviaja.com\/viajaresvivir\/wp-content\/uploads\/2022\/07\/hayedo-palomberu-Julio-Herrera-Mendez.jpg 1024w, https:\/\/www.canariasviaja.com\/viajaresvivir\/wp-content\/uploads\/2022\/07\/hayedo-palomberu-Julio-Herrera-Mendez-300x200.jpg 300w, https:\/\/www.canariasviaja.com\/viajaresvivir\/wp-content\/uploads\/2022\/07\/hayedo-palomberu-Julio-Herrera-Mendez-768x512.jpg 768w\" sizes=\"(max-width: 1024px) 100vw, 1024px\" \/><figcaption>Hayedo Palomberu. Foto: Turismo de Asturias (Julio Herrera Mendez)<\/figcaption><\/figure>\n\n\n\n<p>Si quieres hacer un <strong>recorrido un poco m\u00e1s amplio<\/strong>, pero igualmente sencillo, puedes tomar el <strong>sendero PR-PNPE2<\/strong> que te llevar\u00e1 a una <strong>ruta circular m\u00e1s completa,<\/strong> de 5,7 km, &nbsp;que incluye las minas, hayedos, miradores, vegas y lagos.<\/p>\n\n\n\n<p>Toma el sendero indicado desde el parking de Buferreras. Puedes desviarte hasta el <strong>mirador del Pr\u00edncipe <\/strong>o de <strong>Entrelagos<\/strong> para disfrutar de las vistas y sigue hasta las minas.<\/p>\n\n\n\n<p>Desde all\u00ed bordear\u00e1s el <strong>Lago Ercina<\/strong>, atravesar\u00e1s una<strong> vega<\/strong>, antes de adentrarte en el <strong>hayedo Palomberu<\/strong>. Respira aire fresco, disfruta de los sonidos del bosque y del juego de colores y luces hasta llegar a la<strong> Vega de Enol<\/strong>, donde los pastores se trasladan en verano, en la que podr\u00e1s hacer una parada en la <strong>Ermita del Buen Pastor<\/strong>. La \u00faltima parada ser\u00e1 el<strong> lago de Enol,<\/strong> que bordear\u00e1s hasta llegar a tu punto de partida.<\/p>\n\n\n\n<figure class=\"wp-block-image size-full\"><img loading=\"lazy\" decoding=\"async\" width=\"1920\" height=\"1285\" src=\"http:\/\/www.canariasviaja.com\/viajaresvivir\/wp-content\/uploads\/2022\/07\/miguel-saenz-de-santa-maria-wPIKPK6yPM0-unsplash.jpg\" alt=\"Lago Enil\" class=\"wp-image-9051\" srcset=\"https:\/\/www.canariasviaja.com\/viajaresvivir\/wp-content\/uploads\/2022\/07\/miguel-saenz-de-santa-maria-wPIKPK6yPM0-unsplash.jpg 1920w, https:\/\/www.canariasviaja.com\/viajaresvivir\/wp-content\/uploads\/2022\/07\/miguel-saenz-de-santa-maria-wPIKPK6yPM0-unsplash-300x201.jpg 300w, https:\/\/www.canariasviaja.com\/viajaresvivir\/wp-content\/uploads\/2022\/07\/miguel-saenz-de-santa-maria-wPIKPK6yPM0-unsplash-768x514.jpg 768w, https:\/\/www.canariasviaja.com\/viajaresvivir\/wp-content\/uploads\/2022\/07\/miguel-saenz-de-santa-maria-wPIKPK6yPM0-unsplash-1536x1028.jpg 1536w, https:\/\/www.canariasviaja.com\/viajaresvivir\/wp-content\/uploads\/2022\/07\/miguel-saenz-de-santa-maria-wPIKPK6yPM0-unsplash-1200x803.jpg 1200w, https:\/\/www.canariasviaja.com\/viajaresvivir\/wp-content\/uploads\/2022\/07\/miguel-saenz-de-santa-maria-wPIKPK6yPM0-unsplash-1614x1080.jpg 1614w\" sizes=\"(max-width: 1920px) 100vw, 1920px\" \/><figcaption>Lago Enol. Foto de <a href=\"https:\/\/unsplash.com\/@miguelssm?utm_source=unsplash&amp;utm_medium=referral&amp;utm_content=creditCopyText\">Miguel Saenz de Santa Mar\u00eda<\/a> en <a href=\"https:\/\/unsplash.com\/es\/s\/fotos\/covadonga?utm_source=unsplash&amp;utm_medium=referral&amp;utm_content=creditCopyText\">Unsplash<\/a><\/figcaption><\/figure>\n\n\n\n<div class=\"wp-block-buttons is-content-justification-center is-layout-flex wp-container-core-buttons-is-layout-1 wp-block-buttons-is-layout-flex\">\n<div class=\"wp-block-button\"><a class=\"wp-block-button__link\" href=\"https:\/\/bit.ly\/3P9nEax\">\u00a1 Descubre los Lagos de Covadonga!<\/a><\/div>\n<\/div>\n","protected":false},"excerpt":{"rendered":"<p>Los Lagos de Covadonga son unas de las visitas imprescindibles en Asturias. Te invitamos a disfrutar de este rinc\u00f3n id\u00edlico en los Picos de Europa.<\/p>\n","protected":false},"author":2,"featured_media":9043,"comment_status":"open","ping_status":"open","sticky":false,"template":"","format":"standard","meta":{"_acf_changed":false,"sfsi_plus_gutenberg_text_before_share":"","sfsi_plus_gutenberg_show_text_before_share":"","sfsi_plus_gutenberg_icon_type":"","sfsi_plus_gutenberg_icon_alignemt":"","sfsi_plus_gutenburg_max_per_row":"","footnotes":""},"categories":[626,124,123,10,100,197],"tags":[611,888,116],"class_list":["post-9037","post","type-post","status-publish","format-standard","has-post-thumbnail","hentry","category-asturias","category-descubre","category-explora","category-historias-viajeras","category-peninsulaybaleares","category-rincones-por-descubrir","tag-asturias","tag-lagos-de-covadonga","tag-senderismo"],"acf":[],"yoast_head":"<!-- This site is optimized with the Yoast SEO plugin v24.1 - https:\/\/yoast.com\/wordpress\/plugins\/seo\/ -->\n<title>Lagos de Covadonga, la joya de los Picos de Europa - Viajar es vivir<\/title>\n<meta name=\"robots\" content=\"index, follow, max-snippet:-1, max-image-preview:large, max-video-preview:-1\" \/>\n<link rel=\"canonical\" href=\"https:\/\/www.canariasviaja.com\/viajaresvivir\/lagos-de-covadonga-la-joya-de-los-picos-de-europa\/\" \/>\n<meta property=\"og:locale\" content=\"es_ES\" \/>\n<meta property=\"og:type\" content=\"article\" \/>\n<meta property=\"og:title\" content=\"Lagos de Covadonga, la joya de los Picos de Europa - Viajar es vivir\" \/>\n<meta property=\"og:description\" content=\"Los Lagos de Covadonga son unas de las visitas imprescindibles en Asturias. Te invitamos a disfrutar de este rinc\u00f3n id\u00edlico en los Picos de Europa.\" \/>\n<meta property=\"og:url\" content=\"https:\/\/www.canariasviaja.com\/viajaresvivir\/lagos-de-covadonga-la-joya-de-los-picos-de-europa\/\" \/>\n<meta property=\"og:site_name\" content=\"Viajar es vivir\" \/>\n<meta property=\"article:published_time\" content=\"2022-07-15T12:47:36+00:00\" \/>\n<meta property=\"article:modified_time\" content=\"2022-12-08T17:47:00+00:00\" \/>\n<meta property=\"og:image\" content=\"http:\/\/www.canariasviaja.com\/viajaresvivir\/wp-content\/uploads\/2022\/07\/mirador-princesa-Julio-Herrera-Mendez.jpg\" \/>\n\t<meta property=\"og:image:width\" content=\"2000\" \/>\n\t<meta property=\"og:image:height\" content=\"841\" \/>\n\t<meta property=\"og:image:type\" content=\"image\/jpeg\" \/>\n<meta name=\"author\" content=\"Patri C\u00e1mpora\" \/>\n<meta name=\"twitter:card\" content=\"summary_large_image\" \/>\n<meta name=\"twitter:label1\" content=\"Escrito por\" \/>\n\t<meta name=\"twitter:data1\" content=\"Patri C\u00e1mpora\" \/>\n\t<meta name=\"twitter:label2\" content=\"Tiempo de lectura\" \/>\n\t<meta name=\"twitter:data2\" content=\"9 minutos\" \/>\n<script type=\"application\/ld+json\" class=\"yoast-schema-graph\">{\"@context\":\"https:\/\/schema.org\",\"@graph\":[{\"@type\":\"WebPage\",\"@id\":\"https:\/\/www.canariasviaja.com\/viajaresvivir\/lagos-de-covadonga-la-joya-de-los-picos-de-europa\/\",\"url\":\"https:\/\/www.canariasviaja.com\/viajaresvivir\/lagos-de-covadonga-la-joya-de-los-picos-de-europa\/\",\"name\":\"Lagos de Covadonga, la joya de los Picos de Europa - Viajar es vivir\",\"isPartOf\":{\"@id\":\"https:\/\/www.canariasviaja.com\/viajaresvivir\/#website\"},\"primaryImageOfPage\":{\"@id\":\"https:\/\/www.canariasviaja.com\/viajaresvivir\/lagos-de-covadonga-la-joya-de-los-picos-de-europa\/#primaryimage\"},\"image\":{\"@id\":\"https:\/\/www.canariasviaja.com\/viajaresvivir\/lagos-de-covadonga-la-joya-de-los-picos-de-europa\/#primaryimage\"},\"thumbnailUrl\":\"https:\/\/www.canariasviaja.com\/viajaresvivir\/wp-content\/uploads\/2022\/07\/mirador-princesa-Julio-Herrera-Mendez.jpg\",\"datePublished\":\"2022-07-15T12:47:36+00:00\",\"dateModified\":\"2022-12-08T17:47:00+00:00\",\"author\":{\"@id\":\"https:\/\/www.canariasviaja.com\/viajaresvivir\/#\/schema\/person\/085949651001325f1244a8bc1b34709c\"},\"breadcrumb\":{\"@id\":\"https:\/\/www.canariasviaja.com\/viajaresvivir\/lagos-de-covadonga-la-joya-de-los-picos-de-europa\/#breadcrumb\"},\"inLanguage\":\"es\",\"potentialAction\":[{\"@type\":\"ReadAction\",\"target\":[\"https:\/\/www.canariasviaja.com\/viajaresvivir\/lagos-de-covadonga-la-joya-de-los-picos-de-europa\/\"]}]},{\"@type\":\"ImageObject\",\"inLanguage\":\"es\",\"@id\":\"https:\/\/www.canariasviaja.com\/viajaresvivir\/lagos-de-covadonga-la-joya-de-los-picos-de-europa\/#primaryimage\",\"url\":\"https:\/\/www.canariasviaja.com\/viajaresvivir\/wp-content\/uploads\/2022\/07\/mirador-princesa-Julio-Herrera-Mendez.jpg\",\"contentUrl\":\"https:\/\/www.canariasviaja.com\/viajaresvivir\/wp-content\/uploads\/2022\/07\/mirador-princesa-Julio-Herrera-Mendez.jpg\",\"width\":2000,\"height\":841},{\"@type\":\"BreadcrumbList\",\"@id\":\"https:\/\/www.canariasviaja.com\/viajaresvivir\/lagos-de-covadonga-la-joya-de-los-picos-de-europa\/#breadcrumb\",\"itemListElement\":[{\"@type\":\"ListItem\",\"position\":1,\"name\":\"Portada\",\"item\":\"https:\/\/www.canariasviaja.com\/viajaresvivir\/\"},{\"@type\":\"ListItem\",\"position\":2,\"name\":\"Lagos de Covadonga, la joya de los Picos de Europa\"}]},{\"@type\":\"WebSite\",\"@id\":\"https:\/\/www.canariasviaja.com\/viajaresvivir\/#website\",\"url\":\"https:\/\/www.canariasviaja.com\/viajaresvivir\/\",\"name\":\"Viajar es vivir\",\"description\":\"El blog de viajes y estilo de vida de CanariasViaja\",\"potentialAction\":[{\"@type\":\"SearchAction\",\"target\":{\"@type\":\"EntryPoint\",\"urlTemplate\":\"https:\/\/www.canariasviaja.com\/viajaresvivir\/?s={search_term_string}\"},\"query-input\":{\"@type\":\"PropertyValueSpecification\",\"valueRequired\":true,\"valueName\":\"search_term_string\"}}],\"inLanguage\":\"es\"},{\"@type\":\"Person\",\"@id\":\"https:\/\/www.canariasviaja.com\/viajaresvivir\/#\/schema\/person\/085949651001325f1244a8bc1b34709c\",\"name\":\"Patri C\u00e1mpora\",\"image\":{\"@type\":\"ImageObject\",\"inLanguage\":\"es\",\"@id\":\"https:\/\/www.canariasviaja.com\/viajaresvivir\/#\/schema\/person\/image\/\",\"url\":\"https:\/\/secure.gravatar.com\/avatar\/b2ce2c4086a5776e5310f57c1a2e5b4e?s=96&d=mm&r=g\",\"contentUrl\":\"https:\/\/secure.gravatar.com\/avatar\/b2ce2c4086a5776e5310f57c1a2e5b4e?s=96&d=mm&r=g\",\"caption\":\"Patri C\u00e1mpora\"},\"url\":\"https:\/\/www.canariasviaja.com\/viajaresvivir\/author\/patri\/\"}]}<\/script>\n<!-- \/ Yoast SEO plugin. -->","yoast_head_json":{"title":"Lagos de Covadonga, la joya de los Picos de Europa - Viajar es vivir","robots":{"index":"index","follow":"follow","max-snippet":"max-snippet:-1","max-image-preview":"max-image-preview:large","max-video-preview":"max-video-preview:-1"},"canonical":"https:\/\/www.canariasviaja.com\/viajaresvivir\/lagos-de-covadonga-la-joya-de-los-picos-de-europa\/","og_locale":"es_ES","og_type":"article","og_title":"Lagos de Covadonga, la joya de los Picos de Europa - Viajar es vivir","og_description":"Los Lagos de Covadonga son unas de las visitas imprescindibles en Asturias. Te invitamos a disfrutar de este rinc\u00f3n id\u00edlico en los Picos de Europa.","og_url":"https:\/\/www.canariasviaja.com\/viajaresvivir\/lagos-de-covadonga-la-joya-de-los-picos-de-europa\/","og_site_name":"Viajar es vivir","article_published_time":"2022-07-15T12:47:36+00:00","article_modified_time":"2022-12-08T17:47:00+00:00","og_image":[{"width":2000,"height":841,"url":"http:\/\/www.canariasviaja.com\/viajaresvivir\/wp-content\/uploads\/2022\/07\/mirador-princesa-Julio-Herrera-Mendez.jpg","type":"image\/jpeg"}],"author":"Patri C\u00e1mpora","twitter_card":"summary_large_image","twitter_misc":{"Escrito por":"Patri C\u00e1mpora","Tiempo de lectura":"9 minutos"},"schema":{"@context":"https:\/\/schema.org","@graph":[{"@type":"WebPage","@id":"https:\/\/www.canariasviaja.com\/viajaresvivir\/lagos-de-covadonga-la-joya-de-los-picos-de-europa\/","url":"https:\/\/www.canariasviaja.com\/viajaresvivir\/lagos-de-covadonga-la-joya-de-los-picos-de-europa\/","name":"Lagos de Covadonga, la joya de los Picos de Europa - Viajar es vivir","isPartOf":{"@id":"https:\/\/www.canariasviaja.com\/viajaresvivir\/#website"},"primaryImageOfPage":{"@id":"https:\/\/www.canariasviaja.com\/viajaresvivir\/lagos-de-covadonga-la-joya-de-los-picos-de-europa\/#primaryimage"},"image":{"@id":"https:\/\/www.canariasviaja.com\/viajaresvivir\/lagos-de-covadonga-la-joya-de-los-picos-de-europa\/#primaryimage"},"thumbnailUrl":"https:\/\/www.canariasviaja.com\/viajaresvivir\/wp-content\/uploads\/2022\/07\/mirador-princesa-Julio-Herrera-Mendez.jpg","datePublished":"2022-07-15T12:47:36+00:00","dateModified":"2022-12-08T17:47:00+00:00","author":{"@id":"https:\/\/www.canariasviaja.com\/viajaresvivir\/#\/schema\/person\/085949651001325f1244a8bc1b34709c"},"breadcrumb":{"@id":"https:\/\/www.canariasviaja.com\/viajaresvivir\/lagos-de-covadonga-la-joya-de-los-picos-de-europa\/#breadcrumb"},"inLanguage":"es","potentialAction":[{"@type":"ReadAction","target":["https:\/\/www.canariasviaja.com\/viajaresvivir\/lagos-de-covadonga-la-joya-de-los-picos-de-europa\/"]}]},{"@type":"ImageObject","inLanguage":"es","@id":"https:\/\/www.canariasviaja.com\/viajaresvivir\/lagos-de-covadonga-la-joya-de-los-picos-de-europa\/#primaryimage","url":"https:\/\/www.canariasviaja.com\/viajaresvivir\/wp-content\/uploads\/2022\/07\/mirador-princesa-Julio-Herrera-Mendez.jpg","contentUrl":"https:\/\/www.canariasviaja.com\/viajaresvivir\/wp-content\/uploads\/2022\/07\/mirador-princesa-Julio-Herrera-Mendez.jpg","width":2000,"height":841},{"@type":"BreadcrumbList","@id":"https:\/\/www.canariasviaja.com\/viajaresvivir\/lagos-de-covadonga-la-joya-de-los-picos-de-europa\/#breadcrumb","itemListElement":[{"@type":"ListItem","position":1,"name":"Portada","item":"https:\/\/www.canariasviaja.com\/viajaresvivir\/"},{"@type":"ListItem","position":2,"name":"Lagos de Covadonga, la joya de los Picos de Europa"}]},{"@type":"WebSite","@id":"https:\/\/www.canariasviaja.com\/viajaresvivir\/#website","url":"https:\/\/www.canariasviaja.com\/viajaresvivir\/","name":"Viajar es vivir","description":"El blog de viajes y estilo de vida de CanariasViaja","potentialAction":[{"@type":"SearchAction","target":{"@type":"EntryPoint","urlTemplate":"https:\/\/www.canariasviaja.com\/viajaresvivir\/?s={search_term_string}"},"query-input":{"@type":"PropertyValueSpecification","valueRequired":true,"valueName":"search_term_string"}}],"inLanguage":"es"},{"@type":"Person","@id":"https:\/\/www.canariasviaja.com\/viajaresvivir\/#\/schema\/person\/085949651001325f1244a8bc1b34709c","name":"Patri C\u00e1mpora","image":{"@type":"ImageObject","inLanguage":"es","@id":"https:\/\/www.canariasviaja.com\/viajaresvivir\/#\/schema\/person\/image\/","url":"https:\/\/secure.gravatar.com\/avatar\/b2ce2c4086a5776e5310f57c1a2e5b4e?s=96&d=mm&r=g","contentUrl":"https:\/\/secure.gravatar.com\/avatar\/b2ce2c4086a5776e5310f57c1a2e5b4e?s=96&d=mm&r=g","caption":"Patri C\u00e1mpora"},"url":"https:\/\/www.canariasviaja.com\/viajaresvivir\/author\/patri\/"}]}},"_links":{"self":[{"href":"https:\/\/www.canariasviaja.com\/viajaresvivir\/wp-json\/wp\/v2\/posts\/9037"}],"collection":[{"href":"https:\/\/www.canariasviaja.com\/viajaresvivir\/wp-json\/wp\/v2\/posts"}],"about":[{"href":"https:\/\/www.canariasviaja.com\/viajaresvivir\/wp-json\/wp\/v2\/types\/post"}],"author":[{"embeddable":true,"href":"https:\/\/www.canariasviaja.com\/viajaresvivir\/wp-json\/wp\/v2\/users\/2"}],"replies":[{"embeddable":true,"href":"https:\/\/www.canariasviaja.com\/viajaresvivir\/wp-json\/wp\/v2\/comments?post=9037"}],"version-history":[{"count":10,"href":"https:\/\/www.canariasviaja.com\/viajaresvivir\/wp-json\/wp\/v2\/posts\/9037\/revisions"}],"predecessor-version":[{"id":11605,"href":"https:\/\/www.canariasviaja.com\/viajaresvivir\/wp-json\/wp\/v2\/posts\/9037\/revisions\/11605"}],"wp:featuredmedia":[{"embeddable":true,"href":"https:\/\/www.canariasviaja.com\/viajaresvivir\/wp-json\/wp\/v2\/media\/9043"}],"wp:attachment":[{"href":"https:\/\/www.canariasviaja.com\/viajaresvivir\/wp-json\/wp\/v2\/media?parent=9037"}],"wp:term":[{"taxonomy":"category","embeddable":true,"href":"https:\/\/www.canariasviaja.com\/viajaresvivir\/wp-json\/wp\/v2\/categories?post=9037"},{"taxonomy":"post_tag","embeddable":true,"href":"https:\/\/www.canariasviaja.com\/viajaresvivir\/wp-json\/wp\/v2\/tags?post=9037"}],"curies":[{"name":"wp","href":"https:\/\/api.w.org\/{rel}","templated":true}]}}