{"id":9062,"date":"2022-07-19T12:43:30","date_gmt":"2022-07-19T12:43:30","guid":{"rendered":"https:\/\/www.canariasviaja.com\/viajaresvivir\/?p=9062"},"modified":"2022-07-19T12:43:41","modified_gmt":"2022-07-19T12:43:41","slug":"islote-de-vila-franca-do-campo","status":"publish","type":"post","link":"https:\/\/www.canariasviaja.com\/viajaresvivir\/islote-de-vila-franca-do-campo\/","title":{"rendered":"Islote de Vila Franca do Campo"},"content":{"rendered":"\n<p>Uno de los secretos mejor guardados de <strong>S\u00e3o Miguel<\/strong>, la mayor de las islas <strong>Azores<\/strong>,  est\u00e1 a un kil\u00f3metro de su costa\u2026<\/p>\n\n\n\n<figure class=\"wp-block-image size-full\"><img loading=\"lazy\" decoding=\"async\" width=\"1024\" height=\"768\" src=\"http:\/\/www.canariasviaja.com\/viajaresvivir\/wp-content\/uploads\/2022\/07\/ferdinand-stohr-ig8oMCxMOTY-unsplash.jpg\" alt=\"\" class=\"wp-image-9063\" srcset=\"https:\/\/www.canariasviaja.com\/viajaresvivir\/wp-content\/uploads\/2022\/07\/ferdinand-stohr-ig8oMCxMOTY-unsplash.jpg 1024w, https:\/\/www.canariasviaja.com\/viajaresvivir\/wp-content\/uploads\/2022\/07\/ferdinand-stohr-ig8oMCxMOTY-unsplash-300x225.jpg 300w, https:\/\/www.canariasviaja.com\/viajaresvivir\/wp-content\/uploads\/2022\/07\/ferdinand-stohr-ig8oMCxMOTY-unsplash-768x576.jpg 768w, https:\/\/www.canariasviaja.com\/viajaresvivir\/wp-content\/uploads\/2022\/07\/ferdinand-stohr-ig8oMCxMOTY-unsplash-800x600.jpg 800w\" sizes=\"(max-width: 1024px) 100vw, 1024px\" \/><figcaption>Vista a\u00e9rea Illeu Vila Franca do Campo. Foto: Ferdinand Stohr para Unsplash<\/figcaption><\/figure>\n\n\n\n<p>Frente a la costa sur de <strong>S\u00e3o Miguel<\/strong> se encuentra la <strong>Reserva Natural Ilh\u00e9u de Vila Franca do Campo<\/strong>, un id\u00edlico para\u00edso de <strong>aguas turquesas<\/strong> que se esconde en el <strong>interior de un cr\u00e1ter.<\/strong> El islote tan solo tiene 95 hect\u00e1reas de superficie. Lo que vemos es tan solo la parte que emerge de un <strong>volc\u00e1n submarino <\/strong>originado hace 4 mil a\u00f1os y el resultado de la erosi\u00f3n de su cono volc\u00e1nico y de los bordes del cr\u00e1ter, que ha dado como resultado dos islotes: <strong>Ilh\u00e9u Pequenino y Ilh\u00e9u Grande. <\/strong>En su interior \u00a0esconden una <strong>piscina natural de aguas turquesas<\/strong> rodeada por una bah\u00eda de unos 150 metros de di\u00e1metro, comunicada con el mar a trav\u00e9s de un canal que separa los dos islotes. Un lugar para disfrutar del <strong>snorkel, el submarinismo, el pirag\u00fcismo y para relajarse al sol<\/strong>.<\/p>\n\n\n\n<p>Adem\u00e1s de esta <strong>fotog\u00e9nica piscina natural<\/strong> , que forma un c\u00edrculo perfecto y atrae tantas miradas, el islote tiene otros atractivos que podemos explorar recorriendo sus senderos.<\/p>\n\n\n\n<div class=\"wp-block-image\"><figure class=\"aligncenter size-full is-resized\"><img decoding=\"async\" src=\"http:\/\/www.canariasviaja.com\/viajaresvivir\/wp-content\/uploads\/2022\/07\/luis-eusebio-0PyDdA6RmDc-unsplash.jpg\" alt=\"\" class=\"wp-image-9065\" width=\"400\" srcset=\"https:\/\/www.canariasviaja.com\/viajaresvivir\/wp-content\/uploads\/2022\/07\/luis-eusebio-0PyDdA6RmDc-unsplash.jpg 1024w, https:\/\/www.canariasviaja.com\/viajaresvivir\/wp-content\/uploads\/2022\/07\/luis-eusebio-0PyDdA6RmDc-unsplash-225x300.jpg 225w, https:\/\/www.canariasviaja.com\/viajaresvivir\/wp-content\/uploads\/2022\/07\/luis-eusebio-0PyDdA6RmDc-unsplash-768x1024.jpg 768w, https:\/\/www.canariasviaja.com\/viajaresvivir\/wp-content\/uploads\/2022\/07\/luis-eusebio-0PyDdA6RmDc-unsplash-600x800.jpg 600w, https:\/\/www.canariasviaja.com\/viajaresvivir\/wp-content\/uploads\/2022\/07\/luis-eusebio-0PyDdA6RmDc-unsplash-810x1080.jpg 810w\" sizes=\"(max-width: 1024px) 100vw, 1024px\" \/><figcaption>Foto: Luis Eusebio para Unsplash<\/figcaption><\/figure><\/div>\n\n\n\n<p>Si nos calzamos las botas nos adentraremos en un <strong>bosque macaron\u00e9sico<\/strong> de hayas y brezos junto con <strong>vegetaci\u00f3n end\u00e9mica de las Azores<\/strong>. Y estaremos acompa\u00f1ados en nuestro paseo por las especies de <strong>aves<\/strong> que habitan este islote, como los ratoneros, arenarias, playeritos, garcetas, zarapitos, e incluso, si es \u00e9poca de nidificaci\u00f3n, con pardelas cenicientas y charranes comunes. Desde lo alto de la isla podremos disfrutar de las vistas a la costa de S\u00e3o Miguel de la ciudad de Vila Franca.<\/p>\n\n\n\n<div style=\"height:100px\" aria-hidden=\"true\" class=\"wp-block-spacer\"><\/div>\n\n\n\n<h3 class=\"wp-block-heading\">C\u00f3mo llegar al Islote de Villa Franca<\/h3>\n\n\n\n<figure class=\"wp-block-image size-full\"><img loading=\"lazy\" decoding=\"async\" width=\"1920\" height=\"1303\" src=\"http:\/\/www.canariasviaja.com\/viajaresvivir\/wp-content\/uploads\/2022\/07\/filipe-lourenco-marques-DvaoVODKn-8-unsplash.jpg\" alt=\"\" class=\"wp-image-9068\" srcset=\"https:\/\/www.canariasviaja.com\/viajaresvivir\/wp-content\/uploads\/2022\/07\/filipe-lourenco-marques-DvaoVODKn-8-unsplash.jpg 1920w, https:\/\/www.canariasviaja.com\/viajaresvivir\/wp-content\/uploads\/2022\/07\/filipe-lourenco-marques-DvaoVODKn-8-unsplash-300x204.jpg 300w, https:\/\/www.canariasviaja.com\/viajaresvivir\/wp-content\/uploads\/2022\/07\/filipe-lourenco-marques-DvaoVODKn-8-unsplash-768x521.jpg 768w, https:\/\/www.canariasviaja.com\/viajaresvivir\/wp-content\/uploads\/2022\/07\/filipe-lourenco-marques-DvaoVODKn-8-unsplash-1536x1042.jpg 1536w, https:\/\/www.canariasviaja.com\/viajaresvivir\/wp-content\/uploads\/2022\/07\/filipe-lourenco-marques-DvaoVODKn-8-unsplash-1200x814.jpg 1200w, https:\/\/www.canariasviaja.com\/viajaresvivir\/wp-content\/uploads\/2022\/07\/filipe-lourenco-marques-DvaoVODKn-8-unsplash-1591x1080.jpg 1591w\" sizes=\"(max-width: 1920px) 100vw, 1920px\" \/><figcaption>Interior Islote de Vila Franca do Campo.  Foto: Filipe Lourenco Marques para Unsplash<\/figcaption><\/figure>\n\n\n\n<p>Durante los meses de <strong>junio a octubre<\/strong> est\u00e1 permitido el acceso recreativo al islote. Podemos llegar en un peque\u00f1o ferry, a bordo de una zodiac, en una las diferentes excursiones que salen desde el puerto deportivo de Vila Franca, o remando en un kayak, en una aventura que nos permitir\u00e1 explorar el islote desde el mar.<\/p>\n\n\n\n<div style=\"height:100px\" aria-hidden=\"true\" class=\"wp-block-spacer\"><\/div>\n\n\n\n<h3 class=\"wp-block-heading\">Islote de Vila Franca do Campo: Reserva Natural&nbsp;<\/h3>\n\n\n\n<figure class=\"wp-block-image size-full\"><img loading=\"lazy\" decoding=\"async\" width=\"1920\" height=\"1303\" src=\"http:\/\/www.canariasviaja.com\/viajaresvivir\/wp-content\/uploads\/2022\/07\/filipe-lourenco-marques-Wblb-4HzoF4-unsplash.jpg\" alt=\"Islote Vila Franca do Campo\" class=\"wp-image-9066\" srcset=\"https:\/\/www.canariasviaja.com\/viajaresvivir\/wp-content\/uploads\/2022\/07\/filipe-lourenco-marques-Wblb-4HzoF4-unsplash.jpg 1920w, https:\/\/www.canariasviaja.com\/viajaresvivir\/wp-content\/uploads\/2022\/07\/filipe-lourenco-marques-Wblb-4HzoF4-unsplash-300x204.jpg 300w, https:\/\/www.canariasviaja.com\/viajaresvivir\/wp-content\/uploads\/2022\/07\/filipe-lourenco-marques-Wblb-4HzoF4-unsplash-768x521.jpg 768w, https:\/\/www.canariasviaja.com\/viajaresvivir\/wp-content\/uploads\/2022\/07\/filipe-lourenco-marques-Wblb-4HzoF4-unsplash-1536x1042.jpg 1536w, https:\/\/www.canariasviaja.com\/viajaresvivir\/wp-content\/uploads\/2022\/07\/filipe-lourenco-marques-Wblb-4HzoF4-unsplash-1200x814.jpg 1200w, https:\/\/www.canariasviaja.com\/viajaresvivir\/wp-content\/uploads\/2022\/07\/filipe-lourenco-marques-Wblb-4HzoF4-unsplash-1591x1080.jpg 1591w\" sizes=\"(max-width: 1920px) 100vw, 1920px\" \/><figcaption>Playa en Islote Vila Franca do Campo. Foto: Filipe Lourenco Marques para Unsplash<\/figcaption><\/figure>\n\n\n\n<p>Este islote fue descubierto en 1537 y tuvo muchas vidas antes de ser convertido en <strong>Reserva Natural<\/strong>. A lo largo de la historia cumpli\u00f3 funciones de fuerte militar, puerto de abrigo para los barcos, punto de vigilancia de ballenas e incluso en sus laderas se lleg\u00f3 a cultivar vi\u00f1as.<\/p>\n\n\n\n<p>En 1983 fue adquirido por el Gobierno Regional de las Azores y convertido en una Reserva Natural para proteger su biodiversidad y regular la gesti\u00f3n sostenible de sus recursos.<\/p>\n\n\n\n<div class=\"wp-block-image\"><figure class=\"aligncenter size-full\"><img loading=\"lazy\" decoding=\"async\" width=\"660\" height=\"330\" src=\"http:\/\/www.canariasviaja.com\/viajaresvivir\/wp-content\/uploads\/2022\/07\/ilheu_vila_franca.jpg\" alt=\"Islote Vila Franca do Campo\" class=\"wp-image-9067\" srcset=\"https:\/\/www.canariasviaja.com\/viajaresvivir\/wp-content\/uploads\/2022\/07\/ilheu_vila_franca.jpg 660w, https:\/\/www.canariasviaja.com\/viajaresvivir\/wp-content\/uploads\/2022\/07\/ilheu_vila_franca-300x150.jpg 300w\" sizes=\"(max-width: 660px) 100vw, 660px\" \/><\/figure><\/div>\n\n\n\n<p>En 2008 pas\u00f3 a formar parte del <strong>Parque Natural de la Isla de S\u00e3o Miguel<\/strong>, clasificado como \u00e1rea protegida para la Gesti\u00f3n de H\u00e1bitats y Especies. Tambi\u00e9n forma parte de las zonas de reserva integral de captura de lapas \u2013 un molusco muy apreciado en la gastronom\u00eda de las Azores -.<\/p>\n\n\n\n<div class=\"wp-block-buttons is-layout-flex wp-block-buttons-is-layout-flex\">\n<div class=\"wp-block-button aligncenter\"><a class=\"wp-block-button__link\" href=\"https:\/\/bit.ly\/3ySZ0nV\">Disfruta de Azores este verano<\/a><\/div>\n<\/div>\n","protected":false},"excerpt":{"rendered":"<p>Uno de los secretos mejor guardados de S\u00e3o Miguel, la mayor de las islas Azores, est\u00e1 a un kil\u00f3metro de su costa\u2026 Frente a la costa sur de S\u00e3o Miguel se encuentra la Reserva Natural Ilh\u00e9u de Vila Franca do Campo, un id\u00edlico para\u00edso de aguas turquesas que se esconde en el interior de un cr\u00e1ter. El islote tan solo &hellip;<\/p>\n","protected":false},"author":2,"featured_media":9067,"comment_status":"open","ping_status":"open","sticky":false,"template":"","format":"standard","meta":{"_acf_changed":false,"sfsi_plus_gutenberg_text_before_share":"","sfsi_plus_gutenberg_show_text_before_share":"","sfsi_plus_gutenberg_icon_type":"","sfsi_plus_gutenberg_icon_alignemt":"","sfsi_plus_gutenburg_max_per_row":"","footnotes":""},"categories":[93,5,123,10,91,127,197],"tags":[569,889,543],"class_list":["post-9062","post","type-post","status-publish","format-standard","has-post-thumbnail","hentry","category-azores","category-europa","category-explora","category-historias-viajeras","category-portugal","category-relajate","category-rincones-por-descubrir","tag-excursion-en-barco","tag-sao-miguel","tag-snorkel"],"acf":[],"yoast_head":"<!-- This site is optimized with the Yoast SEO plugin v24.1 - https:\/\/yoast.com\/wordpress\/plugins\/seo\/ -->\n<title>Islote de Vila Franca do Campo - Viajar es vivir<\/title>\n<meta name=\"description\" content=\"El Islote Vila Franca do Campo es una reserva natural situada frente a la costa sur de la Isla de Sao Miguel, en Azores.\" \/>\n<meta name=\"robots\" content=\"index, follow, max-snippet:-1, max-image-preview:large, max-video-preview:-1\" \/>\n<link rel=\"canonical\" href=\"https:\/\/www.canariasviaja.com\/viajaresvivir\/islote-de-vila-franca-do-campo\/\" \/>\n<meta property=\"og:locale\" content=\"es_ES\" \/>\n<meta property=\"og:type\" content=\"article\" \/>\n<meta property=\"og:title\" content=\"Islote de Vila Franca do Campo - Viajar es vivir\" \/>\n<meta property=\"og:description\" content=\"El Islote Vila Franca do Campo es una reserva natural situada frente a la costa sur de la Isla de Sao Miguel, en Azores.\" \/>\n<meta property=\"og:url\" content=\"https:\/\/www.canariasviaja.com\/viajaresvivir\/islote-de-vila-franca-do-campo\/\" \/>\n<meta property=\"og:site_name\" content=\"Viajar es vivir\" \/>\n<meta property=\"article:published_time\" content=\"2022-07-19T12:43:30+00:00\" \/>\n<meta property=\"article:modified_time\" content=\"2022-07-19T12:43:41+00:00\" \/>\n<meta property=\"og:image\" content=\"http:\/\/www.canariasviaja.com\/viajaresvivir\/wp-content\/uploads\/2022\/07\/ilheu_vila_franca.jpg\" \/>\n\t<meta property=\"og:image:width\" content=\"660\" \/>\n\t<meta property=\"og:image:height\" content=\"330\" \/>\n\t<meta property=\"og:image:type\" content=\"image\/jpeg\" \/>\n<meta name=\"author\" content=\"Patri C\u00e1mpora\" \/>\n<meta name=\"twitter:card\" content=\"summary_large_image\" \/>\n<meta name=\"twitter:label1\" content=\"Escrito por\" \/>\n\t<meta name=\"twitter:data1\" content=\"Patri C\u00e1mpora\" \/>\n\t<meta name=\"twitter:label2\" content=\"Tiempo de lectura\" \/>\n\t<meta name=\"twitter:data2\" content=\"4 minutos\" \/>\n<script type=\"application\/ld+json\" class=\"yoast-schema-graph\">{\"@context\":\"https:\/\/schema.org\",\"@graph\":[{\"@type\":\"WebPage\",\"@id\":\"https:\/\/www.canariasviaja.com\/viajaresvivir\/islote-de-vila-franca-do-campo\/\",\"url\":\"https:\/\/www.canariasviaja.com\/viajaresvivir\/islote-de-vila-franca-do-campo\/\",\"name\":\"Islote de Vila Franca do Campo - Viajar es vivir\",\"isPartOf\":{\"@id\":\"https:\/\/www.canariasviaja.com\/viajaresvivir\/#website\"},\"primaryImageOfPage\":{\"@id\":\"https:\/\/www.canariasviaja.com\/viajaresvivir\/islote-de-vila-franca-do-campo\/#primaryimage\"},\"image\":{\"@id\":\"https:\/\/www.canariasviaja.com\/viajaresvivir\/islote-de-vila-franca-do-campo\/#primaryimage\"},\"thumbnailUrl\":\"https:\/\/www.canariasviaja.com\/viajaresvivir\/wp-content\/uploads\/2022\/07\/ilheu_vila_franca.jpg\",\"datePublished\":\"2022-07-19T12:43:30+00:00\",\"dateModified\":\"2022-07-19T12:43:41+00:00\",\"author\":{\"@id\":\"https:\/\/www.canariasviaja.com\/viajaresvivir\/#\/schema\/person\/085949651001325f1244a8bc1b34709c\"},\"description\":\"El Islote Vila Franca do Campo es una reserva natural situada frente a la costa sur de la Isla de Sao Miguel, en Azores.\",\"breadcrumb\":{\"@id\":\"https:\/\/www.canariasviaja.com\/viajaresvivir\/islote-de-vila-franca-do-campo\/#breadcrumb\"},\"inLanguage\":\"es\",\"potentialAction\":[{\"@type\":\"ReadAction\",\"target\":[\"https:\/\/www.canariasviaja.com\/viajaresvivir\/islote-de-vila-franca-do-campo\/\"]}]},{\"@type\":\"ImageObject\",\"inLanguage\":\"es\",\"@id\":\"https:\/\/www.canariasviaja.com\/viajaresvivir\/islote-de-vila-franca-do-campo\/#primaryimage\",\"url\":\"https:\/\/www.canariasviaja.com\/viajaresvivir\/wp-content\/uploads\/2022\/07\/ilheu_vila_franca.jpg\",\"contentUrl\":\"https:\/\/www.canariasviaja.com\/viajaresvivir\/wp-content\/uploads\/2022\/07\/ilheu_vila_franca.jpg\",\"width\":660,\"height\":330},{\"@type\":\"BreadcrumbList\",\"@id\":\"https:\/\/www.canariasviaja.com\/viajaresvivir\/islote-de-vila-franca-do-campo\/#breadcrumb\",\"itemListElement\":[{\"@type\":\"ListItem\",\"position\":1,\"name\":\"Portada\",\"item\":\"https:\/\/www.canariasviaja.com\/viajaresvivir\/\"},{\"@type\":\"ListItem\",\"position\":2,\"name\":\"Islote de Vila Franca do Campo\"}]},{\"@type\":\"WebSite\",\"@id\":\"https:\/\/www.canariasviaja.com\/viajaresvivir\/#website\",\"url\":\"https:\/\/www.canariasviaja.com\/viajaresvivir\/\",\"name\":\"Viajar es vivir\",\"description\":\"El blog de viajes y estilo de vida de CanariasViaja\",\"potentialAction\":[{\"@type\":\"SearchAction\",\"target\":{\"@type\":\"EntryPoint\",\"urlTemplate\":\"https:\/\/www.canariasviaja.com\/viajaresvivir\/?s={search_term_string}\"},\"query-input\":{\"@type\":\"PropertyValueSpecification\",\"valueRequired\":true,\"valueName\":\"search_term_string\"}}],\"inLanguage\":\"es\"},{\"@type\":\"Person\",\"@id\":\"https:\/\/www.canariasviaja.com\/viajaresvivir\/#\/schema\/person\/085949651001325f1244a8bc1b34709c\",\"name\":\"Patri C\u00e1mpora\",\"image\":{\"@type\":\"ImageObject\",\"inLanguage\":\"es\",\"@id\":\"https:\/\/www.canariasviaja.com\/viajaresvivir\/#\/schema\/person\/image\/\",\"url\":\"https:\/\/secure.gravatar.com\/avatar\/b2ce2c4086a5776e5310f57c1a2e5b4e?s=96&d=mm&r=g\",\"contentUrl\":\"https:\/\/secure.gravatar.com\/avatar\/b2ce2c4086a5776e5310f57c1a2e5b4e?s=96&d=mm&r=g\",\"caption\":\"Patri C\u00e1mpora\"},\"url\":\"https:\/\/www.canariasviaja.com\/viajaresvivir\/author\/patri\/\"}]}<\/script>\n<!-- \/ Yoast SEO plugin. -->","yoast_head_json":{"title":"Islote de Vila Franca do Campo - Viajar es vivir","description":"El Islote Vila Franca do Campo es una reserva natural situada frente a la costa sur de la Isla de Sao Miguel, en Azores.","robots":{"index":"index","follow":"follow","max-snippet":"max-snippet:-1","max-image-preview":"max-image-preview:large","max-video-preview":"max-video-preview:-1"},"canonical":"https:\/\/www.canariasviaja.com\/viajaresvivir\/islote-de-vila-franca-do-campo\/","og_locale":"es_ES","og_type":"article","og_title":"Islote de Vila Franca do Campo - Viajar es vivir","og_description":"El Islote Vila Franca do Campo es una reserva natural situada frente a la costa sur de la Isla de Sao Miguel, en Azores.","og_url":"https:\/\/www.canariasviaja.com\/viajaresvivir\/islote-de-vila-franca-do-campo\/","og_site_name":"Viajar es vivir","article_published_time":"2022-07-19T12:43:30+00:00","article_modified_time":"2022-07-19T12:43:41+00:00","og_image":[{"width":660,"height":330,"url":"http:\/\/www.canariasviaja.com\/viajaresvivir\/wp-content\/uploads\/2022\/07\/ilheu_vila_franca.jpg","type":"image\/jpeg"}],"author":"Patri C\u00e1mpora","twitter_card":"summary_large_image","twitter_misc":{"Escrito por":"Patri C\u00e1mpora","Tiempo de lectura":"4 minutos"},"schema":{"@context":"https:\/\/schema.org","@graph":[{"@type":"WebPage","@id":"https:\/\/www.canariasviaja.com\/viajaresvivir\/islote-de-vila-franca-do-campo\/","url":"https:\/\/www.canariasviaja.com\/viajaresvivir\/islote-de-vila-franca-do-campo\/","name":"Islote de Vila Franca do Campo - Viajar es vivir","isPartOf":{"@id":"https:\/\/www.canariasviaja.com\/viajaresvivir\/#website"},"primaryImageOfPage":{"@id":"https:\/\/www.canariasviaja.com\/viajaresvivir\/islote-de-vila-franca-do-campo\/#primaryimage"},"image":{"@id":"https:\/\/www.canariasviaja.com\/viajaresvivir\/islote-de-vila-franca-do-campo\/#primaryimage"},"thumbnailUrl":"https:\/\/www.canariasviaja.com\/viajaresvivir\/wp-content\/uploads\/2022\/07\/ilheu_vila_franca.jpg","datePublished":"2022-07-19T12:43:30+00:00","dateModified":"2022-07-19T12:43:41+00:00","author":{"@id":"https:\/\/www.canariasviaja.com\/viajaresvivir\/#\/schema\/person\/085949651001325f1244a8bc1b34709c"},"description":"El Islote Vila Franca do Campo es una reserva natural situada frente a la costa sur de la Isla de Sao Miguel, en Azores.","breadcrumb":{"@id":"https:\/\/www.canariasviaja.com\/viajaresvivir\/islote-de-vila-franca-do-campo\/#breadcrumb"},"inLanguage":"es","potentialAction":[{"@type":"ReadAction","target":["https:\/\/www.canariasviaja.com\/viajaresvivir\/islote-de-vila-franca-do-campo\/"]}]},{"@type":"ImageObject","inLanguage":"es","@id":"https:\/\/www.canariasviaja.com\/viajaresvivir\/islote-de-vila-franca-do-campo\/#primaryimage","url":"https:\/\/www.canariasviaja.com\/viajaresvivir\/wp-content\/uploads\/2022\/07\/ilheu_vila_franca.jpg","contentUrl":"https:\/\/www.canariasviaja.com\/viajaresvivir\/wp-content\/uploads\/2022\/07\/ilheu_vila_franca.jpg","width":660,"height":330},{"@type":"BreadcrumbList","@id":"https:\/\/www.canariasviaja.com\/viajaresvivir\/islote-de-vila-franca-do-campo\/#breadcrumb","itemListElement":[{"@type":"ListItem","position":1,"name":"Portada","item":"https:\/\/www.canariasviaja.com\/viajaresvivir\/"},{"@type":"ListItem","position":2,"name":"Islote de Vila Franca do Campo"}]},{"@type":"WebSite","@id":"https:\/\/www.canariasviaja.com\/viajaresvivir\/#website","url":"https:\/\/www.canariasviaja.com\/viajaresvivir\/","name":"Viajar es vivir","description":"El blog de viajes y estilo de vida de CanariasViaja","potentialAction":[{"@type":"SearchAction","target":{"@type":"EntryPoint","urlTemplate":"https:\/\/www.canariasviaja.com\/viajaresvivir\/?s={search_term_string}"},"query-input":{"@type":"PropertyValueSpecification","valueRequired":true,"valueName":"search_term_string"}}],"inLanguage":"es"},{"@type":"Person","@id":"https:\/\/www.canariasviaja.com\/viajaresvivir\/#\/schema\/person\/085949651001325f1244a8bc1b34709c","name":"Patri C\u00e1mpora","image":{"@type":"ImageObject","inLanguage":"es","@id":"https:\/\/www.canariasviaja.com\/viajaresvivir\/#\/schema\/person\/image\/","url":"https:\/\/secure.gravatar.com\/avatar\/b2ce2c4086a5776e5310f57c1a2e5b4e?s=96&d=mm&r=g","contentUrl":"https:\/\/secure.gravatar.com\/avatar\/b2ce2c4086a5776e5310f57c1a2e5b4e?s=96&d=mm&r=g","caption":"Patri C\u00e1mpora"},"url":"https:\/\/www.canariasviaja.com\/viajaresvivir\/author\/patri\/"}]}},"_links":{"self":[{"href":"https:\/\/www.canariasviaja.com\/viajaresvivir\/wp-json\/wp\/v2\/posts\/9062"}],"collection":[{"href":"https:\/\/www.canariasviaja.com\/viajaresvivir\/wp-json\/wp\/v2\/posts"}],"about":[{"href":"https:\/\/www.canariasviaja.com\/viajaresvivir\/wp-json\/wp\/v2\/types\/post"}],"author":[{"embeddable":true,"href":"https:\/\/www.canariasviaja.com\/viajaresvivir\/wp-json\/wp\/v2\/users\/2"}],"replies":[{"embeddable":true,"href":"https:\/\/www.canariasviaja.com\/viajaresvivir\/wp-json\/wp\/v2\/comments?post=9062"}],"version-history":[{"count":3,"href":"https:\/\/www.canariasviaja.com\/viajaresvivir\/wp-json\/wp\/v2\/posts\/9062\/revisions"}],"predecessor-version":[{"id":9070,"href":"https:\/\/www.canariasviaja.com\/viajaresvivir\/wp-json\/wp\/v2\/posts\/9062\/revisions\/9070"}],"wp:featuredmedia":[{"embeddable":true,"href":"https:\/\/www.canariasviaja.com\/viajaresvivir\/wp-json\/wp\/v2\/media\/9067"}],"wp:attachment":[{"href":"https:\/\/www.canariasviaja.com\/viajaresvivir\/wp-json\/wp\/v2\/media?parent=9062"}],"wp:term":[{"taxonomy":"category","embeddable":true,"href":"https:\/\/www.canariasviaja.com\/viajaresvivir\/wp-json\/wp\/v2\/categories?post=9062"},{"taxonomy":"post_tag","embeddable":true,"href":"https:\/\/www.canariasviaja.com\/viajaresvivir\/wp-json\/wp\/v2\/tags?post=9062"}],"curies":[{"name":"wp","href":"https:\/\/api.w.org\/{rel}","templated":true}]}}