{"id":9074,"date":"2022-08-01T09:11:46","date_gmt":"2022-08-01T09:11:46","guid":{"rendered":"https:\/\/www.canariasviaja.com\/viajaresvivir\/?p=9074"},"modified":"2022-08-01T09:42:13","modified_gmt":"2022-08-01T09:42:13","slug":"un-dia-en-la-graciosa","status":"publish","type":"post","link":"https:\/\/www.canariasviaja.com\/viajaresvivir\/un-dia-en-la-graciosa\/","title":{"rendered":"Un d\u00eda en La Graciosa"},"content":{"rendered":"\n<p>Hoy te invitamos a pasar <strong>un d\u00eda en La Graciosa<\/strong>, una peque\u00f1a isla situada al norte de Lanzarote que desde el 26 de junio de 2018 es considerada la octava isla canaria. La mayor de las islas que componen el <strong>Archipi\u00e9lago Chinijo <\/strong>(<em>chinijo<\/em> significa peque\u00f1o por estos lares), junto con los islotes de Monta\u00f1a Clara, Alegranza, Roque del Este y Roque del Oeste, sigue siendo una isla tranquila en la que se vive a ritmo lento de la pesca y el turismo. Un reducto de paz y tranquilidad que nos muestra la cara m\u00e1s aut\u00e9ntica de Canarias.<\/p>\n\n\n\n<figure class=\"wp-block-image size-full\"><img loading=\"lazy\" decoding=\"async\" width=\"1024\" height=\"683\" src=\"http:\/\/www.canariasviaja.com\/viajaresvivir\/wp-content\/uploads\/2022\/08\/La-Graciosa-30.jpg\" alt=\"\" class=\"wp-image-9132\" srcset=\"https:\/\/www.canariasviaja.com\/viajaresvivir\/wp-content\/uploads\/2022\/08\/La-Graciosa-30.jpg 1024w, https:\/\/www.canariasviaja.com\/viajaresvivir\/wp-content\/uploads\/2022\/08\/La-Graciosa-30-300x200.jpg 300w, https:\/\/www.canariasviaja.com\/viajaresvivir\/wp-content\/uploads\/2022\/08\/La-Graciosa-30-768x512.jpg 768w\" sizes=\"(max-width: 1024px) 100vw, 1024px\" \/><figcaption>Foto: Patri C\u00e1mpora<\/figcaption><\/figure>\n\n\n\n<p>La Graciosa y el resto de los islotes forman parte de una de las mayores reservas marinas de la Uni\u00f3n Europea, la <strong>Reserva Marina Isla la Graciosa e Islotes del Norte<\/strong>, con 70.439 hect\u00e1reas, por lo que podr\u00e1s disfrutar de sus incre\u00edbles fondos marinos.<\/p>\n\n\n\n<figure class=\"wp-block-image size-full\"><img loading=\"lazy\" decoding=\"async\" width=\"1024\" height=\"576\" src=\"http:\/\/www.canariasviaja.com\/viajaresvivir\/wp-content\/uploads\/2022\/07\/PH4427.jpg\" alt=\"\" class=\"wp-image-9113\" srcset=\"https:\/\/www.canariasviaja.com\/viajaresvivir\/wp-content\/uploads\/2022\/07\/PH4427.jpg 1024w, https:\/\/www.canariasviaja.com\/viajaresvivir\/wp-content\/uploads\/2022\/07\/PH4427-300x169.jpg 300w, https:\/\/www.canariasviaja.com\/viajaresvivir\/wp-content\/uploads\/2022\/07\/PH4427-768x432.jpg 768w, https:\/\/www.canariasviaja.com\/viajaresvivir\/wp-content\/uploads\/2022\/07\/PH4427-960x540.jpg 960w\" sizes=\"(max-width: 1024px) 100vw, 1024px\" \/><figcaption>Vista a\u00e9rea de La Graciosa. Foto: Turismo de Canarias<\/figcaption><\/figure>\n\n\n\n<p>La Graciosa puede ser un destino para unos d\u00edas de desconexi\u00f3n y relax, o un plan para una<strong> excursi\u00f3n de un d\u00eda desde la isla vecina, Lanzarote. <\/strong><\/p>\n\n\n\n<p>Para saborear La Graciosa lo ideal es quedarse en ella un par de d\u00edas, entonces empezar\u00e1s a notar que tus pulsaciones bajan y que caminas m\u00e1s despacio por las calles de arena. Pero <strong>pasar un d\u00eda en la isla <\/strong>tambi\u00e9n puede ser una estupenda experiencia y una primera toma de contacto con este peque\u00f1o para\u00edso.<\/p>\n\n\n\n<div style=\"height:100px\" aria-hidden=\"true\" class=\"wp-block-spacer\"><\/div>\n\n\n\n<h2 class=\"wp-block-heading\">Como llegar a La Graciosa<\/h2>\n\n\n\n<figure class=\"wp-block-image size-full\"><img loading=\"lazy\" decoding=\"async\" width=\"2000\" height=\"1333\" src=\"http:\/\/www.canariasviaja.com\/viajaresvivir\/wp-content\/uploads\/2022\/07\/La-Graciosa-4-1.jpg\" alt=\"\" class=\"wp-image-9091\" srcset=\"https:\/\/www.canariasviaja.com\/viajaresvivir\/wp-content\/uploads\/2022\/07\/La-Graciosa-4-1.jpg 2000w, https:\/\/www.canariasviaja.com\/viajaresvivir\/wp-content\/uploads\/2022\/07\/La-Graciosa-4-1-300x200.jpg 300w, https:\/\/www.canariasviaja.com\/viajaresvivir\/wp-content\/uploads\/2022\/07\/La-Graciosa-4-1-768x512.jpg 768w, https:\/\/www.canariasviaja.com\/viajaresvivir\/wp-content\/uploads\/2022\/07\/La-Graciosa-4-1-1536x1024.jpg 1536w, https:\/\/www.canariasviaja.com\/viajaresvivir\/wp-content\/uploads\/2022\/07\/La-Graciosa-4-1-1200x800.jpg 1200w, https:\/\/www.canariasviaja.com\/viajaresvivir\/wp-content\/uploads\/2022\/07\/La-Graciosa-4-1-1620x1080.jpg 1620w\" sizes=\"(max-width: 2000px) 100vw, 2000px\" \/><figcaption>Muelle de Caleta de Sebo. Foto: Patri C\u00e1mpora<\/figcaption><\/figure>\n\n\n\n<p>Para llegar a La Graciosa hay que tomar uno de los c\u00f3modos barcos que salen desde el<strong> Puerto de \u00d3rzola<\/strong>, en el norte de Lanzarote. (Binter Canarias y L\u00edneas Romero tienen un servicio de guaguas hasta \u00d3rzola con dos frecuencias diarias desde la T2 del Aeropuerto de Lanzarote).  Si est\u00e1s ya en Lanzarote, aprovecha para coger el primero de la ma\u00f1ana, para que te cunda el d\u00eda.<\/p>\n\n\n\n<p>Desde all\u00ed realizar\u00e1s la traves\u00eda que cruza lo que los conejeros y gracioseros conocen como <strong>El R\u00edo<\/strong>, la franja de mar que separa la costa norte de Lanzarote de La Graciosa. Durante el trayecto no podr\u00e1s quitar la vista del imponente acantilado de la costa conejera. A sus pies, la <strong>playa del Risco<\/strong>. Hasta esta playa llegaban en barca las mujeres de los pescadores gracioseros para vender su pescado en Har\u00eda y Mag\u00fcez. Desde la orilla sub\u00edan cargadas con sus pesadas cestas de pescado fresco por el empinado <a href=\"https:\/\/www.canariasviaja.com\/viajaresvivir\/camino-de-los-gracioseros-el-puente-que-une-el-rio\/\"><strong>camino de los Gracioseros<\/strong><\/a> y lo volv\u00edan a bajar, al final del d\u00eda,  repletas de frutas, legumbres y verduras para llevar de vuelta a casa. Mucho ha cambiado la vida de los gracioseros desde entonces&#8230;<\/p>\n\n\n\n<div style=\"height:100px\" aria-hidden=\"true\" class=\"wp-block-spacer\"><\/div>\n\n\n\n<h2 class=\"wp-block-heading\">La Graciosa, una isla con otro ritmo<\/h2>\n\n\n\n<figure class=\"wp-block-image size-full\"><img loading=\"lazy\" decoding=\"async\" width=\"1024\" height=\"683\" src=\"http:\/\/www.canariasviaja.com\/viajaresvivir\/wp-content\/uploads\/2022\/07\/La-Graciosa-15.jpg\" alt=\"\" class=\"wp-image-9106\" srcset=\"https:\/\/www.canariasviaja.com\/viajaresvivir\/wp-content\/uploads\/2022\/07\/La-Graciosa-15.jpg 1024w, https:\/\/www.canariasviaja.com\/viajaresvivir\/wp-content\/uploads\/2022\/07\/La-Graciosa-15-300x200.jpg 300w, https:\/\/www.canariasviaja.com\/viajaresvivir\/wp-content\/uploads\/2022\/07\/La-Graciosa-15-768x512.jpg 768w\" sizes=\"(max-width: 1024px) 100vw, 1024px\" \/><figcaption>Calles de Caleta de Sebo. Fotos: Patri C\u00e1mpora<\/figcaption><\/figure>\n\n\n\n<p>La Graciosa es un lugar donde el tiempo pasa despacio. Pese a que la isla ha cambiado mucho en los \u00faltimos a\u00f1os, sus calles siguen luciendo arena en vez de asfalto, sus casas, y cada vez m\u00e1s, apartamentos y casas vacacionales, est\u00e1n pintadas de blanco y no superan los dos pisos de altura, y en sus restaurantes y bares, siguen sirviendo pescado fresco del d\u00eda. <\/p>\n\n\n\n<p>Por las calles de<strong> Caleta de Sebo<\/strong>, su poblaci\u00f3n m\u00e1s importante, &nbsp;todav\u00eda ver\u00e1s a las vecinas barrer su trocito de acera, protegerse del sol con uno de los t\u00edpicos <strong>sombreros de La Graciosa<\/strong>, o a los viejos pescadores, luciendo una piel curtida por una vida en la &nbsp;mar, echando su partida de cartas.<\/p>\n\n\n\n<p>Cada vez m\u00e1s encontrar\u00e1s tambi\u00e9n tiendas en las que <strong>alquilar bicicletas<\/strong> para recorrer la isla, alguna en la que <strong>comprar un recuerdo <\/strong>de tu paso por La Graciosa, locales en los que reservar tu <strong>taxi 4&#215;4 <\/strong>para para dar la <strong>vuelta a la isla <\/strong>o para llevarte a alguna de sus playas, o <strong>restaurantes<\/strong> donde puedes comer pescadito fresco y  tomarte un gin tonic para disfrutar de la tarde antes de coger tu barco de vuelta.<\/p>\n\n\n\n<figure class=\"wp-block-gallery has-nested-images columns-default is-cropped wp-block-gallery-1 is-layout-flex wp-block-gallery-is-layout-flex\">\n<figure class=\"wp-block-image size-full\"><img loading=\"lazy\" decoding=\"async\" width=\"667\" height=\"1024\" data-id=\"9115\" src=\"http:\/\/www.canariasviaja.com\/viajaresvivir\/wp-content\/uploads\/2022\/07\/PH6405.jpg\" alt=\"\" class=\"wp-image-9115\" srcset=\"https:\/\/www.canariasviaja.com\/viajaresvivir\/wp-content\/uploads\/2022\/07\/PH6405.jpg 667w, https:\/\/www.canariasviaja.com\/viajaresvivir\/wp-content\/uploads\/2022\/07\/PH6405-195x300.jpg 195w\" sizes=\"(max-width: 667px) 100vw, 667px\" \/><figcaption>Iglesia de Ntra. Sra del Carmen. Turismo de Canarias<\/figcaption><\/figure>\n\n\n\n<figure class=\"wp-block-image size-large\"><img loading=\"lazy\" decoding=\"async\" width=\"683\" height=\"1024\" data-id=\"9108\" src=\"http:\/\/www.canariasviaja.com\/viajaresvivir\/wp-content\/uploads\/2022\/07\/La-Graciosa-17.jpg\" alt=\"\" class=\"wp-image-9108\" srcset=\"https:\/\/www.canariasviaja.com\/viajaresvivir\/wp-content\/uploads\/2022\/07\/La-Graciosa-17.jpg 683w, https:\/\/www.canariasviaja.com\/viajaresvivir\/wp-content\/uploads\/2022\/07\/La-Graciosa-17-200x300.jpg 200w\" sizes=\"(max-width: 683px) 100vw, 683px\" \/><figcaption>Calle Caleta de Sebo. Foto: Patri C\u00e1mpora<\/figcaption><\/figure>\n<\/figure>\n\n\n\n<p><strong>La Graciosa<\/strong> es una isla que vive del turismo, pero es tambi\u00e9n un <strong><a href=\"https:\/\/www.canariasviaja.com\/viajaresvivir\/escapada-a-la-graciosa-el-lugar-en-el-mundo-de-sara\/\">lugar de veraneo<\/a><\/strong> para muchos y eso se nota, sobre todo, en los meses de verano donde la m\u00e1xima afluencia de turistas y veraneantes comienza a llegar a mitad de julio con motivo de las<strong> Fiestas del Carmen<\/strong> y las vacaciones escolares. Si tienes flexibilidad a la hora de elegir cu\u00e1ndo visitarla, te recomendamos que vengas en <strong>septiembre y octubre,<\/strong> disfrutar\u00e1s de las calmas y el buen tiempo asegurado. Encontrar\u00e1s el para\u00edso que buscas.<\/p>\n\n\n\n<div style=\"height:100px\" aria-hidden=\"true\" class=\"wp-block-spacer\"><\/div>\n\n\n\n<h2 class=\"wp-block-heading\">En busca del para\u00edso<\/h2>\n\n\n\n<p>Los para\u00edsos del siglo XXI no son lo que eran. Casi todos los <strong>rincones secretos<\/strong> se desvelan en las redes sociales y todo el mundo quiere sacarse la misma foto y, en vez de piratas, son los turistas los que har\u00e1n el abordaje en tu coqueta playa desde un catamar\u00e1n. <\/p>\n\n\n\n<figure class=\"wp-block-image size-full\"><img loading=\"lazy\" decoding=\"async\" width=\"1024\" height=\"683\" src=\"http:\/\/www.canariasviaja.com\/viajaresvivir\/wp-content\/uploads\/2022\/07\/La-Graciosa-20.jpg\" alt=\"\" class=\"wp-image-9111\" srcset=\"https:\/\/www.canariasviaja.com\/viajaresvivir\/wp-content\/uploads\/2022\/07\/La-Graciosa-20.jpg 1024w, https:\/\/www.canariasviaja.com\/viajaresvivir\/wp-content\/uploads\/2022\/07\/La-Graciosa-20-300x200.jpg 300w, https:\/\/www.canariasviaja.com\/viajaresvivir\/wp-content\/uploads\/2022\/07\/La-Graciosa-20-768x512.jpg 768w\" sizes=\"(max-width: 1024px) 100vw, 1024px\" \/><figcaption>Playa de la Francesa. Foto: Patri C\u00e1mpora<\/figcaption><\/figure>\n\n\n\n<p>Pero los buscadores de para\u00edsos han de ser pacientes. En una hora el barco de turistas zarpar\u00e1 y se llevar\u00e1 la m\u00fasica a otra parte, y el <em>instagrammer<\/em> se habr\u00e1 ido a buscar otro lugar para coleccionar m\u00e1s <em>likes<\/em> y t\u00fa te podr\u00e1s quedar solo disfrutando de tu playa paradisiaca de arenas claras y aguas turquesas.<\/p>\n\n\n\n<div style=\"height:100px\" aria-hidden=\"true\" class=\"wp-block-spacer\"><\/div>\n\n\n\n<h2 class=\"wp-block-heading\"><strong>C\u00f3mo movernos en La Graciosa<\/strong><\/h2>\n\n\n\n<figure class=\"wp-block-image size-full\"><img loading=\"lazy\" decoding=\"async\" width=\"2000\" height=\"1333\" src=\"http:\/\/www.canariasviaja.com\/viajaresvivir\/wp-content\/uploads\/2022\/07\/La-Graciosa-13.jpg\" alt=\"\" class=\"wp-image-9082\" srcset=\"https:\/\/www.canariasviaja.com\/viajaresvivir\/wp-content\/uploads\/2022\/07\/La-Graciosa-13.jpg 2000w, https:\/\/www.canariasviaja.com\/viajaresvivir\/wp-content\/uploads\/2022\/07\/La-Graciosa-13-300x200.jpg 300w, https:\/\/www.canariasviaja.com\/viajaresvivir\/wp-content\/uploads\/2022\/07\/La-Graciosa-13-768x512.jpg 768w, https:\/\/www.canariasviaja.com\/viajaresvivir\/wp-content\/uploads\/2022\/07\/La-Graciosa-13-1536x1024.jpg 1536w, https:\/\/www.canariasviaja.com\/viajaresvivir\/wp-content\/uploads\/2022\/07\/La-Graciosa-13-1200x800.jpg 1200w, https:\/\/www.canariasviaja.com\/viajaresvivir\/wp-content\/uploads\/2022\/07\/La-Graciosa-13-1620x1080.jpg 1620w\" sizes=\"(max-width: 2000px) 100vw, 2000px\" \/><figcaption>Ciclistas en noroeste de La Graciosa. Fotos: Patri C\u00e1mpora<\/figcaption><\/figure>\n\n\n\n<p>Para recorrer la isla tenemos tres opciones: <strong>caminar, ir en bici o alquilar un jeep-taxi.<\/strong> Elige la opci\u00f3n que m\u00e1s te apetezca, pero ten siempre en cuenta tu forma f\u00edsica y lleva suficiente agua, comida y protector solar. No encontrar\u00e1s ning\u00fan sitio donde comprarlo fuera de Caleta de Sebo. Y recuerda llevar tu tel\u00e9fono cargado, por si necesitas ayuda, y para llenar la memoria de tu m\u00f3vil de fotos de rincones maravillosos.<\/p>\n\n\n\n<div style=\"height:100px\" aria-hidden=\"true\" class=\"wp-block-spacer\"><\/div>\n\n\n\n<h2 class=\"wp-block-heading\">La Graciosa en 4&#215;4<\/h2>\n\n\n\n<p>En La Graciosa los taxis son veh\u00edculos 4&#215;4 autorizados para el transporte de pasajeros que transitan con soltura por las pistas de tierra. Los encontrar\u00e1s junto al muelle, nada m\u00e1s bajar del barco.<\/p>\n\n\n\n<p>Comenzaremos nuestro recorrido en Caleta de Sebo, desde donde saldremos en direcci\u00f3n norte hacia a la <strong>Playa de las Conchas<\/strong>, situada a unos seis minutos en jeep, a una hora a pie, o a 30 minutos en bici.  Antes de llegar a la playa ya querremos parar para tomar la primera foto de la vista de  <strong>Monta\u00f1a Bermeja <\/strong>y los islotes de Monta\u00f1a Clara, Roque del Oeste y Alegranza.<\/p>\n\n\n\n<figure class=\"wp-block-image size-full\"><img loading=\"lazy\" decoding=\"async\" width=\"1024\" height=\"683\" src=\"http:\/\/www.canariasviaja.com\/viajaresvivir\/wp-content\/uploads\/2022\/07\/PH4981.jpg\" alt=\"\" class=\"wp-image-9114\" srcset=\"https:\/\/www.canariasviaja.com\/viajaresvivir\/wp-content\/uploads\/2022\/07\/PH4981.jpg 1024w, https:\/\/www.canariasviaja.com\/viajaresvivir\/wp-content\/uploads\/2022\/07\/PH4981-300x200.jpg 300w, https:\/\/www.canariasviaja.com\/viajaresvivir\/wp-content\/uploads\/2022\/07\/PH4981-768x512.jpg 768w\" sizes=\"(max-width: 1024px) 100vw, 1024px\" \/><figcaption>Vista del archipi\u00e9lago Chinijo. Fotos: Turismo de Canarias<\/figcaption><\/figure>\n\n\n\n<p>La <strong>Playa de Las Conchas<\/strong> es una de las playas m\u00e1s bonitas de la isla, e incluso de Canarias. Con sus 700 metros de largo y 12 metros de ancho de arena blanca (proveniente de conchas trituradas), aguas turquesas e impresionantes vistas al archipi\u00e9lago Chinijo, te fascinar\u00e1.  Pero detr\u00e1s de su belleza esconde fuertes corrientes, por lo que hay que tener mucho cuidado a la hora de ba\u00f1arse, y no meterse m\u00e1s all\u00e1 de donde se haga pie.  Cuando sube la marea se forma una laguna en medio de la playa, ideal para refrescarse con seguridad.<\/p>\n\n\n\n<p>A la entrada de esta playa una placa recuerda a un padre y una hija franceses, Francis y Bah\u00eda, que perecieron ahogados en sus aguas en 2013. Disfrut\u00e9mosla con cautela para que no se repita esta triste historia.<\/p>\n\n\n\n<figure class=\"wp-block-image size-full\"><img loading=\"lazy\" decoding=\"async\" width=\"2000\" height=\"1333\" src=\"http:\/\/www.canariasviaja.com\/viajaresvivir\/wp-content\/uploads\/2022\/08\/PH317.jpg\" alt=\"\" class=\"wp-image-9131\" srcset=\"https:\/\/www.canariasviaja.com\/viajaresvivir\/wp-content\/uploads\/2022\/08\/PH317.jpg 2000w, https:\/\/www.canariasviaja.com\/viajaresvivir\/wp-content\/uploads\/2022\/08\/PH317-300x200.jpg 300w, https:\/\/www.canariasviaja.com\/viajaresvivir\/wp-content\/uploads\/2022\/08\/PH317-768x512.jpg 768w, https:\/\/www.canariasviaja.com\/viajaresvivir\/wp-content\/uploads\/2022\/08\/PH317-1536x1024.jpg 1536w, https:\/\/www.canariasviaja.com\/viajaresvivir\/wp-content\/uploads\/2022\/08\/PH317-1200x800.jpg 1200w, https:\/\/www.canariasviaja.com\/viajaresvivir\/wp-content\/uploads\/2022\/08\/PH317-1620x1080.jpg 1620w\" sizes=\"(max-width: 2000px) 100vw, 2000px\" \/><figcaption>Playa de las Conchas. Foto: Turismo de Canarias<\/figcaption><\/figure>\n\n\n\n<p>Si quieres obtener unas <strong>vistas a\u00fan m\u00e1s impresionantes del archipi\u00e9lago Chinijo <\/strong>y de la playa de las Conchas, te recomendamos que subas a lo alto de Monta\u00f1a Bermeja. Sacar\u00e1s las mejores fotos.<\/p>\n\n\n\n<div style=\"height:100px\" aria-hidden=\"true\" class=\"wp-block-spacer\"><\/div>\n\n\n\n<h2 class=\"wp-block-heading\">Calet\u00f3n de los Arcos y Playa de La Lambra<\/h2>\n\n\n\n<p>Continuamos nuestro recorrido. Nuestra pr\u00f3xima parada ser\u00e1 el <strong>Calet\u00f3n de los Arcos<\/strong>, donde podremos contemplar una entrada de mar con unos impresionantes arcos de piedra, bajo los que observar el mar batir con fuerza.<\/p>\n\n\n\n<figure class=\"wp-block-image size-full\"><img loading=\"lazy\" decoding=\"async\" width=\"2000\" height=\"1333\" src=\"http:\/\/www.canariasviaja.com\/viajaresvivir\/wp-content\/uploads\/2022\/07\/La-Graciosa-2-1.jpg\" alt=\"\" class=\"wp-image-9089\" srcset=\"https:\/\/www.canariasviaja.com\/viajaresvivir\/wp-content\/uploads\/2022\/07\/La-Graciosa-2-1.jpg 2000w, https:\/\/www.canariasviaja.com\/viajaresvivir\/wp-content\/uploads\/2022\/07\/La-Graciosa-2-1-300x200.jpg 300w, https:\/\/www.canariasviaja.com\/viajaresvivir\/wp-content\/uploads\/2022\/07\/La-Graciosa-2-1-768x512.jpg 768w, https:\/\/www.canariasviaja.com\/viajaresvivir\/wp-content\/uploads\/2022\/07\/La-Graciosa-2-1-1536x1024.jpg 1536w, https:\/\/www.canariasviaja.com\/viajaresvivir\/wp-content\/uploads\/2022\/07\/La-Graciosa-2-1-1200x800.jpg 1200w, https:\/\/www.canariasviaja.com\/viajaresvivir\/wp-content\/uploads\/2022\/07\/La-Graciosa-2-1-1620x1080.jpg 1620w\" sizes=\"(max-width: 2000px) 100vw, 2000px\" \/><figcaption>Calet\u00f3n de los Arcos. Foto: Patri C\u00e1mpora<\/figcaption><\/figure>\n\n\n\n<p>Un poco m\u00e1s all\u00e1, en la costa noroeste, est\u00e1 la <strong>Playa de La Lambra<\/strong>. Esta tranquila playa  se encuentra junto a una de las zonas m\u00e1s protegidas de la isla por ser zona de nidificaci\u00f3n de aves, as\u00ed que respeta las se\u00f1alizaciones y no te salgas de los senderos.<\/p>\n\n\n\n<figure class=\"wp-block-image size-full\"><img loading=\"lazy\" decoding=\"async\" width=\"1024\" height=\"683\" src=\"http:\/\/www.canariasviaja.com\/viajaresvivir\/wp-content\/uploads\/2022\/07\/La-Graciosa-21.jpg\" alt=\"\" class=\"wp-image-9116\" srcset=\"https:\/\/www.canariasviaja.com\/viajaresvivir\/wp-content\/uploads\/2022\/07\/La-Graciosa-21.jpg 1024w, https:\/\/www.canariasviaja.com\/viajaresvivir\/wp-content\/uploads\/2022\/07\/La-Graciosa-21-300x200.jpg 300w, https:\/\/www.canariasviaja.com\/viajaresvivir\/wp-content\/uploads\/2022\/07\/La-Graciosa-21-768x512.jpg 768w\" sizes=\"(max-width: 1024px) 100vw, 1024px\" \/><figcaption>Playa de La Lambra. Foto: Patri C\u00e1mpora<\/figcaption><\/figure>\n\n\n\n<div style=\"height:100px\" aria-hidden=\"true\" class=\"wp-block-spacer\"><\/div>\n\n\n\n<h2 class=\"wp-block-heading\">Pedro Barba, el primer asentamiento<\/h2>\n\n\n\n<figure class=\"wp-block-image size-full\"><img loading=\"lazy\" decoding=\"async\" width=\"1024\" height=\"683\" src=\"http:\/\/www.canariasviaja.com\/viajaresvivir\/wp-content\/uploads\/2022\/07\/La-Graciosa-22.jpg\" alt=\"\" class=\"wp-image-9117\" srcset=\"https:\/\/www.canariasviaja.com\/viajaresvivir\/wp-content\/uploads\/2022\/07\/La-Graciosa-22.jpg 1024w, https:\/\/www.canariasviaja.com\/viajaresvivir\/wp-content\/uploads\/2022\/07\/La-Graciosa-22-300x200.jpg 300w, https:\/\/www.canariasviaja.com\/viajaresvivir\/wp-content\/uploads\/2022\/07\/La-Graciosa-22-768x512.jpg 768w\" sizes=\"(max-width: 1024px) 100vw, 1024px\" \/><figcaption>Playa de Pedro Barba. Foto: Patri C\u00e1mpora<\/figcaption><\/figure>\n\n\n\n<p>Pese a que La Graciosa fue la primera isla en ser descubierta, fue la \u00faltima en ser poblada. Cuentan que <strong>Pedro Barba<\/strong> fue el primer asentamiento de la isla, all\u00e1 por 1832.  A finales del siglo XIX se construy\u00f3 una f\u00e1brica de salaz\u00f3n de pescado y casas para los trabajadores. El proyecto no fue bien y el poblado cay\u00f3 en el abandono y las familias que lo habitaban se trasladaron a Caleta de Sebo.<\/p>\n\n\n\n<figure class=\"wp-block-image size-full\"><img loading=\"lazy\" decoding=\"async\" width=\"1024\" height=\"683\" src=\"http:\/\/www.canariasviaja.com\/viajaresvivir\/wp-content\/uploads\/2022\/07\/La-Graciosa-24.jpg\" alt=\"\" class=\"wp-image-9118\" srcset=\"https:\/\/www.canariasviaja.com\/viajaresvivir\/wp-content\/uploads\/2022\/07\/La-Graciosa-24.jpg 1024w, https:\/\/www.canariasviaja.com\/viajaresvivir\/wp-content\/uploads\/2022\/07\/La-Graciosa-24-300x200.jpg 300w, https:\/\/www.canariasviaja.com\/viajaresvivir\/wp-content\/uploads\/2022\/07\/La-Graciosa-24-768x512.jpg 768w\" sizes=\"(max-width: 1024px) 100vw, 1024px\" \/><figcaption>Muelle de Pedro Barba. Foto: Patri C\u00e1mpora<\/figcaption><\/figure>\n\n\n\n<p>Pedro Barba hoy en d\u00eda cuenta con una veintena de casas de veraneo, la antigua escuela, un muelle desde el que disfrutar de un refrescante chapuz\u00f3n y una peque\u00f1a playa. Un lugar para aquellos que quieran desaparecer del mundo por unos d\u00edas.<\/p>\n\n\n\n<div style=\"height:100px\" aria-hidden=\"true\" class=\"wp-block-spacer\"><\/div>\n\n\n\n<h2 class=\"wp-block-heading\">Relax en la Playa de la Francesa y Playa de Monta\u00f1a Amarilla<\/h2>\n\n\n\n<figure class=\"wp-block-image size-full\"><img loading=\"lazy\" decoding=\"async\" width=\"1024\" height=\"683\" src=\"http:\/\/www.canariasviaja.com\/viajaresvivir\/wp-content\/uploads\/2022\/07\/La-Graciosa-26.jpg\" alt=\"\" class=\"wp-image-9119\" srcset=\"https:\/\/www.canariasviaja.com\/viajaresvivir\/wp-content\/uploads\/2022\/07\/La-Graciosa-26.jpg 1024w, https:\/\/www.canariasviaja.com\/viajaresvivir\/wp-content\/uploads\/2022\/07\/La-Graciosa-26-300x200.jpg 300w, https:\/\/www.canariasviaja.com\/viajaresvivir\/wp-content\/uploads\/2022\/07\/La-Graciosa-26-768x512.jpg 768w\" sizes=\"(max-width: 1024px) 100vw, 1024px\" \/><figcaption>Playa de la Francesa. Foto: Patri C\u00e1mpora<\/figcaption><\/figure>\n\n\n\n<p>Tras el <strong>tour por el norte de la isla<\/strong>, puedes acordar con tu conductor que te lleve a la <strong>Playa de la Francesa <\/strong>y te recoja por la tarde, para poder exprimir el d\u00eda disfrutando de la playa antes de la salida del barco.<strong>  La Francesa<\/strong> es una hermosa playa de aguas calmas en la que disfrutar de un buen ba\u00f1o y del snorkel. <\/p>\n\n\n\n<figure class=\"wp-block-image size-full\"><img loading=\"lazy\" decoding=\"async\" width=\"1024\" height=\"683\" src=\"http:\/\/www.canariasviaja.com\/viajaresvivir\/wp-content\/uploads\/2022\/08\/La-Graciosa-31.jpg\" alt=\"\" class=\"wp-image-9124\" srcset=\"https:\/\/www.canariasviaja.com\/viajaresvivir\/wp-content\/uploads\/2022\/08\/La-Graciosa-31.jpg 1024w, https:\/\/www.canariasviaja.com\/viajaresvivir\/wp-content\/uploads\/2022\/08\/La-Graciosa-31-300x200.jpg 300w, https:\/\/www.canariasviaja.com\/viajaresvivir\/wp-content\/uploads\/2022\/08\/La-Graciosa-31-768x512.jpg 768w\" sizes=\"(max-width: 1024px) 100vw, 1024px\" \/><figcaption>Vista general Playa de la Francesa. Foto: Patri C\u00e1mpora<\/figcaption><\/figure>\n\n\n\n<p>Esta es la playa elegida por los catamaranes que hacen excursiones alrededor de la isla, por lo que en determinados momentos del d\u00eda podr\u00e1s sentirte invadido por los turistas que bajan a tierra. Si est\u00e1s buscando m\u00e1s silencio y menos aglomeraciones, tranquilo, todo tiene soluci\u00f3n. <\/p>\n\n\n\n<p>Coge tu toalla y  camina hasta el final de la playa, asciende la peque\u00f1a loma y dir\u00edgete a la <strong>playa de Monta\u00f1a Amarilla <\/strong>(conocida tambi\u00e9n como<strong> La Cocina<\/strong>), donde te sorprender\u00e1  una impresionante cala de arena blanca bajo una pared de piedra amarilla intensa. Rel\u00e1jate al sol y baja las revoluciones. Est\u00e1s en La Graciosa, \u00a1el para\u00edso existe!<\/p>\n\n\n\n<figure class=\"wp-block-image size-full\"><img loading=\"lazy\" decoding=\"async\" width=\"1024\" height=\"683\" src=\"http:\/\/www.canariasviaja.com\/viajaresvivir\/wp-content\/uploads\/2022\/08\/La-Graciosa-27.jpg\" alt=\"\" class=\"wp-image-9125\" srcset=\"https:\/\/www.canariasviaja.com\/viajaresvivir\/wp-content\/uploads\/2022\/08\/La-Graciosa-27.jpg 1024w, https:\/\/www.canariasviaja.com\/viajaresvivir\/wp-content\/uploads\/2022\/08\/La-Graciosa-27-300x200.jpg 300w, https:\/\/www.canariasviaja.com\/viajaresvivir\/wp-content\/uploads\/2022\/08\/La-Graciosa-27-768x512.jpg 768w\" sizes=\"(max-width: 1024px) 100vw, 1024px\" \/><figcaption>Monta\u00f1a Amarilla. Fotos: Patri C\u00e1mpora<\/figcaption><\/figure>\n\n\n\n<figure class=\"wp-block-gallery has-nested-images columns-default is-cropped wp-block-gallery-2 is-layout-flex wp-block-gallery-is-layout-flex\">\n<figure class=\"wp-block-image size-large\"><img loading=\"lazy\" decoding=\"async\" width=\"1024\" height=\"683\" data-id=\"9127\" src=\"https:\/\/www.canariasviaja.com\/viajaresvivir\/wp-content\/uploads\/2022\/08\/La-Graciosa-28.jpg\" alt=\"\" class=\"wp-image-9127\" srcset=\"https:\/\/www.canariasviaja.com\/viajaresvivir\/wp-content\/uploads\/2022\/08\/La-Graciosa-28.jpg 1024w, https:\/\/www.canariasviaja.com\/viajaresvivir\/wp-content\/uploads\/2022\/08\/La-Graciosa-28-300x200.jpg 300w, https:\/\/www.canariasviaja.com\/viajaresvivir\/wp-content\/uploads\/2022\/08\/La-Graciosa-28-768x512.jpg 768w\" sizes=\"(max-width: 1024px) 100vw, 1024px\" \/><\/figure>\n\n\n\n<figure class=\"wp-block-image size-large\"><img loading=\"lazy\" decoding=\"async\" width=\"1024\" height=\"683\" data-id=\"9126\" src=\"https:\/\/www.canariasviaja.com\/viajaresvivir\/wp-content\/uploads\/2022\/08\/La-Graciosa-29.jpg\" alt=\"\" class=\"wp-image-9126\" srcset=\"https:\/\/www.canariasviaja.com\/viajaresvivir\/wp-content\/uploads\/2022\/08\/La-Graciosa-29.jpg 1024w, https:\/\/www.canariasviaja.com\/viajaresvivir\/wp-content\/uploads\/2022\/08\/La-Graciosa-29-300x200.jpg 300w, https:\/\/www.canariasviaja.com\/viajaresvivir\/wp-content\/uploads\/2022\/08\/La-Graciosa-29-768x512.jpg 768w\" sizes=\"(max-width: 1024px) 100vw, 1024px\" \/><\/figure>\n<\/figure>\n\n\n\n<div class=\"wp-block-buttons is-layout-flex wp-block-buttons-is-layout-flex\">\n<div class=\"wp-block-button aligncenter\"><a class=\"wp-block-button__link\" href=\"https:\/\/bit.ly\/3S9fsJo\">Esc\u00e1pate al para\u00edso<\/a><\/div>\n<\/div>\n","protected":false},"excerpt":{"rendered":"<p>Un d\u00eda en La Graciosa te dejar\u00e1 con ganas de disfrutar m\u00e1s de este para\u00edso, pero puede ser un planazo para una excursi\u00f3n desde Lanzarote.<\/p>\n","protected":false},"author":2,"featured_media":9134,"comment_status":"open","ping_status":"open","sticky":false,"template":"","format":"standard","meta":{"_acf_changed":false,"sfsi_plus_gutenberg_text_before_share":"","sfsi_plus_gutenberg_show_text_before_share":"","sfsi_plus_gutenberg_icon_type":"","sfsi_plus_gutenberg_icon_alignemt":"","sfsi_plus_gutenburg_max_per_row":"","footnotes":""},"categories":[9,124,123,10,11,127],"tags":[890,430,380,122],"class_list":["post-9074","post","type-post","status-publish","format-standard","has-post-thumbnail","hentry","category-canarias","category-descubre","category-explora","category-historias-viajeras","category-postales","category-relajate","tag-excursion-de-un-dia","tag-la-graciosa","tag-lanzarote","tag-playas"],"acf":[],"yoast_head":"<!-- This site is optimized with the Yoast SEO plugin v24.1 - https:\/\/yoast.com\/wordpress\/plugins\/seo\/ -->\n<title>Un d\u00eda en La Graciosa - Viajar es vivir<\/title>\n<meta name=\"description\" content=\"Un d\u00eda en La Graciosa te dejar\u00e1 con ganas de m\u00e1s, pero te podr\u00e1s hacer una idea de c\u00f3mo es la isla m\u00e1s peque\u00f1a de Canarias, un para\u00edso.\" \/>\n<meta name=\"robots\" content=\"index, follow, max-snippet:-1, max-image-preview:large, max-video-preview:-1\" \/>\n<link rel=\"canonical\" href=\"https:\/\/www.canariasviaja.com\/viajaresvivir\/un-dia-en-la-graciosa\/\" \/>\n<meta property=\"og:locale\" content=\"es_ES\" \/>\n<meta property=\"og:type\" content=\"article\" \/>\n<meta property=\"og:title\" content=\"Un d\u00eda en La Graciosa - Viajar es vivir\" \/>\n<meta property=\"og:description\" content=\"Un d\u00eda en La Graciosa te dejar\u00e1 con ganas de m\u00e1s, pero te podr\u00e1s hacer una idea de c\u00f3mo es la isla m\u00e1s peque\u00f1a de Canarias, un para\u00edso.\" \/>\n<meta property=\"og:url\" content=\"https:\/\/www.canariasviaja.com\/viajaresvivir\/un-dia-en-la-graciosa\/\" \/>\n<meta property=\"og:site_name\" content=\"Viajar es vivir\" \/>\n<meta property=\"article:published_time\" content=\"2022-08-01T09:11:46+00:00\" \/>\n<meta property=\"article:modified_time\" content=\"2022-08-01T09:42:13+00:00\" \/>\n<meta property=\"og:image\" content=\"http:\/\/www.canariasviaja.com\/viajaresvivir\/wp-content\/uploads\/2022\/08\/La-Graciosa-20.jpg\" \/>\n\t<meta property=\"og:image:width\" content=\"1024\" \/>\n\t<meta property=\"og:image:height\" content=\"683\" \/>\n\t<meta property=\"og:image:type\" content=\"image\/jpeg\" \/>\n<meta name=\"author\" content=\"Patri C\u00e1mpora\" \/>\n<meta name=\"twitter:card\" content=\"summary_large_image\" \/>\n<meta name=\"twitter:label1\" content=\"Escrito por\" \/>\n\t<meta name=\"twitter:data1\" content=\"Patri C\u00e1mpora\" \/>\n\t<meta name=\"twitter:label2\" content=\"Tiempo de lectura\" \/>\n\t<meta name=\"twitter:data2\" content=\"12 minutos\" \/>\n<script type=\"application\/ld+json\" class=\"yoast-schema-graph\">{\"@context\":\"https:\/\/schema.org\",\"@graph\":[{\"@type\":\"WebPage\",\"@id\":\"https:\/\/www.canariasviaja.com\/viajaresvivir\/un-dia-en-la-graciosa\/\",\"url\":\"https:\/\/www.canariasviaja.com\/viajaresvivir\/un-dia-en-la-graciosa\/\",\"name\":\"Un d\u00eda en La Graciosa - Viajar es vivir\",\"isPartOf\":{\"@id\":\"https:\/\/www.canariasviaja.com\/viajaresvivir\/#website\"},\"primaryImageOfPage\":{\"@id\":\"https:\/\/www.canariasviaja.com\/viajaresvivir\/un-dia-en-la-graciosa\/#primaryimage\"},\"image\":{\"@id\":\"https:\/\/www.canariasviaja.com\/viajaresvivir\/un-dia-en-la-graciosa\/#primaryimage\"},\"thumbnailUrl\":\"https:\/\/www.canariasviaja.com\/viajaresvivir\/wp-content\/uploads\/2022\/08\/La-Graciosa-20.jpg\",\"datePublished\":\"2022-08-01T09:11:46+00:00\",\"dateModified\":\"2022-08-01T09:42:13+00:00\",\"author\":{\"@id\":\"https:\/\/www.canariasviaja.com\/viajaresvivir\/#\/schema\/person\/085949651001325f1244a8bc1b34709c\"},\"description\":\"Un d\u00eda en La Graciosa te dejar\u00e1 con ganas de m\u00e1s, pero te podr\u00e1s hacer una idea de c\u00f3mo es la isla m\u00e1s peque\u00f1a de Canarias, un para\u00edso.\",\"breadcrumb\":{\"@id\":\"https:\/\/www.canariasviaja.com\/viajaresvivir\/un-dia-en-la-graciosa\/#breadcrumb\"},\"inLanguage\":\"es\",\"potentialAction\":[{\"@type\":\"ReadAction\",\"target\":[\"https:\/\/www.canariasviaja.com\/viajaresvivir\/un-dia-en-la-graciosa\/\"]}]},{\"@type\":\"ImageObject\",\"inLanguage\":\"es\",\"@id\":\"https:\/\/www.canariasviaja.com\/viajaresvivir\/un-dia-en-la-graciosa\/#primaryimage\",\"url\":\"https:\/\/www.canariasviaja.com\/viajaresvivir\/wp-content\/uploads\/2022\/08\/La-Graciosa-20.jpg\",\"contentUrl\":\"https:\/\/www.canariasviaja.com\/viajaresvivir\/wp-content\/uploads\/2022\/08\/La-Graciosa-20.jpg\",\"width\":1024,\"height\":683},{\"@type\":\"BreadcrumbList\",\"@id\":\"https:\/\/www.canariasviaja.com\/viajaresvivir\/un-dia-en-la-graciosa\/#breadcrumb\",\"itemListElement\":[{\"@type\":\"ListItem\",\"position\":1,\"name\":\"Portada\",\"item\":\"https:\/\/www.canariasviaja.com\/viajaresvivir\/\"},{\"@type\":\"ListItem\",\"position\":2,\"name\":\"Un d\u00eda en La Graciosa\"}]},{\"@type\":\"WebSite\",\"@id\":\"https:\/\/www.canariasviaja.com\/viajaresvivir\/#website\",\"url\":\"https:\/\/www.canariasviaja.com\/viajaresvivir\/\",\"name\":\"Viajar es vivir\",\"description\":\"El blog de viajes y estilo de vida de CanariasViaja\",\"potentialAction\":[{\"@type\":\"SearchAction\",\"target\":{\"@type\":\"EntryPoint\",\"urlTemplate\":\"https:\/\/www.canariasviaja.com\/viajaresvivir\/?s={search_term_string}\"},\"query-input\":{\"@type\":\"PropertyValueSpecification\",\"valueRequired\":true,\"valueName\":\"search_term_string\"}}],\"inLanguage\":\"es\"},{\"@type\":\"Person\",\"@id\":\"https:\/\/www.canariasviaja.com\/viajaresvivir\/#\/schema\/person\/085949651001325f1244a8bc1b34709c\",\"name\":\"Patri C\u00e1mpora\",\"image\":{\"@type\":\"ImageObject\",\"inLanguage\":\"es\",\"@id\":\"https:\/\/www.canariasviaja.com\/viajaresvivir\/#\/schema\/person\/image\/\",\"url\":\"https:\/\/secure.gravatar.com\/avatar\/b2ce2c4086a5776e5310f57c1a2e5b4e?s=96&d=mm&r=g\",\"contentUrl\":\"https:\/\/secure.gravatar.com\/avatar\/b2ce2c4086a5776e5310f57c1a2e5b4e?s=96&d=mm&r=g\",\"caption\":\"Patri C\u00e1mpora\"},\"url\":\"https:\/\/www.canariasviaja.com\/viajaresvivir\/author\/patri\/\"}]}<\/script>\n<!-- \/ Yoast SEO plugin. -->","yoast_head_json":{"title":"Un d\u00eda en La Graciosa - Viajar es vivir","description":"Un d\u00eda en La Graciosa te dejar\u00e1 con ganas de m\u00e1s, pero te podr\u00e1s hacer una idea de c\u00f3mo es la isla m\u00e1s peque\u00f1a de Canarias, un para\u00edso.","robots":{"index":"index","follow":"follow","max-snippet":"max-snippet:-1","max-image-preview":"max-image-preview:large","max-video-preview":"max-video-preview:-1"},"canonical":"https:\/\/www.canariasviaja.com\/viajaresvivir\/un-dia-en-la-graciosa\/","og_locale":"es_ES","og_type":"article","og_title":"Un d\u00eda en La Graciosa - Viajar es vivir","og_description":"Un d\u00eda en La Graciosa te dejar\u00e1 con ganas de m\u00e1s, pero te podr\u00e1s hacer una idea de c\u00f3mo es la isla m\u00e1s peque\u00f1a de Canarias, un para\u00edso.","og_url":"https:\/\/www.canariasviaja.com\/viajaresvivir\/un-dia-en-la-graciosa\/","og_site_name":"Viajar es vivir","article_published_time":"2022-08-01T09:11:46+00:00","article_modified_time":"2022-08-01T09:42:13+00:00","og_image":[{"width":1024,"height":683,"url":"http:\/\/www.canariasviaja.com\/viajaresvivir\/wp-content\/uploads\/2022\/08\/La-Graciosa-20.jpg","type":"image\/jpeg"}],"author":"Patri C\u00e1mpora","twitter_card":"summary_large_image","twitter_misc":{"Escrito por":"Patri C\u00e1mpora","Tiempo de lectura":"12 minutos"},"schema":{"@context":"https:\/\/schema.org","@graph":[{"@type":"WebPage","@id":"https:\/\/www.canariasviaja.com\/viajaresvivir\/un-dia-en-la-graciosa\/","url":"https:\/\/www.canariasviaja.com\/viajaresvivir\/un-dia-en-la-graciosa\/","name":"Un d\u00eda en La Graciosa - Viajar es vivir","isPartOf":{"@id":"https:\/\/www.canariasviaja.com\/viajaresvivir\/#website"},"primaryImageOfPage":{"@id":"https:\/\/www.canariasviaja.com\/viajaresvivir\/un-dia-en-la-graciosa\/#primaryimage"},"image":{"@id":"https:\/\/www.canariasviaja.com\/viajaresvivir\/un-dia-en-la-graciosa\/#primaryimage"},"thumbnailUrl":"https:\/\/www.canariasviaja.com\/viajaresvivir\/wp-content\/uploads\/2022\/08\/La-Graciosa-20.jpg","datePublished":"2022-08-01T09:11:46+00:00","dateModified":"2022-08-01T09:42:13+00:00","author":{"@id":"https:\/\/www.canariasviaja.com\/viajaresvivir\/#\/schema\/person\/085949651001325f1244a8bc1b34709c"},"description":"Un d\u00eda en La Graciosa te dejar\u00e1 con ganas de m\u00e1s, pero te podr\u00e1s hacer una idea de c\u00f3mo es la isla m\u00e1s peque\u00f1a de Canarias, un para\u00edso.","breadcrumb":{"@id":"https:\/\/www.canariasviaja.com\/viajaresvivir\/un-dia-en-la-graciosa\/#breadcrumb"},"inLanguage":"es","potentialAction":[{"@type":"ReadAction","target":["https:\/\/www.canariasviaja.com\/viajaresvivir\/un-dia-en-la-graciosa\/"]}]},{"@type":"ImageObject","inLanguage":"es","@id":"https:\/\/www.canariasviaja.com\/viajaresvivir\/un-dia-en-la-graciosa\/#primaryimage","url":"https:\/\/www.canariasviaja.com\/viajaresvivir\/wp-content\/uploads\/2022\/08\/La-Graciosa-20.jpg","contentUrl":"https:\/\/www.canariasviaja.com\/viajaresvivir\/wp-content\/uploads\/2022\/08\/La-Graciosa-20.jpg","width":1024,"height":683},{"@type":"BreadcrumbList","@id":"https:\/\/www.canariasviaja.com\/viajaresvivir\/un-dia-en-la-graciosa\/#breadcrumb","itemListElement":[{"@type":"ListItem","position":1,"name":"Portada","item":"https:\/\/www.canariasviaja.com\/viajaresvivir\/"},{"@type":"ListItem","position":2,"name":"Un d\u00eda en La Graciosa"}]},{"@type":"WebSite","@id":"https:\/\/www.canariasviaja.com\/viajaresvivir\/#website","url":"https:\/\/www.canariasviaja.com\/viajaresvivir\/","name":"Viajar es vivir","description":"El blog de viajes y estilo de vida de CanariasViaja","potentialAction":[{"@type":"SearchAction","target":{"@type":"EntryPoint","urlTemplate":"https:\/\/www.canariasviaja.com\/viajaresvivir\/?s={search_term_string}"},"query-input":{"@type":"PropertyValueSpecification","valueRequired":true,"valueName":"search_term_string"}}],"inLanguage":"es"},{"@type":"Person","@id":"https:\/\/www.canariasviaja.com\/viajaresvivir\/#\/schema\/person\/085949651001325f1244a8bc1b34709c","name":"Patri C\u00e1mpora","image":{"@type":"ImageObject","inLanguage":"es","@id":"https:\/\/www.canariasviaja.com\/viajaresvivir\/#\/schema\/person\/image\/","url":"https:\/\/secure.gravatar.com\/avatar\/b2ce2c4086a5776e5310f57c1a2e5b4e?s=96&d=mm&r=g","contentUrl":"https:\/\/secure.gravatar.com\/avatar\/b2ce2c4086a5776e5310f57c1a2e5b4e?s=96&d=mm&r=g","caption":"Patri C\u00e1mpora"},"url":"https:\/\/www.canariasviaja.com\/viajaresvivir\/author\/patri\/"}]}},"_links":{"self":[{"href":"https:\/\/www.canariasviaja.com\/viajaresvivir\/wp-json\/wp\/v2\/posts\/9074"}],"collection":[{"href":"https:\/\/www.canariasviaja.com\/viajaresvivir\/wp-json\/wp\/v2\/posts"}],"about":[{"href":"https:\/\/www.canariasviaja.com\/viajaresvivir\/wp-json\/wp\/v2\/types\/post"}],"author":[{"embeddable":true,"href":"https:\/\/www.canariasviaja.com\/viajaresvivir\/wp-json\/wp\/v2\/users\/2"}],"replies":[{"embeddable":true,"href":"https:\/\/www.canariasviaja.com\/viajaresvivir\/wp-json\/wp\/v2\/comments?post=9074"}],"version-history":[{"count":9,"href":"https:\/\/www.canariasviaja.com\/viajaresvivir\/wp-json\/wp\/v2\/posts\/9074\/revisions"}],"predecessor-version":[{"id":9139,"href":"https:\/\/www.canariasviaja.com\/viajaresvivir\/wp-json\/wp\/v2\/posts\/9074\/revisions\/9139"}],"wp:featuredmedia":[{"embeddable":true,"href":"https:\/\/www.canariasviaja.com\/viajaresvivir\/wp-json\/wp\/v2\/media\/9134"}],"wp:attachment":[{"href":"https:\/\/www.canariasviaja.com\/viajaresvivir\/wp-json\/wp\/v2\/media?parent=9074"}],"wp:term":[{"taxonomy":"category","embeddable":true,"href":"https:\/\/www.canariasviaja.com\/viajaresvivir\/wp-json\/wp\/v2\/categories?post=9074"},{"taxonomy":"post_tag","embeddable":true,"href":"https:\/\/www.canariasviaja.com\/viajaresvivir\/wp-json\/wp\/v2\/tags?post=9074"}],"curies":[{"name":"wp","href":"https:\/\/api.w.org\/{rel}","templated":true}]}}