{"id":908,"date":"2019-12-05T08:00:00","date_gmt":"2019-12-05T08:00:00","guid":{"rendered":"http:\/\/www.canariasviaja.com\/viajaresvivir\/?p=908"},"modified":"2021-03-02T10:42:06","modified_gmt":"2021-03-02T10:42:06","slug":"ruta-por-mallorca-monica-y-david","status":"publish","type":"post","link":"https:\/\/www.canariasviaja.com\/viajaresvivir\/ruta-por-mallorca-monica-y-david\/","title":{"rendered":"Mallorca: el viaje de M\u00f3nica y David"},"content":{"rendered":"\n<p>\u00bfQu\u00e9 <strong>Binter <\/strong>pone un vuelo a Mallorca desde Tenerife? Para all\u00e1 que vamos. <\/p>\n\n\n\n<p>En <a href=\"http:\/\/www.canariasviaja.com\">CanariasViaja.com<\/a> siempre conseguimos las mejores ofertas de combinados Vuelo + Hotel con precios de <strong>residente canario<\/strong>.<\/p>\n\n\n\n<p>Escogimos el <strong>mes de abril<\/strong> para nuestra escapada. De mi\u00e9rcoles a s\u00e1bado, cuatro d\u00edas para desconectar de la rutina. Salida a las 12.20 horas de Tenerife Norte, y llegada a las 16.30 horas a Mallorca. Horarios bastante razonables. En el vuelo, el snack ib\u00e9rico y, por supuesto, la chocolatina de Binter. Barriguita llena, coraz\u00f3n contento.<\/p>\n\n\n\n<div style=\"height:100px\" aria-hidden=\"true\" class=\"wp-block-spacer\"><\/div>\n\n\n\n<figure class=\"wp-block-image size-large\"><img loading=\"lazy\" decoding=\"async\" width=\"1024\" height=\"768\" src=\"http:\/\/www.canariasviaja.com\/viajaresvivir\/wp-content\/uploads\/2019\/11\/Postales-desde-Mallorca-pasajeros-Binter.jpg\" alt=\"A bordo del Binter\" class=\"wp-image-1454\" srcset=\"https:\/\/www.canariasviaja.com\/viajaresvivir\/wp-content\/uploads\/2019\/11\/Postales-desde-Mallorca-pasajeros-Binter.jpg 1024w, https:\/\/www.canariasviaja.com\/viajaresvivir\/wp-content\/uploads\/2019\/11\/Postales-desde-Mallorca-pasajeros-Binter-300x225.jpg 300w, https:\/\/www.canariasviaja.com\/viajaresvivir\/wp-content\/uploads\/2019\/11\/Postales-desde-Mallorca-pasajeros-Binter-768x576.jpg 768w, https:\/\/www.canariasviaja.com\/viajaresvivir\/wp-content\/uploads\/2019\/11\/Postales-desde-Mallorca-pasajeros-Binter-800x600.jpg 800w\" sizes=\"(max-width: 1024px) 100vw, 1024px\" \/><figcaption>A bordo del Binter<\/figcaption><\/figure>\n\n\n\n<h3 class=\"wp-block-heading\">Comienza la escapada.<\/h3>\n\n\n\n<p>La mejor opci\u00f3n para recorrer la isla es alquilar un <strong>coche<\/strong>. Con nuestro coche ya asignado, pusimos rumbo al norte, a <a href=\"https:\/\/www.tripadvisor.es\/Attraction_Review-g1222290-d3809743-Reviews-Playa_de_Muro_Beach-Playa_de_Muro_Majorca_Balearic_Islands.html\"><strong>Platja de Muro<\/strong><\/a>, donde estaba nuestro hotel. <\/p>\n\n\n\n<p>De camino, paramos en <strong><a href=\"http:\/\/www.descubriendomallorca.com\/blog\/es\/puestadesol\/\">Sa Foradada<\/a> <\/strong>para ver la puesta de sol. Todo un espect\u00e1culo. Es lo que tienen las Islas Baleares, unos atardeceres famosos. En esta ocasi\u00f3n pusieron m\u00fasica cl\u00e1sica cuando el sol ya est\u00e1 desapareciendo. All\u00ed se re\u00fane mucha gente para disfrutarlo y hay un chiringuito muy chill-out.<\/p>\n\n\n\n<div style=\"height:100px\" aria-hidden=\"true\" class=\"wp-block-spacer\"><\/div>\n\n\n\n<h3 class=\"wp-block-heading\">De calas y tapas<\/h3>\n\n\n\n<p>Al d\u00eda siguiente recorrimos la zona del <a href=\"https:\/\/www.eldiscretoencantodeviajar.com\/parque-natural-de-albufera-de-mallorca\/\"><strong>Parc Natural s\u2019Albufera<\/strong><\/a>, justo al lado del hotel. Es preciosa. Con muchas aves, mucha vegetaci\u00f3n, paseos para andar en bicicleta o hacer senderismo, la costa al lado\u2026Si desde all\u00ed sigues hacia el este, te encuentras&nbsp; con m\u00e1s calas espectaculares. Las calitas de Mallorca son id\u00edlicas. Nosotros elegimos <a href=\"http:\/\/www.descubriendomallorca.com\/anuncio-cala-torta-es.html\"><strong>Cala Torta<\/strong><\/a> para darnos el ba\u00f1ito. El agua en abril est\u00e1 m\u00e1s bien fresquita, pero a\u00fan as\u00ed nos atrevimos a entrar en &nbsp;el <strong>Mediterr\u00e1neo.<\/strong><\/p>\n\n\n\n<figure class=\"wp-block-image size-large\"><img loading=\"lazy\" decoding=\"async\" width=\"1024\" height=\"768\" src=\"https:\/\/www.canariasviaja.com\/viajaresvivir\/wp-content\/uploads\/2019\/11\/Postales-desde-Mallorca-Playa-1.jpg\" alt=\"Cala Torta en Mallorca, Baleares\" class=\"wp-image-1444\" srcset=\"https:\/\/www.canariasviaja.com\/viajaresvivir\/wp-content\/uploads\/2019\/11\/Postales-desde-Mallorca-Playa-1.jpg 1024w, https:\/\/www.canariasviaja.com\/viajaresvivir\/wp-content\/uploads\/2019\/11\/Postales-desde-Mallorca-Playa-1-300x225.jpg 300w, https:\/\/www.canariasviaja.com\/viajaresvivir\/wp-content\/uploads\/2019\/11\/Postales-desde-Mallorca-Playa-1-768x576.jpg 768w, https:\/\/www.canariasviaja.com\/viajaresvivir\/wp-content\/uploads\/2019\/11\/Postales-desde-Mallorca-Playa-1-800x600.jpg 800w\" sizes=\"(max-width: 1024px) 100vw, 1024px\" \/><figcaption>Cala Torta, Mallorca<\/figcaption><\/figure>\n\n\n\n<p>Despu\u00e9s de pasear y de remojarnos tocaba comer y beber. A nosotros nos encanta el <strong>vino<\/strong> y siempre que viajamos probamos el de la zona. Somos de tinto. Este es el que nos tomamos. Acompa\u00f1ado de una buena comida y de unas buenas tapas.<\/p>\n\n\n\n<figure class=\"wp-block-gallery columns-2 is-cropped wp-block-gallery-1 is-layout-flex wp-block-gallery-is-layout-flex\"><ul class=\"blocks-gallery-grid\"><li class=\"blocks-gallery-item\"><figure><img loading=\"lazy\" decoding=\"async\" width=\"1024\" height=\"768\" src=\"https:\/\/www.canariasviaja.com\/viajaresvivir\/wp-content\/uploads\/2019\/11\/Postales-desde-Mallorca-Casa-Canet-2.jpg\" alt=\"\" data-id=\"1447\" data-full-url=\"https:\/\/www.canariasviaja.com\/viajaresvivir\/wp-content\/uploads\/2019\/11\/Postales-desde-Mallorca-Casa-Canet-2.jpg\" data-link=\"https:\/\/www.canariasviaja.com\/viajaresvivir\/ruta-por-mallorca-monica-y-david\/postales-desde-mallorca-casa-canet-2\/#main\" class=\"wp-image-1447\" srcset=\"https:\/\/www.canariasviaja.com\/viajaresvivir\/wp-content\/uploads\/2019\/11\/Postales-desde-Mallorca-Casa-Canet-2.jpg 1024w, https:\/\/www.canariasviaja.com\/viajaresvivir\/wp-content\/uploads\/2019\/11\/Postales-desde-Mallorca-Casa-Canet-2-300x225.jpg 300w, https:\/\/www.canariasviaja.com\/viajaresvivir\/wp-content\/uploads\/2019\/11\/Postales-desde-Mallorca-Casa-Canet-2-768x576.jpg 768w, https:\/\/www.canariasviaja.com\/viajaresvivir\/wp-content\/uploads\/2019\/11\/Postales-desde-Mallorca-Casa-Canet-2-800x600.jpg 800w\" sizes=\"(max-width: 1024px) 100vw, 1024px\" \/><figcaption class=\"blocks-gallery-item__caption\">Tapas mallorquinas<\/figcaption><\/figure><\/li><li class=\"blocks-gallery-item\"><figure><img loading=\"lazy\" decoding=\"async\" width=\"768\" height=\"1024\" src=\"https:\/\/www.canariasviaja.com\/viajaresvivir\/wp-content\/uploads\/2019\/11\/Postales-desde-Mallorca-vino-1-1.jpg\" alt=\"\" data-id=\"1448\" data-full-url=\"https:\/\/www.canariasviaja.com\/viajaresvivir\/wp-content\/uploads\/2019\/11\/Postales-desde-Mallorca-vino-1-1.jpg\" data-link=\"https:\/\/www.canariasviaja.com\/viajaresvivir\/ruta-por-mallorca-monica-y-david\/postales-desde-mallorca-vino-1-1\/#main\" class=\"wp-image-1448\" srcset=\"https:\/\/www.canariasviaja.com\/viajaresvivir\/wp-content\/uploads\/2019\/11\/Postales-desde-Mallorca-vino-1-1.jpg 768w, https:\/\/www.canariasviaja.com\/viajaresvivir\/wp-content\/uploads\/2019\/11\/Postales-desde-Mallorca-vino-1-1-225x300.jpg 225w, https:\/\/www.canariasviaja.com\/viajaresvivir\/wp-content\/uploads\/2019\/11\/Postales-desde-Mallorca-vino-1-1-600x800.jpg 600w\" sizes=\"(max-width: 768px) 100vw, 768px\" \/><figcaption class=\"blocks-gallery-item__caption\">El vino que probamos<\/figcaption><\/figure><\/li><\/ul><\/figure>\n\n\n\n<div style=\"height:100px\" aria-hidden=\"true\" class=\"wp-block-spacer\"><\/div>\n\n\n\n<h3 class=\"wp-block-heading\">La sierra de Tramuntana y otros pueblitos con encanto<\/h3>\n\n\n\n<p>Al tercer d\u00eda, nos decidimos a atravesar la <strong>Sierra de Tramuntana<\/strong>. Bonito s\u00ed, pero \u00bfqu\u00e9 pasa en Mallorca en los meses de temporada baja fuera de la \u00e9poca estival y del invierno y que nosotros no sab\u00edamos? Que se llena de amantes del <strong>ciclismo<\/strong>. Las carreteras de la sierra estaban literalmente tomadas por los ciclistas. Con el coche era muy dif\u00edcil adelantarlos, ya que iban en ambas direcciones y hab\u00eda un mont\u00f3n. La verdad que nos sorprendimos y pensamos que, si lo hubi\u00e9ramos sabido, hubi\u00e9ramos evitado ir en coche por la sierra. All\u00e1 donde fueres haz lo que vieres. Lo mejor hubiera sido haber alquilado unas bicis para ese d\u00eda. Menos mal que no conduc\u00eda yo, sino David. <\/p>\n\n\n\n<p><a href=\"https:\/\/www.abc-mallorca.es\/soller\/\"><strong>S\u00f3ller<\/strong><\/a> fue otro de los lugares que visitamos. No con el famoso <a href=\"http:\/\/www.visitpalma.cat\/es\/contenido\/lugares-de-interes\/lugarinteres\/Ferrocarril-de-Soller\/\">tren<\/a>, sino que llegamos con nuestro coche de alquiler. Un pueblo muy pintoresco. All\u00ed almorzamos en <strong>Ses Olives<\/strong>, bastante recomendable.<\/p>\n\n\n\n<figure class=\"wp-block-image size-large\"><img loading=\"lazy\" decoding=\"async\" width=\"1024\" height=\"768\" src=\"http:\/\/www.canariasviaja.com\/viajaresvivir\/wp-content\/uploads\/2019\/11\/Postales-desde-Mallorca-Soller.jpg\" alt=\"Autorretrato en Soller\" class=\"wp-image-1459\" srcset=\"https:\/\/www.canariasviaja.com\/viajaresvivir\/wp-content\/uploads\/2019\/11\/Postales-desde-Mallorca-Soller.jpg 1024w, https:\/\/www.canariasviaja.com\/viajaresvivir\/wp-content\/uploads\/2019\/11\/Postales-desde-Mallorca-Soller-300x225.jpg 300w, https:\/\/www.canariasviaja.com\/viajaresvivir\/wp-content\/uploads\/2019\/11\/Postales-desde-Mallorca-Soller-768x576.jpg 768w, https:\/\/www.canariasviaja.com\/viajaresvivir\/wp-content\/uploads\/2019\/11\/Postales-desde-Mallorca-Soller-800x600.jpg 800w\" sizes=\"(max-width: 1024px) 100vw, 1024px\" \/><figcaption>Disfrutando de Soller<\/figcaption><\/figure>\n\n\n\n<p>Un pueblo que hay que visitar s\u00ed o s\u00ed es <a href=\"http:\/\/www.pollensa.com\/es\/places\/comprar\/\"><strong>Pollen\u00e7a<\/strong><\/a>. Calles adoquinadas y tiendas donde comprar bisuter\u00eda de cuero. Adoro el cuero, y no me puedo resistir cuando veo una tienda artesanal. Pequ\u00e9 y compr\u00e9 un anillo para m\u00ed y una pulsera para David. <\/p>\n\n\n\n<figure class=\"wp-block-gallery aligncenter columns-2 is-cropped wp-block-gallery-2 is-layout-flex wp-block-gallery-is-layout-flex\"><ul class=\"blocks-gallery-grid\"><li class=\"blocks-gallery-item\"><figure><img loading=\"lazy\" decoding=\"async\" width=\"768\" height=\"1024\" src=\"http:\/\/www.canariasviaja.com\/viajaresvivir\/wp-content\/uploads\/2019\/11\/Postales-desde-Mallorca-artesani\u0301a-de-cuero.jpg\" alt=\"\" data-id=\"1460\" data-full-url=\"http:\/\/www.canariasviaja.com\/viajaresvivir\/wp-content\/uploads\/2019\/11\/Postales-desde-Mallorca-artesani\u0301a-de-cuero.jpg\" data-link=\"http:\/\/www.canariasviaja.com\/viajaresvivir\/ruta-por-mallorca-monica-y-david\/postales-desde-mallorca-artesania-de-cuero\/#main\" class=\"wp-image-1460\" srcset=\"https:\/\/www.canariasviaja.com\/viajaresvivir\/wp-content\/uploads\/2019\/11\/Postales-desde-Mallorca-artesani\u0301a-de-cuero.jpg 768w, https:\/\/www.canariasviaja.com\/viajaresvivir\/wp-content\/uploads\/2019\/11\/Postales-desde-Mallorca-artesani\u0301a-de-cuero-225x300.jpg 225w, https:\/\/www.canariasviaja.com\/viajaresvivir\/wp-content\/uploads\/2019\/11\/Postales-desde-Mallorca-artesani\u0301a-de-cuero-600x800.jpg 600w\" sizes=\"(max-width: 768px) 100vw, 768px\" \/><\/figure><\/li><li class=\"blocks-gallery-item\"><figure><img loading=\"lazy\" decoding=\"async\" width=\"768\" height=\"1024\" src=\"http:\/\/www.canariasviaja.com\/viajaresvivir\/wp-content\/uploads\/2019\/11\/Mallorca-por-Monica-y-David-768x1024.jpg\" alt=\"Mallorca por M\u00f3nica y David\" data-id=\"960\" data-full-url=\"http:\/\/www.canariasviaja.com\/viajaresvivir\/wp-content\/uploads\/2019\/11\/Mallorca-por-Monica-y-David.jpg\" data-link=\"http:\/\/www.canariasviaja.com\/viajaresvivir\/ruta-por-mallorca-monica-y-david\/mallorca-por-monica-y-david\/#main\" class=\"wp-image-960\" srcset=\"https:\/\/www.canariasviaja.com\/viajaresvivir\/wp-content\/uploads\/2019\/11\/Mallorca-por-Monica-y-David-768x1024.jpg 768w, https:\/\/www.canariasviaja.com\/viajaresvivir\/wp-content\/uploads\/2019\/11\/Mallorca-por-Monica-y-David-225x300.jpg 225w, https:\/\/www.canariasviaja.com\/viajaresvivir\/wp-content\/uploads\/2019\/11\/Mallorca-por-Monica-y-David-1200x1600.jpg 1200w, https:\/\/www.canariasviaja.com\/viajaresvivir\/wp-content\/uploads\/2019\/11\/Mallorca-por-Monica-y-David-600x800.jpg 600w, https:\/\/www.canariasviaja.com\/viajaresvivir\/wp-content\/uploads\/2019\/11\/Mallorca-por-Monica-y-David-810x1080.jpg 810w, https:\/\/www.canariasviaja.com\/viajaresvivir\/wp-content\/uploads\/2019\/11\/Mallorca-por-Monica-y-David.jpg 1920w\" sizes=\"(max-width: 768px) 100vw, 768px\" \/><\/figure><\/li><\/ul><figcaption class=\"blocks-gallery-caption\">De paseo y compras por Pollen\u00e7a<\/figcaption><\/figure>\n\n\n\n<div style=\"height:100px\" aria-hidden=\"true\" class=\"wp-block-spacer\"><\/div>\n\n\n\n<h3 class=\"wp-block-heading\">Palma: Mir\u00f3, catedral y ensaimadas.<\/h3>\n\n\n\n<p>\u00daltimo d\u00eda,<strong> Palma,<\/strong> la capital. David es arquitecto, lo que implica que en cada viaje, visitamos museos y obras de artistas. La <a href=\"https:\/\/miromallorca.com\/\"><strong>Fundaci\u00f3 Pilar i Joan Mir\u00f3<\/strong><\/a> nos enamor\u00f3. Aqu\u00ed llega el momento de David de foto, foto, foto, foto. Fotograf\u00eda cada detalle constructivo que le llame la atenci\u00f3n. Les dejo algunas im\u00e1genes para que juzguen por ustedes mismos.<\/p>\n\n\n\n<figure class=\"wp-block-gallery columns-3 is-cropped wp-block-gallery-3 is-layout-flex wp-block-gallery-is-layout-flex\"><ul class=\"blocks-gallery-grid\"><li class=\"blocks-gallery-item\"><figure><img loading=\"lazy\" decoding=\"async\" width=\"1024\" height=\"768\" src=\"https:\/\/www.canariasviaja.com\/viajaresvivir\/wp-content\/uploads\/2019\/11\/Postales-desde-Mallorca-exterior-Fundacion-Miro-1.jpg\" alt=\"\" data-id=\"1449\" data-full-url=\"https:\/\/www.canariasviaja.com\/viajaresvivir\/wp-content\/uploads\/2019\/11\/Postales-desde-Mallorca-exterior-Fundacion-Miro-1.jpg\" data-link=\"https:\/\/www.canariasviaja.com\/viajaresvivir\/ruta-por-mallorca-monica-y-david\/postales-desde-mallorca-exterior-fundacion-miro-1\/#main\" class=\"wp-image-1449\" srcset=\"https:\/\/www.canariasviaja.com\/viajaresvivir\/wp-content\/uploads\/2019\/11\/Postales-desde-Mallorca-exterior-Fundacion-Miro-1.jpg 1024w, https:\/\/www.canariasviaja.com\/viajaresvivir\/wp-content\/uploads\/2019\/11\/Postales-desde-Mallorca-exterior-Fundacion-Miro-1-300x225.jpg 300w, https:\/\/www.canariasviaja.com\/viajaresvivir\/wp-content\/uploads\/2019\/11\/Postales-desde-Mallorca-exterior-Fundacion-Miro-1-768x576.jpg 768w, https:\/\/www.canariasviaja.com\/viajaresvivir\/wp-content\/uploads\/2019\/11\/Postales-desde-Mallorca-exterior-Fundacion-Miro-1-800x600.jpg 800w\" sizes=\"(max-width: 1024px) 100vw, 1024px\" \/><\/figure><\/li><li class=\"blocks-gallery-item\"><figure><img loading=\"lazy\" decoding=\"async\" width=\"768\" height=\"1024\" src=\"https:\/\/www.canariasviaja.com\/viajaresvivir\/wp-content\/uploads\/2019\/11\/Postales-desde-Mallorca-Fundacio\u0301n-Miro-con-mujer-1.jpg\" alt=\"\" data-id=\"1450\" data-full-url=\"https:\/\/www.canariasviaja.com\/viajaresvivir\/wp-content\/uploads\/2019\/11\/Postales-desde-Mallorca-Fundacio\u0301n-Miro-con-mujer-1.jpg\" data-link=\"https:\/\/www.canariasviaja.com\/viajaresvivir\/ruta-por-mallorca-monica-y-david\/postales-desde-mallorca-fundacion-miro-con-mujer-1\/#main\" class=\"wp-image-1450\" srcset=\"https:\/\/www.canariasviaja.com\/viajaresvivir\/wp-content\/uploads\/2019\/11\/Postales-desde-Mallorca-Fundacio\u0301n-Miro-con-mujer-1.jpg 768w, https:\/\/www.canariasviaja.com\/viajaresvivir\/wp-content\/uploads\/2019\/11\/Postales-desde-Mallorca-Fundacio\u0301n-Miro-con-mujer-1-225x300.jpg 225w, https:\/\/www.canariasviaja.com\/viajaresvivir\/wp-content\/uploads\/2019\/11\/Postales-desde-Mallorca-Fundacio\u0301n-Miro-con-mujer-1-600x800.jpg 600w\" sizes=\"(max-width: 768px) 100vw, 768px\" \/><\/figure><\/li><li class=\"blocks-gallery-item\"><figure><img loading=\"lazy\" decoding=\"async\" width=\"1024\" height=\"768\" src=\"https:\/\/www.canariasviaja.com\/viajaresvivir\/wp-content\/uploads\/2019\/11\/Postales-desde-Mallorca-Fundacion-Miro-1.jpg\" alt=\"\" data-id=\"1451\" data-full-url=\"https:\/\/www.canariasviaja.com\/viajaresvivir\/wp-content\/uploads\/2019\/11\/Postales-desde-Mallorca-Fundacion-Miro-1.jpg\" data-link=\"https:\/\/www.canariasviaja.com\/viajaresvivir\/ruta-por-mallorca-monica-y-david\/postales-desde-mallorca-fundacion-miro-1\/#main\" class=\"wp-image-1451\" srcset=\"https:\/\/www.canariasviaja.com\/viajaresvivir\/wp-content\/uploads\/2019\/11\/Postales-desde-Mallorca-Fundacion-Miro-1.jpg 1024w, https:\/\/www.canariasviaja.com\/viajaresvivir\/wp-content\/uploads\/2019\/11\/Postales-desde-Mallorca-Fundacion-Miro-1-300x225.jpg 300w, https:\/\/www.canariasviaja.com\/viajaresvivir\/wp-content\/uploads\/2019\/11\/Postales-desde-Mallorca-Fundacion-Miro-1-768x576.jpg 768w, https:\/\/www.canariasviaja.com\/viajaresvivir\/wp-content\/uploads\/2019\/11\/Postales-desde-Mallorca-Fundacion-Miro-1-800x600.jpg 800w\" sizes=\"(max-width: 1024px) 100vw, 1024px\" \/><\/figure><\/li><li class=\"blocks-gallery-item\"><figure><img loading=\"lazy\" decoding=\"async\" width=\"1024\" height=\"768\" src=\"https:\/\/www.canariasviaja.com\/viajaresvivir\/wp-content\/uploads\/2019\/11\/Postales-desde-Mallorca-interior-estudio-Miro-1.jpg\" alt=\"\" data-id=\"1452\" data-full-url=\"https:\/\/www.canariasviaja.com\/viajaresvivir\/wp-content\/uploads\/2019\/11\/Postales-desde-Mallorca-interior-estudio-Miro-1.jpg\" data-link=\"https:\/\/www.canariasviaja.com\/viajaresvivir\/ruta-por-mallorca-monica-y-david\/postales-desde-mallorca-interior-estudio-miro-1\/#main\" class=\"wp-image-1452\" srcset=\"https:\/\/www.canariasviaja.com\/viajaresvivir\/wp-content\/uploads\/2019\/11\/Postales-desde-Mallorca-interior-estudio-Miro-1.jpg 1024w, https:\/\/www.canariasviaja.com\/viajaresvivir\/wp-content\/uploads\/2019\/11\/Postales-desde-Mallorca-interior-estudio-Miro-1-300x225.jpg 300w, https:\/\/www.canariasviaja.com\/viajaresvivir\/wp-content\/uploads\/2019\/11\/Postales-desde-Mallorca-interior-estudio-Miro-1-768x576.jpg 768w, https:\/\/www.canariasviaja.com\/viajaresvivir\/wp-content\/uploads\/2019\/11\/Postales-desde-Mallorca-interior-estudio-Miro-1-800x600.jpg 800w\" sizes=\"(max-width: 1024px) 100vw, 1024px\" \/><\/figure><\/li><\/ul><figcaption class=\"blocks-gallery-caption\">Fundaci\u00f3n Pilar y Joan Mir\u00f3, Plama de Mallorca.<\/figcaption><\/figure>\n\n\n\n<p>Muy cerquita de la Fundaci\u00f3 se encuentra el <a href=\"https:\/\/es.wikipedia.org\/wiki\/Palacio_de_Marivent\"><strong>Palacio de Marivent<\/strong><\/a>, donde la familia real pasa sus veranos. Puedes visitar parte de sus jardines de forma gratuita. En ellos, hay esculturas de <strong>Joan Mir\u00f3<\/strong>.<\/p>\n\n\n\n<p>Otras dos actividades importantes en Palma: La primera, visitar la <a href=\"http:\/\/www.visitpalma.cat\/es\/contenido\/lugares-de-interes\/lugarinteres\/La-Seu-Catedral-de-Mallorca\/\"><strong>catedral<\/strong><\/a>, que es realmente espectacular. Justo debajo, hay una fuente que dicen que si tiras una moneda poni\u00e9ndote de espaldas a ella y lanz\u00e1ndola por encima de tu cabeza, volver\u00e1s a visitar Mallorca. As\u00ed lo hicimos. Nunca se sabe. <\/p>\n\n\n\n<p>En Palma tengo unas amigas que viven all\u00ed desde hace ya\nvarios a\u00f1os, y aprovechamos para quedar con ellas y tomar algo.<\/p>\n\n\n\n<figure class=\"wp-block-image size-large\"><img loading=\"lazy\" decoding=\"async\" width=\"1024\" height=\"768\" src=\"http:\/\/www.canariasviaja.com\/viajaresvivir\/wp-content\/uploads\/2019\/11\/Postalesdesde-Mallorca-catedral.jpg\" alt=\"Catedral de Palma de Mallorca\" class=\"wp-image-1443\" srcset=\"https:\/\/www.canariasviaja.com\/viajaresvivir\/wp-content\/uploads\/2019\/11\/Postalesdesde-Mallorca-catedral.jpg 1024w, https:\/\/www.canariasviaja.com\/viajaresvivir\/wp-content\/uploads\/2019\/11\/Postalesdesde-Mallorca-catedral-300x225.jpg 300w, https:\/\/www.canariasviaja.com\/viajaresvivir\/wp-content\/uploads\/2019\/11\/Postalesdesde-Mallorca-catedral-768x576.jpg 768w, https:\/\/www.canariasviaja.com\/viajaresvivir\/wp-content\/uploads\/2019\/11\/Postalesdesde-Mallorca-catedral-800x600.jpg 800w\" sizes=\"(max-width: 1024px) 100vw, 1024px\" \/><figcaption>Con mis amigas con vistas a la Catedral de Palma de Mallorca.<\/figcaption><\/figure>\n\n\n\n<p>La segunda actividad es comprar <strong>ensaimadas<\/strong> para llevar a tu familia.<\/p>\n\n\n\n<figure class=\"wp-block-image size-large\"><img loading=\"lazy\" decoding=\"async\" width=\"1024\" height=\"768\" src=\"https:\/\/www.canariasviaja.com\/viajaresvivir\/wp-content\/uploads\/2019\/11\/Postales-desde-Mallorca-Ensaimadas-1.jpg\" alt=\"\" class=\"wp-image-1461\" srcset=\"https:\/\/www.canariasviaja.com\/viajaresvivir\/wp-content\/uploads\/2019\/11\/Postales-desde-Mallorca-Ensaimadas-1.jpg 1024w, https:\/\/www.canariasviaja.com\/viajaresvivir\/wp-content\/uploads\/2019\/11\/Postales-desde-Mallorca-Ensaimadas-1-300x225.jpg 300w, https:\/\/www.canariasviaja.com\/viajaresvivir\/wp-content\/uploads\/2019\/11\/Postales-desde-Mallorca-Ensaimadas-1-768x576.jpg 768w, https:\/\/www.canariasviaja.com\/viajaresvivir\/wp-content\/uploads\/2019\/11\/Postales-desde-Mallorca-Ensaimadas-1-800x600.jpg 800w\" sizes=\"(max-width: 1024px) 100vw, 1024px\" \/><figcaption>Ensaimadas, el perfecto recuerdo de Mallorca<\/figcaption><\/figure>\n\n\n\n<p>Tras las compras y el paseo por Palma, nos dirigimos al\naeropuerto a entregar el coche de alquiler y a tomar el avi\u00f3n. Hora de salida\n17.20 h. Buena hora para poder aprovechar el d\u00eda en Mallorca y no llegar\ndemasiado tarde a Tenerife (19.50 h).<\/p>\n\n\n\n<p>Me quedan cosas por contar, pero es que en un post no cabe todo. Espero que les haya gustado y que disfruten tanto como nosotros la <strong>escapada<\/strong> a la mayor de las Islas Baleares.<\/p>\n","protected":false},"excerpt":{"rendered":"<p>M\u00f3nica y David comparten su viaje a Mallorca. Acomp\u00e1\u00f1anos a descubrirlo.<\/p>\n","protected":false},"author":6,"featured_media":1458,"comment_status":"open","ping_status":"open","sticky":false,"template":"","format":"standard","meta":{"_acf_changed":false,"sfsi_plus_gutenberg_text_before_share":"","sfsi_plus_gutenberg_show_text_before_share":"","sfsi_plus_gutenberg_icon_type":"","sfsi_plus_gutenberg_icon_alignemt":"","sfsi_plus_gutenburg_max_per_row":"","footnotes":""},"categories":[146,10,103,100],"tags":[190,188,191,183,179,182,178,237,181,180,187,184,236,189,186,185],"class_list":["post-908","post","type-post","status-publish","format-standard","has-post-thumbnail","hentry","category-el-viaje-de","category-historias-viajeras","category-palma-de-mallorca","category-peninsulaybaleares","tag-binter","tag-cala-torta","tag-canarias-viaja","tag-catedral-de-palma","tag-ensaimadas","tag-fundacion-pilar-i-joan-miro","tag-mallorca","tag-mediterraneo","tag-palacio-marivent","tag-palma-de-mallorca","tag-parc-natural-salbufera","tag-pollenca","tag-residente-canario","tag-sa-forada","tag-sierra-de-tramuntana","tag-soller"],"acf":[],"yoast_head":"<!-- This site is optimized with the Yoast SEO plugin v24.1 - https:\/\/yoast.com\/wordpress\/plugins\/seo\/ -->\n<title>Mallorca: el viaje de M\u00f3nica y David - Viajar es vivir<\/title>\n<meta name=\"robots\" content=\"index, follow, max-snippet:-1, max-image-preview:large, max-video-preview:-1\" \/>\n<link rel=\"canonical\" href=\"https:\/\/www.canariasviaja.com\/viajaresvivir\/ruta-por-mallorca-monica-y-david\/\" \/>\n<meta property=\"og:locale\" content=\"es_ES\" \/>\n<meta property=\"og:type\" content=\"article\" \/>\n<meta property=\"og:title\" content=\"Mallorca: el viaje de M\u00f3nica y David - Viajar es vivir\" \/>\n<meta property=\"og:description\" content=\"M\u00f3nica y David comparten su viaje a Mallorca. Acomp\u00e1\u00f1anos a descubrirlo.\" \/>\n<meta property=\"og:url\" content=\"https:\/\/www.canariasviaja.com\/viajaresvivir\/ruta-por-mallorca-monica-y-david\/\" \/>\n<meta property=\"og:site_name\" content=\"Viajar es vivir\" \/>\n<meta property=\"article:published_time\" content=\"2019-12-05T08:00:00+00:00\" \/>\n<meta property=\"article:modified_time\" content=\"2021-03-02T10:42:06+00:00\" \/>\n<meta property=\"og:image\" content=\"https:\/\/www.canariasviaja.com\/viajaresvivir\/wp-content\/uploads\/2019\/11\/Postales-desde-Mallorca-chica-en-la-playa.jpg\" \/>\n\t<meta property=\"og:image:width\" content=\"1024\" \/>\n\t<meta property=\"og:image:height\" content=\"768\" \/>\n\t<meta property=\"og:image:type\" content=\"image\/jpeg\" \/>\n<meta name=\"author\" content=\"Monica Fuentes\" \/>\n<meta name=\"twitter:card\" content=\"summary_large_image\" \/>\n<meta name=\"twitter:label1\" content=\"Escrito por\" \/>\n\t<meta name=\"twitter:data1\" content=\"Monica Fuentes\" \/>\n\t<meta name=\"twitter:label2\" content=\"Tiempo de lectura\" \/>\n\t<meta name=\"twitter:data2\" content=\"7 minutos\" \/>\n<script type=\"application\/ld+json\" class=\"yoast-schema-graph\">{\"@context\":\"https:\/\/schema.org\",\"@graph\":[{\"@type\":\"WebPage\",\"@id\":\"https:\/\/www.canariasviaja.com\/viajaresvivir\/ruta-por-mallorca-monica-y-david\/\",\"url\":\"https:\/\/www.canariasviaja.com\/viajaresvivir\/ruta-por-mallorca-monica-y-david\/\",\"name\":\"Mallorca: el viaje de M\u00f3nica y David - Viajar es vivir\",\"isPartOf\":{\"@id\":\"https:\/\/www.canariasviaja.com\/viajaresvivir\/#website\"},\"primaryImageOfPage\":{\"@id\":\"https:\/\/www.canariasviaja.com\/viajaresvivir\/ruta-por-mallorca-monica-y-david\/#primaryimage\"},\"image\":{\"@id\":\"https:\/\/www.canariasviaja.com\/viajaresvivir\/ruta-por-mallorca-monica-y-david\/#primaryimage\"},\"thumbnailUrl\":\"https:\/\/www.canariasviaja.com\/viajaresvivir\/wp-content\/uploads\/2019\/11\/Postales-desde-Mallorca-chica-en-la-playa.jpg\",\"datePublished\":\"2019-12-05T08:00:00+00:00\",\"dateModified\":\"2021-03-02T10:42:06+00:00\",\"author\":{\"@id\":\"https:\/\/www.canariasviaja.com\/viajaresvivir\/#\/schema\/person\/f083213d4054d23775efd9769840fb24\"},\"breadcrumb\":{\"@id\":\"https:\/\/www.canariasviaja.com\/viajaresvivir\/ruta-por-mallorca-monica-y-david\/#breadcrumb\"},\"inLanguage\":\"es\",\"potentialAction\":[{\"@type\":\"ReadAction\",\"target\":[\"https:\/\/www.canariasviaja.com\/viajaresvivir\/ruta-por-mallorca-monica-y-david\/\"]}]},{\"@type\":\"ImageObject\",\"inLanguage\":\"es\",\"@id\":\"https:\/\/www.canariasviaja.com\/viajaresvivir\/ruta-por-mallorca-monica-y-david\/#primaryimage\",\"url\":\"https:\/\/www.canariasviaja.com\/viajaresvivir\/wp-content\/uploads\/2019\/11\/Postales-desde-Mallorca-chica-en-la-playa.jpg\",\"contentUrl\":\"https:\/\/www.canariasviaja.com\/viajaresvivir\/wp-content\/uploads\/2019\/11\/Postales-desde-Mallorca-chica-en-la-playa.jpg\",\"width\":1024,\"height\":768,\"caption\":\"Chica en Cala Torta, mallorca\"},{\"@type\":\"BreadcrumbList\",\"@id\":\"https:\/\/www.canariasviaja.com\/viajaresvivir\/ruta-por-mallorca-monica-y-david\/#breadcrumb\",\"itemListElement\":[{\"@type\":\"ListItem\",\"position\":1,\"name\":\"Portada\",\"item\":\"https:\/\/www.canariasviaja.com\/viajaresvivir\/\"},{\"@type\":\"ListItem\",\"position\":2,\"name\":\"Mallorca: el viaje de M\u00f3nica y David\"}]},{\"@type\":\"WebSite\",\"@id\":\"https:\/\/www.canariasviaja.com\/viajaresvivir\/#website\",\"url\":\"https:\/\/www.canariasviaja.com\/viajaresvivir\/\",\"name\":\"Viajar es vivir\",\"description\":\"El blog de viajes y estilo de vida de CanariasViaja\",\"potentialAction\":[{\"@type\":\"SearchAction\",\"target\":{\"@type\":\"EntryPoint\",\"urlTemplate\":\"https:\/\/www.canariasviaja.com\/viajaresvivir\/?s={search_term_string}\"},\"query-input\":{\"@type\":\"PropertyValueSpecification\",\"valueRequired\":true,\"valueName\":\"search_term_string\"}}],\"inLanguage\":\"es\"},{\"@type\":\"Person\",\"@id\":\"https:\/\/www.canariasviaja.com\/viajaresvivir\/#\/schema\/person\/f083213d4054d23775efd9769840fb24\",\"name\":\"Monica Fuentes\",\"image\":{\"@type\":\"ImageObject\",\"inLanguage\":\"es\",\"@id\":\"https:\/\/www.canariasviaja.com\/viajaresvivir\/#\/schema\/person\/image\/\",\"url\":\"https:\/\/secure.gravatar.com\/avatar\/ed479afe9946a0e0f64f1f57e12b4293?s=96&d=mm&r=g\",\"contentUrl\":\"https:\/\/secure.gravatar.com\/avatar\/ed479afe9946a0e0f64f1f57e12b4293?s=96&d=mm&r=g\",\"caption\":\"Monica Fuentes\"},\"description\":\"M\u00f3nica trabaja en el mundo del Turismo y le apasiona viajar y compartir con otros sus pesquizas.\",\"url\":\"https:\/\/www.canariasviaja.com\/viajaresvivir\/author\/monica-fuentes\/\"}]}<\/script>\n<!-- \/ Yoast SEO plugin. -->","yoast_head_json":{"title":"Mallorca: el viaje de M\u00f3nica y David - Viajar es vivir","robots":{"index":"index","follow":"follow","max-snippet":"max-snippet:-1","max-image-preview":"max-image-preview:large","max-video-preview":"max-video-preview:-1"},"canonical":"https:\/\/www.canariasviaja.com\/viajaresvivir\/ruta-por-mallorca-monica-y-david\/","og_locale":"es_ES","og_type":"article","og_title":"Mallorca: el viaje de M\u00f3nica y David - Viajar es vivir","og_description":"M\u00f3nica y David comparten su viaje a Mallorca. Acomp\u00e1\u00f1anos a descubrirlo.","og_url":"https:\/\/www.canariasviaja.com\/viajaresvivir\/ruta-por-mallorca-monica-y-david\/","og_site_name":"Viajar es vivir","article_published_time":"2019-12-05T08:00:00+00:00","article_modified_time":"2021-03-02T10:42:06+00:00","og_image":[{"width":1024,"height":768,"url":"https:\/\/www.canariasviaja.com\/viajaresvivir\/wp-content\/uploads\/2019\/11\/Postales-desde-Mallorca-chica-en-la-playa.jpg","type":"image\/jpeg"}],"author":"Monica Fuentes","twitter_card":"summary_large_image","twitter_misc":{"Escrito por":"Monica Fuentes","Tiempo de lectura":"7 minutos"},"schema":{"@context":"https:\/\/schema.org","@graph":[{"@type":"WebPage","@id":"https:\/\/www.canariasviaja.com\/viajaresvivir\/ruta-por-mallorca-monica-y-david\/","url":"https:\/\/www.canariasviaja.com\/viajaresvivir\/ruta-por-mallorca-monica-y-david\/","name":"Mallorca: el viaje de M\u00f3nica y David - Viajar es vivir","isPartOf":{"@id":"https:\/\/www.canariasviaja.com\/viajaresvivir\/#website"},"primaryImageOfPage":{"@id":"https:\/\/www.canariasviaja.com\/viajaresvivir\/ruta-por-mallorca-monica-y-david\/#primaryimage"},"image":{"@id":"https:\/\/www.canariasviaja.com\/viajaresvivir\/ruta-por-mallorca-monica-y-david\/#primaryimage"},"thumbnailUrl":"https:\/\/www.canariasviaja.com\/viajaresvivir\/wp-content\/uploads\/2019\/11\/Postales-desde-Mallorca-chica-en-la-playa.jpg","datePublished":"2019-12-05T08:00:00+00:00","dateModified":"2021-03-02T10:42:06+00:00","author":{"@id":"https:\/\/www.canariasviaja.com\/viajaresvivir\/#\/schema\/person\/f083213d4054d23775efd9769840fb24"},"breadcrumb":{"@id":"https:\/\/www.canariasviaja.com\/viajaresvivir\/ruta-por-mallorca-monica-y-david\/#breadcrumb"},"inLanguage":"es","potentialAction":[{"@type":"ReadAction","target":["https:\/\/www.canariasviaja.com\/viajaresvivir\/ruta-por-mallorca-monica-y-david\/"]}]},{"@type":"ImageObject","inLanguage":"es","@id":"https:\/\/www.canariasviaja.com\/viajaresvivir\/ruta-por-mallorca-monica-y-david\/#primaryimage","url":"https:\/\/www.canariasviaja.com\/viajaresvivir\/wp-content\/uploads\/2019\/11\/Postales-desde-Mallorca-chica-en-la-playa.jpg","contentUrl":"https:\/\/www.canariasviaja.com\/viajaresvivir\/wp-content\/uploads\/2019\/11\/Postales-desde-Mallorca-chica-en-la-playa.jpg","width":1024,"height":768,"caption":"Chica en Cala Torta, mallorca"},{"@type":"BreadcrumbList","@id":"https:\/\/www.canariasviaja.com\/viajaresvivir\/ruta-por-mallorca-monica-y-david\/#breadcrumb","itemListElement":[{"@type":"ListItem","position":1,"name":"Portada","item":"https:\/\/www.canariasviaja.com\/viajaresvivir\/"},{"@type":"ListItem","position":2,"name":"Mallorca: el viaje de M\u00f3nica y David"}]},{"@type":"WebSite","@id":"https:\/\/www.canariasviaja.com\/viajaresvivir\/#website","url":"https:\/\/www.canariasviaja.com\/viajaresvivir\/","name":"Viajar es vivir","description":"El blog de viajes y estilo de vida de CanariasViaja","potentialAction":[{"@type":"SearchAction","target":{"@type":"EntryPoint","urlTemplate":"https:\/\/www.canariasviaja.com\/viajaresvivir\/?s={search_term_string}"},"query-input":{"@type":"PropertyValueSpecification","valueRequired":true,"valueName":"search_term_string"}}],"inLanguage":"es"},{"@type":"Person","@id":"https:\/\/www.canariasviaja.com\/viajaresvivir\/#\/schema\/person\/f083213d4054d23775efd9769840fb24","name":"Monica Fuentes","image":{"@type":"ImageObject","inLanguage":"es","@id":"https:\/\/www.canariasviaja.com\/viajaresvivir\/#\/schema\/person\/image\/","url":"https:\/\/secure.gravatar.com\/avatar\/ed479afe9946a0e0f64f1f57e12b4293?s=96&d=mm&r=g","contentUrl":"https:\/\/secure.gravatar.com\/avatar\/ed479afe9946a0e0f64f1f57e12b4293?s=96&d=mm&r=g","caption":"Monica Fuentes"},"description":"M\u00f3nica trabaja en el mundo del Turismo y le apasiona viajar y compartir con otros sus pesquizas.","url":"https:\/\/www.canariasviaja.com\/viajaresvivir\/author\/monica-fuentes\/"}]}},"_links":{"self":[{"href":"https:\/\/www.canariasviaja.com\/viajaresvivir\/wp-json\/wp\/v2\/posts\/908"}],"collection":[{"href":"https:\/\/www.canariasviaja.com\/viajaresvivir\/wp-json\/wp\/v2\/posts"}],"about":[{"href":"https:\/\/www.canariasviaja.com\/viajaresvivir\/wp-json\/wp\/v2\/types\/post"}],"author":[{"embeddable":true,"href":"https:\/\/www.canariasviaja.com\/viajaresvivir\/wp-json\/wp\/v2\/users\/6"}],"replies":[{"embeddable":true,"href":"https:\/\/www.canariasviaja.com\/viajaresvivir\/wp-json\/wp\/v2\/comments?post=908"}],"version-history":[{"count":9,"href":"https:\/\/www.canariasviaja.com\/viajaresvivir\/wp-json\/wp\/v2\/posts\/908\/revisions"}],"predecessor-version":[{"id":6503,"href":"https:\/\/www.canariasviaja.com\/viajaresvivir\/wp-json\/wp\/v2\/posts\/908\/revisions\/6503"}],"wp:featuredmedia":[{"embeddable":true,"href":"https:\/\/www.canariasviaja.com\/viajaresvivir\/wp-json\/wp\/v2\/media\/1458"}],"wp:attachment":[{"href":"https:\/\/www.canariasviaja.com\/viajaresvivir\/wp-json\/wp\/v2\/media?parent=908"}],"wp:term":[{"taxonomy":"category","embeddable":true,"href":"https:\/\/www.canariasviaja.com\/viajaresvivir\/wp-json\/wp\/v2\/categories?post=908"},{"taxonomy":"post_tag","embeddable":true,"href":"https:\/\/www.canariasviaja.com\/viajaresvivir\/wp-json\/wp\/v2\/tags?post=908"}],"curies":[{"name":"wp","href":"https:\/\/api.w.org\/{rel}","templated":true}]}}