{"id":9202,"date":"2022-08-05T11:16:48","date_gmt":"2022-08-05T11:16:48","guid":{"rendered":"https:\/\/www.canariasviaja.com\/viajaresvivir\/?p=9202"},"modified":"2022-08-05T12:06:51","modified_gmt":"2022-08-05T12:06:51","slug":"aprovechando-que-el-pisuerga-pasa-por-valladolid","status":"publish","type":"post","link":"https:\/\/www.canariasviaja.com\/viajaresvivir\/aprovechando-que-el-pisuerga-pasa-por-valladolid\/","title":{"rendered":"Aprovechando que el Pisuerga pasa por Valladolid&#8230;"},"content":{"rendered":"\n<p><strong>Aprovechando que el Pisuerga pasa por Valladolid..<\/strong>. te invitamos a descubrir todo lo que puedes hacer en la capital de Castilla-Le\u00f3n durante estos<strong> meses de verano<\/strong>.<\/p>\n\n\n\n<figure class=\"wp-block-image size-full\"><img loading=\"lazy\" decoding=\"async\" width=\"1024\" height=\"683\" src=\"http:\/\/www.canariasviaja.com\/viajaresvivir\/wp-content\/uploads\/2022\/08\/Valladolid-30.jpg\" alt=\"\" class=\"wp-image-9209\" srcset=\"https:\/\/www.canariasviaja.com\/viajaresvivir\/wp-content\/uploads\/2022\/08\/Valladolid-30.jpg 1024w, https:\/\/www.canariasviaja.com\/viajaresvivir\/wp-content\/uploads\/2022\/08\/Valladolid-30-300x200.jpg 300w, https:\/\/www.canariasviaja.com\/viajaresvivir\/wp-content\/uploads\/2022\/08\/Valladolid-30-768x512.jpg 768w\" sizes=\"(max-width: 1024px) 100vw, 1024px\" \/><figcaption>Playa de Moreras. Foto: Patri C\u00e1mpora<\/figcaption><\/figure>\n\n\n\n<div style=\"height:100px\" aria-hidden=\"true\" class=\"wp-block-spacer\"><\/div>\n\n\n\n<h3 class=\"wp-block-heading\">El Pisuerga pasa por Valladolid\u2026<\/h3>\n\n\n\n<p>El <strong>R\u00edo Pisuerga<\/strong> es el r\u00edo m\u00e1s caudaloso que atraviesa la <strong>ciudad de Valladolid<\/strong>, pero no el \u00fanico. El r\u00edo <strong>Esgueva<\/strong>, canalizado en gran parte de su recorrido bajo la ciudad de Valladolid,  y el <strong>r\u00edo Duero<\/strong>, que  transcurre por el barrio de Puente Duero, a 13 kil\u00f3metros del centro, son los otros dos r\u00edos pucelanos.<\/p>\n\n\n\n<h4 class=\"wp-block-heading\">La playa de Moreras<\/h4>\n\n\n\n<p>El R\u00edo Pisuerga, sus orillas y alrededores son un buen lugar para refrescarse en los meses estivales. La <strong>Playa de Morera<\/strong>s est\u00e1 situada entre el<strong> Puente Mayor<\/strong>, el m\u00e1s antiguo de la ciudad, y <strong>La Rosaleda.<\/strong> Creada en 1952 es la <strong>playa fluvial<\/strong> de Valladolid, y se convierte, durante los meses de verano, en punto de encuentro de j\u00f3venes y familias que quieren pasar un d\u00eda de relax sin salir de la ciudad. La playa cuenta con zona de ba\u00f1os, vestuarios, duchas, canchas de beach volley y un agradable chiringuito para disfrutar del ambiente playero en pleno Valladolid.<\/p>\n\n\n\n<figure class=\"wp-block-image size-full\"><img loading=\"lazy\" decoding=\"async\" width=\"1024\" height=\"683\" src=\"http:\/\/www.canariasviaja.com\/viajaresvivir\/wp-content\/uploads\/2022\/08\/Valladolid-27.jpg\" alt=\"Playa de las Moreras\" class=\"wp-image-9206\" srcset=\"https:\/\/www.canariasviaja.com\/viajaresvivir\/wp-content\/uploads\/2022\/08\/Valladolid-27.jpg 1024w, https:\/\/www.canariasviaja.com\/viajaresvivir\/wp-content\/uploads\/2022\/08\/Valladolid-27-300x200.jpg 300w, https:\/\/www.canariasviaja.com\/viajaresvivir\/wp-content\/uploads\/2022\/08\/Valladolid-27-768x512.jpg 768w\" sizes=\"(max-width: 1024px) 100vw, 1024px\" \/><figcaption>Playa de Moreras. Foto: Patri C\u00e1mpora<\/figcaption><\/figure>\n\n\n\n<h4 class=\"wp-block-heading\">Paseos por la orilla del r\u00edo <\/h4>\n\n\n\n<p>Otra de las maneras de disfrutar del r\u00edo es pasear por ribera, recorriendo sus parques y jardines, atravesando puentes y bajando hasta la orilla para relajarse en alguno de los embarcaderos que hay repartidos a lo largo de su recorrido.<\/p>\n\n\n\n<figure class=\"wp-block-image size-full\"><img loading=\"lazy\" decoding=\"async\" width=\"1024\" height=\"683\" src=\"http:\/\/www.canariasviaja.com\/viajaresvivir\/wp-content\/uploads\/2022\/08\/Valladolid-32.jpg\" alt=\"Pisuerga Valladolid\" class=\"wp-image-9211\" srcset=\"https:\/\/www.canariasviaja.com\/viajaresvivir\/wp-content\/uploads\/2022\/08\/Valladolid-32.jpg 1024w, https:\/\/www.canariasviaja.com\/viajaresvivir\/wp-content\/uploads\/2022\/08\/Valladolid-32-300x200.jpg 300w, https:\/\/www.canariasviaja.com\/viajaresvivir\/wp-content\/uploads\/2022\/08\/Valladolid-32-768x512.jpg 768w\" sizes=\"(max-width: 1024px) 100vw, 1024px\" \/><figcaption>A orillas del Pisuerga. Foto: Patri C\u00e1mpora<\/figcaption><\/figure>\n\n\n\n<h4 class=\"wp-block-heading\">Traves\u00eda en La Leyenda del Pisuerga<\/h4>\n\n\n\n<p>Junto a la Playa de Moreras encontraremos un embarcadero en el que se encuentra atracado <strong>La Leyenda del Pisuerga<\/strong>, un barco de vapor de dos pisos de altura, al estilo a los navegaban por el R\u00edo Missispi, en el que podemos recorrer el Pisuerga  en una agradable traves\u00eda de 90 minutos que nos llevar\u00e1 desde la Playa de las Moreras hasta el puente de la Hispanidad, descubriendo las historias y la biodiversidad que se esconde en las orillas del r\u00edo.<\/p>\n\n\n\n<figure class=\"wp-block-image size-full\"><img loading=\"lazy\" decoding=\"async\" width=\"1024\" height=\"683\" src=\"http:\/\/www.canariasviaja.com\/viajaresvivir\/wp-content\/uploads\/2022\/08\/Valladolid-29.jpg\" alt=\"\" class=\"wp-image-9208\" srcset=\"https:\/\/www.canariasviaja.com\/viajaresvivir\/wp-content\/uploads\/2022\/08\/Valladolid-29.jpg 1024w, https:\/\/www.canariasviaja.com\/viajaresvivir\/wp-content\/uploads\/2022\/08\/Valladolid-29-300x200.jpg 300w, https:\/\/www.canariasviaja.com\/viajaresvivir\/wp-content\/uploads\/2022\/08\/Valladolid-29-768x512.jpg 768w\" sizes=\"(max-width: 1024px) 100vw, 1024px\" \/><\/figure>\n\n\n\n<figure class=\"wp-block-gallery has-nested-images columns-default is-cropped wp-block-gallery-1 is-layout-flex wp-block-gallery-is-layout-flex\">\n<figure class=\"wp-block-image size-large\"><img loading=\"lazy\" decoding=\"async\" width=\"1024\" height=\"683\" data-id=\"9219\" src=\"http:\/\/www.canariasviaja.com\/viajaresvivir\/wp-content\/uploads\/2022\/08\/Valladolid-40.jpg\" alt=\"\" class=\"wp-image-9219\" srcset=\"https:\/\/www.canariasviaja.com\/viajaresvivir\/wp-content\/uploads\/2022\/08\/Valladolid-40.jpg 1024w, https:\/\/www.canariasviaja.com\/viajaresvivir\/wp-content\/uploads\/2022\/08\/Valladolid-40-300x200.jpg 300w, https:\/\/www.canariasviaja.com\/viajaresvivir\/wp-content\/uploads\/2022\/08\/Valladolid-40-768x512.jpg 768w\" sizes=\"(max-width: 1024px) 100vw, 1024px\" \/><\/figure>\n\n\n\n<figure class=\"wp-block-image size-large\"><img loading=\"lazy\" decoding=\"async\" width=\"1024\" height=\"683\" data-id=\"9218\" src=\"http:\/\/www.canariasviaja.com\/viajaresvivir\/wp-content\/uploads\/2022\/08\/Valladolid-39.jpg\" alt=\"\" class=\"wp-image-9218\" srcset=\"https:\/\/www.canariasviaja.com\/viajaresvivir\/wp-content\/uploads\/2022\/08\/Valladolid-39.jpg 1024w, https:\/\/www.canariasviaja.com\/viajaresvivir\/wp-content\/uploads\/2022\/08\/Valladolid-39-300x200.jpg 300w, https:\/\/www.canariasviaja.com\/viajaresvivir\/wp-content\/uploads\/2022\/08\/Valladolid-39-768x512.jpg 768w\" sizes=\"(max-width: 1024px) 100vw, 1024px\" \/><\/figure>\n\n\n\n<figure class=\"wp-block-image size-large\"><img loading=\"lazy\" decoding=\"async\" width=\"1024\" height=\"683\" data-id=\"9214\" src=\"http:\/\/www.canariasviaja.com\/viajaresvivir\/wp-content\/uploads\/2022\/08\/Valladolid-35.jpg\" alt=\"\" class=\"wp-image-9214\" srcset=\"https:\/\/www.canariasviaja.com\/viajaresvivir\/wp-content\/uploads\/2022\/08\/Valladolid-35.jpg 1024w, https:\/\/www.canariasviaja.com\/viajaresvivir\/wp-content\/uploads\/2022\/08\/Valladolid-35-300x200.jpg 300w, https:\/\/www.canariasviaja.com\/viajaresvivir\/wp-content\/uploads\/2022\/08\/Valladolid-35-768x512.jpg 768w\" sizes=\"(max-width: 1024px) 100vw, 1024px\" \/><\/figure>\n\n\n\n<figure class=\"wp-block-image size-large\"><img loading=\"lazy\" decoding=\"async\" width=\"1024\" height=\"683\" data-id=\"9216\" src=\"http:\/\/www.canariasviaja.com\/viajaresvivir\/wp-content\/uploads\/2022\/08\/Valladolid-37.jpg\" alt=\"La Leyenda del Pisuerga Valladolid\" class=\"wp-image-9216\" srcset=\"https:\/\/www.canariasviaja.com\/viajaresvivir\/wp-content\/uploads\/2022\/08\/Valladolid-37.jpg 1024w, https:\/\/www.canariasviaja.com\/viajaresvivir\/wp-content\/uploads\/2022\/08\/Valladolid-37-300x200.jpg 300w, https:\/\/www.canariasviaja.com\/viajaresvivir\/wp-content\/uploads\/2022\/08\/Valladolid-37-768x512.jpg 768w\" sizes=\"(max-width: 1024px) 100vw, 1024px\" \/><figcaption>R\u00edo Pisuerga. Fotos: Patri C\u00e1mpora<\/figcaption><\/figure>\n<\/figure>\n\n\n\n<h4 class=\"wp-block-heading\">Rutas teatralizadas<\/h4>\n\n\n\n<p>El Ayuntamiento de Valladolid, a trav\u00e9s de la Sociedad Mixta para la Promoci\u00f3n del Turismo de Valladolid, propone dos planes muy divertidos para descubrir el Pisuerga y su historia a trav\u00e9s de dos <strong>rutas teatralizadas.<\/strong><\/p>\n\n\n\n<p>La ruta \u00ab<strong>Aprovechando que el Pisuerga&#8230;<\/strong>\u00bb nos cuenta la historia del r\u00edo y de los oficios que se ejerc\u00edan en su ribera a trav\u00e9s de varios personajes hist\u00f3ricos. La segunda, <strong>\u00ab\u00c9rase una vez el Pisuerga\u00bb<\/strong>,  es un plan para realizar en familia, en el que a trav\u00e9s de juegos y pruebas se realizar\u00e1 un recorrido en el que descubrir la historia y los secretos del Pisuerga. Puedes informarte y reservarlas <strong><a href=\"http:\/\/www.info.valladolid.es\/\">aqu\u00ed<\/a> <\/strong>y en las Oficina de Turismo.<\/p>\n\n\n\n<p><\/p>\n\n\n\n<div style=\"height:100px\" aria-hidden=\"true\" class=\"wp-block-spacer\"><\/div>\n\n\n\n<h3 class=\"wp-block-heading\">Planes al fresco<\/h3>\n\n\n\n<p>Recorrer <strong>palacios,<\/strong> <strong>museos y exposiciones <\/strong>puede ser una amena y enriquecedora  manera de huir del calor y de descubrir la riqueza cultural que atesora<a href=\"https:\/\/www.canariasviaja.com\/viajaresvivir\/recorrido-por-valladolid\/\"> Valladolid.<\/a><\/p>\n\n\n\n<p><\/p>\n\n\n\n<h4 class=\"wp-block-heading\">Patios renacentistas<\/h4>\n\n\n\n<figure class=\"wp-block-image size-full\"><img loading=\"lazy\" decoding=\"async\" width=\"1500\" height=\"1000\" src=\"http:\/\/www.canariasviaja.com\/viajaresvivir\/wp-content\/uploads\/2022\/08\/Patio-Palacio-Real.jpg\" alt=\"Patri Palacio Real Valladolid\" class=\"wp-image-9247\" srcset=\"https:\/\/www.canariasviaja.com\/viajaresvivir\/wp-content\/uploads\/2022\/08\/Patio-Palacio-Real.jpg 1500w, https:\/\/www.canariasviaja.com\/viajaresvivir\/wp-content\/uploads\/2022\/08\/Patio-Palacio-Real-300x200.jpg 300w, https:\/\/www.canariasviaja.com\/viajaresvivir\/wp-content\/uploads\/2022\/08\/Patio-Palacio-Real-768x512.jpg 768w, https:\/\/www.canariasviaja.com\/viajaresvivir\/wp-content\/uploads\/2022\/08\/Patio-Palacio-Real-1200x800.jpg 1200w\" sizes=\"(max-width: 1500px) 100vw, 1500px\" \/><figcaption>Patio del Palacio Real de Valladolid. Foto: Patri C\u00e1mpora<\/figcaption><\/figure>\n\n\n\n<p>Valladolid lleg\u00f3 a ser de 1601 al 1606, capital del reino de Espa\u00f1a. Durante estos a\u00f1os la ciudad acogi\u00f3 a la corte de Fellipe III y se llen\u00f3 de palacios y conventos de gran belleza que segu\u00edan el estilo renacentista italiano. Podemos recorrer los patios de los palacios que a\u00fan se conservan para imaginarnos el esplendor de aquella \u00e9poca.<\/p>\n\n\n\n<p>Te animamos a que te unas a una <strong><a href=\"https:\/\/bit.ly\/3zrTAk0\">visita guiada<\/a> por los patios renacentistas de Valladolid<\/strong> que te descubrir\u00e1n los hermosos recintos que ocultan edificios como el Palacio Real, el Colegio de San Gregorio, el Palacio de Villena, el Palacio de Fabio Nello, el mayor exponente del clasicismo renacentista vallisoletano o el patio del antiguo Monasterio de San Benito El Real.<\/p>\n\n\n\n<h4 class=\"wp-block-heading\">Museo Nacional de Escultura<\/h4>\n\n\n\n<p>Valladolid cuenta con interesantes museos, como el <strong><a href=\"https:\/\/www.culturaydeporte.gob.es\/mnescultura\/exposiciones.htm\">Museo Nacional de Escultura<\/a> <\/strong>(El \u00abPrado\u00bb de esta disciplina art\u00edstica) en el que podemos pasar un d\u00eda completo descubriendo su importante colecci\u00f3n de esculturas policromadas o su bel\u00e9n napolitano, compuesto por m\u00e1s de 600 piezas. El museo est\u00e1 repartido en tres sedes repartidas a lo largo de la calle peatonal Cadenas de San Gregorio. El edificio principal, situado en el <strong>Colegio de San Gregorio, el Palacio de Villena y Casa del Sol.<\/strong><\/p>\n\n\n\n<figure class=\"wp-block-image size-full\"><img loading=\"lazy\" decoding=\"async\" width=\"1024\" height=\"683\" src=\"http:\/\/www.canariasviaja.com\/viajaresvivir\/wp-content\/uploads\/2022\/08\/Valladolid-18.jpg\" alt=\"Museo Nacional de Escultura\" class=\"wp-image-9163\" srcset=\"https:\/\/www.canariasviaja.com\/viajaresvivir\/wp-content\/uploads\/2022\/08\/Valladolid-18.jpg 1024w, https:\/\/www.canariasviaja.com\/viajaresvivir\/wp-content\/uploads\/2022\/08\/Valladolid-18-300x200.jpg 300w, https:\/\/www.canariasviaja.com\/viajaresvivir\/wp-content\/uploads\/2022\/08\/Valladolid-18-768x512.jpg 768w\" sizes=\"(max-width: 1024px) 100vw, 1024px\" \/><figcaption>Patio Colegio de San Gregorio. Foto: Patri C\u00e1mpora<\/figcaption><\/figure>\n\n\n\n<h4 class=\"wp-block-heading\">Museo de la Ciencia<\/h4>\n\n\n\n<p>El<strong> <a href=\"https:\/\/www.museocienciavalladolid.es\/\" target=\"_blank\" rel=\"noreferrer noopener nofollow\">Museo de la Ciencia de Valladolid<\/a>,<\/strong> situado al otro lado del r\u00edo en un moderno complejo arquitect\u00f3nico, est\u00e1 ubicado en el solar que ocupaba una antigua f\u00e1brica de harinas, de la que se conserva su fachada. <\/p>\n\n\n\n<figure class=\"wp-block-image size-full\"><img loading=\"lazy\" decoding=\"async\" width=\"1024\" height=\"683\" src=\"http:\/\/www.canariasviaja.com\/viajaresvivir\/wp-content\/uploads\/2022\/08\/Valladolid-38.jpg\" alt=\"\" class=\"wp-image-9217\" srcset=\"https:\/\/www.canariasviaja.com\/viajaresvivir\/wp-content\/uploads\/2022\/08\/Valladolid-38.jpg 1024w, https:\/\/www.canariasviaja.com\/viajaresvivir\/wp-content\/uploads\/2022\/08\/Valladolid-38-300x200.jpg 300w, https:\/\/www.canariasviaja.com\/viajaresvivir\/wp-content\/uploads\/2022\/08\/Valladolid-38-768x512.jpg 768w\" sizes=\"(max-width: 1024px) 100vw, 1024px\" \/><figcaption>Pasarela Museo de la Ciencia de Valladolid. Foto: Patri C\u00e1mpora<\/figcaption><\/figure>\n\n\n\n<p>Podemos encontrar exposiciones permanentes y temporales en las que se divulgan diferentes \u00e1mbitos de la ciencia como &nbsp;<strong>energ\u00eda, el agua, los elementos qu\u00edmicos, las neuronas o los ecosistemas fluviales<\/strong>. Tambi\u00e9n podremos visitar una estaci\u00f3n meteorol\u00f3gica y observar los pedazos de un meteorito ca\u00eddo en la zona.<\/p>\n\n\n\n<p>El planetario del Museo de la Ciencia de Valladolid es uno de los m\u00e1s innovadores del mundo. Un plan que encantar\u00e1 a los m\u00e1s peque\u00f1os de la casa.<\/p>\n\n\n\n<p>Hasta el 11 de septiembre se puede visitar la exposici\u00f3n temporal <strong>\u00abMarte. La conquista de un sue\u00f1o\u00bb<\/strong>. Una exposici\u00f3n coproducida por Fundaci\u00f3n Telef\u00f3nica y la Ciutat de les Arts i les Ci\u00e8ncies de Valencia, que pretende dar una visi\u00f3n del planeta desde diferentes perspectivas, tanto desde el punto de vista cient\u00edfico como cultural e hist\u00f3rico.<\/p>\n\n\n\n<p>Hasta noviembre se puede disfrutar la exposici\u00f3n <strong>\u00ab\u00a1Cuidado! Invasoras acu\u00e1ticas\u00bb<\/strong>. Una exposici\u00f3n producida por el Museo Nacional de Ciencias Naturales (MNCN- CSIC), enmarcada en el proyecto europeo LIFE INVASAQUA (17\/GIE\/ES\/00015), que tiene como objetivo concienciar sobre la necesidad de frenar la introducci\u00f3n y expansi\u00f3n de estas especies, tanto animales como vegetales.<\/p>\n\n\n\n<p><\/p>\n\n\n\n<h4 class=\"wp-block-heading\"><strong>Museo Patio Herreriano<\/strong><\/h4>\n\n\n\n<figure class=\"wp-block-image size-full\"><img loading=\"lazy\" decoding=\"async\" width=\"1024\" height=\"683\" src=\"http:\/\/www.canariasviaja.com\/viajaresvivir\/wp-content\/uploads\/2022\/05\/Valladolid-10.jpg\" alt=\"\" class=\"wp-image-9152\" srcset=\"https:\/\/www.canariasviaja.com\/viajaresvivir\/wp-content\/uploads\/2022\/05\/Valladolid-10.jpg 1024w, https:\/\/www.canariasviaja.com\/viajaresvivir\/wp-content\/uploads\/2022\/05\/Valladolid-10-300x200.jpg 300w, https:\/\/www.canariasviaja.com\/viajaresvivir\/wp-content\/uploads\/2022\/05\/Valladolid-10-768x512.jpg 768w\" sizes=\"(max-width: 1024px) 100vw, 1024px\" \/><figcaption>Patio Herreriano. Foto: Patri C\u00e1mpora<\/figcaption><\/figure>\n\n\n\n<p>El Museo de Arte Contempor\u00e1neo Espa\u00f1ol,<a href=\"https:\/\/museoph.org\/\" target=\"_blank\" rel=\"noreferrer noopener nofollow\"> <strong>Patio Herreriano<\/strong><\/a>, es un gran lugar para escapar del calor mientras descubres su interesante colecci\u00f3n permanente de arte contempor\u00e1neo nacional y las exposiciones temporales que enriquecen su oferta. Este a\u00f1o Patio Herreriano se ha convertido tambi\u00e9n en una de las sedes del festival de fotograf\u00eda  <strong>PhotoEspa\u00f1a 2022<\/strong>, que estrena subsede en la ciudad del Pisuerga. La exposici\u00f3n <strong>Derivaciones: fotograf\u00eda en Espa\u00f1a entre los 50 y los 80<\/strong>, ofrece un interesant\u00edsimo repaso a la obra de los mejores fot\u00f3grafos de estas d\u00e9cadas.<\/p>\n\n\n\n<p>Hasta el 11 de septiembre se podr\u00e1 visitar la exposici\u00f3n <strong>\u00abUna cuesti\u00f3n de tiempo\u00bb<\/strong> del arquitecto Juan Carlos Arnuncio, en la que se recorre la historia de este lugar desde su fundaci\u00f3n como monasterio benedictino, hasta su uso actual como museo. El arquitecto nos lleva en un interesante viaje por toda la historia de este lugar, que es la de la ciudad de Valladolid. <\/p>\n\n\n\n<h4 class=\"wp-block-heading\">PhotoEspa\u00f1a2022<\/h4>\n\n\n\n<p>Valladolid se estrena como <strong>ciudad PhotoEspa\u00f1a<\/strong> (junto a Alcal\u00e1 de Henares, Cuenca, Zaragoza y Santander) en la vig\u00e9simo quinta edici\u00f3n de este prestigioso festival de fotograf\u00eda.<\/p>\n\n\n\n<figure class=\"wp-block-image size-full\"><img loading=\"lazy\" decoding=\"async\" width=\"1024\" height=\"683\" src=\"http:\/\/www.canariasviaja.com\/viajaresvivir\/wp-content\/uploads\/2022\/08\/Valladolid-24.jpg\" alt=\"PhotoEspa\u00f1a Pisuerga Valladolid\" class=\"wp-image-9203\" srcset=\"https:\/\/www.canariasviaja.com\/viajaresvivir\/wp-content\/uploads\/2022\/08\/Valladolid-24.jpg 1024w, https:\/\/www.canariasviaja.com\/viajaresvivir\/wp-content\/uploads\/2022\/08\/Valladolid-24-300x200.jpg 300w, https:\/\/www.canariasviaja.com\/viajaresvivir\/wp-content\/uploads\/2022\/08\/Valladolid-24-768x512.jpg 768w\" sizes=\"(max-width: 1024px) 100vw, 1024px\" \/><figcaption>Exposici\u00f3n \u00abLalibela\u00bb de Cristina Garc\u00eda Rodero PhotoEspa\u00f1a 2022. Foto: Patri C\u00e1mpora<\/figcaption><\/figure>\n\n\n\n<p>Hasta el <strong>21 de agosto<\/strong> podremos disfrutar de  exposiciones del fot\u00f3grafo indio<strong> Raghu Rai <\/strong>(<em>Mother India,<\/em> en la Sala San Benito, Oficina de Turismo), la Premio Nacional de Fotograf\u00eda <strong>Cristina Garc\u00eda Rodero <\/strong>(<em>Lalibela<\/em>, cerca del cielo en Sala Municipal La Pasi\u00f3n ), la fot\u00f3grafa estadounidense <strong>Donna Ferrato <\/strong>( <em>Holy<\/em>, Sala de exposiciones de la Iglesia de las Francesas) y de <strong>Ana Amado <\/strong>(<em>Lideresas<\/em>, Campo Grande).<\/p>\n\n\n\n<p>La exposici\u00f3n <strong><a href=\"Derivaciones: fotograf\u00eda en Espa\u00f1a entre los 50 y los 80\">Derivaciones<\/a>,<\/strong> situada en el Patio Herreriano, permanecer\u00e1 hasta el 13 de noviembre de 2022.<\/p>\n\n\n\n<div class=\"wp-block-buttons is-layout-flex wp-block-buttons-is-layout-flex\">\n<div class=\"wp-block-button aligncenter\"><a class=\"wp-block-button__link\" href=\"https:\/\/bit.ly\/3zrTAk0\">Disfruta de Valladolid este verano<\/a><\/div>\n<\/div>\n\n\n\n<p><br><\/p>\n","protected":false},"excerpt":{"rendered":"<p>Aprovechando que el Pisuerga pasa por Valladolid&#8230; te mostramos todo lo que puedes hacer este verano en la ciudad pucelana.<\/p>\n","protected":false},"author":2,"featured_media":9216,"comment_status":"open","ping_status":"open","sticky":false,"template":"","format":"standard","meta":{"_acf_changed":false,"sfsi_plus_gutenberg_text_before_share":"","sfsi_plus_gutenberg_show_text_before_share":"","sfsi_plus_gutenberg_icon_type":"","sfsi_plus_gutenberg_icon_alignemt":"","sfsi_plus_gutenburg_max_per_row":"","footnotes":""},"categories":[574,124,123,10,100,873],"tags":[264,661,836,616,891,892,893],"class_list":["post-9202","post","type-post","status-publish","format-standard","has-post-thumbnail","hentry","category-consejos-viajeros","category-descubre","category-explora","category-historias-viajeras","category-peninsulaybaleares","category-valladolid","tag-cultura","tag-escapada-cultural","tag-exposicion","tag-museo","tag-photoespana","tag-rio-pisuerga","tag-valladolid"],"acf":[],"yoast_head":"<!-- This site is optimized with the Yoast SEO plugin v24.1 - https:\/\/yoast.com\/wordpress\/plugins\/seo\/ -->\n<title>Aprovechando que el Pisuerga pasa por Valladolid... - Viajar es vivir<\/title>\n<meta name=\"description\" content=\"Aprovechando que el Pisuerga pasa por Valladolid descubrimos los planes que podemos llevar a cabo este verano en la ciudad.\" \/>\n<meta name=\"robots\" content=\"index, follow, max-snippet:-1, max-image-preview:large, max-video-preview:-1\" \/>\n<link rel=\"canonical\" href=\"https:\/\/www.canariasviaja.com\/viajaresvivir\/aprovechando-que-el-pisuerga-pasa-por-valladolid\/\" \/>\n<meta property=\"og:locale\" content=\"es_ES\" \/>\n<meta property=\"og:type\" content=\"article\" \/>\n<meta property=\"og:title\" content=\"Aprovechando que el Pisuerga pasa por Valladolid... - Viajar es vivir\" \/>\n<meta property=\"og:description\" content=\"Aprovechando que el Pisuerga pasa por Valladolid descubrimos los planes que podemos llevar a cabo este verano en la ciudad.\" \/>\n<meta property=\"og:url\" content=\"https:\/\/www.canariasviaja.com\/viajaresvivir\/aprovechando-que-el-pisuerga-pasa-por-valladolid\/\" \/>\n<meta property=\"og:site_name\" content=\"Viajar es vivir\" \/>\n<meta property=\"article:published_time\" content=\"2022-08-05T11:16:48+00:00\" \/>\n<meta property=\"article:modified_time\" content=\"2022-08-05T12:06:51+00:00\" \/>\n<meta property=\"og:image\" content=\"http:\/\/www.canariasviaja.com\/viajaresvivir\/wp-content\/uploads\/2022\/08\/Valladolid-37.jpg\" \/>\n\t<meta property=\"og:image:width\" content=\"1024\" \/>\n\t<meta property=\"og:image:height\" content=\"683\" \/>\n\t<meta property=\"og:image:type\" content=\"image\/jpeg\" \/>\n<meta name=\"author\" content=\"Patri C\u00e1mpora\" \/>\n<meta name=\"twitter:card\" content=\"summary_large_image\" \/>\n<meta name=\"twitter:label1\" content=\"Escrito por\" \/>\n\t<meta name=\"twitter:data1\" content=\"Patri C\u00e1mpora\" \/>\n\t<meta name=\"twitter:label2\" content=\"Tiempo de lectura\" \/>\n\t<meta name=\"twitter:data2\" content=\"9 minutos\" \/>\n<script type=\"application\/ld+json\" class=\"yoast-schema-graph\">{\"@context\":\"https:\/\/schema.org\",\"@graph\":[{\"@type\":\"WebPage\",\"@id\":\"https:\/\/www.canariasviaja.com\/viajaresvivir\/aprovechando-que-el-pisuerga-pasa-por-valladolid\/\",\"url\":\"https:\/\/www.canariasviaja.com\/viajaresvivir\/aprovechando-que-el-pisuerga-pasa-por-valladolid\/\",\"name\":\"Aprovechando que el Pisuerga pasa por Valladolid... - Viajar es vivir\",\"isPartOf\":{\"@id\":\"https:\/\/www.canariasviaja.com\/viajaresvivir\/#website\"},\"primaryImageOfPage\":{\"@id\":\"https:\/\/www.canariasviaja.com\/viajaresvivir\/aprovechando-que-el-pisuerga-pasa-por-valladolid\/#primaryimage\"},\"image\":{\"@id\":\"https:\/\/www.canariasviaja.com\/viajaresvivir\/aprovechando-que-el-pisuerga-pasa-por-valladolid\/#primaryimage\"},\"thumbnailUrl\":\"https:\/\/www.canariasviaja.com\/viajaresvivir\/wp-content\/uploads\/2022\/08\/Valladolid-37.jpg\",\"datePublished\":\"2022-08-05T11:16:48+00:00\",\"dateModified\":\"2022-08-05T12:06:51+00:00\",\"author\":{\"@id\":\"https:\/\/www.canariasviaja.com\/viajaresvivir\/#\/schema\/person\/085949651001325f1244a8bc1b34709c\"},\"description\":\"Aprovechando que el Pisuerga pasa por Valladolid descubrimos los planes que podemos llevar a cabo este verano en la ciudad.\",\"breadcrumb\":{\"@id\":\"https:\/\/www.canariasviaja.com\/viajaresvivir\/aprovechando-que-el-pisuerga-pasa-por-valladolid\/#breadcrumb\"},\"inLanguage\":\"es\",\"potentialAction\":[{\"@type\":\"ReadAction\",\"target\":[\"https:\/\/www.canariasviaja.com\/viajaresvivir\/aprovechando-que-el-pisuerga-pasa-por-valladolid\/\"]}]},{\"@type\":\"ImageObject\",\"inLanguage\":\"es\",\"@id\":\"https:\/\/www.canariasviaja.com\/viajaresvivir\/aprovechando-que-el-pisuerga-pasa-por-valladolid\/#primaryimage\",\"url\":\"https:\/\/www.canariasviaja.com\/viajaresvivir\/wp-content\/uploads\/2022\/08\/Valladolid-37.jpg\",\"contentUrl\":\"https:\/\/www.canariasviaja.com\/viajaresvivir\/wp-content\/uploads\/2022\/08\/Valladolid-37.jpg\",\"width\":1024,\"height\":683},{\"@type\":\"BreadcrumbList\",\"@id\":\"https:\/\/www.canariasviaja.com\/viajaresvivir\/aprovechando-que-el-pisuerga-pasa-por-valladolid\/#breadcrumb\",\"itemListElement\":[{\"@type\":\"ListItem\",\"position\":1,\"name\":\"Portada\",\"item\":\"https:\/\/www.canariasviaja.com\/viajaresvivir\/\"},{\"@type\":\"ListItem\",\"position\":2,\"name\":\"Aprovechando que el Pisuerga pasa por Valladolid&#8230;\"}]},{\"@type\":\"WebSite\",\"@id\":\"https:\/\/www.canariasviaja.com\/viajaresvivir\/#website\",\"url\":\"https:\/\/www.canariasviaja.com\/viajaresvivir\/\",\"name\":\"Viajar es vivir\",\"description\":\"El blog de viajes y estilo de vida de CanariasViaja\",\"potentialAction\":[{\"@type\":\"SearchAction\",\"target\":{\"@type\":\"EntryPoint\",\"urlTemplate\":\"https:\/\/www.canariasviaja.com\/viajaresvivir\/?s={search_term_string}\"},\"query-input\":{\"@type\":\"PropertyValueSpecification\",\"valueRequired\":true,\"valueName\":\"search_term_string\"}}],\"inLanguage\":\"es\"},{\"@type\":\"Person\",\"@id\":\"https:\/\/www.canariasviaja.com\/viajaresvivir\/#\/schema\/person\/085949651001325f1244a8bc1b34709c\",\"name\":\"Patri C\u00e1mpora\",\"image\":{\"@type\":\"ImageObject\",\"inLanguage\":\"es\",\"@id\":\"https:\/\/www.canariasviaja.com\/viajaresvivir\/#\/schema\/person\/image\/\",\"url\":\"https:\/\/secure.gravatar.com\/avatar\/b2ce2c4086a5776e5310f57c1a2e5b4e?s=96&d=mm&r=g\",\"contentUrl\":\"https:\/\/secure.gravatar.com\/avatar\/b2ce2c4086a5776e5310f57c1a2e5b4e?s=96&d=mm&r=g\",\"caption\":\"Patri C\u00e1mpora\"},\"url\":\"https:\/\/www.canariasviaja.com\/viajaresvivir\/author\/patri\/\"}]}<\/script>\n<!-- \/ Yoast SEO plugin. -->","yoast_head_json":{"title":"Aprovechando que el Pisuerga pasa por Valladolid... - Viajar es vivir","description":"Aprovechando que el Pisuerga pasa por Valladolid descubrimos los planes que podemos llevar a cabo este verano en la ciudad.","robots":{"index":"index","follow":"follow","max-snippet":"max-snippet:-1","max-image-preview":"max-image-preview:large","max-video-preview":"max-video-preview:-1"},"canonical":"https:\/\/www.canariasviaja.com\/viajaresvivir\/aprovechando-que-el-pisuerga-pasa-por-valladolid\/","og_locale":"es_ES","og_type":"article","og_title":"Aprovechando que el Pisuerga pasa por Valladolid... - Viajar es vivir","og_description":"Aprovechando que el Pisuerga pasa por Valladolid descubrimos los planes que podemos llevar a cabo este verano en la ciudad.","og_url":"https:\/\/www.canariasviaja.com\/viajaresvivir\/aprovechando-que-el-pisuerga-pasa-por-valladolid\/","og_site_name":"Viajar es vivir","article_published_time":"2022-08-05T11:16:48+00:00","article_modified_time":"2022-08-05T12:06:51+00:00","og_image":[{"width":1024,"height":683,"url":"http:\/\/www.canariasviaja.com\/viajaresvivir\/wp-content\/uploads\/2022\/08\/Valladolid-37.jpg","type":"image\/jpeg"}],"author":"Patri C\u00e1mpora","twitter_card":"summary_large_image","twitter_misc":{"Escrito por":"Patri C\u00e1mpora","Tiempo de lectura":"9 minutos"},"schema":{"@context":"https:\/\/schema.org","@graph":[{"@type":"WebPage","@id":"https:\/\/www.canariasviaja.com\/viajaresvivir\/aprovechando-que-el-pisuerga-pasa-por-valladolid\/","url":"https:\/\/www.canariasviaja.com\/viajaresvivir\/aprovechando-que-el-pisuerga-pasa-por-valladolid\/","name":"Aprovechando que el Pisuerga pasa por Valladolid... - Viajar es vivir","isPartOf":{"@id":"https:\/\/www.canariasviaja.com\/viajaresvivir\/#website"},"primaryImageOfPage":{"@id":"https:\/\/www.canariasviaja.com\/viajaresvivir\/aprovechando-que-el-pisuerga-pasa-por-valladolid\/#primaryimage"},"image":{"@id":"https:\/\/www.canariasviaja.com\/viajaresvivir\/aprovechando-que-el-pisuerga-pasa-por-valladolid\/#primaryimage"},"thumbnailUrl":"https:\/\/www.canariasviaja.com\/viajaresvivir\/wp-content\/uploads\/2022\/08\/Valladolid-37.jpg","datePublished":"2022-08-05T11:16:48+00:00","dateModified":"2022-08-05T12:06:51+00:00","author":{"@id":"https:\/\/www.canariasviaja.com\/viajaresvivir\/#\/schema\/person\/085949651001325f1244a8bc1b34709c"},"description":"Aprovechando que el Pisuerga pasa por Valladolid descubrimos los planes que podemos llevar a cabo este verano en la ciudad.","breadcrumb":{"@id":"https:\/\/www.canariasviaja.com\/viajaresvivir\/aprovechando-que-el-pisuerga-pasa-por-valladolid\/#breadcrumb"},"inLanguage":"es","potentialAction":[{"@type":"ReadAction","target":["https:\/\/www.canariasviaja.com\/viajaresvivir\/aprovechando-que-el-pisuerga-pasa-por-valladolid\/"]}]},{"@type":"ImageObject","inLanguage":"es","@id":"https:\/\/www.canariasviaja.com\/viajaresvivir\/aprovechando-que-el-pisuerga-pasa-por-valladolid\/#primaryimage","url":"https:\/\/www.canariasviaja.com\/viajaresvivir\/wp-content\/uploads\/2022\/08\/Valladolid-37.jpg","contentUrl":"https:\/\/www.canariasviaja.com\/viajaresvivir\/wp-content\/uploads\/2022\/08\/Valladolid-37.jpg","width":1024,"height":683},{"@type":"BreadcrumbList","@id":"https:\/\/www.canariasviaja.com\/viajaresvivir\/aprovechando-que-el-pisuerga-pasa-por-valladolid\/#breadcrumb","itemListElement":[{"@type":"ListItem","position":1,"name":"Portada","item":"https:\/\/www.canariasviaja.com\/viajaresvivir\/"},{"@type":"ListItem","position":2,"name":"Aprovechando que el Pisuerga pasa por Valladolid&#8230;"}]},{"@type":"WebSite","@id":"https:\/\/www.canariasviaja.com\/viajaresvivir\/#website","url":"https:\/\/www.canariasviaja.com\/viajaresvivir\/","name":"Viajar es vivir","description":"El blog de viajes y estilo de vida de CanariasViaja","potentialAction":[{"@type":"SearchAction","target":{"@type":"EntryPoint","urlTemplate":"https:\/\/www.canariasviaja.com\/viajaresvivir\/?s={search_term_string}"},"query-input":{"@type":"PropertyValueSpecification","valueRequired":true,"valueName":"search_term_string"}}],"inLanguage":"es"},{"@type":"Person","@id":"https:\/\/www.canariasviaja.com\/viajaresvivir\/#\/schema\/person\/085949651001325f1244a8bc1b34709c","name":"Patri C\u00e1mpora","image":{"@type":"ImageObject","inLanguage":"es","@id":"https:\/\/www.canariasviaja.com\/viajaresvivir\/#\/schema\/person\/image\/","url":"https:\/\/secure.gravatar.com\/avatar\/b2ce2c4086a5776e5310f57c1a2e5b4e?s=96&d=mm&r=g","contentUrl":"https:\/\/secure.gravatar.com\/avatar\/b2ce2c4086a5776e5310f57c1a2e5b4e?s=96&d=mm&r=g","caption":"Patri C\u00e1mpora"},"url":"https:\/\/www.canariasviaja.com\/viajaresvivir\/author\/patri\/"}]}},"_links":{"self":[{"href":"https:\/\/www.canariasviaja.com\/viajaresvivir\/wp-json\/wp\/v2\/posts\/9202"}],"collection":[{"href":"https:\/\/www.canariasviaja.com\/viajaresvivir\/wp-json\/wp\/v2\/posts"}],"about":[{"href":"https:\/\/www.canariasviaja.com\/viajaresvivir\/wp-json\/wp\/v2\/types\/post"}],"author":[{"embeddable":true,"href":"https:\/\/www.canariasviaja.com\/viajaresvivir\/wp-json\/wp\/v2\/users\/2"}],"replies":[{"embeddable":true,"href":"https:\/\/www.canariasviaja.com\/viajaresvivir\/wp-json\/wp\/v2\/comments?post=9202"}],"version-history":[{"count":9,"href":"https:\/\/www.canariasviaja.com\/viajaresvivir\/wp-json\/wp\/v2\/posts\/9202\/revisions"}],"predecessor-version":[{"id":9250,"href":"https:\/\/www.canariasviaja.com\/viajaresvivir\/wp-json\/wp\/v2\/posts\/9202\/revisions\/9250"}],"wp:featuredmedia":[{"embeddable":true,"href":"https:\/\/www.canariasviaja.com\/viajaresvivir\/wp-json\/wp\/v2\/media\/9216"}],"wp:attachment":[{"href":"https:\/\/www.canariasviaja.com\/viajaresvivir\/wp-json\/wp\/v2\/media?parent=9202"}],"wp:term":[{"taxonomy":"category","embeddable":true,"href":"https:\/\/www.canariasviaja.com\/viajaresvivir\/wp-json\/wp\/v2\/categories?post=9202"},{"taxonomy":"post_tag","embeddable":true,"href":"https:\/\/www.canariasviaja.com\/viajaresvivir\/wp-json\/wp\/v2\/tags?post=9202"}],"curies":[{"name":"wp","href":"https:\/\/api.w.org\/{rel}","templated":true}]}}