{"id":9253,"date":"2022-08-20T17:19:14","date_gmt":"2022-08-20T17:19:14","guid":{"rendered":"https:\/\/www.canariasviaja.com\/viajaresvivir\/?p=9253"},"modified":"2023-09-29T15:02:54","modified_gmt":"2023-09-29T15:02:54","slug":"valles-pasiegos-un-paisaje-cantabro-singular","status":"publish","type":"post","link":"https:\/\/www.canariasviaja.com\/viajaresvivir\/valles-pasiegos-un-paisaje-cantabro-singular\/","title":{"rendered":"Valles Pasiegos, un paisaje c\u00e1ntabro singular"},"content":{"rendered":"\n<p>Hoy te invitamos adentrarte en los <strong>valles c\u00e1ntabros del Pas, Pisuer\u00f1a y Miera,<\/strong> cerca de la frontera con la provincia de Burgos, para descubrir los <strong><a href=\"https:\/\/www.vallespasiegos.org\/turismo\/que-ver-y-que-hacer\" target=\"_blank\" rel=\"noreferrer noopener\">Valles Pasiegos<\/a>,<\/strong> un paisaje singular fruto de la organizaci\u00f3n y la forma de vida propia de sus habitantes. Los pasiegos son una poblaci\u00f3n que lleva siglos dedicada a la ganader\u00eda en la zona y que realizaban mudanzas estacionales, mudas,  desde las zonas de pastos de los montes, donde establec\u00edan sus caba\u00f1as, hasta los fondos de los valles.<\/p>\n\n\n\n<figure class=\"wp-block-image size-full is-resized\"><img loading=\"lazy\" decoding=\"async\" src=\"http:\/\/www.canariasviaja.com\/viajaresvivir\/wp-content\/uploads\/2022\/08\/Cantabria-12.jpg\" alt=\"\" class=\"wp-image-9264\" width=\"839\" height=\"559\" srcset=\"https:\/\/www.canariasviaja.com\/viajaresvivir\/wp-content\/uploads\/2022\/08\/Cantabria-12.jpg 1920w, https:\/\/www.canariasviaja.com\/viajaresvivir\/wp-content\/uploads\/2022\/08\/Cantabria-12-300x200.jpg 300w, https:\/\/www.canariasviaja.com\/viajaresvivir\/wp-content\/uploads\/2022\/08\/Cantabria-12-768x512.jpg 768w, https:\/\/www.canariasviaja.com\/viajaresvivir\/wp-content\/uploads\/2022\/08\/Cantabria-12-1536x1024.jpg 1536w, https:\/\/www.canariasviaja.com\/viajaresvivir\/wp-content\/uploads\/2022\/08\/Cantabria-12-1200x800.jpg 1200w, https:\/\/www.canariasviaja.com\/viajaresvivir\/wp-content\/uploads\/2022\/08\/Cantabria-12-1620x1080.jpg 1620w\" sizes=\"(max-width: 839px) 100vw, 839px\" \/><figcaption class=\"wp-element-caption\">Valles Pasiegos. Foto: Patri C\u00e1mpora<\/figcaption><\/figure>\n\n\n\n<p>Los Valles Pasiegos son un reducto de una cultura que se ha conservado a trav\u00e9s de los siglos y que tiene a las caba\u00f1as y los cu\u00e9vanos, unos grandes cestos de mimbres que portaban a sus espaldas,  como s\u00edmbolos de su cultura.<\/p>\n\n\n\n<div style=\"height:100px\" aria-hidden=\"true\" class=\"wp-block-spacer\"><\/div>\n\n\n\n<h3 class=\"wp-block-heading\">De camino a los Valles Pasiegos<\/h3>\n\n\n\n<p>A tan solo una hora de Santander se encuentra <strong>Vega de Pas<\/strong>, una de las tres poblaciones m\u00e1s importantes de los Valles Pasiegos, junto con <strong>San Pedro del Romeral,<\/strong> y <strong>San Roque de Riomiera<\/strong>. Adentrarnos en los valles es adentrarnos en otro tiempo, otro ritmo y otra forma de ver la vida. Mientras recorremos nuestro trayecto podremos descubrir otros atractivos de esta comarca. <\/p>\n\n\n\n<p>A la entrada de la carretera que te lleva a Vega de Pas encontrar\u00e1s uno de los parques de naturaleza m\u00e1s importantes y singulares de Espa\u00f1a, <strong><a href=\"https:\/\/www.canariasviaja.com\/viajaresvivir\/parque-de-la-naturaleza-de-cabarceno-2\/\">Cab\u00e1rceno<\/a>.<\/strong> Un plan genial si vas con ni\u00f1os ya que podr\u00e1n disfrutar de animales de los cinco continentes que viven en libertad en h\u00e1bitats naturales.<\/p>\n\n\n\n<figure class=\"wp-block-image size-full\"><img loading=\"lazy\" decoding=\"async\" width=\"1920\" height=\"1280\" src=\"http:\/\/www.canariasviaja.com\/viajaresvivir\/wp-content\/uploads\/2020\/08\/Cabarceno-blog-14-1.jpg\" alt=\"\" class=\"wp-image-4672\" srcset=\"https:\/\/www.canariasviaja.com\/viajaresvivir\/wp-content\/uploads\/2020\/08\/Cabarceno-blog-14-1.jpg 1920w, https:\/\/www.canariasviaja.com\/viajaresvivir\/wp-content\/uploads\/2020\/08\/Cabarceno-blog-14-1-300x200.jpg 300w, https:\/\/www.canariasviaja.com\/viajaresvivir\/wp-content\/uploads\/2020\/08\/Cabarceno-blog-14-1-768x512.jpg 768w, https:\/\/www.canariasviaja.com\/viajaresvivir\/wp-content\/uploads\/2020\/08\/Cabarceno-blog-14-1-1536x1024.jpg 1536w, https:\/\/www.canariasviaja.com\/viajaresvivir\/wp-content\/uploads\/2020\/08\/Cabarceno-blog-14-1-1200x800.jpg 1200w, https:\/\/www.canariasviaja.com\/viajaresvivir\/wp-content\/uploads\/2020\/08\/Cabarceno-blog-14-1-1620x1080.jpg 1620w\" sizes=\"(max-width: 1920px) 100vw, 1920px\" \/><figcaption class=\"wp-element-caption\">Parque de la Naturaleza de Cab\u00e1rceno. Foto: Patri C\u00e1mpora<\/figcaption><\/figure>\n\n\n\n<p>Tomamos la CA-142 en direcci\u00f3n a Vega del Pas. A su paso por Cay\u00f3n podemos hacer una primera parada para sacarnos una foto en <strong><a href=\"https:\/\/www.google.es\/maps\/place\/El+Banco+M%C3%A1s+Bonito+de+Cayon\/@43.2788469,-3.855777,13.67z\/data=!4m13!1m7!3m6!1s0xd492a069089f7af:0x66a074c5097d6bf7!2s39686+San+Pedro+del+Romeral,+Cantabria!3b1!8m2!3d43.1147857!4d-3.8180412!3m4!1s0xd49314391510d25:0xd3469bff6e1e343!8m2!3d43.2857182!4d-3.8389207?hl=es\" target=\"_blank\" rel=\"noreferrer noopener nofollow\">el banco m\u00e1s bonito de Cay\u00f3n<\/a><\/strong>, con vistas al r\u00edo Pisue\u00f1a<\/p>\n\n\n\n<p>Contin\u00faa hacia la Vega de Villafufre, y desv\u00edate para admirar el exterior de la <strong>Casa de Lope de Vega<\/strong>, hoy convertida en biblioteca y punto de informaci\u00f3n. En esta casa vivi\u00f3 la familia del ilustre poeta y dramaturgo del Siglo de Oro, antes de trasladarse a Madrid, donde \u00e9l naci\u00f3 y vivi\u00f3.  <\/p>\n\n\n\n<p>M\u00e1s adelante, en el peque\u00f1o pueblo de Villacarriedo, te sorprender\u00e1 el <strong>Palacio de So\u00f1anes,<\/strong> un palacio barroco mandado a proyectar por &nbsp;Juan Antonio D\u00edaz de Arce y P\u00e9rez del Camino a principios del siglo XVIII y que ahora acoge un hotel de 4 estrellas. Junto a \u00e9l encontrar\u00e1s las t\u00edpicas casonas c\u00e1ntabras profusamente decoradas por macetas de coloridos geranios.<\/p>\n\n\n\n<figure class=\"wp-block-gallery has-nested-images columns-default is-cropped wp-block-gallery-1 is-layout-flex wp-block-gallery-is-layout-flex\">\n<figure class=\"wp-block-image size-large\"><img loading=\"lazy\" decoding=\"async\" width=\"1920\" height=\"1280\" data-id=\"9254\" src=\"http:\/\/www.canariasviaja.com\/viajaresvivir\/wp-content\/uploads\/2022\/08\/Cantabria-2.jpg\" alt=\"\" class=\"wp-image-9254\" srcset=\"https:\/\/www.canariasviaja.com\/viajaresvivir\/wp-content\/uploads\/2022\/08\/Cantabria-2.jpg 1920w, https:\/\/www.canariasviaja.com\/viajaresvivir\/wp-content\/uploads\/2022\/08\/Cantabria-2-300x200.jpg 300w, https:\/\/www.canariasviaja.com\/viajaresvivir\/wp-content\/uploads\/2022\/08\/Cantabria-2-768x512.jpg 768w, https:\/\/www.canariasviaja.com\/viajaresvivir\/wp-content\/uploads\/2022\/08\/Cantabria-2-1536x1024.jpg 1536w, https:\/\/www.canariasviaja.com\/viajaresvivir\/wp-content\/uploads\/2022\/08\/Cantabria-2-1200x800.jpg 1200w, https:\/\/www.canariasviaja.com\/viajaresvivir\/wp-content\/uploads\/2022\/08\/Cantabria-2-1620x1080.jpg 1620w\" sizes=\"(max-width: 1920px) 100vw, 1920px\" \/><figcaption class=\"wp-element-caption\">Palacio de So\u00f1anes<\/figcaption><\/figure>\n\n\n\n<figure class=\"wp-block-image size-large\"><img loading=\"lazy\" decoding=\"async\" width=\"1920\" height=\"1280\" data-id=\"9268\" src=\"http:\/\/www.canariasviaja.com\/viajaresvivir\/wp-content\/uploads\/2022\/08\/Cantabria.jpg\" alt=\"\" class=\"wp-image-9268\" srcset=\"https:\/\/www.canariasviaja.com\/viajaresvivir\/wp-content\/uploads\/2022\/08\/Cantabria.jpg 1920w, https:\/\/www.canariasviaja.com\/viajaresvivir\/wp-content\/uploads\/2022\/08\/Cantabria-300x200.jpg 300w, https:\/\/www.canariasviaja.com\/viajaresvivir\/wp-content\/uploads\/2022\/08\/Cantabria-768x512.jpg 768w, https:\/\/www.canariasviaja.com\/viajaresvivir\/wp-content\/uploads\/2022\/08\/Cantabria-1536x1024.jpg 1536w, https:\/\/www.canariasviaja.com\/viajaresvivir\/wp-content\/uploads\/2022\/08\/Cantabria-1200x800.jpg 1200w, https:\/\/www.canariasviaja.com\/viajaresvivir\/wp-content\/uploads\/2022\/08\/Cantabria-1620x1080.jpg 1620w\" sizes=\"(max-width: 1920px) 100vw, 1920px\" \/><figcaption class=\"wp-element-caption\">Casona c\u00e1ntabra con geranios<\/figcaption><\/figure>\n<\/figure>\n\n\n\n<p>En Valnuz haz una parada en el curioso <strong><a href=\"https:\/\/www.vallespasiegos.org\/que-ver-y-que-hacer\/item\/121-museo-de-las-amas-de-cr%C3%ADa-pasiegas-valvanuz\" target=\"_blank\" rel=\"noreferrer noopener\">Museo de las amas de cr\u00eda pasiegas<\/a><\/strong>.  Muchas j\u00f3venes pasiegas tuvieron que emigrar para ejercer de amas de cr\u00eda de los hijos de las familias de la poderosa corte de Madrid, debido a la pobreza que hab\u00eda en esta zona a mediados del siglo XIX. Las amas de cr\u00eda pasiegas, cotizadas por ser fuertes y robustas, criaron a los infantes de la Familia Real Espa\u00f1ola durante generaciones. El museo est\u00e1 situado en la Casa de la Beata, junto al Santuario de Nuestra Se\u00f1ora de Valvanuz.<\/p>\n\n\n\n<figure class=\"wp-block-image size-full\"><img loading=\"lazy\" decoding=\"async\" width=\"1920\" height=\"1280\" src=\"http:\/\/www.canariasviaja.com\/viajaresvivir\/wp-content\/uploads\/2022\/08\/Cantabria-3-1.jpg\" alt=\"Valles pasiegos\" class=\"wp-image-9270\" srcset=\"https:\/\/www.canariasviaja.com\/viajaresvivir\/wp-content\/uploads\/2022\/08\/Cantabria-3-1.jpg 1920w, https:\/\/www.canariasviaja.com\/viajaresvivir\/wp-content\/uploads\/2022\/08\/Cantabria-3-1-300x200.jpg 300w, https:\/\/www.canariasviaja.com\/viajaresvivir\/wp-content\/uploads\/2022\/08\/Cantabria-3-1-768x512.jpg 768w, https:\/\/www.canariasviaja.com\/viajaresvivir\/wp-content\/uploads\/2022\/08\/Cantabria-3-1-1536x1024.jpg 1536w, https:\/\/www.canariasviaja.com\/viajaresvivir\/wp-content\/uploads\/2022\/08\/Cantabria-3-1-1200x800.jpg 1200w, https:\/\/www.canariasviaja.com\/viajaresvivir\/wp-content\/uploads\/2022\/08\/Cantabria-3-1-1620x1080.jpg 1620w\" sizes=\"(max-width: 1920px) 100vw, 1920px\" \/><figcaption class=\"wp-element-caption\">Mirador de la Braguia. Foto: Patri C\u00e1mpora<\/figcaption><\/figure>\n\n\n\n<p>Al salir de Selaya el paisaje ya empieza a cambiar dejando atr\u00e1s los pueblos para entrar en zona de caba\u00f1al. Haz una parada en el <strong>mirador del Puerto de la Braguia<\/strong> para disfrutar de vistas espectaculares tanto al valle de Pisue\u00f1a, con Villacarriedo y Selaya al fondo, como a la&nbsp;<strong>Vega de Pas<\/strong>, en la otra vertiente de la monta\u00f1a.<\/p>\n\n\n\n<div style=\"height:100px\" aria-hidden=\"true\" class=\"wp-block-spacer\"><\/div>\n\n\n\n<h3 class=\"wp-block-heading\">Territorio Pasiego<\/h3>\n\n\n\n<p>El paisaje de los Valles Pasiegos es \u00fanico en el mundo. Un paisaje transformado por la mano del hombre en el que se vive en armon\u00eda con la naturaleza y que cuenta la historia de los ganaderos trashumantes que pasaban un tiempo en los prados de las monta\u00f1as, donde constru\u00edan sus caba\u00f1as, y los inviernos en el fondo del valle.<\/p>\n\n\n\n<figure class=\"wp-block-image size-full\"><img loading=\"lazy\" decoding=\"async\" width=\"1920\" height=\"1280\" src=\"http:\/\/www.canariasviaja.com\/viajaresvivir\/wp-content\/uploads\/2022\/08\/Cantabria-14.jpg\" alt=\"Valles pasiegos\" class=\"wp-image-9266\" srcset=\"https:\/\/www.canariasviaja.com\/viajaresvivir\/wp-content\/uploads\/2022\/08\/Cantabria-14.jpg 1920w, https:\/\/www.canariasviaja.com\/viajaresvivir\/wp-content\/uploads\/2022\/08\/Cantabria-14-300x200.jpg 300w, https:\/\/www.canariasviaja.com\/viajaresvivir\/wp-content\/uploads\/2022\/08\/Cantabria-14-768x512.jpg 768w, https:\/\/www.canariasviaja.com\/viajaresvivir\/wp-content\/uploads\/2022\/08\/Cantabria-14-1536x1024.jpg 1536w, https:\/\/www.canariasviaja.com\/viajaresvivir\/wp-content\/uploads\/2022\/08\/Cantabria-14-1200x800.jpg 1200w, https:\/\/www.canariasviaja.com\/viajaresvivir\/wp-content\/uploads\/2022\/08\/Cantabria-14-1620x1080.jpg 1620w\" sizes=\"(max-width: 1920px) 100vw, 1920px\" \/><figcaption class=\"wp-element-caption\">Caba\u00f1al en los valles pasiegos. Foto: Patri C\u00e1mpora<\/figcaption><\/figure>\n\n\n\n<p>Las laderas de las monta\u00f1as de los Valles Pasiegos son mosaicos de verde, formados por prados rodeados por muros de piedras que delimitan los terrenos correspondiente a cada una de las <strong>caba\u00f1as<\/strong>. Los pasiegos crearon a lo largo de los siglos esta curiosa organizaci\u00f3n y estructuraci\u00f3n  del territorio, que difiere de la tradicional en la que las viviendas se agrupaban en una zona y los campos de trabajo y prados de repart\u00edan alrededor de los poblados. En los valles pasiegos las caba\u00f1as est\u00e1n diseminadas por las monta\u00f1as y cuentan con sus propios prados para guardar el ganado. El conjunto de caba\u00f1as conforma un caba\u00f1al o barrio.<\/p>\n\n\n\n<figure class=\"wp-block-gallery has-nested-images columns-default is-cropped wp-block-gallery-2 is-layout-flex wp-block-gallery-is-layout-flex\">\n<figure class=\"wp-block-image size-large\"><img loading=\"lazy\" decoding=\"async\" width=\"1920\" height=\"1280\" data-id=\"9258\" src=\"http:\/\/www.canariasviaja.com\/viajaresvivir\/wp-content\/uploads\/2022\/08\/Cantabria-6.jpg\" alt=\"Caba\u00f1a en los valles pasiegos\" class=\"wp-image-9258\" srcset=\"https:\/\/www.canariasviaja.com\/viajaresvivir\/wp-content\/uploads\/2022\/08\/Cantabria-6.jpg 1920w, https:\/\/www.canariasviaja.com\/viajaresvivir\/wp-content\/uploads\/2022\/08\/Cantabria-6-300x200.jpg 300w, https:\/\/www.canariasviaja.com\/viajaresvivir\/wp-content\/uploads\/2022\/08\/Cantabria-6-768x512.jpg 768w, https:\/\/www.canariasviaja.com\/viajaresvivir\/wp-content\/uploads\/2022\/08\/Cantabria-6-1536x1024.jpg 1536w, https:\/\/www.canariasviaja.com\/viajaresvivir\/wp-content\/uploads\/2022\/08\/Cantabria-6-1200x800.jpg 1200w, https:\/\/www.canariasviaja.com\/viajaresvivir\/wp-content\/uploads\/2022\/08\/Cantabria-6-1620x1080.jpg 1620w\" sizes=\"(max-width: 1920px) 100vw, 1920px\" \/><figcaption class=\"wp-element-caption\">Caba\u00f1a<\/figcaption><\/figure>\n\n\n\n<figure class=\"wp-block-image size-large\"><img loading=\"lazy\" decoding=\"async\" width=\"1920\" height=\"1280\" data-id=\"9261\" src=\"http:\/\/www.canariasviaja.com\/viajaresvivir\/wp-content\/uploads\/2022\/08\/Cantabria-9.jpg\" alt=\"\" class=\"wp-image-9261\" srcset=\"https:\/\/www.canariasviaja.com\/viajaresvivir\/wp-content\/uploads\/2022\/08\/Cantabria-9.jpg 1920w, https:\/\/www.canariasviaja.com\/viajaresvivir\/wp-content\/uploads\/2022\/08\/Cantabria-9-300x200.jpg 300w, https:\/\/www.canariasviaja.com\/viajaresvivir\/wp-content\/uploads\/2022\/08\/Cantabria-9-768x512.jpg 768w, https:\/\/www.canariasviaja.com\/viajaresvivir\/wp-content\/uploads\/2022\/08\/Cantabria-9-1536x1024.jpg 1536w, https:\/\/www.canariasviaja.com\/viajaresvivir\/wp-content\/uploads\/2022\/08\/Cantabria-9-1200x800.jpg 1200w, https:\/\/www.canariasviaja.com\/viajaresvivir\/wp-content\/uploads\/2022\/08\/Cantabria-9-1620x1080.jpg 1620w\" sizes=\"(max-width: 1920px) 100vw, 1920px\" \/><figcaption class=\"wp-element-caption\">Valles Pasiegos<\/figcaption><\/figure>\n<\/figure>\n\n\n\n<div style=\"height:100px\" aria-hidden=\"true\" class=\"wp-block-spacer\"><\/div>\n\n\n\n<h3 class=\"wp-block-heading\">Sobados pasiegos, dulce tentaci\u00f3n<\/h3>\n\n\n\n<p>Los pasiegos son ganaderos y sus vacas frisonas pastan felices en esos pastos de verde deslumbrante. Con esa leche y esa mantequilla se hacen unos de los productos m\u00e1s deliciosos de Cantabria, los <strong>sobados y las quesadas c\u00e1ntabras<\/strong>, fuente de energ\u00eda para comenzar bien el d\u00eda en esta tierra. No dejes de comprar una cajita de aut\u00e9nticos sobaos pasiegos en los numerosos obradores que encontrar\u00e1s por la zona, como  los <a href=\"https:\/\/goo.gl\/maps\/SKEPezFHLdnp9mhP7\">Sobaos Etelvina Sa\u00f1udo<\/a> en Vega de Pas.<\/p>\n\n\n\n<div style=\"height:100px\" aria-hidden=\"true\" class=\"wp-block-spacer\"><\/div>\n\n\n\n<h3 class=\"wp-block-heading\">Las villas pasiegas<\/h3>\n\n\n\n<p><strong>San Pedro del Romeral, Vega de Pas y San Roque de Riomiera<\/strong> son las tres villas m\u00e1s importantes de los Valles Pasiegos. Peque\u00f1as localidades en la que las viviendas se han agrupado a la manera tradicional de los pueblos.<\/p>\n\n\n\n<figure class=\"wp-block-image size-full\"><img loading=\"lazy\" decoding=\"async\" width=\"1920\" height=\"1280\" src=\"http:\/\/www.canariasviaja.com\/viajaresvivir\/wp-content\/uploads\/2022\/08\/Cantabria-15.jpg\" alt=\"Vega de Pas, una de las villas de los valles pasiegos\" class=\"wp-image-9267\" srcset=\"https:\/\/www.canariasviaja.com\/viajaresvivir\/wp-content\/uploads\/2022\/08\/Cantabria-15.jpg 1920w, https:\/\/www.canariasviaja.com\/viajaresvivir\/wp-content\/uploads\/2022\/08\/Cantabria-15-300x200.jpg 300w, https:\/\/www.canariasviaja.com\/viajaresvivir\/wp-content\/uploads\/2022\/08\/Cantabria-15-768x512.jpg 768w, https:\/\/www.canariasviaja.com\/viajaresvivir\/wp-content\/uploads\/2022\/08\/Cantabria-15-1536x1024.jpg 1536w, https:\/\/www.canariasviaja.com\/viajaresvivir\/wp-content\/uploads\/2022\/08\/Cantabria-15-1200x800.jpg 1200w, https:\/\/www.canariasviaja.com\/viajaresvivir\/wp-content\/uploads\/2022\/08\/Cantabria-15-1620x1080.jpg 1620w\" sizes=\"(max-width: 1920px) 100vw, 1920px\" \/><figcaption class=\"wp-element-caption\">Vega de Pas. Foto: Patri C\u00e1mpora<\/figcaption><\/figure>\n\n\n\n<p>Vega de Pas es la villa principal del Valle del Pisue\u00f1a. Un agradable pueblo en el que hacer una parada para disfrutar de un reconfortante <strong>cocido pasiego<\/strong>. Puedes visitar el <a href=\"https:\/\/goo.gl\/maps\/JVAypnmCNVXCwx2r6\">Museo de las Villas Pasiegas<\/a> para descubrir la forma de vida tradicional de sus habitantes.<\/p>\n\n\n\n<figure class=\"wp-block-gallery has-nested-images columns-default is-cropped wp-block-gallery-3 is-layout-flex wp-block-gallery-is-layout-flex\">\n<figure class=\"wp-block-image size-full\"><img loading=\"lazy\" decoding=\"async\" width=\"1920\" height=\"1280\" data-id=\"9256\" src=\"http:\/\/www.canariasviaja.com\/viajaresvivir\/wp-content\/uploads\/2022\/08\/Cantabria-4.jpg\" alt=\"Valles Pasiegos\" class=\"wp-image-9256\" srcset=\"https:\/\/www.canariasviaja.com\/viajaresvivir\/wp-content\/uploads\/2022\/08\/Cantabria-4.jpg 1920w, https:\/\/www.canariasviaja.com\/viajaresvivir\/wp-content\/uploads\/2022\/08\/Cantabria-4-300x200.jpg 300w, https:\/\/www.canariasviaja.com\/viajaresvivir\/wp-content\/uploads\/2022\/08\/Cantabria-4-768x512.jpg 768w, https:\/\/www.canariasviaja.com\/viajaresvivir\/wp-content\/uploads\/2022\/08\/Cantabria-4-1536x1024.jpg 1536w, https:\/\/www.canariasviaja.com\/viajaresvivir\/wp-content\/uploads\/2022\/08\/Cantabria-4-1200x800.jpg 1200w, https:\/\/www.canariasviaja.com\/viajaresvivir\/wp-content\/uploads\/2022\/08\/Cantabria-4-1620x1080.jpg 1620w\" sizes=\"(max-width: 1920px) 100vw, 1920px\" \/><\/figure>\n\n\n\n<figure class=\"wp-block-image size-full\"><img loading=\"lazy\" decoding=\"async\" width=\"1920\" height=\"1280\" data-id=\"9257\" src=\"http:\/\/www.canariasviaja.com\/viajaresvivir\/wp-content\/uploads\/2022\/08\/Cantabria-5.jpg\" alt=\"Vega de Pas\" class=\"wp-image-9257\" srcset=\"https:\/\/www.canariasviaja.com\/viajaresvivir\/wp-content\/uploads\/2022\/08\/Cantabria-5.jpg 1920w, https:\/\/www.canariasviaja.com\/viajaresvivir\/wp-content\/uploads\/2022\/08\/Cantabria-5-300x200.jpg 300w, https:\/\/www.canariasviaja.com\/viajaresvivir\/wp-content\/uploads\/2022\/08\/Cantabria-5-768x512.jpg 768w, https:\/\/www.canariasviaja.com\/viajaresvivir\/wp-content\/uploads\/2022\/08\/Cantabria-5-1536x1024.jpg 1536w, https:\/\/www.canariasviaja.com\/viajaresvivir\/wp-content\/uploads\/2022\/08\/Cantabria-5-1200x800.jpg 1200w, https:\/\/www.canariasviaja.com\/viajaresvivir\/wp-content\/uploads\/2022\/08\/Cantabria-5-1620x1080.jpg 1620w\" sizes=\"(max-width: 1920px) 100vw, 1920px\" \/><\/figure>\n<\/figure>\n\n\n\n<div style=\"height:100px\" aria-hidden=\"true\" class=\"wp-block-spacer\"><\/div>\n\n\n\n<h3 class=\"wp-block-heading\">Fiestas del Orgullo Pasiego<\/h3>\n\n\n\n<p>El primer fin de semana de septiembre se celebra en San Roque de Riomiera la Fiesta del Orgullo Pasiego, o Fiestas del Orgullu Pasiegu, en dialecto pasiego. Unas fiestas que nacieron hace m\u00e1s de una d\u00e9cada para conservar las tradiciones y costumbres de la Comarca Pasiega.<\/p>\n\n\n\n<p>Durante este fin de semana los mozos y mozas de la zona se visten con trajes regionales y se celebran competiciones y exhibiciones de deportes y juegos aut\u00f3ctonos, como en Bolo Pasiego, Mudar el Palo o el Triple Salto Pasiego, que nos recordar\u00e1 a nuestro Salto del pastor. As\u00ed como degustaciones de la gastronom\u00eda local y concursos de relincho y orde\u00f1o.<\/p>\n\n\n\n<p>Entre las actividades programadas por el Ayuntamiento destaca la tradicional misa en la ermita del Toral, pasacalles, bolo pasiego, salto pasiego, mudar el palo, degustaciones de pinchos, parrilladas&#8230;y otros m\u00e1s divertidos como los concursos de relincho o de orde\u00f1o.<\/p>\n\n\n\n<p>Unas fiestas en las que nos podemos sumergir en la idiosincracia y costumbres de esta comarca de Cantabria.<\/p>\n\n\n\n<div class=\"wp-block-buttons is-layout-flex wp-block-buttons-is-layout-flex\">\n<div class=\"wp-block-button aligncenter\"><a class=\"wp-block-button__link wp-element-button\" href=\"https:\/\/bit.ly\/3PEYbrd\">Descubre los Valles Pasiegos<\/a><\/div>\n<\/div>\n","protected":false},"excerpt":{"rendered":"<p>Hoy te invitamos adentrarte en los valles c\u00e1ntabros del Pas, Pisuer\u00f1a y Miera, cerca de la frontera con la provincia de Burgos, para descubrir los Valles Pasiegos, un paisaje singular fruto de la organizaci\u00f3n y la forma de vida propia de sus habitantes. Los pasiegos son una poblaci\u00f3n que lleva siglos dedicada a la ganader\u00eda en la zona y que &hellip;<\/p>\n","protected":false},"author":2,"featured_media":9266,"comment_status":"open","ping_status":"open","sticky":false,"template":"","format":"standard","meta":{"_acf_changed":false,"sfsi_plus_gutenberg_text_before_share":"","sfsi_plus_gutenberg_show_text_before_share":"","sfsi_plus_gutenberg_icon_type":"","sfsi_plus_gutenberg_icon_alignemt":"","sfsi_plus_gutenburg_max_per_row":"","footnotes":""},"categories":[124,123,10,100,197,350],"tags":[151,895,118,894],"class_list":["post-9253","post","type-post","status-publish","format-standard","has-post-thumbnail","hentry","category-descubre","category-explora","category-historias-viajeras","category-peninsulaybaleares","category-rincones-por-descubrir","category-santander-peninsulaybaleares","tag-gastronomia","tag-paisajes","tag-tradiciones","tag-valles-pasiegos"],"acf":[],"yoast_head":"<!-- This site is optimized with the Yoast SEO plugin v24.1 - https:\/\/yoast.com\/wordpress\/plugins\/seo\/ -->\n<title>Valles Pasiegos, un paisaje c\u00e1ntabro singular - Viajar es vivir<\/title>\n<meta name=\"description\" content=\"Los Valles Pasiegos son una de las comarcas m\u00e1s singulares de Cantabria, el habitat de los pasiegos, ganaderos trashumantes que viven en caba\u00f1as.\" \/>\n<meta name=\"robots\" content=\"index, follow, max-snippet:-1, max-image-preview:large, max-video-preview:-1\" \/>\n<link rel=\"canonical\" href=\"https:\/\/www.canariasviaja.com\/viajaresvivir\/valles-pasiegos-un-paisaje-cantabro-singular\/\" \/>\n<meta property=\"og:locale\" content=\"es_ES\" \/>\n<meta property=\"og:type\" content=\"article\" \/>\n<meta property=\"og:title\" content=\"Valles Pasiegos, un paisaje c\u00e1ntabro singular - Viajar es vivir\" \/>\n<meta property=\"og:description\" content=\"Los Valles Pasiegos son una de las comarcas m\u00e1s singulares de Cantabria, el habitat de los pasiegos, ganaderos trashumantes que viven en caba\u00f1as.\" \/>\n<meta property=\"og:url\" content=\"https:\/\/www.canariasviaja.com\/viajaresvivir\/valles-pasiegos-un-paisaje-cantabro-singular\/\" \/>\n<meta property=\"og:site_name\" content=\"Viajar es vivir\" \/>\n<meta property=\"article:published_time\" content=\"2022-08-20T17:19:14+00:00\" \/>\n<meta property=\"article:modified_time\" content=\"2023-09-29T15:02:54+00:00\" \/>\n<meta property=\"og:image\" content=\"http:\/\/www.canariasviaja.com\/viajaresvivir\/wp-content\/uploads\/2022\/08\/Cantabria-14.jpg\" \/>\n\t<meta property=\"og:image:width\" content=\"1920\" \/>\n\t<meta property=\"og:image:height\" content=\"1280\" \/>\n\t<meta property=\"og:image:type\" content=\"image\/jpeg\" \/>\n<meta name=\"author\" content=\"Patri C\u00e1mpora\" \/>\n<meta name=\"twitter:card\" content=\"summary_large_image\" \/>\n<meta name=\"twitter:label1\" content=\"Escrito por\" \/>\n\t<meta name=\"twitter:data1\" content=\"Patri C\u00e1mpora\" \/>\n\t<meta name=\"twitter:label2\" content=\"Tiempo de lectura\" \/>\n\t<meta name=\"twitter:data2\" content=\"8 minutos\" \/>\n<script type=\"application\/ld+json\" class=\"yoast-schema-graph\">{\"@context\":\"https:\/\/schema.org\",\"@graph\":[{\"@type\":\"WebPage\",\"@id\":\"https:\/\/www.canariasviaja.com\/viajaresvivir\/valles-pasiegos-un-paisaje-cantabro-singular\/\",\"url\":\"https:\/\/www.canariasviaja.com\/viajaresvivir\/valles-pasiegos-un-paisaje-cantabro-singular\/\",\"name\":\"Valles Pasiegos, un paisaje c\u00e1ntabro singular - Viajar es vivir\",\"isPartOf\":{\"@id\":\"https:\/\/www.canariasviaja.com\/viajaresvivir\/#website\"},\"primaryImageOfPage\":{\"@id\":\"https:\/\/www.canariasviaja.com\/viajaresvivir\/valles-pasiegos-un-paisaje-cantabro-singular\/#primaryimage\"},\"image\":{\"@id\":\"https:\/\/www.canariasviaja.com\/viajaresvivir\/valles-pasiegos-un-paisaje-cantabro-singular\/#primaryimage\"},\"thumbnailUrl\":\"https:\/\/www.canariasviaja.com\/viajaresvivir\/wp-content\/uploads\/2022\/08\/Cantabria-14.jpg\",\"datePublished\":\"2022-08-20T17:19:14+00:00\",\"dateModified\":\"2023-09-29T15:02:54+00:00\",\"author\":{\"@id\":\"https:\/\/www.canariasviaja.com\/viajaresvivir\/#\/schema\/person\/085949651001325f1244a8bc1b34709c\"},\"description\":\"Los Valles Pasiegos son una de las comarcas m\u00e1s singulares de Cantabria, el habitat de los pasiegos, ganaderos trashumantes que viven en caba\u00f1as.\",\"breadcrumb\":{\"@id\":\"https:\/\/www.canariasviaja.com\/viajaresvivir\/valles-pasiegos-un-paisaje-cantabro-singular\/#breadcrumb\"},\"inLanguage\":\"es\",\"potentialAction\":[{\"@type\":\"ReadAction\",\"target\":[\"https:\/\/www.canariasviaja.com\/viajaresvivir\/valles-pasiegos-un-paisaje-cantabro-singular\/\"]}]},{\"@type\":\"ImageObject\",\"inLanguage\":\"es\",\"@id\":\"https:\/\/www.canariasviaja.com\/viajaresvivir\/valles-pasiegos-un-paisaje-cantabro-singular\/#primaryimage\",\"url\":\"https:\/\/www.canariasviaja.com\/viajaresvivir\/wp-content\/uploads\/2022\/08\/Cantabria-14.jpg\",\"contentUrl\":\"https:\/\/www.canariasviaja.com\/viajaresvivir\/wp-content\/uploads\/2022\/08\/Cantabria-14.jpg\",\"width\":1920,\"height\":1280},{\"@type\":\"BreadcrumbList\",\"@id\":\"https:\/\/www.canariasviaja.com\/viajaresvivir\/valles-pasiegos-un-paisaje-cantabro-singular\/#breadcrumb\",\"itemListElement\":[{\"@type\":\"ListItem\",\"position\":1,\"name\":\"Portada\",\"item\":\"https:\/\/www.canariasviaja.com\/viajaresvivir\/\"},{\"@type\":\"ListItem\",\"position\":2,\"name\":\"Valles Pasiegos, un paisaje c\u00e1ntabro singular\"}]},{\"@type\":\"WebSite\",\"@id\":\"https:\/\/www.canariasviaja.com\/viajaresvivir\/#website\",\"url\":\"https:\/\/www.canariasviaja.com\/viajaresvivir\/\",\"name\":\"Viajar es vivir\",\"description\":\"El blog de viajes y estilo de vida de CanariasViaja\",\"potentialAction\":[{\"@type\":\"SearchAction\",\"target\":{\"@type\":\"EntryPoint\",\"urlTemplate\":\"https:\/\/www.canariasviaja.com\/viajaresvivir\/?s={search_term_string}\"},\"query-input\":{\"@type\":\"PropertyValueSpecification\",\"valueRequired\":true,\"valueName\":\"search_term_string\"}}],\"inLanguage\":\"es\"},{\"@type\":\"Person\",\"@id\":\"https:\/\/www.canariasviaja.com\/viajaresvivir\/#\/schema\/person\/085949651001325f1244a8bc1b34709c\",\"name\":\"Patri C\u00e1mpora\",\"image\":{\"@type\":\"ImageObject\",\"inLanguage\":\"es\",\"@id\":\"https:\/\/www.canariasviaja.com\/viajaresvivir\/#\/schema\/person\/image\/\",\"url\":\"https:\/\/secure.gravatar.com\/avatar\/b2ce2c4086a5776e5310f57c1a2e5b4e?s=96&d=mm&r=g\",\"contentUrl\":\"https:\/\/secure.gravatar.com\/avatar\/b2ce2c4086a5776e5310f57c1a2e5b4e?s=96&d=mm&r=g\",\"caption\":\"Patri C\u00e1mpora\"},\"url\":\"https:\/\/www.canariasviaja.com\/viajaresvivir\/author\/patri\/\"}]}<\/script>\n<!-- \/ Yoast SEO plugin. -->","yoast_head_json":{"title":"Valles Pasiegos, un paisaje c\u00e1ntabro singular - Viajar es vivir","description":"Los Valles Pasiegos son una de las comarcas m\u00e1s singulares de Cantabria, el habitat de los pasiegos, ganaderos trashumantes que viven en caba\u00f1as.","robots":{"index":"index","follow":"follow","max-snippet":"max-snippet:-1","max-image-preview":"max-image-preview:large","max-video-preview":"max-video-preview:-1"},"canonical":"https:\/\/www.canariasviaja.com\/viajaresvivir\/valles-pasiegos-un-paisaje-cantabro-singular\/","og_locale":"es_ES","og_type":"article","og_title":"Valles Pasiegos, un paisaje c\u00e1ntabro singular - Viajar es vivir","og_description":"Los Valles Pasiegos son una de las comarcas m\u00e1s singulares de Cantabria, el habitat de los pasiegos, ganaderos trashumantes que viven en caba\u00f1as.","og_url":"https:\/\/www.canariasviaja.com\/viajaresvivir\/valles-pasiegos-un-paisaje-cantabro-singular\/","og_site_name":"Viajar es vivir","article_published_time":"2022-08-20T17:19:14+00:00","article_modified_time":"2023-09-29T15:02:54+00:00","og_image":[{"width":1920,"height":1280,"url":"http:\/\/www.canariasviaja.com\/viajaresvivir\/wp-content\/uploads\/2022\/08\/Cantabria-14.jpg","type":"image\/jpeg"}],"author":"Patri C\u00e1mpora","twitter_card":"summary_large_image","twitter_misc":{"Escrito por":"Patri C\u00e1mpora","Tiempo de lectura":"8 minutos"},"schema":{"@context":"https:\/\/schema.org","@graph":[{"@type":"WebPage","@id":"https:\/\/www.canariasviaja.com\/viajaresvivir\/valles-pasiegos-un-paisaje-cantabro-singular\/","url":"https:\/\/www.canariasviaja.com\/viajaresvivir\/valles-pasiegos-un-paisaje-cantabro-singular\/","name":"Valles Pasiegos, un paisaje c\u00e1ntabro singular - Viajar es vivir","isPartOf":{"@id":"https:\/\/www.canariasviaja.com\/viajaresvivir\/#website"},"primaryImageOfPage":{"@id":"https:\/\/www.canariasviaja.com\/viajaresvivir\/valles-pasiegos-un-paisaje-cantabro-singular\/#primaryimage"},"image":{"@id":"https:\/\/www.canariasviaja.com\/viajaresvivir\/valles-pasiegos-un-paisaje-cantabro-singular\/#primaryimage"},"thumbnailUrl":"https:\/\/www.canariasviaja.com\/viajaresvivir\/wp-content\/uploads\/2022\/08\/Cantabria-14.jpg","datePublished":"2022-08-20T17:19:14+00:00","dateModified":"2023-09-29T15:02:54+00:00","author":{"@id":"https:\/\/www.canariasviaja.com\/viajaresvivir\/#\/schema\/person\/085949651001325f1244a8bc1b34709c"},"description":"Los Valles Pasiegos son una de las comarcas m\u00e1s singulares de Cantabria, el habitat de los pasiegos, ganaderos trashumantes que viven en caba\u00f1as.","breadcrumb":{"@id":"https:\/\/www.canariasviaja.com\/viajaresvivir\/valles-pasiegos-un-paisaje-cantabro-singular\/#breadcrumb"},"inLanguage":"es","potentialAction":[{"@type":"ReadAction","target":["https:\/\/www.canariasviaja.com\/viajaresvivir\/valles-pasiegos-un-paisaje-cantabro-singular\/"]}]},{"@type":"ImageObject","inLanguage":"es","@id":"https:\/\/www.canariasviaja.com\/viajaresvivir\/valles-pasiegos-un-paisaje-cantabro-singular\/#primaryimage","url":"https:\/\/www.canariasviaja.com\/viajaresvivir\/wp-content\/uploads\/2022\/08\/Cantabria-14.jpg","contentUrl":"https:\/\/www.canariasviaja.com\/viajaresvivir\/wp-content\/uploads\/2022\/08\/Cantabria-14.jpg","width":1920,"height":1280},{"@type":"BreadcrumbList","@id":"https:\/\/www.canariasviaja.com\/viajaresvivir\/valles-pasiegos-un-paisaje-cantabro-singular\/#breadcrumb","itemListElement":[{"@type":"ListItem","position":1,"name":"Portada","item":"https:\/\/www.canariasviaja.com\/viajaresvivir\/"},{"@type":"ListItem","position":2,"name":"Valles Pasiegos, un paisaje c\u00e1ntabro singular"}]},{"@type":"WebSite","@id":"https:\/\/www.canariasviaja.com\/viajaresvivir\/#website","url":"https:\/\/www.canariasviaja.com\/viajaresvivir\/","name":"Viajar es vivir","description":"El blog de viajes y estilo de vida de CanariasViaja","potentialAction":[{"@type":"SearchAction","target":{"@type":"EntryPoint","urlTemplate":"https:\/\/www.canariasviaja.com\/viajaresvivir\/?s={search_term_string}"},"query-input":{"@type":"PropertyValueSpecification","valueRequired":true,"valueName":"search_term_string"}}],"inLanguage":"es"},{"@type":"Person","@id":"https:\/\/www.canariasviaja.com\/viajaresvivir\/#\/schema\/person\/085949651001325f1244a8bc1b34709c","name":"Patri C\u00e1mpora","image":{"@type":"ImageObject","inLanguage":"es","@id":"https:\/\/www.canariasviaja.com\/viajaresvivir\/#\/schema\/person\/image\/","url":"https:\/\/secure.gravatar.com\/avatar\/b2ce2c4086a5776e5310f57c1a2e5b4e?s=96&d=mm&r=g","contentUrl":"https:\/\/secure.gravatar.com\/avatar\/b2ce2c4086a5776e5310f57c1a2e5b4e?s=96&d=mm&r=g","caption":"Patri C\u00e1mpora"},"url":"https:\/\/www.canariasviaja.com\/viajaresvivir\/author\/patri\/"}]}},"_links":{"self":[{"href":"https:\/\/www.canariasviaja.com\/viajaresvivir\/wp-json\/wp\/v2\/posts\/9253"}],"collection":[{"href":"https:\/\/www.canariasviaja.com\/viajaresvivir\/wp-json\/wp\/v2\/posts"}],"about":[{"href":"https:\/\/www.canariasviaja.com\/viajaresvivir\/wp-json\/wp\/v2\/types\/post"}],"author":[{"embeddable":true,"href":"https:\/\/www.canariasviaja.com\/viajaresvivir\/wp-json\/wp\/v2\/users\/2"}],"replies":[{"embeddable":true,"href":"https:\/\/www.canariasviaja.com\/viajaresvivir\/wp-json\/wp\/v2\/comments?post=9253"}],"version-history":[{"count":9,"href":"https:\/\/www.canariasviaja.com\/viajaresvivir\/wp-json\/wp\/v2\/posts\/9253\/revisions"}],"predecessor-version":[{"id":10858,"href":"https:\/\/www.canariasviaja.com\/viajaresvivir\/wp-json\/wp\/v2\/posts\/9253\/revisions\/10858"}],"wp:featuredmedia":[{"embeddable":true,"href":"https:\/\/www.canariasviaja.com\/viajaresvivir\/wp-json\/wp\/v2\/media\/9266"}],"wp:attachment":[{"href":"https:\/\/www.canariasviaja.com\/viajaresvivir\/wp-json\/wp\/v2\/media?parent=9253"}],"wp:term":[{"taxonomy":"category","embeddable":true,"href":"https:\/\/www.canariasviaja.com\/viajaresvivir\/wp-json\/wp\/v2\/categories?post=9253"},{"taxonomy":"post_tag","embeddable":true,"href":"https:\/\/www.canariasviaja.com\/viajaresvivir\/wp-json\/wp\/v2\/tags?post=9253"}],"curies":[{"name":"wp","href":"https:\/\/api.w.org\/{rel}","templated":true}]}}