{"id":9489,"date":"2022-09-27T11:55:07","date_gmt":"2022-09-27T11:55:07","guid":{"rendered":"https:\/\/www.canariasviaja.com\/viajaresvivir\/?p=9489"},"modified":"2022-09-28T11:37:00","modified_gmt":"2022-09-28T11:37:00","slug":"anaga-biofest","status":"publish","type":"post","link":"https:\/\/www.canariasviaja.com\/viajaresvivir\/anaga-biofest\/","title":{"rendered":"Anaga Biofest, celebrando la biodiversidad de  Anaga"},"content":{"rendered":"\n<p>En el noreste de Tenerife tenemos un tesoro, el<strong> Macizo de Anaga<\/strong>. Casi 50.000 hect\u00e1reas, rodeadas de mar, que fueron declaradas en 2015 <strong>Reserva de la Biosfera<\/strong>, para conservar la diversidad biol\u00f3gica y cultural de la zona y armonizarla con el desarrollo econ\u00f3mico y social de su poblaci\u00f3n a trav\u00e9s de la relaci\u00f3n de las personas con la naturaleza.<\/p>\n\n\n\n<figure class=\"wp-block-image size-full\"><img loading=\"lazy\" decoding=\"async\" width=\"1024\" height=\"683\" src=\"http:\/\/www.canariasviaja.com\/viajaresvivir\/wp-content\/uploads\/2022\/09\/senderismo-anaga.jpg\" alt=\"Anaga Biofest\" class=\"wp-image-9502\" srcset=\"https:\/\/www.canariasviaja.com\/viajaresvivir\/wp-content\/uploads\/2022\/09\/senderismo-anaga.jpg 1024w, https:\/\/www.canariasviaja.com\/viajaresvivir\/wp-content\/uploads\/2022\/09\/senderismo-anaga-300x200.jpg 300w, https:\/\/www.canariasviaja.com\/viajaresvivir\/wp-content\/uploads\/2022\/09\/senderismo-anaga-768x512.jpg 768w\" sizes=\"(max-width: 1024px) 100vw, 1024px\" \/><figcaption>Foto: Anaga Biofest<\/figcaption><\/figure>\n\n\n\n<p>El <strong><a href=\"https:\/\/www.biofest-anaga.com\/\" target=\"_blank\" rel=\"noreferrer noopener nofollow\">Festival Anaga Biofest<\/a> <\/strong>celebra su segunda edici\u00f3n descubri\u00e9ndotela a trav\u00e9s de un programa de 48 actividades, que se desarrollar\u00e1n en los fines de semana del <strong>21 al 23 de octubre <\/strong>(La Laguna Biofest) y del<strong> 28 octubre al 1 de noviembre<\/strong> (Tegueste Biofest).<\/p>\n\n\n\n<div style=\"height:100px\" aria-hidden=\"true\" class=\"wp-block-spacer\"><\/div>\n\n\n\n<h3 class=\"wp-block-heading\">Anaga Biofest, ruralidad sin l\u00edmites<\/h3>\n\n\n\n<figure class=\"wp-block-image size-full\"><img loading=\"lazy\" decoding=\"async\" width=\"1024\" height=\"768\" src=\"http:\/\/www.canariasviaja.com\/viajaresvivir\/wp-content\/uploads\/2022\/09\/Anaga.jpg\" alt=\"Anaga  Biofest\" class=\"wp-image-9495\" srcset=\"https:\/\/www.canariasviaja.com\/viajaresvivir\/wp-content\/uploads\/2022\/09\/Anaga.jpg 1024w, https:\/\/www.canariasviaja.com\/viajaresvivir\/wp-content\/uploads\/2022\/09\/Anaga-300x225.jpg 300w, https:\/\/www.canariasviaja.com\/viajaresvivir\/wp-content\/uploads\/2022\/09\/Anaga-768x576.jpg 768w, https:\/\/www.canariasviaja.com\/viajaresvivir\/wp-content\/uploads\/2022\/09\/Anaga-800x600.jpg 800w\" sizes=\"(max-width: 1024px) 100vw, 1024px\" \/><figcaption>Foto: Anaga Biofest<\/figcaption><\/figure>\n\n\n\n<p>Anaga Biosfest, despu\u00e9s del \u00e9xito de la <a href=\"https:\/\/www.canariasviaja.com\/viajaresvivir\/tegueste-biofest-naturaleza-y-ruralidad-sin-limites-en-anaga\/\">primera edici\u00f3n<\/a> celebrada en Tegueste en 2021, evoluciona para seguir creciendo y visibilizando el potencial de los municipios de <strong>Tegueste, La Laguna y la Reserva de la Biosfera de Anaga.<\/strong><\/p>\n\n\n\n<p>Durante los dos \u00faltimos fines de semana de octubre se desarrollar\u00e1 un<strong> programa lleno de actividades <\/strong>para que descubras un <strong>paisaje cultural equilibrado en un entorno natural singular<\/strong>.<\/p>\n\n\n\n<figure class=\"wp-block-gallery has-nested-images columns-default is-cropped wp-block-gallery-1 is-layout-flex wp-block-gallery-is-layout-flex\">\n<figure class=\"wp-block-image size-large\"><img loading=\"lazy\" decoding=\"async\" width=\"720\" height=\"900\" data-id=\"9500\" src=\"http:\/\/www.canariasviaja.com\/viajaresvivir\/wp-content\/uploads\/2022\/09\/linoyvino3.jpg\" alt=\"\" class=\"wp-image-9500\" srcset=\"https:\/\/www.canariasviaja.com\/viajaresvivir\/wp-content\/uploads\/2022\/09\/linoyvino3.jpg 720w, https:\/\/www.canariasviaja.com\/viajaresvivir\/wp-content\/uploads\/2022\/09\/linoyvino3-240x300.jpg 240w\" sizes=\"(max-width: 720px) 100vw, 720px\" \/><\/figure>\n\n\n\n<figure class=\"wp-block-image size-large\"><img loading=\"lazy\" decoding=\"async\" width=\"1024\" height=\"683\" data-id=\"9504\" src=\"http:\/\/www.canariasviaja.com\/viajaresvivir\/wp-content\/uploads\/2022\/09\/Vin\u0303as.jpg\" alt=\"\" class=\"wp-image-9504\" srcset=\"https:\/\/www.canariasviaja.com\/viajaresvivir\/wp-content\/uploads\/2022\/09\/Vin\u0303as.jpg 1024w, https:\/\/www.canariasviaja.com\/viajaresvivir\/wp-content\/uploads\/2022\/09\/Vin\u0303as-300x200.jpg 300w, https:\/\/www.canariasviaja.com\/viajaresvivir\/wp-content\/uploads\/2022\/09\/Vin\u0303as-768x512.jpg 768w\" sizes=\"(max-width: 1024px) 100vw, 1024px\" \/><\/figure>\n\n\n\n<figure class=\"wp-block-image size-large\"><img loading=\"lazy\" decoding=\"async\" width=\"1024\" height=\"683\" data-id=\"9497\" src=\"http:\/\/www.canariasviaja.com\/viajaresvivir\/wp-content\/uploads\/2022\/09\/Copia-de-TEGUESTE-BIOFEST-2021_313.jpg\" alt=\"\" class=\"wp-image-9497\" srcset=\"https:\/\/www.canariasviaja.com\/viajaresvivir\/wp-content\/uploads\/2022\/09\/Copia-de-TEGUESTE-BIOFEST-2021_313.jpg 1024w, https:\/\/www.canariasviaja.com\/viajaresvivir\/wp-content\/uploads\/2022\/09\/Copia-de-TEGUESTE-BIOFEST-2021_313-300x200.jpg 300w, https:\/\/www.canariasviaja.com\/viajaresvivir\/wp-content\/uploads\/2022\/09\/Copia-de-TEGUESTE-BIOFEST-2021_313-768x512.jpg 768w\" sizes=\"(max-width: 1024px) 100vw, 1024px\" \/><\/figure>\n\n\n\n<figure class=\"wp-block-image size-large\"><img loading=\"lazy\" decoding=\"async\" width=\"1024\" height=\"768\" data-id=\"9494\" src=\"http:\/\/www.canariasviaja.com\/viajaresvivir\/wp-content\/uploads\/2022\/09\/Anaga-Biofest-1.jpg\" alt=\"\" class=\"wp-image-9494\" srcset=\"https:\/\/www.canariasviaja.com\/viajaresvivir\/wp-content\/uploads\/2022\/09\/Anaga-Biofest-1.jpg 1024w, https:\/\/www.canariasviaja.com\/viajaresvivir\/wp-content\/uploads\/2022\/09\/Anaga-Biofest-1-300x225.jpg 300w, https:\/\/www.canariasviaja.com\/viajaresvivir\/wp-content\/uploads\/2022\/09\/Anaga-Biofest-1-768x576.jpg 768w, https:\/\/www.canariasviaja.com\/viajaresvivir\/wp-content\/uploads\/2022\/09\/Anaga-Biofest-1-800x600.jpg 800w\" sizes=\"(max-width: 1024px) 100vw, 1024px\" \/><\/figure>\n\n\n\n<figure class=\"wp-block-image size-large\"><img loading=\"lazy\" decoding=\"async\" width=\"1024\" height=\"683\" data-id=\"9493\" src=\"http:\/\/www.canariasviaja.com\/viajaresvivir\/wp-content\/uploads\/2022\/09\/Anaga-Biofest-2.jpg\" alt=\"\" class=\"wp-image-9493\" srcset=\"https:\/\/www.canariasviaja.com\/viajaresvivir\/wp-content\/uploads\/2022\/09\/Anaga-Biofest-2.jpg 1024w, https:\/\/www.canariasviaja.com\/viajaresvivir\/wp-content\/uploads\/2022\/09\/Anaga-Biofest-2-300x200.jpg 300w, https:\/\/www.canariasviaja.com\/viajaresvivir\/wp-content\/uploads\/2022\/09\/Anaga-Biofest-2-768x512.jpg 768w\" sizes=\"(max-width: 1024px) 100vw, 1024px\" \/><\/figure>\n<\/figure>\n\n\n\n<p>Un completo programa dirigido a <strong>ecoturistas<\/strong> que incluye <strong>rutas de senderismo<\/strong> para todos los niveles, <strong>talleres de artesan\u00eda y de fotograf\u00eda, <\/strong>o <strong>catas de productos kil\u00f3metro cero<\/strong>, para que conozcamos y apreciemos la <strong>riqueza natural, patrimonial, etnogr\u00e1fica y gastron\u00f3mica <\/strong>de este reducto \u00fanico de Tenerife ,de la mano de sus habitantes y entidades locales.<\/p>\n\n\n\n<div style=\"height:100px\" aria-hidden=\"true\" class=\"wp-block-spacer\"><\/div>\n\n\n\n<h3 class=\"wp-block-heading\">Un festival para todos<\/h3>\n\n\n\n<figure class=\"wp-block-image size-full\"><img loading=\"lazy\" decoding=\"async\" width=\"2000\" height=\"1335\" src=\"http:\/\/www.canariasviaja.com\/viajaresvivir\/wp-content\/uploads\/2022\/09\/Anaga-Biofest.jpg\" alt=\"Anaga Biofest\" class=\"wp-image-9492\" srcset=\"https:\/\/www.canariasviaja.com\/viajaresvivir\/wp-content\/uploads\/2022\/09\/Anaga-Biofest.jpg 2000w, https:\/\/www.canariasviaja.com\/viajaresvivir\/wp-content\/uploads\/2022\/09\/Anaga-Biofest-300x200.jpg 300w, https:\/\/www.canariasviaja.com\/viajaresvivir\/wp-content\/uploads\/2022\/09\/Anaga-Biofest-768x513.jpg 768w, https:\/\/www.canariasviaja.com\/viajaresvivir\/wp-content\/uploads\/2022\/09\/Anaga-Biofest-1536x1025.jpg 1536w, https:\/\/www.canariasviaja.com\/viajaresvivir\/wp-content\/uploads\/2022\/09\/Anaga-Biofest-1200x801.jpg 1200w, https:\/\/www.canariasviaja.com\/viajaresvivir\/wp-content\/uploads\/2022\/09\/Anaga-Biofest-1618x1080.jpg 1618w\" sizes=\"(max-width: 2000px) 100vw, 2000px\" \/><figcaption>Foto: Anaga Biofest<\/figcaption><\/figure>\n\n\n\n<p>Si te gusta la naturaleza, conocer las costumbres y tradiciones de un lugar, realizar actividades respetuosas con el medioambiente, aprender sobre los valores naturales y culturales de un territorio singular en familia, o te interesa aprender sobre el sector primario y degustar productos kil\u00f3metro cero, \u00a1eres un ecoturista y este festival es para ti!<\/p>\n\n\n\n<figure class=\"wp-block-image size-full\"><img loading=\"lazy\" decoding=\"async\" width=\"1024\" height=\"768\" src=\"http:\/\/www.canariasviaja.com\/viajaresvivir\/wp-content\/uploads\/2022\/09\/sendero-biofest.jpg\" alt=\"\" class=\"wp-image-9503\" srcset=\"https:\/\/www.canariasviaja.com\/viajaresvivir\/wp-content\/uploads\/2022\/09\/sendero-biofest.jpg 1024w, https:\/\/www.canariasviaja.com\/viajaresvivir\/wp-content\/uploads\/2022\/09\/sendero-biofest-300x225.jpg 300w, https:\/\/www.canariasviaja.com\/viajaresvivir\/wp-content\/uploads\/2022\/09\/sendero-biofest-768x576.jpg 768w, https:\/\/www.canariasviaja.com\/viajaresvivir\/wp-content\/uploads\/2022\/09\/sendero-biofest-800x600.jpg 800w\" sizes=\"(max-width: 1024px) 100vw, 1024px\" \/><figcaption>Foto: Anaga Ecofest<\/figcaption><\/figure>\n\n\n\n<p>El <strong>programa de Anaga Ecofest <\/strong>est\u00e1 dirigido a:<\/p>\n\n\n\n<ul class=\"wp-block-list\"><li><strong><u>ECOTURISTA GENERALISTA:<\/u><\/strong>&nbsp; aquellos que buscan sentir la esencia de la Reserva de la Biosfera del Macizo de Anaga por completo a trav\u00e9s de la combinaci\u00f3n de diferentes encantos: naturaleza, tradiciones, gastronom\u00eda, costumbres locales, etc.&nbsp;<\/li><li><strong><u>ECOTURISTA ACTIVO:<\/u><\/strong><em> <\/em>Los que disfrutan adentr\u00e1ndose en las rutas de senderismo que recorren uno de los territorios con mayor riqueza natural de Tenerife, y buscan estar en contacto con la naturaleza, a la vez que se practican una actividad f\u00edsica respetuosa con el entorno.&nbsp;<\/li><li><strong><u>ECOTURISTA FAMILIAR:<\/u><\/strong><em> <\/em>Los que quieren disfrutar en familia de la Reserva de la Biosfera del Macizo de Anaga, adem\u00e1s de aprender sobre los valores naturales y culturales de un territorio singular, o a partir de una oferta de actividades con un componente de educaci\u00f3n ambiental.&nbsp;<\/li><li><strong><u>ECOTURISTA COMIDISTA<\/u><\/strong>: Aquellos que buscan saborear el lado m\u00e1s natural de un espacio declarado Reserva de la Biosfera, aprender sobre el sector primario y dejarse fascinar por la tradici\u00f3n e innovaci\u00f3n gastron\u00f3mica, a partir de los tesoros agroalimentarios km 0 de Anaga.&nbsp;<\/li><\/ul>\n\n\n\n<div style=\"height:100px\" aria-hidden=\"true\" class=\"wp-block-spacer\"><\/div>\n\n\n\n<h3 class=\"wp-block-heading\">Anaga Biofest: La Laguna Biofest &amp; Tegueste Biofest<\/h3>\n\n\n\n<figure class=\"wp-block-image size-full\"><img loading=\"lazy\" decoding=\"async\" width=\"1024\" height=\"768\" src=\"http:\/\/www.canariasviaja.com\/viajaresvivir\/wp-content\/uploads\/2022\/09\/La-Laguna.jpg\" alt=\"La Laguna biofest\" class=\"wp-image-9499\" srcset=\"https:\/\/www.canariasviaja.com\/viajaresvivir\/wp-content\/uploads\/2022\/09\/La-Laguna.jpg 1024w, https:\/\/www.canariasviaja.com\/viajaresvivir\/wp-content\/uploads\/2022\/09\/La-Laguna-300x225.jpg 300w, https:\/\/www.canariasviaja.com\/viajaresvivir\/wp-content\/uploads\/2022\/09\/La-Laguna-768x576.jpg 768w, https:\/\/www.canariasviaja.com\/viajaresvivir\/wp-content\/uploads\/2022\/09\/La-Laguna-800x600.jpg 800w\" sizes=\"(max-width: 1024px) 100vw, 1024px\" \/><figcaption>Foto: Anaga Biofest<\/figcaption><\/figure>\n\n\n\n<p><strong>Anaga Biofest<\/strong> ampl\u00eda en esta edici\u00f3n sus actividades al municipio de <strong>La Laguna,<\/strong> arrancando su programaci\u00f3n en el fin de semana del <strong>21 al 23 de octubre<\/strong> con <strong>La Laguna Biofest<\/strong>.<\/p>\n\n\n\n<p>El festival continuar\u00e1 en el fin de semana largo del <strong>28 de octubre al 1 de noviembr<\/strong>e, con el  <strong>Tegueste Biofest<\/strong>.<\/p>\n\n\n\n<figure class=\"wp-block-image size-full\"><img loading=\"lazy\" decoding=\"async\" width=\"1024\" height=\"683\" src=\"http:\/\/www.canariasviaja.com\/viajaresvivir\/wp-content\/uploads\/2022\/09\/Punta-del-Hidalgo.jpg\" alt=\"Anaga Biofest\" class=\"wp-image-9501\" srcset=\"https:\/\/www.canariasviaja.com\/viajaresvivir\/wp-content\/uploads\/2022\/09\/Punta-del-Hidalgo.jpg 1024w, https:\/\/www.canariasviaja.com\/viajaresvivir\/wp-content\/uploads\/2022\/09\/Punta-del-Hidalgo-300x200.jpg 300w, https:\/\/www.canariasviaja.com\/viajaresvivir\/wp-content\/uploads\/2022\/09\/Punta-del-Hidalgo-768x512.jpg 768w\" sizes=\"(max-width: 1024px) 100vw, 1024px\" \/><figcaption>Foto: Anaga Biofest<\/figcaption><\/figure>\n\n\n\n<p>Un completo <strong><a href=\"https:\/\/www.biofest-anaga.com\/programa\/\" target=\"_blank\" rel=\"noreferrer noopener\">programa de actividades<\/a><\/strong> que te permitir\u00e1 recorrer los <strong>grandes senderos de Anaga<\/strong>, descubrir los enigmas bot\u00e1nicos de Anaga, aprender a fotografiar la naturaleza, conocer los <strong>caser\u00edos <\/strong>de Anaga y sus tradiciones, ser bodeguero por un d\u00eda, realizar piezas de alfarer\u00eda o cester\u00eda tradicional, darte un <strong>ba\u00f1o de bosque<\/strong>, realizar <strong>catas<\/strong> de cervezas, vinos, quesos o mieles&#8230;, y mucho m\u00e1s.<\/p>\n\n\n\n<figure class=\"wp-block-gallery has-nested-images columns-default is-cropped wp-block-gallery-2 is-layout-flex wp-block-gallery-is-layout-flex\">\n<figure class=\"wp-block-image size-large\"><img loading=\"lazy\" decoding=\"async\" width=\"1024\" height=\"683\" data-id=\"9509\" src=\"http:\/\/www.canariasviaja.com\/viajaresvivir\/wp-content\/uploads\/2022\/09\/Taller-alfareria.jpg\" alt=\"\" class=\"wp-image-9509\" srcset=\"https:\/\/www.canariasviaja.com\/viajaresvivir\/wp-content\/uploads\/2022\/09\/Taller-alfareria.jpg 1024w, https:\/\/www.canariasviaja.com\/viajaresvivir\/wp-content\/uploads\/2022\/09\/Taller-alfareria-300x200.jpg 300w, https:\/\/www.canariasviaja.com\/viajaresvivir\/wp-content\/uploads\/2022\/09\/Taller-alfareria-768x512.jpg 768w\" sizes=\"(max-width: 1024px) 100vw, 1024px\" \/><\/figure>\n\n\n\n<figure class=\"wp-block-image size-large\"><img loading=\"lazy\" decoding=\"async\" width=\"1024\" height=\"683\" data-id=\"9506\" src=\"http:\/\/www.canariasviaja.com\/viajaresvivir\/wp-content\/uploads\/2022\/09\/Actividad-Tegueste-Biofest.jpg\" alt=\"\" class=\"wp-image-9506\" srcset=\"https:\/\/www.canariasviaja.com\/viajaresvivir\/wp-content\/uploads\/2022\/09\/Actividad-Tegueste-Biofest.jpg 1024w, https:\/\/www.canariasviaja.com\/viajaresvivir\/wp-content\/uploads\/2022\/09\/Actividad-Tegueste-Biofest-300x200.jpg 300w, https:\/\/www.canariasviaja.com\/viajaresvivir\/wp-content\/uploads\/2022\/09\/Actividad-Tegueste-Biofest-768x512.jpg 768w\" sizes=\"(max-width: 1024px) 100vw, 1024px\" \/><\/figure>\n<\/figure>\n\n\n\n<p>Todas las actividades se realizan en <strong>grupos peque\u00f1os<\/strong>, de un m\u00e1ximo 20 personas, para fomentar la interrelaci\u00f3n entre los participantes y los agentes locales, creando <strong>experiencias \u00fanicas y personalizadas.<\/strong><\/p>\n\n\n\n<figure class=\"wp-block-image size-full\"><img loading=\"lazy\" decoding=\"async\" width=\"1024\" height=\"683\" src=\"http:\/\/www.canariasviaja.com\/viajaresvivir\/wp-content\/uploads\/2022\/09\/Tegueste-Biofest.jpg\" alt=\"Tegueste Biofest\" class=\"wp-image-9510\" srcset=\"https:\/\/www.canariasviaja.com\/viajaresvivir\/wp-content\/uploads\/2022\/09\/Tegueste-Biofest.jpg 1024w, https:\/\/www.canariasviaja.com\/viajaresvivir\/wp-content\/uploads\/2022\/09\/Tegueste-Biofest-300x200.jpg 300w, https:\/\/www.canariasviaja.com\/viajaresvivir\/wp-content\/uploads\/2022\/09\/Tegueste-Biofest-768x512.jpg 768w\" sizes=\"(max-width: 1024px) 100vw, 1024px\" \/><figcaption>Foto: Anaga Biofest<\/figcaption><\/figure>\n\n\n\n<p>Puedes dise\u00f1ar un programa a medida combinando varias actividades para sumergirte en la esencia de este enclave privilegiado de Tenerife, reconectando con la naturaleza en todas sus vertientes y<strong> <\/strong>dej\u00e1ndote llevar po<strong>r la magia de la Reserva de la Biosfera de Anaga<\/strong> con <strong>Anaga Biofest.<\/strong><\/p>\n\n\n\n<p><\/p>\n\n\n\n<div class=\"wp-block-buttons is-layout-flex wp-block-buttons-is-layout-flex\">\n<div class=\"wp-block-button aligncenter\"><a class=\"wp-block-button__link\" href=\"https:\/\/bit.ly\/3xVjNaP\">Dise\u00f1a tu experiencia Anaga Biofest con CanariasViaja.com<\/a><\/div>\n<\/div>\n","protected":false},"excerpt":{"rendered":"<p>Anaga Biofest es un festival que pone  en valor el patrimonio natural, cultural, etnogr\u00e1fico y gastron\u00f3mico de la Reserva Natural de Anaga, uno de los enclaves m\u00e1s singulares de Tenerife.<\/p>\n","protected":false},"author":2,"featured_media":9492,"comment_status":"open","ping_status":"open","sticky":false,"template":"","format":"standard","meta":{"_acf_changed":false,"sfsi_plus_gutenberg_text_before_share":"","sfsi_plus_gutenberg_show_text_before_share":"","sfsi_plus_gutenberg_icon_type":"","sfsi_plus_gutenberg_icon_alignemt":"","sfsi_plus_gutenburg_max_per_row":"","footnotes":""},"categories":[125,9,574,123,10,126],"tags":[521,615,116,906,364,434],"class_list":["post-9489","post","type-post","status-publish","format-standard","has-post-thumbnail","hentry","category-aventurate","category-canarias","category-consejos-viajeros","category-explora","category-historias-viajeras","category-saborea","tag-anaga","tag-la-laguna","tag-senderismo","tag-tegueste","tag-tenerife","tag-turismo-sostenible"],"acf":[],"yoast_head":"<!-- This site is optimized with the Yoast SEO plugin v24.1 - https:\/\/yoast.com\/wordpress\/plugins\/seo\/ -->\n<title>Anaga Biofest - Viajar es vivir<\/title>\n<meta name=\"description\" content=\"Anaga Biofest te descubre la riqueza natural, etnogr\u00e1fica, patrimonial, gastron\u00f3mica y cultural de la Reserva Natural de Anaga, un para\u00edso inalterado.\" \/>\n<meta name=\"robots\" content=\"index, follow, max-snippet:-1, max-image-preview:large, max-video-preview:-1\" \/>\n<link rel=\"canonical\" href=\"https:\/\/www.canariasviaja.com\/viajaresvivir\/anaga-biofest\/\" \/>\n<meta property=\"og:locale\" content=\"es_ES\" \/>\n<meta property=\"og:type\" content=\"article\" \/>\n<meta property=\"og:title\" content=\"Anaga Biofest - Viajar es vivir\" \/>\n<meta property=\"og:description\" content=\"Anaga Biofest te descubre la riqueza natural, etnogr\u00e1fica, patrimonial, gastron\u00f3mica y cultural de la Reserva Natural de Anaga, un para\u00edso inalterado.\" \/>\n<meta property=\"og:url\" content=\"https:\/\/www.canariasviaja.com\/viajaresvivir\/anaga-biofest\/\" \/>\n<meta property=\"og:site_name\" content=\"Viajar es vivir\" \/>\n<meta property=\"article:published_time\" content=\"2022-09-27T11:55:07+00:00\" \/>\n<meta property=\"article:modified_time\" content=\"2022-09-28T11:37:00+00:00\" \/>\n<meta property=\"og:image\" content=\"http:\/\/www.canariasviaja.com\/viajaresvivir\/wp-content\/uploads\/2022\/09\/Anaga-Biofest.jpg\" \/>\n\t<meta property=\"og:image:width\" content=\"2000\" \/>\n\t<meta property=\"og:image:height\" content=\"1335\" \/>\n\t<meta property=\"og:image:type\" content=\"image\/jpeg\" \/>\n<meta name=\"author\" content=\"Patri C\u00e1mpora\" \/>\n<meta name=\"twitter:card\" content=\"summary_large_image\" \/>\n<meta name=\"twitter:label1\" content=\"Escrito por\" \/>\n\t<meta name=\"twitter:data1\" content=\"Patri C\u00e1mpora\" \/>\n\t<meta name=\"twitter:label2\" content=\"Tiempo de lectura\" \/>\n\t<meta name=\"twitter:data2\" content=\"6 minutos\" \/>\n<script type=\"application\/ld+json\" class=\"yoast-schema-graph\">{\"@context\":\"https:\/\/schema.org\",\"@graph\":[{\"@type\":\"WebPage\",\"@id\":\"https:\/\/www.canariasviaja.com\/viajaresvivir\/anaga-biofest\/\",\"url\":\"https:\/\/www.canariasviaja.com\/viajaresvivir\/anaga-biofest\/\",\"name\":\"Anaga Biofest - Viajar es vivir\",\"isPartOf\":{\"@id\":\"https:\/\/www.canariasviaja.com\/viajaresvivir\/#website\"},\"primaryImageOfPage\":{\"@id\":\"https:\/\/www.canariasviaja.com\/viajaresvivir\/anaga-biofest\/#primaryimage\"},\"image\":{\"@id\":\"https:\/\/www.canariasviaja.com\/viajaresvivir\/anaga-biofest\/#primaryimage\"},\"thumbnailUrl\":\"https:\/\/www.canariasviaja.com\/viajaresvivir\/wp-content\/uploads\/2022\/09\/Anaga-Biofest.jpg\",\"datePublished\":\"2022-09-27T11:55:07+00:00\",\"dateModified\":\"2022-09-28T11:37:00+00:00\",\"author\":{\"@id\":\"https:\/\/www.canariasviaja.com\/viajaresvivir\/#\/schema\/person\/085949651001325f1244a8bc1b34709c\"},\"description\":\"Anaga Biofest te descubre la riqueza natural, etnogr\u00e1fica, patrimonial, gastron\u00f3mica y cultural de la Reserva Natural de Anaga, un para\u00edso inalterado.\",\"breadcrumb\":{\"@id\":\"https:\/\/www.canariasviaja.com\/viajaresvivir\/anaga-biofest\/#breadcrumb\"},\"inLanguage\":\"es\",\"potentialAction\":[{\"@type\":\"ReadAction\",\"target\":[\"https:\/\/www.canariasviaja.com\/viajaresvivir\/anaga-biofest\/\"]}]},{\"@type\":\"ImageObject\",\"inLanguage\":\"es\",\"@id\":\"https:\/\/www.canariasviaja.com\/viajaresvivir\/anaga-biofest\/#primaryimage\",\"url\":\"https:\/\/www.canariasviaja.com\/viajaresvivir\/wp-content\/uploads\/2022\/09\/Anaga-Biofest.jpg\",\"contentUrl\":\"https:\/\/www.canariasviaja.com\/viajaresvivir\/wp-content\/uploads\/2022\/09\/Anaga-Biofest.jpg\",\"width\":2000,\"height\":1335,\"caption\":\"Anaga Biofest\"},{\"@type\":\"BreadcrumbList\",\"@id\":\"https:\/\/www.canariasviaja.com\/viajaresvivir\/anaga-biofest\/#breadcrumb\",\"itemListElement\":[{\"@type\":\"ListItem\",\"position\":1,\"name\":\"Portada\",\"item\":\"https:\/\/www.canariasviaja.com\/viajaresvivir\/\"},{\"@type\":\"ListItem\",\"position\":2,\"name\":\"Anaga Biofest, celebrando la biodiversidad de Anaga\"}]},{\"@type\":\"WebSite\",\"@id\":\"https:\/\/www.canariasviaja.com\/viajaresvivir\/#website\",\"url\":\"https:\/\/www.canariasviaja.com\/viajaresvivir\/\",\"name\":\"Viajar es vivir\",\"description\":\"El blog de viajes y estilo de vida de CanariasViaja\",\"potentialAction\":[{\"@type\":\"SearchAction\",\"target\":{\"@type\":\"EntryPoint\",\"urlTemplate\":\"https:\/\/www.canariasviaja.com\/viajaresvivir\/?s={search_term_string}\"},\"query-input\":{\"@type\":\"PropertyValueSpecification\",\"valueRequired\":true,\"valueName\":\"search_term_string\"}}],\"inLanguage\":\"es\"},{\"@type\":\"Person\",\"@id\":\"https:\/\/www.canariasviaja.com\/viajaresvivir\/#\/schema\/person\/085949651001325f1244a8bc1b34709c\",\"name\":\"Patri C\u00e1mpora\",\"image\":{\"@type\":\"ImageObject\",\"inLanguage\":\"es\",\"@id\":\"https:\/\/www.canariasviaja.com\/viajaresvivir\/#\/schema\/person\/image\/\",\"url\":\"https:\/\/secure.gravatar.com\/avatar\/b2ce2c4086a5776e5310f57c1a2e5b4e?s=96&d=mm&r=g\",\"contentUrl\":\"https:\/\/secure.gravatar.com\/avatar\/b2ce2c4086a5776e5310f57c1a2e5b4e?s=96&d=mm&r=g\",\"caption\":\"Patri C\u00e1mpora\"},\"url\":\"https:\/\/www.canariasviaja.com\/viajaresvivir\/author\/patri\/\"}]}<\/script>\n<!-- \/ Yoast SEO plugin. -->","yoast_head_json":{"title":"Anaga Biofest - Viajar es vivir","description":"Anaga Biofest te descubre la riqueza natural, etnogr\u00e1fica, patrimonial, gastron\u00f3mica y cultural de la Reserva Natural de Anaga, un para\u00edso inalterado.","robots":{"index":"index","follow":"follow","max-snippet":"max-snippet:-1","max-image-preview":"max-image-preview:large","max-video-preview":"max-video-preview:-1"},"canonical":"https:\/\/www.canariasviaja.com\/viajaresvivir\/anaga-biofest\/","og_locale":"es_ES","og_type":"article","og_title":"Anaga Biofest - Viajar es vivir","og_description":"Anaga Biofest te descubre la riqueza natural, etnogr\u00e1fica, patrimonial, gastron\u00f3mica y cultural de la Reserva Natural de Anaga, un para\u00edso inalterado.","og_url":"https:\/\/www.canariasviaja.com\/viajaresvivir\/anaga-biofest\/","og_site_name":"Viajar es vivir","article_published_time":"2022-09-27T11:55:07+00:00","article_modified_time":"2022-09-28T11:37:00+00:00","og_image":[{"width":2000,"height":1335,"url":"http:\/\/www.canariasviaja.com\/viajaresvivir\/wp-content\/uploads\/2022\/09\/Anaga-Biofest.jpg","type":"image\/jpeg"}],"author":"Patri C\u00e1mpora","twitter_card":"summary_large_image","twitter_misc":{"Escrito por":"Patri C\u00e1mpora","Tiempo de lectura":"6 minutos"},"schema":{"@context":"https:\/\/schema.org","@graph":[{"@type":"WebPage","@id":"https:\/\/www.canariasviaja.com\/viajaresvivir\/anaga-biofest\/","url":"https:\/\/www.canariasviaja.com\/viajaresvivir\/anaga-biofest\/","name":"Anaga Biofest - Viajar es vivir","isPartOf":{"@id":"https:\/\/www.canariasviaja.com\/viajaresvivir\/#website"},"primaryImageOfPage":{"@id":"https:\/\/www.canariasviaja.com\/viajaresvivir\/anaga-biofest\/#primaryimage"},"image":{"@id":"https:\/\/www.canariasviaja.com\/viajaresvivir\/anaga-biofest\/#primaryimage"},"thumbnailUrl":"https:\/\/www.canariasviaja.com\/viajaresvivir\/wp-content\/uploads\/2022\/09\/Anaga-Biofest.jpg","datePublished":"2022-09-27T11:55:07+00:00","dateModified":"2022-09-28T11:37:00+00:00","author":{"@id":"https:\/\/www.canariasviaja.com\/viajaresvivir\/#\/schema\/person\/085949651001325f1244a8bc1b34709c"},"description":"Anaga Biofest te descubre la riqueza natural, etnogr\u00e1fica, patrimonial, gastron\u00f3mica y cultural de la Reserva Natural de Anaga, un para\u00edso inalterado.","breadcrumb":{"@id":"https:\/\/www.canariasviaja.com\/viajaresvivir\/anaga-biofest\/#breadcrumb"},"inLanguage":"es","potentialAction":[{"@type":"ReadAction","target":["https:\/\/www.canariasviaja.com\/viajaresvivir\/anaga-biofest\/"]}]},{"@type":"ImageObject","inLanguage":"es","@id":"https:\/\/www.canariasviaja.com\/viajaresvivir\/anaga-biofest\/#primaryimage","url":"https:\/\/www.canariasviaja.com\/viajaresvivir\/wp-content\/uploads\/2022\/09\/Anaga-Biofest.jpg","contentUrl":"https:\/\/www.canariasviaja.com\/viajaresvivir\/wp-content\/uploads\/2022\/09\/Anaga-Biofest.jpg","width":2000,"height":1335,"caption":"Anaga Biofest"},{"@type":"BreadcrumbList","@id":"https:\/\/www.canariasviaja.com\/viajaresvivir\/anaga-biofest\/#breadcrumb","itemListElement":[{"@type":"ListItem","position":1,"name":"Portada","item":"https:\/\/www.canariasviaja.com\/viajaresvivir\/"},{"@type":"ListItem","position":2,"name":"Anaga Biofest, celebrando la biodiversidad de Anaga"}]},{"@type":"WebSite","@id":"https:\/\/www.canariasviaja.com\/viajaresvivir\/#website","url":"https:\/\/www.canariasviaja.com\/viajaresvivir\/","name":"Viajar es vivir","description":"El blog de viajes y estilo de vida de CanariasViaja","potentialAction":[{"@type":"SearchAction","target":{"@type":"EntryPoint","urlTemplate":"https:\/\/www.canariasviaja.com\/viajaresvivir\/?s={search_term_string}"},"query-input":{"@type":"PropertyValueSpecification","valueRequired":true,"valueName":"search_term_string"}}],"inLanguage":"es"},{"@type":"Person","@id":"https:\/\/www.canariasviaja.com\/viajaresvivir\/#\/schema\/person\/085949651001325f1244a8bc1b34709c","name":"Patri C\u00e1mpora","image":{"@type":"ImageObject","inLanguage":"es","@id":"https:\/\/www.canariasviaja.com\/viajaresvivir\/#\/schema\/person\/image\/","url":"https:\/\/secure.gravatar.com\/avatar\/b2ce2c4086a5776e5310f57c1a2e5b4e?s=96&d=mm&r=g","contentUrl":"https:\/\/secure.gravatar.com\/avatar\/b2ce2c4086a5776e5310f57c1a2e5b4e?s=96&d=mm&r=g","caption":"Patri C\u00e1mpora"},"url":"https:\/\/www.canariasviaja.com\/viajaresvivir\/author\/patri\/"}]}},"_links":{"self":[{"href":"https:\/\/www.canariasviaja.com\/viajaresvivir\/wp-json\/wp\/v2\/posts\/9489"}],"collection":[{"href":"https:\/\/www.canariasviaja.com\/viajaresvivir\/wp-json\/wp\/v2\/posts"}],"about":[{"href":"https:\/\/www.canariasviaja.com\/viajaresvivir\/wp-json\/wp\/v2\/types\/post"}],"author":[{"embeddable":true,"href":"https:\/\/www.canariasviaja.com\/viajaresvivir\/wp-json\/wp\/v2\/users\/2"}],"replies":[{"embeddable":true,"href":"https:\/\/www.canariasviaja.com\/viajaresvivir\/wp-json\/wp\/v2\/comments?post=9489"}],"version-history":[{"count":10,"href":"https:\/\/www.canariasviaja.com\/viajaresvivir\/wp-json\/wp\/v2\/posts\/9489\/revisions"}],"predecessor-version":[{"id":9519,"href":"https:\/\/www.canariasviaja.com\/viajaresvivir\/wp-json\/wp\/v2\/posts\/9489\/revisions\/9519"}],"wp:featuredmedia":[{"embeddable":true,"href":"https:\/\/www.canariasviaja.com\/viajaresvivir\/wp-json\/wp\/v2\/media\/9492"}],"wp:attachment":[{"href":"https:\/\/www.canariasviaja.com\/viajaresvivir\/wp-json\/wp\/v2\/media?parent=9489"}],"wp:term":[{"taxonomy":"category","embeddable":true,"href":"https:\/\/www.canariasviaja.com\/viajaresvivir\/wp-json\/wp\/v2\/categories?post=9489"},{"taxonomy":"post_tag","embeddable":true,"href":"https:\/\/www.canariasviaja.com\/viajaresvivir\/wp-json\/wp\/v2\/tags?post=9489"}],"curies":[{"name":"wp","href":"https:\/\/api.w.org\/{rel}","templated":true}]}}