{"id":9724,"date":"2022-11-06T19:55:12","date_gmt":"2022-11-06T19:55:12","guid":{"rendered":"https:\/\/www.canariasviaja.com\/viajaresvivir\/?p=9724"},"modified":"2022-11-06T20:22:53","modified_gmt":"2022-11-06T20:22:53","slug":"vitoria-ciudad-verde","status":"publish","type":"post","link":"https:\/\/www.canariasviaja.com\/viajaresvivir\/vitoria-ciudad-verde\/","title":{"rendered":"Vitoria, ciudad verde"},"content":{"rendered":"\n<p><strong>Vitoria-Gasteiz es una ciudad que apuesta por sostenibilidad y por la calidad de vida<\/strong>. Con 42m2 de zona verde por persona, ocupa la primera posici\u00f3n de Europa en cuanto a zonas verdes consolidadas. Los vitorianos conviven con m\u00e1s de 150.000 \u00e1rboles y 70.000 arbustos, que convierten la ciudad en un enorme jard\u00edn bot\u00e1nico.<\/p>\n\n\n\n<figure class=\"wp-block-image size-full\"><img loading=\"lazy\" decoding=\"async\" width=\"1024\" height=\"739\" src=\"http:\/\/www.canariasviaja.com\/viajaresvivir\/wp-content\/uploads\/2022\/11\/Centro-vitoria.jpg\" alt=\"Vitoria ciudad verde\" class=\"wp-image-9730\" srcset=\"https:\/\/www.canariasviaja.com\/viajaresvivir\/wp-content\/uploads\/2022\/11\/Centro-vitoria.jpg 1024w, https:\/\/www.canariasviaja.com\/viajaresvivir\/wp-content\/uploads\/2022\/11\/Centro-vitoria-300x217.jpg 300w, https:\/\/www.canariasviaja.com\/viajaresvivir\/wp-content\/uploads\/2022\/11\/Centro-vitoria-768x554.jpg 768w\" sizes=\"(max-width: 1024px) 100vw, 1024px\" \/><figcaption>Imagen facilitada por el Departamento de Turismo, Comercio y Consumo del Gobierno Vasco<\/figcaption><\/figure>\n\n\n\n<p>Pero adem\u00e1s, la capital de \u00c1lava presume de estar rodeada por un <strong>anillo verde<\/strong> de bosques, lagunas, r\u00edos, humedales, praderas, setos y riberas. Un territorio recuperado gracias a la apuesta firme por la sostenibilidad que dio comienzo a inicios de los a\u00f1os 90 y que ha convertido la periferia de Vitoria- Gasteiz en un enorme pulm\u00f3n.  Un ambicioso proyecto que ha contribuido a la cohesi\u00f3n social y ha recuperado el enorme patrimonio natural y la biodiversidad perdida para el disfrute de todos sus ciudadanos, que conviven en armon\u00eda con la naturaleza.<\/p>\n\n\n\n<p>Mete calzado c\u00f3modo en la maleta. <strong>Te esperan paseos inolvidables por el anillo verde de Vitoria- Gasteiz.<\/strong><\/p>\n\n\n\n<div style=\"height:100px\" aria-hidden=\"true\" class=\"wp-block-spacer\"><\/div>\n\n\n\n<h3 class=\"wp-block-heading\">Anillo verde de Vitoria- Gasteiz<\/h3>\n\n\n\n<p>La periferia de la capital alavesa est\u00e1 te\u00f1ida de verde. La ciudad est\u00e1 rodeada por un entorno de alto valor ecol\u00f3gico y paisaj\u00edstico que se comunica entre s\u00ed gracias a corredores eco-recreativos que invitan a recorrerlos a pie o bici. Una gran \u00e1rea recreativa para disfrutar de la naturaleza a unos pasos de la ciudad.<\/p>\n\n\n\n<p>En este anillo encontraremos bosques, humedales, r\u00edos, dehesas, praderas, setos, riberas y un jard\u00edn bot\u00e1nico, todos conectados por  un sendero circular de m\u00e1s de 30 kil\u00f3metros,<strong> la Vuelta al anillo Verde.<\/strong><\/p>\n\n\n\n<p>Algunos de estos espacios, como los <strong>humedales de Salburua y el r\u00edo Zadorra<\/strong>, han sido reconocidos internacionalmente por su alto valor ecol\u00f3gico y forman parte de la<strong> Red Natura 2000<\/strong>.<\/p>\n\n\n\n<p>Adem\u00e1s de practicar actividades en la naturaleza en la amplia red de senderos que los recorren, el anillo verde es un lugar ideal para realizar actividades de educaci\u00f3n ambiental, como observaci\u00f3n de aves, visitas al <strong>Centro de interpretaci\u00f3n Ataria<\/strong>, la Casa de la Dehesa de Olarizu, o  las huertas ecol\u00f3gicas.<\/p>\n\n\n\n<div style=\"height:100px\" aria-hidden=\"true\" class=\"wp-block-spacer\"><\/div>\n\n\n\n<h3 class=\"wp-block-heading\">Parque de Salburua<\/h3>\n\n\n\n<p>Acceder a las diferentes zonas del anillo es muy f\u00e1cil desde el centro de la ciudad. Por ejemplo, a tan solo 10 minutos en coche del centro de Vitoria nos encontraremos en  el coraz\u00f3n del <strong>Parque de Salburua.<\/strong><\/p>\n\n\n\n<figure class=\"wp-block-image size-full\"><img loading=\"lazy\" decoding=\"async\" width=\"1024\" height=\"491\" src=\"http:\/\/www.canariasviaja.com\/viajaresvivir\/wp-content\/uploads\/2022\/11\/Salburua-3.jpg\" alt=\"Anillo verde\" class=\"wp-image-9726\" srcset=\"https:\/\/www.canariasviaja.com\/viajaresvivir\/wp-content\/uploads\/2022\/11\/Salburua-3.jpg 1024w, https:\/\/www.canariasviaja.com\/viajaresvivir\/wp-content\/uploads\/2022\/11\/Salburua-3-300x144.jpg 300w, https:\/\/www.canariasviaja.com\/viajaresvivir\/wp-content\/uploads\/2022\/11\/Salburua-3-768x368.jpg 768w\" sizes=\"(max-width: 1024px) 100vw, 1024px\" \/><figcaption>Laguna de Salburua. Imagen facilitada por el Departamento de Turismo, Comercio y Consumo del Gobierno Vasco<\/figcaption><\/figure>\n\n\n\n<p>Este parque se caracteriza por sus humedales, integrados en la lista de importancia de humedales de importancia internacional y considerados<strong> los humedales continentales m\u00e1s importantes de Euskadi. <\/strong>Este parque e<strong>s punto de encuentro de ornit\u00f3logos<\/strong> europeos que acuden a disfrutar de la variedad de aves que se encuentran aqu\u00ed.<\/p>\n\n\n\n<figure class=\"wp-block-image size-full\"><img loading=\"lazy\" decoding=\"async\" width=\"1024\" height=\"504\" src=\"http:\/\/www.canariasviaja.com\/viajaresvivir\/wp-content\/uploads\/2022\/11\/Salburua-4.jpg\" alt=\"anillo verde\" class=\"wp-image-9727\" srcset=\"https:\/\/www.canariasviaja.com\/viajaresvivir\/wp-content\/uploads\/2022\/11\/Salburua-4.jpg 1024w, https:\/\/www.canariasviaja.com\/viajaresvivir\/wp-content\/uploads\/2022\/11\/Salburua-4-300x148.jpg 300w, https:\/\/www.canariasviaja.com\/viajaresvivir\/wp-content\/uploads\/2022\/11\/Salburua-4-768x378.jpg 768w\" sizes=\"(max-width: 1024px) 100vw, 1024px\" \/><figcaption>Laguna de Salburua. Imagen facilitada por el Departamento de Turismo, Comercio y Consumo del Gobierno Vasco<\/figcaption><\/figure>\n\n\n\n<p>Para disfrutar de ellas puedes acudir a los  <strong>observatorios de aves<\/strong> que encontrar\u00e1s en el parque: el de las Zumas y los Fresnos en el interior del parque, y el situado en <strong>Ataria<\/strong>, el centro de interpretaci\u00f3n de los humedales de Salburua, uno de los rincones m\u00e1s singulares del Anillo Verde, en la entrada norte  del parque. Un espacio que acoge actividades de ocio y entretenimiento, interpretaci\u00f3n, divulgaci\u00f3n y comunicaci\u00f3n, estudio e investigaci\u00f3n. El objetivo de Ataria es favorecer el conocimiento de los humedales y mostrar sus valores, y, por extensi\u00f3n, la importancia de la biodiversidad y del patrimonio natural<\/p>\n\n\n\n<figure class=\"wp-block-image size-full is-resized\"><img loading=\"lazy\" decoding=\"async\" src=\"http:\/\/www.canariasviaja.com\/viajaresvivir\/wp-content\/uploads\/2022\/11\/Ataria.jpg\" alt=\"Ciudad verde\" class=\"wp-image-9729\" width=\"840\" height=\"560\" srcset=\"https:\/\/www.canariasviaja.com\/viajaresvivir\/wp-content\/uploads\/2022\/11\/Ataria.jpg 1024w, https:\/\/www.canariasviaja.com\/viajaresvivir\/wp-content\/uploads\/2022\/11\/Ataria-300x200.jpg 300w, https:\/\/www.canariasviaja.com\/viajaresvivir\/wp-content\/uploads\/2022\/11\/Ataria-768x512.jpg 768w\" sizes=\"(max-width: 840px) 100vw, 840px\" \/><\/figure>\n\n\n\n<figure class=\"wp-block-image size-full\"><img loading=\"lazy\" decoding=\"async\" width=\"1024\" height=\"683\" src=\"http:\/\/www.canariasviaja.com\/viajaresvivir\/wp-content\/uploads\/2022\/11\/Ataria-int.jpg\" alt=\"\" class=\"wp-image-9739\" srcset=\"https:\/\/www.canariasviaja.com\/viajaresvivir\/wp-content\/uploads\/2022\/11\/Ataria-int.jpg 1024w, https:\/\/www.canariasviaja.com\/viajaresvivir\/wp-content\/uploads\/2022\/11\/Ataria-int-300x200.jpg 300w, https:\/\/www.canariasviaja.com\/viajaresvivir\/wp-content\/uploads\/2022\/11\/Ataria-int-768x512.jpg 768w\" sizes=\"(max-width: 1024px) 100vw, 1024px\" \/><figcaption> Ataria.  Imagen facilitada por el Departamento de Turismo, Comercio y Consumo del Gobierno Vasco<\/figcaption><\/figure>\n\n\n\n<p>Durante todo el a\u00f1o podemos participar en actividades de observaci\u00f3n de la avifauna presente en el parque, como los patos, \u00e1nades friso y rabudo, \u00e1nsar com\u00fan, silb\u00f3n europeo, cuchara com\u00fan, \u00e1nade azul\u00f3n, cerceta com\u00fan, porr\u00f3n europeo, que lo visitan en oto\u00f1o. Tambi\u00e9n se ven f\u00e1cilmente focha, somormujo lavanco, zampull\u00edn chico, gaviota reidora, gaviota patiamarilla, garza real y garceta com\u00fan.<\/p>\n\n\n\n<p>Podremos disfrutar tambi\u00e9n la contemplaci\u00f3n de las manadas de ciervos que viven en libertad junto a las lagunas o ser testigos de la berrea<\/p>\n\n\n\n<figure class=\"wp-block-image size-full\"><img loading=\"lazy\" decoding=\"async\" width=\"1024\" height=\"398\" src=\"http:\/\/www.canariasviaja.com\/viajaresvivir\/wp-content\/uploads\/2022\/11\/Salburua-5.jpg\" alt=\"\" class=\"wp-image-9734\" srcset=\"https:\/\/www.canariasviaja.com\/viajaresvivir\/wp-content\/uploads\/2022\/11\/Salburua-5.jpg 1024w, https:\/\/www.canariasviaja.com\/viajaresvivir\/wp-content\/uploads\/2022\/11\/Salburua-5-300x117.jpg 300w, https:\/\/www.canariasviaja.com\/viajaresvivir\/wp-content\/uploads\/2022\/11\/Salburua-5-768x299.jpg 768w\" sizes=\"(max-width: 1024px) 100vw, 1024px\" \/><\/figure>\n\n\n\n<figure class=\"wp-block-image size-full\"><img loading=\"lazy\" decoding=\"async\" width=\"1024\" height=\"377\" src=\"http:\/\/www.canariasviaja.com\/viajaresvivir\/wp-content\/uploads\/2022\/11\/Salburua-2.jpg\" alt=\"Anillo verde de Vitoria\" class=\"wp-image-9725\" srcset=\"https:\/\/www.canariasviaja.com\/viajaresvivir\/wp-content\/uploads\/2022\/11\/Salburua-2.jpg 1024w, https:\/\/www.canariasviaja.com\/viajaresvivir\/wp-content\/uploads\/2022\/11\/Salburua-2-300x110.jpg 300w, https:\/\/www.canariasviaja.com\/viajaresvivir\/wp-content\/uploads\/2022\/11\/Salburua-2-768x283.jpg 768w\" sizes=\"(max-width: 1024px) 100vw, 1024px\" \/><figcaption>Ciervos en la Laguna de Salburua. Imagen facilitada por el Departamento de Turismo, Comercio y Consumo del Gobierno Vasco<\/figcaption><\/figure>\n\n\n\n<p>El parque de Salburua est\u00e1 recorrido por una extensa red de senderos que podemos transitar a pie o en bici para disfrutar de su tranquilidad y belleza. Al estar tan pr\u00f3ximo a la ciudad es una popular zona de ocio entre los habitantes de Vitoria.<\/p>\n\n\n\n<figure class=\"wp-block-image size-full\"><img loading=\"lazy\" decoding=\"async\" width=\"1024\" height=\"447\" src=\"http:\/\/www.canariasviaja.com\/viajaresvivir\/wp-content\/uploads\/2022\/11\/Salburua-8.jpg\" alt=\"en bici\" class=\"wp-image-9733\" srcset=\"https:\/\/www.canariasviaja.com\/viajaresvivir\/wp-content\/uploads\/2022\/11\/Salburua-8.jpg 1024w, https:\/\/www.canariasviaja.com\/viajaresvivir\/wp-content\/uploads\/2022\/11\/Salburua-8-300x131.jpg 300w, https:\/\/www.canariasviaja.com\/viajaresvivir\/wp-content\/uploads\/2022\/11\/Salburua-8-768x335.jpg 768w\" sizes=\"(max-width: 1024px) 100vw, 1024px\" \/><figcaption>Imagen facilitada por el Departamento de Turismo, Comercio y Consumo del Gobierno Vasco<\/figcaption><\/figure>\n\n\n\n<div style=\"height:100px\" aria-hidden=\"true\" class=\"wp-block-spacer\"><\/div>\n\n\n\n<p><strong>Horario de invierno<\/strong>&nbsp;(del 1 de noviembre al 31 de marzo):<br>Ma\u00f1anas: de 10:00 a 14:00h.<br>Tardes: de 16:00 a 19:00 h.<\/p>\n\n\n\n<p><strong>Horario de verano<\/strong>&nbsp;(del 1 de abril al 31 de octubre):<\/p>\n\n\n\n<p>Ma\u00f1anas: de 10:00 a 14:00h.<br>Tardes: de 16:00 a 20:00 h.<\/p>\n\n\n\n<p>Abierto de lunes a domingo.<br>Tel\u00e9fono: 945 254 759<\/p>\n\n\n\n<p><a href=\"http:\/\/www.vitoria-gasteiz.org\/anilloWeb\/documentos\/633es.pdf\" target=\"_blank\" rel=\"noreferrer noopener\">Descargar folleto del Parque de Salburua<\/a><\/p>\n\n\n\n<p><a href=\"http:\/\/maps.google.es\/maps\/ms?ie=UTF8&amp;msa=0&amp;hl=es&amp;msid=101467176477451379522.000001122841b30c60ba4\" target=\"_blank\" rel=\"noreferrer noopener\">Ver plano del Parque de Salburua<\/a><\/p>\n\n\n\n<div style=\"height:100px\" aria-hidden=\"true\" class=\"wp-block-spacer\"><\/div>\n\n\n\n<h3 class=\"wp-block-heading\">Zabalgana<\/h3>\n\n\n\n<p>Situado a cuatro kil\u00f3metros al oeste de Vitoria, es una zona muy especial ya que es la muestra de que se pueden recuperar terrenos muy degradados, como este que antiguamente ocupaba una gravera.  Representa el contacto entre la ciudad y el mundo agr\u00edcola, con amplias vistas sobre la Llanada Alavesa y los montes circundantes. Praderas, bosques y lagunas artificiales y peque\u00f1as lomas y cerros conviven en perfecta armon\u00eda con \u00e1reas de descanso, senderos y un bosque natural.<\/p>\n\n\n\n<p>El bosque de quejigo es, desde el punto de vista ecol\u00f3gico, lo m\u00e1s destacable del espacio ya que se trata de un bosque-isla inmerso en un mar de cultivos<strong>.<\/strong><\/p>\n\n\n\n<div style=\"height:100px\" aria-hidden=\"true\" class=\"wp-block-spacer\"><\/div>\n\n\n\n<h3 class=\"wp-block-heading\">Jard\u00edn Bot\u00e1nico de Olarizu<\/h3>\n\n\n\n<p>Situado en el Anillo Verde de Vitoria-Gasteiz, al sur de la ciudad, se extiende el <strong>Jard\u00edn Bot\u00e1nico de Olarizu,<\/strong> creado con la misi\u00f3n de \u201cconservar, divulgar y poner en valor la biodiversidad vegetal local, regional, europea y global\u201d.<\/p>\n\n\n\n<p>En sus m\u00e1s de 120 hect\u00e1reas, el jard\u00edn acoge distintas colecciones de plantas, entre las que destaca una representaci\u00f3n de los principales&nbsp;<strong>bosques de Europa<\/strong>, adem\u00e1s de otras formaciones vegetales, albergando m\u00e1s de un millar de especies diferentes. Es un lugar ideal para el paseo y el aprendizaje en relaci\u00f3n con el mundo de las plantas.<\/p>\n\n\n\n<p>El mejor punto de partida para visitar el Jard\u00edn es la&nbsp;<strong>Casa de la Dehesa<\/strong>, desde donde tambi\u00e9n se puede acceder a otros lugares de inter\u00e9s cercanos, como los Montes de Vitoria o el cerro de Est\u00edbaliz, a trav\u00e9s de los muchos senderos que por all\u00ed discurren, como la Vuelta al Anillo Verde, la V\u00eda Verde del Vasco Navarro, la Colada de Pe\u00f1a Beto\u00f1o y la GR 25 Vuelta a la Llanada Alavesa.<\/p>\n\n\n\n<div style=\"height:100px\" aria-hidden=\"true\" class=\"wp-block-spacer\"><\/div>\n\n\n\n<h3 class=\"wp-block-heading\">Parque de Armentia<\/h3>\n\n\n\n<figure class=\"wp-block-image size-full\"><img loading=\"lazy\" decoding=\"async\" width=\"1024\" height=\"337\" src=\"http:\/\/www.canariasviaja.com\/viajaresvivir\/wp-content\/uploads\/2022\/11\/Bosque.jpg\" alt=\"Bosque\" class=\"wp-image-9737\" srcset=\"https:\/\/www.canariasviaja.com\/viajaresvivir\/wp-content\/uploads\/2022\/11\/Bosque.jpg 1024w, https:\/\/www.canariasviaja.com\/viajaresvivir\/wp-content\/uploads\/2022\/11\/Bosque-300x99.jpg 300w, https:\/\/www.canariasviaja.com\/viajaresvivir\/wp-content\/uploads\/2022\/11\/Bosque-768x253.jpg 768w\" sizes=\"(max-width: 1024px) 100vw, 1024px\" \/><figcaption>Imagen facilitada por el Departamento de Turismo, Comercio y Consumo del Gobierno Vasco<\/figcaption><\/figure>\n\n\n\n<p>A tres kil\u00f3metros al suroeste de Vitoria-Gasteiz se encuentra el <strong>Parque de Armentia<\/strong>. Un extenso bosque natural de quejigo, situado entre el n\u00facleo urbano y los Montes de Vitoria, principal sistema monta\u00f1oso y uno de los espacios naturales m\u00e1s valiosos del municipio de Vitoria-Gasteiz. Precisamente su localizaci\u00f3n convierte al Bosque de Armentia en un verdadero <strong>corredor biol\u00f3gico<\/strong> entre las \u00e1reas forestales de Montes de Vitoria, las \u00e1reas verdes periurbanas y el ecosistema urbano, y es en este papel donde reside el valor principal del parque de Armentia.<\/p>\n\n\n\n<p>Con un 70% de su superficie cubierta por masa forestal es el hogar de jabal\u00edes, la ardillas, aves rapaces y hasta una treintena de especies de peque\u00f1os p\u00e1jaros como jilgueros, pinzones, petirrojos y carboneros.<\/p>\n\n\n\n<div style=\"height:0px\" aria-hidden=\"true\" class=\"wp-block-spacer\"><\/div>\n\n\n\n<div style=\"height:100px\" aria-hidden=\"true\" class=\"wp-block-spacer\"><\/div>\n\n\n\n<h3 class=\"wp-block-heading\">Parque del R\u00edo Alegr\u00eda<\/h3>\n\n\n\n<p> Se encuentra entre el r\u00edo Zadorra y los Humedales de Salburua. Un total de 11 hect\u00e1reas de terreno acondicionado a orillas del r\u00edo Alegr\u00eda. Este parque tiene una especial relevancia porque constituye \u2018un corredor ecol\u00f3gico\u2019 entre dos valiosos ecosistemas. Sirve, adem\u00e1s, de refugio para algunas especies en peligro de desaparici\u00f3n, como el vis\u00f3n europeo.<\/p>\n\n\n\n<div style=\"height:100px\" aria-hidden=\"true\" class=\"wp-block-spacer\"><\/div>\n\n\n\n<h3 class=\"wp-block-heading\">Parque del R\u00edo Zadorra<\/h3>\n\n\n\n<p>Al norte de la ciudad encontramos su r\u00edo m\u00e1s importante, el Zadorra. <\/p>\n\n\n\n<p> Discurre al norte de la ciudad actuando como l\u00edmite a la expansi\u00f3n de \u00e9sta. Poseedor de importantes valores naturales que han motivado su declaraci\u00f3n como espacio LIC (Lugar de Inter\u00e9s Comunitario) dentro de la Red Europea Natura 2000 de Espacios Naturales Protegidos, el Zadorra y su entorno constituyen como un espacio ideal para el ocio y el paseo.<\/p>\n\n\n\n<p>El acondicionamiento integral del r\u00edo -hidr\u00e1ulico, ambiental y socio recreativo-, en todo su recorrido de contacto con la ciudad, se est\u00e1 realizando por fases y tramos. En un futuro pr\u00f3ximo se podr\u00e1 disponer de un extenso parque fluvial de 13 km de longitud y una superficie de 213 ha, que actuar\u00e1 como eslab\u00f3n fundamental del Anillo Verde, entre los humedales de Salburua y el parque de Zabalgana.<\/p>\n\n\n\n<figure class=\"wp-block-image size-full\"><img loading=\"lazy\" decoding=\"async\" width=\"1024\" height=\"403\" src=\"http:\/\/www.canariasviaja.com\/viajaresvivir\/wp-content\/uploads\/2022\/11\/EMBALSE_DEL_ZADORRA_ae\u0301rea_QUINTAS.jpg\" alt=\"cinturon verde\" class=\"wp-image-9741\" srcset=\"https:\/\/www.canariasviaja.com\/viajaresvivir\/wp-content\/uploads\/2022\/11\/EMBALSE_DEL_ZADORRA_ae\u0301rea_QUINTAS.jpg 1024w, https:\/\/www.canariasviaja.com\/viajaresvivir\/wp-content\/uploads\/2022\/11\/EMBALSE_DEL_ZADORRA_ae\u0301rea_QUINTAS-300x118.jpg 300w, https:\/\/www.canariasviaja.com\/viajaresvivir\/wp-content\/uploads\/2022\/11\/EMBALSE_DEL_ZADORRA_ae\u0301rea_QUINTAS-768x302.jpg 768w\" sizes=\"(max-width: 1024px) 100vw, 1024px\" \/><figcaption>Embalse de Zadorra. Imagen facilitada por el Departamento de Turismo, Comercio y Consumo del Gobierno Vasco<\/figcaption><\/figure>\n\n\n\n<div style=\"height:100px\" aria-hidden=\"true\" class=\"wp-block-spacer\"><\/div>\n\n\n\n<p class=\"has-text-align-center\">Vitoria- Gasteiz es una ciudad que respira calidad de vida. <\/p>\n\n\n\n<div class=\"wp-block-buttons is-content-justification-center is-layout-flex wp-container-core-buttons-is-layout-1 wp-block-buttons-is-layout-flex\">\n<div class=\"wp-block-button\"><a class=\"wp-block-button__link\">\u00a1Descubre el lado m\u00e1s verde de Vitoria!<\/a><\/div>\n<\/div>\n","protected":false},"excerpt":{"rendered":"<p>Descubre el anillo verde que hace de Vitoria- Gasteiz una ciudad en la que se respira calidad de vida.<\/p>\n","protected":false},"author":2,"featured_media":9725,"comment_status":"open","ping_status":"open","sticky":false,"template":"","format":"standard","meta":{"_acf_changed":false,"sfsi_plus_gutenberg_text_before_share":"","sfsi_plus_gutenberg_show_text_before_share":"","sfsi_plus_gutenberg_icon_type":"","sfsi_plus_gutenberg_icon_alignemt":"","sfsi_plus_gutenburg_max_per_row":"","footnotes":""},"categories":[124,123,10,100,197,358],"tags":[919,263,396,720,116],"class_list":["post-9724","post","type-post","status-publish","format-standard","has-post-thumbnail","hentry","category-descubre","category-explora","category-historias-viajeras","category-peninsulaybaleares","category-rincones-por-descubrir","category-vitoria-gasteiz","tag-actividades-al-aire-libre","tag-escapada-urbana","tag-observacion-de-aves","tag-pais-vasco","tag-senderismo"],"acf":[],"yoast_head":"<!-- This site is optimized with the Yoast SEO plugin v24.1 - https:\/\/yoast.com\/wordpress\/plugins\/seo\/ -->\n<title>Vitoria, ciudad verde - Viajar es vivir<\/title>\n<meta name=\"description\" content=\"Vitoria es una ciudad verde, porque es una de las ciudades pioneras en apostar por la sostenibilidad y porque est\u00e1 rodeada de un pulm\u00f3n verde.\" \/>\n<meta name=\"robots\" content=\"index, follow, max-snippet:-1, max-image-preview:large, max-video-preview:-1\" \/>\n<link rel=\"canonical\" href=\"https:\/\/www.canariasviaja.com\/viajaresvivir\/vitoria-ciudad-verde\/\" \/>\n<meta property=\"og:locale\" content=\"es_ES\" \/>\n<meta property=\"og:type\" content=\"article\" \/>\n<meta property=\"og:title\" content=\"Vitoria, ciudad verde - Viajar es vivir\" \/>\n<meta property=\"og:description\" content=\"Vitoria es una ciudad verde, porque es una de las ciudades pioneras en apostar por la sostenibilidad y porque est\u00e1 rodeada de un pulm\u00f3n verde.\" \/>\n<meta property=\"og:url\" content=\"https:\/\/www.canariasviaja.com\/viajaresvivir\/vitoria-ciudad-verde\/\" \/>\n<meta property=\"og:site_name\" content=\"Viajar es vivir\" \/>\n<meta property=\"article:published_time\" content=\"2022-11-06T19:55:12+00:00\" \/>\n<meta property=\"article:modified_time\" content=\"2022-11-06T20:22:53+00:00\" \/>\n<meta property=\"og:image\" content=\"http:\/\/www.canariasviaja.com\/viajaresvivir\/wp-content\/uploads\/2022\/11\/Salburua-2.jpg\" \/>\n\t<meta property=\"og:image:width\" content=\"1024\" \/>\n\t<meta property=\"og:image:height\" content=\"377\" \/>\n\t<meta property=\"og:image:type\" content=\"image\/jpeg\" \/>\n<meta name=\"author\" content=\"Patri C\u00e1mpora\" \/>\n<meta name=\"twitter:card\" content=\"summary_large_image\" \/>\n<meta name=\"twitter:label1\" content=\"Escrito por\" \/>\n\t<meta name=\"twitter:data1\" content=\"Patri C\u00e1mpora\" \/>\n\t<meta name=\"twitter:label2\" content=\"Tiempo de lectura\" \/>\n\t<meta name=\"twitter:data2\" content=\"9 minutos\" \/>\n<script type=\"application\/ld+json\" class=\"yoast-schema-graph\">{\"@context\":\"https:\/\/schema.org\",\"@graph\":[{\"@type\":\"WebPage\",\"@id\":\"https:\/\/www.canariasviaja.com\/viajaresvivir\/vitoria-ciudad-verde\/\",\"url\":\"https:\/\/www.canariasviaja.com\/viajaresvivir\/vitoria-ciudad-verde\/\",\"name\":\"Vitoria, ciudad verde - Viajar es vivir\",\"isPartOf\":{\"@id\":\"https:\/\/www.canariasviaja.com\/viajaresvivir\/#website\"},\"primaryImageOfPage\":{\"@id\":\"https:\/\/www.canariasviaja.com\/viajaresvivir\/vitoria-ciudad-verde\/#primaryimage\"},\"image\":{\"@id\":\"https:\/\/www.canariasviaja.com\/viajaresvivir\/vitoria-ciudad-verde\/#primaryimage\"},\"thumbnailUrl\":\"https:\/\/www.canariasviaja.com\/viajaresvivir\/wp-content\/uploads\/2022\/11\/Salburua-2.jpg\",\"datePublished\":\"2022-11-06T19:55:12+00:00\",\"dateModified\":\"2022-11-06T20:22:53+00:00\",\"author\":{\"@id\":\"https:\/\/www.canariasviaja.com\/viajaresvivir\/#\/schema\/person\/085949651001325f1244a8bc1b34709c\"},\"description\":\"Vitoria es una ciudad verde, porque es una de las ciudades pioneras en apostar por la sostenibilidad y porque est\u00e1 rodeada de un pulm\u00f3n verde.\",\"breadcrumb\":{\"@id\":\"https:\/\/www.canariasviaja.com\/viajaresvivir\/vitoria-ciudad-verde\/#breadcrumb\"},\"inLanguage\":\"es\",\"potentialAction\":[{\"@type\":\"ReadAction\",\"target\":[\"https:\/\/www.canariasviaja.com\/viajaresvivir\/vitoria-ciudad-verde\/\"]}]},{\"@type\":\"ImageObject\",\"inLanguage\":\"es\",\"@id\":\"https:\/\/www.canariasviaja.com\/viajaresvivir\/vitoria-ciudad-verde\/#primaryimage\",\"url\":\"https:\/\/www.canariasviaja.com\/viajaresvivir\/wp-content\/uploads\/2022\/11\/Salburua-2.jpg\",\"contentUrl\":\"https:\/\/www.canariasviaja.com\/viajaresvivir\/wp-content\/uploads\/2022\/11\/Salburua-2.jpg\",\"width\":1024,\"height\":377,\"caption\":\"Anillo verde de Vitoria\"},{\"@type\":\"BreadcrumbList\",\"@id\":\"https:\/\/www.canariasviaja.com\/viajaresvivir\/vitoria-ciudad-verde\/#breadcrumb\",\"itemListElement\":[{\"@type\":\"ListItem\",\"position\":1,\"name\":\"Portada\",\"item\":\"https:\/\/www.canariasviaja.com\/viajaresvivir\/\"},{\"@type\":\"ListItem\",\"position\":2,\"name\":\"Vitoria, ciudad verde\"}]},{\"@type\":\"WebSite\",\"@id\":\"https:\/\/www.canariasviaja.com\/viajaresvivir\/#website\",\"url\":\"https:\/\/www.canariasviaja.com\/viajaresvivir\/\",\"name\":\"Viajar es vivir\",\"description\":\"El blog de viajes y estilo de vida de CanariasViaja\",\"potentialAction\":[{\"@type\":\"SearchAction\",\"target\":{\"@type\":\"EntryPoint\",\"urlTemplate\":\"https:\/\/www.canariasviaja.com\/viajaresvivir\/?s={search_term_string}\"},\"query-input\":{\"@type\":\"PropertyValueSpecification\",\"valueRequired\":true,\"valueName\":\"search_term_string\"}}],\"inLanguage\":\"es\"},{\"@type\":\"Person\",\"@id\":\"https:\/\/www.canariasviaja.com\/viajaresvivir\/#\/schema\/person\/085949651001325f1244a8bc1b34709c\",\"name\":\"Patri C\u00e1mpora\",\"image\":{\"@type\":\"ImageObject\",\"inLanguage\":\"es\",\"@id\":\"https:\/\/www.canariasviaja.com\/viajaresvivir\/#\/schema\/person\/image\/\",\"url\":\"https:\/\/secure.gravatar.com\/avatar\/b2ce2c4086a5776e5310f57c1a2e5b4e?s=96&d=mm&r=g\",\"contentUrl\":\"https:\/\/secure.gravatar.com\/avatar\/b2ce2c4086a5776e5310f57c1a2e5b4e?s=96&d=mm&r=g\",\"caption\":\"Patri C\u00e1mpora\"},\"url\":\"https:\/\/www.canariasviaja.com\/viajaresvivir\/author\/patri\/\"}]}<\/script>\n<!-- \/ Yoast SEO plugin. -->","yoast_head_json":{"title":"Vitoria, ciudad verde - Viajar es vivir","description":"Vitoria es una ciudad verde, porque es una de las ciudades pioneras en apostar por la sostenibilidad y porque est\u00e1 rodeada de un pulm\u00f3n verde.","robots":{"index":"index","follow":"follow","max-snippet":"max-snippet:-1","max-image-preview":"max-image-preview:large","max-video-preview":"max-video-preview:-1"},"canonical":"https:\/\/www.canariasviaja.com\/viajaresvivir\/vitoria-ciudad-verde\/","og_locale":"es_ES","og_type":"article","og_title":"Vitoria, ciudad verde - Viajar es vivir","og_description":"Vitoria es una ciudad verde, porque es una de las ciudades pioneras en apostar por la sostenibilidad y porque est\u00e1 rodeada de un pulm\u00f3n verde.","og_url":"https:\/\/www.canariasviaja.com\/viajaresvivir\/vitoria-ciudad-verde\/","og_site_name":"Viajar es vivir","article_published_time":"2022-11-06T19:55:12+00:00","article_modified_time":"2022-11-06T20:22:53+00:00","og_image":[{"width":1024,"height":377,"url":"http:\/\/www.canariasviaja.com\/viajaresvivir\/wp-content\/uploads\/2022\/11\/Salburua-2.jpg","type":"image\/jpeg"}],"author":"Patri C\u00e1mpora","twitter_card":"summary_large_image","twitter_misc":{"Escrito por":"Patri C\u00e1mpora","Tiempo de lectura":"9 minutos"},"schema":{"@context":"https:\/\/schema.org","@graph":[{"@type":"WebPage","@id":"https:\/\/www.canariasviaja.com\/viajaresvivir\/vitoria-ciudad-verde\/","url":"https:\/\/www.canariasviaja.com\/viajaresvivir\/vitoria-ciudad-verde\/","name":"Vitoria, ciudad verde - Viajar es vivir","isPartOf":{"@id":"https:\/\/www.canariasviaja.com\/viajaresvivir\/#website"},"primaryImageOfPage":{"@id":"https:\/\/www.canariasviaja.com\/viajaresvivir\/vitoria-ciudad-verde\/#primaryimage"},"image":{"@id":"https:\/\/www.canariasviaja.com\/viajaresvivir\/vitoria-ciudad-verde\/#primaryimage"},"thumbnailUrl":"https:\/\/www.canariasviaja.com\/viajaresvivir\/wp-content\/uploads\/2022\/11\/Salburua-2.jpg","datePublished":"2022-11-06T19:55:12+00:00","dateModified":"2022-11-06T20:22:53+00:00","author":{"@id":"https:\/\/www.canariasviaja.com\/viajaresvivir\/#\/schema\/person\/085949651001325f1244a8bc1b34709c"},"description":"Vitoria es una ciudad verde, porque es una de las ciudades pioneras en apostar por la sostenibilidad y porque est\u00e1 rodeada de un pulm\u00f3n verde.","breadcrumb":{"@id":"https:\/\/www.canariasviaja.com\/viajaresvivir\/vitoria-ciudad-verde\/#breadcrumb"},"inLanguage":"es","potentialAction":[{"@type":"ReadAction","target":["https:\/\/www.canariasviaja.com\/viajaresvivir\/vitoria-ciudad-verde\/"]}]},{"@type":"ImageObject","inLanguage":"es","@id":"https:\/\/www.canariasviaja.com\/viajaresvivir\/vitoria-ciudad-verde\/#primaryimage","url":"https:\/\/www.canariasviaja.com\/viajaresvivir\/wp-content\/uploads\/2022\/11\/Salburua-2.jpg","contentUrl":"https:\/\/www.canariasviaja.com\/viajaresvivir\/wp-content\/uploads\/2022\/11\/Salburua-2.jpg","width":1024,"height":377,"caption":"Anillo verde de Vitoria"},{"@type":"BreadcrumbList","@id":"https:\/\/www.canariasviaja.com\/viajaresvivir\/vitoria-ciudad-verde\/#breadcrumb","itemListElement":[{"@type":"ListItem","position":1,"name":"Portada","item":"https:\/\/www.canariasviaja.com\/viajaresvivir\/"},{"@type":"ListItem","position":2,"name":"Vitoria, ciudad verde"}]},{"@type":"WebSite","@id":"https:\/\/www.canariasviaja.com\/viajaresvivir\/#website","url":"https:\/\/www.canariasviaja.com\/viajaresvivir\/","name":"Viajar es vivir","description":"El blog de viajes y estilo de vida de CanariasViaja","potentialAction":[{"@type":"SearchAction","target":{"@type":"EntryPoint","urlTemplate":"https:\/\/www.canariasviaja.com\/viajaresvivir\/?s={search_term_string}"},"query-input":{"@type":"PropertyValueSpecification","valueRequired":true,"valueName":"search_term_string"}}],"inLanguage":"es"},{"@type":"Person","@id":"https:\/\/www.canariasviaja.com\/viajaresvivir\/#\/schema\/person\/085949651001325f1244a8bc1b34709c","name":"Patri C\u00e1mpora","image":{"@type":"ImageObject","inLanguage":"es","@id":"https:\/\/www.canariasviaja.com\/viajaresvivir\/#\/schema\/person\/image\/","url":"https:\/\/secure.gravatar.com\/avatar\/b2ce2c4086a5776e5310f57c1a2e5b4e?s=96&d=mm&r=g","contentUrl":"https:\/\/secure.gravatar.com\/avatar\/b2ce2c4086a5776e5310f57c1a2e5b4e?s=96&d=mm&r=g","caption":"Patri C\u00e1mpora"},"url":"https:\/\/www.canariasviaja.com\/viajaresvivir\/author\/patri\/"}]}},"_links":{"self":[{"href":"https:\/\/www.canariasviaja.com\/viajaresvivir\/wp-json\/wp\/v2\/posts\/9724"}],"collection":[{"href":"https:\/\/www.canariasviaja.com\/viajaresvivir\/wp-json\/wp\/v2\/posts"}],"about":[{"href":"https:\/\/www.canariasviaja.com\/viajaresvivir\/wp-json\/wp\/v2\/types\/post"}],"author":[{"embeddable":true,"href":"https:\/\/www.canariasviaja.com\/viajaresvivir\/wp-json\/wp\/v2\/users\/2"}],"replies":[{"embeddable":true,"href":"https:\/\/www.canariasviaja.com\/viajaresvivir\/wp-json\/wp\/v2\/comments?post=9724"}],"version-history":[{"count":10,"href":"https:\/\/www.canariasviaja.com\/viajaresvivir\/wp-json\/wp\/v2\/posts\/9724\/revisions"}],"predecessor-version":[{"id":9755,"href":"https:\/\/www.canariasviaja.com\/viajaresvivir\/wp-json\/wp\/v2\/posts\/9724\/revisions\/9755"}],"wp:featuredmedia":[{"embeddable":true,"href":"https:\/\/www.canariasviaja.com\/viajaresvivir\/wp-json\/wp\/v2\/media\/9725"}],"wp:attachment":[{"href":"https:\/\/www.canariasviaja.com\/viajaresvivir\/wp-json\/wp\/v2\/media?parent=9724"}],"wp:term":[{"taxonomy":"category","embeddable":true,"href":"https:\/\/www.canariasviaja.com\/viajaresvivir\/wp-json\/wp\/v2\/categories?post=9724"},{"taxonomy":"post_tag","embeddable":true,"href":"https:\/\/www.canariasviaja.com\/viajaresvivir\/wp-json\/wp\/v2\/tags?post=9724"}],"curies":[{"name":"wp","href":"https:\/\/api.w.org\/{rel}","templated":true}]}}