{"id":9766,"date":"2022-11-17T10:41:33","date_gmt":"2022-11-17T10:41:33","guid":{"rendered":"https:\/\/www.canariasviaja.com\/viajaresvivir\/?p=9766"},"modified":"2022-11-17T11:02:23","modified_gmt":"2022-11-17T11:02:23","slug":"medersa-ben-yossuf","status":"publish","type":"post","link":"https:\/\/www.canariasviaja.com\/viajaresvivir\/medersa-ben-yossuf\/","title":{"rendered":"Medersa Ben Youssef"},"content":{"rendered":"\n<p>Visitar la <strong>Medersa Ben Youssef<\/strong>  (conocida tambi\u00e9n como <strong>Madraza Ben Youssef<\/strong>), es uno de los imprescindibles de <strong><a href=\"https:\/\/www.canariasviaja.com\/viajaresvivir\/la-medina-de-marrakech-siente-su-embrujo\/\">Marrakech<\/a>.<\/strong><\/p>\n\n\n\n<p>Est\u00e1 situada en el l\u00edmite norte de los <a href=\"https:\/\/www.canariasviaja.com\/viajaresvivir\/la-medina-de-marrakech-siente-su-embrujo\/\">zocos<\/a>, junto al \u00faltimo vestigio de arte almor\u00e1vide en la Medina, la <strong>Kuba Ba Adyyin<\/strong>, y el <strong>Museo de Marrakech<\/strong>.<\/p>\n\n\n<div class=\"wp-block-image\">\n<figure class=\"aligncenter size-full is-resized\"><img decoding=\"async\" src=\"http:\/\/www.canariasviaja.com\/viajaresvivir\/wp-content\/uploads\/2022\/11\/Medersa-Ben-Youssef2.jpg\" alt=\"Medersa Ben Youssef\" class=\"wp-image-9768\" width=\"400\" srcset=\"https:\/\/www.canariasviaja.com\/viajaresvivir\/wp-content\/uploads\/2022\/11\/Medersa-Ben-Youssef2.jpg 554w, https:\/\/www.canariasviaja.com\/viajaresvivir\/wp-content\/uploads\/2022\/11\/Medersa-Ben-Youssef2-185x300.jpg 185w\" sizes=\"(max-width: 554px) 100vw, 554px\" \/><figcaption>Kuba Ba Adyin<\/figcaption><\/figure><\/div>\n\n\n<p>La Medersa Ben Youssef es un colegio o <strong>escuela musulmana de estudios superiores <\/strong>construido, por orden del sult\u00e1n Abdallah al-Ghabilb, para dar servicio a la mezquita aleda\u00f1a que lleva el mismo nombre. Su construcci\u00f3n finaliz\u00f3 en 1565, aunque fue totalmente reconstruida por los saad\u00edes, quienes dejaron la impronta de su arte y arquitectura en la misma.<\/p>\n\n\n\n<p>Fue <strong>uno de los principales centros de conocimiento de Marruecos <\/strong>y estuvo en funcionamiento durante cinco siglos, hasta que en 1960 cerr\u00f3 sus puertas, reabri\u00e9ndose a principios de los 80 para la difusi\u00f3n del patrimonio isl\u00e1mico.<\/p>\n\n\n\n<p>Esta es<strong> la madraza m\u00e1s importante de Marruecos <\/strong>y tambi\u00e9n la m\u00e1s grande, ya que lleg\u00f3 a alojar hasta a 900 estudiantes.<\/p>\n\n\n\n<div style=\"height:100px\" aria-hidden=\"true\" class=\"wp-block-spacer\"><\/div>\n\n\n\n<h3 class=\"wp-block-heading\"><strong>Visitar la Medersa Ben Youssef<\/strong><\/h3>\n\n\n\n<p>Se puede visitar todos los d\u00edas en horario de 9 a 18 horas. Con la <strong>entrada<\/strong> puedes visitar tambi\u00e9n el Museo de Marrakech y la Quobba almor\u00e1vide de Marrakech.<\/p>\n\n\n<div class=\"wp-block-image\">\n<figure class=\"aligncenter size-full is-resized\"><img decoding=\"async\" src=\"http:\/\/www.canariasviaja.com\/viajaresvivir\/wp-content\/uploads\/2022\/11\/Medersa-Ben-Youssef5.jpg\" alt=\"\" class=\"wp-image-9771\" width=\"400\" srcset=\"https:\/\/www.canariasviaja.com\/viajaresvivir\/wp-content\/uploads\/2022\/11\/Medersa-Ben-Youssef5.jpg 601w, https:\/\/www.canariasviaja.com\/viajaresvivir\/wp-content\/uploads\/2022\/11\/Medersa-Ben-Youssef5-200x300.jpg 200w\" sizes=\"(max-width: 601px) 100vw, 601px\" \/><figcaption>Visita a Medersa Ben Youssef en Marrakech<\/figcaption><\/figure><\/div>\n\n\n<p>La visita comienza en el <strong>patio<\/strong>, presidido por una gran alberca dedicada a las abluciones. Tras el estanque se encuentra una<strong> sala<\/strong> que serv\u00eda para la ense\u00f1anza y la oraci\u00f3n, profusamente decorada con motivos de pi\u00f1as y palmeras.<\/p>\n\n\n\n<figure class=\"wp-block-image size-full\"><img loading=\"lazy\" decoding=\"async\" width=\"2000\" height=\"1335\" src=\"http:\/\/www.canariasviaja.com\/viajaresvivir\/wp-content\/uploads\/2022\/11\/Medersa-Ben-Youssef3.jpg\" alt=\"Medersa Ben Youssef\" class=\"wp-image-9773\" srcset=\"https:\/\/www.canariasviaja.com\/viajaresvivir\/wp-content\/uploads\/2022\/11\/Medersa-Ben-Youssef3.jpg 2000w, https:\/\/www.canariasviaja.com\/viajaresvivir\/wp-content\/uploads\/2022\/11\/Medersa-Ben-Youssef3-300x200.jpg 300w, https:\/\/www.canariasviaja.com\/viajaresvivir\/wp-content\/uploads\/2022\/11\/Medersa-Ben-Youssef3-768x513.jpg 768w, https:\/\/www.canariasviaja.com\/viajaresvivir\/wp-content\/uploads\/2022\/11\/Medersa-Ben-Youssef3-1536x1025.jpg 1536w, https:\/\/www.canariasviaja.com\/viajaresvivir\/wp-content\/uploads\/2022\/11\/Medersa-Ben-Youssef3-1200x801.jpg 1200w, https:\/\/www.canariasviaja.com\/viajaresvivir\/wp-content\/uploads\/2022\/11\/Medersa-Ben-Youssef3-1618x1080.jpg 1618w\" sizes=\"(max-width: 2000px) 100vw, 2000px\" \/><\/figure>\n\n\n\n<p>La decoraci\u00f3n, tanto del patio como del aula \u00fanica, es espectacular. All\u00ed encontraremos una mezcla de madera de cedro, estuco, mosaicos y m\u00e1rmol, t\u00edpica de la <strong>arquitectura de la dinast\u00eda saad\u00ed.<\/strong><\/p>\n\n\n\n<p>En la parte superior se encuentran las ciento treinta <strong>celdas<\/strong>. Espacios peque\u00f1os y austeros en los que dorm\u00edan los estudiantes. En alguna de ellas podemos observar algunos de los \u00fatiles de estudio que usaban e imaginarnos su vida all\u00ed.<\/p>\n\n\n<div class=\"wp-block-image\">\n<figure class=\"aligncenter size-full is-resized\"><img decoding=\"async\" src=\"http:\/\/www.canariasviaja.com\/viajaresvivir\/wp-content\/uploads\/2022\/11\/Medersa-Ben-Youssef.jpg\" alt=\"Celdas Medersa Ben youssef\" class=\"wp-image-9772\" width=\"400\" srcset=\"https:\/\/www.canariasviaja.com\/viajaresvivir\/wp-content\/uploads\/2022\/11\/Medersa-Ben-Youssef.jpg 601w, https:\/\/www.canariasviaja.com\/viajaresvivir\/wp-content\/uploads\/2022\/11\/Medersa-Ben-Youssef-200x300.jpg 200w\" sizes=\"(max-width: 601px) 100vw, 601px\" \/><figcaption>Pasillo celdas Medersa Ben Youssef<\/figcaption><\/figure><\/div>\n\n\n<p>La<strong> visita a la Medersa Ben Youssef est\u00e1 permitida a los no musulmanes<\/strong>, a diferencia de las mezquitas, exclusiva de los practicantes de esta religi\u00f3n.<\/p>\n\n\n\n<div class=\"wp-block-buttons is-content-justification-center is-layout-flex wp-container-core-buttons-is-layout-1 wp-block-buttons-is-layout-flex\">\n<div class=\"wp-block-button\"><a class=\"wp-block-button__link\" href=\"https:\/\/bit.ly\/3EOgYfD\">Descubre la magia de Marrakech<\/a><\/div>\n<\/div>\n","protected":false},"excerpt":{"rendered":"<p>La Medersa Ben Youssef  es una de las visitas imprescindibles en Marrakech. Un monumento representativo del arte y la arquitectura saaid\u00ed.<\/p>\n","protected":false},"author":2,"featured_media":9773,"comment_status":"open","ping_status":"open","sticky":false,"template":"","format":"standard","meta":{"_acf_changed":false,"sfsi_plus_gutenberg_text_before_share":"","sfsi_plus_gutenberg_show_text_before_share":"","sfsi_plus_gutenberg_icon_type":"","sfsi_plus_gutenberg_icon_alignemt":"","sfsi_plus_gutenburg_max_per_row":"","footnotes":""},"categories":[7,124,123,10,96,197,1],"tags":[648,414,920,140],"class_list":["post-9766","post","type-post","status-publish","format-standard","has-post-thumbnail","hentry","category-africa","category-descubre","category-explora","category-historias-viajeras","category-marruecos","category-rincones-por-descubrir","category-sin-categoria","tag-arquitectura","tag-arte","tag-arte-islamico","tag-marrakech"],"acf":[],"yoast_head":"<!-- This site is optimized with the Yoast SEO plugin v24.1 - https:\/\/yoast.com\/wordpress\/plugins\/seo\/ -->\n<title>Medersa Ben Youssef - Viajar es vivir<\/title>\n<meta name=\"description\" content=\"Medersa Ben Yossuf ,la que fuera la principal escuela cor\u00e1nica del pa\u00eds, destaca por su arquitectura saaid\u00ed. Imprescindible en Marrakech.\" \/>\n<meta name=\"robots\" content=\"index, follow, max-snippet:-1, max-image-preview:large, max-video-preview:-1\" \/>\n<link rel=\"canonical\" href=\"https:\/\/www.canariasviaja.com\/viajaresvivir\/medersa-ben-yossuf\/\" \/>\n<meta property=\"og:locale\" content=\"es_ES\" \/>\n<meta property=\"og:type\" content=\"article\" \/>\n<meta property=\"og:title\" content=\"Medersa Ben Youssef - Viajar es vivir\" \/>\n<meta property=\"og:description\" content=\"Medersa Ben Yossuf ,la que fuera la principal escuela cor\u00e1nica del pa\u00eds, destaca por su arquitectura saaid\u00ed. Imprescindible en Marrakech.\" \/>\n<meta property=\"og:url\" content=\"https:\/\/www.canariasviaja.com\/viajaresvivir\/medersa-ben-yossuf\/\" \/>\n<meta property=\"og:site_name\" content=\"Viajar es vivir\" \/>\n<meta property=\"article:published_time\" content=\"2022-11-17T10:41:33+00:00\" \/>\n<meta property=\"article:modified_time\" content=\"2022-11-17T11:02:23+00:00\" \/>\n<meta property=\"og:image\" content=\"http:\/\/www.canariasviaja.com\/viajaresvivir\/wp-content\/uploads\/2022\/11\/Medersa-Ben-Youssef3.jpg\" \/>\n\t<meta property=\"og:image:width\" content=\"2000\" \/>\n\t<meta property=\"og:image:height\" content=\"1335\" \/>\n\t<meta property=\"og:image:type\" content=\"image\/jpeg\" \/>\n<meta name=\"author\" content=\"Patri C\u00e1mpora\" \/>\n<meta name=\"twitter:card\" content=\"summary_large_image\" \/>\n<meta name=\"twitter:label1\" content=\"Escrito por\" \/>\n\t<meta name=\"twitter:data1\" content=\"Patri C\u00e1mpora\" \/>\n\t<meta name=\"twitter:label2\" content=\"Tiempo de lectura\" \/>\n\t<meta name=\"twitter:data2\" content=\"3 minutos\" \/>\n<script type=\"application\/ld+json\" class=\"yoast-schema-graph\">{\"@context\":\"https:\/\/schema.org\",\"@graph\":[{\"@type\":\"WebPage\",\"@id\":\"https:\/\/www.canariasviaja.com\/viajaresvivir\/medersa-ben-yossuf\/\",\"url\":\"https:\/\/www.canariasviaja.com\/viajaresvivir\/medersa-ben-yossuf\/\",\"name\":\"Medersa Ben Youssef - Viajar es vivir\",\"isPartOf\":{\"@id\":\"https:\/\/www.canariasviaja.com\/viajaresvivir\/#website\"},\"primaryImageOfPage\":{\"@id\":\"https:\/\/www.canariasviaja.com\/viajaresvivir\/medersa-ben-yossuf\/#primaryimage\"},\"image\":{\"@id\":\"https:\/\/www.canariasviaja.com\/viajaresvivir\/medersa-ben-yossuf\/#primaryimage\"},\"thumbnailUrl\":\"https:\/\/www.canariasviaja.com\/viajaresvivir\/wp-content\/uploads\/2022\/11\/Medersa-Ben-Youssef3.jpg\",\"datePublished\":\"2022-11-17T10:41:33+00:00\",\"dateModified\":\"2022-11-17T11:02:23+00:00\",\"author\":{\"@id\":\"https:\/\/www.canariasviaja.com\/viajaresvivir\/#\/schema\/person\/085949651001325f1244a8bc1b34709c\"},\"description\":\"Medersa Ben Yossuf ,la que fuera la principal escuela cor\u00e1nica del pa\u00eds, destaca por su arquitectura saaid\u00ed. Imprescindible en Marrakech.\",\"breadcrumb\":{\"@id\":\"https:\/\/www.canariasviaja.com\/viajaresvivir\/medersa-ben-yossuf\/#breadcrumb\"},\"inLanguage\":\"es\",\"potentialAction\":[{\"@type\":\"ReadAction\",\"target\":[\"https:\/\/www.canariasviaja.com\/viajaresvivir\/medersa-ben-yossuf\/\"]}]},{\"@type\":\"ImageObject\",\"inLanguage\":\"es\",\"@id\":\"https:\/\/www.canariasviaja.com\/viajaresvivir\/medersa-ben-yossuf\/#primaryimage\",\"url\":\"https:\/\/www.canariasviaja.com\/viajaresvivir\/wp-content\/uploads\/2022\/11\/Medersa-Ben-Youssef3.jpg\",\"contentUrl\":\"https:\/\/www.canariasviaja.com\/viajaresvivir\/wp-content\/uploads\/2022\/11\/Medersa-Ben-Youssef3.jpg\",\"width\":2000,\"height\":1335,\"caption\":\"Medersa Ben Youssef\"},{\"@type\":\"BreadcrumbList\",\"@id\":\"https:\/\/www.canariasviaja.com\/viajaresvivir\/medersa-ben-yossuf\/#breadcrumb\",\"itemListElement\":[{\"@type\":\"ListItem\",\"position\":1,\"name\":\"Portada\",\"item\":\"https:\/\/www.canariasviaja.com\/viajaresvivir\/\"},{\"@type\":\"ListItem\",\"position\":2,\"name\":\"Medersa Ben Youssef\"}]},{\"@type\":\"WebSite\",\"@id\":\"https:\/\/www.canariasviaja.com\/viajaresvivir\/#website\",\"url\":\"https:\/\/www.canariasviaja.com\/viajaresvivir\/\",\"name\":\"Viajar es vivir\",\"description\":\"El blog de viajes y estilo de vida de CanariasViaja\",\"potentialAction\":[{\"@type\":\"SearchAction\",\"target\":{\"@type\":\"EntryPoint\",\"urlTemplate\":\"https:\/\/www.canariasviaja.com\/viajaresvivir\/?s={search_term_string}\"},\"query-input\":{\"@type\":\"PropertyValueSpecification\",\"valueRequired\":true,\"valueName\":\"search_term_string\"}}],\"inLanguage\":\"es\"},{\"@type\":\"Person\",\"@id\":\"https:\/\/www.canariasviaja.com\/viajaresvivir\/#\/schema\/person\/085949651001325f1244a8bc1b34709c\",\"name\":\"Patri C\u00e1mpora\",\"image\":{\"@type\":\"ImageObject\",\"inLanguage\":\"es\",\"@id\":\"https:\/\/www.canariasviaja.com\/viajaresvivir\/#\/schema\/person\/image\/\",\"url\":\"https:\/\/secure.gravatar.com\/avatar\/b2ce2c4086a5776e5310f57c1a2e5b4e?s=96&d=mm&r=g\",\"contentUrl\":\"https:\/\/secure.gravatar.com\/avatar\/b2ce2c4086a5776e5310f57c1a2e5b4e?s=96&d=mm&r=g\",\"caption\":\"Patri C\u00e1mpora\"},\"url\":\"https:\/\/www.canariasviaja.com\/viajaresvivir\/author\/patri\/\"}]}<\/script>\n<!-- \/ Yoast SEO plugin. -->","yoast_head_json":{"title":"Medersa Ben Youssef - Viajar es vivir","description":"Medersa Ben Yossuf ,la que fuera la principal escuela cor\u00e1nica del pa\u00eds, destaca por su arquitectura saaid\u00ed. Imprescindible en Marrakech.","robots":{"index":"index","follow":"follow","max-snippet":"max-snippet:-1","max-image-preview":"max-image-preview:large","max-video-preview":"max-video-preview:-1"},"canonical":"https:\/\/www.canariasviaja.com\/viajaresvivir\/medersa-ben-yossuf\/","og_locale":"es_ES","og_type":"article","og_title":"Medersa Ben Youssef - Viajar es vivir","og_description":"Medersa Ben Yossuf ,la que fuera la principal escuela cor\u00e1nica del pa\u00eds, destaca por su arquitectura saaid\u00ed. Imprescindible en Marrakech.","og_url":"https:\/\/www.canariasviaja.com\/viajaresvivir\/medersa-ben-yossuf\/","og_site_name":"Viajar es vivir","article_published_time":"2022-11-17T10:41:33+00:00","article_modified_time":"2022-11-17T11:02:23+00:00","og_image":[{"width":2000,"height":1335,"url":"http:\/\/www.canariasviaja.com\/viajaresvivir\/wp-content\/uploads\/2022\/11\/Medersa-Ben-Youssef3.jpg","type":"image\/jpeg"}],"author":"Patri C\u00e1mpora","twitter_card":"summary_large_image","twitter_misc":{"Escrito por":"Patri C\u00e1mpora","Tiempo de lectura":"3 minutos"},"schema":{"@context":"https:\/\/schema.org","@graph":[{"@type":"WebPage","@id":"https:\/\/www.canariasviaja.com\/viajaresvivir\/medersa-ben-yossuf\/","url":"https:\/\/www.canariasviaja.com\/viajaresvivir\/medersa-ben-yossuf\/","name":"Medersa Ben Youssef - Viajar es vivir","isPartOf":{"@id":"https:\/\/www.canariasviaja.com\/viajaresvivir\/#website"},"primaryImageOfPage":{"@id":"https:\/\/www.canariasviaja.com\/viajaresvivir\/medersa-ben-yossuf\/#primaryimage"},"image":{"@id":"https:\/\/www.canariasviaja.com\/viajaresvivir\/medersa-ben-yossuf\/#primaryimage"},"thumbnailUrl":"https:\/\/www.canariasviaja.com\/viajaresvivir\/wp-content\/uploads\/2022\/11\/Medersa-Ben-Youssef3.jpg","datePublished":"2022-11-17T10:41:33+00:00","dateModified":"2022-11-17T11:02:23+00:00","author":{"@id":"https:\/\/www.canariasviaja.com\/viajaresvivir\/#\/schema\/person\/085949651001325f1244a8bc1b34709c"},"description":"Medersa Ben Yossuf ,la que fuera la principal escuela cor\u00e1nica del pa\u00eds, destaca por su arquitectura saaid\u00ed. Imprescindible en Marrakech.","breadcrumb":{"@id":"https:\/\/www.canariasviaja.com\/viajaresvivir\/medersa-ben-yossuf\/#breadcrumb"},"inLanguage":"es","potentialAction":[{"@type":"ReadAction","target":["https:\/\/www.canariasviaja.com\/viajaresvivir\/medersa-ben-yossuf\/"]}]},{"@type":"ImageObject","inLanguage":"es","@id":"https:\/\/www.canariasviaja.com\/viajaresvivir\/medersa-ben-yossuf\/#primaryimage","url":"https:\/\/www.canariasviaja.com\/viajaresvivir\/wp-content\/uploads\/2022\/11\/Medersa-Ben-Youssef3.jpg","contentUrl":"https:\/\/www.canariasviaja.com\/viajaresvivir\/wp-content\/uploads\/2022\/11\/Medersa-Ben-Youssef3.jpg","width":2000,"height":1335,"caption":"Medersa Ben Youssef"},{"@type":"BreadcrumbList","@id":"https:\/\/www.canariasviaja.com\/viajaresvivir\/medersa-ben-yossuf\/#breadcrumb","itemListElement":[{"@type":"ListItem","position":1,"name":"Portada","item":"https:\/\/www.canariasviaja.com\/viajaresvivir\/"},{"@type":"ListItem","position":2,"name":"Medersa Ben Youssef"}]},{"@type":"WebSite","@id":"https:\/\/www.canariasviaja.com\/viajaresvivir\/#website","url":"https:\/\/www.canariasviaja.com\/viajaresvivir\/","name":"Viajar es vivir","description":"El blog de viajes y estilo de vida de CanariasViaja","potentialAction":[{"@type":"SearchAction","target":{"@type":"EntryPoint","urlTemplate":"https:\/\/www.canariasviaja.com\/viajaresvivir\/?s={search_term_string}"},"query-input":{"@type":"PropertyValueSpecification","valueRequired":true,"valueName":"search_term_string"}}],"inLanguage":"es"},{"@type":"Person","@id":"https:\/\/www.canariasviaja.com\/viajaresvivir\/#\/schema\/person\/085949651001325f1244a8bc1b34709c","name":"Patri C\u00e1mpora","image":{"@type":"ImageObject","inLanguage":"es","@id":"https:\/\/www.canariasviaja.com\/viajaresvivir\/#\/schema\/person\/image\/","url":"https:\/\/secure.gravatar.com\/avatar\/b2ce2c4086a5776e5310f57c1a2e5b4e?s=96&d=mm&r=g","contentUrl":"https:\/\/secure.gravatar.com\/avatar\/b2ce2c4086a5776e5310f57c1a2e5b4e?s=96&d=mm&r=g","caption":"Patri C\u00e1mpora"},"url":"https:\/\/www.canariasviaja.com\/viajaresvivir\/author\/patri\/"}]}},"_links":{"self":[{"href":"https:\/\/www.canariasviaja.com\/viajaresvivir\/wp-json\/wp\/v2\/posts\/9766"}],"collection":[{"href":"https:\/\/www.canariasviaja.com\/viajaresvivir\/wp-json\/wp\/v2\/posts"}],"about":[{"href":"https:\/\/www.canariasviaja.com\/viajaresvivir\/wp-json\/wp\/v2\/types\/post"}],"author":[{"embeddable":true,"href":"https:\/\/www.canariasviaja.com\/viajaresvivir\/wp-json\/wp\/v2\/users\/2"}],"replies":[{"embeddable":true,"href":"https:\/\/www.canariasviaja.com\/viajaresvivir\/wp-json\/wp\/v2\/comments?post=9766"}],"version-history":[{"count":9,"href":"https:\/\/www.canariasviaja.com\/viajaresvivir\/wp-json\/wp\/v2\/posts\/9766\/revisions"}],"predecessor-version":[{"id":9782,"href":"https:\/\/www.canariasviaja.com\/viajaresvivir\/wp-json\/wp\/v2\/posts\/9766\/revisions\/9782"}],"wp:featuredmedia":[{"embeddable":true,"href":"https:\/\/www.canariasviaja.com\/viajaresvivir\/wp-json\/wp\/v2\/media\/9773"}],"wp:attachment":[{"href":"https:\/\/www.canariasviaja.com\/viajaresvivir\/wp-json\/wp\/v2\/media?parent=9766"}],"wp:term":[{"taxonomy":"category","embeddable":true,"href":"https:\/\/www.canariasviaja.com\/viajaresvivir\/wp-json\/wp\/v2\/categories?post=9766"},{"taxonomy":"post_tag","embeddable":true,"href":"https:\/\/www.canariasviaja.com\/viajaresvivir\/wp-json\/wp\/v2\/tags?post=9766"}],"curies":[{"name":"wp","href":"https:\/\/api.w.org\/{rel}","templated":true}]}}