{"id":9784,"date":"2022-11-23T13:20:23","date_gmt":"2022-11-23T13:20:23","guid":{"rendered":"https:\/\/www.canariasviaja.com\/viajaresvivir\/?p=9784"},"modified":"2023-04-14T12:32:55","modified_gmt":"2023-04-14T12:32:55","slug":"la-torre-de-hercules-en-a-coruna-una-de-romanos","status":"publish","type":"post","link":"https:\/\/www.canariasviaja.com\/viajaresvivir\/la-torre-de-hercules-en-a-coruna-una-de-romanos\/","title":{"rendered":"La Torre de H\u00e9rcules en A Coru\u00f1a, una de romanos."},"content":{"rendered":"\n<p>Hoy te llevamos de viaje hasta la <strong>Hispania romana<\/strong>. Comenzamos una serie de art\u00edculos que nos ir\u00e1 llevando por diversos puntos del territorio espa\u00f1ol en los que la presencia romana dej\u00f3 un importante legado que a\u00fan podemos disfrutar. Bienvenido a<strong> \u00a1Una de Romanos!.<\/strong><\/p>\n\n\n\n<div style=\"height:100px\" aria-hidden=\"true\" class=\"wp-block-spacer\"><\/div>\n\n\n\n<h3 class=\"wp-block-heading\">Roma estuvo aqu\u00ed<\/h3>\n\n\n\n<figure class=\"wp-block-image size-full\"><img loading=\"lazy\" decoding=\"async\" width=\"1024\" height=\"683\" src=\"https:\/\/www.canariasviaja.com\/viajaresvivir\/wp-content\/uploads\/2022\/11\/Torre_de_Hercules_2.jpg\" alt=\"Torre de H\u00e9rcules\" class=\"wp-image-9788\" srcset=\"https:\/\/www.canariasviaja.com\/viajaresvivir\/wp-content\/uploads\/2022\/11\/Torre_de_Hercules_2.jpg 1024w, https:\/\/www.canariasviaja.com\/viajaresvivir\/wp-content\/uploads\/2022\/11\/Torre_de_Hercules_2-300x200.jpg 300w, https:\/\/www.canariasviaja.com\/viajaresvivir\/wp-content\/uploads\/2022\/11\/Torre_de_Hercules_2-768x512.jpg 768w\" sizes=\"(max-width: 1024px) 100vw, 1024px\" \/><figcaption class=\"wp-element-caption\">Torre de H\u00e9rcules. Foto: Turismo de A Coru\u00f1a<\/figcaption><\/figure>\n\n\n\n<p>Nuestra primera parada ser\u00e1 en<a href=\"https:\/\/www.canariasviaja.com\/viajaresvivir\/category\/peninsulaybaleares\/a-coruna\/\"> <strong>A Coru\u00f1a<\/strong><\/a>, una ciudad que tuvo una importante romanizaci\u00f3n en tiempos de Julio C\u00e9sar. Su <strong>puerto<\/strong> fue un centro comercial de gran importancia y un <strong>punto estrat\u00e9gico <\/strong>para la ruta de navegaci\u00f3n atl\u00e1ntica que abastec\u00eda de metales a los grandes centros del Mediterr\u00e1neo.<\/p>\n\n\n\n<p>All\u00ed nos espera un testigo de la historia que sigue alumbrando a los navegantes desde hace dos mil a\u00f1os. El <strong>\u00fanico faro romano que sigue a\u00fan en pie y en funcionamiento en el mundo<\/strong> y que es <strong>Patrimonio de la Humanidad por la Unesco<\/strong>, la <strong>Torre de H\u00e9rcules.<\/strong><\/p>\n\n\n\n<div style=\"height:100px\" aria-hidden=\"true\" class=\"wp-block-spacer\"><\/div>\n\n\n\n<h3 class=\"wp-block-heading\">La Torre de H\u00e9rcules<\/h3>\n\n\n\n<figure class=\"wp-block-image size-full\"><img loading=\"lazy\" decoding=\"async\" width=\"1024\" height=\"679\" src=\"https:\/\/www.canariasviaja.com\/viajaresvivir\/wp-content\/uploads\/2022\/11\/Torre_de_Hercules_3.jpg\" alt=\"Torre de H\u00e9rcules\" class=\"wp-image-9789\" srcset=\"https:\/\/www.canariasviaja.com\/viajaresvivir\/wp-content\/uploads\/2022\/11\/Torre_de_Hercules_3.jpg 1024w, https:\/\/www.canariasviaja.com\/viajaresvivir\/wp-content\/uploads\/2022\/11\/Torre_de_Hercules_3-300x199.jpg 300w, https:\/\/www.canariasviaja.com\/viajaresvivir\/wp-content\/uploads\/2022\/11\/Torre_de_Hercules_3-768x509.jpg 768w\" sizes=\"(max-width: 1024px) 100vw, 1024px\" \/><figcaption class=\"wp-element-caption\">Torre de H\u00e9rcules. Foto: Turismo de A Coru\u00f1a<\/figcaption><\/figure>\n\n\n\n<p>No se sabe como era su aspecto original en el exterior, pero seg\u00fan se ha podido comprobar en las excavaciones arqueol\u00f3gicas realizadas, constaba de un muro perimetral, de una rampa o escalera que llevaba a la plataforma superior en la que hab\u00eda una construcci\u00f3n circular acabada con una c\u00fapula con un hueco en el medio por el que sal\u00eda la luz y el humo para advertir a los navegantes sobre la cercan\u00eda de la costa.  Tambi\u00e9n se sabe que la torre original era m\u00e1s baja. De los 55 metros de altura actual, 35 fueron construidos por Caio Sevio Lupo y los otros 20 se agregaron durante la renovaci\u00f3n de Giannini.<\/p>\n\n\n\n<div style=\"height:100px\" aria-hidden=\"true\" class=\"wp-block-spacer\"><\/div>\n\n\n\n<h3 class=\"wp-block-heading\">Una torre de leyenda<\/h3>\n\n\n\n<figure class=\"wp-block-image size-full\"><img loading=\"lazy\" decoding=\"async\" width=\"1024\" height=\"683\" src=\"https:\/\/www.canariasviaja.com\/viajaresvivir\/wp-content\/uploads\/2022\/11\/Torre_de_Hercules_4.jpg\" alt=\"Torre de H\u00e9rcules\" class=\"wp-image-9790\" srcset=\"https:\/\/www.canariasviaja.com\/viajaresvivir\/wp-content\/uploads\/2022\/11\/Torre_de_Hercules_4.jpg 1024w, https:\/\/www.canariasviaja.com\/viajaresvivir\/wp-content\/uploads\/2022\/11\/Torre_de_Hercules_4-300x200.jpg 300w, https:\/\/www.canariasviaja.com\/viajaresvivir\/wp-content\/uploads\/2022\/11\/Torre_de_Hercules_4-768x512.jpg 768w\" sizes=\"(max-width: 1024px) 100vw, 1024px\" \/><figcaption class=\"wp-element-caption\">Torre de H\u00e9rcules. Foto: Turismo de A Coru\u00f1a<\/figcaption><\/figure>\n\n\n\n<p>Ha habido numerosas leyendas en relaci\u00f3n a esta torre, como la que atribuye al h\u00e9roe celta <strong>Breog\u00e1n<\/strong> su construcci\u00f3n en la m\u00edtica ciudad de Brigantia para poder otear desde su altura las costas de Irlanda.  O la que que atribuye a <strong>H\u00e9rcules<\/strong> su construcci\u00f3n sobre el cad\u00e1ver de su enemigo Geri\u00f3n, a qui\u00e9n ven\u00eda persiguiendo desde Tartessos, fundando una ciudad, al modo de los griegos, por la concentraci\u00f3n de la poblaci\u00f3n dispersa en la zona.<\/p>\n\n\n\n<div style=\"height:100px\" aria-hidden=\"true\" class=\"wp-block-spacer\"><\/div>\n\n\n\n<h3 class=\"wp-block-heading\">Vida alrededor<\/h3>\n\n\n\n<figure class=\"wp-block-image size-full\"><img loading=\"lazy\" decoding=\"async\" width=\"1024\" height=\"680\" src=\"https:\/\/www.canariasviaja.com\/viajaresvivir\/wp-content\/uploads\/2022\/11\/Rosa_dos_Ventos.jpg\" alt=\"Rosa de los Vientos\" class=\"wp-image-9791\" srcset=\"https:\/\/www.canariasviaja.com\/viajaresvivir\/wp-content\/uploads\/2022\/11\/Rosa_dos_Ventos.jpg 1024w, https:\/\/www.canariasviaja.com\/viajaresvivir\/wp-content\/uploads\/2022\/11\/Rosa_dos_Ventos-300x199.jpg 300w, https:\/\/www.canariasviaja.com\/viajaresvivir\/wp-content\/uploads\/2022\/11\/Rosa_dos_Ventos-768x510.jpg 768w\" sizes=\"(max-width: 1024px) 100vw, 1024px\" \/><figcaption class=\"wp-element-caption\">Rosa dos ventos. Foto: Turismo de A Coru\u00f1a<\/figcaption><\/figure>\n\n\n\n<p>El <strong>entorno de la Torre de H\u00e9rcules<\/strong> est\u00e1 lleno de vida y es uno de los parajes donde podemos encontrar a muchos coru\u00f1eses paseando y disfrutando del aire libre, la naturaleza y de las piezas de arte que encontramos en el <strong>parque escult\u00f3rico<\/strong> que se extiende por la Pen\u00ednsula de la Torre, Punta Herminia, O Acoroado y el cabal de Pradeira, a lo largo de 47 hect\u00e1reas. Esculturas que dialogan con la propia torre en un seductor juego de perspectivas. Es un deleite disfrutar de ellas rodeados del contraste del verde que nos rodea y el azul intenso del oc\u00e9ano.<\/p>\n\n\n\n<p>En este espacio escult\u00f3rico se han integrado una serie de elementos preexistentes como el <strong>Monte dos Bicos, el Cementerio Moro <\/strong>y las balizas que ayudan a la navegaci\u00f3n.<\/p>\n\n\n\n<p>La <strong>Rosa de los Vientos,<\/strong> situada a los pies de la torre, es un lugar perfecto para disfrutar de los atardeceres y de otra perspectiva del faro.<\/p>\n\n\n\n<div style=\"height:100px\" aria-hidden=\"true\" class=\"wp-block-spacer\"><\/div>\n\n\n\n<h3 class=\"wp-block-heading\">Visitar la Torre de H\u00e9rcules<\/h3>\n\n\n\n<figure class=\"wp-block-image size-full\"><img loading=\"lazy\" decoding=\"async\" width=\"1024\" height=\"683\" src=\"https:\/\/www.canariasviaja.com\/viajaresvivir\/wp-content\/uploads\/2022\/11\/Torre_de_Hercules_1.jpg\" alt=\"Vista de la Torre de H\u00e9rcules\" class=\"wp-image-9792\" srcset=\"https:\/\/www.canariasviaja.com\/viajaresvivir\/wp-content\/uploads\/2022\/11\/Torre_de_Hercules_1.jpg 1024w, https:\/\/www.canariasviaja.com\/viajaresvivir\/wp-content\/uploads\/2022\/11\/Torre_de_Hercules_1-300x200.jpg 300w, https:\/\/www.canariasviaja.com\/viajaresvivir\/wp-content\/uploads\/2022\/11\/Torre_de_Hercules_1-768x512.jpg 768w\" sizes=\"(max-width: 1024px) 100vw, 1024px\" \/><figcaption class=\"wp-element-caption\">Torre de H\u00e9rcules. Foto: Turismo de A Coru\u00f1a<\/figcaption><\/figure>\n\n\n\n<p>Lo cierto que es que la Torre de H\u00e9rcules, situada junto a la playa de las Lapas, es un testigo de la historia de A Coru\u00f1a y  una de sus <strong>visitas imprescindibles<\/strong>. Los coru\u00f1eses dicen que hay que subirla una vez en la vida. Si est\u00e1s de paso por la ciudad te recomendamos que no te pierdas sus  entre 234 y 242\u00a0escalones llenos de historia.<\/p>\n\n\n\n<p>En la planta baja podr\u00e1s detectar indicios de las excavaciones que se han llevado a cabo para estudiar sus or\u00edgenes romanos. Mientras subimos podremos ir disfrutando de retazos del paisaje que nos espera cuando lleguemos arriba.<\/p>\n\n\n<div class=\"wp-block-image\">\n<figure class=\"aligncenter size-full is-resized\"><img decoding=\"async\" src=\"https:\/\/www.canariasviaja.com\/viajaresvivir\/wp-content\/uploads\/2022\/11\/holakarlos-d1nH2lZGmcM-unsplash.jpg\" alt=\"Interior Torre de H\u00e9rcules\" class=\"wp-image-9794\" width=\"400\" srcset=\"https:\/\/www.canariasviaja.com\/viajaresvivir\/wp-content\/uploads\/2022\/11\/holakarlos-d1nH2lZGmcM-unsplash.jpg 1024w, https:\/\/www.canariasviaja.com\/viajaresvivir\/wp-content\/uploads\/2022\/11\/holakarlos-d1nH2lZGmcM-unsplash-225x300.jpg 225w, https:\/\/www.canariasviaja.com\/viajaresvivir\/wp-content\/uploads\/2022\/11\/holakarlos-d1nH2lZGmcM-unsplash-768x1024.jpg 768w, https:\/\/www.canariasviaja.com\/viajaresvivir\/wp-content\/uploads\/2022\/11\/holakarlos-d1nH2lZGmcM-unsplash-600x800.jpg 600w, https:\/\/www.canariasviaja.com\/viajaresvivir\/wp-content\/uploads\/2022\/11\/holakarlos-d1nH2lZGmcM-unsplash-810x1080.jpg 810w\" sizes=\"(max-width: 1024px) 100vw, 1024px\" \/><figcaption class=\"wp-element-caption\">Interior Torre de H\u00e9rcules. Foto de <a href=\"https:\/\/unsplash.com\/es\/@holakarlos?utm_source=unsplash&amp;utm_medium=referral&amp;utm_content=creditCopyText\">holakarlos<\/a> en <a href=\"https:\/\/unsplash.com\/es\/s\/fotos\/torre-de-hercules?utm_source=unsplash&amp;utm_medium=referral&amp;utm_content=creditCopyText\">Unsplash<\/a><\/figcaption><\/figure><\/div>\n\n\n<p>Tras un buen ascenso llegaremos a la meta, el balc\u00f3n al Atl\u00e1ntico en donde sentiremos el fuerte viento azotando nuestro rostro, y como recompensa las mejores vistas al Atl\u00e1ntico, las rias de Sada y Betanzos y A Coru\u00f1a, esa ciudad que cada noche ilumina con su haz de luz este faro desde hace 2000 a\u00f1os.<\/p>\n\n\n\n<div style=\"height:100px\" aria-hidden=\"true\" class=\"wp-block-spacer\"><\/div>\n\n\n\n<h3 class=\"wp-block-heading\">Datos pr\u00e1cticos<\/h3>\n\n\n\n<figure class=\"wp-block-image size-full\"><img loading=\"lazy\" decoding=\"async\" width=\"1024\" height=\"683\" src=\"https:\/\/www.canariasviaja.com\/viajaresvivir\/wp-content\/uploads\/2022\/11\/manuel-torres-garcia-37IhW-1G4HQ-unsplash.jpg\" alt=\"Escultura de H\u00e9rcules, A Coru\u00f1a\" class=\"wp-image-9793\" srcset=\"https:\/\/www.canariasviaja.com\/viajaresvivir\/wp-content\/uploads\/2022\/11\/manuel-torres-garcia-37IhW-1G4HQ-unsplash.jpg 1024w, https:\/\/www.canariasviaja.com\/viajaresvivir\/wp-content\/uploads\/2022\/11\/manuel-torres-garcia-37IhW-1G4HQ-unsplash-300x200.jpg 300w, https:\/\/www.canariasviaja.com\/viajaresvivir\/wp-content\/uploads\/2022\/11\/manuel-torres-garcia-37IhW-1G4HQ-unsplash-768x512.jpg 768w\" sizes=\"(max-width: 1024px) 100vw, 1024px\" \/><figcaption class=\"wp-element-caption\">Monumento a H\u00e9rcules. Foto de <a href=\"https:\/\/unsplash.com\/@matoga?utm_source=unsplash&amp;utm_medium=referral&amp;utm_content=creditCopyText\">Manuel Torres Garcia<\/a> en <a href=\"https:\/\/unsplash.com\/es\/s\/fotos\/torre-de-hercules?utm_source=unsplash&amp;utm_medium=referral&amp;utm_content=creditCopyText\">Unsplash<\/a><\/figcaption><\/figure>\n\n\n\n<h2 class=\"wp-block-heading\">Entradas<\/h2>\n\n\n\n<p>Venta de entradas en el <strong><a href=\"http:\/\/ciav.torredeherculesacoruna.com\/\" target=\"_blank\" rel=\"noreferrer noopener\">Centro de Informaci\u00f3n y Atenci\u00f3n al Visitante<\/a> <\/strong>(CIAV), situado a los pies de la rampa que da acceso al edificio, a partir de las 9.45h. <\/p>\n\n\n\n<p><strong>Lunes, entrada libre<\/strong>. Es necesario recoger el ticket en el punto de venta del CIAV.<\/p>\n\n\n\n<h2 class=\"wp-block-heading\">Horario<\/h2>\n\n\n\n<p>De lunes a domingo<\/p>\n\n\n\n<p>De octubre a mayo: de 09.45 a 17:00 (\u00faltima venta a las 15:45h)<\/p>\n\n\n\n<p>De junio a septiembre: de 10:00 a 21:00 (cierre de entrada a las 20:00h)<\/p>\n\n\n\n<h2 class=\"wp-block-heading\">Acceso<\/h2>\n\n\n\n<p>Las visitas est\u00e1n limitadas a 32 personas cada media hora, siendo la primera a las 10.00h.<\/p>\n\n\n\n<p>La venta anticipada en el mismo d\u00eda puede dar lugar a que se cubra el aforo diario permitido antes de la hora de cierre. La Torre de H\u00e9rcules informa a los visitantes que prefieran comprar sus entradas en el momento de acceso directamente en nuestras taquillas* que podr\u00eda darse esta circunstancia, por lo que no se les podr\u00eda permitir el acceso con el fin de dar obligado cumplimiento a la normativa vigente en cuanto a limitaciones de aforo.<\/p>\n\n\n\n<p><strong><em>En aplicaci\u00f3n del Plan de Autoprotecci\u00f3n, el monumento permanecer\u00e1 cerrado con vientos de fuerza 7 o superiores. Asimismo, la terraza se cierra cuando los vientos superan la fuerza 5.<\/em><\/strong><\/p>\n\n\n\n<h2 class=\"wp-block-heading\">Visitas guiadas<\/h2>\n\n\n\n<p>La Torre de H\u00e9rcules ofrece la posibilidad de realizar una visita guiada por el monumento. El horario de estas visitas es 12h y 16h (20h en horario de verano). Estar\u00e1n limitadas a 16 personas y tendr\u00e1n una duraci\u00f3n de una hora.<\/p>\n\n\n\n<h2 class=\"wp-block-heading\">Tarifas<\/h2>\n\n\n\n<p>Tarifa general: 3 \u20ac<br>Tarifa reducida: 1,50\u20ac<\/p>\n\n\n\n<p>Se aplicar\u00e1 en los siguientes casos:<\/p>\n\n\n\n<ul class=\"wp-block-list\">\n<li>Menores de 16 a\u00f1os, titulares de Carn\u00e9 Joven y mayores de 65 a\u00f1os.<\/li>\n\n\n\n<li>Titulares del Carnet Internacional de Estudiante (ISIC) o Carnet Internacional de Profesor (ITIC).<\/li>\n\n\n\n<li>Personas en situaci\u00f3n legal de desempleo, con presentaci\u00f3n de documento acreditativo (Espa\u00f1a y EU).<\/li>\n\n\n\n<li>Miembros de familia numerosa, con presentaci\u00f3n de documento acreditativo.<\/li>\n\n\n\n<li>Grupos de m\u00e1s de 20 personas en visita, previamente concertada.<\/li>\n\n\n\n<li>Los d\u00edas y en los casos que establezca la Junta de Gobierno.<\/li>\n<\/ul>\n\n\n\n<h2 class=\"wp-block-heading\">Cuota cero<\/h2>\n\n\n\n<p>Se aplicar\u00e1 en los siguientes casos:<\/p>\n\n\n\n<ul class=\"wp-block-list\">\n<li>Grupos educativos del municipio de A Coru\u00f1a en visita previamente concertada.<\/li>\n\n\n\n<li>Entradas para los profesores responsables de los grupos o gu\u00edas tur\u00edsticos en el desarrollo de sus tareas, previa presentaci\u00f3n de su carn\u00e9.<\/li>\n\n\n\n<li>Personas con alguna minusval\u00eda f\u00edsica o ps\u00edquica, previa acreditaci\u00f3n.<\/li>\n\n\n\n<li>Visitas patrocinadas por el Ayuntamiento, previa resoluci\u00f3n que as\u00ed lo declare.<\/li>\n\n\n\n<li>Visitas de miembros de la Asociaci\u00f3n de Amigos do Arqueol\u00f3xico y del International Council of Museums.<\/li>\n\n\n\n<li>Visitas de miembros de la Asociaci\u00f3n Espa\u00f1ola de Muse\u00f3logos.<\/li>\n\n\n\n<li>Semana de la ciencia y Semana de la ciencia en la calle.<\/li>\n\n\n\n<li>Tercer s\u00e1bado de cada mes, entre octubre y junio.<\/li>\n\n\n\n<li>Periodistas, presentando acreditaci\u00f3n.<\/li>\n\n\n\n<li>Personal docente debidamente acreditado.<\/li>\n\n\n\n<li>Usuarios de la Tarjeta tur\u00edstica.<\/li>\n\n\n\n<li>El D\u00eda Internacional de los Museos.<\/li>\n\n\n\n<li>Todos los lunes del a\u00f1o.<\/li>\n\n\n\n<li>Festivos locales<\/li>\n\n\n\n<li>Personas con carn\u00e9 de la UDC<\/li>\n<\/ul>\n\n\n\n<p><em>*Nota: Las oficinas y la Torre de H\u00e9rcules permanecer\u00e1n cerradas el 24,25 y 31 de diciembre y los d\u00edas 1 y 5 (tarde) y 6 de enero.<\/em><\/p>\n\n\n\n<p><a href=\"http:\/\/www.torredeherculesacoruna.com\/\" target=\"_blank\" rel=\"noreferrer noopener\">M\u00e1s informaci\u00f3n<\/a><\/p>\n\n\n\n<div class=\"wp-block-buttons is-layout-flex wp-block-buttons-is-layout-flex\">\n<div class=\"wp-block-button aligncenter\"><a class=\"wp-block-button__link wp-element-button\" href=\"https:\/\/bit.ly\/3VjZpcr\">\u00a1Disfruta de A Coru\u00f1a!<\/a><\/div>\n<\/div>\n","protected":false},"excerpt":{"rendered":"<p>La Torre de H\u00e9rcules es el \u00fanico faro romano que se conserva y que a\u00fan est\u00e1 en funcionamiento. Una reliquia del pasado que nos recuerda que Roma estuvo aqu\u00ed.<\/p>\n","protected":false},"author":2,"featured_media":9795,"comment_status":"open","ping_status":"open","sticky":false,"template":"","format":"standard","meta":{"_acf_changed":false,"sfsi_plus_gutenberg_text_before_share":"","sfsi_plus_gutenberg_show_text_before_share":"","sfsi_plus_gutenberg_icon_type":"","sfsi_plus_gutenberg_icon_alignemt":"","sfsi_plus_gutenburg_max_per_row":"","footnotes":""},"categories":[840,124,123,10,100,197],"tags":[238,923,113,922],"class_list":["post-9784","post","type-post","status-publish","format-standard","has-post-thumbnail","hentry","category-a-coruna","category-descubre","category-explora","category-historias-viajeras","category-peninsulaybaleares","category-rincones-por-descubrir","tag-galicia","tag-monumento","tag-patrimonio-de-la-humanidad","tag-una-de-romanos"],"acf":[],"yoast_head":"<!-- This site is optimized with the Yoast SEO plugin v24.1 - https:\/\/yoast.com\/wordpress\/plugins\/seo\/ -->\n<title>La Torre de H\u00e9rcules en A Coru\u00f1a, una de romanos. - Viajar es vivir<\/title>\n<meta name=\"description\" content=\"La Torre de H\u00e9rcules es una reliquia de la Hispania romana. El \u00fanico faro romano que sigue en pie y en funcionamiento en el mundo.\" \/>\n<meta name=\"robots\" content=\"index, follow, max-snippet:-1, max-image-preview:large, max-video-preview:-1\" \/>\n<link rel=\"canonical\" href=\"https:\/\/www.canariasviaja.com\/viajaresvivir\/la-torre-de-hercules-en-a-coruna-una-de-romanos\/\" \/>\n<meta property=\"og:locale\" content=\"es_ES\" \/>\n<meta property=\"og:type\" content=\"article\" \/>\n<meta property=\"og:title\" content=\"La Torre de H\u00e9rcules en A Coru\u00f1a, una de romanos. - Viajar es vivir\" \/>\n<meta property=\"og:description\" content=\"La Torre de H\u00e9rcules es una reliquia de la Hispania romana. El \u00fanico faro romano que sigue en pie y en funcionamiento en el mundo.\" \/>\n<meta property=\"og:url\" content=\"https:\/\/www.canariasviaja.com\/viajaresvivir\/la-torre-de-hercules-en-a-coruna-una-de-romanos\/\" \/>\n<meta property=\"og:site_name\" content=\"Viajar es vivir\" \/>\n<meta property=\"article:published_time\" content=\"2022-11-23T13:20:23+00:00\" \/>\n<meta property=\"article:modified_time\" content=\"2023-04-14T12:32:55+00:00\" \/>\n<meta property=\"og:image\" content=\"http:\/\/www.canariasviaja.com\/viajaresvivir\/wp-content\/uploads\/2022\/11\/eduardo-fernandez-UE46Ew7V4DY-unsplash.jpg\" \/>\n\t<meta property=\"og:image:width\" content=\"1024\" \/>\n\t<meta property=\"og:image:height\" content=\"576\" \/>\n\t<meta property=\"og:image:type\" content=\"image\/jpeg\" \/>\n<meta name=\"author\" content=\"Patri C\u00e1mpora\" \/>\n<meta name=\"twitter:card\" content=\"summary_large_image\" \/>\n<meta name=\"twitter:label1\" content=\"Escrito por\" \/>\n\t<meta name=\"twitter:data1\" content=\"Patri C\u00e1mpora\" \/>\n\t<meta name=\"twitter:label2\" content=\"Tiempo de lectura\" \/>\n\t<meta name=\"twitter:data2\" content=\"7 minutos\" \/>\n<script type=\"application\/ld+json\" class=\"yoast-schema-graph\">{\"@context\":\"https:\/\/schema.org\",\"@graph\":[{\"@type\":\"WebPage\",\"@id\":\"https:\/\/www.canariasviaja.com\/viajaresvivir\/la-torre-de-hercules-en-a-coruna-una-de-romanos\/\",\"url\":\"https:\/\/www.canariasviaja.com\/viajaresvivir\/la-torre-de-hercules-en-a-coruna-una-de-romanos\/\",\"name\":\"La Torre de H\u00e9rcules en A Coru\u00f1a, una de romanos. - Viajar es vivir\",\"isPartOf\":{\"@id\":\"https:\/\/www.canariasviaja.com\/viajaresvivir\/#website\"},\"primaryImageOfPage\":{\"@id\":\"https:\/\/www.canariasviaja.com\/viajaresvivir\/la-torre-de-hercules-en-a-coruna-una-de-romanos\/#primaryimage\"},\"image\":{\"@id\":\"https:\/\/www.canariasviaja.com\/viajaresvivir\/la-torre-de-hercules-en-a-coruna-una-de-romanos\/#primaryimage\"},\"thumbnailUrl\":\"https:\/\/www.canariasviaja.com\/viajaresvivir\/wp-content\/uploads\/2022\/11\/eduardo-fernandez-UE46Ew7V4DY-unsplash.jpg\",\"datePublished\":\"2022-11-23T13:20:23+00:00\",\"dateModified\":\"2023-04-14T12:32:55+00:00\",\"author\":{\"@id\":\"https:\/\/www.canariasviaja.com\/viajaresvivir\/#\/schema\/person\/085949651001325f1244a8bc1b34709c\"},\"description\":\"La Torre de H\u00e9rcules es una reliquia de la Hispania romana. El \u00fanico faro romano que sigue en pie y en funcionamiento en el mundo.\",\"breadcrumb\":{\"@id\":\"https:\/\/www.canariasviaja.com\/viajaresvivir\/la-torre-de-hercules-en-a-coruna-una-de-romanos\/#breadcrumb\"},\"inLanguage\":\"es\",\"potentialAction\":[{\"@type\":\"ReadAction\",\"target\":[\"https:\/\/www.canariasviaja.com\/viajaresvivir\/la-torre-de-hercules-en-a-coruna-una-de-romanos\/\"]}]},{\"@type\":\"ImageObject\",\"inLanguage\":\"es\",\"@id\":\"https:\/\/www.canariasviaja.com\/viajaresvivir\/la-torre-de-hercules-en-a-coruna-una-de-romanos\/#primaryimage\",\"url\":\"https:\/\/www.canariasviaja.com\/viajaresvivir\/wp-content\/uploads\/2022\/11\/eduardo-fernandez-UE46Ew7V4DY-unsplash.jpg\",\"contentUrl\":\"https:\/\/www.canariasviaja.com\/viajaresvivir\/wp-content\/uploads\/2022\/11\/eduardo-fernandez-UE46Ew7V4DY-unsplash.jpg\",\"width\":1024,\"height\":576,\"caption\":\"Torre de H\u00e9rcules\"},{\"@type\":\"BreadcrumbList\",\"@id\":\"https:\/\/www.canariasviaja.com\/viajaresvivir\/la-torre-de-hercules-en-a-coruna-una-de-romanos\/#breadcrumb\",\"itemListElement\":[{\"@type\":\"ListItem\",\"position\":1,\"name\":\"Portada\",\"item\":\"https:\/\/www.canariasviaja.com\/viajaresvivir\/\"},{\"@type\":\"ListItem\",\"position\":2,\"name\":\"La Torre de H\u00e9rcules en A Coru\u00f1a, una de romanos.\"}]},{\"@type\":\"WebSite\",\"@id\":\"https:\/\/www.canariasviaja.com\/viajaresvivir\/#website\",\"url\":\"https:\/\/www.canariasviaja.com\/viajaresvivir\/\",\"name\":\"Viajar es vivir\",\"description\":\"El blog de viajes y estilo de vida de CanariasViaja\",\"potentialAction\":[{\"@type\":\"SearchAction\",\"target\":{\"@type\":\"EntryPoint\",\"urlTemplate\":\"https:\/\/www.canariasviaja.com\/viajaresvivir\/?s={search_term_string}\"},\"query-input\":{\"@type\":\"PropertyValueSpecification\",\"valueRequired\":true,\"valueName\":\"search_term_string\"}}],\"inLanguage\":\"es\"},{\"@type\":\"Person\",\"@id\":\"https:\/\/www.canariasviaja.com\/viajaresvivir\/#\/schema\/person\/085949651001325f1244a8bc1b34709c\",\"name\":\"Patri C\u00e1mpora\",\"image\":{\"@type\":\"ImageObject\",\"inLanguage\":\"es\",\"@id\":\"https:\/\/www.canariasviaja.com\/viajaresvivir\/#\/schema\/person\/image\/\",\"url\":\"https:\/\/secure.gravatar.com\/avatar\/b2ce2c4086a5776e5310f57c1a2e5b4e?s=96&d=mm&r=g\",\"contentUrl\":\"https:\/\/secure.gravatar.com\/avatar\/b2ce2c4086a5776e5310f57c1a2e5b4e?s=96&d=mm&r=g\",\"caption\":\"Patri C\u00e1mpora\"},\"url\":\"https:\/\/www.canariasviaja.com\/viajaresvivir\/author\/patri\/\"}]}<\/script>\n<!-- \/ Yoast SEO plugin. -->","yoast_head_json":{"title":"La Torre de H\u00e9rcules en A Coru\u00f1a, una de romanos. - Viajar es vivir","description":"La Torre de H\u00e9rcules es una reliquia de la Hispania romana. El \u00fanico faro romano que sigue en pie y en funcionamiento en el mundo.","robots":{"index":"index","follow":"follow","max-snippet":"max-snippet:-1","max-image-preview":"max-image-preview:large","max-video-preview":"max-video-preview:-1"},"canonical":"https:\/\/www.canariasviaja.com\/viajaresvivir\/la-torre-de-hercules-en-a-coruna-una-de-romanos\/","og_locale":"es_ES","og_type":"article","og_title":"La Torre de H\u00e9rcules en A Coru\u00f1a, una de romanos. - Viajar es vivir","og_description":"La Torre de H\u00e9rcules es una reliquia de la Hispania romana. El \u00fanico faro romano que sigue en pie y en funcionamiento en el mundo.","og_url":"https:\/\/www.canariasviaja.com\/viajaresvivir\/la-torre-de-hercules-en-a-coruna-una-de-romanos\/","og_site_name":"Viajar es vivir","article_published_time":"2022-11-23T13:20:23+00:00","article_modified_time":"2023-04-14T12:32:55+00:00","og_image":[{"width":1024,"height":576,"url":"http:\/\/www.canariasviaja.com\/viajaresvivir\/wp-content\/uploads\/2022\/11\/eduardo-fernandez-UE46Ew7V4DY-unsplash.jpg","type":"image\/jpeg"}],"author":"Patri C\u00e1mpora","twitter_card":"summary_large_image","twitter_misc":{"Escrito por":"Patri C\u00e1mpora","Tiempo de lectura":"7 minutos"},"schema":{"@context":"https:\/\/schema.org","@graph":[{"@type":"WebPage","@id":"https:\/\/www.canariasviaja.com\/viajaresvivir\/la-torre-de-hercules-en-a-coruna-una-de-romanos\/","url":"https:\/\/www.canariasviaja.com\/viajaresvivir\/la-torre-de-hercules-en-a-coruna-una-de-romanos\/","name":"La Torre de H\u00e9rcules en A Coru\u00f1a, una de romanos. - Viajar es vivir","isPartOf":{"@id":"https:\/\/www.canariasviaja.com\/viajaresvivir\/#website"},"primaryImageOfPage":{"@id":"https:\/\/www.canariasviaja.com\/viajaresvivir\/la-torre-de-hercules-en-a-coruna-una-de-romanos\/#primaryimage"},"image":{"@id":"https:\/\/www.canariasviaja.com\/viajaresvivir\/la-torre-de-hercules-en-a-coruna-una-de-romanos\/#primaryimage"},"thumbnailUrl":"https:\/\/www.canariasviaja.com\/viajaresvivir\/wp-content\/uploads\/2022\/11\/eduardo-fernandez-UE46Ew7V4DY-unsplash.jpg","datePublished":"2022-11-23T13:20:23+00:00","dateModified":"2023-04-14T12:32:55+00:00","author":{"@id":"https:\/\/www.canariasviaja.com\/viajaresvivir\/#\/schema\/person\/085949651001325f1244a8bc1b34709c"},"description":"La Torre de H\u00e9rcules es una reliquia de la Hispania romana. El \u00fanico faro romano que sigue en pie y en funcionamiento en el mundo.","breadcrumb":{"@id":"https:\/\/www.canariasviaja.com\/viajaresvivir\/la-torre-de-hercules-en-a-coruna-una-de-romanos\/#breadcrumb"},"inLanguage":"es","potentialAction":[{"@type":"ReadAction","target":["https:\/\/www.canariasviaja.com\/viajaresvivir\/la-torre-de-hercules-en-a-coruna-una-de-romanos\/"]}]},{"@type":"ImageObject","inLanguage":"es","@id":"https:\/\/www.canariasviaja.com\/viajaresvivir\/la-torre-de-hercules-en-a-coruna-una-de-romanos\/#primaryimage","url":"https:\/\/www.canariasviaja.com\/viajaresvivir\/wp-content\/uploads\/2022\/11\/eduardo-fernandez-UE46Ew7V4DY-unsplash.jpg","contentUrl":"https:\/\/www.canariasviaja.com\/viajaresvivir\/wp-content\/uploads\/2022\/11\/eduardo-fernandez-UE46Ew7V4DY-unsplash.jpg","width":1024,"height":576,"caption":"Torre de H\u00e9rcules"},{"@type":"BreadcrumbList","@id":"https:\/\/www.canariasviaja.com\/viajaresvivir\/la-torre-de-hercules-en-a-coruna-una-de-romanos\/#breadcrumb","itemListElement":[{"@type":"ListItem","position":1,"name":"Portada","item":"https:\/\/www.canariasviaja.com\/viajaresvivir\/"},{"@type":"ListItem","position":2,"name":"La Torre de H\u00e9rcules en A Coru\u00f1a, una de romanos."}]},{"@type":"WebSite","@id":"https:\/\/www.canariasviaja.com\/viajaresvivir\/#website","url":"https:\/\/www.canariasviaja.com\/viajaresvivir\/","name":"Viajar es vivir","description":"El blog de viajes y estilo de vida de CanariasViaja","potentialAction":[{"@type":"SearchAction","target":{"@type":"EntryPoint","urlTemplate":"https:\/\/www.canariasviaja.com\/viajaresvivir\/?s={search_term_string}"},"query-input":{"@type":"PropertyValueSpecification","valueRequired":true,"valueName":"search_term_string"}}],"inLanguage":"es"},{"@type":"Person","@id":"https:\/\/www.canariasviaja.com\/viajaresvivir\/#\/schema\/person\/085949651001325f1244a8bc1b34709c","name":"Patri C\u00e1mpora","image":{"@type":"ImageObject","inLanguage":"es","@id":"https:\/\/www.canariasviaja.com\/viajaresvivir\/#\/schema\/person\/image\/","url":"https:\/\/secure.gravatar.com\/avatar\/b2ce2c4086a5776e5310f57c1a2e5b4e?s=96&d=mm&r=g","contentUrl":"https:\/\/secure.gravatar.com\/avatar\/b2ce2c4086a5776e5310f57c1a2e5b4e?s=96&d=mm&r=g","caption":"Patri C\u00e1mpora"},"url":"https:\/\/www.canariasviaja.com\/viajaresvivir\/author\/patri\/"}]}},"_links":{"self":[{"href":"https:\/\/www.canariasviaja.com\/viajaresvivir\/wp-json\/wp\/v2\/posts\/9784"}],"collection":[{"href":"https:\/\/www.canariasviaja.com\/viajaresvivir\/wp-json\/wp\/v2\/posts"}],"about":[{"href":"https:\/\/www.canariasviaja.com\/viajaresvivir\/wp-json\/wp\/v2\/types\/post"}],"author":[{"embeddable":true,"href":"https:\/\/www.canariasviaja.com\/viajaresvivir\/wp-json\/wp\/v2\/users\/2"}],"replies":[{"embeddable":true,"href":"https:\/\/www.canariasviaja.com\/viajaresvivir\/wp-json\/wp\/v2\/comments?post=9784"}],"version-history":[{"count":10,"href":"https:\/\/www.canariasviaja.com\/viajaresvivir\/wp-json\/wp\/v2\/posts\/9784\/revisions"}],"predecessor-version":[{"id":10369,"href":"https:\/\/www.canariasviaja.com\/viajaresvivir\/wp-json\/wp\/v2\/posts\/9784\/revisions\/10369"}],"wp:featuredmedia":[{"embeddable":true,"href":"https:\/\/www.canariasviaja.com\/viajaresvivir\/wp-json\/wp\/v2\/media\/9795"}],"wp:attachment":[{"href":"https:\/\/www.canariasviaja.com\/viajaresvivir\/wp-json\/wp\/v2\/media?parent=9784"}],"wp:term":[{"taxonomy":"category","embeddable":true,"href":"https:\/\/www.canariasviaja.com\/viajaresvivir\/wp-json\/wp\/v2\/categories?post=9784"},{"taxonomy":"post_tag","embeddable":true,"href":"https:\/\/www.canariasviaja.com\/viajaresvivir\/wp-json\/wp\/v2\/tags?post=9784"}],"curies":[{"name":"wp","href":"https:\/\/api.w.org\/{rel}","templated":true}]}}