{"id":9819,"date":"2022-11-29T13:02:09","date_gmt":"2022-11-29T13:02:09","guid":{"rendered":"https:\/\/www.canariasviaja.com\/viajaresvivir\/?p=9819"},"modified":"2022-12-15T13:38:35","modified_gmt":"2022-12-15T13:38:35","slug":"navidad-en-canarias-arrancan-las-fiestas","status":"publish","type":"post","link":"https:\/\/www.canariasviaja.com\/viajaresvivir\/navidad-en-canarias-arrancan-las-fiestas\/","title":{"rendered":"Navidad en Canarias: arrancan las fiestas"},"content":{"rendered":"\n<p>A finales de noviembre se da el <strong>pistoletazo de salida para el inicio de las fiestas navide\u00f1as<\/strong>. Las calles de pueblos y ciudades brillan bajo las luces de colores, el olor a casta\u00f1as asadas nos tienta por las esquinas, en las dulcer\u00edas comenzamos a ver truchas de batatas y otros dulces navide\u00f1os, y los m\u00e1s previsores adelantan las compras en los mercadillos de artesan\u00eda y de abastos<strong>. <\/strong><\/p>\n\n\n\n<p><strong>\u00a1Es tiempo de prepararnos para disfrutar de la <a href=\"https:\/\/www.canariasviaja.com\/viajaresvivir\/tradiciones-navidenas-en-canarias\/\">Navidad en Canarias<\/a>!<\/strong><\/p>\n\n\n\n<div style=\"height:100px\" aria-hidden=\"true\" class=\"wp-block-spacer\"><\/div>\n\n\n\n<h3 class=\"wp-block-heading\">Canarias brilla en Navidad<\/h3>\n\n\n\n<figure class=\"wp-block-image size-full\"><img loading=\"lazy\" decoding=\"async\" width=\"1024\" height=\"683\" src=\"http:\/\/www.canariasviaja.com\/viajaresvivir\/wp-content\/uploads\/2022\/11\/Navidad.jpg\" alt=\"Navidad en Canarias\" class=\"wp-image-9841\" srcset=\"https:\/\/www.canariasviaja.com\/viajaresvivir\/wp-content\/uploads\/2022\/11\/Navidad.jpg 1024w, https:\/\/www.canariasviaja.com\/viajaresvivir\/wp-content\/uploads\/2022\/11\/Navidad-300x200.jpg 300w, https:\/\/www.canariasviaja.com\/viajaresvivir\/wp-content\/uploads\/2022\/11\/Navidad-768x512.jpg 768w\" sizes=\"(max-width: 1024px) 100vw, 1024px\" \/><figcaption>Navidad en Galdar. Foto: Promotur<\/figcaption><\/figure>\n\n\n\n<p>Como el resto del mundo, <strong>las islas tambi\u00e9n se iluminan para recibir la Navidad.<\/strong><\/p>\n\n\n\n<p>A finales de noviembre las ciudades y pueblos de las islas comienzan a te\u00f1irse de colores para las fiestas navide\u00f1as.  Modestamente, como en muchos peque\u00f1os pueblos y barrios de las islas, o bajo la luz de la m\u00e1s de dos millones de bombillas de led que iluminan los cinco distritos de <strong>Santa Cruz de Tenerife.<\/strong><\/p>\n\n\n\n<p>En <strong>Santa Cruz de La Palma<\/strong> el encendido navide\u00f1o tendr\u00e1 lugar el 3 de diciembre con un video mapping, con artistas palmeros y peninsulares, que bajo el t\u00edtulo Renacer iluminar\u00e1 el Edificio de Correos bajo una luz esperanzadora.<\/p>\n\n\n\n<p><strong> \u00a1Toda Canarias brilla en Navidad!<\/strong><\/p>\n\n\n\n<figure class=\"wp-block-image size-full\"><img loading=\"lazy\" decoding=\"async\" width=\"1024\" height=\"683\" src=\"http:\/\/www.canariasviaja.com\/viajaresvivir\/wp-content\/uploads\/2022\/11\/Navidad-en-Arucas.jpg\" alt=\"Navidad con acento canario\" class=\"wp-image-9820\" srcset=\"https:\/\/www.canariasviaja.com\/viajaresvivir\/wp-content\/uploads\/2022\/11\/Navidad-en-Arucas.jpg 1024w, https:\/\/www.canariasviaja.com\/viajaresvivir\/wp-content\/uploads\/2022\/11\/Navidad-en-Arucas-300x200.jpg 300w, https:\/\/www.canariasviaja.com\/viajaresvivir\/wp-content\/uploads\/2022\/11\/Navidad-en-Arucas-768x512.jpg 768w\" sizes=\"(max-width: 1024px) 100vw, 1024px\" \/><figcaption>Arucas iluminado para la Navidad. Foto: Turismo de Canarias<\/figcaption><\/figure>\n\n\n\n<div style=\"height:100px\" aria-hidden=\"true\" class=\"wp-block-spacer\"><\/div>\n\n\n\n<h3 class=\"wp-block-heading\">Regalos con sentido<\/h3>\n\n\n\n<p>Desde mediados de noviembre y hasta los d\u00edas previos a la llegada de los Reyes Magos, la oferta de <strong>mercadillos<\/strong> se activa en las islas con una ampl\u00edsima oferta de objetos creados por artesanos y dise\u00f1adores locales. Si quieres sorprender a alguien, busca el que tengas m\u00e1s cercano,  seguro que encuentras alg\u00fan regalo \u00fanico.<\/p>\n\n\n\n<div class=\"wp-block-media-text alignwide is-stacked-on-mobile\"><figure class=\"wp-block-media-text__media\"><img loading=\"lazy\" decoding=\"async\" width=\"600\" height=\"900\" src=\"http:\/\/www.canariasviaja.com\/viajaresvivir\/wp-content\/uploads\/2022\/11\/navidad-con-acento-canario-artesani\u0301a.jpg\" alt=\"Mercadillos\" class=\"wp-image-9821 size-full\" srcset=\"https:\/\/www.canariasviaja.com\/viajaresvivir\/wp-content\/uploads\/2022\/11\/navidad-con-acento-canario-artesani\u0301a.jpg 600w, https:\/\/www.canariasviaja.com\/viajaresvivir\/wp-content\/uploads\/2022\/11\/navidad-con-acento-canario-artesani\u0301a-200x300.jpg 200w\" sizes=\"(max-width: 600px) 100vw, 600px\" \/><\/figure><div class=\"wp-block-media-text__content\">\n<h2 class=\"wp-block-heading\">Tenerife:<\/h2>\n\n\n\n<p>&nbsp;&nbsp;&nbsp;&nbsp;&nbsp;&nbsp;&nbsp;&nbsp;&nbsp;&nbsp;&nbsp; <strong>Mercadillo de Navidad en la Alameda del Duque de Santa Cruz<\/strong>, del 15 de diciembre al 5 de enero.<\/p>\n\n\n\n<p>&nbsp;&nbsp;&nbsp;&nbsp;&nbsp;&nbsp;&nbsp;&nbsp;&nbsp;&nbsp;&nbsp; <strong>Le Good Market<\/strong>: del 2 al 4 de enero en Santa Cruz de Tenerife<\/p>\n\n\n\n<p>&nbsp;&nbsp;&nbsp;&nbsp;&nbsp;&nbsp;&nbsp;&nbsp;&nbsp;&nbsp;&nbsp; <strong>Costa Adeje Christmass Fair<\/strong>: 6 al 8 de diciembre, Plaza  Salytien, Costa Adeje de 16:00 a 22:30 h. Tres d\u00edas para disfrutar en Costa Adeje de actividades infantiles, actuaciones musicales y mercadillo navide\u00f1o.<\/p>\n\n\n\n<p>&nbsp;&nbsp;&nbsp;&nbsp;&nbsp;&nbsp;&nbsp;&nbsp;&nbsp;&nbsp;&nbsp; <strong>Mercadillo Navide\u00f1o Pinolere <\/strong>( La Orotava) Con actuaciones musicales, talleres, juegos, castillos hinchables etc.<\/p>\n\n\n\n<p>&nbsp;&nbsp;&nbsp;&nbsp;&nbsp;<\/p>\n\n\n\n<h2 class=\"wp-block-heading\">Lanzarote:<\/h2>\n\n\n\n<p>&nbsp;&nbsp;&nbsp;&nbsp;&nbsp;&nbsp;&nbsp;&nbsp;&nbsp;&nbsp;&nbsp; <strong>Mercadillo de la Villa de Teguise<\/strong>: Todos los domingos de 9:00 a 14:00 horas<\/p>\n\n\n\n<p>&nbsp;&nbsp;&nbsp;&nbsp;&nbsp;&nbsp;&nbsp;&nbsp;&nbsp;&nbsp;&nbsp;<strong> Mercado de Uga<\/strong>: Puestos de artesan\u00eda.<\/p>\n<\/div><\/div>\n\n\n\n<p>&nbsp;&nbsp; <strong>Mercadillos Navide\u00f1o en Yaiza<\/strong>. en la Plaza de los Remedios de Yaiza, con actividades para los m\u00e1s peque\u00f1os.<\/p>\n\n\n\n<h2 class=\"wp-block-heading\">La Palma:<\/h2>\n\n\n\n<p>&nbsp;&nbsp;&nbsp;&nbsp;&nbsp;&nbsp;&nbsp;&nbsp;&nbsp;&nbsp;&nbsp; <strong>Luces y Artesan\u00eda:<\/strong> 3 y 4 de diciembre en la Plaza Jos\u00e9 Mata de Santa Cruz de La Palma. Muestra de artesan\u00eda palmera.<\/p>\n\n\n\n<h2 class=\"wp-block-heading\">Gran Canaria:<\/h2>\n\n\n\n<p><strong>Mercadillo navide\u00f1o, Galdar:<\/strong> estar\u00e1 situado en la calle Fernando Guanarteme, junto al Santuario de Santiago, y permanecer\u00e1 abierto de lunes a jueves de 10.00 a 20.30 horas, los viernes y s\u00e1bados y v\u00edsperas de festivos de 10.00 a 00.00 horas y los domingos y festivos de 10.00 a 22.00 horas.&nbsp;<\/p>\n\n\n\n<p><strong>Mercado de artesan\u00eda en Mesa y L\u00f3pez y Calle Triana , Las Palmas de Gran Canaria:<\/strong> Del 19 al 24 de diciembre y del 2 al 5 de enero de 9 a 21 horas. <\/p>\n\n\n\n<p><strong>Mercado navide\u00f1o de Moya: <\/strong>podr\u00e1s encontrar puestos con regalos, artesan\u00eda y alimentaci\u00f3n. El s\u00e1bado 10 de diciembre de 17:00 a 22:00 y el domingo 11, de 10:00 a 14:00 horas en las calles del Casco (C\/ Magistral Marrero, Le\u00f3n y Castillo, Miguel Hern\u00e1ndez y Tom\u00e1s Morales).<\/p>\n\n\n\n<p><strong>Mercadillo navide\u00f1o de Maspalomas:<\/strong> Adornos navide\u00f1os, figuras de bel\u00e9n, decoraci\u00f3n, regalos, juguetes, artesan\u00eda, dulces, turrones, etc.. en la Zona Comercial Abierta &#8211; Avenida de G\u00e1ldar, San Fernando de Maspalomas, el fin de semana antes de Navidad. <\/p>\n\n\n\n<div style=\"height:100px\" aria-hidden=\"true\" class=\"wp-block-spacer\"><\/div>\n\n\n\n<p>En estas fechas es tambi\u00e9n muy importante apoyar al <strong>comercio local<\/strong> y a los mercados de abastos que tanta vida da a nuestros pueblos y ciudades.  En muchos rincones de nuestro archipi\u00e9lago se realizan acciones para dinamizar las zonas comerciales, como la <strong>Noche en Blanco<\/strong> de La Laguna, o  la <strong>Noche de las Estrellas<\/strong> de la capital palmera, que se celebrar\u00e1 el 4 de diciembre, o la <strong>Noche Blanca <\/strong>de San Sebasti\u00e1n de La Gomera, que amenizan con sus pasacalles y villancicos \u00ab<strong>Los divinos\u00bb<\/strong>.<\/p>\n\n\n\n<p><\/p>\n\n\n\n<div style=\"height:100px\" aria-hidden=\"true\" class=\"wp-block-spacer\"><\/div>\n\n\n\n<h3 class=\"wp-block-heading\">\u00c1rboles de Navidad con personalidad propia<\/h3>\n\n\n\n<p>En estas semanas los \u00e1rboles de Navidad van presidiendo y decorando las ciudades, pueblos y casas de las islas. <\/p>\n\n\n\n<p>Los hay de todo tipo: los tradicionales, aquellos ellos con luces leds; los que se construyen con libros,  como el de la Biblioteca Municipal Domingo Acosta de Santa Cruz de La Palma; el que hacen  los vecinos del pueblo de Ti\u00f1or (El Hierro)  con pencas de tuneras adornadas con tunos postreros.; el que alcanza los ocho metros de altura de la Plaza del Cristo de G\u00e1ldar, o el de 20 metros de La Laguna, ciudad que aspira a convertirse en el destino navide\u00f1o de Tenerife&#8230; La creatividad est\u00e1 al servicio de la magia navide\u00f1a.<\/p>\n\n\n\n<div style=\"height:100px\" aria-hidden=\"true\" class=\"wp-block-spacer\"><\/div>\n\n\n\n<h3 class=\"wp-block-heading\">Dulce Navidad<\/h3>\n\n\n\n<figure class=\"wp-block-image size-full\"><img loading=\"lazy\" decoding=\"async\" width=\"1024\" height=\"706\" src=\"http:\/\/www.canariasviaja.com\/viajaresvivir\/wp-content\/uploads\/2022\/11\/Truchas-navidad.jpg\" alt=\"Truchas de batata Navidad canaria\" class=\"wp-image-9822\" srcset=\"https:\/\/www.canariasviaja.com\/viajaresvivir\/wp-content\/uploads\/2022\/11\/Truchas-navidad.jpg 1024w, https:\/\/www.canariasviaja.com\/viajaresvivir\/wp-content\/uploads\/2022\/11\/Truchas-navidad-300x207.jpg 300w, https:\/\/www.canariasviaja.com\/viajaresvivir\/wp-content\/uploads\/2022\/11\/Truchas-navidad-768x530.jpg 768w\" sizes=\"(max-width: 1024px) 100vw, 1024px\" \/><\/figure>\n\n\n\n<p>No todo es turr\u00f3n y polvorones en la Navidad canaria. Las<strong> truchas<\/strong>, de cabello de \u00e1ngel o batata, son uno de los dulces m\u00e1s t\u00edpicos de las fiestas navide\u00f1as en las islas. Pero hay muchas otras delicias dulces, como los los crujientes <strong>pasteles de carne<\/strong> de Teror, Gran Canaria, coronados por az\u00facar glass y aderezados con canela y almendras, que enmascara el sabor de su ingrediente principal, la carne de cerdo.<\/p>\n\n\n\n<p>Preparar estos dulces puede ser una buena excusa para pasar tiempo juntos. En la zona norte y de median\u00edas de La Gomera las familias que tienen horno tradicional se re\u00fanen para la <strong>amasada<\/strong>, un encuentro en el que amasan y hacen pan y dulces tradicionales. En Los Llanos de Aridane, en La Palma, el ayuntamiento organiza un <strong>taller de  Elaboraci\u00f3n de Panes Dulces<\/strong> a cargo de Paloma del Pozo.<\/p>\n\n\n\n<div style=\"height:100px\" aria-hidden=\"true\" class=\"wp-block-spacer\"><\/div>\n\n\n\n<h3 class=\"wp-block-heading\">Programas de actividades <\/h3>\n\n\n\n<p>Los pueblos y municipios de las islas preparar numerosas actividades para dinamizar el comercio, entretener a los m\u00e1s peque\u00f1os y prepararse para recibir la Navidad. Puedes consultar algunos de sus <strong>programas<\/strong> aqu\u00ed:<\/p>\n\n\n\n<p><strong>Gran Canaria:<\/strong><\/p>\n\n\n\n<p><a href=\"https:\/\/www.laspalmasgc.es\/export\/sites\/laspalmasgc\/.galleries\/documentos-noticias\/programa-NAVIDAD-2022.pdf\" target=\"_blank\" rel=\"noreferrer noopener\">Las Palmas de Gran Canaria<\/a><\/p>\n\n\n\n<p><a href=\"https:\/\/www.galdar.es\/galdar-enciende-la-navidad-con-el-programa-mas-amplio-de-su-historia\/\" target=\"_blank\" rel=\"noreferrer noopener\">Galdar<\/a><\/p>\n\n\n\n<p><a href=\"http:\/\/www.santaluciagc.com\/\/documentos\/20221124_PRG_SantaLuciaesNavidad_RRSS.pdf\" target=\"_blank\" rel=\"noreferrer noopener nofollow\">Santa Luc\u00eda de Tirajana<\/a><\/p>\n\n\n\n<p><a href=\"https:\/\/drive.google.com\/file\/d\/1G4pkrP3n5rtXg3Z8vB_56j4R4qdcg1ip\/view\" target=\"_blank\" rel=\"noreferrer noopener nofollow\">Gu\u00eda<\/a><\/p>\n\n\n\n<p><strong>Tenerife:<\/strong><\/p>\n\n\n\n<p><a href=\"https:\/\/fiestasdesantacruz.com\/navidad\/ProgramaNavidad2022-2023.pdf\" target=\"_blank\" rel=\"noreferrer noopener\">Santa Cruz de Tenerife<\/a><\/p>\n\n\n\n<p><a href=\"https:\/\/www.laorotava.es\/sites\/default\/files\/programa_navidad_la_orotava_22_web_0.pdf\" target=\"_blank\" rel=\"noreferrer noopener nofollow\">La Orotava<\/a><\/p>\n\n\n\n<p><a href=\"https:\/\/www.adeje.es\/navidad\/programa-de-actos\/19450-navidad-en-adeje-2022\" target=\"_blank\" rel=\"noreferrer noopener nofollow\">Adeje<\/a><\/p>\n\n\n\n<p><strong>La Palma:<\/strong><\/p>\n\n\n\n<p><a href=\"https:\/\/www.santacruzdelapalma.es\/sclapalma\/sites\/default\/files\/Programa%20navidad_0.pdf\" target=\"_blank\" rel=\"noreferrer noopener nofollow\">Santa Cruz de La Palma<\/a><\/p>\n\n\n\n<p><strong>La Gomera:<\/strong><\/p>\n\n\n\n<p><a href=\"https:\/\/es.scribd.com\/doc\/74556766\/Programa-Navidad-San-Sebastian-de-La-Gomera\" target=\"_blank\" rel=\"noreferrer noopener\">San Sebasti\u00e1n de La Gomera<\/a><\/p>\n\n\n\n<p><strong>Lanzarote: <\/strong><\/p>\n\n\n\n<p><a href=\"https:\/\/ociolanzarote.com\/eventos\/eventos-tradicionales\/navidad-tias-2022\/\" target=\"_blank\" rel=\"noreferrer noopener\">T\u00edas y Puerto del Carmen<\/a><\/p>\n\n\n\n<p><a href=\"https:\/\/revistaalsolajero.com\/wp-content\/uploads\/2022\/11\/AGENDA-YAIZA-DIC-2022-ENERO-2023.pdf\">Yaiza<\/a><\/p>\n\n\n\n<p><\/p>\n","protected":false},"excerpt":{"rendered":"<p>A finales de noviembre se da el pistoletazo de salida para el inicio de las fiestas navide\u00f1as. Las calles de pueblos y ciudades brillan bajo las luces de colores, el olor a casta\u00f1as asadas nos tienta por las esquinas, en las dulcer\u00edas comenzamos a ver truchas de batatas y otros dulces navide\u00f1os, y los m\u00e1s previsores adelantan las compras en &hellip;<\/p>\n","protected":false},"author":2,"featured_media":9841,"comment_status":"open","ping_status":"open","sticky":false,"template":"","format":"standard","meta":{"_acf_changed":false,"sfsi_plus_gutenberg_text_before_share":"","sfsi_plus_gutenberg_show_text_before_share":"","sfsi_plus_gutenberg_icon_type":"","sfsi_plus_gutenberg_icon_alignemt":"","sfsi_plus_gutenburg_max_per_row":"","footnotes":""},"categories":[9,574,124,123,10,126],"tags":[828,282],"class_list":["post-9819","post","type-post","status-publish","format-standard","has-post-thumbnail","hentry","category-canarias","category-consejos-viajeros","category-descubre","category-explora","category-historias-viajeras","category-saborea","tag-mercadillos-de-navidad","tag-navidad"],"acf":[],"yoast_head":"<!-- This site is optimized with the Yoast SEO plugin v24.1 - https:\/\/yoast.com\/wordpress\/plugins\/seo\/ -->\n<title>Navidad en Canarias: arrancan las fiestas - Viajar es vivir<\/title>\n<meta name=\"description\" content=\"La Navidad en Canarias ya ha comenzado, Las calles se animan y se llenan de luces. Comienza una de las \u00e9pocas m\u00e1s m\u00e1gicas del a\u00f1o.\" \/>\n<meta name=\"robots\" content=\"index, follow, max-snippet:-1, max-image-preview:large, max-video-preview:-1\" \/>\n<link rel=\"canonical\" href=\"https:\/\/www.canariasviaja.com\/viajaresvivir\/navidad-en-canarias-arrancan-las-fiestas\/\" \/>\n<meta property=\"og:locale\" content=\"es_ES\" \/>\n<meta property=\"og:type\" content=\"article\" \/>\n<meta property=\"og:title\" content=\"Navidad en Canarias: arrancan las fiestas - Viajar es vivir\" \/>\n<meta property=\"og:description\" content=\"La Navidad en Canarias ya ha comenzado, Las calles se animan y se llenan de luces. Comienza una de las \u00e9pocas m\u00e1s m\u00e1gicas del a\u00f1o.\" \/>\n<meta property=\"og:url\" content=\"https:\/\/www.canariasviaja.com\/viajaresvivir\/navidad-en-canarias-arrancan-las-fiestas\/\" \/>\n<meta property=\"og:site_name\" content=\"Viajar es vivir\" \/>\n<meta property=\"article:published_time\" content=\"2022-11-29T13:02:09+00:00\" \/>\n<meta property=\"article:modified_time\" content=\"2022-12-15T13:38:35+00:00\" \/>\n<meta property=\"og:image\" content=\"http:\/\/www.canariasviaja.com\/viajaresvivir\/wp-content\/uploads\/2022\/11\/Navidad.jpg\" \/>\n\t<meta property=\"og:image:width\" content=\"1024\" \/>\n\t<meta property=\"og:image:height\" content=\"683\" \/>\n\t<meta property=\"og:image:type\" content=\"image\/jpeg\" \/>\n<meta name=\"author\" content=\"Patri C\u00e1mpora\" \/>\n<meta name=\"twitter:card\" content=\"summary_large_image\" \/>\n<meta name=\"twitter:label1\" content=\"Escrito por\" \/>\n\t<meta name=\"twitter:data1\" content=\"Patri C\u00e1mpora\" \/>\n\t<meta name=\"twitter:label2\" content=\"Tiempo de lectura\" \/>\n\t<meta name=\"twitter:data2\" content=\"6 minutos\" \/>\n<script type=\"application\/ld+json\" class=\"yoast-schema-graph\">{\"@context\":\"https:\/\/schema.org\",\"@graph\":[{\"@type\":\"WebPage\",\"@id\":\"https:\/\/www.canariasviaja.com\/viajaresvivir\/navidad-en-canarias-arrancan-las-fiestas\/\",\"url\":\"https:\/\/www.canariasviaja.com\/viajaresvivir\/navidad-en-canarias-arrancan-las-fiestas\/\",\"name\":\"Navidad en Canarias: arrancan las fiestas - Viajar es vivir\",\"isPartOf\":{\"@id\":\"https:\/\/www.canariasviaja.com\/viajaresvivir\/#website\"},\"primaryImageOfPage\":{\"@id\":\"https:\/\/www.canariasviaja.com\/viajaresvivir\/navidad-en-canarias-arrancan-las-fiestas\/#primaryimage\"},\"image\":{\"@id\":\"https:\/\/www.canariasviaja.com\/viajaresvivir\/navidad-en-canarias-arrancan-las-fiestas\/#primaryimage\"},\"thumbnailUrl\":\"https:\/\/www.canariasviaja.com\/viajaresvivir\/wp-content\/uploads\/2022\/11\/Navidad.jpg\",\"datePublished\":\"2022-11-29T13:02:09+00:00\",\"dateModified\":\"2022-12-15T13:38:35+00:00\",\"author\":{\"@id\":\"https:\/\/www.canariasviaja.com\/viajaresvivir\/#\/schema\/person\/085949651001325f1244a8bc1b34709c\"},\"description\":\"La Navidad en Canarias ya ha comenzado, Las calles se animan y se llenan de luces. Comienza una de las \u00e9pocas m\u00e1s m\u00e1gicas del a\u00f1o.\",\"breadcrumb\":{\"@id\":\"https:\/\/www.canariasviaja.com\/viajaresvivir\/navidad-en-canarias-arrancan-las-fiestas\/#breadcrumb\"},\"inLanguage\":\"es\",\"potentialAction\":[{\"@type\":\"ReadAction\",\"target\":[\"https:\/\/www.canariasviaja.com\/viajaresvivir\/navidad-en-canarias-arrancan-las-fiestas\/\"]}]},{\"@type\":\"ImageObject\",\"inLanguage\":\"es\",\"@id\":\"https:\/\/www.canariasviaja.com\/viajaresvivir\/navidad-en-canarias-arrancan-las-fiestas\/#primaryimage\",\"url\":\"https:\/\/www.canariasviaja.com\/viajaresvivir\/wp-content\/uploads\/2022\/11\/Navidad.jpg\",\"contentUrl\":\"https:\/\/www.canariasviaja.com\/viajaresvivir\/wp-content\/uploads\/2022\/11\/Navidad.jpg\",\"width\":1024,\"height\":683,\"caption\":\"Navidad en Canarias\"},{\"@type\":\"BreadcrumbList\",\"@id\":\"https:\/\/www.canariasviaja.com\/viajaresvivir\/navidad-en-canarias-arrancan-las-fiestas\/#breadcrumb\",\"itemListElement\":[{\"@type\":\"ListItem\",\"position\":1,\"name\":\"Portada\",\"item\":\"https:\/\/www.canariasviaja.com\/viajaresvivir\/\"},{\"@type\":\"ListItem\",\"position\":2,\"name\":\"Navidad en Canarias: arrancan las fiestas\"}]},{\"@type\":\"WebSite\",\"@id\":\"https:\/\/www.canariasviaja.com\/viajaresvivir\/#website\",\"url\":\"https:\/\/www.canariasviaja.com\/viajaresvivir\/\",\"name\":\"Viajar es vivir\",\"description\":\"El blog de viajes y estilo de vida de CanariasViaja\",\"potentialAction\":[{\"@type\":\"SearchAction\",\"target\":{\"@type\":\"EntryPoint\",\"urlTemplate\":\"https:\/\/www.canariasviaja.com\/viajaresvivir\/?s={search_term_string}\"},\"query-input\":{\"@type\":\"PropertyValueSpecification\",\"valueRequired\":true,\"valueName\":\"search_term_string\"}}],\"inLanguage\":\"es\"},{\"@type\":\"Person\",\"@id\":\"https:\/\/www.canariasviaja.com\/viajaresvivir\/#\/schema\/person\/085949651001325f1244a8bc1b34709c\",\"name\":\"Patri C\u00e1mpora\",\"image\":{\"@type\":\"ImageObject\",\"inLanguage\":\"es\",\"@id\":\"https:\/\/www.canariasviaja.com\/viajaresvivir\/#\/schema\/person\/image\/\",\"url\":\"https:\/\/secure.gravatar.com\/avatar\/b2ce2c4086a5776e5310f57c1a2e5b4e?s=96&d=mm&r=g\",\"contentUrl\":\"https:\/\/secure.gravatar.com\/avatar\/b2ce2c4086a5776e5310f57c1a2e5b4e?s=96&d=mm&r=g\",\"caption\":\"Patri C\u00e1mpora\"},\"url\":\"https:\/\/www.canariasviaja.com\/viajaresvivir\/author\/patri\/\"}]}<\/script>\n<!-- \/ Yoast SEO plugin. -->","yoast_head_json":{"title":"Navidad en Canarias: arrancan las fiestas - Viajar es vivir","description":"La Navidad en Canarias ya ha comenzado, Las calles se animan y se llenan de luces. Comienza una de las \u00e9pocas m\u00e1s m\u00e1gicas del a\u00f1o.","robots":{"index":"index","follow":"follow","max-snippet":"max-snippet:-1","max-image-preview":"max-image-preview:large","max-video-preview":"max-video-preview:-1"},"canonical":"https:\/\/www.canariasviaja.com\/viajaresvivir\/navidad-en-canarias-arrancan-las-fiestas\/","og_locale":"es_ES","og_type":"article","og_title":"Navidad en Canarias: arrancan las fiestas - Viajar es vivir","og_description":"La Navidad en Canarias ya ha comenzado, Las calles se animan y se llenan de luces. Comienza una de las \u00e9pocas m\u00e1s m\u00e1gicas del a\u00f1o.","og_url":"https:\/\/www.canariasviaja.com\/viajaresvivir\/navidad-en-canarias-arrancan-las-fiestas\/","og_site_name":"Viajar es vivir","article_published_time":"2022-11-29T13:02:09+00:00","article_modified_time":"2022-12-15T13:38:35+00:00","og_image":[{"width":1024,"height":683,"url":"http:\/\/www.canariasviaja.com\/viajaresvivir\/wp-content\/uploads\/2022\/11\/Navidad.jpg","type":"image\/jpeg"}],"author":"Patri C\u00e1mpora","twitter_card":"summary_large_image","twitter_misc":{"Escrito por":"Patri C\u00e1mpora","Tiempo de lectura":"6 minutos"},"schema":{"@context":"https:\/\/schema.org","@graph":[{"@type":"WebPage","@id":"https:\/\/www.canariasviaja.com\/viajaresvivir\/navidad-en-canarias-arrancan-las-fiestas\/","url":"https:\/\/www.canariasviaja.com\/viajaresvivir\/navidad-en-canarias-arrancan-las-fiestas\/","name":"Navidad en Canarias: arrancan las fiestas - Viajar es vivir","isPartOf":{"@id":"https:\/\/www.canariasviaja.com\/viajaresvivir\/#website"},"primaryImageOfPage":{"@id":"https:\/\/www.canariasviaja.com\/viajaresvivir\/navidad-en-canarias-arrancan-las-fiestas\/#primaryimage"},"image":{"@id":"https:\/\/www.canariasviaja.com\/viajaresvivir\/navidad-en-canarias-arrancan-las-fiestas\/#primaryimage"},"thumbnailUrl":"https:\/\/www.canariasviaja.com\/viajaresvivir\/wp-content\/uploads\/2022\/11\/Navidad.jpg","datePublished":"2022-11-29T13:02:09+00:00","dateModified":"2022-12-15T13:38:35+00:00","author":{"@id":"https:\/\/www.canariasviaja.com\/viajaresvivir\/#\/schema\/person\/085949651001325f1244a8bc1b34709c"},"description":"La Navidad en Canarias ya ha comenzado, Las calles se animan y se llenan de luces. Comienza una de las \u00e9pocas m\u00e1s m\u00e1gicas del a\u00f1o.","breadcrumb":{"@id":"https:\/\/www.canariasviaja.com\/viajaresvivir\/navidad-en-canarias-arrancan-las-fiestas\/#breadcrumb"},"inLanguage":"es","potentialAction":[{"@type":"ReadAction","target":["https:\/\/www.canariasviaja.com\/viajaresvivir\/navidad-en-canarias-arrancan-las-fiestas\/"]}]},{"@type":"ImageObject","inLanguage":"es","@id":"https:\/\/www.canariasviaja.com\/viajaresvivir\/navidad-en-canarias-arrancan-las-fiestas\/#primaryimage","url":"https:\/\/www.canariasviaja.com\/viajaresvivir\/wp-content\/uploads\/2022\/11\/Navidad.jpg","contentUrl":"https:\/\/www.canariasviaja.com\/viajaresvivir\/wp-content\/uploads\/2022\/11\/Navidad.jpg","width":1024,"height":683,"caption":"Navidad en Canarias"},{"@type":"BreadcrumbList","@id":"https:\/\/www.canariasviaja.com\/viajaresvivir\/navidad-en-canarias-arrancan-las-fiestas\/#breadcrumb","itemListElement":[{"@type":"ListItem","position":1,"name":"Portada","item":"https:\/\/www.canariasviaja.com\/viajaresvivir\/"},{"@type":"ListItem","position":2,"name":"Navidad en Canarias: arrancan las fiestas"}]},{"@type":"WebSite","@id":"https:\/\/www.canariasviaja.com\/viajaresvivir\/#website","url":"https:\/\/www.canariasviaja.com\/viajaresvivir\/","name":"Viajar es vivir","description":"El blog de viajes y estilo de vida de CanariasViaja","potentialAction":[{"@type":"SearchAction","target":{"@type":"EntryPoint","urlTemplate":"https:\/\/www.canariasviaja.com\/viajaresvivir\/?s={search_term_string}"},"query-input":{"@type":"PropertyValueSpecification","valueRequired":true,"valueName":"search_term_string"}}],"inLanguage":"es"},{"@type":"Person","@id":"https:\/\/www.canariasviaja.com\/viajaresvivir\/#\/schema\/person\/085949651001325f1244a8bc1b34709c","name":"Patri C\u00e1mpora","image":{"@type":"ImageObject","inLanguage":"es","@id":"https:\/\/www.canariasviaja.com\/viajaresvivir\/#\/schema\/person\/image\/","url":"https:\/\/secure.gravatar.com\/avatar\/b2ce2c4086a5776e5310f57c1a2e5b4e?s=96&d=mm&r=g","contentUrl":"https:\/\/secure.gravatar.com\/avatar\/b2ce2c4086a5776e5310f57c1a2e5b4e?s=96&d=mm&r=g","caption":"Patri C\u00e1mpora"},"url":"https:\/\/www.canariasviaja.com\/viajaresvivir\/author\/patri\/"}]}},"_links":{"self":[{"href":"https:\/\/www.canariasviaja.com\/viajaresvivir\/wp-json\/wp\/v2\/posts\/9819"}],"collection":[{"href":"https:\/\/www.canariasviaja.com\/viajaresvivir\/wp-json\/wp\/v2\/posts"}],"about":[{"href":"https:\/\/www.canariasviaja.com\/viajaresvivir\/wp-json\/wp\/v2\/types\/post"}],"author":[{"embeddable":true,"href":"https:\/\/www.canariasviaja.com\/viajaresvivir\/wp-json\/wp\/v2\/users\/2"}],"replies":[{"embeddable":true,"href":"https:\/\/www.canariasviaja.com\/viajaresvivir\/wp-json\/wp\/v2\/comments?post=9819"}],"version-history":[{"count":10,"href":"https:\/\/www.canariasviaja.com\/viajaresvivir\/wp-json\/wp\/v2\/posts\/9819\/revisions"}],"predecessor-version":[{"id":9894,"href":"https:\/\/www.canariasviaja.com\/viajaresvivir\/wp-json\/wp\/v2\/posts\/9819\/revisions\/9894"}],"wp:featuredmedia":[{"embeddable":true,"href":"https:\/\/www.canariasviaja.com\/viajaresvivir\/wp-json\/wp\/v2\/media\/9841"}],"wp:attachment":[{"href":"https:\/\/www.canariasviaja.com\/viajaresvivir\/wp-json\/wp\/v2\/media?parent=9819"}],"wp:term":[{"taxonomy":"category","embeddable":true,"href":"https:\/\/www.canariasviaja.com\/viajaresvivir\/wp-json\/wp\/v2\/categories?post=9819"},{"taxonomy":"post_tag","embeddable":true,"href":"https:\/\/www.canariasviaja.com\/viajaresvivir\/wp-json\/wp\/v2\/tags?post=9819"}],"curies":[{"name":"wp","href":"https:\/\/api.w.org\/{rel}","templated":true}]}}