{"id":9871,"date":"2022-12-15T13:20:45","date_gmt":"2022-12-15T13:20:45","guid":{"rendered":"https:\/\/www.canariasviaja.com\/viajaresvivir\/?p=9871"},"modified":"2023-11-26T13:04:20","modified_gmt":"2023-11-26T13:04:20","slug":"tradiciones-navidenas-en-canarias","status":"publish","type":"post","link":"https:\/\/www.canariasviaja.com\/viajaresvivir\/tradiciones-navidenas-en-canarias\/","title":{"rendered":"Tradiciones navide\u00f1as en Canarias"},"content":{"rendered":"\n<p>La <a href=\"https:\/\/www.canariasviaja.com\/viajaresvivir\/navidad-en-canarias-arrancan-las-fiestas\/\">Navidad<\/a> y sus <strong>tradiciones<\/strong> ya se han instalado en todos los rincones de nuestras ciudades y pueblos. Y se nota en las <strong>calles iluminadas<\/strong> llenas de gente.  En las colas de los <strong>puestos del mercado <\/strong>que despachan las viandas que se servir\u00e1n en las mesas de Canarias.  En los <strong>villancicos<\/strong> que amenizan todos los rincones.  En los <strong><a href=\"https:\/\/www.canariasviaja.com\/viajaresvivir\/la-guia-para-comer-en-lanzarote\/\">restaurantes<\/a><\/strong> donde se reunen grupos de amigos y compa\u00f1eros de trabajo para despedir el a\u00f1o.  Y en las tiendas y mercadillos en las que se buscan los <strong>regalos<\/strong> con los que sorprender a grandes y peque\u00f1os.<\/p>\n\n\n\n<figure class=\"wp-block-image size-full\"><img loading=\"lazy\" decoding=\"async\" width=\"1024\" height=\"683\" src=\"http:\/\/www.canariasviaja.com\/viajaresvivir\/wp-content\/uploads\/2022\/12\/Gran-canaria-Navidad.jpg\" alt=\"Tradiciones navide\u00f1as en Canarias\" class=\"wp-image-9876\" srcset=\"https:\/\/www.canariasviaja.com\/viajaresvivir\/wp-content\/uploads\/2022\/12\/Gran-canaria-Navidad.jpg 1024w, https:\/\/www.canariasviaja.com\/viajaresvivir\/wp-content\/uploads\/2022\/12\/Gran-canaria-Navidad-300x200.jpg 300w, https:\/\/www.canariasviaja.com\/viajaresvivir\/wp-content\/uploads\/2022\/12\/Gran-canaria-Navidad-768x512.jpg 768w\" sizes=\"(max-width: 1024px) 100vw, 1024px\" \/><figcaption class=\"wp-element-caption\">Navidad en la Plaza de Santa Ana. Foto: Pablo Begles para Turismo Islas Canarias<\/figcaption><\/figure>\n\n\n\n<p>La Navidad es todo esto y mucho m\u00e1s.  Es <strong>una de la fiestas m\u00e1s importantes del cristianismo<\/strong> en la que se celebra el <strong>nacimiento de Jes\u00fas<\/strong>. Y es este origen el que da sentido a estas fiestas y a todas las representaciones y celebraciones que tienen lugar en estos d\u00edas.<\/p>\n\n\n\n<p>Te contamos algunas de las <strong>tradiciones navide\u00f1as <\/strong>que se celebran en Canarias.<\/p>\n\n\n\n<div style=\"height:100px\" aria-hidden=\"true\" class=\"wp-block-spacer\"><\/div>\n\n\n\n<h3 class=\"wp-block-heading\">Belenes<\/h3>\n\n\n\n<p>Una de las <strong>tradiciones navide\u00f1as en Canarias<\/strong>, como en el resto de Espa\u00f1a, es montar el bel\u00e9n. Aunque en muchas casas se ha sustitu\u00eddo por el \u00e1rbol de navidad, esta costumbre sigue muy viva por todo el archipi\u00e9lago.<\/p>\n\n\n\n<p>Desde mediados de diciembre se comienzan a abrir al p\u00fablico los <strong>belenes de Navidad <\/strong>situados en instituciones, como los Cabildos insulares, el Parlamento, los Ayuntamientos, y en espacios p\u00fablicos. Representaciones, a mayor o menor escala, de la adoraci\u00f3n al Ni\u00f1o Jes\u00fas en la que no faltan San Jos\u00e9 , Mar\u00eda y el Ni\u00f1o Jes\u00fas en su pesebre, los Reyes Magos, el buey y la mula. En Canarias puedes disfrutarlos de todos los tama\u00f1os y materiales: hechos con arena, a tama\u00f1o natural o en miniaturas.<\/p>\n\n\n\n<figure class=\"wp-block-image size-full\"><img loading=\"lazy\" decoding=\"async\" width=\"2000\" height=\"1333\" src=\"http:\/\/www.canariasviaja.com\/viajaresvivir\/wp-content\/uploads\/2022\/12\/Belen.jpg\" alt=\"Bel\u00e9n, Tradiciones navide\u00f1as\" class=\"wp-image-9873\" srcset=\"https:\/\/www.canariasviaja.com\/viajaresvivir\/wp-content\/uploads\/2022\/12\/Belen.jpg 2000w, https:\/\/www.canariasviaja.com\/viajaresvivir\/wp-content\/uploads\/2022\/12\/Belen-300x200.jpg 300w, https:\/\/www.canariasviaja.com\/viajaresvivir\/wp-content\/uploads\/2022\/12\/Belen-768x512.jpg 768w, https:\/\/www.canariasviaja.com\/viajaresvivir\/wp-content\/uploads\/2022\/12\/Belen-1536x1024.jpg 1536w, https:\/\/www.canariasviaja.com\/viajaresvivir\/wp-content\/uploads\/2022\/12\/Belen-1200x800.jpg 1200w, https:\/\/www.canariasviaja.com\/viajaresvivir\/wp-content\/uploads\/2022\/12\/Belen-1620x1080.jpg 1620w\" sizes=\"(max-width: 2000px) 100vw, 2000px\" \/><figcaption class=\"wp-element-caption\">Bel\u00e9n en Lanzarote. Foto: Turismo Islas Canarias<\/figcaption><\/figure>\n\n\n\n<h2 class=\"wp-block-heading\">Belenes \u00fanicos<\/h2>\n\n\n\n<p>Uno de los belenes m\u00e1s singulares y espectaculares de las islas es el <strong><a href=\"https:\/\/belendearena.es\/\" target=\"_blank\" rel=\"noreferrer noopener nofollow\">bel\u00e9n de arena<\/a> de La Playa de Las Canteras.<\/strong> Se lleva construyendo desde 2006 en la playa urbana de Las Palmas de Gran Canaria.<\/p>\n\n\n\n<p>Artistas venidos de todo el mundo emplean arena para dar vida a diferentes figuras y escenas relacionadas con el nacimiento de Jes\u00fas. <\/p>\n\n\n\n<p> Este bel\u00e9n es <strong>el tercer espacio muse\u00edstico m\u00e1s visitado de Espa\u00f1a<\/strong> durante el mes de diciembre.<\/p>\n\n\n\n<figure class=\"wp-block-image size-full\"><img loading=\"lazy\" decoding=\"async\" width=\"1024\" height=\"683\" src=\"http:\/\/www.canariasviaja.com\/viajaresvivir\/wp-content\/uploads\/2022\/12\/Belen-de-arena.jpg\" alt=\"\" class=\"wp-image-9872\" srcset=\"https:\/\/www.canariasviaja.com\/viajaresvivir\/wp-content\/uploads\/2022\/12\/Belen-de-arena.jpg 1024w, https:\/\/www.canariasviaja.com\/viajaresvivir\/wp-content\/uploads\/2022\/12\/Belen-de-arena-300x200.jpg 300w, https:\/\/www.canariasviaja.com\/viajaresvivir\/wp-content\/uploads\/2022\/12\/Belen-de-arena-768x512.jpg 768w\" sizes=\"(max-width: 1024px) 100vw, 1024px\" \/><figcaption class=\"wp-element-caption\">Bel\u00e9n de arena en La Playa de Las Canteras. Foto: Turismo Islas Canarias<\/figcaption><\/figure>\n\n\n\n<p>El <strong>Bel\u00e9n artesanal de Los Llanos de Telde<\/strong>, lleva 55 a\u00f1os ininterrumpidos exhibi\u00e9ndose al p\u00fablico, y es uno de los m\u00e1s importantes de la isla de Gran Canaria.<\/p>\n\n\n\n<p>Otro curioso es el <strong>bel\u00e9n a escala natural de Tinajo<\/strong> (Lanzarote), al que algunos vecinos le dan vida, junto a gallinas y cabritillas. <\/p>\n\n\n\n<p>En el pueblo de <strong>Yaiza <\/strong>encontramos el m\u00e1s espectacular de la isla de los volcanes, con 23 metros de largo que recrean la isla en miniatura. <\/p>\n\n\n\n<p>Pero si quieres  sentirte dentro del portal, dir\u00edgete hasta <strong>Har\u00eda<\/strong>, el pueblo de las mil palmeras, que con sus casitas blancas parece una recreaci\u00f3n de Bel\u00e9n de Judea. En el  encontrar\u00e1s un portal tradicional repleto de detalles.<\/p>\n\n\n\n<div style=\"height:100px\" aria-hidden=\"true\" class=\"wp-block-spacer\"><\/div>\n\n\n\n<h3 class=\"wp-block-heading\">La Misa del Gallo y el Tajaraste del Ni\u00f1o<\/h3>\n\n\n\n<p>Se trata de una de las tradiciones m\u00e1s antiguas de las islas. A medianoche del d\u00eda 24 de diciembre, tras la cena de Nochebuena, se celebra la <strong>Misa del Gallo.<\/strong> Tras su finalizaci\u00f3n tiene lugar en algunas iglesias de las islas el <strong>Baile del Ni\u00f1o o Tajaraste del Ni\u00f1o<\/strong>. Un grupo de j\u00f3venes, ataviados con trajes t\u00edpicos o vestidos de pastores, bailan frente al ni\u00f1o Jes\u00fas dentro de la iglesia, al ritmo del tajaraste y acompa\u00f1ados de tambores, flautas, panderetas, panderos y casta\u00f1uelas. En Tenerife podemos encontrarlos en <strong>El Sauzal, La Matanza y La Punta del Hidalgo.<\/strong><\/p>\n\n\n\n<div style=\"height:100px\" aria-hidden=\"true\" class=\"wp-block-spacer\"><\/div>\n\n\n\n<h3 class=\"wp-block-heading\">Los Ranchos de Pascua y Lo Divino<\/h3>\n\n\n\n<p>Antiguamente grupos de amigos recorr\u00edan los pueblos, desde la v\u00edspera de Todos los Santos hasta el 2 de febrero, d\u00eda de la Candelaria, cantando c\u00e1nticos lastimeros y oraciones para los difuntos a cambio de ofrendas y dinero para poder hacer misa de difuntos. Durante la Navidad estos cantos se volv\u00edan m\u00e1s alegres, ya que se las dedicaban a esta festividad. Poco a poco se fueron disolviendo reuni\u00e9ndose solo en estas fechas navide\u00f1as y pasando a ser conocidos como <strong>Ranchos de Pascua<\/strong>.<\/p>\n\n\n\n<p>Esta tradici\u00f3n se ha perdido en la mayor\u00eda de las islas, pero en las islas occidentales, como en Lanzarote, se conservan. En la <strong>iglesia de Nuestra Se\u00f1ora de Guadalupe <\/strong>de Teguise podremos escuchar al <strong>Rancho de Pascua de Teguise<\/strong>, uno de los m\u00e1s importantes de la isla. A pesar de la hora, la misa del gallo suele estar muy concurrida para poder disfrutar de los cantos y bailes frente al Ni\u00f1o Jes\u00fas. <\/p>\n\n\n\n<p>En <strong>Gran Canaria<\/strong> se pueden encontrar ranchos de pascua en <strong>Arbejales (Teror), Valsequillo y La Aldea de San Nicol\u00e1s<\/strong><\/p>\n\n\n\n<p>Las calles de Tenerife y La Palma se convierten durante estas fiestas en escenarios improvisados para parrandas que cantan a <strong>\u00abLo divino\u00bb<\/strong> en las noches navide\u00f1as. Muy conocido es  el que act\u00faa en la <strong>Misa del Gallo en la Iglesia de San Andr\u00e9s<\/strong> (municipio de San Andr\u00e9s y Sauces), en La Palma. <\/p>\n\n\n\n<p>En la isla de La Gomera se conocen a estos grupos como \u00ab<strong>A\u00f1os nuevos\u00bb<\/strong> y los puedes encontrar en <strong>Hermigua, Chipude <\/strong>y otros pueblos de la isla.<\/p>\n\n\n\n<div style=\"height:100px\" aria-hidden=\"true\" class=\"wp-block-spacer\"><\/div>\n\n\n\n<h3 class=\"wp-block-heading\">Autos Sacramentales de Los Reyes Magos<\/h3>\n\n\n\n<p>La m\u00e1gica noche previa a la llegada de sus Majestades los Reyes Magos de Oriente en algunas localidades canarias se celebra el <strong>Auto de los Reyes Magos<\/strong>. Una representaci\u00f3n en la que vecinos de los pueblos representan de forma teatralizada el largo viaje que realizaron los Reyes Magos desde Oriente hasta el portal de Bel\u00e9n para adorar al Ni\u00f1o Jes\u00fas. <\/p>\n\n\n\n<p><br>Las peque\u00f1as calles de <strong>Santo Domingo<\/strong>, en la <strong>Villa de Garaf\u00eda<\/strong>, La Palma son el escenario en el que se celebra es el m\u00e1s antiguo de Canarias, que data de entre finales del siglo XVIII y principios del XIX. Adem\u00e1s de \u00e9ste encontramos representaciones del Auto de Reyes en otras islas. En  de <strong>Tejina<\/strong>, en Tenerife, documentado desde 1905, ha sido propuesto  por el Cabildo de Tenerife como Bien de Inter\u00e9s Cultural. Los municipios grancanarios de <strong>Galdar<\/strong> y de <strong>Ag\u00fc\u00edmes <\/strong>celebran los Autos de Reyes m\u00e1s destacados y numerosos de la isla.<\/p>\n\n\n\n<div style=\"height:100px\" aria-hidden=\"true\" class=\"wp-block-spacer\"><\/div>\n\n\n\n<h3 class=\"wp-block-heading\">Otras tradiciones: <\/h3>\n\n\n\n<p>Adem\u00e1s algunos actos culturales ya se han convertido en tradiciones en las islas, como el <strong><a href=\"https:\/\/conciertodenavidad.org\/\" target=\"_blank\" rel=\"noreferrer noopener nofollow\">Concierto de Navidad de Puertos de Tenerife<\/a><\/strong>.  Este a\u00f1o celebrar\u00e1 su vig\u00e9sima novena edici\u00f3n en su escenario situado al aire libre en el Puerto de Santa Cruz de Tenerife. El concierto est\u00e1 interpretado por la <strong>Orquesta Sinf\u00f3nica de Tenerife<\/strong> y dirigido por Victor Pablo P\u00e9rez y con la participaci\u00f3n de distinguidos tenores y sopranos.  La recaudaci\u00f3n se destina a fines ben\u00e9ficos.<\/p>\n\n\n\n<p><\/p>\n\n\n\n<div class=\"wp-block-buttons is-layout-flex wp-block-buttons-is-layout-flex\">\n<div class=\"wp-block-button aligncenter\"><a class=\"wp-block-button__link wp-element-button\" href=\"https:\/\/bit.ly\/3Gf2W6s\">Vive la Navidad en Canarias<\/a><\/div>\n<\/div>\n\n\n\n<div style=\"height:0px\" aria-hidden=\"true\" class=\"wp-block-spacer\"><\/div>\n","protected":false},"excerpt":{"rendered":"<p>La Navidad y sus tradiciones ya se han instalado en todos los rincones de nuestras ciudades y pueblos. Y se nota en las calles iluminadas llenas de gente. En las colas de los puestos del mercado que despachan las viandas que se servir\u00e1n en las mesas de Canarias. En los villancicos que amenizan todos los rincones. En los restaurantes donde &hellip;<\/p>\n","protected":false},"author":2,"featured_media":9873,"comment_status":"open","ping_status":"open","sticky":false,"template":"","format":"standard","meta":{"_acf_changed":false,"sfsi_plus_gutenberg_text_before_share":"","sfsi_plus_gutenberg_show_text_before_share":"","sfsi_plus_gutenberg_icon_type":"","sfsi_plus_gutenberg_icon_alignemt":"","sfsi_plus_gutenburg_max_per_row":"","footnotes":""},"categories":[9,10,11],"tags":[927,928,282,930,926,929,118],"class_list":["post-9871","post","type-post","status-publish","format-standard","has-post-thumbnail","hentry","category-canarias","category-historias-viajeras","category-postales","tag-belen-de-arena","tag-misa-del-gallo","tag-navidad","tag-navidad-en-canarias","tag-rancho-de-pascua","tag-tajaraste-del-nino","tag-tradiciones"],"acf":[],"yoast_head":"<!-- This site is optimized with the Yoast SEO plugin v24.1 - https:\/\/yoast.com\/wordpress\/plugins\/seo\/ -->\n<title>Tradiciones navide\u00f1as en Canarias - Viajar es vivir<\/title>\n<meta name=\"description\" content=\"Las tradiciones navide\u00f1as siguen muy vivas en las islas Canarias. Te invitamos a descubrir aquellas que hacen \u00fanica a nuestra Navidad.\" \/>\n<meta name=\"robots\" content=\"index, follow, max-snippet:-1, max-image-preview:large, max-video-preview:-1\" \/>\n<link rel=\"canonical\" href=\"https:\/\/www.canariasviaja.com\/viajaresvivir\/tradiciones-navidenas-en-canarias\/\" \/>\n<meta property=\"og:locale\" content=\"es_ES\" \/>\n<meta property=\"og:type\" content=\"article\" \/>\n<meta property=\"og:title\" content=\"Tradiciones navide\u00f1as en Canarias - Viajar es vivir\" \/>\n<meta property=\"og:description\" content=\"Las tradiciones navide\u00f1as siguen muy vivas en las islas Canarias. Te invitamos a descubrir aquellas que hacen \u00fanica a nuestra Navidad.\" \/>\n<meta property=\"og:url\" content=\"https:\/\/www.canariasviaja.com\/viajaresvivir\/tradiciones-navidenas-en-canarias\/\" \/>\n<meta property=\"og:site_name\" content=\"Viajar es vivir\" \/>\n<meta property=\"article:published_time\" content=\"2022-12-15T13:20:45+00:00\" \/>\n<meta property=\"article:modified_time\" content=\"2023-11-26T13:04:20+00:00\" \/>\n<meta property=\"og:image\" content=\"http:\/\/www.canariasviaja.com\/viajaresvivir\/wp-content\/uploads\/2022\/12\/Belen.jpg\" \/>\n\t<meta property=\"og:image:width\" content=\"2000\" \/>\n\t<meta property=\"og:image:height\" content=\"1333\" \/>\n\t<meta property=\"og:image:type\" content=\"image\/jpeg\" \/>\n<meta name=\"author\" content=\"Patri C\u00e1mpora\" \/>\n<meta name=\"twitter:card\" content=\"summary_large_image\" \/>\n<meta name=\"twitter:label1\" content=\"Escrito por\" \/>\n\t<meta name=\"twitter:data1\" content=\"Patri C\u00e1mpora\" \/>\n\t<meta name=\"twitter:label2\" content=\"Tiempo de lectura\" \/>\n\t<meta name=\"twitter:data2\" content=\"6 minutos\" \/>\n<script type=\"application\/ld+json\" class=\"yoast-schema-graph\">{\"@context\":\"https:\/\/schema.org\",\"@graph\":[{\"@type\":\"WebPage\",\"@id\":\"https:\/\/www.canariasviaja.com\/viajaresvivir\/tradiciones-navidenas-en-canarias\/\",\"url\":\"https:\/\/www.canariasviaja.com\/viajaresvivir\/tradiciones-navidenas-en-canarias\/\",\"name\":\"Tradiciones navide\u00f1as en Canarias - Viajar es vivir\",\"isPartOf\":{\"@id\":\"https:\/\/www.canariasviaja.com\/viajaresvivir\/#website\"},\"primaryImageOfPage\":{\"@id\":\"https:\/\/www.canariasviaja.com\/viajaresvivir\/tradiciones-navidenas-en-canarias\/#primaryimage\"},\"image\":{\"@id\":\"https:\/\/www.canariasviaja.com\/viajaresvivir\/tradiciones-navidenas-en-canarias\/#primaryimage\"},\"thumbnailUrl\":\"https:\/\/www.canariasviaja.com\/viajaresvivir\/wp-content\/uploads\/2022\/12\/Belen.jpg\",\"datePublished\":\"2022-12-15T13:20:45+00:00\",\"dateModified\":\"2023-11-26T13:04:20+00:00\",\"author\":{\"@id\":\"https:\/\/www.canariasviaja.com\/viajaresvivir\/#\/schema\/person\/085949651001325f1244a8bc1b34709c\"},\"description\":\"Las tradiciones navide\u00f1as siguen muy vivas en las islas Canarias. Te invitamos a descubrir aquellas que hacen \u00fanica a nuestra Navidad.\",\"breadcrumb\":{\"@id\":\"https:\/\/www.canariasviaja.com\/viajaresvivir\/tradiciones-navidenas-en-canarias\/#breadcrumb\"},\"inLanguage\":\"es\",\"potentialAction\":[{\"@type\":\"ReadAction\",\"target\":[\"https:\/\/www.canariasviaja.com\/viajaresvivir\/tradiciones-navidenas-en-canarias\/\"]}]},{\"@type\":\"ImageObject\",\"inLanguage\":\"es\",\"@id\":\"https:\/\/www.canariasviaja.com\/viajaresvivir\/tradiciones-navidenas-en-canarias\/#primaryimage\",\"url\":\"https:\/\/www.canariasviaja.com\/viajaresvivir\/wp-content\/uploads\/2022\/12\/Belen.jpg\",\"contentUrl\":\"https:\/\/www.canariasviaja.com\/viajaresvivir\/wp-content\/uploads\/2022\/12\/Belen.jpg\",\"width\":2000,\"height\":1333,\"caption\":\"Tradiciones navide\u00f1as\"},{\"@type\":\"BreadcrumbList\",\"@id\":\"https:\/\/www.canariasviaja.com\/viajaresvivir\/tradiciones-navidenas-en-canarias\/#breadcrumb\",\"itemListElement\":[{\"@type\":\"ListItem\",\"position\":1,\"name\":\"Portada\",\"item\":\"https:\/\/www.canariasviaja.com\/viajaresvivir\/\"},{\"@type\":\"ListItem\",\"position\":2,\"name\":\"Tradiciones navide\u00f1as en Canarias\"}]},{\"@type\":\"WebSite\",\"@id\":\"https:\/\/www.canariasviaja.com\/viajaresvivir\/#website\",\"url\":\"https:\/\/www.canariasviaja.com\/viajaresvivir\/\",\"name\":\"Viajar es vivir\",\"description\":\"El blog de viajes y estilo de vida de CanariasViaja\",\"potentialAction\":[{\"@type\":\"SearchAction\",\"target\":{\"@type\":\"EntryPoint\",\"urlTemplate\":\"https:\/\/www.canariasviaja.com\/viajaresvivir\/?s={search_term_string}\"},\"query-input\":{\"@type\":\"PropertyValueSpecification\",\"valueRequired\":true,\"valueName\":\"search_term_string\"}}],\"inLanguage\":\"es\"},{\"@type\":\"Person\",\"@id\":\"https:\/\/www.canariasviaja.com\/viajaresvivir\/#\/schema\/person\/085949651001325f1244a8bc1b34709c\",\"name\":\"Patri C\u00e1mpora\",\"image\":{\"@type\":\"ImageObject\",\"inLanguage\":\"es\",\"@id\":\"https:\/\/www.canariasviaja.com\/viajaresvivir\/#\/schema\/person\/image\/\",\"url\":\"https:\/\/secure.gravatar.com\/avatar\/b2ce2c4086a5776e5310f57c1a2e5b4e?s=96&d=mm&r=g\",\"contentUrl\":\"https:\/\/secure.gravatar.com\/avatar\/b2ce2c4086a5776e5310f57c1a2e5b4e?s=96&d=mm&r=g\",\"caption\":\"Patri C\u00e1mpora\"},\"url\":\"https:\/\/www.canariasviaja.com\/viajaresvivir\/author\/patri\/\"}]}<\/script>\n<!-- \/ Yoast SEO plugin. -->","yoast_head_json":{"title":"Tradiciones navide\u00f1as en Canarias - Viajar es vivir","description":"Las tradiciones navide\u00f1as siguen muy vivas en las islas Canarias. Te invitamos a descubrir aquellas que hacen \u00fanica a nuestra Navidad.","robots":{"index":"index","follow":"follow","max-snippet":"max-snippet:-1","max-image-preview":"max-image-preview:large","max-video-preview":"max-video-preview:-1"},"canonical":"https:\/\/www.canariasviaja.com\/viajaresvivir\/tradiciones-navidenas-en-canarias\/","og_locale":"es_ES","og_type":"article","og_title":"Tradiciones navide\u00f1as en Canarias - Viajar es vivir","og_description":"Las tradiciones navide\u00f1as siguen muy vivas en las islas Canarias. Te invitamos a descubrir aquellas que hacen \u00fanica a nuestra Navidad.","og_url":"https:\/\/www.canariasviaja.com\/viajaresvivir\/tradiciones-navidenas-en-canarias\/","og_site_name":"Viajar es vivir","article_published_time":"2022-12-15T13:20:45+00:00","article_modified_time":"2023-11-26T13:04:20+00:00","og_image":[{"width":2000,"height":1333,"url":"http:\/\/www.canariasviaja.com\/viajaresvivir\/wp-content\/uploads\/2022\/12\/Belen.jpg","type":"image\/jpeg"}],"author":"Patri C\u00e1mpora","twitter_card":"summary_large_image","twitter_misc":{"Escrito por":"Patri C\u00e1mpora","Tiempo de lectura":"6 minutos"},"schema":{"@context":"https:\/\/schema.org","@graph":[{"@type":"WebPage","@id":"https:\/\/www.canariasviaja.com\/viajaresvivir\/tradiciones-navidenas-en-canarias\/","url":"https:\/\/www.canariasviaja.com\/viajaresvivir\/tradiciones-navidenas-en-canarias\/","name":"Tradiciones navide\u00f1as en Canarias - Viajar es vivir","isPartOf":{"@id":"https:\/\/www.canariasviaja.com\/viajaresvivir\/#website"},"primaryImageOfPage":{"@id":"https:\/\/www.canariasviaja.com\/viajaresvivir\/tradiciones-navidenas-en-canarias\/#primaryimage"},"image":{"@id":"https:\/\/www.canariasviaja.com\/viajaresvivir\/tradiciones-navidenas-en-canarias\/#primaryimage"},"thumbnailUrl":"https:\/\/www.canariasviaja.com\/viajaresvivir\/wp-content\/uploads\/2022\/12\/Belen.jpg","datePublished":"2022-12-15T13:20:45+00:00","dateModified":"2023-11-26T13:04:20+00:00","author":{"@id":"https:\/\/www.canariasviaja.com\/viajaresvivir\/#\/schema\/person\/085949651001325f1244a8bc1b34709c"},"description":"Las tradiciones navide\u00f1as siguen muy vivas en las islas Canarias. Te invitamos a descubrir aquellas que hacen \u00fanica a nuestra Navidad.","breadcrumb":{"@id":"https:\/\/www.canariasviaja.com\/viajaresvivir\/tradiciones-navidenas-en-canarias\/#breadcrumb"},"inLanguage":"es","potentialAction":[{"@type":"ReadAction","target":["https:\/\/www.canariasviaja.com\/viajaresvivir\/tradiciones-navidenas-en-canarias\/"]}]},{"@type":"ImageObject","inLanguage":"es","@id":"https:\/\/www.canariasviaja.com\/viajaresvivir\/tradiciones-navidenas-en-canarias\/#primaryimage","url":"https:\/\/www.canariasviaja.com\/viajaresvivir\/wp-content\/uploads\/2022\/12\/Belen.jpg","contentUrl":"https:\/\/www.canariasviaja.com\/viajaresvivir\/wp-content\/uploads\/2022\/12\/Belen.jpg","width":2000,"height":1333,"caption":"Tradiciones navide\u00f1as"},{"@type":"BreadcrumbList","@id":"https:\/\/www.canariasviaja.com\/viajaresvivir\/tradiciones-navidenas-en-canarias\/#breadcrumb","itemListElement":[{"@type":"ListItem","position":1,"name":"Portada","item":"https:\/\/www.canariasviaja.com\/viajaresvivir\/"},{"@type":"ListItem","position":2,"name":"Tradiciones navide\u00f1as en Canarias"}]},{"@type":"WebSite","@id":"https:\/\/www.canariasviaja.com\/viajaresvivir\/#website","url":"https:\/\/www.canariasviaja.com\/viajaresvivir\/","name":"Viajar es vivir","description":"El blog de viajes y estilo de vida de CanariasViaja","potentialAction":[{"@type":"SearchAction","target":{"@type":"EntryPoint","urlTemplate":"https:\/\/www.canariasviaja.com\/viajaresvivir\/?s={search_term_string}"},"query-input":{"@type":"PropertyValueSpecification","valueRequired":true,"valueName":"search_term_string"}}],"inLanguage":"es"},{"@type":"Person","@id":"https:\/\/www.canariasviaja.com\/viajaresvivir\/#\/schema\/person\/085949651001325f1244a8bc1b34709c","name":"Patri C\u00e1mpora","image":{"@type":"ImageObject","inLanguage":"es","@id":"https:\/\/www.canariasviaja.com\/viajaresvivir\/#\/schema\/person\/image\/","url":"https:\/\/secure.gravatar.com\/avatar\/b2ce2c4086a5776e5310f57c1a2e5b4e?s=96&d=mm&r=g","contentUrl":"https:\/\/secure.gravatar.com\/avatar\/b2ce2c4086a5776e5310f57c1a2e5b4e?s=96&d=mm&r=g","caption":"Patri C\u00e1mpora"},"url":"https:\/\/www.canariasviaja.com\/viajaresvivir\/author\/patri\/"}]}},"_links":{"self":[{"href":"https:\/\/www.canariasviaja.com\/viajaresvivir\/wp-json\/wp\/v2\/posts\/9871"}],"collection":[{"href":"https:\/\/www.canariasviaja.com\/viajaresvivir\/wp-json\/wp\/v2\/posts"}],"about":[{"href":"https:\/\/www.canariasviaja.com\/viajaresvivir\/wp-json\/wp\/v2\/types\/post"}],"author":[{"embeddable":true,"href":"https:\/\/www.canariasviaja.com\/viajaresvivir\/wp-json\/wp\/v2\/users\/2"}],"replies":[{"embeddable":true,"href":"https:\/\/www.canariasviaja.com\/viajaresvivir\/wp-json\/wp\/v2\/comments?post=9871"}],"version-history":[{"count":9,"href":"https:\/\/www.canariasviaja.com\/viajaresvivir\/wp-json\/wp\/v2\/posts\/9871\/revisions"}],"predecessor-version":[{"id":11063,"href":"https:\/\/www.canariasviaja.com\/viajaresvivir\/wp-json\/wp\/v2\/posts\/9871\/revisions\/11063"}],"wp:featuredmedia":[{"embeddable":true,"href":"https:\/\/www.canariasviaja.com\/viajaresvivir\/wp-json\/wp\/v2\/media\/9873"}],"wp:attachment":[{"href":"https:\/\/www.canariasviaja.com\/viajaresvivir\/wp-json\/wp\/v2\/media?parent=9871"}],"wp:term":[{"taxonomy":"category","embeddable":true,"href":"https:\/\/www.canariasviaja.com\/viajaresvivir\/wp-json\/wp\/v2\/categories?post=9871"},{"taxonomy":"post_tag","embeddable":true,"href":"https:\/\/www.canariasviaja.com\/viajaresvivir\/wp-json\/wp\/v2\/tags?post=9871"}],"curies":[{"name":"wp","href":"https:\/\/api.w.org\/{rel}","templated":true}]}}