{"id":9901,"date":"2022-12-22T14:23:16","date_gmt":"2022-12-22T14:23:16","guid":{"rendered":"https:\/\/www.canariasviaja.com\/viajaresvivir\/?p=9901"},"modified":"2023-01-05T11:40:49","modified_gmt":"2023-01-05T11:40:49","slug":"2023-dale-al-play-a-tu-vida","status":"publish","type":"post","link":"https:\/\/www.canariasviaja.com\/viajaresvivir\/2023-dale-al-play-a-tu-vida\/","title":{"rendered":"2023, dale al play a tu vida"},"content":{"rendered":"\n<p>En 2023 queremos ayudarte a que <strong>le des al <em>play<\/em> a tu vida <\/strong>y que retomes los planes pospuestos, las <strong>ganas de disfrutar y de viajar.<\/strong><\/p>\n\n\n\n<figure class=\"wp-block-image size-full\"><img loading=\"lazy\" decoding=\"async\" width=\"2000\" height=\"1206\" src=\"http:\/\/www.canariasviaja.com\/viajaresvivir\/wp-content\/uploads\/2022\/12\/aditya-saxena-_mIXHvl_wzA-unsplash.jpg\" alt=\"\" class=\"wp-image-9905\" srcset=\"https:\/\/www.canariasviaja.com\/viajaresvivir\/wp-content\/uploads\/2022\/12\/aditya-saxena-_mIXHvl_wzA-unsplash.jpg 2000w, https:\/\/www.canariasviaja.com\/viajaresvivir\/wp-content\/uploads\/2022\/12\/aditya-saxena-_mIXHvl_wzA-unsplash-300x181.jpg 300w, https:\/\/www.canariasviaja.com\/viajaresvivir\/wp-content\/uploads\/2022\/12\/aditya-saxena-_mIXHvl_wzA-unsplash-768x463.jpg 768w, https:\/\/www.canariasviaja.com\/viajaresvivir\/wp-content\/uploads\/2022\/12\/aditya-saxena-_mIXHvl_wzA-unsplash-1536x926.jpg 1536w, https:\/\/www.canariasviaja.com\/viajaresvivir\/wp-content\/uploads\/2022\/12\/aditya-saxena-_mIXHvl_wzA-unsplash-1200x724.jpg 1200w, https:\/\/www.canariasviaja.com\/viajaresvivir\/wp-content\/uploads\/2022\/12\/aditya-saxena-_mIXHvl_wzA-unsplash-1791x1080.jpg 1791w\" sizes=\"(max-width: 2000px) 100vw, 2000px\" \/><figcaption>Foto de <a href=\"https:\/\/unsplash.com\/@adityaries?utm_source=unsplash&amp;utm_medium=referral&amp;utm_content=creditCopyText\">Aditya Saxena<\/a> en <a href=\"https:\/\/unsplash.com\/es\/fotos\/_mIXHvl_wzA?utm_source=unsplash&amp;utm_medium=referral&amp;utm_content=creditCopyText\">Unsplash<\/a><\/figcaption><\/figure>\n\n\n\n<p>Te proponemos un mont\u00f3n de<strong> ideas<\/strong> para que disfrutes 2023. <strong>\u00bfTe apuntas a darle al <em>play<\/em>?<\/strong><\/p>\n\n\n\n<div style=\"height:100px\" aria-hidden=\"true\" class=\"wp-block-spacer\"><\/div>\n\n\n\n<h3 class=\"wp-block-heading\">Experimenta el S\u00edndrome de Stendhal<\/h3>\n\n\n\n<figure class=\"wp-block-image size-large\"><img loading=\"lazy\" decoding=\"async\" width=\"2000\" height=\"1333\" src=\"http:\/\/www.canariasviaja.com\/viajaresvivir\/wp-content\/uploads\/2022\/12\/FLORENCIA-1.jpg\" alt=\"\" class=\"wp-image-9903\" srcset=\"https:\/\/www.canariasviaja.com\/viajaresvivir\/wp-content\/uploads\/2022\/12\/FLORENCIA-1.jpg 2000w, https:\/\/www.canariasviaja.com\/viajaresvivir\/wp-content\/uploads\/2022\/12\/FLORENCIA-1-300x200.jpg 300w, https:\/\/www.canariasviaja.com\/viajaresvivir\/wp-content\/uploads\/2022\/12\/FLORENCIA-1-768x512.jpg 768w, https:\/\/www.canariasviaja.com\/viajaresvivir\/wp-content\/uploads\/2022\/12\/FLORENCIA-1-1536x1024.jpg 1536w, https:\/\/www.canariasviaja.com\/viajaresvivir\/wp-content\/uploads\/2022\/12\/FLORENCIA-1-1200x800.jpg 1200w, https:\/\/www.canariasviaja.com\/viajaresvivir\/wp-content\/uploads\/2022\/12\/FLORENCIA-1-1620x1080.jpg 1620w\" sizes=\"(max-width: 2000px) 100vw, 2000px\" \/><\/figure>\n\n\n\n<p>Entr\u00e9gate a la <a href=\"https:\/\/www.canariasviaja.com\/viajaresvivir\/florencia-guia-para-sucumbir-al-sindrome-de-stendhal\/\">contemplaci\u00f3n de la belleza<\/a>. D\u00e9jate embriagar por el arte y la historia en las<strong><a href=\"https:\/\/www.canariasviaja.com\/viajaresvivir\/toulouse-brilla-en-verano\/\"> ciudades <\/a><\/strong>con m\u00e1s <a href=\"https:\/\/www.canariasviaja.com\/viajaresvivir\/escapada-a-venecia\/\"><strong>magia<\/strong> <\/a>de Europa.<\/p>\n\n\n\n<div style=\"height:100px\" aria-hidden=\"true\" class=\"wp-block-spacer\"><\/div>\n\n\n\n<h3 class=\"wp-block-heading\">Conquista la cumbre<\/h3>\n\n\n\n<figure class=\"wp-block-image size-full\"><img loading=\"lazy\" decoding=\"async\" width=\"2000\" height=\"1125\" src=\"http:\/\/www.canariasviaja.com\/viajaresvivir\/wp-content\/uploads\/2020\/03\/Montain-bike-cumbres-Madeira.jpg\" alt=\"\" class=\"wp-image-3060\" srcset=\"https:\/\/www.canariasviaja.com\/viajaresvivir\/wp-content\/uploads\/2020\/03\/Montain-bike-cumbres-Madeira.jpg 2000w, https:\/\/www.canariasviaja.com\/viajaresvivir\/wp-content\/uploads\/2020\/03\/Montain-bike-cumbres-Madeira-300x169.jpg 300w, https:\/\/www.canariasviaja.com\/viajaresvivir\/wp-content\/uploads\/2020\/03\/Montain-bike-cumbres-Madeira-768x432.jpg 768w, https:\/\/www.canariasviaja.com\/viajaresvivir\/wp-content\/uploads\/2020\/03\/Montain-bike-cumbres-Madeira-1536x864.jpg 1536w, https:\/\/www.canariasviaja.com\/viajaresvivir\/wp-content\/uploads\/2020\/03\/Montain-bike-cumbres-Madeira-1200x675.jpg 1200w, https:\/\/www.canariasviaja.com\/viajaresvivir\/wp-content\/uploads\/2020\/03\/Montain-bike-cumbres-Madeira-1920x1080.jpg 1920w, https:\/\/www.canariasviaja.com\/viajaresvivir\/wp-content\/uploads\/2020\/03\/Montain-bike-cumbres-Madeira-960x540.jpg 960w\" sizes=\"(max-width: 2000px) 100vw, 2000px\" \/><\/figure>\n\n\n\n<p>No te pongas l\u00edmites. T\u00fa puedes lograr lo que te propongas. Participa en la<strong> <a href=\"https:\/\/www.canariasviaja.com\/viajaresvivir\/binter-night-run-la-marea-verde-vuelve-a-tomar-las-calles\/\">Binter Night Run<\/a><\/strong>, sube hasta el cr\u00e1ter del <strong><a href=\"https:\/\/www.canariasviaja.com\/viajaresvivir\/el-teide-a-pie\/\">Teide a pie<\/a><\/strong>, o conquista el pico Ruivo en <strong><a href=\"https:\/\/www.canariasviaja.com\/viajaresvivir\/deportes-al-aire-libre-en-madeira\/\">Madeira<\/a><\/strong>. \u00bfCu\u00e1l es tu pr\u00f3ximo reto?<\/p>\n\n\n\n<div style=\"height:100px\" aria-hidden=\"true\" class=\"wp-block-spacer\"><\/div>\n\n\n\n<h3 class=\"wp-block-heading\">Pon exotismo a tu vida<\/h3>\n\n\n\n<figure class=\"wp-block-image size-large\"><img loading=\"lazy\" decoding=\"async\" width=\"1024\" height=\"683\" src=\"http:\/\/www.canariasviaja.com\/viajaresvivir\/wp-content\/uploads\/2019\/11\/Descubre-Jeem-el-Fna-Marrakech-1024x683.jpg\" alt=\"\" class=\"wp-image-902\" srcset=\"https:\/\/www.canariasviaja.com\/viajaresvivir\/wp-content\/uploads\/2019\/11\/Descubre-Jeem-el-Fna-Marrakech-1024x683.jpg 1024w, https:\/\/www.canariasviaja.com\/viajaresvivir\/wp-content\/uploads\/2019\/11\/Descubre-Jeem-el-Fna-Marrakech-300x200.jpg 300w, https:\/\/www.canariasviaja.com\/viajaresvivir\/wp-content\/uploads\/2019\/11\/Descubre-Jeem-el-Fna-Marrakech-768x513.jpg 768w, https:\/\/www.canariasviaja.com\/viajaresvivir\/wp-content\/uploads\/2019\/11\/Descubre-Jeem-el-Fna-Marrakech-1200x801.jpg 1200w, https:\/\/www.canariasviaja.com\/viajaresvivir\/wp-content\/uploads\/2019\/11\/Descubre-Jeem-el-Fna-Marrakech-1618x1080.jpg 1618w, https:\/\/www.canariasviaja.com\/viajaresvivir\/wp-content\/uploads\/2019\/11\/Descubre-Jeem-el-Fna-Marrakech.jpg 1900w\" sizes=\"(max-width: 1024px) 100vw, 1024px\" \/><\/figure>\n\n\n\n<p>Abre tu mente a <a href=\"https:\/\/www.canariasviaja.com\/viajaresvivir\/fez-viaje-al-origen-de-marruecos\/\">nuevas culturas<\/a>. Sum\u00e9rgete en otras formas de vivir y sentir, en otros sabores y olores, en otras lenguas\u2026 Explora el mundo que te rodea.<\/p>\n\n\n\n<div style=\"height:100px\" aria-hidden=\"true\" class=\"wp-block-spacer\"><\/div>\n\n\n\n<h3 class=\"wp-block-heading\">Despierta en otra cama<\/h3>\n\n\n\n<figure class=\"wp-block-image size-full\"><img loading=\"lazy\" decoding=\"async\" width=\"2000\" height=\"1500\" src=\"http:\/\/www.canariasviaja.com\/viajaresvivir\/wp-content\/uploads\/2022\/12\/Portada.jpg\" alt=\"\" class=\"wp-image-9907\" srcset=\"https:\/\/www.canariasviaja.com\/viajaresvivir\/wp-content\/uploads\/2022\/12\/Portada.jpg 2000w, https:\/\/www.canariasviaja.com\/viajaresvivir\/wp-content\/uploads\/2022\/12\/Portada-300x225.jpg 300w, https:\/\/www.canariasviaja.com\/viajaresvivir\/wp-content\/uploads\/2022\/12\/Portada-768x576.jpg 768w, https:\/\/www.canariasviaja.com\/viajaresvivir\/wp-content\/uploads\/2022\/12\/Portada-1536x1152.jpg 1536w, https:\/\/www.canariasviaja.com\/viajaresvivir\/wp-content\/uploads\/2022\/12\/Portada-1200x900.jpg 1200w, https:\/\/www.canariasviaja.com\/viajaresvivir\/wp-content\/uploads\/2022\/12\/Portada-800x600.jpg 800w, https:\/\/www.canariasviaja.com\/viajaresvivir\/wp-content\/uploads\/2022\/12\/Portada-1440x1080.jpg 1440w\" sizes=\"(max-width: 2000px) 100vw, 2000px\" \/><\/figure>\n\n\n\n<p>Sal de la rutina. Cambia de escenario por unos d\u00edas y descubre c\u00f3mo te sientes al <strong><a href=\"https:\/\/www.canariasviaja.com\/hotel\">despertar<\/a><\/strong> frente al mar, en otra ciudad o en un edificio hist\u00f3rico. El mundo te est\u00e1 esperando.<\/p>\n\n\n\n<div style=\"height:100px\" aria-hidden=\"true\" class=\"wp-block-spacer\"><\/div>\n\n\n\n<h3 class=\"wp-block-heading\">Escucha la llamada de \u00c1frica<\/h3>\n\n\n\n<figure class=\"wp-block-image size-full\"><img loading=\"lazy\" decoding=\"async\" width=\"1024\" height=\"684\" src=\"http:\/\/www.canariasviaja.com\/viajaresvivir\/wp-content\/uploads\/2019\/12\/Piscina-de-Fathala-Lodge.jpg\" alt=\"pareja nada en piscina Fathala Lodge\" class=\"wp-image-2023\" srcset=\"https:\/\/www.canariasviaja.com\/viajaresvivir\/wp-content\/uploads\/2019\/12\/Piscina-de-Fathala-Lodge.jpg 1024w, https:\/\/www.canariasviaja.com\/viajaresvivir\/wp-content\/uploads\/2019\/12\/Piscina-de-Fathala-Lodge-300x200.jpg 300w, https:\/\/www.canariasviaja.com\/viajaresvivir\/wp-content\/uploads\/2019\/12\/Piscina-de-Fathala-Lodge-768x513.jpg 768w\" sizes=\"(max-width: 1024px) 100vw, 1024px\" \/><\/figure>\n\n\n\n<p>Deja que tu coraz\u00f3n lata m\u00e1s r\u00e1pido ante una de las<strong> experiencias m\u00e1s aut\u00e9nticas <\/strong>y transformadoras que vivir\u00e1s. Escucha la llamada de <a href=\"https:\/\/www.canariasviaja.com\/viajaresvivir\/descubre-senegal-10-lugares-imprescindibles\/\">\u00c1frica<\/a> y sigue a tu coraz\u00f3n.<\/p>\n\n\n\n<div style=\"height:100px\" aria-hidden=\"true\" class=\"wp-block-spacer\"><\/div>\n\n\n\n<h3 class=\"wp-block-heading\">Brinda por la vida<\/h3>\n\n\n\n<figure class=\"wp-block-image size-full\"><img loading=\"lazy\" decoding=\"async\" width=\"2000\" height=\"1335\" src=\"http:\/\/www.canariasviaja.com\/viajaresvivir\/wp-content\/uploads\/2020\/06\/Bodega-el-tablero-vinos-Lanzarote.jpg\" alt=\"\" class=\"wp-image-4338\" srcset=\"https:\/\/www.canariasviaja.com\/viajaresvivir\/wp-content\/uploads\/2020\/06\/Bodega-el-tablero-vinos-Lanzarote.jpg 2000w, https:\/\/www.canariasviaja.com\/viajaresvivir\/wp-content\/uploads\/2020\/06\/Bodega-el-tablero-vinos-Lanzarote-300x200.jpg 300w, https:\/\/www.canariasviaja.com\/viajaresvivir\/wp-content\/uploads\/2020\/06\/Bodega-el-tablero-vinos-Lanzarote-768x513.jpg 768w, https:\/\/www.canariasviaja.com\/viajaresvivir\/wp-content\/uploads\/2020\/06\/Bodega-el-tablero-vinos-Lanzarote-1536x1025.jpg 1536w, https:\/\/www.canariasviaja.com\/viajaresvivir\/wp-content\/uploads\/2020\/06\/Bodega-el-tablero-vinos-Lanzarote-1200x801.jpg 1200w, https:\/\/www.canariasviaja.com\/viajaresvivir\/wp-content\/uploads\/2020\/06\/Bodega-el-tablero-vinos-Lanzarote-1618x1080.jpg 1618w\" sizes=\"(max-width: 2000px) 100vw, 2000px\" \/><\/figure>\n\n\n\n<p>Ad\u00e9ntrate en la riqueza del mundo del<strong><a href=\"https:\/\/www.canariasviaja.com\/viajaresvivir\/canary-wine-route-enoturismo-y-turismo-gastronomico-en-canarias\/\"> enoturismo<\/a><\/strong> y el gastroturismo en las islas. Valorar\u00e1s mucho m\u00e1s lo que tienes.<\/p>\n\n\n\n<div style=\"height:100px\" aria-hidden=\"true\" class=\"wp-block-spacer\"><\/div>\n\n\n\n<h3 class=\"wp-block-heading\">Descubre el Universo<\/h3>\n\n\n\n<figure class=\"wp-block-image size-full\"><img loading=\"lazy\" decoding=\"async\" width=\"1024\" height=\"691\" src=\"http:\/\/www.canariasviaja.com\/viajaresvivir\/wp-content\/uploads\/2020\/07\/Cielo-de-Fuerteventura.jpg\" alt=\"\" class=\"wp-image-4602\" srcset=\"https:\/\/www.canariasviaja.com\/viajaresvivir\/wp-content\/uploads\/2020\/07\/Cielo-de-Fuerteventura.jpg 1024w, https:\/\/www.canariasviaja.com\/viajaresvivir\/wp-content\/uploads\/2020\/07\/Cielo-de-Fuerteventura-300x202.jpg 300w, https:\/\/www.canariasviaja.com\/viajaresvivir\/wp-content\/uploads\/2020\/07\/Cielo-de-Fuerteventura-768x518.jpg 768w\" sizes=\"(max-width: 1024px) 100vw, 1024px\" \/><\/figure>\n\n\n\n<p>Expande tu mente explorando la inmensidad del universo. Vives bajo algunos de los <strong><a href=\"https:\/\/www.canariasviaja.com\/viajaresvivir\/el-ultimo-secreto-de-el-hierro-su-cielo\/\">mejores cielos <\/a><\/strong>del mundo. No dejes que te lo cuenten, desc\u00fabrelo.<\/p>\n\n\n\n<div style=\"height:100px\" aria-hidden=\"true\" class=\"wp-block-spacer\"><\/div>\n\n\n\n<h3 class=\"wp-block-heading\">Recarga pilas al Norte<\/h3>\n\n\n\n<figure class=\"wp-block-image size-full\"><img loading=\"lazy\" decoding=\"async\" width=\"2000\" height=\"1333\" src=\"http:\/\/www.canariasviaja.com\/viajaresvivir\/wp-content\/uploads\/2020\/09\/Asturias.jpg\" alt=\"Asturias\" class=\"wp-image-5282\" srcset=\"https:\/\/www.canariasviaja.com\/viajaresvivir\/wp-content\/uploads\/2020\/09\/Asturias.jpg 2000w, https:\/\/www.canariasviaja.com\/viajaresvivir\/wp-content\/uploads\/2020\/09\/Asturias-300x200.jpg 300w, https:\/\/www.canariasviaja.com\/viajaresvivir\/wp-content\/uploads\/2020\/09\/Asturias-768x512.jpg 768w, https:\/\/www.canariasviaja.com\/viajaresvivir\/wp-content\/uploads\/2020\/09\/Asturias-1536x1024.jpg 1536w, https:\/\/www.canariasviaja.com\/viajaresvivir\/wp-content\/uploads\/2020\/09\/Asturias-1200x800.jpg 1200w, https:\/\/www.canariasviaja.com\/viajaresvivir\/wp-content\/uploads\/2020\/09\/Asturias-1620x1080.jpg 1620w\" sizes=\"(max-width: 2000px) 100vw, 2000px\" \/><\/figure>\n\n\n\n<p>Res\u00e9rvate unos d\u00edas para disfrutar del verde intenso de<strong><a href=\"https:\/\/www.canariasviaja.com\/viajaresvivir\/lagos-de-covadonga-la-joya-de-los-picos-de-europa\/\">l norte de Espa\u00f1a<\/a><\/strong>, donde la exquisita gastronom\u00eda, la historia y la naturaleza te esperan. \u00a1Pon rumbo al norte!<\/p>\n\n\n\n<div style=\"height:100px\" aria-hidden=\"true\" class=\"wp-block-spacer\"><\/div>\n\n\n\n<h3 class=\"wp-block-heading\">Date un gusto<\/h3>\n\n\n\n<figure class=\"wp-block-image size-full\"><img loading=\"lazy\" decoding=\"async\" width=\"1024\" height=\"683\" src=\"http:\/\/www.canariasviaja.com\/viajaresvivir\/wp-content\/uploads\/2022\/12\/Escapada-roma\u0301ntica.jpg\" alt=\"\" class=\"wp-image-9904\" srcset=\"https:\/\/www.canariasviaja.com\/viajaresvivir\/wp-content\/uploads\/2022\/12\/Escapada-roma\u0301ntica.jpg 1024w, https:\/\/www.canariasviaja.com\/viajaresvivir\/wp-content\/uploads\/2022\/12\/Escapada-roma\u0301ntica-300x200.jpg 300w, https:\/\/www.canariasviaja.com\/viajaresvivir\/wp-content\/uploads\/2022\/12\/Escapada-roma\u0301ntica-768x512.jpg 768w\" sizes=\"(max-width: 1024px) 100vw, 1024px\" \/><figcaption>Foto: Turismo Islas Canarias<\/figcaption><\/figure>\n\n\n\n<p>Es hora de regalarte un fin de semana en ese<strong> <a href=\"https:\/\/www.canariasviaja.com\/hotel\">hotel<\/a> <\/strong>que llevas tanto tiempo deseando conocer, una <strong><a href=\"https:\/\/www.canariasviaja.com\/experiencias\/solo-para-dos\">escapada rom\u00e1ntica<\/a><\/strong> para dos, o simplemente tiempo para ti.<\/p>\n\n\n\n<div style=\"height:100px\" aria-hidden=\"true\" class=\"wp-block-spacer\"><\/div>\n\n\n\n<h3 class=\"wp-block-heading\">Baila sin parar<\/h3>\n\n\n\n<figure class=\"wp-block-image size-full\"><img loading=\"lazy\" decoding=\"async\" width=\"2000\" height=\"1251\" src=\"http:\/\/www.canariasviaja.com\/viajaresvivir\/wp-content\/uploads\/2022\/03\/GranCa-Live-Fest.jpg\" alt=\"Estadio GranCa Live Fes\" class=\"wp-image-8360\" srcset=\"https:\/\/www.canariasviaja.com\/viajaresvivir\/wp-content\/uploads\/2022\/03\/GranCa-Live-Fest.jpg 2000w, https:\/\/www.canariasviaja.com\/viajaresvivir\/wp-content\/uploads\/2022\/03\/GranCa-Live-Fest-300x188.jpg 300w, https:\/\/www.canariasviaja.com\/viajaresvivir\/wp-content\/uploads\/2022\/03\/GranCa-Live-Fest-768x480.jpg 768w, https:\/\/www.canariasviaja.com\/viajaresvivir\/wp-content\/uploads\/2022\/03\/GranCa-Live-Fest-1536x961.jpg 1536w, https:\/\/www.canariasviaja.com\/viajaresvivir\/wp-content\/uploads\/2022\/03\/GranCa-Live-Fest-1200x751.jpg 1200w, https:\/\/www.canariasviaja.com\/viajaresvivir\/wp-content\/uploads\/2022\/03\/GranCa-Live-Fest-1727x1080.jpg 1727w\" sizes=\"(max-width: 2000px) 100vw, 2000px\" \/><\/figure>\n\n\n\n<p>Disfruta de la<strong> m\u00fasica <\/strong>de los mejores artistas nacionales e internacionales, como Rosal\u00eda o Maluma, que formar\u00e1n parte de la pr\u00f3xima edici\u00f3n del <strong><a href=\"https:\/\/www.canariasviaja.com\/viajaresvivir\/granca-live-fest-baila-bajo-el-sol-y-las-estrellas\/\">GranCa Live Fest<\/a>.<\/strong> \u00bfTe lo vas a perder?<\/p>\n\n\n\n<div style=\"height:100px\" aria-hidden=\"true\" class=\"wp-block-spacer\"><\/div>\n\n\n\n<h3 class=\"wp-block-heading\">Emoci\u00f3nate con la belleza del fondo del mar<\/h3>\n\n\n\n<figure class=\"wp-block-image size-full\"><img loading=\"lazy\" decoding=\"async\" width=\"1024\" height=\"630\" src=\"http:\/\/www.canariasviaja.com\/viajaresvivir\/wp-content\/uploads\/2022\/01\/Planes-cerca-de-ti-Poema-del-mar.jpg\" alt=\"Planes cerca de ti Poema del mar\" class=\"wp-image-8037\" srcset=\"https:\/\/www.canariasviaja.com\/viajaresvivir\/wp-content\/uploads\/2022\/01\/Planes-cerca-de-ti-Poema-del-mar.jpg 1024w, https:\/\/www.canariasviaja.com\/viajaresvivir\/wp-content\/uploads\/2022\/01\/Planes-cerca-de-ti-Poema-del-mar-300x185.jpg 300w, https:\/\/www.canariasviaja.com\/viajaresvivir\/wp-content\/uploads\/2022\/01\/Planes-cerca-de-ti-Poema-del-mar-768x473.jpg 768w\" sizes=\"(max-width: 1024px) 100vw, 1024px\" \/><figcaption>Poema del Mar<\/figcaption><\/figure>\n\n\n\n<p>Haz un <strong><a href=\"https:\/\/www.canariasviaja.com\/viajaresvivir\/buceo-en-el-hierro-descubre-la-calma\/\">bautizo de buceo<\/a><\/strong> en el Mar de Las Calmas (El Hierro) o, si quieres disfrutar del fondo del mar sin mojarte, impr\u00e9gnate de la belleza del acuario Poema del Mar, en Las Palmas de Gran Canaria.<\/p>\n\n\n\n<div style=\"height:100px\" aria-hidden=\"true\" class=\"wp-block-spacer\"><\/div>\n\n\n\n<h3 class=\"wp-block-heading\">Redescubre tu isla<\/h3>\n\n\n\n<figure class=\"wp-block-image size-full\"><img loading=\"lazy\" decoding=\"async\" width=\"1440\" height=\"1080\" src=\"http:\/\/www.canariasviaja.com\/viajaresvivir\/wp-content\/uploads\/2020\/07\/Gran-Canaria-a-pie-roque-nublo.jpg\" alt=\"A pie por Gran Canaria roque nublo\" class=\"wp-image-4391\" srcset=\"https:\/\/www.canariasviaja.com\/viajaresvivir\/wp-content\/uploads\/2020\/07\/Gran-Canaria-a-pie-roque-nublo.jpg 1440w, https:\/\/www.canariasviaja.com\/viajaresvivir\/wp-content\/uploads\/2020\/07\/Gran-Canaria-a-pie-roque-nublo-300x225.jpg 300w, https:\/\/www.canariasviaja.com\/viajaresvivir\/wp-content\/uploads\/2020\/07\/Gran-Canaria-a-pie-roque-nublo-768x576.jpg 768w, https:\/\/www.canariasviaja.com\/viajaresvivir\/wp-content\/uploads\/2020\/07\/Gran-Canaria-a-pie-roque-nublo-1200x900.jpg 1200w, https:\/\/www.canariasviaja.com\/viajaresvivir\/wp-content\/uploads\/2020\/07\/Gran-Canaria-a-pie-roque-nublo-800x600.jpg 800w\" sizes=\"(max-width: 1440px) 100vw, 1440px\" \/><figcaption>Cumbre de Gran Canaria. Foto: Turismo Islas Canarias<\/figcaption><\/figure>\n\n\n\n<p>\u00bfCu\u00e1nto hace que no la miras con ojos de viajero? Sorpr\u00e9ndete redescubriendo los<strong><a href=\"https:\/\/www.canariasviaja.com\/viajaresvivir\/a-pie-por-gran-canaria-slow-travelling-en-la-isla-continente\/\"> rincones de tu isla<\/a><\/strong> sin prisas. Tienes mucho por <a href=\"https:\/\/www.canariasviaja.com\/actividades\">vivir<\/a> aqu\u00ed.<\/p>\n\n\n\n<div style=\"height:100px\" aria-hidden=\"true\" class=\"wp-block-spacer\"><\/div>\n\n\n\n<h3 class=\"wp-block-heading\">Siente el alma flamenca<\/h3>\n\n\n\n<figure class=\"wp-block-image size-full\"><img loading=\"lazy\" decoding=\"async\" width=\"1024\" height=\"683\" src=\"http:\/\/www.canariasviaja.com\/viajaresvivir\/wp-content\/uploads\/2022\/10\/FLAMENCO1.jpg\" alt=\"Jerez en oto\u00f1o\" class=\"wp-image-9553\" srcset=\"https:\/\/www.canariasviaja.com\/viajaresvivir\/wp-content\/uploads\/2022\/10\/FLAMENCO1.jpg 1024w, https:\/\/www.canariasviaja.com\/viajaresvivir\/wp-content\/uploads\/2022\/10\/FLAMENCO1-300x200.jpg 300w, https:\/\/www.canariasviaja.com\/viajaresvivir\/wp-content\/uploads\/2022\/10\/FLAMENCO1-768x512.jpg 768w\" sizes=\"(max-width: 1024px) 100vw, 1024px\" \/><\/figure>\n\n\n\n<p>Viaja a la cuna del flamenco,<strong> <a href=\"https:\/\/www.canariasviaja.com\/viajaresvivir\/enamorate-de-jerez-de-la-frontera-con-juan-mateos\/\">Jerez<\/a>.<\/strong> Una tierra de vinos con solera, caballos que bailan y flamenco. Siente la esencia de Andaluc\u00eda.<\/p>\n\n\n\n<div style=\"height:100px\" aria-hidden=\"true\" class=\"wp-block-spacer\"><\/div>\n\n\n\n<h3 class=\"wp-block-heading\">Conecta con lo natural<\/h3>\n\n\n\n<figure class=\"wp-block-image size-full\"><img loading=\"lazy\" decoding=\"async\" width=\"1024\" height=\"683\" src=\"http:\/\/www.canariasviaja.com\/viajaresvivir\/wp-content\/uploads\/2020\/06\/Kayak-en-Los-Gigantes-Patri-Campora5.jpg\" alt=\"kayak en Los Gigantes\" class=\"wp-image-4080\" srcset=\"https:\/\/www.canariasviaja.com\/viajaresvivir\/wp-content\/uploads\/2020\/06\/Kayak-en-Los-Gigantes-Patri-Campora5.jpg 1024w, https:\/\/www.canariasviaja.com\/viajaresvivir\/wp-content\/uploads\/2020\/06\/Kayak-en-Los-Gigantes-Patri-Campora5-300x200.jpg 300w, https:\/\/www.canariasviaja.com\/viajaresvivir\/wp-content\/uploads\/2020\/06\/Kayak-en-Los-Gigantes-Patri-Campora5-768x512.jpg 768w\" sizes=\"(max-width: 1024px) 100vw, 1024px\" \/><\/figure>\n\n\n\n<p>Sal de casa y <strong><a href=\"https:\/\/www.canariasviaja.com\/viajaresvivir\/vive-experiencias-en-las-islas-canarias\/\">disfruta<\/a><\/strong> de nuestra naturaleza todo el a\u00f1o. Kayak, senderismo, buceo, rapel\u2026t\u00fa decides c\u00f3mo quieres vivir cada d\u00eda.<\/p>\n\n\n\n<div style=\"height:100px\" aria-hidden=\"true\" class=\"wp-block-spacer\"><\/div>\n\n\n\n<h3 class=\"wp-block-heading\">Vive la vida isle\u00f1a con otro acento<\/h3>\n\n\n\n<figure class=\"wp-block-image size-full\"><img loading=\"lazy\" decoding=\"async\" width=\"2000\" height=\"1335\" src=\"http:\/\/www.canariasviaja.com\/viajaresvivir\/wp-content\/uploads\/2020\/04\/Madeira-optimizado4.jpg\" alt=\"Madeira\" class=\"wp-image-3586\" srcset=\"https:\/\/www.canariasviaja.com\/viajaresvivir\/wp-content\/uploads\/2020\/04\/Madeira-optimizado4.jpg 2000w, https:\/\/www.canariasviaja.com\/viajaresvivir\/wp-content\/uploads\/2020\/04\/Madeira-optimizado4-300x200.jpg 300w, https:\/\/www.canariasviaja.com\/viajaresvivir\/wp-content\/uploads\/2020\/04\/Madeira-optimizado4-768x513.jpg 768w, https:\/\/www.canariasviaja.com\/viajaresvivir\/wp-content\/uploads\/2020\/04\/Madeira-optimizado4-1536x1025.jpg 1536w, https:\/\/www.canariasviaja.com\/viajaresvivir\/wp-content\/uploads\/2020\/04\/Madeira-optimizado4-1200x801.jpg 1200w, https:\/\/www.canariasviaja.com\/viajaresvivir\/wp-content\/uploads\/2020\/04\/Madeira-optimizado4-1618x1080.jpg 1618w\" sizes=\"(max-width: 2000px) 100vw, 2000px\" \/><\/figure>\n\n\n\n<p>Redescubre c\u00f3mo se vive en <strong><a href=\"https:\/\/www.canariasviaja.com\/viajaresvivir\/recorrido-por-mallorca\/\">otras islas<\/a><\/strong>. Cada una con su personalidad propia, pero con algo que nos une y nos hace singulares, vivir rodeados de mar.<\/p>\n\n\n\n<div style=\"height:100px\" aria-hidden=\"true\" class=\"wp-block-spacer\"><\/div>\n\n\n\n<h3 class=\"wp-block-heading\">Saborea cada momento<\/h3>\n\n\n\n<figure class=\"wp-block-image size-full\"><img loading=\"lazy\" decoding=\"async\" width=\"2000\" height=\"1333\" src=\"http:\/\/www.canariasviaja.com\/viajaresvivir\/wp-content\/uploads\/2021\/03\/Michelin-La-aquarela-1.jpg\" alt=\"Platos de La Aquarela\" class=\"wp-image-6627\" srcset=\"https:\/\/www.canariasviaja.com\/viajaresvivir\/wp-content\/uploads\/2021\/03\/Michelin-La-aquarela-1.jpg 2000w, https:\/\/www.canariasviaja.com\/viajaresvivir\/wp-content\/uploads\/2021\/03\/Michelin-La-aquarela-1-300x200.jpg 300w, https:\/\/www.canariasviaja.com\/viajaresvivir\/wp-content\/uploads\/2021\/03\/Michelin-La-aquarela-1-768x512.jpg 768w, https:\/\/www.canariasviaja.com\/viajaresvivir\/wp-content\/uploads\/2021\/03\/Michelin-La-aquarela-1-1536x1024.jpg 1536w, https:\/\/www.canariasviaja.com\/viajaresvivir\/wp-content\/uploads\/2021\/03\/Michelin-La-aquarela-1-1200x800.jpg 1200w, https:\/\/www.canariasviaja.com\/viajaresvivir\/wp-content\/uploads\/2021\/03\/Michelin-La-aquarela-1-1620x1080.jpg 1620w\" sizes=\"(max-width: 2000px) 100vw, 2000px\" \/><\/figure>\n\n\n\n<p>Deja que te<strong><a href=\"https:\/\/www.canariasviaja.com\/viajaresvivir\/las-estrellas-michelin-brillan-en-gran-canaria\/\"> conquisten<\/a><\/strong> por el est\u00f3mago. Disfruta alrededor de una <strong><a href=\"https:\/\/www.canariasviaja.com\/viajaresvivir\/la-guia-para-comer-en-lanzarote\/\">mesa<\/a> <\/strong>y en buena compa\u00f1\u00eda. \u00a1Llena tu 2023 de sabor y buenos momentos!<\/p>\n\n\n\n<div style=\"height:100px\" aria-hidden=\"true\" class=\"wp-block-spacer\"><\/div>\n\n\n\n<h3 class=\"wp-block-heading\">Atr\u00e9vete a volar<\/h3>\n\n\n\n<figure class=\"wp-block-image size-full\"><img loading=\"lazy\" decoding=\"async\" width=\"2000\" height=\"1333\" src=\"http:\/\/www.canariasviaja.com\/viajaresvivir\/wp-content\/uploads\/2022\/12\/eneko-urunuela-I2YSmEUAgDY-unsplash.jpg\" alt=\"\" class=\"wp-image-9906\" srcset=\"https:\/\/www.canariasviaja.com\/viajaresvivir\/wp-content\/uploads\/2022\/12\/eneko-urunuela-I2YSmEUAgDY-unsplash.jpg 2000w, https:\/\/www.canariasviaja.com\/viajaresvivir\/wp-content\/uploads\/2022\/12\/eneko-urunuela-I2YSmEUAgDY-unsplash-300x200.jpg 300w, https:\/\/www.canariasviaja.com\/viajaresvivir\/wp-content\/uploads\/2022\/12\/eneko-urunuela-I2YSmEUAgDY-unsplash-768x512.jpg 768w, https:\/\/www.canariasviaja.com\/viajaresvivir\/wp-content\/uploads\/2022\/12\/eneko-urunuela-I2YSmEUAgDY-unsplash-1536x1024.jpg 1536w, https:\/\/www.canariasviaja.com\/viajaresvivir\/wp-content\/uploads\/2022\/12\/eneko-urunuela-I2YSmEUAgDY-unsplash-1200x800.jpg 1200w, https:\/\/www.canariasviaja.com\/viajaresvivir\/wp-content\/uploads\/2022\/12\/eneko-urunuela-I2YSmEUAgDY-unsplash-1620x1080.jpg 1620w\" sizes=\"(max-width: 2000px) 100vw, 2000px\" \/><figcaption>Foto de <a href=\"https:\/\/unsplash.com\/@nkuutz?utm_source=unsplash&amp;utm_medium=referral&amp;utm_content=creditCopyText\">Eneko Uru\u00f1uela<\/a> en <a href=\"https:\/\/unsplash.com\/es\/fotos\/I2YSmEUAgDY?utm_source=unsplash&amp;utm_medium=referral&amp;utm_content=creditCopyText\">Unsplash<\/a><\/figcaption><\/figure>\n\n\n\n<p>No dejes que nadie te corte las alas, decide a d\u00f3nde quieres ir y <a href=\"https:\/\/www.canariasviaja.com\/\">vuela<\/a>. Nuestro destinos te est\u00e1n esperando para <strong>llenar tu 2023 de experiencias inolvidables.<\/strong><\/p>\n\n\n\n<div style=\"height:100px\" aria-hidden=\"true\" class=\"wp-block-spacer\"><\/div>\n\n\n\n<div class=\"wp-block-buttons is-layout-flex wp-block-buttons-is-layout-flex\">\n<div class=\"wp-block-button aligncenter\"><a class=\"wp-block-button__link\" href=\"https:\/\/bit.ly\/3v9dZsj\"><strong>Dale al play a tu 2023 con CanariasViaja.com<\/strong><\/a><\/div>\n<\/div>\n\n\n\n<div style=\"height:100px\" aria-hidden=\"true\" class=\"wp-block-spacer\"><\/div>\n","protected":false},"excerpt":{"rendered":"<p>\u00a1Dale el play a tu vida!<br \/>\nDeja atr\u00e1s los planes en pausa y vive tu 2023<\/p>\n","protected":false},"author":2,"featured_media":9907,"comment_status":"open","ping_status":"open","sticky":false,"template":"","format":"standard","meta":{"_acf_changed":false,"sfsi_plus_gutenberg_text_before_share":"","sfsi_plus_gutenberg_show_text_before_share":"","sfsi_plus_gutenberg_icon_type":"","sfsi_plus_gutenberg_icon_alignemt":"","sfsi_plus_gutenburg_max_per_row":"","footnotes":""},"categories":[574,124,123,10],"tags":[931,932,670],"class_list":["post-9901","post","type-post","status-publish","format-standard","has-post-thumbnail","hentry","category-consejos-viajeros","category-descubre","category-explora","category-historias-viajeras","tag-931","tag-ideas-de-viaje","tag-planes"],"acf":[],"yoast_head":"<!-- This site is optimized with the Yoast SEO plugin v24.1 - https:\/\/yoast.com\/wordpress\/plugins\/seo\/ -->\n<title>2023, dale al play a tu vida - Viajar es vivir<\/title>\n<meta name=\"description\" content=\"Dale al play y llena tu 2023 de experiencias inolvidables, nuevos destinos, sabores irrepetibles, risas contagiosa y momentos felices.\" \/>\n<meta name=\"robots\" content=\"index, follow, max-snippet:-1, max-image-preview:large, max-video-preview:-1\" \/>\n<link rel=\"canonical\" href=\"https:\/\/www.canariasviaja.com\/viajaresvivir\/2023-dale-al-play-a-tu-vida\/\" \/>\n<meta property=\"og:locale\" content=\"es_ES\" \/>\n<meta property=\"og:type\" content=\"article\" \/>\n<meta property=\"og:title\" content=\"2023, dale al play a tu vida - Viajar es vivir\" \/>\n<meta property=\"og:description\" content=\"Dale al play y llena tu 2023 de experiencias inolvidables, nuevos destinos, sabores irrepetibles, risas contagiosa y momentos felices.\" \/>\n<meta property=\"og:url\" content=\"https:\/\/www.canariasviaja.com\/viajaresvivir\/2023-dale-al-play-a-tu-vida\/\" \/>\n<meta property=\"og:site_name\" content=\"Viajar es vivir\" \/>\n<meta property=\"article:published_time\" content=\"2022-12-22T14:23:16+00:00\" \/>\n<meta property=\"article:modified_time\" content=\"2023-01-05T11:40:49+00:00\" \/>\n<meta property=\"og:image\" content=\"http:\/\/www.canariasviaja.com\/viajaresvivir\/wp-content\/uploads\/2022\/12\/Portada.jpg\" \/>\n\t<meta property=\"og:image:width\" content=\"2000\" \/>\n\t<meta property=\"og:image:height\" content=\"1500\" \/>\n\t<meta property=\"og:image:type\" content=\"image\/jpeg\" \/>\n<meta name=\"author\" content=\"Patri C\u00e1mpora\" \/>\n<meta name=\"twitter:card\" content=\"summary_large_image\" \/>\n<meta name=\"twitter:label1\" content=\"Escrito por\" \/>\n\t<meta name=\"twitter:data1\" content=\"Patri C\u00e1mpora\" \/>\n\t<meta name=\"twitter:label2\" content=\"Tiempo de lectura\" \/>\n\t<meta name=\"twitter:data2\" content=\"7 minutos\" \/>\n<script type=\"application\/ld+json\" class=\"yoast-schema-graph\">{\"@context\":\"https:\/\/schema.org\",\"@graph\":[{\"@type\":\"WebPage\",\"@id\":\"https:\/\/www.canariasviaja.com\/viajaresvivir\/2023-dale-al-play-a-tu-vida\/\",\"url\":\"https:\/\/www.canariasviaja.com\/viajaresvivir\/2023-dale-al-play-a-tu-vida\/\",\"name\":\"2023, dale al play a tu vida - Viajar es vivir\",\"isPartOf\":{\"@id\":\"https:\/\/www.canariasviaja.com\/viajaresvivir\/#website\"},\"primaryImageOfPage\":{\"@id\":\"https:\/\/www.canariasviaja.com\/viajaresvivir\/2023-dale-al-play-a-tu-vida\/#primaryimage\"},\"image\":{\"@id\":\"https:\/\/www.canariasviaja.com\/viajaresvivir\/2023-dale-al-play-a-tu-vida\/#primaryimage\"},\"thumbnailUrl\":\"https:\/\/www.canariasviaja.com\/viajaresvivir\/wp-content\/uploads\/2022\/12\/Portada.jpg\",\"datePublished\":\"2022-12-22T14:23:16+00:00\",\"dateModified\":\"2023-01-05T11:40:49+00:00\",\"author\":{\"@id\":\"https:\/\/www.canariasviaja.com\/viajaresvivir\/#\/schema\/person\/085949651001325f1244a8bc1b34709c\"},\"description\":\"Dale al play y llena tu 2023 de experiencias inolvidables, nuevos destinos, sabores irrepetibles, risas contagiosa y momentos felices.\",\"breadcrumb\":{\"@id\":\"https:\/\/www.canariasviaja.com\/viajaresvivir\/2023-dale-al-play-a-tu-vida\/#breadcrumb\"},\"inLanguage\":\"es\",\"potentialAction\":[{\"@type\":\"ReadAction\",\"target\":[\"https:\/\/www.canariasviaja.com\/viajaresvivir\/2023-dale-al-play-a-tu-vida\/\"]}]},{\"@type\":\"ImageObject\",\"inLanguage\":\"es\",\"@id\":\"https:\/\/www.canariasviaja.com\/viajaresvivir\/2023-dale-al-play-a-tu-vida\/#primaryimage\",\"url\":\"https:\/\/www.canariasviaja.com\/viajaresvivir\/wp-content\/uploads\/2022\/12\/Portada.jpg\",\"contentUrl\":\"https:\/\/www.canariasviaja.com\/viajaresvivir\/wp-content\/uploads\/2022\/12\/Portada.jpg\",\"width\":2000,\"height\":1500},{\"@type\":\"BreadcrumbList\",\"@id\":\"https:\/\/www.canariasviaja.com\/viajaresvivir\/2023-dale-al-play-a-tu-vida\/#breadcrumb\",\"itemListElement\":[{\"@type\":\"ListItem\",\"position\":1,\"name\":\"Portada\",\"item\":\"https:\/\/www.canariasviaja.com\/viajaresvivir\/\"},{\"@type\":\"ListItem\",\"position\":2,\"name\":\"2023, dale al play a tu vida\"}]},{\"@type\":\"WebSite\",\"@id\":\"https:\/\/www.canariasviaja.com\/viajaresvivir\/#website\",\"url\":\"https:\/\/www.canariasviaja.com\/viajaresvivir\/\",\"name\":\"Viajar es vivir\",\"description\":\"El blog de viajes y estilo de vida de CanariasViaja\",\"potentialAction\":[{\"@type\":\"SearchAction\",\"target\":{\"@type\":\"EntryPoint\",\"urlTemplate\":\"https:\/\/www.canariasviaja.com\/viajaresvivir\/?s={search_term_string}\"},\"query-input\":{\"@type\":\"PropertyValueSpecification\",\"valueRequired\":true,\"valueName\":\"search_term_string\"}}],\"inLanguage\":\"es\"},{\"@type\":\"Person\",\"@id\":\"https:\/\/www.canariasviaja.com\/viajaresvivir\/#\/schema\/person\/085949651001325f1244a8bc1b34709c\",\"name\":\"Patri C\u00e1mpora\",\"image\":{\"@type\":\"ImageObject\",\"inLanguage\":\"es\",\"@id\":\"https:\/\/www.canariasviaja.com\/viajaresvivir\/#\/schema\/person\/image\/\",\"url\":\"https:\/\/secure.gravatar.com\/avatar\/b2ce2c4086a5776e5310f57c1a2e5b4e?s=96&d=mm&r=g\",\"contentUrl\":\"https:\/\/secure.gravatar.com\/avatar\/b2ce2c4086a5776e5310f57c1a2e5b4e?s=96&d=mm&r=g\",\"caption\":\"Patri C\u00e1mpora\"},\"url\":\"https:\/\/www.canariasviaja.com\/viajaresvivir\/author\/patri\/\"}]}<\/script>\n<!-- \/ Yoast SEO plugin. -->","yoast_head_json":{"title":"2023, dale al play a tu vida - Viajar es vivir","description":"Dale al play y llena tu 2023 de experiencias inolvidables, nuevos destinos, sabores irrepetibles, risas contagiosa y momentos felices.","robots":{"index":"index","follow":"follow","max-snippet":"max-snippet:-1","max-image-preview":"max-image-preview:large","max-video-preview":"max-video-preview:-1"},"canonical":"https:\/\/www.canariasviaja.com\/viajaresvivir\/2023-dale-al-play-a-tu-vida\/","og_locale":"es_ES","og_type":"article","og_title":"2023, dale al play a tu vida - Viajar es vivir","og_description":"Dale al play y llena tu 2023 de experiencias inolvidables, nuevos destinos, sabores irrepetibles, risas contagiosa y momentos felices.","og_url":"https:\/\/www.canariasviaja.com\/viajaresvivir\/2023-dale-al-play-a-tu-vida\/","og_site_name":"Viajar es vivir","article_published_time":"2022-12-22T14:23:16+00:00","article_modified_time":"2023-01-05T11:40:49+00:00","og_image":[{"width":2000,"height":1500,"url":"http:\/\/www.canariasviaja.com\/viajaresvivir\/wp-content\/uploads\/2022\/12\/Portada.jpg","type":"image\/jpeg"}],"author":"Patri C\u00e1mpora","twitter_card":"summary_large_image","twitter_misc":{"Escrito por":"Patri C\u00e1mpora","Tiempo de lectura":"7 minutos"},"schema":{"@context":"https:\/\/schema.org","@graph":[{"@type":"WebPage","@id":"https:\/\/www.canariasviaja.com\/viajaresvivir\/2023-dale-al-play-a-tu-vida\/","url":"https:\/\/www.canariasviaja.com\/viajaresvivir\/2023-dale-al-play-a-tu-vida\/","name":"2023, dale al play a tu vida - Viajar es vivir","isPartOf":{"@id":"https:\/\/www.canariasviaja.com\/viajaresvivir\/#website"},"primaryImageOfPage":{"@id":"https:\/\/www.canariasviaja.com\/viajaresvivir\/2023-dale-al-play-a-tu-vida\/#primaryimage"},"image":{"@id":"https:\/\/www.canariasviaja.com\/viajaresvivir\/2023-dale-al-play-a-tu-vida\/#primaryimage"},"thumbnailUrl":"https:\/\/www.canariasviaja.com\/viajaresvivir\/wp-content\/uploads\/2022\/12\/Portada.jpg","datePublished":"2022-12-22T14:23:16+00:00","dateModified":"2023-01-05T11:40:49+00:00","author":{"@id":"https:\/\/www.canariasviaja.com\/viajaresvivir\/#\/schema\/person\/085949651001325f1244a8bc1b34709c"},"description":"Dale al play y llena tu 2023 de experiencias inolvidables, nuevos destinos, sabores irrepetibles, risas contagiosa y momentos felices.","breadcrumb":{"@id":"https:\/\/www.canariasviaja.com\/viajaresvivir\/2023-dale-al-play-a-tu-vida\/#breadcrumb"},"inLanguage":"es","potentialAction":[{"@type":"ReadAction","target":["https:\/\/www.canariasviaja.com\/viajaresvivir\/2023-dale-al-play-a-tu-vida\/"]}]},{"@type":"ImageObject","inLanguage":"es","@id":"https:\/\/www.canariasviaja.com\/viajaresvivir\/2023-dale-al-play-a-tu-vida\/#primaryimage","url":"https:\/\/www.canariasviaja.com\/viajaresvivir\/wp-content\/uploads\/2022\/12\/Portada.jpg","contentUrl":"https:\/\/www.canariasviaja.com\/viajaresvivir\/wp-content\/uploads\/2022\/12\/Portada.jpg","width":2000,"height":1500},{"@type":"BreadcrumbList","@id":"https:\/\/www.canariasviaja.com\/viajaresvivir\/2023-dale-al-play-a-tu-vida\/#breadcrumb","itemListElement":[{"@type":"ListItem","position":1,"name":"Portada","item":"https:\/\/www.canariasviaja.com\/viajaresvivir\/"},{"@type":"ListItem","position":2,"name":"2023, dale al play a tu vida"}]},{"@type":"WebSite","@id":"https:\/\/www.canariasviaja.com\/viajaresvivir\/#website","url":"https:\/\/www.canariasviaja.com\/viajaresvivir\/","name":"Viajar es vivir","description":"El blog de viajes y estilo de vida de CanariasViaja","potentialAction":[{"@type":"SearchAction","target":{"@type":"EntryPoint","urlTemplate":"https:\/\/www.canariasviaja.com\/viajaresvivir\/?s={search_term_string}"},"query-input":{"@type":"PropertyValueSpecification","valueRequired":true,"valueName":"search_term_string"}}],"inLanguage":"es"},{"@type":"Person","@id":"https:\/\/www.canariasviaja.com\/viajaresvivir\/#\/schema\/person\/085949651001325f1244a8bc1b34709c","name":"Patri C\u00e1mpora","image":{"@type":"ImageObject","inLanguage":"es","@id":"https:\/\/www.canariasviaja.com\/viajaresvivir\/#\/schema\/person\/image\/","url":"https:\/\/secure.gravatar.com\/avatar\/b2ce2c4086a5776e5310f57c1a2e5b4e?s=96&d=mm&r=g","contentUrl":"https:\/\/secure.gravatar.com\/avatar\/b2ce2c4086a5776e5310f57c1a2e5b4e?s=96&d=mm&r=g","caption":"Patri C\u00e1mpora"},"url":"https:\/\/www.canariasviaja.com\/viajaresvivir\/author\/patri\/"}]}},"_links":{"self":[{"href":"https:\/\/www.canariasviaja.com\/viajaresvivir\/wp-json\/wp\/v2\/posts\/9901"}],"collection":[{"href":"https:\/\/www.canariasviaja.com\/viajaresvivir\/wp-json\/wp\/v2\/posts"}],"about":[{"href":"https:\/\/www.canariasviaja.com\/viajaresvivir\/wp-json\/wp\/v2\/types\/post"}],"author":[{"embeddable":true,"href":"https:\/\/www.canariasviaja.com\/viajaresvivir\/wp-json\/wp\/v2\/users\/2"}],"replies":[{"embeddable":true,"href":"https:\/\/www.canariasviaja.com\/viajaresvivir\/wp-json\/wp\/v2\/comments?post=9901"}],"version-history":[{"count":7,"href":"https:\/\/www.canariasviaja.com\/viajaresvivir\/wp-json\/wp\/v2\/posts\/9901\/revisions"}],"predecessor-version":[{"id":9916,"href":"https:\/\/www.canariasviaja.com\/viajaresvivir\/wp-json\/wp\/v2\/posts\/9901\/revisions\/9916"}],"wp:featuredmedia":[{"embeddable":true,"href":"https:\/\/www.canariasviaja.com\/viajaresvivir\/wp-json\/wp\/v2\/media\/9907"}],"wp:attachment":[{"href":"https:\/\/www.canariasviaja.com\/viajaresvivir\/wp-json\/wp\/v2\/media?parent=9901"}],"wp:term":[{"taxonomy":"category","embeddable":true,"href":"https:\/\/www.canariasviaja.com\/viajaresvivir\/wp-json\/wp\/v2\/categories?post=9901"},{"taxonomy":"post_tag","embeddable":true,"href":"https:\/\/www.canariasviaja.com\/viajaresvivir\/wp-json\/wp\/v2\/tags?post=9901"}],"curies":[{"name":"wp","href":"https:\/\/api.w.org\/{rel}","templated":true}]}}