{"id":9984,"date":"2023-01-18T19:02:26","date_gmt":"2023-01-18T19:02:26","guid":{"rendered":"https:\/\/www.canariasviaja.com\/viajaresvivir\/?p=9984"},"modified":"2023-07-06T10:14:44","modified_gmt":"2023-07-06T10:14:44","slug":"jardines-de-florencia","status":"publish","type":"post","link":"https:\/\/www.canariasviaja.com\/viajaresvivir\/jardines-de-florencia\/","title":{"rendered":"Jardines de Florencia"},"content":{"rendered":"\n<p>La capital de la Toscana,<strong><a href=\"https:\/\/www.canariasviaja.com\/viajaresvivir\/florencia-guia-para-sucumbir-al-sindrome-de-stendhal\/\"> Florencia<\/a><\/strong>, est\u00e1 llena de palazzos, museos, iglesias, puentes, esculturas&#8230; que competir\u00e1n por nuestra atenci\u00f3n.<\/p>\n\n\n\n<figure class=\"wp-block-image size-full\"><img loading=\"lazy\" decoding=\"async\" width=\"1024\" height=\"525\" src=\"http:\/\/www.canariasviaja.com\/viajaresvivir\/wp-content\/uploads\/2023\/01\/jeff-ackley-Scxm4nlOATc-unsplash.jpg\" alt=\"jardines de florencia\" class=\"wp-image-9986\" srcset=\"https:\/\/www.canariasviaja.com\/viajaresvivir\/wp-content\/uploads\/2023\/01\/jeff-ackley-Scxm4nlOATc-unsplash.jpg 1024w, https:\/\/www.canariasviaja.com\/viajaresvivir\/wp-content\/uploads\/2023\/01\/jeff-ackley-Scxm4nlOATc-unsplash-300x154.jpg 300w, https:\/\/www.canariasviaja.com\/viajaresvivir\/wp-content\/uploads\/2023\/01\/jeff-ackley-Scxm4nlOATc-unsplash-768x394.jpg 768w\" sizes=\"(max-width: 1024px) 100vw, 1024px\" \/><figcaption class=\"wp-element-caption\">Foto: Jeff Ackley para Unsplash<\/figcaption><\/figure>\n\n\n\n<p>Pero tal cantidad de est\u00edmulos puede resultar en algunos momentos abrumadora. A veces tanta belleza y tanta gente puede llegar a saturarnos.  En esos momentos necesitaremos<strong> tomarnos un respiro <\/strong>para poder seguir disfrutando de nuestro viaje.<\/p>\n\n\n\n<p>Un<strong> paseo por uno de sus jardines<\/strong> nos ayudar\u00e1 a tomar distancia, respirar aire fresco, descansar la mirada y abrirnos a nuevos est\u00edmulos. <\/p>\n\n\n\n<p>Te invitamos a descubrir algunos de los <strong>jardines de Florencia<\/strong>.<\/p>\n\n\n\n<div style=\"height:100px\" aria-hidden=\"true\" class=\"wp-block-spacer\"><\/div>\n\n\n\n<h3 class=\"wp-block-heading\">Jardines de Boboli<\/h3>\n\n\n\n<p>Detr\u00e1s del <strong>Palazzo Pitti<\/strong> se esconden uno de los jardines m\u00e1s bonitos y famosos de Florencia, los <strong>Giardini de Boboli<\/strong>. Con sus 45.000m2 de extensi\u00f3n, son el <strong>espacio verde m\u00e1s grande de la capital toscana.<\/strong><\/p>\n\n\n\n<figure class=\"wp-block-image size-full\"><img loading=\"lazy\" decoding=\"async\" width=\"1024\" height=\"512\" src=\"http:\/\/www.canariasviaja.com\/viajaresvivir\/wp-content\/uploads\/2023\/01\/vicky-t-nGi9uWa-GOE-unsplash.jpg\" alt=\"Jardines de Florencia\" class=\"wp-image-9993\" srcset=\"https:\/\/www.canariasviaja.com\/viajaresvivir\/wp-content\/uploads\/2023\/01\/vicky-t-nGi9uWa-GOE-unsplash.jpg 1024w, https:\/\/www.canariasviaja.com\/viajaresvivir\/wp-content\/uploads\/2023\/01\/vicky-t-nGi9uWa-GOE-unsplash-300x150.jpg 300w, https:\/\/www.canariasviaja.com\/viajaresvivir\/wp-content\/uploads\/2023\/01\/vicky-t-nGi9uWa-GOE-unsplash-768x384.jpg 768w\" sizes=\"(max-width: 1024px) 100vw, 1024px\" \/><figcaption class=\"wp-element-caption\">Foto de <a href=\"https:\/\/unsplash.com\/@vicky_t?utm_source=unsplash&amp;utm_medium=referral&amp;utm_content=creditCopyText\">Vicky T<\/a> en <a href=\"https:\/\/unsplash.com\/es\/s\/fotos\/Jardines-de-boboli-florencia?utm_source=unsplash&amp;utm_medium=referral&amp;utm_content=creditCopyText\">Unsplash<\/a><\/figcaption><\/figure>\n\n\n\n<p>Los Giardini di Boboli son un espl\u00e9ndido ejemplo de<strong> jard\u00edn italiano de estilo renacentista y<\/strong> con motivos geom\u00e9tricos y forman parte del <strong>Patrimonio de la Humanidad de la Unesco<\/strong>,&nbsp;por la riqueza de su arquitectura, el anfiteatro, sus esculturas, sus grutas y fuentes y, por supuesto, sus jardines.<\/p>\n\n\n\n<h2 class=\"wp-block-heading\">Un poco de historia<\/h2>\n\n\n\n<figure class=\"wp-block-gallery has-nested-images columns-default is-cropped wp-block-gallery-1 is-layout-flex wp-block-gallery-is-layout-flex\">\n<figure class=\"wp-block-image size-large\"><img loading=\"lazy\" decoding=\"async\" width=\"534\" height=\"800\" data-id=\"9989\" src=\"http:\/\/www.canariasviaja.com\/viajaresvivir\/wp-content\/uploads\/2023\/01\/lucas-calloch-72GiUE2Iz-o-unsplash.jpg\" alt=\"\" class=\"wp-image-9989\" srcset=\"https:\/\/www.canariasviaja.com\/viajaresvivir\/wp-content\/uploads\/2023\/01\/lucas-calloch-72GiUE2Iz-o-unsplash.jpg 534w, https:\/\/www.canariasviaja.com\/viajaresvivir\/wp-content\/uploads\/2023\/01\/lucas-calloch-72GiUE2Iz-o-unsplash-200x300.jpg 200w\" sizes=\"(max-width: 534px) 100vw, 534px\" \/><figcaption class=\"wp-element-caption\">Foto de <a href=\"https:\/\/unsplash.com\/@dreiimos?utm_source=unsplash&amp;utm_medium=referral&amp;utm_content=creditCopyText\">Lucas Calloch<\/a> en <a href=\"https:\/\/unsplash.com\/es\/s\/fotos\/boboli-garden?utm_source=unsplash&amp;utm_medium=referral&amp;utm_content=creditCopyText\">Unsplash<\/a><\/figcaption><\/figure>\n\n\n\n<figure class=\"wp-block-image size-full\"><img loading=\"lazy\" decoding=\"async\" width=\"640\" height=\"964\" data-id=\"10005\" src=\"http:\/\/www.canariasviaja.com\/viajaresvivir\/wp-content\/uploads\/2023\/01\/juli-kosolapova-WJDwpGaHSSU-unsplash-1.jpg\" alt=\"\" class=\"wp-image-10005\" srcset=\"https:\/\/www.canariasviaja.com\/viajaresvivir\/wp-content\/uploads\/2023\/01\/juli-kosolapova-WJDwpGaHSSU-unsplash-1.jpg 640w, https:\/\/www.canariasviaja.com\/viajaresvivir\/wp-content\/uploads\/2023\/01\/juli-kosolapova-WJDwpGaHSSU-unsplash-1-199x300.jpg 199w\" sizes=\"(max-width: 640px) 100vw, 640px\" \/><figcaption class=\"wp-element-caption\">Foto de <a href=\"https:\/\/unsplash.com\/@yuli_superson?utm_source=unsplash&amp;utm_medium=referral&amp;utm_content=creditCopyText\">Juli Kosolapova<\/a> en <a href=\"https:\/\/unsplash.com\/es\/s\/fotos\/boboli-garden?utm_source=unsplash&amp;utm_medium=referral&amp;utm_content=creditCopyText\">Unsplash<\/a><\/figcaption><\/figure>\n<\/figure>\n\n\n\n<p> Durante cuatro siglos los <strong>Giardini di Bobili <\/strong> fueron el jard\u00edn privado de los grandes Duques de la Toscana y, por un corto periodo de tiempo, de los los Reyes de Italia. En 1766 se abri\u00f3 al p\u00fablico.<\/p>\n\n\n\n<p>El <strong>Palazzo Pitti<\/strong> fue construido por la familia Pitti, rivales de los M\u00e9dici, familia que controlaba Florencia. En 1550 los Medici lo compraron y, a lo largo de los dos siglos siguientes,  realizaron diversas modificaciones, entre las que se encuentran la creaci\u00f3n de estos jardines.<\/p>\n\n\n<div class=\"wp-block-image\">\n<figure class=\"aligncenter size-full is-resized\"><img decoding=\"async\" src=\"http:\/\/www.canariasviaja.com\/viajaresvivir\/wp-content\/uploads\/2023\/01\/26pigeons-quXeaA0OP48-unsplash.jpg\" alt=\"\" class=\"wp-image-10000\" width=\"400\" srcset=\"https:\/\/www.canariasviaja.com\/viajaresvivir\/wp-content\/uploads\/2023\/01\/26pigeons-quXeaA0OP48-unsplash.jpg 640w, https:\/\/www.canariasviaja.com\/viajaresvivir\/wp-content\/uploads\/2023\/01\/26pigeons-quXeaA0OP48-unsplash-225x300.jpg 225w, https:\/\/www.canariasviaja.com\/viajaresvivir\/wp-content\/uploads\/2023\/01\/26pigeons-quXeaA0OP48-unsplash-600x800.jpg 600w\" sizes=\"(max-width: 640px) 100vw, 640px\" \/><figcaption class=\"wp-element-caption\">Foto de <a href=\"https:\/\/unsplash.com\/@26pigeons?utm_source=unsplash&amp;utm_medium=referral&amp;utm_content=creditCopyText\">26pigeons<\/a> en <a href=\"https:\/\/unsplash.com\/es\/fotos\/quXeaA0OP48?utm_source=unsplash&amp;utm_medium=referral&amp;utm_content=creditCopyText\">Unsplash<\/a><\/figcaption><\/figure><\/div>\n\n\n<p>Parte de los jardines fueron construidos sobre una cantera, por lo que tienen forma de anfiteatro. Fue en este lugar donde se representaron las primeras \u00f3peras de la historia.<\/p>\n\n\n\n<h2 class=\"wp-block-heading\">Visitar los jardines<\/h2>\n\n\n\n<figure class=\"wp-block-image size-full\"><img loading=\"lazy\" decoding=\"async\" width=\"1024\" height=\"512\" src=\"http:\/\/www.canariasviaja.com\/viajaresvivir\/wp-content\/uploads\/2023\/01\/vicky-t-kSovvsKu4BM-unsplash.jpg\" alt=\"\" class=\"wp-image-9992\" srcset=\"https:\/\/www.canariasviaja.com\/viajaresvivir\/wp-content\/uploads\/2023\/01\/vicky-t-kSovvsKu4BM-unsplash.jpg 1024w, https:\/\/www.canariasviaja.com\/viajaresvivir\/wp-content\/uploads\/2023\/01\/vicky-t-kSovvsKu4BM-unsplash-300x150.jpg 300w, https:\/\/www.canariasviaja.com\/viajaresvivir\/wp-content\/uploads\/2023\/01\/vicky-t-kSovvsKu4BM-unsplash-768x384.jpg 768w\" sizes=\"(max-width: 1024px) 100vw, 1024px\" \/><figcaption class=\"wp-element-caption\">Foto de <a href=\"https:\/\/unsplash.com\/@vicky_t?utm_source=unsplash&amp;utm_medium=referral&amp;utm_content=creditCopyText\">Vicky T<\/a> en <a href=\"https:\/\/unsplash.com\/es\/s\/fotos\/Jardines-de-boboli-florencia?utm_source=unsplash&amp;utm_medium=referral&amp;utm_content=creditCopyText\">Unsplash<\/a><\/figcaption><\/figure>\n\n\n\n<p>Recorrerlos con calma te llevar\u00e1 un par de horas y te permitir\u00e1 imaginar como era la vida en la corte. Perdi\u00e9ndote por sus senderos podr\u00e1s encontrar varias grutas, como la de <strong>Buontalenti,<\/strong> fuentes, numerosas esculturas y un obelisco.<\/p>\n\n\n\n<figure class=\"wp-block-image size-full\"><img loading=\"lazy\" decoding=\"async\" width=\"1024\" height=\"768\" src=\"http:\/\/www.canariasviaja.com\/viajaresvivir\/wp-content\/uploads\/2023\/01\/trev-morris-K2G8fCKhVEY-unsplash.jpg\" alt=\"Jardines de Florencia\" class=\"wp-image-9991\" srcset=\"https:\/\/www.canariasviaja.com\/viajaresvivir\/wp-content\/uploads\/2023\/01\/trev-morris-K2G8fCKhVEY-unsplash.jpg 1024w, https:\/\/www.canariasviaja.com\/viajaresvivir\/wp-content\/uploads\/2023\/01\/trev-morris-K2G8fCKhVEY-unsplash-300x225.jpg 300w, https:\/\/www.canariasviaja.com\/viajaresvivir\/wp-content\/uploads\/2023\/01\/trev-morris-K2G8fCKhVEY-unsplash-768x576.jpg 768w, https:\/\/www.canariasviaja.com\/viajaresvivir\/wp-content\/uploads\/2023\/01\/trev-morris-K2G8fCKhVEY-unsplash-800x600.jpg 800w\" sizes=\"(max-width: 1024px) 100vw, 1024px\" \/><figcaption class=\"wp-element-caption\">Foto de <a href=\"https:\/\/unsplash.com\/@trev_morris?utm_source=unsplash&amp;utm_medium=referral&amp;utm_content=creditCopyText\">Trev Morris<\/a> en <a href=\"https:\/\/unsplash.com\/es\/s\/fotos\/boboli-garden?utm_source=unsplash&amp;utm_medium=referral&amp;utm_content=creditCopyText\">Unsplash<\/a><\/figcaption><\/figure>\n\n\n\n<p><em>Horarios<\/em><\/p>\n\n\n\n<p>Noviembre\/Febrero: 8:15 a 16:30 &nbsp;<br>Marzo y Octubre: 8:15 a 17:30 &nbsp;<br>Abril, Mayo y Septiembre: 8:15 a 18:30 &nbsp;<br>Junio\/Agosto: 8:15 a 18:30<\/p>\n\n\n\n<p>Cerrado los primeros y \u00faltimos lunes de cada mes.<\/p>\n\n\n\n<p><a href=\"https:\/\/www.florence-museum.com\/es\/reservar-entradas.php\">Entradas<\/a><\/p>\n\n\n\n<div style=\"height:100px\" aria-hidden=\"true\" class=\"wp-block-spacer\"><\/div>\n\n\n\n<h3 class=\"wp-block-heading\">Parque Cascine<\/h3>\n\n\n\n<p>El parque  est\u00e1 situado a lo largo del margen derecho del <strong>R\u00edo Arno<\/strong>, y va desde el centro hist\u00f3rico de la ciudad hasta la confluencia con el R\u00edo Mugnone. <\/p>\n\n\n\n<p>Por orden de Pietro Leopoldo  el parque fue reorganizado con jardines aejestuosos y se abri\u00f3 al p\u00fablico en ocasiones especiales y en el d\u00eda de la Ascensi\u00f3n.<\/p>\n\n\n\n<p>Actualmente es un agradable espacio para pasear, descansar sobre la hierba, o hacer jogging.<\/p>\n\n\n\n<div style=\"height:100px\" aria-hidden=\"true\" class=\"wp-block-spacer\"><\/div>\n\n\n\n<h3 class=\"wp-block-heading\">Jard\u00edn de las Rosas<\/h3>\n\n\n\n<p>Uno de los jardines m\u00e1s encantadores de la ciudad, con m\u00e1s de <strong>400 tipos de rosas<\/strong>, algunas de ellas de 450 a\u00f1os de antig\u00fcedad. Adem\u00e1s de  1200 especies vegetales de todo el mundo, esculturas y un aut\u00e9ntico<strong> jard\u00edn japon\u00e9s<\/strong>,  donado por la ciudad hermana de Kioto.<\/p>\n\n\n\n<figure class=\"wp-block-image size-full\"><img loading=\"lazy\" decoding=\"async\" width=\"1920\" height=\"1280\" src=\"http:\/\/www.canariasviaja.com\/viajaresvivir\/wp-content\/uploads\/2023\/01\/clay-banks-Uvr33mRw7CM-unsplash.jpg\" alt=\"Jardines de Florencia\" class=\"wp-image-10002\" srcset=\"https:\/\/www.canariasviaja.com\/viajaresvivir\/wp-content\/uploads\/2023\/01\/clay-banks-Uvr33mRw7CM-unsplash.jpg 1920w, https:\/\/www.canariasviaja.com\/viajaresvivir\/wp-content\/uploads\/2023\/01\/clay-banks-Uvr33mRw7CM-unsplash-300x200.jpg 300w, https:\/\/www.canariasviaja.com\/viajaresvivir\/wp-content\/uploads\/2023\/01\/clay-banks-Uvr33mRw7CM-unsplash-768x512.jpg 768w, https:\/\/www.canariasviaja.com\/viajaresvivir\/wp-content\/uploads\/2023\/01\/clay-banks-Uvr33mRw7CM-unsplash-1536x1024.jpg 1536w, https:\/\/www.canariasviaja.com\/viajaresvivir\/wp-content\/uploads\/2023\/01\/clay-banks-Uvr33mRw7CM-unsplash-1200x800.jpg 1200w, https:\/\/www.canariasviaja.com\/viajaresvivir\/wp-content\/uploads\/2023\/01\/clay-banks-Uvr33mRw7CM-unsplash-1620x1080.jpg 1620w\" sizes=\"(max-width: 1920px) 100vw, 1920px\" \/><figcaption class=\"wp-element-caption\">Foto de <a href=\"https:\/\/unsplash.com\/@claybanks?utm_source=unsplash&amp;utm_medium=referral&amp;utm_content=creditCopyText\">Clay Banks<\/a> en <a href=\"https:\/\/unsplash.com\/es\/fotos\/Uvr33mRw7CM?utm_source=unsplash&amp;utm_medium=referral&amp;utm_content=creditCopyText\">Unsplash<\/a><\/figcaption><\/figure>\n\n\n\n<p>El jard\u00edn fue creado en 1865 por <strong>Giuseppe Poggi<\/strong>, qui\u00e9n dise\u00f1\u00f3 tambi\u00e9n la<strong> <\/strong>Piazzale Michelangelo, por encargo del ayuntamiento de Florencia, que se preparaba para convertirse en capital de Italia, tras Tur\u00edn.<\/p>\n\n\n\n<p>El jard\u00edn sigue el<strong> modelo franc\u00e9s<\/strong>, con una distribuci\u00f3n buc\u00f3lica y natural, pero sin perder de vista el estilo italiano. En los \u00faltimos a\u00f1os se ha enriquecido con las esculturas donadas por la viuda del artista <strong>Jean-Michel Folon.<\/strong><\/p>\n\n\n\n<p>Se encuentra situado<strong> junto a la Piazzale Michelangelo,<\/strong> uno de los lugares m\u00e1s populares para disfrutar de las vistas de la ciudad, especialmente al atardecer, por lo que tambi\u00e9n se puede disfrutar de <strong>vistas panor\u00e1micas de Florencia <\/strong>desde los jardines.<\/p>\n\n\n\n<p>Abierto de lunes a s\u00e1bado de 09:00 a 20:00h y el domingo de 10:00 a 20:00h<\/p>\n\n\n\n<div style=\"height:100px\" aria-hidden=\"true\" class=\"wp-block-spacer\"><\/div>\n\n\n\n<h3 class=\"wp-block-heading\">Jardines del Iris<\/h3>\n\n\n\n<p>Al otro lado de la Piazzale Michelangelo se encuentra el <strong>Giardini di Iris<\/strong>. Fundado en 1954 por la Societ\u00e0 italiana dell&#8217;Iris, es sede de un Concurso Internacional anual para las mejores variedades de iris, el \u00abPremio Firenze\u00bb.<\/p>\n\n\n\n<figure class=\"wp-block-image size-large\"><img loading=\"lazy\" decoding=\"async\" width=\"2000\" height=\"1125\" src=\"http:\/\/www.canariasviaja.com\/viajaresvivir\/wp-content\/uploads\/2023\/01\/oscar-campbell-TEveo11q7Fs-unsplash-2000x1125.jpg\" alt=\"Jardines de Florencia\" class=\"wp-image-10004\" srcset=\"https:\/\/www.canariasviaja.com\/viajaresvivir\/wp-content\/uploads\/2023\/01\/oscar-campbell-TEveo11q7Fs-unsplash-2000x1125.jpg 2000w, https:\/\/www.canariasviaja.com\/viajaresvivir\/wp-content\/uploads\/2023\/01\/oscar-campbell-TEveo11q7Fs-unsplash-300x169.jpg 300w, https:\/\/www.canariasviaja.com\/viajaresvivir\/wp-content\/uploads\/2023\/01\/oscar-campbell-TEveo11q7Fs-unsplash-768x432.jpg 768w, https:\/\/www.canariasviaja.com\/viajaresvivir\/wp-content\/uploads\/2023\/01\/oscar-campbell-TEveo11q7Fs-unsplash-1536x864.jpg 1536w, https:\/\/www.canariasviaja.com\/viajaresvivir\/wp-content\/uploads\/2023\/01\/oscar-campbell-TEveo11q7Fs-unsplash-2048x1152.jpg 2048w, https:\/\/www.canariasviaja.com\/viajaresvivir\/wp-content\/uploads\/2023\/01\/oscar-campbell-TEveo11q7Fs-unsplash-1200x675.jpg 1200w, https:\/\/www.canariasviaja.com\/viajaresvivir\/wp-content\/uploads\/2023\/01\/oscar-campbell-TEveo11q7Fs-unsplash-1920x1080.jpg 1920w, https:\/\/www.canariasviaja.com\/viajaresvivir\/wp-content\/uploads\/2023\/01\/oscar-campbell-TEveo11q7Fs-unsplash-960x540.jpg 960w\" sizes=\"(max-width: 2000px) 100vw, 2000px\" \/><figcaption class=\"wp-element-caption\">Piazzale Michelangelo. Foto de <a href=\"https:\/\/unsplash.com\/@oscar5252?utm_source=unsplash&amp;utm_medium=referral&amp;utm_content=creditCopyText\">Oscar Campbell<\/a> en <a href=\"https:\/\/unsplash.com\/es\/fotos\/TEveo11q7Fs?utm_source=unsplash&amp;utm_medium=referral&amp;utm_content=creditCopyText\">Unsplash<\/a><\/figcaption><\/figure>\n\n\n\n<p>El <strong>iris<\/strong> es el emblema de Florencia desde 1251 y en su estandarte figura un iris rojo sobre un campo blanco.<\/p>\n\n\n\n<p id=\"tw-target-text\">La superficie del Jard\u00edn, de unas dos hect\u00e1reas y media, rodeada de olivares y con vistas al hermoso panorama que ofrece la ciudad de Florencia, est\u00e1 dividida por caminos pavimentados en pietra serena, plazas, escaleras perimetrales y escaleras en \u00e1reas que albergan m\u00e1s de<strong> 1500 variedades de iris.<\/strong><\/p>\n\n\n\n<p>Desde e<strong>l estanque<\/strong> donde se cultivan las especies acu\u00e1ticas se pueden contemplar unas preciosas vistas de la ciudad y de las colinas que la rodean.<\/p>\n\n\n\n<p>Este jard\u00edn solo se puede visitar en temporada. En 2023 tienen previsto abrir al p\u00fablico del <strong>25 de abril al 20 de mayo.<\/strong><\/p>\n\n\n\n<div style=\"height:100px\" aria-hidden=\"true\" class=\"wp-block-spacer\"><\/div>\n\n\n\n<div class=\"wp-block-buttons is-content-justification-center is-layout-flex wp-container-core-buttons-is-layout-1 wp-block-buttons-is-layout-flex\">\n<div class=\"wp-block-button\"><a class=\"wp-block-button__link wp-element-button\" href=\"https:\/\/bit.ly\/3ZIwWQL\">Descubre el lado verde de Florencia<\/a><\/div>\n<\/div>\n\n\n\n<div class=\"wp-block-buttons is-layout-flex wp-block-buttons-is-layout-flex\"><\/div>\n\n\n\n<div class=\"wp-block-buttons is-layout-flex wp-block-buttons-is-layout-flex\"><\/div>\n","protected":false},"excerpt":{"rendered":"<p>Florencia posee bellos jardines en los que tomarse un respiro entre museo y museo.<\/p>\n","protected":false},"author":2,"featured_media":10002,"comment_status":"open","ping_status":"open","sticky":false,"template":"","format":"standard","meta":{"_acf_changed":false,"sfsi_plus_gutenberg_text_before_share":"","sfsi_plus_gutenberg_show_text_before_share":"","sfsi_plus_gutenberg_icon_type":"","sfsi_plus_gutenberg_icon_alignemt":"","sfsi_plus_gutenburg_max_per_row":"","footnotes":""},"categories":[124,870,10,781,127,197],"tags":[871,369,260],"class_list":["post-9984","post","type-post","status-publish","format-standard","has-post-thumbnail","hentry","category-descubre","category-florencia","category-historias-viajeras","category-italia-europa","category-relajate","category-rincones-por-descubrir","tag-italia","tag-jardines","tag-relax"],"acf":[],"yoast_head":"<!-- This site is optimized with the Yoast SEO plugin v24.1 - https:\/\/yoast.com\/wordpress\/plugins\/seo\/ -->\n<title>Jardines de Florencia - Viajar es vivir<\/title>\n<meta name=\"description\" content=\"Los jardines de Florencia son reductos de paz donde poder descansar por un rato del bullicio de la ciudad y descansar la mirada de tanto arte\" \/>\n<meta name=\"robots\" content=\"index, follow, max-snippet:-1, max-image-preview:large, max-video-preview:-1\" \/>\n<link rel=\"canonical\" href=\"https:\/\/www.canariasviaja.com\/viajaresvivir\/jardines-de-florencia\/\" \/>\n<meta property=\"og:locale\" content=\"es_ES\" \/>\n<meta property=\"og:type\" content=\"article\" \/>\n<meta property=\"og:title\" content=\"Jardines de Florencia - Viajar es vivir\" \/>\n<meta property=\"og:description\" content=\"Los jardines de Florencia son reductos de paz donde poder descansar por un rato del bullicio de la ciudad y descansar la mirada de tanto arte\" \/>\n<meta property=\"og:url\" content=\"https:\/\/www.canariasviaja.com\/viajaresvivir\/jardines-de-florencia\/\" \/>\n<meta property=\"og:site_name\" content=\"Viajar es vivir\" \/>\n<meta property=\"article:published_time\" content=\"2023-01-18T19:02:26+00:00\" \/>\n<meta property=\"article:modified_time\" content=\"2023-07-06T10:14:44+00:00\" \/>\n<meta property=\"og:image\" content=\"http:\/\/www.canariasviaja.com\/viajaresvivir\/wp-content\/uploads\/2023\/01\/clay-banks-Uvr33mRw7CM-unsplash.jpg\" \/>\n\t<meta property=\"og:image:width\" content=\"1920\" \/>\n\t<meta property=\"og:image:height\" content=\"1280\" \/>\n\t<meta property=\"og:image:type\" content=\"image\/jpeg\" \/>\n<meta name=\"author\" content=\"Patri C\u00e1mpora\" \/>\n<meta name=\"twitter:card\" content=\"summary_large_image\" \/>\n<meta name=\"twitter:label1\" content=\"Escrito por\" \/>\n\t<meta name=\"twitter:data1\" content=\"Patri C\u00e1mpora\" \/>\n\t<meta name=\"twitter:label2\" content=\"Tiempo de lectura\" \/>\n\t<meta name=\"twitter:data2\" content=\"6 minutos\" \/>\n<script type=\"application\/ld+json\" class=\"yoast-schema-graph\">{\"@context\":\"https:\/\/schema.org\",\"@graph\":[{\"@type\":\"WebPage\",\"@id\":\"https:\/\/www.canariasviaja.com\/viajaresvivir\/jardines-de-florencia\/\",\"url\":\"https:\/\/www.canariasviaja.com\/viajaresvivir\/jardines-de-florencia\/\",\"name\":\"Jardines de Florencia - Viajar es vivir\",\"isPartOf\":{\"@id\":\"https:\/\/www.canariasviaja.com\/viajaresvivir\/#website\"},\"primaryImageOfPage\":{\"@id\":\"https:\/\/www.canariasviaja.com\/viajaresvivir\/jardines-de-florencia\/#primaryimage\"},\"image\":{\"@id\":\"https:\/\/www.canariasviaja.com\/viajaresvivir\/jardines-de-florencia\/#primaryimage\"},\"thumbnailUrl\":\"https:\/\/www.canariasviaja.com\/viajaresvivir\/wp-content\/uploads\/2023\/01\/clay-banks-Uvr33mRw7CM-unsplash.jpg\",\"datePublished\":\"2023-01-18T19:02:26+00:00\",\"dateModified\":\"2023-07-06T10:14:44+00:00\",\"author\":{\"@id\":\"https:\/\/www.canariasviaja.com\/viajaresvivir\/#\/schema\/person\/085949651001325f1244a8bc1b34709c\"},\"description\":\"Los jardines de Florencia son reductos de paz donde poder descansar por un rato del bullicio de la ciudad y descansar la mirada de tanto arte\",\"breadcrumb\":{\"@id\":\"https:\/\/www.canariasviaja.com\/viajaresvivir\/jardines-de-florencia\/#breadcrumb\"},\"inLanguage\":\"es\",\"potentialAction\":[{\"@type\":\"ReadAction\",\"target\":[\"https:\/\/www.canariasviaja.com\/viajaresvivir\/jardines-de-florencia\/\"]}]},{\"@type\":\"ImageObject\",\"inLanguage\":\"es\",\"@id\":\"https:\/\/www.canariasviaja.com\/viajaresvivir\/jardines-de-florencia\/#primaryimage\",\"url\":\"https:\/\/www.canariasviaja.com\/viajaresvivir\/wp-content\/uploads\/2023\/01\/clay-banks-Uvr33mRw7CM-unsplash.jpg\",\"contentUrl\":\"https:\/\/www.canariasviaja.com\/viajaresvivir\/wp-content\/uploads\/2023\/01\/clay-banks-Uvr33mRw7CM-unsplash.jpg\",\"width\":1920,\"height\":1280},{\"@type\":\"BreadcrumbList\",\"@id\":\"https:\/\/www.canariasviaja.com\/viajaresvivir\/jardines-de-florencia\/#breadcrumb\",\"itemListElement\":[{\"@type\":\"ListItem\",\"position\":1,\"name\":\"Portada\",\"item\":\"https:\/\/www.canariasviaja.com\/viajaresvivir\/\"},{\"@type\":\"ListItem\",\"position\":2,\"name\":\"Jardines de Florencia\"}]},{\"@type\":\"WebSite\",\"@id\":\"https:\/\/www.canariasviaja.com\/viajaresvivir\/#website\",\"url\":\"https:\/\/www.canariasviaja.com\/viajaresvivir\/\",\"name\":\"Viajar es vivir\",\"description\":\"El blog de viajes y estilo de vida de CanariasViaja\",\"potentialAction\":[{\"@type\":\"SearchAction\",\"target\":{\"@type\":\"EntryPoint\",\"urlTemplate\":\"https:\/\/www.canariasviaja.com\/viajaresvivir\/?s={search_term_string}\"},\"query-input\":{\"@type\":\"PropertyValueSpecification\",\"valueRequired\":true,\"valueName\":\"search_term_string\"}}],\"inLanguage\":\"es\"},{\"@type\":\"Person\",\"@id\":\"https:\/\/www.canariasviaja.com\/viajaresvivir\/#\/schema\/person\/085949651001325f1244a8bc1b34709c\",\"name\":\"Patri C\u00e1mpora\",\"image\":{\"@type\":\"ImageObject\",\"inLanguage\":\"es\",\"@id\":\"https:\/\/www.canariasviaja.com\/viajaresvivir\/#\/schema\/person\/image\/\",\"url\":\"https:\/\/secure.gravatar.com\/avatar\/b2ce2c4086a5776e5310f57c1a2e5b4e?s=96&d=mm&r=g\",\"contentUrl\":\"https:\/\/secure.gravatar.com\/avatar\/b2ce2c4086a5776e5310f57c1a2e5b4e?s=96&d=mm&r=g\",\"caption\":\"Patri C\u00e1mpora\"},\"url\":\"https:\/\/www.canariasviaja.com\/viajaresvivir\/author\/patri\/\"}]}<\/script>\n<!-- \/ Yoast SEO plugin. -->","yoast_head_json":{"title":"Jardines de Florencia - Viajar es vivir","description":"Los jardines de Florencia son reductos de paz donde poder descansar por un rato del bullicio de la ciudad y descansar la mirada de tanto arte","robots":{"index":"index","follow":"follow","max-snippet":"max-snippet:-1","max-image-preview":"max-image-preview:large","max-video-preview":"max-video-preview:-1"},"canonical":"https:\/\/www.canariasviaja.com\/viajaresvivir\/jardines-de-florencia\/","og_locale":"es_ES","og_type":"article","og_title":"Jardines de Florencia - Viajar es vivir","og_description":"Los jardines de Florencia son reductos de paz donde poder descansar por un rato del bullicio de la ciudad y descansar la mirada de tanto arte","og_url":"https:\/\/www.canariasviaja.com\/viajaresvivir\/jardines-de-florencia\/","og_site_name":"Viajar es vivir","article_published_time":"2023-01-18T19:02:26+00:00","article_modified_time":"2023-07-06T10:14:44+00:00","og_image":[{"width":1920,"height":1280,"url":"http:\/\/www.canariasviaja.com\/viajaresvivir\/wp-content\/uploads\/2023\/01\/clay-banks-Uvr33mRw7CM-unsplash.jpg","type":"image\/jpeg"}],"author":"Patri C\u00e1mpora","twitter_card":"summary_large_image","twitter_misc":{"Escrito por":"Patri C\u00e1mpora","Tiempo de lectura":"6 minutos"},"schema":{"@context":"https:\/\/schema.org","@graph":[{"@type":"WebPage","@id":"https:\/\/www.canariasviaja.com\/viajaresvivir\/jardines-de-florencia\/","url":"https:\/\/www.canariasviaja.com\/viajaresvivir\/jardines-de-florencia\/","name":"Jardines de Florencia - Viajar es vivir","isPartOf":{"@id":"https:\/\/www.canariasviaja.com\/viajaresvivir\/#website"},"primaryImageOfPage":{"@id":"https:\/\/www.canariasviaja.com\/viajaresvivir\/jardines-de-florencia\/#primaryimage"},"image":{"@id":"https:\/\/www.canariasviaja.com\/viajaresvivir\/jardines-de-florencia\/#primaryimage"},"thumbnailUrl":"https:\/\/www.canariasviaja.com\/viajaresvivir\/wp-content\/uploads\/2023\/01\/clay-banks-Uvr33mRw7CM-unsplash.jpg","datePublished":"2023-01-18T19:02:26+00:00","dateModified":"2023-07-06T10:14:44+00:00","author":{"@id":"https:\/\/www.canariasviaja.com\/viajaresvivir\/#\/schema\/person\/085949651001325f1244a8bc1b34709c"},"description":"Los jardines de Florencia son reductos de paz donde poder descansar por un rato del bullicio de la ciudad y descansar la mirada de tanto arte","breadcrumb":{"@id":"https:\/\/www.canariasviaja.com\/viajaresvivir\/jardines-de-florencia\/#breadcrumb"},"inLanguage":"es","potentialAction":[{"@type":"ReadAction","target":["https:\/\/www.canariasviaja.com\/viajaresvivir\/jardines-de-florencia\/"]}]},{"@type":"ImageObject","inLanguage":"es","@id":"https:\/\/www.canariasviaja.com\/viajaresvivir\/jardines-de-florencia\/#primaryimage","url":"https:\/\/www.canariasviaja.com\/viajaresvivir\/wp-content\/uploads\/2023\/01\/clay-banks-Uvr33mRw7CM-unsplash.jpg","contentUrl":"https:\/\/www.canariasviaja.com\/viajaresvivir\/wp-content\/uploads\/2023\/01\/clay-banks-Uvr33mRw7CM-unsplash.jpg","width":1920,"height":1280},{"@type":"BreadcrumbList","@id":"https:\/\/www.canariasviaja.com\/viajaresvivir\/jardines-de-florencia\/#breadcrumb","itemListElement":[{"@type":"ListItem","position":1,"name":"Portada","item":"https:\/\/www.canariasviaja.com\/viajaresvivir\/"},{"@type":"ListItem","position":2,"name":"Jardines de Florencia"}]},{"@type":"WebSite","@id":"https:\/\/www.canariasviaja.com\/viajaresvivir\/#website","url":"https:\/\/www.canariasviaja.com\/viajaresvivir\/","name":"Viajar es vivir","description":"El blog de viajes y estilo de vida de CanariasViaja","potentialAction":[{"@type":"SearchAction","target":{"@type":"EntryPoint","urlTemplate":"https:\/\/www.canariasviaja.com\/viajaresvivir\/?s={search_term_string}"},"query-input":{"@type":"PropertyValueSpecification","valueRequired":true,"valueName":"search_term_string"}}],"inLanguage":"es"},{"@type":"Person","@id":"https:\/\/www.canariasviaja.com\/viajaresvivir\/#\/schema\/person\/085949651001325f1244a8bc1b34709c","name":"Patri C\u00e1mpora","image":{"@type":"ImageObject","inLanguage":"es","@id":"https:\/\/www.canariasviaja.com\/viajaresvivir\/#\/schema\/person\/image\/","url":"https:\/\/secure.gravatar.com\/avatar\/b2ce2c4086a5776e5310f57c1a2e5b4e?s=96&d=mm&r=g","contentUrl":"https:\/\/secure.gravatar.com\/avatar\/b2ce2c4086a5776e5310f57c1a2e5b4e?s=96&d=mm&r=g","caption":"Patri C\u00e1mpora"},"url":"https:\/\/www.canariasviaja.com\/viajaresvivir\/author\/patri\/"}]}},"_links":{"self":[{"href":"https:\/\/www.canariasviaja.com\/viajaresvivir\/wp-json\/wp\/v2\/posts\/9984"}],"collection":[{"href":"https:\/\/www.canariasviaja.com\/viajaresvivir\/wp-json\/wp\/v2\/posts"}],"about":[{"href":"https:\/\/www.canariasviaja.com\/viajaresvivir\/wp-json\/wp\/v2\/types\/post"}],"author":[{"embeddable":true,"href":"https:\/\/www.canariasviaja.com\/viajaresvivir\/wp-json\/wp\/v2\/users\/2"}],"replies":[{"embeddable":true,"href":"https:\/\/www.canariasviaja.com\/viajaresvivir\/wp-json\/wp\/v2\/comments?post=9984"}],"version-history":[{"count":9,"href":"https:\/\/www.canariasviaja.com\/viajaresvivir\/wp-json\/wp\/v2\/posts\/9984\/revisions"}],"predecessor-version":[{"id":10638,"href":"https:\/\/www.canariasviaja.com\/viajaresvivir\/wp-json\/wp\/v2\/posts\/9984\/revisions\/10638"}],"wp:featuredmedia":[{"embeddable":true,"href":"https:\/\/www.canariasviaja.com\/viajaresvivir\/wp-json\/wp\/v2\/media\/10002"}],"wp:attachment":[{"href":"https:\/\/www.canariasviaja.com\/viajaresvivir\/wp-json\/wp\/v2\/media?parent=9984"}],"wp:term":[{"taxonomy":"category","embeddable":true,"href":"https:\/\/www.canariasviaja.com\/viajaresvivir\/wp-json\/wp\/v2\/categories?post=9984"},{"taxonomy":"post_tag","embeddable":true,"href":"https:\/\/www.canariasviaja.com\/viajaresvivir\/wp-json\/wp\/v2\/tags?post=9984"}],"curies":[{"name":"wp","href":"https:\/\/api.w.org\/{rel}","templated":true}]}}